{"id":10022,"date":"2015-05-05T21:14:11","date_gmt":"2015-05-05T18:14:11","guid":{"rendered":"https:\/\/aktialiiga.fi\/miehet\/?p=10022"},"modified":"2018-04-20T12:50:59","modified_gmt":"2018-04-20T09:50:59","slug":"atlas-vantaa-ja-hc-west-avaavat-pronssitaiston-keskiviikkona","status":"publish","type":"post","link":"https:\/\/aktialiiga.fi\/miehet\/2014-2015\/ennakot-2014-2015\/atlas-vantaa-ja-hc-west-avaavat-pronssitaiston-keskiviikkona\/","title":{"rendered":"Atlas Vantaa ja HC West avaavat pronssitaiston keskiviikkona"},"content":{"rendered":"<p>K\u00e4sipallon SM-liigan loppuhuipennus alkaa keskiviikkona 6.5. Myyrm\u00e4en Urheilutalossa, jossa Atlas Vantaa ja HC West aloittelevat oman osansa kev\u00e4\u00e4n mitalipeleist\u00e4.<\/p>\n<p>Atlas Vantaa ja HC West pelaavat kauden p\u00e4\u00e4tteeksi kaksiosaisen pronssiottelun, joiden voittaja m\u00e4\u00e4r\u00e4ytyy yhteismaalis\u00e4\u00e4nn\u00f6n perusteella. Atlas saa kunnian aloittaa kotonaan kun West paremman runkosarjasijoituksensa ansiosta sai n\u00e4in p\u00e4\u00e4tt\u00e4\u00e4.<\/p>\n<p>Edess\u00e4 on siis Atlas Vantaan kauden viimeinen kotiottelu ja yhdelle katsojalle on luvassa my\u00f6s palkinto. Joku sis\u00e4\u00e4n tulijoista on nimitt\u00e4in k\u00e4sipallokauden 50 000. katsoja, ja h\u00e4nelle K\u00e4sipalloliitto antaa jotain mukavaa.<\/p>\n<p>HC West on ollut kaksikosta aina hieman niskan p\u00e4\u00e4ll\u00e4, niin my\u00f6s t\u00e4m\u00e4nkin kauden otteluissa. Joukkueiden ensimm\u00e4inen kohtaaminen Energia Areenan TV-ottelussa p\u00e4\u00e4ttyi sekavien vaiheiden j\u00e4lkeen tasapeliin 20-20, vaikka Westill\u00e4 siin\u00e4kin ottelussa oli voiton avaimet taskussaan. Tammikuussa Luolassa Atlas haki vimmatusti ensimm\u00e4ist\u00e4 pistett\u00e4\u00e4n ikin\u00e4 Westin vieraana mutta kotijoukkue piti pintansa, kuten kaikissa 12:ssa aiemmassakin ottelussa, ja voitti 26-23. Viimeksi pelattiin Myyrm\u00e4en Urheilutalossa maaliskuussa ja tuolloin West ei antanut mahdollisuuksia kotijoukkueelle. 29-18 vierasvoitto kertoo jo numeroin ottelun kulusta kaiken.<\/p>\n<p>Pudotuspeleiss\u00e4 Atlas Vantaa ja West ovat kohdanneet vain kerran, 2012, ja silloin kyseess\u00e4 oli per\u00e4ti finaali. Vantaalaisten kaulaan ripustettiin hopeamitalit, mik\u00e4 on seuran miesten kovin saavutus p\u00e4\u00e4sarjassa.<\/p>\n<p>Kummallakin joukkueista oli omat hetkens\u00e4 v\u00e4lier\u00e4sarjoissaan mutta ennakkosuosikit veiv\u00e4t lopulta molemmat finaalipaikat. West ajoi Dickenin kahdesti aina jatkoajalle asti ja kolmannen pelin avauspuolikaskin kuljettiin tasatahtiin. Yksi huono puolituntinen pahaan paikkaan riitti lopulta numeroiden valossa tylyihin 0-3 lukemiin. Atlas Vantaan v\u00e4lier\u00e4sarja Cocksia vastaan oli kaksijakoinen. Vieraissa ei joukkueella juuri ollut sanan sijaa mutta kotihallissaan taistelu toi yhden voiton ja yhden tappion, joista j\u00e4lkimm\u00e4inen vasta jatkoer\u00e4n j\u00e4lkeen.<\/p>\n<p>Atlas Vantaa p\u00e4\u00e4si n\u00e4in hyv\u00e4\u00e4n vauhtiin v\u00e4lier\u00e4sarjassa Cocksia vastaan. Nyt v\u00e4liss\u00e4 on parin viikon tauko, jonka vaikutus on kysymysmerkki. P\u00e4\u00e4valmentaja Besim Qerimi piti taukoa hieman haitallisena, kun &#8221;viime viikolla intensiteetti harjoituksissa oli v\u00e4h\u00e4n huono&#8221;.<\/p>\n<p>Positiivista Atlas Vantaan kannalta on ainakin se, ett\u00e4 v\u00e4lieriss\u00e4 kolhuista k\u00e4rsineet Milos Maksimovic ja Kenneth \u00c5strand ovat t\u00e4ydess\u00e4 iskussa. Sen sijaan Nikko Kinoksen repaleinen kausi p\u00e4\u00e4ttyi ennenaikaisesti juuri mitalipelien kynnyksell\u00e4, kun kruunuksi tuli polven pieni t\u00e4hystysleikkaus.<\/p>\n<p>&#8211; Puolustuksessa meid\u00e4n on pelattavaa kovaa ja tarkasti ja hy\u00f6kk\u00e4yksiss\u00e4 on pidett\u00e4v\u00e4 et\u00e4isyytt\u00e4, Qerimi sanoo seuran verkkosivuilla<\/p>\n<p>Lis\u00e4ksi maalivahti Tuomas Laitiselta odotetaan viime aikojen kaltaisia otteita. H\u00e4n ja Dickenin kollega Patrik Roslander jakoivat huhtikuun t\u00e4htipelaajatittelin viidell\u00e4 merkinn\u00e4ll\u00e4. Westi\u00e4 Qerimi luonnehti &#8221;hyvin yhteen pelaavaksi ja mielenkiintoiseksi vastustajaksi&#8221;.<\/p>\n<p>Keskiviikon ottelu Myyrm\u00e4en Urheilutalolla alkaa kello 19.00. Toinen ja ratkaiseva pronssiottelu pelataan Kauniaisissa perjantaina 8.5.<\/p>\n","protected":false},"excerpt":{"rendered":"<p>K\u00e4sipallon SM-liigan loppuhuipennus alkaa keskiviikkona 6.5. Myyrm\u00e4en Urheilutalossa, jossa Atlas Vantaa ja HC West aloittelevat oman osansa kev\u00e4\u00e4n mitalipeleist\u00e4. Atlas Vantaa ja HC West pelaavat kauden p\u00e4\u00e4tteeksi kaksiosaisen pronssiottelun, joiden voittaja m\u00e4\u00e4r\u00e4ytyy yhteismaalis\u00e4\u00e4nn\u00f6n perusteella. Atlas saa kunnian aloittaa kotonaan kun West paremman runkosarjasijoituksensa ansiosta sai n\u00e4in p\u00e4\u00e4tt\u00e4\u00e4. Edess\u00e4 on siis Atlas Vantaan kauden viimeinen kotiottelu [&hellip;]<\/p>\n","protected":false},"author":13,"featured_media":9049,"comment_status":"closed","ping_status":"closed","sticky":false,"template":"","format":"standard","meta":{"_acf_changed":false,"jetpack_post_was_ever_published":false,"_jetpack_newsletter_access":"","_jetpack_dont_email_post_to_subs":false,"_jetpack_newsletter_tier_id":0,"_jetpack_memberships_contains_paywalled_content":false,"_jetpack_memberships_contains_paid_content":false,"footnotes":""},"categories":[41],"tags":[54,68],"class_list":["post-10022","post","type-post","status-publish","format-standard","has-post-thumbnail","hentry","category-ennakot-2014-2015","tag-atlas-vantaa","tag-hc-west"],"acf":[],"yoast_head":"<!-- This site is optimized with the Yoast SEO plugin v27.5 - https:\/\/yoast.com\/product\/yoast-seo-wordpress\/ -->\n<title>Atlas Vantaa ja HC West avaavat pronssitaiston keskiviikkona | K\u00e4sipallon miesten Aktialiiga<\/title>\n<meta name=\"robots\" content=\"index, follow, max-snippet:-1, max-image-preview:large, max-video-preview:-1\" \/>\n<link rel=\"canonical\" href=\"https:\/\/aktialiiga.fi\/miehet\/2014-2015\/ennakot-2014-2015\/atlas-vantaa-ja-hc-west-avaavat-pronssitaiston-keskiviikkona\/\" \/>\n<meta property=\"og:locale\" content=\"fi_FI\" \/>\n<meta property=\"og:type\" content=\"article\" \/>\n<meta property=\"og:title\" content=\"Atlas Vantaa ja HC West avaavat pronssitaiston keskiviikkona | K\u00e4sipallon miesten Aktialiiga\" \/>\n<meta property=\"og:description\" content=\"K\u00e4sipallon SM-liigan loppuhuipennus alkaa keskiviikkona 6.5. Myyrm\u00e4en Urheilutalossa, jossa Atlas Vantaa ja HC West aloittelevat oman osansa kev\u00e4\u00e4n mitalipeleist\u00e4. Atlas Vantaa ja HC West pelaavat kauden p\u00e4\u00e4tteeksi kaksiosaisen pronssiottelun, joiden voittaja m\u00e4\u00e4r\u00e4ytyy yhteismaalis\u00e4\u00e4nn\u00f6n perusteella. Atlas saa kunnian aloittaa kotonaan kun West paremman runkosarjasijoituksensa ansiosta sai n\u00e4in p\u00e4\u00e4tt\u00e4\u00e4. Edess\u00e4 on siis Atlas Vantaan kauden viimeinen kotiottelu [&hellip;]\" \/>\n<meta property=\"og:url\" content=\"https:\/\/aktialiiga.fi\/miehet\/2014-2015\/ennakot-2014-2015\/atlas-vantaa-ja-hc-west-avaavat-pronssitaiston-keskiviikkona\/\" \/>\n<meta property=\"og:site_name\" content=\"K\u00e4sipallon miesten Aktialiiga\" \/>\n<meta property=\"article:publisher\" content=\"https:\/\/www.facebook.com\/finnhandball\" \/>\n<meta property=\"article:published_time\" content=\"2015-05-05T18:14:11+00:00\" \/>\n<meta property=\"article:modified_time\" content=\"2018-04-20T09:50:59+00:00\" \/>\n<meta property=\"og:image\" content=\"https:\/\/i0.wp.com\/aktialiiga.fi\/miehet\/wp-content\/uploads\/sites\/5\/2014\/11\/Atlas_timeout_1415.jpg?fit=640%2C361&ssl=1\" \/>\n\t<meta property=\"og:image:width\" content=\"640\" \/>\n\t<meta property=\"og:image:height\" content=\"361\" \/>\n\t<meta property=\"og:image:type\" content=\"image\/jpeg\" \/>\n<meta name=\"author\" content=\"tbrmedia\" \/>\n<meta name=\"twitter:card\" content=\"summary_large_image\" \/>\n<meta name=\"twitter:creator\" content=\"@finnhandball\" \/>\n<meta name=\"twitter:site\" content=\"@finnhandball\" \/>\n<script type=\"application\/ld+json\" class=\"yoast-schema-graph\">{\"@context\":\"https:\\\/\\\/schema.org\",\"@graph\":[{\"@type\":\"Article\",\"@id\":\"https:\\\/\\\/aktialiiga.fi\\\/miehet\\\/2014-2015\\\/ennakot-2014-2015\\\/atlas-vantaa-ja-hc-west-avaavat-pronssitaiston-keskiviikkona\\\/#article\",\"isPartOf\":{\"@id\":\"https:\\\/\\\/aktialiiga.fi\\\/miehet\\\/2014-2015\\\/ennakot-2014-2015\\\/atlas-vantaa-ja-hc-west-avaavat-pronssitaiston-keskiviikkona\\\/\"},\"author\":{\"name\":\"tbrmedia\",\"@id\":\"https:\\\/\\\/aktialiiga.fi\\\/miehet\\\/#\\\/schema\\\/person\\\/c14bf42f47041db74603c45afcb18d87\"},\"headline\":\"Atlas Vantaa ja HC West avaavat pronssitaiston keskiviikkona\",\"datePublished\":\"2015-05-05T18:14:11+00:00\",\"dateModified\":\"2018-04-20T09:50:59+00:00\",\"mainEntityOfPage\":{\"@id\":\"https:\\\/\\\/aktialiiga.fi\\\/miehet\\\/2014-2015\\\/ennakot-2014-2015\\\/atlas-vantaa-ja-hc-west-avaavat-pronssitaiston-keskiviikkona\\\/\"},\"wordCount\":440,\"publisher\":{\"@id\":\"https:\\\/\\\/aktialiiga.fi\\\/miehet\\\/#organization\"},\"image\":{\"@id\":\"https:\\\/\\\/aktialiiga.fi\\\/miehet\\\/2014-2015\\\/ennakot-2014-2015\\\/atlas-vantaa-ja-hc-west-avaavat-pronssitaiston-keskiviikkona\\\/#primaryimage\"},\"thumbnailUrl\":\"https:\\\/\\\/i0.wp.com\\\/aktialiiga.fi\\\/miehet\\\/wp-content\\\/uploads\\\/sites\\\/5\\\/2014\\\/11\\\/Atlas_timeout_1415.jpg?fit=640%2C361&ssl=1\",\"keywords\":[\"Atlas Vantaa\",\"HC West\"],\"articleSection\":[\"Ennakot\"],\"inLanguage\":\"fi\"},{\"@type\":\"WebPage\",\"@id\":\"https:\\\/\\\/aktialiiga.fi\\\/miehet\\\/2014-2015\\\/ennakot-2014-2015\\\/atlas-vantaa-ja-hc-west-avaavat-pronssitaiston-keskiviikkona\\\/\",\"url\":\"https:\\\/\\\/aktialiiga.fi\\\/miehet\\\/2014-2015\\\/ennakot-2014-2015\\\/atlas-vantaa-ja-hc-west-avaavat-pronssitaiston-keskiviikkona\\\/\",\"name\":\"Atlas Vantaa ja HC West avaavat pronssitaiston keskiviikkona | K\u00e4sipallon miesten Aktialiiga\",\"isPartOf\":{\"@id\":\"https:\\\/\\\/aktialiiga.fi\\\/miehet\\\/#website\"},\"primaryImageOfPage\":{\"@id\":\"https:\\\/\\\/aktialiiga.fi\\\/miehet\\\/2014-2015\\\/ennakot-2014-2015\\\/atlas-vantaa-ja-hc-west-avaavat-pronssitaiston-keskiviikkona\\\/#primaryimage\"},\"image\":{\"@id\":\"https:\\\/\\\/aktialiiga.fi\\\/miehet\\\/2014-2015\\\/ennakot-2014-2015\\\/atlas-vantaa-ja-hc-west-avaavat-pronssitaiston-keskiviikkona\\\/#primaryimage\"},\"thumbnailUrl\":\"https:\\\/\\\/i0.wp.com\\\/aktialiiga.fi\\\/miehet\\\/wp-content\\\/uploads\\\/sites\\\/5\\\/2014\\\/11\\\/Atlas_timeout_1415.jpg?fit=640%2C361&ssl=1\",\"datePublished\":\"2015-05-05T18:14:11+00:00\",\"dateModified\":\"2018-04-20T09:50:59+00:00\",\"breadcrumb\":{\"@id\":\"https:\\\/\\\/aktialiiga.fi\\\/miehet\\\/2014-2015\\\/ennakot-2014-2015\\\/atlas-vantaa-ja-hc-west-avaavat-pronssitaiston-keskiviikkona\\\/#breadcrumb\"},\"inLanguage\":\"fi\",\"potentialAction\":[{\"@type\":\"ReadAction\",\"target\":[\"https:\\\/\\\/aktialiiga.fi\\\/miehet\\\/2014-2015\\\/ennakot-2014-2015\\\/atlas-vantaa-ja-hc-west-avaavat-pronssitaiston-keskiviikkona\\\/\"]}]},{\"@type\":\"ImageObject\",\"inLanguage\":\"fi\",\"@id\":\"https:\\\/\\\/aktialiiga.fi\\\/miehet\\\/2014-2015\\\/ennakot-2014-2015\\\/atlas-vantaa-ja-hc-west-avaavat-pronssitaiston-keskiviikkona\\\/#primaryimage\",\"url\":\"https:\\\/\\\/i0.wp.com\\\/aktialiiga.fi\\\/miehet\\\/wp-content\\\/uploads\\\/sites\\\/5\\\/2014\\\/11\\\/Atlas_timeout_1415.jpg?fit=640%2C361&ssl=1\",\"contentUrl\":\"https:\\\/\\\/i0.wp.com\\\/aktialiiga.fi\\\/miehet\\\/wp-content\\\/uploads\\\/sites\\\/5\\\/2014\\\/11\\\/Atlas_timeout_1415.jpg?fit=640%2C361&ssl=1\",\"width\":640,\"height\":361},{\"@type\":\"BreadcrumbList\",\"@id\":\"https:\\\/\\\/aktialiiga.fi\\\/miehet\\\/2014-2015\\\/ennakot-2014-2015\\\/atlas-vantaa-ja-hc-west-avaavat-pronssitaiston-keskiviikkona\\\/#breadcrumb\",\"itemListElement\":[{\"@type\":\"ListItem\",\"position\":1,\"name\":\"Etusivu\",\"item\":\"https:\\\/\\\/aktialiiga.fi\\\/miehet\\\/\"},{\"@type\":\"ListItem\",\"position\":2,\"name\":\"Atlas Vantaa ja HC West avaavat pronssitaiston keskiviikkona\"}]},{\"@type\":\"WebSite\",\"@id\":\"https:\\\/\\\/aktialiiga.fi\\\/miehet\\\/#website\",\"url\":\"https:\\\/\\\/aktialiiga.fi\\\/miehet\\\/\",\"name\":\"K\u00e4sipallon miesten Aktialiiga\",\"description\":\"Valtakunnan vauhdikkainta palloilua!\",\"publisher\":{\"@id\":\"https:\\\/\\\/aktialiiga.fi\\\/miehet\\\/#organization\"},\"potentialAction\":[{\"@type\":\"SearchAction\",\"target\":{\"@type\":\"EntryPoint\",\"urlTemplate\":\"https:\\\/\\\/aktialiiga.fi\\\/miehet\\\/?s={search_term_string}\"},\"query-input\":{\"@type\":\"PropertyValueSpecification\",\"valueRequired\":true,\"valueName\":\"search_term_string\"}}],\"inLanguage\":\"fi\"},{\"@type\":\"Organization\",\"@id\":\"https:\\\/\\\/aktialiiga.fi\\\/miehet\\\/#organization\",\"name\":\"K\u00e4sipallon miesten Aktialiiga\",\"url\":\"https:\\\/\\\/aktialiiga.fi\\\/miehet\\\/\",\"logo\":{\"@type\":\"ImageObject\",\"inLanguage\":\"fi\",\"@id\":\"https:\\\/\\\/aktialiiga.fi\\\/miehet\\\/#\\\/schema\\\/logo\\\/image\\\/\",\"url\":\"https:\\\/\\\/i0.wp.com\\\/aktialiiga.fi\\\/miehet\\\/wp-content\\\/uploads\\\/sites\\\/5\\\/2024\\\/09\\\/Aktialiiga-Yoast-512.png?fit=512%2C512&ssl=1\",\"contentUrl\":\"https:\\\/\\\/i0.wp.com\\\/aktialiiga.fi\\\/miehet\\\/wp-content\\\/uploads\\\/sites\\\/5\\\/2024\\\/09\\\/Aktialiiga-Yoast-512.png?fit=512%2C512&ssl=1\",\"width\":512,\"height\":512,\"caption\":\"K\u00e4sipallon miesten Aktialiiga\"},\"image\":{\"@id\":\"https:\\\/\\\/aktialiiga.fi\\\/miehet\\\/#\\\/schema\\\/logo\\\/image\\\/\"},\"sameAs\":[\"https:\\\/\\\/www.facebook.com\\\/finnhandball\",\"https:\\\/\\\/x.com\\\/finnhandball\",\"https:\\\/\\\/www.instagram.com\\\/handballfinland\\\/\"]},{\"@type\":\"Person\",\"@id\":\"https:\\\/\\\/aktialiiga.fi\\\/miehet\\\/#\\\/schema\\\/person\\\/c14bf42f47041db74603c45afcb18d87\",\"name\":\"tbrmedia\",\"image\":{\"@type\":\"ImageObject\",\"inLanguage\":\"fi\",\"@id\":\"https:\\\/\\\/secure.gravatar.com\\\/avatar\\\/ee975fa091fe581d12b60debb3439022686618368a7c142044c56724d4666b16?s=96&d=mm&r=g\",\"url\":\"https:\\\/\\\/secure.gravatar.com\\\/avatar\\\/ee975fa091fe581d12b60debb3439022686618368a7c142044c56724d4666b16?s=96&d=mm&r=g\",\"contentUrl\":\"https:\\\/\\\/secure.gravatar.com\\\/avatar\\\/ee975fa091fe581d12b60debb3439022686618368a7c142044c56724d4666b16?s=96&d=mm&r=g\",\"caption\":\"tbrmedia\"}}]}<\/script>\n<!-- \/ Yoast SEO plugin. -->","yoast_head_json":{"title":"Atlas Vantaa ja HC West avaavat pronssitaiston keskiviikkona | K\u00e4sipallon miesten Aktialiiga","robots":{"index":"index","follow":"follow","max-snippet":"max-snippet:-1","max-image-preview":"max-image-preview:large","max-video-preview":"max-video-preview:-1"},"canonical":"https:\/\/aktialiiga.fi\/miehet\/2014-2015\/ennakot-2014-2015\/atlas-vantaa-ja-hc-west-avaavat-pronssitaiston-keskiviikkona\/","og_locale":"fi_FI","og_type":"article","og_title":"Atlas Vantaa ja HC West avaavat pronssitaiston keskiviikkona | K\u00e4sipallon miesten Aktialiiga","og_description":"K\u00e4sipallon SM-liigan loppuhuipennus alkaa keskiviikkona 6.5. Myyrm\u00e4en Urheilutalossa, jossa Atlas Vantaa ja HC West aloittelevat oman osansa kev\u00e4\u00e4n mitalipeleist\u00e4. Atlas Vantaa ja HC West pelaavat kauden p\u00e4\u00e4tteeksi kaksiosaisen pronssiottelun, joiden voittaja m\u00e4\u00e4r\u00e4ytyy yhteismaalis\u00e4\u00e4nn\u00f6n perusteella. Atlas saa kunnian aloittaa kotonaan kun West paremman runkosarjasijoituksensa ansiosta sai n\u00e4in p\u00e4\u00e4tt\u00e4\u00e4. Edess\u00e4 on siis Atlas Vantaan kauden viimeinen kotiottelu [&hellip;]","og_url":"https:\/\/aktialiiga.fi\/miehet\/2014-2015\/ennakot-2014-2015\/atlas-vantaa-ja-hc-west-avaavat-pronssitaiston-keskiviikkona\/","og_site_name":"K\u00e4sipallon miesten Aktialiiga","article_publisher":"https:\/\/www.facebook.com\/finnhandball","article_published_time":"2015-05-05T18:14:11+00:00","article_modified_time":"2018-04-20T09:50:59+00:00","og_image":[{"width":640,"height":361,"url":"https:\/\/i0.wp.com\/aktialiiga.fi\/miehet\/wp-content\/uploads\/sites\/5\/2014\/11\/Atlas_timeout_1415.jpg?fit=640%2C361&ssl=1","type":"image\/jpeg"}],"author":"tbrmedia","twitter_card":"summary_large_image","twitter_creator":"@finnhandball","twitter_site":"@finnhandball","schema":{"@context":"https:\/\/schema.org","@graph":[{"@type":"Article","@id":"https:\/\/aktialiiga.fi\/miehet\/2014-2015\/ennakot-2014-2015\/atlas-vantaa-ja-hc-west-avaavat-pronssitaiston-keskiviikkona\/#article","isPartOf":{"@id":"https:\/\/aktialiiga.fi\/miehet\/2014-2015\/ennakot-2014-2015\/atlas-vantaa-ja-hc-west-avaavat-pronssitaiston-keskiviikkona\/"},"author":{"name":"tbrmedia","@id":"https:\/\/aktialiiga.fi\/miehet\/#\/schema\/person\/c14bf42f47041db74603c45afcb18d87"},"headline":"Atlas Vantaa ja HC West avaavat pronssitaiston keskiviikkona","datePublished":"2015-05-05T18:14:11+00:00","dateModified":"2018-04-20T09:50:59+00:00","mainEntityOfPage":{"@id":"https:\/\/aktialiiga.fi\/miehet\/2014-2015\/ennakot-2014-2015\/atlas-vantaa-ja-hc-west-avaavat-pronssitaiston-keskiviikkona\/"},"wordCount":440,"publisher":{"@id":"https:\/\/aktialiiga.fi\/miehet\/#organization"},"image":{"@id":"https:\/\/aktialiiga.fi\/miehet\/2014-2015\/ennakot-2014-2015\/atlas-vantaa-ja-hc-west-avaavat-pronssitaiston-keskiviikkona\/#primaryimage"},"thumbnailUrl":"https:\/\/i0.wp.com\/aktialiiga.fi\/miehet\/wp-content\/uploads\/sites\/5\/2014\/11\/Atlas_timeout_1415.jpg?fit=640%2C361&ssl=1","keywords":["Atlas Vantaa","HC West"],"articleSection":["Ennakot"],"inLanguage":"fi"},{"@type":"WebPage","@id":"https:\/\/aktialiiga.fi\/miehet\/2014-2015\/ennakot-2014-2015\/atlas-vantaa-ja-hc-west-avaavat-pronssitaiston-keskiviikkona\/","url":"https:\/\/aktialiiga.fi\/miehet\/2014-2015\/ennakot-2014-2015\/atlas-vantaa-ja-hc-west-avaavat-pronssitaiston-keskiviikkona\/","name":"Atlas Vantaa ja HC West avaavat pronssitaiston keskiviikkona | K\u00e4sipallon miesten Aktialiiga","isPartOf":{"@id":"https:\/\/aktialiiga.fi\/miehet\/#website"},"primaryImageOfPage":{"@id":"https:\/\/aktialiiga.fi\/miehet\/2014-2015\/ennakot-2014-2015\/atlas-vantaa-ja-hc-west-avaavat-pronssitaiston-keskiviikkona\/#primaryimage"},"image":{"@id":"https:\/\/aktialiiga.fi\/miehet\/2014-2015\/ennakot-2014-2015\/atlas-vantaa-ja-hc-west-avaavat-pronssitaiston-keskiviikkona\/#primaryimage"},"thumbnailUrl":"https:\/\/i0.wp.com\/aktialiiga.fi\/miehet\/wp-content\/uploads\/sites\/5\/2014\/11\/Atlas_timeout_1415.jpg?fit=640%2C361&ssl=1","datePublished":"2015-05-05T18:14:11+00:00","dateModified":"2018-04-20T09:50:59+00:00","breadcrumb":{"@id":"https:\/\/aktialiiga.fi\/miehet\/2014-2015\/ennakot-2014-2015\/atlas-vantaa-ja-hc-west-avaavat-pronssitaiston-keskiviikkona\/#breadcrumb"},"inLanguage":"fi","potentialAction":[{"@type":"ReadAction","target":["https:\/\/aktialiiga.fi\/miehet\/2014-2015\/ennakot-2014-2015\/atlas-vantaa-ja-hc-west-avaavat-pronssitaiston-keskiviikkona\/"]}]},{"@type":"ImageObject","inLanguage":"fi","@id":"https:\/\/aktialiiga.fi\/miehet\/2014-2015\/ennakot-2014-2015\/atlas-vantaa-ja-hc-west-avaavat-pronssitaiston-keskiviikkona\/#primaryimage","url":"https:\/\/i0.wp.com\/aktialiiga.fi\/miehet\/wp-content\/uploads\/sites\/5\/2014\/11\/Atlas_timeout_1415.jpg?fit=640%2C361&ssl=1","contentUrl":"https:\/\/i0.wp.com\/aktialiiga.fi\/miehet\/wp-content\/uploads\/sites\/5\/2014\/11\/Atlas_timeout_1415.jpg?fit=640%2C361&ssl=1","width":640,"height":361},{"@type":"BreadcrumbList","@id":"https:\/\/aktialiiga.fi\/miehet\/2014-2015\/ennakot-2014-2015\/atlas-vantaa-ja-hc-west-avaavat-pronssitaiston-keskiviikkona\/#breadcrumb","itemListElement":[{"@type":"ListItem","position":1,"name":"Etusivu","item":"https:\/\/aktialiiga.fi\/miehet\/"},{"@type":"ListItem","position":2,"name":"Atlas Vantaa ja HC West avaavat pronssitaiston keskiviikkona"}]},{"@type":"WebSite","@id":"https:\/\/aktialiiga.fi\/miehet\/#website","url":"https:\/\/aktialiiga.fi\/miehet\/","name":"K\u00e4sipallon miesten Aktialiiga","description":"Valtakunnan vauhdikkainta palloilua!","publisher":{"@id":"https:\/\/aktialiiga.fi\/miehet\/#organization"},"potentialAction":[{"@type":"SearchAction","target":{"@type":"EntryPoint","urlTemplate":"https:\/\/aktialiiga.fi\/miehet\/?s={search_term_string}"},"query-input":{"@type":"PropertyValueSpecification","valueRequired":true,"valueName":"search_term_string"}}],"inLanguage":"fi"},{"@type":"Organization","@id":"https:\/\/aktialiiga.fi\/miehet\/#organization","name":"K\u00e4sipallon miesten Aktialiiga","url":"https:\/\/aktialiiga.fi\/miehet\/","logo":{"@type":"ImageObject","inLanguage":"fi","@id":"https:\/\/aktialiiga.fi\/miehet\/#\/schema\/logo\/image\/","url":"https:\/\/i0.wp.com\/aktialiiga.fi\/miehet\/wp-content\/uploads\/sites\/5\/2024\/09\/Aktialiiga-Yoast-512.png?fit=512%2C512&ssl=1","contentUrl":"https:\/\/i0.wp.com\/aktialiiga.fi\/miehet\/wp-content\/uploads\/sites\/5\/2024\/09\/Aktialiiga-Yoast-512.png?fit=512%2C512&ssl=1","width":512,"height":512,"caption":"K\u00e4sipallon miesten Aktialiiga"},"image":{"@id":"https:\/\/aktialiiga.fi\/miehet\/#\/schema\/logo\/image\/"},"sameAs":["https:\/\/www.facebook.com\/finnhandball","https:\/\/x.com\/finnhandball","https:\/\/www.instagram.com\/handballfinland\/"]},{"@type":"Person","@id":"https:\/\/aktialiiga.fi\/miehet\/#\/schema\/person\/c14bf42f47041db74603c45afcb18d87","name":"tbrmedia","image":{"@type":"ImageObject","inLanguage":"fi","@id":"https:\/\/secure.gravatar.com\/avatar\/ee975fa091fe581d12b60debb3439022686618368a7c142044c56724d4666b16?s=96&d=mm&r=g","url":"https:\/\/secure.gravatar.com\/avatar\/ee975fa091fe581d12b60debb3439022686618368a7c142044c56724d4666b16?s=96&d=mm&r=g","contentUrl":"https:\/\/secure.gravatar.com\/avatar\/ee975fa091fe581d12b60debb3439022686618368a7c142044c56724d4666b16?s=96&d=mm&r=g","caption":"tbrmedia"}}]}},"jetpack_featured_media_url":"https:\/\/i0.wp.com\/aktialiiga.fi\/miehet\/wp-content\/uploads\/sites\/5\/2014\/11\/Atlas_timeout_1415.jpg?fit=640%2C361&ssl=1","jetpack_sharing_enabled":true,"jetpack_shortlink":"https:\/\/wp.me\/pfTxOr-2BE","_links":{"self":[{"href":"https:\/\/aktialiiga.fi\/miehet\/wp-json\/wp\/v2\/posts\/10022","targetHints":{"allow":["GET"]}}],"collection":[{"href":"https:\/\/aktialiiga.fi\/miehet\/wp-json\/wp\/v2\/posts"}],"about":[{"href":"https:\/\/aktialiiga.fi\/miehet\/wp-json\/wp\/v2\/types\/post"}],"author":[{"embeddable":true,"href":"https:\/\/aktialiiga.fi\/miehet\/wp-json\/wp\/v2\/users\/13"}],"replies":[{"embeddable":true,"href":"https:\/\/aktialiiga.fi\/miehet\/wp-json\/wp\/v2\/comments?post=10022"}],"version-history":[{"count":0,"href":"https:\/\/aktialiiga.fi\/miehet\/wp-json\/wp\/v2\/posts\/10022\/revisions"}],"wp:featuredmedia":[{"embeddable":true,"href":"https:\/\/aktialiiga.fi\/miehet\/wp-json\/wp\/v2\/media\/9049"}],"wp:attachment":[{"href":"https:\/\/aktialiiga.fi\/miehet\/wp-json\/wp\/v2\/media?parent=10022"}],"wp:term":[{"taxonomy":"category","embeddable":true,"href":"https:\/\/aktialiiga.fi\/miehet\/wp-json\/wp\/v2\/categories?post=10022"},{"taxonomy":"post_tag","embeddable":true,"href":"https:\/\/aktialiiga.fi\/miehet\/wp-json\/wp\/v2\/tags?post=10022"}],"curies":[{"name":"wp","href":"https:\/\/api.w.org\/{rel}","templated":true}]}}