{"id":10117,"date":"2015-05-18T16:33:26","date_gmt":"2015-05-18T13:33:26","guid":{"rendered":"https:\/\/aktialiiga.fi\/miehet\/?p=10117"},"modified":"2018-04-20T12:50:54","modified_gmt":"2018-04-20T09:50:54","slug":"kaj-kekki-miesten-maajoukkueen-perasimeen","status":"publish","type":"post","link":"https:\/\/aktialiiga.fi\/miehet\/ajankohtaista\/kaj-kekki-miesten-maajoukkueen-perasimeen\/","title":{"rendered":"Kaj Kekki miesten maajoukkueen per\u00e4simeen"},"content":{"rendered":"<p>Pitk\u00e4n linjan k\u00e4sipallomies ja mestarijoukkue Cocksin p\u00e4\u00e4valmentaja Kaj Kekki on valittu miesten k\u00e4sipallomaajoukkueen uudeksi p\u00e4\u00e4valmentajaksi.<\/p>\n<p>&#8211; Otan haasteellisen teht\u00e4v\u00e4n vastaan eritt\u00e4in hyvill\u00e4 mielin. T\u00e4t\u00e4 ty\u00f6t\u00e4 tehd\u00e4\u00e4n isolla syd\u00e4mell\u00e4, Kekki sanoo.<\/p>\n<p>Kekin kilpailukalenteriin on karttunut vuosien aikana valmentajana 1378 ottelua, joista 409 kansainv\u00e4lisi\u00e4. Takana on my\u00f6s 219 maaottelua, mik\u00e4 on Kekin sanojen mukaan \u201dyhdelle miehelle paljon\u201d.<\/p>\n<p>&#8211; Kun tammikuussa 2013 valmensin viimeisen nuorten maaotteluni P92-joukkueen per\u00e4simess\u00e4 It\u00e4valtaa vastaan, oli t\u00e4ysin selv\u00e4\u00e4, ett\u00e4 ty\u00f6ni on tehty sill\u00e4 saralla. Kun p\u00e4\u00e4valmentajan teht\u00e4v\u00e4\u00e4n sitten tuli mahdollisuus, p\u00e4\u00e4tin ottaa tarjotun haasteen vastaan, viime vuosina Cocksin menestyksekk\u00e4\u00e4n\u00e4 valmentajana toiminut Kekki kertoo.<\/p>\n<p>P\u00e4\u00e4t\u00f6ksen teki helpoksi sekin, ett\u00e4 maajoukkue on k\u00e4yt\u00e4nn\u00f6ss\u00e4 t\u00e4ynn\u00e4 pelaajia, jotka Kekki on vienyt l\u00e4pi nuorten maajoukkueputken. Esimerkkin\u00e4 h\u00e4n mainitsee maajoukkueen kapteenin, Miro Koljosen, joka pelasi Kekin joukkueissa P90 ja P92 yli 100 nuorten maaottelua.<\/p>\n<p>Lis\u00e4\u00e4 aiheesta K\u00e4sipalloliiton <a href=\"https:\/\/finnhandball.net\/tiedotteet\/kaj-kekki-miesten-maajoukkueen-uusi-paavalmentaja-1-7-2015-alkaen\/\" target=\"_blank\">p\u00e4\u00e4sivulla<\/a>.<\/p>\n","protected":false},"excerpt":{"rendered":"<p>Pitk\u00e4n linjan k\u00e4sipallomies ja mestarijoukkue Cocksin p\u00e4\u00e4valmentaja Kaj Kekki on valittu miesten k\u00e4sipallomaajoukkueen uudeksi p\u00e4\u00e4valmentajaksi. &#8211; Otan haasteellisen teht\u00e4v\u00e4n vastaan eritt\u00e4in hyvill\u00e4 mielin. T\u00e4t\u00e4 ty\u00f6t\u00e4 tehd\u00e4\u00e4n isolla syd\u00e4mell\u00e4, Kekki sanoo. Kekin kilpailukalenteriin on karttunut vuosien aikana valmentajana 1378 ottelua, joista 409 kansainv\u00e4lisi\u00e4. Takana on my\u00f6s 219 maaottelua, mik\u00e4 on Kekin sanojen mukaan \u201dyhdelle miehelle paljon\u201d. [&hellip;]<\/p>\n","protected":false},"author":13,"featured_media":9635,"comment_status":"closed","ping_status":"closed","sticky":false,"template":"","format":"standard","meta":{"_acf_changed":false,"jetpack_post_was_ever_published":false,"_jetpack_newsletter_access":"","_jetpack_dont_email_post_to_subs":false,"_jetpack_newsletter_tier_id":0,"_jetpack_memberships_contains_paywalled_content":false,"_jetpack_memberships_contains_paid_content":false,"footnotes":""},"categories":[2],"tags":[90],"class_list":["post-10117","post","type-post","status-publish","format-standard","has-post-thumbnail","hentry","category-ajankohtaista","tag-maajoukkue"],"acf":[],"yoast_head":"<!-- This site is optimized with the Yoast SEO plugin v27.5 - https:\/\/yoast.com\/product\/yoast-seo-wordpress\/ -->\n<title>Kaj Kekki miesten maajoukkueen per\u00e4simeen | K\u00e4sipallon miesten Aktialiiga<\/title>\n<meta name=\"robots\" content=\"index, follow, max-snippet:-1, max-image-preview:large, max-video-preview:-1\" \/>\n<link rel=\"canonical\" href=\"https:\/\/aktialiiga.fi\/miehet\/ajankohtaista\/kaj-kekki-miesten-maajoukkueen-perasimeen\/\" \/>\n<meta property=\"og:locale\" content=\"fi_FI\" \/>\n<meta property=\"og:type\" content=\"article\" \/>\n<meta property=\"og:title\" content=\"Kaj Kekki miesten maajoukkueen per\u00e4simeen | K\u00e4sipallon miesten Aktialiiga\" \/>\n<meta property=\"og:description\" content=\"Pitk\u00e4n linjan k\u00e4sipallomies ja mestarijoukkue Cocksin p\u00e4\u00e4valmentaja Kaj Kekki on valittu miesten k\u00e4sipallomaajoukkueen uudeksi p\u00e4\u00e4valmentajaksi. &#8211; Otan haasteellisen teht\u00e4v\u00e4n vastaan eritt\u00e4in hyvill\u00e4 mielin. T\u00e4t\u00e4 ty\u00f6t\u00e4 tehd\u00e4\u00e4n isolla syd\u00e4mell\u00e4, Kekki sanoo. Kekin kilpailukalenteriin on karttunut vuosien aikana valmentajana 1378 ottelua, joista 409 kansainv\u00e4lisi\u00e4. Takana on my\u00f6s 219 maaottelua, mik\u00e4 on Kekin sanojen mukaan \u201dyhdelle miehelle paljon\u201d. [&hellip;]\" \/>\n<meta property=\"og:url\" content=\"https:\/\/aktialiiga.fi\/miehet\/ajankohtaista\/kaj-kekki-miesten-maajoukkueen-perasimeen\/\" \/>\n<meta property=\"og:site_name\" content=\"K\u00e4sipallon miesten Aktialiiga\" \/>\n<meta property=\"article:publisher\" content=\"https:\/\/www.facebook.com\/finnhandball\" \/>\n<meta property=\"article:published_time\" content=\"2015-05-18T13:33:26+00:00\" \/>\n<meta property=\"article:modified_time\" content=\"2018-04-20T09:50:54+00:00\" \/>\n<meta property=\"og:image\" content=\"https:\/\/i0.wp.com\/aktialiiga.fi\/miehet\/wp-content\/uploads\/sites\/5\/2015\/02\/Cocks_Kekki_Kaj_1415.jpg?fit=640%2C361&ssl=1\" \/>\n\t<meta property=\"og:image:width\" content=\"640\" \/>\n\t<meta property=\"og:image:height\" content=\"361\" \/>\n\t<meta property=\"og:image:type\" content=\"image\/jpeg\" \/>\n<meta name=\"author\" content=\"tbrmedia\" \/>\n<meta name=\"twitter:card\" content=\"summary_large_image\" \/>\n<meta name=\"twitter:creator\" content=\"@finnhandball\" \/>\n<meta name=\"twitter:site\" content=\"@finnhandball\" \/>\n<script type=\"application\/ld+json\" class=\"yoast-schema-graph\">{\"@context\":\"https:\\\/\\\/schema.org\",\"@graph\":[{\"@type\":\"Article\",\"@id\":\"https:\\\/\\\/aktialiiga.fi\\\/miehet\\\/ajankohtaista\\\/kaj-kekki-miesten-maajoukkueen-perasimeen\\\/#article\",\"isPartOf\":{\"@id\":\"https:\\\/\\\/aktialiiga.fi\\\/miehet\\\/ajankohtaista\\\/kaj-kekki-miesten-maajoukkueen-perasimeen\\\/\"},\"author\":{\"name\":\"tbrmedia\",\"@id\":\"https:\\\/\\\/aktialiiga.fi\\\/miehet\\\/#\\\/schema\\\/person\\\/c14bf42f47041db74603c45afcb18d87\"},\"headline\":\"Kaj Kekki miesten maajoukkueen per\u00e4simeen\",\"datePublished\":\"2015-05-18T13:33:26+00:00\",\"dateModified\":\"2018-04-20T09:50:54+00:00\",\"mainEntityOfPage\":{\"@id\":\"https:\\\/\\\/aktialiiga.fi\\\/miehet\\\/ajankohtaista\\\/kaj-kekki-miesten-maajoukkueen-perasimeen\\\/\"},\"wordCount\":169,\"publisher\":{\"@id\":\"https:\\\/\\\/aktialiiga.fi\\\/miehet\\\/#organization\"},\"image\":{\"@id\":\"https:\\\/\\\/aktialiiga.fi\\\/miehet\\\/ajankohtaista\\\/kaj-kekki-miesten-maajoukkueen-perasimeen\\\/#primaryimage\"},\"thumbnailUrl\":\"https:\\\/\\\/i0.wp.com\\\/aktialiiga.fi\\\/miehet\\\/wp-content\\\/uploads\\\/sites\\\/5\\\/2015\\\/02\\\/Cocks_Kekki_Kaj_1415.jpg?fit=640%2C361&ssl=1\",\"keywords\":[\"maajoukkue\"],\"articleSection\":[\"Ajankohtaista\"],\"inLanguage\":\"fi\"},{\"@type\":\"WebPage\",\"@id\":\"https:\\\/\\\/aktialiiga.fi\\\/miehet\\\/ajankohtaista\\\/kaj-kekki-miesten-maajoukkueen-perasimeen\\\/\",\"url\":\"https:\\\/\\\/aktialiiga.fi\\\/miehet\\\/ajankohtaista\\\/kaj-kekki-miesten-maajoukkueen-perasimeen\\\/\",\"name\":\"Kaj Kekki miesten maajoukkueen per\u00e4simeen | K\u00e4sipallon miesten Aktialiiga\",\"isPartOf\":{\"@id\":\"https:\\\/\\\/aktialiiga.fi\\\/miehet\\\/#website\"},\"primaryImageOfPage\":{\"@id\":\"https:\\\/\\\/aktialiiga.fi\\\/miehet\\\/ajankohtaista\\\/kaj-kekki-miesten-maajoukkueen-perasimeen\\\/#primaryimage\"},\"image\":{\"@id\":\"https:\\\/\\\/aktialiiga.fi\\\/miehet\\\/ajankohtaista\\\/kaj-kekki-miesten-maajoukkueen-perasimeen\\\/#primaryimage\"},\"thumbnailUrl\":\"https:\\\/\\\/i0.wp.com\\\/aktialiiga.fi\\\/miehet\\\/wp-content\\\/uploads\\\/sites\\\/5\\\/2015\\\/02\\\/Cocks_Kekki_Kaj_1415.jpg?fit=640%2C361&ssl=1\",\"datePublished\":\"2015-05-18T13:33:26+00:00\",\"dateModified\":\"2018-04-20T09:50:54+00:00\",\"breadcrumb\":{\"@id\":\"https:\\\/\\\/aktialiiga.fi\\\/miehet\\\/ajankohtaista\\\/kaj-kekki-miesten-maajoukkueen-perasimeen\\\/#breadcrumb\"},\"inLanguage\":\"fi\",\"potentialAction\":[{\"@type\":\"ReadAction\",\"target\":[\"https:\\\/\\\/aktialiiga.fi\\\/miehet\\\/ajankohtaista\\\/kaj-kekki-miesten-maajoukkueen-perasimeen\\\/\"]}]},{\"@type\":\"ImageObject\",\"inLanguage\":\"fi\",\"@id\":\"https:\\\/\\\/aktialiiga.fi\\\/miehet\\\/ajankohtaista\\\/kaj-kekki-miesten-maajoukkueen-perasimeen\\\/#primaryimage\",\"url\":\"https:\\\/\\\/i0.wp.com\\\/aktialiiga.fi\\\/miehet\\\/wp-content\\\/uploads\\\/sites\\\/5\\\/2015\\\/02\\\/Cocks_Kekki_Kaj_1415.jpg?fit=640%2C361&ssl=1\",\"contentUrl\":\"https:\\\/\\\/i0.wp.com\\\/aktialiiga.fi\\\/miehet\\\/wp-content\\\/uploads\\\/sites\\\/5\\\/2015\\\/02\\\/Cocks_Kekki_Kaj_1415.jpg?fit=640%2C361&ssl=1\",\"width\":640,\"height\":361},{\"@type\":\"BreadcrumbList\",\"@id\":\"https:\\\/\\\/aktialiiga.fi\\\/miehet\\\/ajankohtaista\\\/kaj-kekki-miesten-maajoukkueen-perasimeen\\\/#breadcrumb\",\"itemListElement\":[{\"@type\":\"ListItem\",\"position\":1,\"name\":\"Etusivu\",\"item\":\"https:\\\/\\\/aktialiiga.fi\\\/miehet\\\/\"},{\"@type\":\"ListItem\",\"position\":2,\"name\":\"Kaj Kekki miesten maajoukkueen per\u00e4simeen\"}]},{\"@type\":\"WebSite\",\"@id\":\"https:\\\/\\\/aktialiiga.fi\\\/miehet\\\/#website\",\"url\":\"https:\\\/\\\/aktialiiga.fi\\\/miehet\\\/\",\"name\":\"K\u00e4sipallon miesten Aktialiiga\",\"description\":\"Valtakunnan vauhdikkainta palloilua!\",\"publisher\":{\"@id\":\"https:\\\/\\\/aktialiiga.fi\\\/miehet\\\/#organization\"},\"potentialAction\":[{\"@type\":\"SearchAction\",\"target\":{\"@type\":\"EntryPoint\",\"urlTemplate\":\"https:\\\/\\\/aktialiiga.fi\\\/miehet\\\/?s={search_term_string}\"},\"query-input\":{\"@type\":\"PropertyValueSpecification\",\"valueRequired\":true,\"valueName\":\"search_term_string\"}}],\"inLanguage\":\"fi\"},{\"@type\":\"Organization\",\"@id\":\"https:\\\/\\\/aktialiiga.fi\\\/miehet\\\/#organization\",\"name\":\"K\u00e4sipallon miesten Aktialiiga\",\"url\":\"https:\\\/\\\/aktialiiga.fi\\\/miehet\\\/\",\"logo\":{\"@type\":\"ImageObject\",\"inLanguage\":\"fi\",\"@id\":\"https:\\\/\\\/aktialiiga.fi\\\/miehet\\\/#\\\/schema\\\/logo\\\/image\\\/\",\"url\":\"https:\\\/\\\/i0.wp.com\\\/aktialiiga.fi\\\/miehet\\\/wp-content\\\/uploads\\\/sites\\\/5\\\/2024\\\/09\\\/Aktialiiga-Yoast-512.png?fit=512%2C512&ssl=1\",\"contentUrl\":\"https:\\\/\\\/i0.wp.com\\\/aktialiiga.fi\\\/miehet\\\/wp-content\\\/uploads\\\/sites\\\/5\\\/2024\\\/09\\\/Aktialiiga-Yoast-512.png?fit=512%2C512&ssl=1\",\"width\":512,\"height\":512,\"caption\":\"K\u00e4sipallon miesten Aktialiiga\"},\"image\":{\"@id\":\"https:\\\/\\\/aktialiiga.fi\\\/miehet\\\/#\\\/schema\\\/logo\\\/image\\\/\"},\"sameAs\":[\"https:\\\/\\\/www.facebook.com\\\/finnhandball\",\"https:\\\/\\\/x.com\\\/finnhandball\",\"https:\\\/\\\/www.instagram.com\\\/handballfinland\\\/\"]},{\"@type\":\"Person\",\"@id\":\"https:\\\/\\\/aktialiiga.fi\\\/miehet\\\/#\\\/schema\\\/person\\\/c14bf42f47041db74603c45afcb18d87\",\"name\":\"tbrmedia\",\"image\":{\"@type\":\"ImageObject\",\"inLanguage\":\"fi\",\"@id\":\"https:\\\/\\\/secure.gravatar.com\\\/avatar\\\/ee975fa091fe581d12b60debb3439022686618368a7c142044c56724d4666b16?s=96&d=mm&r=g\",\"url\":\"https:\\\/\\\/secure.gravatar.com\\\/avatar\\\/ee975fa091fe581d12b60debb3439022686618368a7c142044c56724d4666b16?s=96&d=mm&r=g\",\"contentUrl\":\"https:\\\/\\\/secure.gravatar.com\\\/avatar\\\/ee975fa091fe581d12b60debb3439022686618368a7c142044c56724d4666b16?s=96&d=mm&r=g\",\"caption\":\"tbrmedia\"}}]}<\/script>\n<!-- \/ Yoast SEO plugin. -->","yoast_head_json":{"title":"Kaj Kekki miesten maajoukkueen per\u00e4simeen | K\u00e4sipallon miesten Aktialiiga","robots":{"index":"index","follow":"follow","max-snippet":"max-snippet:-1","max-image-preview":"max-image-preview:large","max-video-preview":"max-video-preview:-1"},"canonical":"https:\/\/aktialiiga.fi\/miehet\/ajankohtaista\/kaj-kekki-miesten-maajoukkueen-perasimeen\/","og_locale":"fi_FI","og_type":"article","og_title":"Kaj Kekki miesten maajoukkueen per\u00e4simeen | K\u00e4sipallon miesten Aktialiiga","og_description":"Pitk\u00e4n linjan k\u00e4sipallomies ja mestarijoukkue Cocksin p\u00e4\u00e4valmentaja Kaj Kekki on valittu miesten k\u00e4sipallomaajoukkueen uudeksi p\u00e4\u00e4valmentajaksi. &#8211; Otan haasteellisen teht\u00e4v\u00e4n vastaan eritt\u00e4in hyvill\u00e4 mielin. T\u00e4t\u00e4 ty\u00f6t\u00e4 tehd\u00e4\u00e4n isolla syd\u00e4mell\u00e4, Kekki sanoo. Kekin kilpailukalenteriin on karttunut vuosien aikana valmentajana 1378 ottelua, joista 409 kansainv\u00e4lisi\u00e4. Takana on my\u00f6s 219 maaottelua, mik\u00e4 on Kekin sanojen mukaan \u201dyhdelle miehelle paljon\u201d. [&hellip;]","og_url":"https:\/\/aktialiiga.fi\/miehet\/ajankohtaista\/kaj-kekki-miesten-maajoukkueen-perasimeen\/","og_site_name":"K\u00e4sipallon miesten Aktialiiga","article_publisher":"https:\/\/www.facebook.com\/finnhandball","article_published_time":"2015-05-18T13:33:26+00:00","article_modified_time":"2018-04-20T09:50:54+00:00","og_image":[{"width":640,"height":361,"url":"https:\/\/i0.wp.com\/aktialiiga.fi\/miehet\/wp-content\/uploads\/sites\/5\/2015\/02\/Cocks_Kekki_Kaj_1415.jpg?fit=640%2C361&ssl=1","type":"image\/jpeg"}],"author":"tbrmedia","twitter_card":"summary_large_image","twitter_creator":"@finnhandball","twitter_site":"@finnhandball","schema":{"@context":"https:\/\/schema.org","@graph":[{"@type":"Article","@id":"https:\/\/aktialiiga.fi\/miehet\/ajankohtaista\/kaj-kekki-miesten-maajoukkueen-perasimeen\/#article","isPartOf":{"@id":"https:\/\/aktialiiga.fi\/miehet\/ajankohtaista\/kaj-kekki-miesten-maajoukkueen-perasimeen\/"},"author":{"name":"tbrmedia","@id":"https:\/\/aktialiiga.fi\/miehet\/#\/schema\/person\/c14bf42f47041db74603c45afcb18d87"},"headline":"Kaj Kekki miesten maajoukkueen per\u00e4simeen","datePublished":"2015-05-18T13:33:26+00:00","dateModified":"2018-04-20T09:50:54+00:00","mainEntityOfPage":{"@id":"https:\/\/aktialiiga.fi\/miehet\/ajankohtaista\/kaj-kekki-miesten-maajoukkueen-perasimeen\/"},"wordCount":169,"publisher":{"@id":"https:\/\/aktialiiga.fi\/miehet\/#organization"},"image":{"@id":"https:\/\/aktialiiga.fi\/miehet\/ajankohtaista\/kaj-kekki-miesten-maajoukkueen-perasimeen\/#primaryimage"},"thumbnailUrl":"https:\/\/i0.wp.com\/aktialiiga.fi\/miehet\/wp-content\/uploads\/sites\/5\/2015\/02\/Cocks_Kekki_Kaj_1415.jpg?fit=640%2C361&ssl=1","keywords":["maajoukkue"],"articleSection":["Ajankohtaista"],"inLanguage":"fi"},{"@type":"WebPage","@id":"https:\/\/aktialiiga.fi\/miehet\/ajankohtaista\/kaj-kekki-miesten-maajoukkueen-perasimeen\/","url":"https:\/\/aktialiiga.fi\/miehet\/ajankohtaista\/kaj-kekki-miesten-maajoukkueen-perasimeen\/","name":"Kaj Kekki miesten maajoukkueen per\u00e4simeen | K\u00e4sipallon miesten Aktialiiga","isPartOf":{"@id":"https:\/\/aktialiiga.fi\/miehet\/#website"},"primaryImageOfPage":{"@id":"https:\/\/aktialiiga.fi\/miehet\/ajankohtaista\/kaj-kekki-miesten-maajoukkueen-perasimeen\/#primaryimage"},"image":{"@id":"https:\/\/aktialiiga.fi\/miehet\/ajankohtaista\/kaj-kekki-miesten-maajoukkueen-perasimeen\/#primaryimage"},"thumbnailUrl":"https:\/\/i0.wp.com\/aktialiiga.fi\/miehet\/wp-content\/uploads\/sites\/5\/2015\/02\/Cocks_Kekki_Kaj_1415.jpg?fit=640%2C361&ssl=1","datePublished":"2015-05-18T13:33:26+00:00","dateModified":"2018-04-20T09:50:54+00:00","breadcrumb":{"@id":"https:\/\/aktialiiga.fi\/miehet\/ajankohtaista\/kaj-kekki-miesten-maajoukkueen-perasimeen\/#breadcrumb"},"inLanguage":"fi","potentialAction":[{"@type":"ReadAction","target":["https:\/\/aktialiiga.fi\/miehet\/ajankohtaista\/kaj-kekki-miesten-maajoukkueen-perasimeen\/"]}]},{"@type":"ImageObject","inLanguage":"fi","@id":"https:\/\/aktialiiga.fi\/miehet\/ajankohtaista\/kaj-kekki-miesten-maajoukkueen-perasimeen\/#primaryimage","url":"https:\/\/i0.wp.com\/aktialiiga.fi\/miehet\/wp-content\/uploads\/sites\/5\/2015\/02\/Cocks_Kekki_Kaj_1415.jpg?fit=640%2C361&ssl=1","contentUrl":"https:\/\/i0.wp.com\/aktialiiga.fi\/miehet\/wp-content\/uploads\/sites\/5\/2015\/02\/Cocks_Kekki_Kaj_1415.jpg?fit=640%2C361&ssl=1","width":640,"height":361},{"@type":"BreadcrumbList","@id":"https:\/\/aktialiiga.fi\/miehet\/ajankohtaista\/kaj-kekki-miesten-maajoukkueen-perasimeen\/#breadcrumb","itemListElement":[{"@type":"ListItem","position":1,"name":"Etusivu","item":"https:\/\/aktialiiga.fi\/miehet\/"},{"@type":"ListItem","position":2,"name":"Kaj Kekki miesten maajoukkueen per\u00e4simeen"}]},{"@type":"WebSite","@id":"https:\/\/aktialiiga.fi\/miehet\/#website","url":"https:\/\/aktialiiga.fi\/miehet\/","name":"K\u00e4sipallon miesten Aktialiiga","description":"Valtakunnan vauhdikkainta palloilua!","publisher":{"@id":"https:\/\/aktialiiga.fi\/miehet\/#organization"},"potentialAction":[{"@type":"SearchAction","target":{"@type":"EntryPoint","urlTemplate":"https:\/\/aktialiiga.fi\/miehet\/?s={search_term_string}"},"query-input":{"@type":"PropertyValueSpecification","valueRequired":true,"valueName":"search_term_string"}}],"inLanguage":"fi"},{"@type":"Organization","@id":"https:\/\/aktialiiga.fi\/miehet\/#organization","name":"K\u00e4sipallon miesten Aktialiiga","url":"https:\/\/aktialiiga.fi\/miehet\/","logo":{"@type":"ImageObject","inLanguage":"fi","@id":"https:\/\/aktialiiga.fi\/miehet\/#\/schema\/logo\/image\/","url":"https:\/\/i0.wp.com\/aktialiiga.fi\/miehet\/wp-content\/uploads\/sites\/5\/2024\/09\/Aktialiiga-Yoast-512.png?fit=512%2C512&ssl=1","contentUrl":"https:\/\/i0.wp.com\/aktialiiga.fi\/miehet\/wp-content\/uploads\/sites\/5\/2024\/09\/Aktialiiga-Yoast-512.png?fit=512%2C512&ssl=1","width":512,"height":512,"caption":"K\u00e4sipallon miesten Aktialiiga"},"image":{"@id":"https:\/\/aktialiiga.fi\/miehet\/#\/schema\/logo\/image\/"},"sameAs":["https:\/\/www.facebook.com\/finnhandball","https:\/\/x.com\/finnhandball","https:\/\/www.instagram.com\/handballfinland\/"]},{"@type":"Person","@id":"https:\/\/aktialiiga.fi\/miehet\/#\/schema\/person\/c14bf42f47041db74603c45afcb18d87","name":"tbrmedia","image":{"@type":"ImageObject","inLanguage":"fi","@id":"https:\/\/secure.gravatar.com\/avatar\/ee975fa091fe581d12b60debb3439022686618368a7c142044c56724d4666b16?s=96&d=mm&r=g","url":"https:\/\/secure.gravatar.com\/avatar\/ee975fa091fe581d12b60debb3439022686618368a7c142044c56724d4666b16?s=96&d=mm&r=g","contentUrl":"https:\/\/secure.gravatar.com\/avatar\/ee975fa091fe581d12b60debb3439022686618368a7c142044c56724d4666b16?s=96&d=mm&r=g","caption":"tbrmedia"}}]}},"jetpack_featured_media_url":"https:\/\/i0.wp.com\/aktialiiga.fi\/miehet\/wp-content\/uploads\/sites\/5\/2015\/02\/Cocks_Kekki_Kaj_1415.jpg?fit=640%2C361&ssl=1","jetpack_sharing_enabled":true,"jetpack_shortlink":"https:\/\/wp.me\/pfTxOr-2Db","_links":{"self":[{"href":"https:\/\/aktialiiga.fi\/miehet\/wp-json\/wp\/v2\/posts\/10117","targetHints":{"allow":["GET"]}}],"collection":[{"href":"https:\/\/aktialiiga.fi\/miehet\/wp-json\/wp\/v2\/posts"}],"about":[{"href":"https:\/\/aktialiiga.fi\/miehet\/wp-json\/wp\/v2\/types\/post"}],"author":[{"embeddable":true,"href":"https:\/\/aktialiiga.fi\/miehet\/wp-json\/wp\/v2\/users\/13"}],"replies":[{"embeddable":true,"href":"https:\/\/aktialiiga.fi\/miehet\/wp-json\/wp\/v2\/comments?post=10117"}],"version-history":[{"count":0,"href":"https:\/\/aktialiiga.fi\/miehet\/wp-json\/wp\/v2\/posts\/10117\/revisions"}],"wp:featuredmedia":[{"embeddable":true,"href":"https:\/\/aktialiiga.fi\/miehet\/wp-json\/wp\/v2\/media\/9635"}],"wp:attachment":[{"href":"https:\/\/aktialiiga.fi\/miehet\/wp-json\/wp\/v2\/media?parent=10117"}],"wp:term":[{"taxonomy":"category","embeddable":true,"href":"https:\/\/aktialiiga.fi\/miehet\/wp-json\/wp\/v2\/categories?post=10117"},{"taxonomy":"post_tag","embeddable":true,"href":"https:\/\/aktialiiga.fi\/miehet\/wp-json\/wp\/v2\/tags?post=10117"}],"curies":[{"name":"wp","href":"https:\/\/api.w.org\/{rel}","templated":true}]}}