{"id":10636,"date":"2015-09-25T17:16:36","date_gmt":"2015-09-25T14:16:36","guid":{"rendered":"https:\/\/aktialiiga.fi\/miehet\/?p=10636"},"modified":"2018-04-20T12:50:32","modified_gmt":"2018-04-20T09:50:32","slug":"atlas-vantaa-ja-aifk-metsastavat-avausvoittoaan","status":"publish","type":"post","link":"https:\/\/aktialiiga.fi\/miehet\/2015-2016\/ennakot-2015-2016\/atlas-vantaa-ja-aifk-metsastavat-avausvoittoaan\/","title":{"rendered":"Atlas Vantaa ja \u00c5IFK mets\u00e4st\u00e4v\u00e4t avausvoittoaan"},"content":{"rendered":"<p>SM-liigan viikonloppu k\u00e4ynnistyy Myyrm\u00e4est\u00e4, jossa Atlas Vantaa ja \u00c5IFK hakevat kauden avausvoittoaan keskin\u00e4isess\u00e4 ottelussa.<\/p>\n<p>Atlas Vantaa j\u00e4i avauskierroksella vieraskent\u00e4ll\u00e4 Cocksin jalkoihin ja \u00c5IFK puolestaan k\u00e4rsi niukan kotitappion BK-46:lle.<\/p>\n<p>Atlas Vantaan p\u00e4\u00e4valmentaja Mikael K\u00e4llman keskittyi alkuviikolla henkil\u00f6kohtaiseen harjoitteluun ja erityisesti 1-1-tilanteisiin.<\/p>\n<p>&#8211; Jos ei pystyt\u00e4 voittamaan yksi vastaan yksi -tilanteita, ei voi voittaa otteluitakaan, K\u00e4llman sanoi seuran verkkosivuilla. Loppuviikon harjoituksissa p\u00e4\u00e4paino oli puolustuspeliss\u00e4.<\/p>\n<p>Ennakkoasetelmat kallistuvat kuitenkin selv\u00e4sti Atlas Vantaalle kokeneemman pelaajiston ansiosta. Lis\u00e4ksi \u00c5IFK on jostain syyst\u00e4 potenut Vantaa-kammoa ja l\u00e4htenyt tyhjin k\u00e4sin kotiin vuodesta toiseen melko kesyjen esitysten j\u00e4lkeen. Paljon riippuu siit\u00e4, saako Atlas hy\u00f6kk\u00e4yspeli\u00e4 parempaan kuosiin kuin Riihim\u00e4ell\u00e4.<\/p>\n<p>&#8211; Mielenkiintoinen matsi siit\u00e4 tulee. Turkulaiset tulevat varmasti kovaa ja Besimin tuntien he ovat my\u00f6s harjoitelleet kovaa, Atlas Vantaan varakapteeni Kenneth \u00c5strand sanoi viitaten \u00c5IFK:n p\u00e4\u00e4valmentaja Beim Qerimiin.<\/p>\n<p>Turkulaisryhm\u00e4 on kokonaisuuteni nuori ja kokematon, mutta sekaan mahtuu my\u00f6s jo kannuksensa hankkineita pelaajia, jotka osoittivat vaarallisuutensa my\u00f6s avausottelussa: \u00c5IFK:n todelliset maalirohmut BK:ta vastaan olivat Topias Laine per\u00e4ti 11 ja Andreas Nystr\u00f6m 9 osumalla.<\/p>\n<p>Ottelu Myyrm\u00e4ess\u00e4 alkaa lauantaina kello 15.00.<\/p>\n<p><em>K\u00e4sipallon miesten SM-Liigan ottelut kattavasti my\u00f6s Veikkauksen urheilupelin tarjonnassa, k\u00e4sipallon kohteet l\u00f6yd\u00e4t <a href=\"https:\/\/www.veikkaus.fi\/fi\/urheilu?hae=kasipallo\" target=\"_blank\"><strong>t\u00e4\u00e4lt\u00e4<\/strong><\/a>.<\/em><\/p>\n","protected":false},"excerpt":{"rendered":"<p>SM-liigan viikonloppu k\u00e4ynnistyy Myyrm\u00e4est\u00e4, jossa Atlas Vantaa ja \u00c5IFK hakevat kauden avausvoittoaan keskin\u00e4isess\u00e4 ottelussa. Atlas Vantaa j\u00e4i avauskierroksella vieraskent\u00e4ll\u00e4 Cocksin jalkoihin ja \u00c5IFK puolestaan k\u00e4rsi niukan kotitappion BK-46:lle. Atlas Vantaan p\u00e4\u00e4valmentaja Mikael K\u00e4llman keskittyi alkuviikolla henkil\u00f6kohtaiseen harjoitteluun ja erityisesti 1-1-tilanteisiin. &#8211; Jos ei pystyt\u00e4 voittamaan yksi vastaan yksi -tilanteita, ei voi voittaa otteluitakaan, K\u00e4llman sanoi [&hellip;]<\/p>\n","protected":false},"author":13,"featured_media":10454,"comment_status":"closed","ping_status":"closed","sticky":false,"template":"","format":"standard","meta":{"_acf_changed":false,"jetpack_post_was_ever_published":false,"_jetpack_newsletter_access":"","_jetpack_dont_email_post_to_subs":false,"_jetpack_newsletter_tier_id":0,"_jetpack_memberships_contains_paywalled_content":false,"_jetpack_memberships_contains_paid_content":false,"footnotes":""},"categories":[42],"tags":[50,54],"class_list":["post-10636","post","type-post","status-publish","format-standard","has-post-thumbnail","hentry","category-ennakot-2015-2016","tag-aifk","tag-atlas-vantaa"],"acf":[],"yoast_head":"<!-- This site is optimized with the Yoast SEO plugin v27.5 - https:\/\/yoast.com\/product\/yoast-seo-wordpress\/ -->\n<title>Atlas Vantaa ja \u00c5IFK mets\u00e4st\u00e4v\u00e4t avausvoittoaan | K\u00e4sipallon miesten Aktialiiga<\/title>\n<meta name=\"robots\" content=\"index, follow, max-snippet:-1, max-image-preview:large, max-video-preview:-1\" \/>\n<link rel=\"canonical\" href=\"https:\/\/aktialiiga.fi\/miehet\/2015-2016\/ennakot-2015-2016\/atlas-vantaa-ja-aifk-metsastavat-avausvoittoaan\/\" \/>\n<meta property=\"og:locale\" content=\"fi_FI\" \/>\n<meta property=\"og:type\" content=\"article\" \/>\n<meta property=\"og:title\" content=\"Atlas Vantaa ja \u00c5IFK mets\u00e4st\u00e4v\u00e4t avausvoittoaan | K\u00e4sipallon miesten Aktialiiga\" \/>\n<meta property=\"og:description\" content=\"SM-liigan viikonloppu k\u00e4ynnistyy Myyrm\u00e4est\u00e4, jossa Atlas Vantaa ja \u00c5IFK hakevat kauden avausvoittoaan keskin\u00e4isess\u00e4 ottelussa. Atlas Vantaa j\u00e4i avauskierroksella vieraskent\u00e4ll\u00e4 Cocksin jalkoihin ja \u00c5IFK puolestaan k\u00e4rsi niukan kotitappion BK-46:lle. Atlas Vantaan p\u00e4\u00e4valmentaja Mikael K\u00e4llman keskittyi alkuviikolla henkil\u00f6kohtaiseen harjoitteluun ja erityisesti 1-1-tilanteisiin. &#8211; Jos ei pystyt\u00e4 voittamaan yksi vastaan yksi -tilanteita, ei voi voittaa otteluitakaan, K\u00e4llman sanoi [&hellip;]\" \/>\n<meta property=\"og:url\" content=\"https:\/\/aktialiiga.fi\/miehet\/2015-2016\/ennakot-2015-2016\/atlas-vantaa-ja-aifk-metsastavat-avausvoittoaan\/\" \/>\n<meta property=\"og:site_name\" content=\"K\u00e4sipallon miesten Aktialiiga\" \/>\n<meta property=\"article:publisher\" content=\"https:\/\/www.facebook.com\/finnhandball\" \/>\n<meta property=\"article:published_time\" content=\"2015-09-25T14:16:36+00:00\" \/>\n<meta property=\"article:modified_time\" content=\"2018-04-20T09:50:32+00:00\" \/>\n<meta property=\"og:image\" content=\"https:\/\/i0.wp.com\/aktialiiga.fi\/miehet\/wp-content\/uploads\/sites\/5\/2015\/09\/Atlas_fanit_1415.jpg?fit=640%2C361&ssl=1\" \/>\n\t<meta property=\"og:image:width\" content=\"640\" \/>\n\t<meta property=\"og:image:height\" content=\"361\" \/>\n\t<meta property=\"og:image:type\" content=\"image\/jpeg\" \/>\n<meta name=\"author\" content=\"tbrmedia\" \/>\n<meta name=\"twitter:card\" content=\"summary_large_image\" \/>\n<meta name=\"twitter:creator\" content=\"@finnhandball\" \/>\n<meta name=\"twitter:site\" content=\"@finnhandball\" \/>\n<script type=\"application\/ld+json\" class=\"yoast-schema-graph\">{\"@context\":\"https:\\\/\\\/schema.org\",\"@graph\":[{\"@type\":\"Article\",\"@id\":\"https:\\\/\\\/aktialiiga.fi\\\/miehet\\\/2015-2016\\\/ennakot-2015-2016\\\/atlas-vantaa-ja-aifk-metsastavat-avausvoittoaan\\\/#article\",\"isPartOf\":{\"@id\":\"https:\\\/\\\/aktialiiga.fi\\\/miehet\\\/2015-2016\\\/ennakot-2015-2016\\\/atlas-vantaa-ja-aifk-metsastavat-avausvoittoaan\\\/\"},\"author\":{\"name\":\"tbrmedia\",\"@id\":\"https:\\\/\\\/aktialiiga.fi\\\/miehet\\\/#\\\/schema\\\/person\\\/c14bf42f47041db74603c45afcb18d87\"},\"headline\":\"Atlas Vantaa ja \u00c5IFK mets\u00e4st\u00e4v\u00e4t avausvoittoaan\",\"datePublished\":\"2015-09-25T14:16:36+00:00\",\"dateModified\":\"2018-04-20T09:50:32+00:00\",\"mainEntityOfPage\":{\"@id\":\"https:\\\/\\\/aktialiiga.fi\\\/miehet\\\/2015-2016\\\/ennakot-2015-2016\\\/atlas-vantaa-ja-aifk-metsastavat-avausvoittoaan\\\/\"},\"wordCount\":223,\"publisher\":{\"@id\":\"https:\\\/\\\/aktialiiga.fi\\\/miehet\\\/#organization\"},\"image\":{\"@id\":\"https:\\\/\\\/aktialiiga.fi\\\/miehet\\\/2015-2016\\\/ennakot-2015-2016\\\/atlas-vantaa-ja-aifk-metsastavat-avausvoittoaan\\\/#primaryimage\"},\"thumbnailUrl\":\"https:\\\/\\\/i0.wp.com\\\/aktialiiga.fi\\\/miehet\\\/wp-content\\\/uploads\\\/sites\\\/5\\\/2015\\\/09\\\/Atlas_fanit_1415.jpg?fit=640%2C361&ssl=1\",\"keywords\":[\"\u00c5IFK\",\"Atlas Vantaa\"],\"articleSection\":[\"Ennakot\"],\"inLanguage\":\"fi\"},{\"@type\":\"WebPage\",\"@id\":\"https:\\\/\\\/aktialiiga.fi\\\/miehet\\\/2015-2016\\\/ennakot-2015-2016\\\/atlas-vantaa-ja-aifk-metsastavat-avausvoittoaan\\\/\",\"url\":\"https:\\\/\\\/aktialiiga.fi\\\/miehet\\\/2015-2016\\\/ennakot-2015-2016\\\/atlas-vantaa-ja-aifk-metsastavat-avausvoittoaan\\\/\",\"name\":\"Atlas Vantaa ja \u00c5IFK mets\u00e4st\u00e4v\u00e4t avausvoittoaan | K\u00e4sipallon miesten Aktialiiga\",\"isPartOf\":{\"@id\":\"https:\\\/\\\/aktialiiga.fi\\\/miehet\\\/#website\"},\"primaryImageOfPage\":{\"@id\":\"https:\\\/\\\/aktialiiga.fi\\\/miehet\\\/2015-2016\\\/ennakot-2015-2016\\\/atlas-vantaa-ja-aifk-metsastavat-avausvoittoaan\\\/#primaryimage\"},\"image\":{\"@id\":\"https:\\\/\\\/aktialiiga.fi\\\/miehet\\\/2015-2016\\\/ennakot-2015-2016\\\/atlas-vantaa-ja-aifk-metsastavat-avausvoittoaan\\\/#primaryimage\"},\"thumbnailUrl\":\"https:\\\/\\\/i0.wp.com\\\/aktialiiga.fi\\\/miehet\\\/wp-content\\\/uploads\\\/sites\\\/5\\\/2015\\\/09\\\/Atlas_fanit_1415.jpg?fit=640%2C361&ssl=1\",\"datePublished\":\"2015-09-25T14:16:36+00:00\",\"dateModified\":\"2018-04-20T09:50:32+00:00\",\"breadcrumb\":{\"@id\":\"https:\\\/\\\/aktialiiga.fi\\\/miehet\\\/2015-2016\\\/ennakot-2015-2016\\\/atlas-vantaa-ja-aifk-metsastavat-avausvoittoaan\\\/#breadcrumb\"},\"inLanguage\":\"fi\",\"potentialAction\":[{\"@type\":\"ReadAction\",\"target\":[\"https:\\\/\\\/aktialiiga.fi\\\/miehet\\\/2015-2016\\\/ennakot-2015-2016\\\/atlas-vantaa-ja-aifk-metsastavat-avausvoittoaan\\\/\"]}]},{\"@type\":\"ImageObject\",\"inLanguage\":\"fi\",\"@id\":\"https:\\\/\\\/aktialiiga.fi\\\/miehet\\\/2015-2016\\\/ennakot-2015-2016\\\/atlas-vantaa-ja-aifk-metsastavat-avausvoittoaan\\\/#primaryimage\",\"url\":\"https:\\\/\\\/i0.wp.com\\\/aktialiiga.fi\\\/miehet\\\/wp-content\\\/uploads\\\/sites\\\/5\\\/2015\\\/09\\\/Atlas_fanit_1415.jpg?fit=640%2C361&ssl=1\",\"contentUrl\":\"https:\\\/\\\/i0.wp.com\\\/aktialiiga.fi\\\/miehet\\\/wp-content\\\/uploads\\\/sites\\\/5\\\/2015\\\/09\\\/Atlas_fanit_1415.jpg?fit=640%2C361&ssl=1\",\"width\":640,\"height\":361},{\"@type\":\"BreadcrumbList\",\"@id\":\"https:\\\/\\\/aktialiiga.fi\\\/miehet\\\/2015-2016\\\/ennakot-2015-2016\\\/atlas-vantaa-ja-aifk-metsastavat-avausvoittoaan\\\/#breadcrumb\",\"itemListElement\":[{\"@type\":\"ListItem\",\"position\":1,\"name\":\"Etusivu\",\"item\":\"https:\\\/\\\/aktialiiga.fi\\\/miehet\\\/\"},{\"@type\":\"ListItem\",\"position\":2,\"name\":\"Atlas Vantaa ja \u00c5IFK mets\u00e4st\u00e4v\u00e4t avausvoittoaan\"}]},{\"@type\":\"WebSite\",\"@id\":\"https:\\\/\\\/aktialiiga.fi\\\/miehet\\\/#website\",\"url\":\"https:\\\/\\\/aktialiiga.fi\\\/miehet\\\/\",\"name\":\"K\u00e4sipallon miesten Aktialiiga\",\"description\":\"Valtakunnan vauhdikkainta palloilua!\",\"publisher\":{\"@id\":\"https:\\\/\\\/aktialiiga.fi\\\/miehet\\\/#organization\"},\"potentialAction\":[{\"@type\":\"SearchAction\",\"target\":{\"@type\":\"EntryPoint\",\"urlTemplate\":\"https:\\\/\\\/aktialiiga.fi\\\/miehet\\\/?s={search_term_string}\"},\"query-input\":{\"@type\":\"PropertyValueSpecification\",\"valueRequired\":true,\"valueName\":\"search_term_string\"}}],\"inLanguage\":\"fi\"},{\"@type\":\"Organization\",\"@id\":\"https:\\\/\\\/aktialiiga.fi\\\/miehet\\\/#organization\",\"name\":\"K\u00e4sipallon miesten Aktialiiga\",\"url\":\"https:\\\/\\\/aktialiiga.fi\\\/miehet\\\/\",\"logo\":{\"@type\":\"ImageObject\",\"inLanguage\":\"fi\",\"@id\":\"https:\\\/\\\/aktialiiga.fi\\\/miehet\\\/#\\\/schema\\\/logo\\\/image\\\/\",\"url\":\"https:\\\/\\\/i0.wp.com\\\/aktialiiga.fi\\\/miehet\\\/wp-content\\\/uploads\\\/sites\\\/5\\\/2024\\\/09\\\/Aktialiiga-Yoast-512.png?fit=512%2C512&ssl=1\",\"contentUrl\":\"https:\\\/\\\/i0.wp.com\\\/aktialiiga.fi\\\/miehet\\\/wp-content\\\/uploads\\\/sites\\\/5\\\/2024\\\/09\\\/Aktialiiga-Yoast-512.png?fit=512%2C512&ssl=1\",\"width\":512,\"height\":512,\"caption\":\"K\u00e4sipallon miesten Aktialiiga\"},\"image\":{\"@id\":\"https:\\\/\\\/aktialiiga.fi\\\/miehet\\\/#\\\/schema\\\/logo\\\/image\\\/\"},\"sameAs\":[\"https:\\\/\\\/www.facebook.com\\\/finnhandball\",\"https:\\\/\\\/x.com\\\/finnhandball\",\"https:\\\/\\\/www.instagram.com\\\/handballfinland\\\/\"]},{\"@type\":\"Person\",\"@id\":\"https:\\\/\\\/aktialiiga.fi\\\/miehet\\\/#\\\/schema\\\/person\\\/c14bf42f47041db74603c45afcb18d87\",\"name\":\"tbrmedia\",\"image\":{\"@type\":\"ImageObject\",\"inLanguage\":\"fi\",\"@id\":\"https:\\\/\\\/secure.gravatar.com\\\/avatar\\\/ee975fa091fe581d12b60debb3439022686618368a7c142044c56724d4666b16?s=96&d=mm&r=g\",\"url\":\"https:\\\/\\\/secure.gravatar.com\\\/avatar\\\/ee975fa091fe581d12b60debb3439022686618368a7c142044c56724d4666b16?s=96&d=mm&r=g\",\"contentUrl\":\"https:\\\/\\\/secure.gravatar.com\\\/avatar\\\/ee975fa091fe581d12b60debb3439022686618368a7c142044c56724d4666b16?s=96&d=mm&r=g\",\"caption\":\"tbrmedia\"}}]}<\/script>\n<!-- \/ Yoast SEO plugin. -->","yoast_head_json":{"title":"Atlas Vantaa ja \u00c5IFK mets\u00e4st\u00e4v\u00e4t avausvoittoaan | K\u00e4sipallon miesten Aktialiiga","robots":{"index":"index","follow":"follow","max-snippet":"max-snippet:-1","max-image-preview":"max-image-preview:large","max-video-preview":"max-video-preview:-1"},"canonical":"https:\/\/aktialiiga.fi\/miehet\/2015-2016\/ennakot-2015-2016\/atlas-vantaa-ja-aifk-metsastavat-avausvoittoaan\/","og_locale":"fi_FI","og_type":"article","og_title":"Atlas Vantaa ja \u00c5IFK mets\u00e4st\u00e4v\u00e4t avausvoittoaan | K\u00e4sipallon miesten Aktialiiga","og_description":"SM-liigan viikonloppu k\u00e4ynnistyy Myyrm\u00e4est\u00e4, jossa Atlas Vantaa ja \u00c5IFK hakevat kauden avausvoittoaan keskin\u00e4isess\u00e4 ottelussa. Atlas Vantaa j\u00e4i avauskierroksella vieraskent\u00e4ll\u00e4 Cocksin jalkoihin ja \u00c5IFK puolestaan k\u00e4rsi niukan kotitappion BK-46:lle. Atlas Vantaan p\u00e4\u00e4valmentaja Mikael K\u00e4llman keskittyi alkuviikolla henkil\u00f6kohtaiseen harjoitteluun ja erityisesti 1-1-tilanteisiin. &#8211; Jos ei pystyt\u00e4 voittamaan yksi vastaan yksi -tilanteita, ei voi voittaa otteluitakaan, K\u00e4llman sanoi [&hellip;]","og_url":"https:\/\/aktialiiga.fi\/miehet\/2015-2016\/ennakot-2015-2016\/atlas-vantaa-ja-aifk-metsastavat-avausvoittoaan\/","og_site_name":"K\u00e4sipallon miesten Aktialiiga","article_publisher":"https:\/\/www.facebook.com\/finnhandball","article_published_time":"2015-09-25T14:16:36+00:00","article_modified_time":"2018-04-20T09:50:32+00:00","og_image":[{"width":640,"height":361,"url":"https:\/\/i0.wp.com\/aktialiiga.fi\/miehet\/wp-content\/uploads\/sites\/5\/2015\/09\/Atlas_fanit_1415.jpg?fit=640%2C361&ssl=1","type":"image\/jpeg"}],"author":"tbrmedia","twitter_card":"summary_large_image","twitter_creator":"@finnhandball","twitter_site":"@finnhandball","schema":{"@context":"https:\/\/schema.org","@graph":[{"@type":"Article","@id":"https:\/\/aktialiiga.fi\/miehet\/2015-2016\/ennakot-2015-2016\/atlas-vantaa-ja-aifk-metsastavat-avausvoittoaan\/#article","isPartOf":{"@id":"https:\/\/aktialiiga.fi\/miehet\/2015-2016\/ennakot-2015-2016\/atlas-vantaa-ja-aifk-metsastavat-avausvoittoaan\/"},"author":{"name":"tbrmedia","@id":"https:\/\/aktialiiga.fi\/miehet\/#\/schema\/person\/c14bf42f47041db74603c45afcb18d87"},"headline":"Atlas Vantaa ja \u00c5IFK mets\u00e4st\u00e4v\u00e4t avausvoittoaan","datePublished":"2015-09-25T14:16:36+00:00","dateModified":"2018-04-20T09:50:32+00:00","mainEntityOfPage":{"@id":"https:\/\/aktialiiga.fi\/miehet\/2015-2016\/ennakot-2015-2016\/atlas-vantaa-ja-aifk-metsastavat-avausvoittoaan\/"},"wordCount":223,"publisher":{"@id":"https:\/\/aktialiiga.fi\/miehet\/#organization"},"image":{"@id":"https:\/\/aktialiiga.fi\/miehet\/2015-2016\/ennakot-2015-2016\/atlas-vantaa-ja-aifk-metsastavat-avausvoittoaan\/#primaryimage"},"thumbnailUrl":"https:\/\/i0.wp.com\/aktialiiga.fi\/miehet\/wp-content\/uploads\/sites\/5\/2015\/09\/Atlas_fanit_1415.jpg?fit=640%2C361&ssl=1","keywords":["\u00c5IFK","Atlas Vantaa"],"articleSection":["Ennakot"],"inLanguage":"fi"},{"@type":"WebPage","@id":"https:\/\/aktialiiga.fi\/miehet\/2015-2016\/ennakot-2015-2016\/atlas-vantaa-ja-aifk-metsastavat-avausvoittoaan\/","url":"https:\/\/aktialiiga.fi\/miehet\/2015-2016\/ennakot-2015-2016\/atlas-vantaa-ja-aifk-metsastavat-avausvoittoaan\/","name":"Atlas Vantaa ja \u00c5IFK mets\u00e4st\u00e4v\u00e4t avausvoittoaan | K\u00e4sipallon miesten Aktialiiga","isPartOf":{"@id":"https:\/\/aktialiiga.fi\/miehet\/#website"},"primaryImageOfPage":{"@id":"https:\/\/aktialiiga.fi\/miehet\/2015-2016\/ennakot-2015-2016\/atlas-vantaa-ja-aifk-metsastavat-avausvoittoaan\/#primaryimage"},"image":{"@id":"https:\/\/aktialiiga.fi\/miehet\/2015-2016\/ennakot-2015-2016\/atlas-vantaa-ja-aifk-metsastavat-avausvoittoaan\/#primaryimage"},"thumbnailUrl":"https:\/\/i0.wp.com\/aktialiiga.fi\/miehet\/wp-content\/uploads\/sites\/5\/2015\/09\/Atlas_fanit_1415.jpg?fit=640%2C361&ssl=1","datePublished":"2015-09-25T14:16:36+00:00","dateModified":"2018-04-20T09:50:32+00:00","breadcrumb":{"@id":"https:\/\/aktialiiga.fi\/miehet\/2015-2016\/ennakot-2015-2016\/atlas-vantaa-ja-aifk-metsastavat-avausvoittoaan\/#breadcrumb"},"inLanguage":"fi","potentialAction":[{"@type":"ReadAction","target":["https:\/\/aktialiiga.fi\/miehet\/2015-2016\/ennakot-2015-2016\/atlas-vantaa-ja-aifk-metsastavat-avausvoittoaan\/"]}]},{"@type":"ImageObject","inLanguage":"fi","@id":"https:\/\/aktialiiga.fi\/miehet\/2015-2016\/ennakot-2015-2016\/atlas-vantaa-ja-aifk-metsastavat-avausvoittoaan\/#primaryimage","url":"https:\/\/i0.wp.com\/aktialiiga.fi\/miehet\/wp-content\/uploads\/sites\/5\/2015\/09\/Atlas_fanit_1415.jpg?fit=640%2C361&ssl=1","contentUrl":"https:\/\/i0.wp.com\/aktialiiga.fi\/miehet\/wp-content\/uploads\/sites\/5\/2015\/09\/Atlas_fanit_1415.jpg?fit=640%2C361&ssl=1","width":640,"height":361},{"@type":"BreadcrumbList","@id":"https:\/\/aktialiiga.fi\/miehet\/2015-2016\/ennakot-2015-2016\/atlas-vantaa-ja-aifk-metsastavat-avausvoittoaan\/#breadcrumb","itemListElement":[{"@type":"ListItem","position":1,"name":"Etusivu","item":"https:\/\/aktialiiga.fi\/miehet\/"},{"@type":"ListItem","position":2,"name":"Atlas Vantaa ja \u00c5IFK mets\u00e4st\u00e4v\u00e4t avausvoittoaan"}]},{"@type":"WebSite","@id":"https:\/\/aktialiiga.fi\/miehet\/#website","url":"https:\/\/aktialiiga.fi\/miehet\/","name":"K\u00e4sipallon miesten Aktialiiga","description":"Valtakunnan vauhdikkainta palloilua!","publisher":{"@id":"https:\/\/aktialiiga.fi\/miehet\/#organization"},"potentialAction":[{"@type":"SearchAction","target":{"@type":"EntryPoint","urlTemplate":"https:\/\/aktialiiga.fi\/miehet\/?s={search_term_string}"},"query-input":{"@type":"PropertyValueSpecification","valueRequired":true,"valueName":"search_term_string"}}],"inLanguage":"fi"},{"@type":"Organization","@id":"https:\/\/aktialiiga.fi\/miehet\/#organization","name":"K\u00e4sipallon miesten Aktialiiga","url":"https:\/\/aktialiiga.fi\/miehet\/","logo":{"@type":"ImageObject","inLanguage":"fi","@id":"https:\/\/aktialiiga.fi\/miehet\/#\/schema\/logo\/image\/","url":"https:\/\/i0.wp.com\/aktialiiga.fi\/miehet\/wp-content\/uploads\/sites\/5\/2024\/09\/Aktialiiga-Yoast-512.png?fit=512%2C512&ssl=1","contentUrl":"https:\/\/i0.wp.com\/aktialiiga.fi\/miehet\/wp-content\/uploads\/sites\/5\/2024\/09\/Aktialiiga-Yoast-512.png?fit=512%2C512&ssl=1","width":512,"height":512,"caption":"K\u00e4sipallon miesten Aktialiiga"},"image":{"@id":"https:\/\/aktialiiga.fi\/miehet\/#\/schema\/logo\/image\/"},"sameAs":["https:\/\/www.facebook.com\/finnhandball","https:\/\/x.com\/finnhandball","https:\/\/www.instagram.com\/handballfinland\/"]},{"@type":"Person","@id":"https:\/\/aktialiiga.fi\/miehet\/#\/schema\/person\/c14bf42f47041db74603c45afcb18d87","name":"tbrmedia","image":{"@type":"ImageObject","inLanguage":"fi","@id":"https:\/\/secure.gravatar.com\/avatar\/ee975fa091fe581d12b60debb3439022686618368a7c142044c56724d4666b16?s=96&d=mm&r=g","url":"https:\/\/secure.gravatar.com\/avatar\/ee975fa091fe581d12b60debb3439022686618368a7c142044c56724d4666b16?s=96&d=mm&r=g","contentUrl":"https:\/\/secure.gravatar.com\/avatar\/ee975fa091fe581d12b60debb3439022686618368a7c142044c56724d4666b16?s=96&d=mm&r=g","caption":"tbrmedia"}}]}},"jetpack_featured_media_url":"https:\/\/i0.wp.com\/aktialiiga.fi\/miehet\/wp-content\/uploads\/sites\/5\/2015\/09\/Atlas_fanit_1415.jpg?fit=640%2C361&ssl=1","jetpack_sharing_enabled":true,"jetpack_shortlink":"https:\/\/wp.me\/pfTxOr-2Ly","_links":{"self":[{"href":"https:\/\/aktialiiga.fi\/miehet\/wp-json\/wp\/v2\/posts\/10636","targetHints":{"allow":["GET"]}}],"collection":[{"href":"https:\/\/aktialiiga.fi\/miehet\/wp-json\/wp\/v2\/posts"}],"about":[{"href":"https:\/\/aktialiiga.fi\/miehet\/wp-json\/wp\/v2\/types\/post"}],"author":[{"embeddable":true,"href":"https:\/\/aktialiiga.fi\/miehet\/wp-json\/wp\/v2\/users\/13"}],"replies":[{"embeddable":true,"href":"https:\/\/aktialiiga.fi\/miehet\/wp-json\/wp\/v2\/comments?post=10636"}],"version-history":[{"count":0,"href":"https:\/\/aktialiiga.fi\/miehet\/wp-json\/wp\/v2\/posts\/10636\/revisions"}],"wp:featuredmedia":[{"embeddable":true,"href":"https:\/\/aktialiiga.fi\/miehet\/wp-json\/wp\/v2\/media\/10454"}],"wp:attachment":[{"href":"https:\/\/aktialiiga.fi\/miehet\/wp-json\/wp\/v2\/media?parent=10636"}],"wp:term":[{"taxonomy":"category","embeddable":true,"href":"https:\/\/aktialiiga.fi\/miehet\/wp-json\/wp\/v2\/categories?post=10636"},{"taxonomy":"post_tag","embeddable":true,"href":"https:\/\/aktialiiga.fi\/miehet\/wp-json\/wp\/v2\/tags?post=10636"}],"curies":[{"name":"wp","href":"https:\/\/api.w.org\/{rel}","templated":true}]}}