{"id":11242,"date":"2015-12-12T22:40:12","date_gmt":"2015-12-12T20:40:12","guid":{"rendered":"https:\/\/aktialiiga.fi\/miehet\/?p=11242"},"modified":"2018-04-20T12:48:52","modified_gmt":"2018-04-20T09:48:52","slug":"aifk-isannoi-hc-westia-sunnuntaina","status":"publish","type":"post","link":"https:\/\/aktialiiga.fi\/miehet\/2015-2016\/ennakot-2015-2016\/aifk-isannoi-hc-westia-sunnuntaina\/","title":{"rendered":"\u00c5IFK is\u00e4nn\u00f6i HC Westia sunnuntaina"},"content":{"rendered":"<p>SM-liigan viikonloppu p\u00e4\u00e4ttyy sunnuntai-iltana Samppalinnassa, kun \u00c5IFK saa vieraakseen HC Westin.<\/p>\n<p>Otteluun tuo selke\u00e4n ennakkoj\u00e4nnitteen \u00c5IFK-kaksikon Topias Laine ja Paavo Brummer siirtyminen Westin riveihin vuodenvaihteesta alkaen. Kaksikko kohtaa nyt tulevan seuransa ja kyseess\u00e4 on hiukan kaksijakoinen n\u00e4ytt\u00f6paikka kummallekin.<\/p>\n<p>\u00c5IFK pyrkii tekem\u00e4\u00e4n pes\u00e4eroa sarjataulukon per\u00e4p\u00e4\u00e4h\u00e4n, kun West puolestaan kamppailee tasaisessa ryhm\u00e4ss\u00e4 k\u00e4rkikaksikon Cocks-Dicken takana.<\/p>\n<p>Joukkueet kohtasivat kaksi kuukautta sitten Kauniaisissa ja West vei tuolloin voiton selke\u00e4sti maalein 34-21. \u00c5IFK l\u00e4htee otteluun allaan vierastappio kaimaseura HIFK:lle. Westilla on puolestaan alla niin ik\u00e4\u00e4n niukka tappio HIFK:lle ja vastaava Cocksille.<\/p>\n<p>Ottelu Samppalinnassa vihellet\u00e4\u00e4n k\u00e4yntiin sunnuntaina kello 19.00.<\/p>\n<p><em>K\u00e4sipallon miesten SM-Liigan ottelut kattavasti my\u00f6s Veikkauksen urheilupelien tarjonnassa, k\u00e4sipallon kohteet l\u00f6yd\u00e4t <a href=\"https:\/\/www.veikkaus.fi\/fi\/urheilu?hae=kasipallo\" target=\"_blank\"><strong>t\u00e4\u00e4lt\u00e4<\/strong><\/a>.<\/em><\/p>\n","protected":false},"excerpt":{"rendered":"<p>SM-liigan viikonloppu p\u00e4\u00e4ttyy sunnuntai-iltana Samppalinnassa, kun \u00c5IFK saa vieraakseen HC Westin. Otteluun tuo selke\u00e4n ennakkoj\u00e4nnitteen \u00c5IFK-kaksikon Topias Laine ja Paavo Brummer siirtyminen Westin riveihin vuodenvaihteesta alkaen. Kaksikko kohtaa nyt tulevan seuransa ja kyseess\u00e4 on hiukan kaksijakoinen n\u00e4ytt\u00f6paikka kummallekin. \u00c5IFK pyrkii tekem\u00e4\u00e4n pes\u00e4eroa sarjataulukon per\u00e4p\u00e4\u00e4h\u00e4n, kun West puolestaan kamppailee tasaisessa ryhm\u00e4ss\u00e4 k\u00e4rkikaksikon Cocks-Dicken takana. Joukkueet kohtasivat [&hellip;]<\/p>\n","protected":false},"author":13,"featured_media":10587,"comment_status":"closed","ping_status":"closed","sticky":false,"template":"","format":"standard","meta":{"_acf_changed":false,"jetpack_post_was_ever_published":false,"_jetpack_newsletter_access":"","_jetpack_dont_email_post_to_subs":false,"_jetpack_newsletter_tier_id":0,"_jetpack_memberships_contains_paywalled_content":false,"_jetpack_memberships_contains_paid_content":false,"footnotes":""},"categories":[42],"tags":[50,68],"class_list":["post-11242","post","type-post","status-publish","format-standard","has-post-thumbnail","hentry","category-ennakot-2015-2016","tag-aifk","tag-hc-west"],"acf":[],"yoast_head":"<!-- This site is optimized with the Yoast SEO plugin v27.5 - https:\/\/yoast.com\/product\/yoast-seo-wordpress\/ -->\n<title>\u00c5IFK is\u00e4nn\u00f6i HC Westia sunnuntaina | K\u00e4sipallon miesten Aktialiiga<\/title>\n<meta name=\"robots\" content=\"index, follow, max-snippet:-1, max-image-preview:large, max-video-preview:-1\" \/>\n<link rel=\"canonical\" href=\"https:\/\/aktialiiga.fi\/miehet\/2015-2016\/ennakot-2015-2016\/aifk-isannoi-hc-westia-sunnuntaina\/\" \/>\n<meta property=\"og:locale\" content=\"fi_FI\" \/>\n<meta property=\"og:type\" content=\"article\" \/>\n<meta property=\"og:title\" content=\"\u00c5IFK is\u00e4nn\u00f6i HC Westia sunnuntaina | K\u00e4sipallon miesten Aktialiiga\" \/>\n<meta property=\"og:description\" content=\"SM-liigan viikonloppu p\u00e4\u00e4ttyy sunnuntai-iltana Samppalinnassa, kun \u00c5IFK saa vieraakseen HC Westin. Otteluun tuo selke\u00e4n ennakkoj\u00e4nnitteen \u00c5IFK-kaksikon Topias Laine ja Paavo Brummer siirtyminen Westin riveihin vuodenvaihteesta alkaen. Kaksikko kohtaa nyt tulevan seuransa ja kyseess\u00e4 on hiukan kaksijakoinen n\u00e4ytt\u00f6paikka kummallekin. \u00c5IFK pyrkii tekem\u00e4\u00e4n pes\u00e4eroa sarjataulukon per\u00e4p\u00e4\u00e4h\u00e4n, kun West puolestaan kamppailee tasaisessa ryhm\u00e4ss\u00e4 k\u00e4rkikaksikon Cocks-Dicken takana. Joukkueet kohtasivat [&hellip;]\" \/>\n<meta property=\"og:url\" content=\"https:\/\/aktialiiga.fi\/miehet\/2015-2016\/ennakot-2015-2016\/aifk-isannoi-hc-westia-sunnuntaina\/\" \/>\n<meta property=\"og:site_name\" content=\"K\u00e4sipallon miesten Aktialiiga\" \/>\n<meta property=\"article:publisher\" content=\"https:\/\/www.facebook.com\/finnhandball\" \/>\n<meta property=\"article:published_time\" content=\"2015-12-12T20:40:12+00:00\" \/>\n<meta property=\"article:modified_time\" content=\"2018-04-20T09:48:52+00:00\" \/>\n<meta property=\"og:image\" content=\"https:\/\/i0.wp.com\/aktialiiga.fi\/miehet\/wp-content\/uploads\/sites\/5\/2015\/08\/aifk-2015-16.jpg?fit=960%2C624&ssl=1\" \/>\n\t<meta property=\"og:image:width\" content=\"960\" \/>\n\t<meta property=\"og:image:height\" content=\"624\" \/>\n\t<meta property=\"og:image:type\" content=\"image\/jpeg\" \/>\n<meta name=\"author\" content=\"tbrmedia\" \/>\n<meta name=\"twitter:card\" content=\"summary_large_image\" \/>\n<meta name=\"twitter:creator\" content=\"@finnhandball\" \/>\n<meta name=\"twitter:site\" content=\"@finnhandball\" \/>\n<script type=\"application\/ld+json\" class=\"yoast-schema-graph\">{\"@context\":\"https:\\\/\\\/schema.org\",\"@graph\":[{\"@type\":\"Article\",\"@id\":\"https:\\\/\\\/aktialiiga.fi\\\/miehet\\\/2015-2016\\\/ennakot-2015-2016\\\/aifk-isannoi-hc-westia-sunnuntaina\\\/#article\",\"isPartOf\":{\"@id\":\"https:\\\/\\\/aktialiiga.fi\\\/miehet\\\/2015-2016\\\/ennakot-2015-2016\\\/aifk-isannoi-hc-westia-sunnuntaina\\\/\"},\"author\":{\"name\":\"tbrmedia\",\"@id\":\"https:\\\/\\\/aktialiiga.fi\\\/miehet\\\/#\\\/schema\\\/person\\\/c14bf42f47041db74603c45afcb18d87\"},\"headline\":\"\u00c5IFK is\u00e4nn\u00f6i HC Westia sunnuntaina\",\"datePublished\":\"2015-12-12T20:40:12+00:00\",\"dateModified\":\"2018-04-20T09:48:52+00:00\",\"mainEntityOfPage\":{\"@id\":\"https:\\\/\\\/aktialiiga.fi\\\/miehet\\\/2015-2016\\\/ennakot-2015-2016\\\/aifk-isannoi-hc-westia-sunnuntaina\\\/\"},\"wordCount\":137,\"publisher\":{\"@id\":\"https:\\\/\\\/aktialiiga.fi\\\/miehet\\\/#organization\"},\"image\":{\"@id\":\"https:\\\/\\\/aktialiiga.fi\\\/miehet\\\/2015-2016\\\/ennakot-2015-2016\\\/aifk-isannoi-hc-westia-sunnuntaina\\\/#primaryimage\"},\"thumbnailUrl\":\"https:\\\/\\\/i0.wp.com\\\/aktialiiga.fi\\\/miehet\\\/wp-content\\\/uploads\\\/sites\\\/5\\\/2015\\\/08\\\/aifk-2015-16.jpg?fit=960%2C624&ssl=1\",\"keywords\":[\"\u00c5IFK\",\"HC West\"],\"articleSection\":[\"Ennakot\"],\"inLanguage\":\"fi\"},{\"@type\":\"WebPage\",\"@id\":\"https:\\\/\\\/aktialiiga.fi\\\/miehet\\\/2015-2016\\\/ennakot-2015-2016\\\/aifk-isannoi-hc-westia-sunnuntaina\\\/\",\"url\":\"https:\\\/\\\/aktialiiga.fi\\\/miehet\\\/2015-2016\\\/ennakot-2015-2016\\\/aifk-isannoi-hc-westia-sunnuntaina\\\/\",\"name\":\"\u00c5IFK is\u00e4nn\u00f6i HC Westia sunnuntaina | K\u00e4sipallon miesten Aktialiiga\",\"isPartOf\":{\"@id\":\"https:\\\/\\\/aktialiiga.fi\\\/miehet\\\/#website\"},\"primaryImageOfPage\":{\"@id\":\"https:\\\/\\\/aktialiiga.fi\\\/miehet\\\/2015-2016\\\/ennakot-2015-2016\\\/aifk-isannoi-hc-westia-sunnuntaina\\\/#primaryimage\"},\"image\":{\"@id\":\"https:\\\/\\\/aktialiiga.fi\\\/miehet\\\/2015-2016\\\/ennakot-2015-2016\\\/aifk-isannoi-hc-westia-sunnuntaina\\\/#primaryimage\"},\"thumbnailUrl\":\"https:\\\/\\\/i0.wp.com\\\/aktialiiga.fi\\\/miehet\\\/wp-content\\\/uploads\\\/sites\\\/5\\\/2015\\\/08\\\/aifk-2015-16.jpg?fit=960%2C624&ssl=1\",\"datePublished\":\"2015-12-12T20:40:12+00:00\",\"dateModified\":\"2018-04-20T09:48:52+00:00\",\"breadcrumb\":{\"@id\":\"https:\\\/\\\/aktialiiga.fi\\\/miehet\\\/2015-2016\\\/ennakot-2015-2016\\\/aifk-isannoi-hc-westia-sunnuntaina\\\/#breadcrumb\"},\"inLanguage\":\"fi\",\"potentialAction\":[{\"@type\":\"ReadAction\",\"target\":[\"https:\\\/\\\/aktialiiga.fi\\\/miehet\\\/2015-2016\\\/ennakot-2015-2016\\\/aifk-isannoi-hc-westia-sunnuntaina\\\/\"]}]},{\"@type\":\"ImageObject\",\"inLanguage\":\"fi\",\"@id\":\"https:\\\/\\\/aktialiiga.fi\\\/miehet\\\/2015-2016\\\/ennakot-2015-2016\\\/aifk-isannoi-hc-westia-sunnuntaina\\\/#primaryimage\",\"url\":\"https:\\\/\\\/i0.wp.com\\\/aktialiiga.fi\\\/miehet\\\/wp-content\\\/uploads\\\/sites\\\/5\\\/2015\\\/08\\\/aifk-2015-16.jpg?fit=960%2C624&ssl=1\",\"contentUrl\":\"https:\\\/\\\/i0.wp.com\\\/aktialiiga.fi\\\/miehet\\\/wp-content\\\/uploads\\\/sites\\\/5\\\/2015\\\/08\\\/aifk-2015-16.jpg?fit=960%2C624&ssl=1\",\"width\":960,\"height\":624},{\"@type\":\"BreadcrumbList\",\"@id\":\"https:\\\/\\\/aktialiiga.fi\\\/miehet\\\/2015-2016\\\/ennakot-2015-2016\\\/aifk-isannoi-hc-westia-sunnuntaina\\\/#breadcrumb\",\"itemListElement\":[{\"@type\":\"ListItem\",\"position\":1,\"name\":\"Etusivu\",\"item\":\"https:\\\/\\\/aktialiiga.fi\\\/miehet\\\/\"},{\"@type\":\"ListItem\",\"position\":2,\"name\":\"\u00c5IFK is\u00e4nn\u00f6i HC Westia sunnuntaina\"}]},{\"@type\":\"WebSite\",\"@id\":\"https:\\\/\\\/aktialiiga.fi\\\/miehet\\\/#website\",\"url\":\"https:\\\/\\\/aktialiiga.fi\\\/miehet\\\/\",\"name\":\"K\u00e4sipallon miesten Aktialiiga\",\"description\":\"Valtakunnan vauhdikkainta palloilua!\",\"publisher\":{\"@id\":\"https:\\\/\\\/aktialiiga.fi\\\/miehet\\\/#organization\"},\"potentialAction\":[{\"@type\":\"SearchAction\",\"target\":{\"@type\":\"EntryPoint\",\"urlTemplate\":\"https:\\\/\\\/aktialiiga.fi\\\/miehet\\\/?s={search_term_string}\"},\"query-input\":{\"@type\":\"PropertyValueSpecification\",\"valueRequired\":true,\"valueName\":\"search_term_string\"}}],\"inLanguage\":\"fi\"},{\"@type\":\"Organization\",\"@id\":\"https:\\\/\\\/aktialiiga.fi\\\/miehet\\\/#organization\",\"name\":\"K\u00e4sipallon miesten Aktialiiga\",\"url\":\"https:\\\/\\\/aktialiiga.fi\\\/miehet\\\/\",\"logo\":{\"@type\":\"ImageObject\",\"inLanguage\":\"fi\",\"@id\":\"https:\\\/\\\/aktialiiga.fi\\\/miehet\\\/#\\\/schema\\\/logo\\\/image\\\/\",\"url\":\"https:\\\/\\\/i0.wp.com\\\/aktialiiga.fi\\\/miehet\\\/wp-content\\\/uploads\\\/sites\\\/5\\\/2024\\\/09\\\/Aktialiiga-Yoast-512.png?fit=512%2C512&ssl=1\",\"contentUrl\":\"https:\\\/\\\/i0.wp.com\\\/aktialiiga.fi\\\/miehet\\\/wp-content\\\/uploads\\\/sites\\\/5\\\/2024\\\/09\\\/Aktialiiga-Yoast-512.png?fit=512%2C512&ssl=1\",\"width\":512,\"height\":512,\"caption\":\"K\u00e4sipallon miesten Aktialiiga\"},\"image\":{\"@id\":\"https:\\\/\\\/aktialiiga.fi\\\/miehet\\\/#\\\/schema\\\/logo\\\/image\\\/\"},\"sameAs\":[\"https:\\\/\\\/www.facebook.com\\\/finnhandball\",\"https:\\\/\\\/x.com\\\/finnhandball\",\"https:\\\/\\\/www.instagram.com\\\/handballfinland\\\/\"]},{\"@type\":\"Person\",\"@id\":\"https:\\\/\\\/aktialiiga.fi\\\/miehet\\\/#\\\/schema\\\/person\\\/c14bf42f47041db74603c45afcb18d87\",\"name\":\"tbrmedia\",\"image\":{\"@type\":\"ImageObject\",\"inLanguage\":\"fi\",\"@id\":\"https:\\\/\\\/secure.gravatar.com\\\/avatar\\\/ee975fa091fe581d12b60debb3439022686618368a7c142044c56724d4666b16?s=96&d=mm&r=g\",\"url\":\"https:\\\/\\\/secure.gravatar.com\\\/avatar\\\/ee975fa091fe581d12b60debb3439022686618368a7c142044c56724d4666b16?s=96&d=mm&r=g\",\"contentUrl\":\"https:\\\/\\\/secure.gravatar.com\\\/avatar\\\/ee975fa091fe581d12b60debb3439022686618368a7c142044c56724d4666b16?s=96&d=mm&r=g\",\"caption\":\"tbrmedia\"}}]}<\/script>\n<!-- \/ Yoast SEO plugin. -->","yoast_head_json":{"title":"\u00c5IFK is\u00e4nn\u00f6i HC Westia sunnuntaina | K\u00e4sipallon miesten Aktialiiga","robots":{"index":"index","follow":"follow","max-snippet":"max-snippet:-1","max-image-preview":"max-image-preview:large","max-video-preview":"max-video-preview:-1"},"canonical":"https:\/\/aktialiiga.fi\/miehet\/2015-2016\/ennakot-2015-2016\/aifk-isannoi-hc-westia-sunnuntaina\/","og_locale":"fi_FI","og_type":"article","og_title":"\u00c5IFK is\u00e4nn\u00f6i HC Westia sunnuntaina | K\u00e4sipallon miesten Aktialiiga","og_description":"SM-liigan viikonloppu p\u00e4\u00e4ttyy sunnuntai-iltana Samppalinnassa, kun \u00c5IFK saa vieraakseen HC Westin. Otteluun tuo selke\u00e4n ennakkoj\u00e4nnitteen \u00c5IFK-kaksikon Topias Laine ja Paavo Brummer siirtyminen Westin riveihin vuodenvaihteesta alkaen. Kaksikko kohtaa nyt tulevan seuransa ja kyseess\u00e4 on hiukan kaksijakoinen n\u00e4ytt\u00f6paikka kummallekin. \u00c5IFK pyrkii tekem\u00e4\u00e4n pes\u00e4eroa sarjataulukon per\u00e4p\u00e4\u00e4h\u00e4n, kun West puolestaan kamppailee tasaisessa ryhm\u00e4ss\u00e4 k\u00e4rkikaksikon Cocks-Dicken takana. Joukkueet kohtasivat [&hellip;]","og_url":"https:\/\/aktialiiga.fi\/miehet\/2015-2016\/ennakot-2015-2016\/aifk-isannoi-hc-westia-sunnuntaina\/","og_site_name":"K\u00e4sipallon miesten Aktialiiga","article_publisher":"https:\/\/www.facebook.com\/finnhandball","article_published_time":"2015-12-12T20:40:12+00:00","article_modified_time":"2018-04-20T09:48:52+00:00","og_image":[{"width":960,"height":624,"url":"https:\/\/i0.wp.com\/aktialiiga.fi\/miehet\/wp-content\/uploads\/sites\/5\/2015\/08\/aifk-2015-16.jpg?fit=960%2C624&ssl=1","type":"image\/jpeg"}],"author":"tbrmedia","twitter_card":"summary_large_image","twitter_creator":"@finnhandball","twitter_site":"@finnhandball","schema":{"@context":"https:\/\/schema.org","@graph":[{"@type":"Article","@id":"https:\/\/aktialiiga.fi\/miehet\/2015-2016\/ennakot-2015-2016\/aifk-isannoi-hc-westia-sunnuntaina\/#article","isPartOf":{"@id":"https:\/\/aktialiiga.fi\/miehet\/2015-2016\/ennakot-2015-2016\/aifk-isannoi-hc-westia-sunnuntaina\/"},"author":{"name":"tbrmedia","@id":"https:\/\/aktialiiga.fi\/miehet\/#\/schema\/person\/c14bf42f47041db74603c45afcb18d87"},"headline":"\u00c5IFK is\u00e4nn\u00f6i HC Westia sunnuntaina","datePublished":"2015-12-12T20:40:12+00:00","dateModified":"2018-04-20T09:48:52+00:00","mainEntityOfPage":{"@id":"https:\/\/aktialiiga.fi\/miehet\/2015-2016\/ennakot-2015-2016\/aifk-isannoi-hc-westia-sunnuntaina\/"},"wordCount":137,"publisher":{"@id":"https:\/\/aktialiiga.fi\/miehet\/#organization"},"image":{"@id":"https:\/\/aktialiiga.fi\/miehet\/2015-2016\/ennakot-2015-2016\/aifk-isannoi-hc-westia-sunnuntaina\/#primaryimage"},"thumbnailUrl":"https:\/\/i0.wp.com\/aktialiiga.fi\/miehet\/wp-content\/uploads\/sites\/5\/2015\/08\/aifk-2015-16.jpg?fit=960%2C624&ssl=1","keywords":["\u00c5IFK","HC West"],"articleSection":["Ennakot"],"inLanguage":"fi"},{"@type":"WebPage","@id":"https:\/\/aktialiiga.fi\/miehet\/2015-2016\/ennakot-2015-2016\/aifk-isannoi-hc-westia-sunnuntaina\/","url":"https:\/\/aktialiiga.fi\/miehet\/2015-2016\/ennakot-2015-2016\/aifk-isannoi-hc-westia-sunnuntaina\/","name":"\u00c5IFK is\u00e4nn\u00f6i HC Westia sunnuntaina | K\u00e4sipallon miesten Aktialiiga","isPartOf":{"@id":"https:\/\/aktialiiga.fi\/miehet\/#website"},"primaryImageOfPage":{"@id":"https:\/\/aktialiiga.fi\/miehet\/2015-2016\/ennakot-2015-2016\/aifk-isannoi-hc-westia-sunnuntaina\/#primaryimage"},"image":{"@id":"https:\/\/aktialiiga.fi\/miehet\/2015-2016\/ennakot-2015-2016\/aifk-isannoi-hc-westia-sunnuntaina\/#primaryimage"},"thumbnailUrl":"https:\/\/i0.wp.com\/aktialiiga.fi\/miehet\/wp-content\/uploads\/sites\/5\/2015\/08\/aifk-2015-16.jpg?fit=960%2C624&ssl=1","datePublished":"2015-12-12T20:40:12+00:00","dateModified":"2018-04-20T09:48:52+00:00","breadcrumb":{"@id":"https:\/\/aktialiiga.fi\/miehet\/2015-2016\/ennakot-2015-2016\/aifk-isannoi-hc-westia-sunnuntaina\/#breadcrumb"},"inLanguage":"fi","potentialAction":[{"@type":"ReadAction","target":["https:\/\/aktialiiga.fi\/miehet\/2015-2016\/ennakot-2015-2016\/aifk-isannoi-hc-westia-sunnuntaina\/"]}]},{"@type":"ImageObject","inLanguage":"fi","@id":"https:\/\/aktialiiga.fi\/miehet\/2015-2016\/ennakot-2015-2016\/aifk-isannoi-hc-westia-sunnuntaina\/#primaryimage","url":"https:\/\/i0.wp.com\/aktialiiga.fi\/miehet\/wp-content\/uploads\/sites\/5\/2015\/08\/aifk-2015-16.jpg?fit=960%2C624&ssl=1","contentUrl":"https:\/\/i0.wp.com\/aktialiiga.fi\/miehet\/wp-content\/uploads\/sites\/5\/2015\/08\/aifk-2015-16.jpg?fit=960%2C624&ssl=1","width":960,"height":624},{"@type":"BreadcrumbList","@id":"https:\/\/aktialiiga.fi\/miehet\/2015-2016\/ennakot-2015-2016\/aifk-isannoi-hc-westia-sunnuntaina\/#breadcrumb","itemListElement":[{"@type":"ListItem","position":1,"name":"Etusivu","item":"https:\/\/aktialiiga.fi\/miehet\/"},{"@type":"ListItem","position":2,"name":"\u00c5IFK is\u00e4nn\u00f6i HC Westia sunnuntaina"}]},{"@type":"WebSite","@id":"https:\/\/aktialiiga.fi\/miehet\/#website","url":"https:\/\/aktialiiga.fi\/miehet\/","name":"K\u00e4sipallon miesten Aktialiiga","description":"Valtakunnan vauhdikkainta palloilua!","publisher":{"@id":"https:\/\/aktialiiga.fi\/miehet\/#organization"},"potentialAction":[{"@type":"SearchAction","target":{"@type":"EntryPoint","urlTemplate":"https:\/\/aktialiiga.fi\/miehet\/?s={search_term_string}"},"query-input":{"@type":"PropertyValueSpecification","valueRequired":true,"valueName":"search_term_string"}}],"inLanguage":"fi"},{"@type":"Organization","@id":"https:\/\/aktialiiga.fi\/miehet\/#organization","name":"K\u00e4sipallon miesten Aktialiiga","url":"https:\/\/aktialiiga.fi\/miehet\/","logo":{"@type":"ImageObject","inLanguage":"fi","@id":"https:\/\/aktialiiga.fi\/miehet\/#\/schema\/logo\/image\/","url":"https:\/\/i0.wp.com\/aktialiiga.fi\/miehet\/wp-content\/uploads\/sites\/5\/2024\/09\/Aktialiiga-Yoast-512.png?fit=512%2C512&ssl=1","contentUrl":"https:\/\/i0.wp.com\/aktialiiga.fi\/miehet\/wp-content\/uploads\/sites\/5\/2024\/09\/Aktialiiga-Yoast-512.png?fit=512%2C512&ssl=1","width":512,"height":512,"caption":"K\u00e4sipallon miesten Aktialiiga"},"image":{"@id":"https:\/\/aktialiiga.fi\/miehet\/#\/schema\/logo\/image\/"},"sameAs":["https:\/\/www.facebook.com\/finnhandball","https:\/\/x.com\/finnhandball","https:\/\/www.instagram.com\/handballfinland\/"]},{"@type":"Person","@id":"https:\/\/aktialiiga.fi\/miehet\/#\/schema\/person\/c14bf42f47041db74603c45afcb18d87","name":"tbrmedia","image":{"@type":"ImageObject","inLanguage":"fi","@id":"https:\/\/secure.gravatar.com\/avatar\/ee975fa091fe581d12b60debb3439022686618368a7c142044c56724d4666b16?s=96&d=mm&r=g","url":"https:\/\/secure.gravatar.com\/avatar\/ee975fa091fe581d12b60debb3439022686618368a7c142044c56724d4666b16?s=96&d=mm&r=g","contentUrl":"https:\/\/secure.gravatar.com\/avatar\/ee975fa091fe581d12b60debb3439022686618368a7c142044c56724d4666b16?s=96&d=mm&r=g","caption":"tbrmedia"}}]}},"jetpack_featured_media_url":"https:\/\/i0.wp.com\/aktialiiga.fi\/miehet\/wp-content\/uploads\/sites\/5\/2015\/08\/aifk-2015-16.jpg?fit=960%2C624&ssl=1","jetpack_sharing_enabled":true,"jetpack_shortlink":"https:\/\/wp.me\/pfTxOr-2Vk","_links":{"self":[{"href":"https:\/\/aktialiiga.fi\/miehet\/wp-json\/wp\/v2\/posts\/11242","targetHints":{"allow":["GET"]}}],"collection":[{"href":"https:\/\/aktialiiga.fi\/miehet\/wp-json\/wp\/v2\/posts"}],"about":[{"href":"https:\/\/aktialiiga.fi\/miehet\/wp-json\/wp\/v2\/types\/post"}],"author":[{"embeddable":true,"href":"https:\/\/aktialiiga.fi\/miehet\/wp-json\/wp\/v2\/users\/13"}],"replies":[{"embeddable":true,"href":"https:\/\/aktialiiga.fi\/miehet\/wp-json\/wp\/v2\/comments?post=11242"}],"version-history":[{"count":0,"href":"https:\/\/aktialiiga.fi\/miehet\/wp-json\/wp\/v2\/posts\/11242\/revisions"}],"wp:featuredmedia":[{"embeddable":true,"href":"https:\/\/aktialiiga.fi\/miehet\/wp-json\/wp\/v2\/media\/10587"}],"wp:attachment":[{"href":"https:\/\/aktialiiga.fi\/miehet\/wp-json\/wp\/v2\/media?parent=11242"}],"wp:term":[{"taxonomy":"category","embeddable":true,"href":"https:\/\/aktialiiga.fi\/miehet\/wp-json\/wp\/v2\/categories?post=11242"},{"taxonomy":"post_tag","embeddable":true,"href":"https:\/\/aktialiiga.fi\/miehet\/wp-json\/wp\/v2\/tags?post=11242"}],"curies":[{"name":"wp","href":"https:\/\/api.w.org\/{rel}","templated":true}]}}