{"id":11328,"date":"2016-01-22T20:42:13","date_gmt":"2016-01-22T18:42:13","guid":{"rendered":"https:\/\/aktialiiga.fi\/miehet\/?p=11328"},"modified":"2018-04-20T12:48:44","modified_gmt":"2018-04-20T09:48:44","slug":"dicken-avaa-kevaansa-kotona-sifaa-vastaan","status":"publish","type":"post","link":"https:\/\/aktialiiga.fi\/miehet\/2015-2016\/ennakot-2015-2016\/dicken-avaa-kevaansa-kotona-sifaa-vastaan\/","title":{"rendered":"Dicken avaa kev\u00e4\u00e4ns\u00e4 kotona SIF:aa vastaan"},"content":{"rendered":"<p>Dicken avaa kev\u00e4\u00e4n osaltaan lauantaina, kun uuden vuoden voitolla \u00c5IFK:sta aloittanut SIF saapuu vieraaksi Pirkkolaan Ylen suorana esitt\u00e4m\u00e4ss\u00e4 ottelussa.<\/p>\n<p>Kummankin joukkueen pelaajia on n\u00e4hty tauon aikana edustusteht\u00e4viss\u00e4. P\u00e4\u00e4valmentaja Kaj Kekin uudessa maajoukkueohjelmassa on monta tuttua Dickenl\u00e4ist\u00e4 mukana, mutta my\u00f6s vino pino SIF-pelaajia, kun Theo Westerlund, Ian Martin, Vincent Voutilainen sek\u00e4 Siuntion tuorein huippukaappaus, Oliver Helander, joka palaa Suomen kentille Ruotsista, Alings\u00e5sista ovat matkustaneet maajoukkueen mukana.<\/p>\n<p>SIF, joka on alisuorittanut koko alkukauden, on saavuttanut vasta kaksi voittoa, viimeisin keskiviikkona \u00c5IFK:ta vastaan, jonka kanssa he jakavat liigan seitsem\u00e4nnen sijan, takanaan ainoastaan Dynamo Riihim\u00e4ki. Dickenin verkkosivujen mukaan on kuitenkin\u00a0selv\u00e4\u00e4 ett\u00e4 siuntiolaiset parantavat loppukautta kohden, joten on \u00e4\u00e4rimm\u00e4isen t\u00e4rke\u00e4\u00e4 keskitty\u00e4 hyvin lauantain otteluun, sill\u00e4 hurmioitunutta siuntiolaislaumaa vastaan on todella hankala pelata.<\/p>\n<p>&#8211; T\u00e4st\u00e4 on hyv\u00e4 jatkaa etenkin kun saamme mukaan pelaajia, jotka nyt puuttuivat kokoonpanosta, SIF-luotsi Kaj Hagman totesi V\u00e4stra Nylandille kev\u00e4\u00e4n avausvoiton j\u00e4lkeen.<\/p>\n<p>Joukkueet ovat kohdanneet kuluneen kauden aikana kahdesti, ja molemmat ottelut ovat p\u00e4\u00e4ttyneet lauttasaarelaisten selke\u00e4\u00e4n voittoon. Lauantain ottelusta on kuitenkin odotettavissa selke\u00e4sti tiukempi ottelu.<\/p>\n<p>Dicken tulee joka tapauksessa olemaan ennakkosuosikki lauantaina, eik\u00e4 mik\u00e4\u00e4n muu kuin voitto tyydyt\u00e4 lauttasaarelaisia. Kotiyleis\u00f6n kannustus on aina t\u00e4rke\u00e4\u00e4, varsinkin kun edellisest\u00e4 ottelusta on jo kulunut useita viikkoja, eik\u00e4 joukkue ole p\u00e4\u00e4ssyt harjoittelemaan kunnolla yhdess\u00e4 maajoukkuetapahtumien vuoksi. T\u00e4m\u00e4 toki koskee my\u00f6s siuntiolaisia.<\/p>\n<p>Ottelu Pirkkolassa alkaa lauantaina kello 17.05. Suora l\u00e4hetys ottelusta Yle TV2:lla ja Yle Areenassa alkaen kello 17.00.<\/p>\n<p><em>K\u00e4sipallon miesten SM-Liigan ottelut kattavasti my\u00f6s Veikkauksen urheilupelien tarjonnassa, k\u00e4sipallon kohteet l\u00f6yd\u00e4t <a href=\"https:\/\/www.veikkaus.fi\/fi\/urheilu?hae=kasipallo\" target=\"_blank\"><strong>t\u00e4\u00e4lt\u00e4<\/strong><\/a>.<\/em><\/p>\n","protected":false},"excerpt":{"rendered":"<p>Dicken avaa kev\u00e4\u00e4n osaltaan lauantaina, kun uuden vuoden voitolla \u00c5IFK:sta aloittanut SIF saapuu vieraaksi Pirkkolaan Ylen suorana esitt\u00e4m\u00e4ss\u00e4 ottelussa. Kummankin joukkueen pelaajia on n\u00e4hty tauon aikana edustusteht\u00e4viss\u00e4. P\u00e4\u00e4valmentaja Kaj Kekin uudessa maajoukkueohjelmassa on monta tuttua Dickenl\u00e4ist\u00e4 mukana, mutta my\u00f6s vino pino SIF-pelaajia, kun Theo Westerlund, Ian Martin, Vincent Voutilainen sek\u00e4 Siuntion tuorein huippukaappaus, Oliver Helander, [&hellip;]<\/p>\n","protected":false},"author":13,"featured_media":11120,"comment_status":"closed","ping_status":"closed","sticky":false,"template":"","format":"standard","meta":{"_acf_changed":false,"jetpack_post_was_ever_published":false,"_jetpack_newsletter_access":"","_jetpack_dont_email_post_to_subs":false,"_jetpack_newsletter_tier_id":0,"_jetpack_memberships_contains_paywalled_content":false,"_jetpack_memberships_contains_paid_content":false,"footnotes":""},"categories":[42],"tags":[58,111],"class_list":["post-11328","post","type-post","status-publish","format-standard","has-post-thumbnail","hentry","category-ennakot-2015-2016","tag-dicken","tag-sif"],"acf":[],"yoast_head":"<!-- This site is optimized with the Yoast SEO plugin v27.5 - https:\/\/yoast.com\/product\/yoast-seo-wordpress\/ -->\n<title>Dicken avaa kev\u00e4\u00e4ns\u00e4 kotona SIF:aa vastaan | K\u00e4sipallon miesten Aktialiiga<\/title>\n<meta name=\"robots\" content=\"index, follow, max-snippet:-1, max-image-preview:large, max-video-preview:-1\" \/>\n<link rel=\"canonical\" href=\"https:\/\/aktialiiga.fi\/miehet\/2015-2016\/ennakot-2015-2016\/dicken-avaa-kevaansa-kotona-sifaa-vastaan\/\" \/>\n<meta property=\"og:locale\" content=\"fi_FI\" \/>\n<meta property=\"og:type\" content=\"article\" \/>\n<meta property=\"og:title\" content=\"Dicken avaa kev\u00e4\u00e4ns\u00e4 kotona SIF:aa vastaan | K\u00e4sipallon miesten Aktialiiga\" \/>\n<meta property=\"og:description\" content=\"Dicken avaa kev\u00e4\u00e4n osaltaan lauantaina, kun uuden vuoden voitolla \u00c5IFK:sta aloittanut SIF saapuu vieraaksi Pirkkolaan Ylen suorana esitt\u00e4m\u00e4ss\u00e4 ottelussa. Kummankin joukkueen pelaajia on n\u00e4hty tauon aikana edustusteht\u00e4viss\u00e4. P\u00e4\u00e4valmentaja Kaj Kekin uudessa maajoukkueohjelmassa on monta tuttua Dickenl\u00e4ist\u00e4 mukana, mutta my\u00f6s vino pino SIF-pelaajia, kun Theo Westerlund, Ian Martin, Vincent Voutilainen sek\u00e4 Siuntion tuorein huippukaappaus, Oliver Helander, [&hellip;]\" \/>\n<meta property=\"og:url\" content=\"https:\/\/aktialiiga.fi\/miehet\/2015-2016\/ennakot-2015-2016\/dicken-avaa-kevaansa-kotona-sifaa-vastaan\/\" \/>\n<meta property=\"og:site_name\" content=\"K\u00e4sipallon miesten Aktialiiga\" \/>\n<meta property=\"article:publisher\" content=\"https:\/\/www.facebook.com\/finnhandball\" \/>\n<meta property=\"article:published_time\" content=\"2016-01-22T18:42:13+00:00\" \/>\n<meta property=\"article:modified_time\" content=\"2018-04-20T09:48:44+00:00\" \/>\n<meta property=\"og:image\" content=\"https:\/\/i0.wp.com\/aktialiiga.fi\/miehet\/wp-content\/uploads\/sites\/5\/2015\/11\/Dicken_pelaajia_1516.jpg?fit=644%2C400&ssl=1\" \/>\n\t<meta property=\"og:image:width\" content=\"644\" \/>\n\t<meta property=\"og:image:height\" content=\"400\" \/>\n\t<meta property=\"og:image:type\" content=\"image\/jpeg\" \/>\n<meta name=\"author\" content=\"tbrmedia\" \/>\n<meta name=\"twitter:card\" content=\"summary_large_image\" \/>\n<meta name=\"twitter:creator\" content=\"@finnhandball\" \/>\n<meta name=\"twitter:site\" content=\"@finnhandball\" \/>\n<script type=\"application\/ld+json\" class=\"yoast-schema-graph\">{\"@context\":\"https:\\\/\\\/schema.org\",\"@graph\":[{\"@type\":\"Article\",\"@id\":\"https:\\\/\\\/aktialiiga.fi\\\/miehet\\\/2015-2016\\\/ennakot-2015-2016\\\/dicken-avaa-kevaansa-kotona-sifaa-vastaan\\\/#article\",\"isPartOf\":{\"@id\":\"https:\\\/\\\/aktialiiga.fi\\\/miehet\\\/2015-2016\\\/ennakot-2015-2016\\\/dicken-avaa-kevaansa-kotona-sifaa-vastaan\\\/\"},\"author\":{\"name\":\"tbrmedia\",\"@id\":\"https:\\\/\\\/aktialiiga.fi\\\/miehet\\\/#\\\/schema\\\/person\\\/c14bf42f47041db74603c45afcb18d87\"},\"headline\":\"Dicken avaa kev\u00e4\u00e4ns\u00e4 kotona SIF:aa vastaan\",\"datePublished\":\"2016-01-22T18:42:13+00:00\",\"dateModified\":\"2018-04-20T09:48:44+00:00\",\"mainEntityOfPage\":{\"@id\":\"https:\\\/\\\/aktialiiga.fi\\\/miehet\\\/2015-2016\\\/ennakot-2015-2016\\\/dicken-avaa-kevaansa-kotona-sifaa-vastaan\\\/\"},\"wordCount\":278,\"publisher\":{\"@id\":\"https:\\\/\\\/aktialiiga.fi\\\/miehet\\\/#organization\"},\"image\":{\"@id\":\"https:\\\/\\\/aktialiiga.fi\\\/miehet\\\/2015-2016\\\/ennakot-2015-2016\\\/dicken-avaa-kevaansa-kotona-sifaa-vastaan\\\/#primaryimage\"},\"thumbnailUrl\":\"https:\\\/\\\/i0.wp.com\\\/aktialiiga.fi\\\/miehet\\\/wp-content\\\/uploads\\\/sites\\\/5\\\/2015\\\/11\\\/Dicken_pelaajia_1516.jpg?fit=644%2C400&ssl=1\",\"keywords\":[\"Dicken\",\"SIF\"],\"articleSection\":[\"Ennakot\"],\"inLanguage\":\"fi\"},{\"@type\":\"WebPage\",\"@id\":\"https:\\\/\\\/aktialiiga.fi\\\/miehet\\\/2015-2016\\\/ennakot-2015-2016\\\/dicken-avaa-kevaansa-kotona-sifaa-vastaan\\\/\",\"url\":\"https:\\\/\\\/aktialiiga.fi\\\/miehet\\\/2015-2016\\\/ennakot-2015-2016\\\/dicken-avaa-kevaansa-kotona-sifaa-vastaan\\\/\",\"name\":\"Dicken avaa kev\u00e4\u00e4ns\u00e4 kotona SIF:aa vastaan | K\u00e4sipallon miesten Aktialiiga\",\"isPartOf\":{\"@id\":\"https:\\\/\\\/aktialiiga.fi\\\/miehet\\\/#website\"},\"primaryImageOfPage\":{\"@id\":\"https:\\\/\\\/aktialiiga.fi\\\/miehet\\\/2015-2016\\\/ennakot-2015-2016\\\/dicken-avaa-kevaansa-kotona-sifaa-vastaan\\\/#primaryimage\"},\"image\":{\"@id\":\"https:\\\/\\\/aktialiiga.fi\\\/miehet\\\/2015-2016\\\/ennakot-2015-2016\\\/dicken-avaa-kevaansa-kotona-sifaa-vastaan\\\/#primaryimage\"},\"thumbnailUrl\":\"https:\\\/\\\/i0.wp.com\\\/aktialiiga.fi\\\/miehet\\\/wp-content\\\/uploads\\\/sites\\\/5\\\/2015\\\/11\\\/Dicken_pelaajia_1516.jpg?fit=644%2C400&ssl=1\",\"datePublished\":\"2016-01-22T18:42:13+00:00\",\"dateModified\":\"2018-04-20T09:48:44+00:00\",\"breadcrumb\":{\"@id\":\"https:\\\/\\\/aktialiiga.fi\\\/miehet\\\/2015-2016\\\/ennakot-2015-2016\\\/dicken-avaa-kevaansa-kotona-sifaa-vastaan\\\/#breadcrumb\"},\"inLanguage\":\"fi\",\"potentialAction\":[{\"@type\":\"ReadAction\",\"target\":[\"https:\\\/\\\/aktialiiga.fi\\\/miehet\\\/2015-2016\\\/ennakot-2015-2016\\\/dicken-avaa-kevaansa-kotona-sifaa-vastaan\\\/\"]}]},{\"@type\":\"ImageObject\",\"inLanguage\":\"fi\",\"@id\":\"https:\\\/\\\/aktialiiga.fi\\\/miehet\\\/2015-2016\\\/ennakot-2015-2016\\\/dicken-avaa-kevaansa-kotona-sifaa-vastaan\\\/#primaryimage\",\"url\":\"https:\\\/\\\/i0.wp.com\\\/aktialiiga.fi\\\/miehet\\\/wp-content\\\/uploads\\\/sites\\\/5\\\/2015\\\/11\\\/Dicken_pelaajia_1516.jpg?fit=644%2C400&ssl=1\",\"contentUrl\":\"https:\\\/\\\/i0.wp.com\\\/aktialiiga.fi\\\/miehet\\\/wp-content\\\/uploads\\\/sites\\\/5\\\/2015\\\/11\\\/Dicken_pelaajia_1516.jpg?fit=644%2C400&ssl=1\",\"width\":644,\"height\":400},{\"@type\":\"BreadcrumbList\",\"@id\":\"https:\\\/\\\/aktialiiga.fi\\\/miehet\\\/2015-2016\\\/ennakot-2015-2016\\\/dicken-avaa-kevaansa-kotona-sifaa-vastaan\\\/#breadcrumb\",\"itemListElement\":[{\"@type\":\"ListItem\",\"position\":1,\"name\":\"Etusivu\",\"item\":\"https:\\\/\\\/aktialiiga.fi\\\/miehet\\\/\"},{\"@type\":\"ListItem\",\"position\":2,\"name\":\"Dicken avaa kev\u00e4\u00e4ns\u00e4 kotona SIF:aa vastaan\"}]},{\"@type\":\"WebSite\",\"@id\":\"https:\\\/\\\/aktialiiga.fi\\\/miehet\\\/#website\",\"url\":\"https:\\\/\\\/aktialiiga.fi\\\/miehet\\\/\",\"name\":\"K\u00e4sipallon miesten Aktialiiga\",\"description\":\"Valtakunnan vauhdikkainta palloilua!\",\"publisher\":{\"@id\":\"https:\\\/\\\/aktialiiga.fi\\\/miehet\\\/#organization\"},\"potentialAction\":[{\"@type\":\"SearchAction\",\"target\":{\"@type\":\"EntryPoint\",\"urlTemplate\":\"https:\\\/\\\/aktialiiga.fi\\\/miehet\\\/?s={search_term_string}\"},\"query-input\":{\"@type\":\"PropertyValueSpecification\",\"valueRequired\":true,\"valueName\":\"search_term_string\"}}],\"inLanguage\":\"fi\"},{\"@type\":\"Organization\",\"@id\":\"https:\\\/\\\/aktialiiga.fi\\\/miehet\\\/#organization\",\"name\":\"K\u00e4sipallon miesten Aktialiiga\",\"url\":\"https:\\\/\\\/aktialiiga.fi\\\/miehet\\\/\",\"logo\":{\"@type\":\"ImageObject\",\"inLanguage\":\"fi\",\"@id\":\"https:\\\/\\\/aktialiiga.fi\\\/miehet\\\/#\\\/schema\\\/logo\\\/image\\\/\",\"url\":\"https:\\\/\\\/i0.wp.com\\\/aktialiiga.fi\\\/miehet\\\/wp-content\\\/uploads\\\/sites\\\/5\\\/2024\\\/09\\\/Aktialiiga-Yoast-512.png?fit=512%2C512&ssl=1\",\"contentUrl\":\"https:\\\/\\\/i0.wp.com\\\/aktialiiga.fi\\\/miehet\\\/wp-content\\\/uploads\\\/sites\\\/5\\\/2024\\\/09\\\/Aktialiiga-Yoast-512.png?fit=512%2C512&ssl=1\",\"width\":512,\"height\":512,\"caption\":\"K\u00e4sipallon miesten Aktialiiga\"},\"image\":{\"@id\":\"https:\\\/\\\/aktialiiga.fi\\\/miehet\\\/#\\\/schema\\\/logo\\\/image\\\/\"},\"sameAs\":[\"https:\\\/\\\/www.facebook.com\\\/finnhandball\",\"https:\\\/\\\/x.com\\\/finnhandball\",\"https:\\\/\\\/www.instagram.com\\\/handballfinland\\\/\"]},{\"@type\":\"Person\",\"@id\":\"https:\\\/\\\/aktialiiga.fi\\\/miehet\\\/#\\\/schema\\\/person\\\/c14bf42f47041db74603c45afcb18d87\",\"name\":\"tbrmedia\",\"image\":{\"@type\":\"ImageObject\",\"inLanguage\":\"fi\",\"@id\":\"https:\\\/\\\/secure.gravatar.com\\\/avatar\\\/ee975fa091fe581d12b60debb3439022686618368a7c142044c56724d4666b16?s=96&d=mm&r=g\",\"url\":\"https:\\\/\\\/secure.gravatar.com\\\/avatar\\\/ee975fa091fe581d12b60debb3439022686618368a7c142044c56724d4666b16?s=96&d=mm&r=g\",\"contentUrl\":\"https:\\\/\\\/secure.gravatar.com\\\/avatar\\\/ee975fa091fe581d12b60debb3439022686618368a7c142044c56724d4666b16?s=96&d=mm&r=g\",\"caption\":\"tbrmedia\"}}]}<\/script>\n<!-- \/ Yoast SEO plugin. -->","yoast_head_json":{"title":"Dicken avaa kev\u00e4\u00e4ns\u00e4 kotona SIF:aa vastaan | K\u00e4sipallon miesten Aktialiiga","robots":{"index":"index","follow":"follow","max-snippet":"max-snippet:-1","max-image-preview":"max-image-preview:large","max-video-preview":"max-video-preview:-1"},"canonical":"https:\/\/aktialiiga.fi\/miehet\/2015-2016\/ennakot-2015-2016\/dicken-avaa-kevaansa-kotona-sifaa-vastaan\/","og_locale":"fi_FI","og_type":"article","og_title":"Dicken avaa kev\u00e4\u00e4ns\u00e4 kotona SIF:aa vastaan | K\u00e4sipallon miesten Aktialiiga","og_description":"Dicken avaa kev\u00e4\u00e4n osaltaan lauantaina, kun uuden vuoden voitolla \u00c5IFK:sta aloittanut SIF saapuu vieraaksi Pirkkolaan Ylen suorana esitt\u00e4m\u00e4ss\u00e4 ottelussa. Kummankin joukkueen pelaajia on n\u00e4hty tauon aikana edustusteht\u00e4viss\u00e4. P\u00e4\u00e4valmentaja Kaj Kekin uudessa maajoukkueohjelmassa on monta tuttua Dickenl\u00e4ist\u00e4 mukana, mutta my\u00f6s vino pino SIF-pelaajia, kun Theo Westerlund, Ian Martin, Vincent Voutilainen sek\u00e4 Siuntion tuorein huippukaappaus, Oliver Helander, [&hellip;]","og_url":"https:\/\/aktialiiga.fi\/miehet\/2015-2016\/ennakot-2015-2016\/dicken-avaa-kevaansa-kotona-sifaa-vastaan\/","og_site_name":"K\u00e4sipallon miesten Aktialiiga","article_publisher":"https:\/\/www.facebook.com\/finnhandball","article_published_time":"2016-01-22T18:42:13+00:00","article_modified_time":"2018-04-20T09:48:44+00:00","og_image":[{"width":644,"height":400,"url":"https:\/\/i0.wp.com\/aktialiiga.fi\/miehet\/wp-content\/uploads\/sites\/5\/2015\/11\/Dicken_pelaajia_1516.jpg?fit=644%2C400&ssl=1","type":"image\/jpeg"}],"author":"tbrmedia","twitter_card":"summary_large_image","twitter_creator":"@finnhandball","twitter_site":"@finnhandball","schema":{"@context":"https:\/\/schema.org","@graph":[{"@type":"Article","@id":"https:\/\/aktialiiga.fi\/miehet\/2015-2016\/ennakot-2015-2016\/dicken-avaa-kevaansa-kotona-sifaa-vastaan\/#article","isPartOf":{"@id":"https:\/\/aktialiiga.fi\/miehet\/2015-2016\/ennakot-2015-2016\/dicken-avaa-kevaansa-kotona-sifaa-vastaan\/"},"author":{"name":"tbrmedia","@id":"https:\/\/aktialiiga.fi\/miehet\/#\/schema\/person\/c14bf42f47041db74603c45afcb18d87"},"headline":"Dicken avaa kev\u00e4\u00e4ns\u00e4 kotona SIF:aa vastaan","datePublished":"2016-01-22T18:42:13+00:00","dateModified":"2018-04-20T09:48:44+00:00","mainEntityOfPage":{"@id":"https:\/\/aktialiiga.fi\/miehet\/2015-2016\/ennakot-2015-2016\/dicken-avaa-kevaansa-kotona-sifaa-vastaan\/"},"wordCount":278,"publisher":{"@id":"https:\/\/aktialiiga.fi\/miehet\/#organization"},"image":{"@id":"https:\/\/aktialiiga.fi\/miehet\/2015-2016\/ennakot-2015-2016\/dicken-avaa-kevaansa-kotona-sifaa-vastaan\/#primaryimage"},"thumbnailUrl":"https:\/\/i0.wp.com\/aktialiiga.fi\/miehet\/wp-content\/uploads\/sites\/5\/2015\/11\/Dicken_pelaajia_1516.jpg?fit=644%2C400&ssl=1","keywords":["Dicken","SIF"],"articleSection":["Ennakot"],"inLanguage":"fi"},{"@type":"WebPage","@id":"https:\/\/aktialiiga.fi\/miehet\/2015-2016\/ennakot-2015-2016\/dicken-avaa-kevaansa-kotona-sifaa-vastaan\/","url":"https:\/\/aktialiiga.fi\/miehet\/2015-2016\/ennakot-2015-2016\/dicken-avaa-kevaansa-kotona-sifaa-vastaan\/","name":"Dicken avaa kev\u00e4\u00e4ns\u00e4 kotona SIF:aa vastaan | K\u00e4sipallon miesten Aktialiiga","isPartOf":{"@id":"https:\/\/aktialiiga.fi\/miehet\/#website"},"primaryImageOfPage":{"@id":"https:\/\/aktialiiga.fi\/miehet\/2015-2016\/ennakot-2015-2016\/dicken-avaa-kevaansa-kotona-sifaa-vastaan\/#primaryimage"},"image":{"@id":"https:\/\/aktialiiga.fi\/miehet\/2015-2016\/ennakot-2015-2016\/dicken-avaa-kevaansa-kotona-sifaa-vastaan\/#primaryimage"},"thumbnailUrl":"https:\/\/i0.wp.com\/aktialiiga.fi\/miehet\/wp-content\/uploads\/sites\/5\/2015\/11\/Dicken_pelaajia_1516.jpg?fit=644%2C400&ssl=1","datePublished":"2016-01-22T18:42:13+00:00","dateModified":"2018-04-20T09:48:44+00:00","breadcrumb":{"@id":"https:\/\/aktialiiga.fi\/miehet\/2015-2016\/ennakot-2015-2016\/dicken-avaa-kevaansa-kotona-sifaa-vastaan\/#breadcrumb"},"inLanguage":"fi","potentialAction":[{"@type":"ReadAction","target":["https:\/\/aktialiiga.fi\/miehet\/2015-2016\/ennakot-2015-2016\/dicken-avaa-kevaansa-kotona-sifaa-vastaan\/"]}]},{"@type":"ImageObject","inLanguage":"fi","@id":"https:\/\/aktialiiga.fi\/miehet\/2015-2016\/ennakot-2015-2016\/dicken-avaa-kevaansa-kotona-sifaa-vastaan\/#primaryimage","url":"https:\/\/i0.wp.com\/aktialiiga.fi\/miehet\/wp-content\/uploads\/sites\/5\/2015\/11\/Dicken_pelaajia_1516.jpg?fit=644%2C400&ssl=1","contentUrl":"https:\/\/i0.wp.com\/aktialiiga.fi\/miehet\/wp-content\/uploads\/sites\/5\/2015\/11\/Dicken_pelaajia_1516.jpg?fit=644%2C400&ssl=1","width":644,"height":400},{"@type":"BreadcrumbList","@id":"https:\/\/aktialiiga.fi\/miehet\/2015-2016\/ennakot-2015-2016\/dicken-avaa-kevaansa-kotona-sifaa-vastaan\/#breadcrumb","itemListElement":[{"@type":"ListItem","position":1,"name":"Etusivu","item":"https:\/\/aktialiiga.fi\/miehet\/"},{"@type":"ListItem","position":2,"name":"Dicken avaa kev\u00e4\u00e4ns\u00e4 kotona SIF:aa vastaan"}]},{"@type":"WebSite","@id":"https:\/\/aktialiiga.fi\/miehet\/#website","url":"https:\/\/aktialiiga.fi\/miehet\/","name":"K\u00e4sipallon miesten Aktialiiga","description":"Valtakunnan vauhdikkainta palloilua!","publisher":{"@id":"https:\/\/aktialiiga.fi\/miehet\/#organization"},"potentialAction":[{"@type":"SearchAction","target":{"@type":"EntryPoint","urlTemplate":"https:\/\/aktialiiga.fi\/miehet\/?s={search_term_string}"},"query-input":{"@type":"PropertyValueSpecification","valueRequired":true,"valueName":"search_term_string"}}],"inLanguage":"fi"},{"@type":"Organization","@id":"https:\/\/aktialiiga.fi\/miehet\/#organization","name":"K\u00e4sipallon miesten Aktialiiga","url":"https:\/\/aktialiiga.fi\/miehet\/","logo":{"@type":"ImageObject","inLanguage":"fi","@id":"https:\/\/aktialiiga.fi\/miehet\/#\/schema\/logo\/image\/","url":"https:\/\/i0.wp.com\/aktialiiga.fi\/miehet\/wp-content\/uploads\/sites\/5\/2024\/09\/Aktialiiga-Yoast-512.png?fit=512%2C512&ssl=1","contentUrl":"https:\/\/i0.wp.com\/aktialiiga.fi\/miehet\/wp-content\/uploads\/sites\/5\/2024\/09\/Aktialiiga-Yoast-512.png?fit=512%2C512&ssl=1","width":512,"height":512,"caption":"K\u00e4sipallon miesten Aktialiiga"},"image":{"@id":"https:\/\/aktialiiga.fi\/miehet\/#\/schema\/logo\/image\/"},"sameAs":["https:\/\/www.facebook.com\/finnhandball","https:\/\/x.com\/finnhandball","https:\/\/www.instagram.com\/handballfinland\/"]},{"@type":"Person","@id":"https:\/\/aktialiiga.fi\/miehet\/#\/schema\/person\/c14bf42f47041db74603c45afcb18d87","name":"tbrmedia","image":{"@type":"ImageObject","inLanguage":"fi","@id":"https:\/\/secure.gravatar.com\/avatar\/ee975fa091fe581d12b60debb3439022686618368a7c142044c56724d4666b16?s=96&d=mm&r=g","url":"https:\/\/secure.gravatar.com\/avatar\/ee975fa091fe581d12b60debb3439022686618368a7c142044c56724d4666b16?s=96&d=mm&r=g","contentUrl":"https:\/\/secure.gravatar.com\/avatar\/ee975fa091fe581d12b60debb3439022686618368a7c142044c56724d4666b16?s=96&d=mm&r=g","caption":"tbrmedia"}}]}},"jetpack_featured_media_url":"https:\/\/i0.wp.com\/aktialiiga.fi\/miehet\/wp-content\/uploads\/sites\/5\/2015\/11\/Dicken_pelaajia_1516.jpg?fit=644%2C400&ssl=1","jetpack_sharing_enabled":true,"jetpack_shortlink":"https:\/\/wp.me\/pfTxOr-2WI","_links":{"self":[{"href":"https:\/\/aktialiiga.fi\/miehet\/wp-json\/wp\/v2\/posts\/11328","targetHints":{"allow":["GET"]}}],"collection":[{"href":"https:\/\/aktialiiga.fi\/miehet\/wp-json\/wp\/v2\/posts"}],"about":[{"href":"https:\/\/aktialiiga.fi\/miehet\/wp-json\/wp\/v2\/types\/post"}],"author":[{"embeddable":true,"href":"https:\/\/aktialiiga.fi\/miehet\/wp-json\/wp\/v2\/users\/13"}],"replies":[{"embeddable":true,"href":"https:\/\/aktialiiga.fi\/miehet\/wp-json\/wp\/v2\/comments?post=11328"}],"version-history":[{"count":0,"href":"https:\/\/aktialiiga.fi\/miehet\/wp-json\/wp\/v2\/posts\/11328\/revisions"}],"wp:featuredmedia":[{"embeddable":true,"href":"https:\/\/aktialiiga.fi\/miehet\/wp-json\/wp\/v2\/media\/11120"}],"wp:attachment":[{"href":"https:\/\/aktialiiga.fi\/miehet\/wp-json\/wp\/v2\/media?parent=11328"}],"wp:term":[{"taxonomy":"category","embeddable":true,"href":"https:\/\/aktialiiga.fi\/miehet\/wp-json\/wp\/v2\/categories?post=11328"},{"taxonomy":"post_tag","embeddable":true,"href":"https:\/\/aktialiiga.fi\/miehet\/wp-json\/wp\/v2\/tags?post=11328"}],"curies":[{"name":"wp","href":"https:\/\/api.w.org\/{rel}","templated":true}]}}