{"id":11461,"date":"2016-02-09T17:11:29","date_gmt":"2016-02-09T15:11:29","guid":{"rendered":"https:\/\/aktialiiga.fi\/miehet\/?p=11461"},"modified":"2018-04-20T12:48:34","modified_gmt":"2018-04-20T09:48:34","slug":"dicken-matkaa-aifkn-vieraaksi","status":"publish","type":"post","link":"https:\/\/aktialiiga.fi\/miehet\/2015-2016\/ennakot-2015-2016\/dicken-matkaa-aifkn-vieraaksi\/","title":{"rendered":"Dicken matkaa \u00c5IFK:n vieraaksi"},"content":{"rendered":"<p>\u00c5IFK saa keskiviikkona vieraita p\u00e4\u00e4kaupungista, kun sarjakakkonen Dicken saapuu mittaamaan turkulaisten p\u00e4iv\u00e4n vireen.<\/p>\n<p>\u00c5IFK:n alkuvuosi on ollut vaikea. Pelaajia siirtyi muualle vuodenvaihteessa ja lis\u00e4ksi loukkaantumiset ovat vaivanneet kapeaa rinki\u00e4 pahasti. Suurin isku on Andreas Nystr\u00f6min poissaolo, joka pahimmillaan saattaa olla koko loppukauden mittainen.<\/p>\n<p>Dickenink\u00e4\u00e4n vuosi ei ole alkanut aivan syksyn malliin. SIF kaatui uuden vuoden ensimm\u00e4isess\u00e4 ottelussa, mutta sen j\u00e4lkeen Dicken on k\u00e4rsinyt tappiot sek\u00e4 HC Westille ett\u00e4 Cocksille voittaen tosin v\u00e4liss\u00e4 paikalliskamppailussa HIFK:n \u00e4\u00e4rimm\u00e4isen niukasti.<\/p>\n<p>&#8211; Menn\u00e4\u00e4n v\u00e4h\u00e4n yl\u00f6s ja alas, ei siihen mit\u00e4\u00e4n erityist\u00e4 syyt\u00e4 ole. Ei asiasta kuitenkaan tarvitse olla huolissaan, min\u00e4 en ole, Dickenin Benny Broman totesi HBL:lle.<\/p>\n<p>Joka tapauksessa Dicken l\u00e4htee otteluun selke\u00e4n\u00e4 suosikkina. Suosikkiasemaa tukee my\u00f6s kauden aiempi kohtaaminen, jonka Dicken vei marraskuussa Pirkkolassa nimiins\u00e4 selkein lukemin 42-25.<\/p>\n<p>Pallo py\u00f6r\u00e4ht\u00e4\u00e4 Samppalinnan palloiluhallissa peliin keskiviikkona kello 18.30.<\/p>\n<p><em>K\u00e4sipallon miesten SM-Liigan ottelut kattavasti my\u00f6s Veikkauksen urheilupelien tarjonnassa, k\u00e4sipallon kohteet l\u00f6yd\u00e4t <a href=\"https:\/\/www.veikkaus.fi\/fi\/urheilu?hae=kasipallo\" target=\"_blank\"><strong>t\u00e4\u00e4lt\u00e4<\/strong><\/a>.<\/em><\/p>\n","protected":false},"excerpt":{"rendered":"<p>\u00c5IFK saa keskiviikkona vieraita p\u00e4\u00e4kaupungista, kun sarjakakkonen Dicken saapuu mittaamaan turkulaisten p\u00e4iv\u00e4n vireen. \u00c5IFK:n alkuvuosi on ollut vaikea. Pelaajia siirtyi muualle vuodenvaihteessa ja lis\u00e4ksi loukkaantumiset ovat vaivanneet kapeaa rinki\u00e4 pahasti. Suurin isku on Andreas Nystr\u00f6min poissaolo, joka pahimmillaan saattaa olla koko loppukauden mittainen. Dickenink\u00e4\u00e4n vuosi ei ole alkanut aivan syksyn malliin. SIF kaatui uuden vuoden [&hellip;]<\/p>\n","protected":false},"author":13,"featured_media":10777,"comment_status":"closed","ping_status":"closed","sticky":false,"template":"","format":"standard","meta":{"_acf_changed":false,"jetpack_post_was_ever_published":false,"_jetpack_newsletter_access":"","_jetpack_dont_email_post_to_subs":false,"_jetpack_newsletter_tier_id":0,"_jetpack_memberships_contains_paywalled_content":false,"_jetpack_memberships_contains_paid_content":false,"footnotes":""},"categories":[42],"tags":[50,58],"class_list":["post-11461","post","type-post","status-publish","format-standard","has-post-thumbnail","hentry","category-ennakot-2015-2016","tag-aifk","tag-dicken"],"acf":[],"yoast_head":"<!-- This site is optimized with the Yoast SEO plugin v27.5 - https:\/\/yoast.com\/product\/yoast-seo-wordpress\/ -->\n<title>Dicken matkaa \u00c5IFK:n vieraaksi | K\u00e4sipallon miesten Aktialiiga<\/title>\n<meta name=\"robots\" content=\"index, follow, max-snippet:-1, max-image-preview:large, max-video-preview:-1\" \/>\n<link rel=\"canonical\" href=\"https:\/\/aktialiiga.fi\/miehet\/2015-2016\/ennakot-2015-2016\/dicken-matkaa-aifkn-vieraaksi\/\" \/>\n<meta property=\"og:locale\" content=\"fi_FI\" \/>\n<meta property=\"og:type\" content=\"article\" \/>\n<meta property=\"og:title\" content=\"Dicken matkaa \u00c5IFK:n vieraaksi | K\u00e4sipallon miesten Aktialiiga\" \/>\n<meta property=\"og:description\" content=\"\u00c5IFK saa keskiviikkona vieraita p\u00e4\u00e4kaupungista, kun sarjakakkonen Dicken saapuu mittaamaan turkulaisten p\u00e4iv\u00e4n vireen. \u00c5IFK:n alkuvuosi on ollut vaikea. Pelaajia siirtyi muualle vuodenvaihteessa ja lis\u00e4ksi loukkaantumiset ovat vaivanneet kapeaa rinki\u00e4 pahasti. Suurin isku on Andreas Nystr\u00f6min poissaolo, joka pahimmillaan saattaa olla koko loppukauden mittainen. Dickenink\u00e4\u00e4n vuosi ei ole alkanut aivan syksyn malliin. SIF kaatui uuden vuoden [&hellip;]\" \/>\n<meta property=\"og:url\" content=\"https:\/\/aktialiiga.fi\/miehet\/2015-2016\/ennakot-2015-2016\/dicken-matkaa-aifkn-vieraaksi\/\" \/>\n<meta property=\"og:site_name\" content=\"K\u00e4sipallon miesten Aktialiiga\" \/>\n<meta property=\"article:publisher\" content=\"https:\/\/www.facebook.com\/finnhandball\" \/>\n<meta property=\"article:published_time\" content=\"2016-02-09T15:11:29+00:00\" \/>\n<meta property=\"article:modified_time\" content=\"2018-04-20T09:48:34+00:00\" \/>\n<meta property=\"og:image\" content=\"https:\/\/i0.wp.com\/aktialiiga.fi\/miehet\/wp-content\/uploads\/sites\/5\/2015\/10\/AIFK_TamminenOlli_1516.jpg?fit=600%2C400&ssl=1\" \/>\n\t<meta property=\"og:image:width\" content=\"600\" \/>\n\t<meta property=\"og:image:height\" content=\"400\" \/>\n\t<meta property=\"og:image:type\" content=\"image\/jpeg\" \/>\n<meta name=\"author\" content=\"tbrmedia\" \/>\n<meta name=\"twitter:card\" content=\"summary_large_image\" \/>\n<meta name=\"twitter:creator\" content=\"@finnhandball\" \/>\n<meta name=\"twitter:site\" content=\"@finnhandball\" \/>\n<script type=\"application\/ld+json\" class=\"yoast-schema-graph\">{\"@context\":\"https:\\\/\\\/schema.org\",\"@graph\":[{\"@type\":\"Article\",\"@id\":\"https:\\\/\\\/aktialiiga.fi\\\/miehet\\\/2015-2016\\\/ennakot-2015-2016\\\/dicken-matkaa-aifkn-vieraaksi\\\/#article\",\"isPartOf\":{\"@id\":\"https:\\\/\\\/aktialiiga.fi\\\/miehet\\\/2015-2016\\\/ennakot-2015-2016\\\/dicken-matkaa-aifkn-vieraaksi\\\/\"},\"author\":{\"name\":\"tbrmedia\",\"@id\":\"https:\\\/\\\/aktialiiga.fi\\\/miehet\\\/#\\\/schema\\\/person\\\/c14bf42f47041db74603c45afcb18d87\"},\"headline\":\"Dicken matkaa \u00c5IFK:n vieraaksi\",\"datePublished\":\"2016-02-09T15:11:29+00:00\",\"dateModified\":\"2018-04-20T09:48:34+00:00\",\"mainEntityOfPage\":{\"@id\":\"https:\\\/\\\/aktialiiga.fi\\\/miehet\\\/2015-2016\\\/ennakot-2015-2016\\\/dicken-matkaa-aifkn-vieraaksi\\\/\"},\"wordCount\":179,\"publisher\":{\"@id\":\"https:\\\/\\\/aktialiiga.fi\\\/miehet\\\/#organization\"},\"image\":{\"@id\":\"https:\\\/\\\/aktialiiga.fi\\\/miehet\\\/2015-2016\\\/ennakot-2015-2016\\\/dicken-matkaa-aifkn-vieraaksi\\\/#primaryimage\"},\"thumbnailUrl\":\"https:\\\/\\\/i0.wp.com\\\/aktialiiga.fi\\\/miehet\\\/wp-content\\\/uploads\\\/sites\\\/5\\\/2015\\\/10\\\/AIFK_TamminenOlli_1516.jpg?fit=600%2C400&ssl=1\",\"keywords\":[\"\u00c5IFK\",\"Dicken\"],\"articleSection\":[\"Ennakot\"],\"inLanguage\":\"fi\"},{\"@type\":\"WebPage\",\"@id\":\"https:\\\/\\\/aktialiiga.fi\\\/miehet\\\/2015-2016\\\/ennakot-2015-2016\\\/dicken-matkaa-aifkn-vieraaksi\\\/\",\"url\":\"https:\\\/\\\/aktialiiga.fi\\\/miehet\\\/2015-2016\\\/ennakot-2015-2016\\\/dicken-matkaa-aifkn-vieraaksi\\\/\",\"name\":\"Dicken matkaa \u00c5IFK:n vieraaksi | K\u00e4sipallon miesten Aktialiiga\",\"isPartOf\":{\"@id\":\"https:\\\/\\\/aktialiiga.fi\\\/miehet\\\/#website\"},\"primaryImageOfPage\":{\"@id\":\"https:\\\/\\\/aktialiiga.fi\\\/miehet\\\/2015-2016\\\/ennakot-2015-2016\\\/dicken-matkaa-aifkn-vieraaksi\\\/#primaryimage\"},\"image\":{\"@id\":\"https:\\\/\\\/aktialiiga.fi\\\/miehet\\\/2015-2016\\\/ennakot-2015-2016\\\/dicken-matkaa-aifkn-vieraaksi\\\/#primaryimage\"},\"thumbnailUrl\":\"https:\\\/\\\/i0.wp.com\\\/aktialiiga.fi\\\/miehet\\\/wp-content\\\/uploads\\\/sites\\\/5\\\/2015\\\/10\\\/AIFK_TamminenOlli_1516.jpg?fit=600%2C400&ssl=1\",\"datePublished\":\"2016-02-09T15:11:29+00:00\",\"dateModified\":\"2018-04-20T09:48:34+00:00\",\"breadcrumb\":{\"@id\":\"https:\\\/\\\/aktialiiga.fi\\\/miehet\\\/2015-2016\\\/ennakot-2015-2016\\\/dicken-matkaa-aifkn-vieraaksi\\\/#breadcrumb\"},\"inLanguage\":\"fi\",\"potentialAction\":[{\"@type\":\"ReadAction\",\"target\":[\"https:\\\/\\\/aktialiiga.fi\\\/miehet\\\/2015-2016\\\/ennakot-2015-2016\\\/dicken-matkaa-aifkn-vieraaksi\\\/\"]}]},{\"@type\":\"ImageObject\",\"inLanguage\":\"fi\",\"@id\":\"https:\\\/\\\/aktialiiga.fi\\\/miehet\\\/2015-2016\\\/ennakot-2015-2016\\\/dicken-matkaa-aifkn-vieraaksi\\\/#primaryimage\",\"url\":\"https:\\\/\\\/i0.wp.com\\\/aktialiiga.fi\\\/miehet\\\/wp-content\\\/uploads\\\/sites\\\/5\\\/2015\\\/10\\\/AIFK_TamminenOlli_1516.jpg?fit=600%2C400&ssl=1\",\"contentUrl\":\"https:\\\/\\\/i0.wp.com\\\/aktialiiga.fi\\\/miehet\\\/wp-content\\\/uploads\\\/sites\\\/5\\\/2015\\\/10\\\/AIFK_TamminenOlli_1516.jpg?fit=600%2C400&ssl=1\",\"width\":600,\"height\":400,\"caption\":\"kuva: FSC Media\"},{\"@type\":\"BreadcrumbList\",\"@id\":\"https:\\\/\\\/aktialiiga.fi\\\/miehet\\\/2015-2016\\\/ennakot-2015-2016\\\/dicken-matkaa-aifkn-vieraaksi\\\/#breadcrumb\",\"itemListElement\":[{\"@type\":\"ListItem\",\"position\":1,\"name\":\"Etusivu\",\"item\":\"https:\\\/\\\/aktialiiga.fi\\\/miehet\\\/\"},{\"@type\":\"ListItem\",\"position\":2,\"name\":\"Dicken matkaa \u00c5IFK:n vieraaksi\"}]},{\"@type\":\"WebSite\",\"@id\":\"https:\\\/\\\/aktialiiga.fi\\\/miehet\\\/#website\",\"url\":\"https:\\\/\\\/aktialiiga.fi\\\/miehet\\\/\",\"name\":\"K\u00e4sipallon miesten Aktialiiga\",\"description\":\"Valtakunnan vauhdikkainta palloilua!\",\"publisher\":{\"@id\":\"https:\\\/\\\/aktialiiga.fi\\\/miehet\\\/#organization\"},\"potentialAction\":[{\"@type\":\"SearchAction\",\"target\":{\"@type\":\"EntryPoint\",\"urlTemplate\":\"https:\\\/\\\/aktialiiga.fi\\\/miehet\\\/?s={search_term_string}\"},\"query-input\":{\"@type\":\"PropertyValueSpecification\",\"valueRequired\":true,\"valueName\":\"search_term_string\"}}],\"inLanguage\":\"fi\"},{\"@type\":\"Organization\",\"@id\":\"https:\\\/\\\/aktialiiga.fi\\\/miehet\\\/#organization\",\"name\":\"K\u00e4sipallon miesten Aktialiiga\",\"url\":\"https:\\\/\\\/aktialiiga.fi\\\/miehet\\\/\",\"logo\":{\"@type\":\"ImageObject\",\"inLanguage\":\"fi\",\"@id\":\"https:\\\/\\\/aktialiiga.fi\\\/miehet\\\/#\\\/schema\\\/logo\\\/image\\\/\",\"url\":\"https:\\\/\\\/i0.wp.com\\\/aktialiiga.fi\\\/miehet\\\/wp-content\\\/uploads\\\/sites\\\/5\\\/2024\\\/09\\\/Aktialiiga-Yoast-512.png?fit=512%2C512&ssl=1\",\"contentUrl\":\"https:\\\/\\\/i0.wp.com\\\/aktialiiga.fi\\\/miehet\\\/wp-content\\\/uploads\\\/sites\\\/5\\\/2024\\\/09\\\/Aktialiiga-Yoast-512.png?fit=512%2C512&ssl=1\",\"width\":512,\"height\":512,\"caption\":\"K\u00e4sipallon miesten Aktialiiga\"},\"image\":{\"@id\":\"https:\\\/\\\/aktialiiga.fi\\\/miehet\\\/#\\\/schema\\\/logo\\\/image\\\/\"},\"sameAs\":[\"https:\\\/\\\/www.facebook.com\\\/finnhandball\",\"https:\\\/\\\/x.com\\\/finnhandball\",\"https:\\\/\\\/www.instagram.com\\\/handballfinland\\\/\"]},{\"@type\":\"Person\",\"@id\":\"https:\\\/\\\/aktialiiga.fi\\\/miehet\\\/#\\\/schema\\\/person\\\/c14bf42f47041db74603c45afcb18d87\",\"name\":\"tbrmedia\",\"image\":{\"@type\":\"ImageObject\",\"inLanguage\":\"fi\",\"@id\":\"https:\\\/\\\/secure.gravatar.com\\\/avatar\\\/ee975fa091fe581d12b60debb3439022686618368a7c142044c56724d4666b16?s=96&d=mm&r=g\",\"url\":\"https:\\\/\\\/secure.gravatar.com\\\/avatar\\\/ee975fa091fe581d12b60debb3439022686618368a7c142044c56724d4666b16?s=96&d=mm&r=g\",\"contentUrl\":\"https:\\\/\\\/secure.gravatar.com\\\/avatar\\\/ee975fa091fe581d12b60debb3439022686618368a7c142044c56724d4666b16?s=96&d=mm&r=g\",\"caption\":\"tbrmedia\"}}]}<\/script>\n<!-- \/ Yoast SEO plugin. -->","yoast_head_json":{"title":"Dicken matkaa \u00c5IFK:n vieraaksi | K\u00e4sipallon miesten Aktialiiga","robots":{"index":"index","follow":"follow","max-snippet":"max-snippet:-1","max-image-preview":"max-image-preview:large","max-video-preview":"max-video-preview:-1"},"canonical":"https:\/\/aktialiiga.fi\/miehet\/2015-2016\/ennakot-2015-2016\/dicken-matkaa-aifkn-vieraaksi\/","og_locale":"fi_FI","og_type":"article","og_title":"Dicken matkaa \u00c5IFK:n vieraaksi | K\u00e4sipallon miesten Aktialiiga","og_description":"\u00c5IFK saa keskiviikkona vieraita p\u00e4\u00e4kaupungista, kun sarjakakkonen Dicken saapuu mittaamaan turkulaisten p\u00e4iv\u00e4n vireen. \u00c5IFK:n alkuvuosi on ollut vaikea. Pelaajia siirtyi muualle vuodenvaihteessa ja lis\u00e4ksi loukkaantumiset ovat vaivanneet kapeaa rinki\u00e4 pahasti. Suurin isku on Andreas Nystr\u00f6min poissaolo, joka pahimmillaan saattaa olla koko loppukauden mittainen. Dickenink\u00e4\u00e4n vuosi ei ole alkanut aivan syksyn malliin. SIF kaatui uuden vuoden [&hellip;]","og_url":"https:\/\/aktialiiga.fi\/miehet\/2015-2016\/ennakot-2015-2016\/dicken-matkaa-aifkn-vieraaksi\/","og_site_name":"K\u00e4sipallon miesten Aktialiiga","article_publisher":"https:\/\/www.facebook.com\/finnhandball","article_published_time":"2016-02-09T15:11:29+00:00","article_modified_time":"2018-04-20T09:48:34+00:00","og_image":[{"width":600,"height":400,"url":"https:\/\/i0.wp.com\/aktialiiga.fi\/miehet\/wp-content\/uploads\/sites\/5\/2015\/10\/AIFK_TamminenOlli_1516.jpg?fit=600%2C400&ssl=1","type":"image\/jpeg"}],"author":"tbrmedia","twitter_card":"summary_large_image","twitter_creator":"@finnhandball","twitter_site":"@finnhandball","schema":{"@context":"https:\/\/schema.org","@graph":[{"@type":"Article","@id":"https:\/\/aktialiiga.fi\/miehet\/2015-2016\/ennakot-2015-2016\/dicken-matkaa-aifkn-vieraaksi\/#article","isPartOf":{"@id":"https:\/\/aktialiiga.fi\/miehet\/2015-2016\/ennakot-2015-2016\/dicken-matkaa-aifkn-vieraaksi\/"},"author":{"name":"tbrmedia","@id":"https:\/\/aktialiiga.fi\/miehet\/#\/schema\/person\/c14bf42f47041db74603c45afcb18d87"},"headline":"Dicken matkaa \u00c5IFK:n vieraaksi","datePublished":"2016-02-09T15:11:29+00:00","dateModified":"2018-04-20T09:48:34+00:00","mainEntityOfPage":{"@id":"https:\/\/aktialiiga.fi\/miehet\/2015-2016\/ennakot-2015-2016\/dicken-matkaa-aifkn-vieraaksi\/"},"wordCount":179,"publisher":{"@id":"https:\/\/aktialiiga.fi\/miehet\/#organization"},"image":{"@id":"https:\/\/aktialiiga.fi\/miehet\/2015-2016\/ennakot-2015-2016\/dicken-matkaa-aifkn-vieraaksi\/#primaryimage"},"thumbnailUrl":"https:\/\/i0.wp.com\/aktialiiga.fi\/miehet\/wp-content\/uploads\/sites\/5\/2015\/10\/AIFK_TamminenOlli_1516.jpg?fit=600%2C400&ssl=1","keywords":["\u00c5IFK","Dicken"],"articleSection":["Ennakot"],"inLanguage":"fi"},{"@type":"WebPage","@id":"https:\/\/aktialiiga.fi\/miehet\/2015-2016\/ennakot-2015-2016\/dicken-matkaa-aifkn-vieraaksi\/","url":"https:\/\/aktialiiga.fi\/miehet\/2015-2016\/ennakot-2015-2016\/dicken-matkaa-aifkn-vieraaksi\/","name":"Dicken matkaa \u00c5IFK:n vieraaksi | K\u00e4sipallon miesten Aktialiiga","isPartOf":{"@id":"https:\/\/aktialiiga.fi\/miehet\/#website"},"primaryImageOfPage":{"@id":"https:\/\/aktialiiga.fi\/miehet\/2015-2016\/ennakot-2015-2016\/dicken-matkaa-aifkn-vieraaksi\/#primaryimage"},"image":{"@id":"https:\/\/aktialiiga.fi\/miehet\/2015-2016\/ennakot-2015-2016\/dicken-matkaa-aifkn-vieraaksi\/#primaryimage"},"thumbnailUrl":"https:\/\/i0.wp.com\/aktialiiga.fi\/miehet\/wp-content\/uploads\/sites\/5\/2015\/10\/AIFK_TamminenOlli_1516.jpg?fit=600%2C400&ssl=1","datePublished":"2016-02-09T15:11:29+00:00","dateModified":"2018-04-20T09:48:34+00:00","breadcrumb":{"@id":"https:\/\/aktialiiga.fi\/miehet\/2015-2016\/ennakot-2015-2016\/dicken-matkaa-aifkn-vieraaksi\/#breadcrumb"},"inLanguage":"fi","potentialAction":[{"@type":"ReadAction","target":["https:\/\/aktialiiga.fi\/miehet\/2015-2016\/ennakot-2015-2016\/dicken-matkaa-aifkn-vieraaksi\/"]}]},{"@type":"ImageObject","inLanguage":"fi","@id":"https:\/\/aktialiiga.fi\/miehet\/2015-2016\/ennakot-2015-2016\/dicken-matkaa-aifkn-vieraaksi\/#primaryimage","url":"https:\/\/i0.wp.com\/aktialiiga.fi\/miehet\/wp-content\/uploads\/sites\/5\/2015\/10\/AIFK_TamminenOlli_1516.jpg?fit=600%2C400&ssl=1","contentUrl":"https:\/\/i0.wp.com\/aktialiiga.fi\/miehet\/wp-content\/uploads\/sites\/5\/2015\/10\/AIFK_TamminenOlli_1516.jpg?fit=600%2C400&ssl=1","width":600,"height":400,"caption":"kuva: FSC Media"},{"@type":"BreadcrumbList","@id":"https:\/\/aktialiiga.fi\/miehet\/2015-2016\/ennakot-2015-2016\/dicken-matkaa-aifkn-vieraaksi\/#breadcrumb","itemListElement":[{"@type":"ListItem","position":1,"name":"Etusivu","item":"https:\/\/aktialiiga.fi\/miehet\/"},{"@type":"ListItem","position":2,"name":"Dicken matkaa \u00c5IFK:n vieraaksi"}]},{"@type":"WebSite","@id":"https:\/\/aktialiiga.fi\/miehet\/#website","url":"https:\/\/aktialiiga.fi\/miehet\/","name":"K\u00e4sipallon miesten Aktialiiga","description":"Valtakunnan vauhdikkainta palloilua!","publisher":{"@id":"https:\/\/aktialiiga.fi\/miehet\/#organization"},"potentialAction":[{"@type":"SearchAction","target":{"@type":"EntryPoint","urlTemplate":"https:\/\/aktialiiga.fi\/miehet\/?s={search_term_string}"},"query-input":{"@type":"PropertyValueSpecification","valueRequired":true,"valueName":"search_term_string"}}],"inLanguage":"fi"},{"@type":"Organization","@id":"https:\/\/aktialiiga.fi\/miehet\/#organization","name":"K\u00e4sipallon miesten Aktialiiga","url":"https:\/\/aktialiiga.fi\/miehet\/","logo":{"@type":"ImageObject","inLanguage":"fi","@id":"https:\/\/aktialiiga.fi\/miehet\/#\/schema\/logo\/image\/","url":"https:\/\/i0.wp.com\/aktialiiga.fi\/miehet\/wp-content\/uploads\/sites\/5\/2024\/09\/Aktialiiga-Yoast-512.png?fit=512%2C512&ssl=1","contentUrl":"https:\/\/i0.wp.com\/aktialiiga.fi\/miehet\/wp-content\/uploads\/sites\/5\/2024\/09\/Aktialiiga-Yoast-512.png?fit=512%2C512&ssl=1","width":512,"height":512,"caption":"K\u00e4sipallon miesten Aktialiiga"},"image":{"@id":"https:\/\/aktialiiga.fi\/miehet\/#\/schema\/logo\/image\/"},"sameAs":["https:\/\/www.facebook.com\/finnhandball","https:\/\/x.com\/finnhandball","https:\/\/www.instagram.com\/handballfinland\/"]},{"@type":"Person","@id":"https:\/\/aktialiiga.fi\/miehet\/#\/schema\/person\/c14bf42f47041db74603c45afcb18d87","name":"tbrmedia","image":{"@type":"ImageObject","inLanguage":"fi","@id":"https:\/\/secure.gravatar.com\/avatar\/ee975fa091fe581d12b60debb3439022686618368a7c142044c56724d4666b16?s=96&d=mm&r=g","url":"https:\/\/secure.gravatar.com\/avatar\/ee975fa091fe581d12b60debb3439022686618368a7c142044c56724d4666b16?s=96&d=mm&r=g","contentUrl":"https:\/\/secure.gravatar.com\/avatar\/ee975fa091fe581d12b60debb3439022686618368a7c142044c56724d4666b16?s=96&d=mm&r=g","caption":"tbrmedia"}}]}},"jetpack_featured_media_url":"https:\/\/i0.wp.com\/aktialiiga.fi\/miehet\/wp-content\/uploads\/sites\/5\/2015\/10\/AIFK_TamminenOlli_1516.jpg?fit=600%2C400&ssl=1","jetpack_sharing_enabled":true,"jetpack_shortlink":"https:\/\/wp.me\/pfTxOr-2YR","_links":{"self":[{"href":"https:\/\/aktialiiga.fi\/miehet\/wp-json\/wp\/v2\/posts\/11461","targetHints":{"allow":["GET"]}}],"collection":[{"href":"https:\/\/aktialiiga.fi\/miehet\/wp-json\/wp\/v2\/posts"}],"about":[{"href":"https:\/\/aktialiiga.fi\/miehet\/wp-json\/wp\/v2\/types\/post"}],"author":[{"embeddable":true,"href":"https:\/\/aktialiiga.fi\/miehet\/wp-json\/wp\/v2\/users\/13"}],"replies":[{"embeddable":true,"href":"https:\/\/aktialiiga.fi\/miehet\/wp-json\/wp\/v2\/comments?post=11461"}],"version-history":[{"count":0,"href":"https:\/\/aktialiiga.fi\/miehet\/wp-json\/wp\/v2\/posts\/11461\/revisions"}],"wp:featuredmedia":[{"embeddable":true,"href":"https:\/\/aktialiiga.fi\/miehet\/wp-json\/wp\/v2\/media\/10777"}],"wp:attachment":[{"href":"https:\/\/aktialiiga.fi\/miehet\/wp-json\/wp\/v2\/media?parent=11461"}],"wp:term":[{"taxonomy":"category","embeddable":true,"href":"https:\/\/aktialiiga.fi\/miehet\/wp-json\/wp\/v2\/categories?post=11461"},{"taxonomy":"post_tag","embeddable":true,"href":"https:\/\/aktialiiga.fi\/miehet\/wp-json\/wp\/v2\/tags?post=11461"}],"curies":[{"name":"wp","href":"https:\/\/api.w.org\/{rel}","templated":true}]}}