{"id":11555,"date":"2016-02-21T19:30:27","date_gmt":"2016-02-21T17:30:27","guid":{"rendered":"https:\/\/aktialiiga.fi\/miehet\/?p=11555"},"modified":"2018-04-20T12:48:23","modified_gmt":"2018-04-20T09:48:23","slug":"aifk-otti-tarkeat-pisteet-dynamo-riihimaelta","status":"publish","type":"post","link":"https:\/\/aktialiiga.fi\/miehet\/2015-2016\/ottelut-2015-2016\/aifk-otti-tarkeat-pisteet-dynamo-riihimaelta\/","title":{"rendered":"\u00c5IFK otti t\u00e4rke\u00e4t pisteet Dynamo Riihim\u00e4elt\u00e4"},"content":{"rendered":"<p>\u00c5IFK otti tukevan otteen runkosarjan kahdeksannesta sijasta kaatamalla sunnuntaina kotonaan Dynamo Riihim\u00e4en varsin vakuuttavan esityksen j\u00e4lkeen.<\/p>\n<p>Ottelu kulki alusta saakka is\u00e4ntien komennossa ja kun \u00c5IFK nyk\u00e4isi numeroista 5-3 lukemiin 11-4, oli ote tukevasti turkulaisilla. Taukoa Samppalinnassa vietettiin samassa seitsem\u00e4n maalin kotijohdossa.<\/p>\n<p>Toisen puoliajan alussa \u00c5IFK venytti johtonsa nopeassa tahdissa jo kymmeneen maaliin ja siihen ero my\u00f6s lukkiutui pitk\u00e4ksi aikaa. Dynamo ei pystynyt tosissaan en\u00e4\u00e4 haastamaan is\u00e4nti\u00e4 voitosta ja \u00c5IFK seilasi komeasti alkaneen vuoden ensimm\u00e4iseen voittoonsa, vaikka Dynamo lopussa hiukan p\u00e4\u00e4sikin kaventamaan.<\/p>\n<p>\u00c5IFK-valmentaja Besim Qerimi oli eritt\u00e4in tyytyv\u00e4inen t\u00e4yteen pistepottiin ja antoi ansaitut kehut joukkueelleen.<\/p>\n<p>&#8211; Kauan odotettu voitto. Oli j\u00e4nnityst\u00e4 ennen peli\u00e4, oli hyv\u00e4 pelin alku ja saatiin itseluottamusta. Axel [Lindberg] oli loistava maalissa. Kaiken kaikkiaan ok peli, keskiviikkona j\u00e4i pienest\u00e4 kiinni Atlasta vastaan, Qerimi kertasi.<\/p>\n<p>Dynamo-luotsi Pekka Lappalainen ei kierrellyt, vaan antoi reilun tunnustuksen kotijoukkueelle.<\/p>\n<p>&#8211; Vaikka \u00c5bolla on pelaajapula, niin joukkue on kehittynyt ja heilt\u00e4 nousee uusia pelaajia. He olivat t\u00e4n\u00e4\u00e4n selke\u00e4sti parempia, Lappalainen my\u00f6nsi.<\/p>\n<p>Vakuuttavimman pelaajan tittelin vei per\u00e4ti 13 maalia is\u00e4nnille heitt\u00e4nyt Niklas Manderoos.<\/p>\n<p>&#8211; Joukkuepelimme toimi todella hyvin, pelasimme niin kuin oli sovittu ja olimme valmistautuneet ennen peli\u00e4 joukkueena. T\u00e4m\u00e4 oli odotettu lopputulos, Manderoos totesi tyytyv\u00e4isen\u00e4.<\/p>\n<p><strong>\u00c5IFK &#8211; Dynamo Riihim\u00e4ki 30-23 (13-6)<\/strong><\/p>\n<p><em>Yleis\u00f6\u00e4<\/em>: 205<\/p>\n<p><em>Erotuomarit<\/em>: Christopher Mets\u00e4m\u00e4ki &amp; Miro Korja<\/p>\n<p><strong>Maalintekij\u00e4t<\/strong>:<br \/>\n\u00c5IFK: Niklas Manderoos 13, Christoffer Nystr\u00f6m 5, Daniel Eriksson 3, Fredrik Lunden 3, Frans Lindholm 2, Samuel Alexandersson 1, Olli Tamminen 1, Valter Lehtinen 1, Rasmus Silen 1<br \/>\nDynamo: Vili Mattila 7, Matias Savinainen 5, Osmo Tuomi 3, Olli Kuparinen 3, Nikita Borissov 2, Niko Leikama 1, Henri Nieminen 1, Valtteri Viljanen 1<\/p>\n<p><strong>Varoitukset<\/strong>:<br \/>\n\u00c5IFK: Samuel Leandersson, Rasmus Sil\u00e9n, Niklas Manderoos<br \/>\nDynamo: Elias Alander, Olli Kuparinen,<\/p>\n<p><strong>Ulosajot sek\u00e4 sulkemiset<\/strong>:<br \/>\n\u00c5IFK: Arttu Tamminen 2x2min<br \/>\nDynamo: Elias Alander 2x2min, Niko Leikama 3x2min (=ottelusta sulkeminen)<\/p>\n<p><strong>L\u00e4hiTapiola-t\u00e4htipelaajat<\/strong>:<br \/>\n*** \u00c5IFK: Niklas Manderoos<br \/>\n** \u00c5IFK: Axel Lindberg<br \/>\n* \u00c5IFK: Christoffer Nystr\u00f6m<\/p>\n<p>&nbsp;<\/p>\n","protected":false},"excerpt":{"rendered":"<p>\u00c5IFK otti tukevan otteen runkosarjan kahdeksannesta sijasta kaatamalla sunnuntaina kotonaan Dynamo Riihim\u00e4en varsin vakuuttavan esityksen j\u00e4lkeen. Ottelu kulki alusta saakka is\u00e4ntien komennossa ja kun \u00c5IFK nyk\u00e4isi numeroista 5-3 lukemiin 11-4, oli ote tukevasti turkulaisilla. Taukoa Samppalinnassa vietettiin samassa seitsem\u00e4n maalin kotijohdossa. Toisen puoliajan alussa \u00c5IFK venytti johtonsa nopeassa tahdissa jo kymmeneen maaliin ja siihen ero [&hellip;]<\/p>\n","protected":false},"author":13,"featured_media":11556,"comment_status":"closed","ping_status":"closed","sticky":false,"template":"","format":"standard","meta":{"_acf_changed":false,"jetpack_post_was_ever_published":false,"_jetpack_newsletter_access":"","_jetpack_dont_email_post_to_subs":false,"_jetpack_newsletter_tier_id":0,"_jetpack_memberships_contains_paywalled_content":false,"_jetpack_memberships_contains_paid_content":false,"footnotes":""},"categories":[24],"tags":[50,59],"class_list":["post-11555","post","type-post","status-publish","format-standard","has-post-thumbnail","hentry","category-ottelut-2015-2016","tag-aifk","tag-dynamo-riihimaki"],"acf":[],"yoast_head":"<!-- This site is optimized with the Yoast SEO plugin v27.5 - https:\/\/yoast.com\/product\/yoast-seo-wordpress\/ -->\n<title>\u00c5IFK otti t\u00e4rke\u00e4t pisteet Dynamo Riihim\u00e4elt\u00e4 | K\u00e4sipallon miesten Aktialiiga<\/title>\n<meta name=\"robots\" content=\"index, follow, max-snippet:-1, max-image-preview:large, max-video-preview:-1\" \/>\n<link rel=\"canonical\" href=\"https:\/\/aktialiiga.fi\/miehet\/2015-2016\/ottelut-2015-2016\/aifk-otti-tarkeat-pisteet-dynamo-riihimaelta\/\" \/>\n<meta property=\"og:locale\" content=\"fi_FI\" \/>\n<meta property=\"og:type\" content=\"article\" \/>\n<meta property=\"og:title\" content=\"\u00c5IFK otti t\u00e4rke\u00e4t pisteet Dynamo Riihim\u00e4elt\u00e4 | K\u00e4sipallon miesten Aktialiiga\" \/>\n<meta property=\"og:description\" content=\"\u00c5IFK otti tukevan otteen runkosarjan kahdeksannesta sijasta kaatamalla sunnuntaina kotonaan Dynamo Riihim\u00e4en varsin vakuuttavan esityksen j\u00e4lkeen. Ottelu kulki alusta saakka is\u00e4ntien komennossa ja kun \u00c5IFK nyk\u00e4isi numeroista 5-3 lukemiin 11-4, oli ote tukevasti turkulaisilla. Taukoa Samppalinnassa vietettiin samassa seitsem\u00e4n maalin kotijohdossa. Toisen puoliajan alussa \u00c5IFK venytti johtonsa nopeassa tahdissa jo kymmeneen maaliin ja siihen ero [&hellip;]\" \/>\n<meta property=\"og:url\" content=\"https:\/\/aktialiiga.fi\/miehet\/2015-2016\/ottelut-2015-2016\/aifk-otti-tarkeat-pisteet-dynamo-riihimaelta\/\" \/>\n<meta property=\"og:site_name\" content=\"K\u00e4sipallon miesten Aktialiiga\" \/>\n<meta property=\"article:publisher\" content=\"https:\/\/www.facebook.com\/finnhandball\" \/>\n<meta property=\"article:published_time\" content=\"2016-02-21T17:30:27+00:00\" \/>\n<meta property=\"article:modified_time\" content=\"2018-04-20T09:48:23+00:00\" \/>\n<meta property=\"og:image\" content=\"https:\/\/i0.wp.com\/aktialiiga.fi\/miehet\/wp-content\/uploads\/sites\/5\/2016\/02\/AIFK_Manderoos_Niklas_1516.jpg?fit=640%2C437&ssl=1\" \/>\n\t<meta property=\"og:image:width\" content=\"640\" \/>\n\t<meta property=\"og:image:height\" content=\"437\" \/>\n\t<meta property=\"og:image:type\" content=\"image\/jpeg\" \/>\n<meta name=\"author\" content=\"tbrmedia\" \/>\n<meta name=\"twitter:card\" content=\"summary_large_image\" \/>\n<meta name=\"twitter:creator\" content=\"@finnhandball\" \/>\n<meta name=\"twitter:site\" content=\"@finnhandball\" \/>\n<script type=\"application\/ld+json\" class=\"yoast-schema-graph\">{\"@context\":\"https:\\\/\\\/schema.org\",\"@graph\":[{\"@type\":\"Article\",\"@id\":\"https:\\\/\\\/aktialiiga.fi\\\/miehet\\\/2015-2016\\\/ottelut-2015-2016\\\/aifk-otti-tarkeat-pisteet-dynamo-riihimaelta\\\/#article\",\"isPartOf\":{\"@id\":\"https:\\\/\\\/aktialiiga.fi\\\/miehet\\\/2015-2016\\\/ottelut-2015-2016\\\/aifk-otti-tarkeat-pisteet-dynamo-riihimaelta\\\/\"},\"author\":{\"name\":\"tbrmedia\",\"@id\":\"https:\\\/\\\/aktialiiga.fi\\\/miehet\\\/#\\\/schema\\\/person\\\/c14bf42f47041db74603c45afcb18d87\"},\"headline\":\"\u00c5IFK otti t\u00e4rke\u00e4t pisteet Dynamo Riihim\u00e4elt\u00e4\",\"datePublished\":\"2016-02-21T17:30:27+00:00\",\"dateModified\":\"2018-04-20T09:48:23+00:00\",\"mainEntityOfPage\":{\"@id\":\"https:\\\/\\\/aktialiiga.fi\\\/miehet\\\/2015-2016\\\/ottelut-2015-2016\\\/aifk-otti-tarkeat-pisteet-dynamo-riihimaelta\\\/\"},\"wordCount\":325,\"publisher\":{\"@id\":\"https:\\\/\\\/aktialiiga.fi\\\/miehet\\\/#organization\"},\"image\":{\"@id\":\"https:\\\/\\\/aktialiiga.fi\\\/miehet\\\/2015-2016\\\/ottelut-2015-2016\\\/aifk-otti-tarkeat-pisteet-dynamo-riihimaelta\\\/#primaryimage\"},\"thumbnailUrl\":\"https:\\\/\\\/i0.wp.com\\\/aktialiiga.fi\\\/miehet\\\/wp-content\\\/uploads\\\/sites\\\/5\\\/2016\\\/02\\\/AIFK_Manderoos_Niklas_1516.jpg?fit=640%2C437&ssl=1\",\"keywords\":[\"\u00c5IFK\",\"Dynamo Riihim\u00e4ki\"],\"articleSection\":[\"Ottelut\"],\"inLanguage\":\"fi\"},{\"@type\":\"WebPage\",\"@id\":\"https:\\\/\\\/aktialiiga.fi\\\/miehet\\\/2015-2016\\\/ottelut-2015-2016\\\/aifk-otti-tarkeat-pisteet-dynamo-riihimaelta\\\/\",\"url\":\"https:\\\/\\\/aktialiiga.fi\\\/miehet\\\/2015-2016\\\/ottelut-2015-2016\\\/aifk-otti-tarkeat-pisteet-dynamo-riihimaelta\\\/\",\"name\":\"\u00c5IFK otti t\u00e4rke\u00e4t pisteet Dynamo Riihim\u00e4elt\u00e4 | K\u00e4sipallon miesten Aktialiiga\",\"isPartOf\":{\"@id\":\"https:\\\/\\\/aktialiiga.fi\\\/miehet\\\/#website\"},\"primaryImageOfPage\":{\"@id\":\"https:\\\/\\\/aktialiiga.fi\\\/miehet\\\/2015-2016\\\/ottelut-2015-2016\\\/aifk-otti-tarkeat-pisteet-dynamo-riihimaelta\\\/#primaryimage\"},\"image\":{\"@id\":\"https:\\\/\\\/aktialiiga.fi\\\/miehet\\\/2015-2016\\\/ottelut-2015-2016\\\/aifk-otti-tarkeat-pisteet-dynamo-riihimaelta\\\/#primaryimage\"},\"thumbnailUrl\":\"https:\\\/\\\/i0.wp.com\\\/aktialiiga.fi\\\/miehet\\\/wp-content\\\/uploads\\\/sites\\\/5\\\/2016\\\/02\\\/AIFK_Manderoos_Niklas_1516.jpg?fit=640%2C437&ssl=1\",\"datePublished\":\"2016-02-21T17:30:27+00:00\",\"dateModified\":\"2018-04-20T09:48:23+00:00\",\"breadcrumb\":{\"@id\":\"https:\\\/\\\/aktialiiga.fi\\\/miehet\\\/2015-2016\\\/ottelut-2015-2016\\\/aifk-otti-tarkeat-pisteet-dynamo-riihimaelta\\\/#breadcrumb\"},\"inLanguage\":\"fi\",\"potentialAction\":[{\"@type\":\"ReadAction\",\"target\":[\"https:\\\/\\\/aktialiiga.fi\\\/miehet\\\/2015-2016\\\/ottelut-2015-2016\\\/aifk-otti-tarkeat-pisteet-dynamo-riihimaelta\\\/\"]}]},{\"@type\":\"ImageObject\",\"inLanguage\":\"fi\",\"@id\":\"https:\\\/\\\/aktialiiga.fi\\\/miehet\\\/2015-2016\\\/ottelut-2015-2016\\\/aifk-otti-tarkeat-pisteet-dynamo-riihimaelta\\\/#primaryimage\",\"url\":\"https:\\\/\\\/i0.wp.com\\\/aktialiiga.fi\\\/miehet\\\/wp-content\\\/uploads\\\/sites\\\/5\\\/2016\\\/02\\\/AIFK_Manderoos_Niklas_1516.jpg?fit=640%2C437&ssl=1\",\"contentUrl\":\"https:\\\/\\\/i0.wp.com\\\/aktialiiga.fi\\\/miehet\\\/wp-content\\\/uploads\\\/sites\\\/5\\\/2016\\\/02\\\/AIFK_Manderoos_Niklas_1516.jpg?fit=640%2C437&ssl=1\",\"width\":640,\"height\":437},{\"@type\":\"BreadcrumbList\",\"@id\":\"https:\\\/\\\/aktialiiga.fi\\\/miehet\\\/2015-2016\\\/ottelut-2015-2016\\\/aifk-otti-tarkeat-pisteet-dynamo-riihimaelta\\\/#breadcrumb\",\"itemListElement\":[{\"@type\":\"ListItem\",\"position\":1,\"name\":\"Etusivu\",\"item\":\"https:\\\/\\\/aktialiiga.fi\\\/miehet\\\/\"},{\"@type\":\"ListItem\",\"position\":2,\"name\":\"\u00c5IFK otti t\u00e4rke\u00e4t pisteet Dynamo Riihim\u00e4elt\u00e4\"}]},{\"@type\":\"WebSite\",\"@id\":\"https:\\\/\\\/aktialiiga.fi\\\/miehet\\\/#website\",\"url\":\"https:\\\/\\\/aktialiiga.fi\\\/miehet\\\/\",\"name\":\"K\u00e4sipallon miesten Aktialiiga\",\"description\":\"Valtakunnan vauhdikkainta palloilua!\",\"publisher\":{\"@id\":\"https:\\\/\\\/aktialiiga.fi\\\/miehet\\\/#organization\"},\"potentialAction\":[{\"@type\":\"SearchAction\",\"target\":{\"@type\":\"EntryPoint\",\"urlTemplate\":\"https:\\\/\\\/aktialiiga.fi\\\/miehet\\\/?s={search_term_string}\"},\"query-input\":{\"@type\":\"PropertyValueSpecification\",\"valueRequired\":true,\"valueName\":\"search_term_string\"}}],\"inLanguage\":\"fi\"},{\"@type\":\"Organization\",\"@id\":\"https:\\\/\\\/aktialiiga.fi\\\/miehet\\\/#organization\",\"name\":\"K\u00e4sipallon miesten Aktialiiga\",\"url\":\"https:\\\/\\\/aktialiiga.fi\\\/miehet\\\/\",\"logo\":{\"@type\":\"ImageObject\",\"inLanguage\":\"fi\",\"@id\":\"https:\\\/\\\/aktialiiga.fi\\\/miehet\\\/#\\\/schema\\\/logo\\\/image\\\/\",\"url\":\"https:\\\/\\\/i0.wp.com\\\/aktialiiga.fi\\\/miehet\\\/wp-content\\\/uploads\\\/sites\\\/5\\\/2024\\\/09\\\/Aktialiiga-Yoast-512.png?fit=512%2C512&ssl=1\",\"contentUrl\":\"https:\\\/\\\/i0.wp.com\\\/aktialiiga.fi\\\/miehet\\\/wp-content\\\/uploads\\\/sites\\\/5\\\/2024\\\/09\\\/Aktialiiga-Yoast-512.png?fit=512%2C512&ssl=1\",\"width\":512,\"height\":512,\"caption\":\"K\u00e4sipallon miesten Aktialiiga\"},\"image\":{\"@id\":\"https:\\\/\\\/aktialiiga.fi\\\/miehet\\\/#\\\/schema\\\/logo\\\/image\\\/\"},\"sameAs\":[\"https:\\\/\\\/www.facebook.com\\\/finnhandball\",\"https:\\\/\\\/x.com\\\/finnhandball\",\"https:\\\/\\\/www.instagram.com\\\/handballfinland\\\/\"]},{\"@type\":\"Person\",\"@id\":\"https:\\\/\\\/aktialiiga.fi\\\/miehet\\\/#\\\/schema\\\/person\\\/c14bf42f47041db74603c45afcb18d87\",\"name\":\"tbrmedia\",\"image\":{\"@type\":\"ImageObject\",\"inLanguage\":\"fi\",\"@id\":\"https:\\\/\\\/secure.gravatar.com\\\/avatar\\\/ee975fa091fe581d12b60debb3439022686618368a7c142044c56724d4666b16?s=96&d=mm&r=g\",\"url\":\"https:\\\/\\\/secure.gravatar.com\\\/avatar\\\/ee975fa091fe581d12b60debb3439022686618368a7c142044c56724d4666b16?s=96&d=mm&r=g\",\"contentUrl\":\"https:\\\/\\\/secure.gravatar.com\\\/avatar\\\/ee975fa091fe581d12b60debb3439022686618368a7c142044c56724d4666b16?s=96&d=mm&r=g\",\"caption\":\"tbrmedia\"}}]}<\/script>\n<!-- \/ Yoast SEO plugin. -->","yoast_head_json":{"title":"\u00c5IFK otti t\u00e4rke\u00e4t pisteet Dynamo Riihim\u00e4elt\u00e4 | K\u00e4sipallon miesten Aktialiiga","robots":{"index":"index","follow":"follow","max-snippet":"max-snippet:-1","max-image-preview":"max-image-preview:large","max-video-preview":"max-video-preview:-1"},"canonical":"https:\/\/aktialiiga.fi\/miehet\/2015-2016\/ottelut-2015-2016\/aifk-otti-tarkeat-pisteet-dynamo-riihimaelta\/","og_locale":"fi_FI","og_type":"article","og_title":"\u00c5IFK otti t\u00e4rke\u00e4t pisteet Dynamo Riihim\u00e4elt\u00e4 | K\u00e4sipallon miesten Aktialiiga","og_description":"\u00c5IFK otti tukevan otteen runkosarjan kahdeksannesta sijasta kaatamalla sunnuntaina kotonaan Dynamo Riihim\u00e4en varsin vakuuttavan esityksen j\u00e4lkeen. Ottelu kulki alusta saakka is\u00e4ntien komennossa ja kun \u00c5IFK nyk\u00e4isi numeroista 5-3 lukemiin 11-4, oli ote tukevasti turkulaisilla. Taukoa Samppalinnassa vietettiin samassa seitsem\u00e4n maalin kotijohdossa. Toisen puoliajan alussa \u00c5IFK venytti johtonsa nopeassa tahdissa jo kymmeneen maaliin ja siihen ero [&hellip;]","og_url":"https:\/\/aktialiiga.fi\/miehet\/2015-2016\/ottelut-2015-2016\/aifk-otti-tarkeat-pisteet-dynamo-riihimaelta\/","og_site_name":"K\u00e4sipallon miesten Aktialiiga","article_publisher":"https:\/\/www.facebook.com\/finnhandball","article_published_time":"2016-02-21T17:30:27+00:00","article_modified_time":"2018-04-20T09:48:23+00:00","og_image":[{"width":640,"height":437,"url":"https:\/\/i0.wp.com\/aktialiiga.fi\/miehet\/wp-content\/uploads\/sites\/5\/2016\/02\/AIFK_Manderoos_Niklas_1516.jpg?fit=640%2C437&ssl=1","type":"image\/jpeg"}],"author":"tbrmedia","twitter_card":"summary_large_image","twitter_creator":"@finnhandball","twitter_site":"@finnhandball","schema":{"@context":"https:\/\/schema.org","@graph":[{"@type":"Article","@id":"https:\/\/aktialiiga.fi\/miehet\/2015-2016\/ottelut-2015-2016\/aifk-otti-tarkeat-pisteet-dynamo-riihimaelta\/#article","isPartOf":{"@id":"https:\/\/aktialiiga.fi\/miehet\/2015-2016\/ottelut-2015-2016\/aifk-otti-tarkeat-pisteet-dynamo-riihimaelta\/"},"author":{"name":"tbrmedia","@id":"https:\/\/aktialiiga.fi\/miehet\/#\/schema\/person\/c14bf42f47041db74603c45afcb18d87"},"headline":"\u00c5IFK otti t\u00e4rke\u00e4t pisteet Dynamo Riihim\u00e4elt\u00e4","datePublished":"2016-02-21T17:30:27+00:00","dateModified":"2018-04-20T09:48:23+00:00","mainEntityOfPage":{"@id":"https:\/\/aktialiiga.fi\/miehet\/2015-2016\/ottelut-2015-2016\/aifk-otti-tarkeat-pisteet-dynamo-riihimaelta\/"},"wordCount":325,"publisher":{"@id":"https:\/\/aktialiiga.fi\/miehet\/#organization"},"image":{"@id":"https:\/\/aktialiiga.fi\/miehet\/2015-2016\/ottelut-2015-2016\/aifk-otti-tarkeat-pisteet-dynamo-riihimaelta\/#primaryimage"},"thumbnailUrl":"https:\/\/i0.wp.com\/aktialiiga.fi\/miehet\/wp-content\/uploads\/sites\/5\/2016\/02\/AIFK_Manderoos_Niklas_1516.jpg?fit=640%2C437&ssl=1","keywords":["\u00c5IFK","Dynamo Riihim\u00e4ki"],"articleSection":["Ottelut"],"inLanguage":"fi"},{"@type":"WebPage","@id":"https:\/\/aktialiiga.fi\/miehet\/2015-2016\/ottelut-2015-2016\/aifk-otti-tarkeat-pisteet-dynamo-riihimaelta\/","url":"https:\/\/aktialiiga.fi\/miehet\/2015-2016\/ottelut-2015-2016\/aifk-otti-tarkeat-pisteet-dynamo-riihimaelta\/","name":"\u00c5IFK otti t\u00e4rke\u00e4t pisteet Dynamo Riihim\u00e4elt\u00e4 | K\u00e4sipallon miesten Aktialiiga","isPartOf":{"@id":"https:\/\/aktialiiga.fi\/miehet\/#website"},"primaryImageOfPage":{"@id":"https:\/\/aktialiiga.fi\/miehet\/2015-2016\/ottelut-2015-2016\/aifk-otti-tarkeat-pisteet-dynamo-riihimaelta\/#primaryimage"},"image":{"@id":"https:\/\/aktialiiga.fi\/miehet\/2015-2016\/ottelut-2015-2016\/aifk-otti-tarkeat-pisteet-dynamo-riihimaelta\/#primaryimage"},"thumbnailUrl":"https:\/\/i0.wp.com\/aktialiiga.fi\/miehet\/wp-content\/uploads\/sites\/5\/2016\/02\/AIFK_Manderoos_Niklas_1516.jpg?fit=640%2C437&ssl=1","datePublished":"2016-02-21T17:30:27+00:00","dateModified":"2018-04-20T09:48:23+00:00","breadcrumb":{"@id":"https:\/\/aktialiiga.fi\/miehet\/2015-2016\/ottelut-2015-2016\/aifk-otti-tarkeat-pisteet-dynamo-riihimaelta\/#breadcrumb"},"inLanguage":"fi","potentialAction":[{"@type":"ReadAction","target":["https:\/\/aktialiiga.fi\/miehet\/2015-2016\/ottelut-2015-2016\/aifk-otti-tarkeat-pisteet-dynamo-riihimaelta\/"]}]},{"@type":"ImageObject","inLanguage":"fi","@id":"https:\/\/aktialiiga.fi\/miehet\/2015-2016\/ottelut-2015-2016\/aifk-otti-tarkeat-pisteet-dynamo-riihimaelta\/#primaryimage","url":"https:\/\/i0.wp.com\/aktialiiga.fi\/miehet\/wp-content\/uploads\/sites\/5\/2016\/02\/AIFK_Manderoos_Niklas_1516.jpg?fit=640%2C437&ssl=1","contentUrl":"https:\/\/i0.wp.com\/aktialiiga.fi\/miehet\/wp-content\/uploads\/sites\/5\/2016\/02\/AIFK_Manderoos_Niklas_1516.jpg?fit=640%2C437&ssl=1","width":640,"height":437},{"@type":"BreadcrumbList","@id":"https:\/\/aktialiiga.fi\/miehet\/2015-2016\/ottelut-2015-2016\/aifk-otti-tarkeat-pisteet-dynamo-riihimaelta\/#breadcrumb","itemListElement":[{"@type":"ListItem","position":1,"name":"Etusivu","item":"https:\/\/aktialiiga.fi\/miehet\/"},{"@type":"ListItem","position":2,"name":"\u00c5IFK otti t\u00e4rke\u00e4t pisteet Dynamo Riihim\u00e4elt\u00e4"}]},{"@type":"WebSite","@id":"https:\/\/aktialiiga.fi\/miehet\/#website","url":"https:\/\/aktialiiga.fi\/miehet\/","name":"K\u00e4sipallon miesten Aktialiiga","description":"Valtakunnan vauhdikkainta palloilua!","publisher":{"@id":"https:\/\/aktialiiga.fi\/miehet\/#organization"},"potentialAction":[{"@type":"SearchAction","target":{"@type":"EntryPoint","urlTemplate":"https:\/\/aktialiiga.fi\/miehet\/?s={search_term_string}"},"query-input":{"@type":"PropertyValueSpecification","valueRequired":true,"valueName":"search_term_string"}}],"inLanguage":"fi"},{"@type":"Organization","@id":"https:\/\/aktialiiga.fi\/miehet\/#organization","name":"K\u00e4sipallon miesten Aktialiiga","url":"https:\/\/aktialiiga.fi\/miehet\/","logo":{"@type":"ImageObject","inLanguage":"fi","@id":"https:\/\/aktialiiga.fi\/miehet\/#\/schema\/logo\/image\/","url":"https:\/\/i0.wp.com\/aktialiiga.fi\/miehet\/wp-content\/uploads\/sites\/5\/2024\/09\/Aktialiiga-Yoast-512.png?fit=512%2C512&ssl=1","contentUrl":"https:\/\/i0.wp.com\/aktialiiga.fi\/miehet\/wp-content\/uploads\/sites\/5\/2024\/09\/Aktialiiga-Yoast-512.png?fit=512%2C512&ssl=1","width":512,"height":512,"caption":"K\u00e4sipallon miesten Aktialiiga"},"image":{"@id":"https:\/\/aktialiiga.fi\/miehet\/#\/schema\/logo\/image\/"},"sameAs":["https:\/\/www.facebook.com\/finnhandball","https:\/\/x.com\/finnhandball","https:\/\/www.instagram.com\/handballfinland\/"]},{"@type":"Person","@id":"https:\/\/aktialiiga.fi\/miehet\/#\/schema\/person\/c14bf42f47041db74603c45afcb18d87","name":"tbrmedia","image":{"@type":"ImageObject","inLanguage":"fi","@id":"https:\/\/secure.gravatar.com\/avatar\/ee975fa091fe581d12b60debb3439022686618368a7c142044c56724d4666b16?s=96&d=mm&r=g","url":"https:\/\/secure.gravatar.com\/avatar\/ee975fa091fe581d12b60debb3439022686618368a7c142044c56724d4666b16?s=96&d=mm&r=g","contentUrl":"https:\/\/secure.gravatar.com\/avatar\/ee975fa091fe581d12b60debb3439022686618368a7c142044c56724d4666b16?s=96&d=mm&r=g","caption":"tbrmedia"}}]}},"jetpack_featured_media_url":"https:\/\/i0.wp.com\/aktialiiga.fi\/miehet\/wp-content\/uploads\/sites\/5\/2016\/02\/AIFK_Manderoos_Niklas_1516.jpg?fit=640%2C437&ssl=1","jetpack_sharing_enabled":true,"jetpack_shortlink":"https:\/\/wp.me\/pfTxOr-30n","_links":{"self":[{"href":"https:\/\/aktialiiga.fi\/miehet\/wp-json\/wp\/v2\/posts\/11555","targetHints":{"allow":["GET"]}}],"collection":[{"href":"https:\/\/aktialiiga.fi\/miehet\/wp-json\/wp\/v2\/posts"}],"about":[{"href":"https:\/\/aktialiiga.fi\/miehet\/wp-json\/wp\/v2\/types\/post"}],"author":[{"embeddable":true,"href":"https:\/\/aktialiiga.fi\/miehet\/wp-json\/wp\/v2\/users\/13"}],"replies":[{"embeddable":true,"href":"https:\/\/aktialiiga.fi\/miehet\/wp-json\/wp\/v2\/comments?post=11555"}],"version-history":[{"count":0,"href":"https:\/\/aktialiiga.fi\/miehet\/wp-json\/wp\/v2\/posts\/11555\/revisions"}],"wp:featuredmedia":[{"embeddable":true,"href":"https:\/\/aktialiiga.fi\/miehet\/wp-json\/wp\/v2\/media\/11556"}],"wp:attachment":[{"href":"https:\/\/aktialiiga.fi\/miehet\/wp-json\/wp\/v2\/media?parent=11555"}],"wp:term":[{"taxonomy":"category","embeddable":true,"href":"https:\/\/aktialiiga.fi\/miehet\/wp-json\/wp\/v2\/categories?post=11555"},{"taxonomy":"post_tag","embeddable":true,"href":"https:\/\/aktialiiga.fi\/miehet\/wp-json\/wp\/v2\/tags?post=11555"}],"curies":[{"name":"wp","href":"https:\/\/api.w.org\/{rel}","templated":true}]}}