{"id":11575,"date":"2016-02-24T20:28:56","date_gmt":"2016-02-24T18:28:56","guid":{"rendered":"https:\/\/aktialiiga.fi\/miehet\/?p=11575"},"modified":"2018-04-20T12:48:21","modified_gmt":"2018-04-20T09:48:21","slug":"hc-west-karkasi-omille-teilleen-aifkta-vastaan","status":"publish","type":"post","link":"https:\/\/aktialiiga.fi\/miehet\/2015-2016\/ottelut-2015-2016\/hc-west-karkasi-omille-teilleen-aifkta-vastaan\/","title":{"rendered":"HC West karkasi omille teilleen \u00c5IFK:ta vastaan"},"content":{"rendered":"<p>HC West kuittasi viikonloppuna k\u00e4rsim\u00e4ns\u00e4 kuluvan vuoden avaustappion murjomalla keskiviikkona kotonaan \u00c5IFK:n todella selkein lukemin.<\/p>\n<p>Vierailija \u00c5IFK pysyi is\u00e4ntien tuntumassa jollain lailla numeroihin 8-4 saakka, mutta ensimm\u00e4isen puoliajan loppu meni selvin numeroin Westin nimiin ja eroa tauolla oli jo 12 maalia.<\/p>\n<p>Kun yhdeks\u00e4n ensimm\u00e4ist\u00e4 maalia toisen puoliajan alkuun merkittiin kaikki Westin nimiin, oli ottelu paketoitu jo hyviss\u00e4 ajoin ennen p\u00e4\u00e4ttymist\u00e4\u00e4n. Loppujen lopuksi West venytti eron l\u00e4hes 30 maaliin ja otti pisteet vakuuttavasti.<\/p>\n<p>HC Westin valmentaja Mikko Koskue oli hyvill\u00e4 mielin ottelun j\u00e4lkeen &#8211; pient\u00e4 yksityiskohtaa lukuun ottamatta.<\/p>\n<p>&#8211; Hyv\u00e4 peli. Fokus pysyi loppuun asti. Valitettava ja turha loukkaantuminen tuli lopussa.<\/p>\n<p>\u00c5IFK:n valmentaja Andreas Nystr\u00f6m otti tappion tyynesti, eik\u00e4 l\u00e4htenyt selittelem\u00e4\u00e4n suuremmin.<\/p>\n<p>&#8211; Hirve\u00e4sti ei j\u00e4\u00e4nyt kerrottavaa t\u00e4st\u00e4 ottelusta. T\u00e4m\u00e4 on tasoero Westin ja meid\u00e4n v\u00e4lill\u00e4. Siihen kun lis\u00e4\u00e4 viel\u00e4 ett\u00e4 l\u00e4hdettiin otteluun vain kahdella 9 metrin pelaajalla, niin n\u00e4in rumat on lukemat. Pojat taistelivat hyvin mutta n\u00e4in paljon parempi West oli t\u00e4n\u00e4\u00e4n, Nystr\u00f6m my\u00f6nsi.<\/p>\n<p>Ottelun vakuuttavimman pelaajan tittelin vei usean onnistujan joukosta Westin Alexander L\u00e5ng.<\/p>\n<p>&#8211; T\u00e4n\u00e4\u00e4n onnistuttiin kutakuinkin pit\u00e4m\u00e4\u00e4n asenne kohdallaan suurimman osan ottelusta. Tultiin hyvin otteluun ja pelattiin suunnitelman mukaisesti. Omalta osalta oli mukava saada vastuuta hy\u00f6kk\u00e4yksess\u00e4 ja mik\u00e4s siin\u00e4 on pelata loistavien pelikavereitten vieress\u00e4, L\u00e5ng kiitteli.<\/p>\n<p><strong>HC West \u2013 \u00c5IFK 42-14 (18-6)<\/strong><\/p>\n<p><em>Yleis\u00f6\u00e4<\/em>: 176<\/p>\n<p><em>Erotuomarit<\/em>: Harri Nieminen, Markku Tuomi<\/p>\n<p><strong>Maalintekij\u00e4t<\/strong>:<br \/>\nHC West: Miro Koljonen 7, Alexander L\u00e5ng 7, Topias Laine 6, Richard Sundberg 5, Valter Georgs 4, Oskar Berglund 3, Fredrik Forss 3, Benjamin Nyman 3, Sten Toomla 2, Paavo Brummer 2<br \/>\n\u00c5IFK: Samuel Alexandersson 3, Olli Tamminen 3, Fredrik Lunden 2, Arttu Tamminen 2, Frans Lindholm 2, Valter Lehtinen 1, Daniel Eriksson 1<\/p>\n<p><strong>Ulosajot<\/strong>:<br \/>\nHC West: &#8211;<br \/>\n\u00c5IFK: Fredrik Lunden 2 min.<\/p>\n<p><strong>L\u00e4hiTapiola-t\u00e4hdet<\/strong>:<br \/>\n*** Alexander L\u00e5ng, HC West<br \/>\n** Valter Georgs, HC West<br \/>\n* Stefan Thilman, HC West<\/p>\n<p>&nbsp;<\/p>\n","protected":false},"excerpt":{"rendered":"<p>HC West kuittasi viikonloppuna k\u00e4rsim\u00e4ns\u00e4 kuluvan vuoden avaustappion murjomalla keskiviikkona kotonaan \u00c5IFK:n todella selkein lukemin. Vierailija \u00c5IFK pysyi is\u00e4ntien tuntumassa jollain lailla numeroihin 8-4 saakka, mutta ensimm\u00e4isen puoliajan loppu meni selvin numeroin Westin nimiin ja eroa tauolla oli jo 12 maalia. Kun yhdeks\u00e4n ensimm\u00e4ist\u00e4 maalia toisen puoliajan alkuun merkittiin kaikki Westin nimiin, oli ottelu paketoitu [&hellip;]<\/p>\n","protected":false},"author":13,"featured_media":10918,"comment_status":"closed","ping_status":"closed","sticky":false,"template":"","format":"standard","meta":{"_acf_changed":false,"jetpack_post_was_ever_published":false,"_jetpack_newsletter_access":"","_jetpack_dont_email_post_to_subs":false,"_jetpack_newsletter_tier_id":0,"_jetpack_memberships_contains_paywalled_content":false,"_jetpack_memberships_contains_paid_content":false,"footnotes":""},"categories":[24],"tags":[50,68],"class_list":["post-11575","post","type-post","status-publish","format-standard","has-post-thumbnail","hentry","category-ottelut-2015-2016","tag-aifk","tag-hc-west"],"acf":[],"yoast_head":"<!-- This site is optimized with the Yoast SEO plugin v27.5 - https:\/\/yoast.com\/product\/yoast-seo-wordpress\/ -->\n<title>HC West karkasi omille teilleen \u00c5IFK:ta vastaan | K\u00e4sipallon miesten Aktialiiga<\/title>\n<meta name=\"robots\" content=\"index, follow, max-snippet:-1, max-image-preview:large, max-video-preview:-1\" \/>\n<link rel=\"canonical\" href=\"https:\/\/aktialiiga.fi\/miehet\/2015-2016\/ottelut-2015-2016\/hc-west-karkasi-omille-teilleen-aifkta-vastaan\/\" \/>\n<meta property=\"og:locale\" content=\"fi_FI\" \/>\n<meta property=\"og:type\" content=\"article\" \/>\n<meta property=\"og:title\" content=\"HC West karkasi omille teilleen \u00c5IFK:ta vastaan | K\u00e4sipallon miesten Aktialiiga\" \/>\n<meta property=\"og:description\" content=\"HC West kuittasi viikonloppuna k\u00e4rsim\u00e4ns\u00e4 kuluvan vuoden avaustappion murjomalla keskiviikkona kotonaan \u00c5IFK:n todella selkein lukemin. Vierailija \u00c5IFK pysyi is\u00e4ntien tuntumassa jollain lailla numeroihin 8-4 saakka, mutta ensimm\u00e4isen puoliajan loppu meni selvin numeroin Westin nimiin ja eroa tauolla oli jo 12 maalia. Kun yhdeks\u00e4n ensimm\u00e4ist\u00e4 maalia toisen puoliajan alkuun merkittiin kaikki Westin nimiin, oli ottelu paketoitu [&hellip;]\" \/>\n<meta property=\"og:url\" content=\"https:\/\/aktialiiga.fi\/miehet\/2015-2016\/ottelut-2015-2016\/hc-west-karkasi-omille-teilleen-aifkta-vastaan\/\" \/>\n<meta property=\"og:site_name\" content=\"K\u00e4sipallon miesten Aktialiiga\" \/>\n<meta property=\"article:publisher\" content=\"https:\/\/www.facebook.com\/finnhandball\" \/>\n<meta property=\"article:published_time\" content=\"2016-02-24T18:28:56+00:00\" \/>\n<meta property=\"article:modified_time\" content=\"2018-04-20T09:48:21+00:00\" \/>\n<meta property=\"og:image\" content=\"https:\/\/i0.wp.com\/aktialiiga.fi\/miehet\/wp-content\/uploads\/sites\/5\/2015\/10\/West_peli_1516.jpg?fit=640%2C360&ssl=1\" \/>\n\t<meta property=\"og:image:width\" content=\"640\" \/>\n\t<meta property=\"og:image:height\" content=\"360\" \/>\n\t<meta property=\"og:image:type\" content=\"image\/jpeg\" \/>\n<meta name=\"author\" content=\"tbrmedia\" \/>\n<meta name=\"twitter:card\" content=\"summary_large_image\" \/>\n<meta name=\"twitter:creator\" content=\"@finnhandball\" \/>\n<meta name=\"twitter:site\" content=\"@finnhandball\" \/>\n<script type=\"application\/ld+json\" class=\"yoast-schema-graph\">{\"@context\":\"https:\\\/\\\/schema.org\",\"@graph\":[{\"@type\":\"Article\",\"@id\":\"https:\\\/\\\/aktialiiga.fi\\\/miehet\\\/2015-2016\\\/ottelut-2015-2016\\\/hc-west-karkasi-omille-teilleen-aifkta-vastaan\\\/#article\",\"isPartOf\":{\"@id\":\"https:\\\/\\\/aktialiiga.fi\\\/miehet\\\/2015-2016\\\/ottelut-2015-2016\\\/hc-west-karkasi-omille-teilleen-aifkta-vastaan\\\/\"},\"author\":{\"name\":\"tbrmedia\",\"@id\":\"https:\\\/\\\/aktialiiga.fi\\\/miehet\\\/#\\\/schema\\\/person\\\/c14bf42f47041db74603c45afcb18d87\"},\"headline\":\"HC West karkasi omille teilleen \u00c5IFK:ta vastaan\",\"datePublished\":\"2016-02-24T18:28:56+00:00\",\"dateModified\":\"2018-04-20T09:48:21+00:00\",\"mainEntityOfPage\":{\"@id\":\"https:\\\/\\\/aktialiiga.fi\\\/miehet\\\/2015-2016\\\/ottelut-2015-2016\\\/hc-west-karkasi-omille-teilleen-aifkta-vastaan\\\/\"},\"wordCount\":317,\"publisher\":{\"@id\":\"https:\\\/\\\/aktialiiga.fi\\\/miehet\\\/#organization\"},\"image\":{\"@id\":\"https:\\\/\\\/aktialiiga.fi\\\/miehet\\\/2015-2016\\\/ottelut-2015-2016\\\/hc-west-karkasi-omille-teilleen-aifkta-vastaan\\\/#primaryimage\"},\"thumbnailUrl\":\"https:\\\/\\\/i0.wp.com\\\/aktialiiga.fi\\\/miehet\\\/wp-content\\\/uploads\\\/sites\\\/5\\\/2015\\\/10\\\/West_peli_1516.jpg?fit=640%2C360&ssl=1\",\"keywords\":[\"\u00c5IFK\",\"HC West\"],\"articleSection\":[\"Ottelut\"],\"inLanguage\":\"fi\"},{\"@type\":\"WebPage\",\"@id\":\"https:\\\/\\\/aktialiiga.fi\\\/miehet\\\/2015-2016\\\/ottelut-2015-2016\\\/hc-west-karkasi-omille-teilleen-aifkta-vastaan\\\/\",\"url\":\"https:\\\/\\\/aktialiiga.fi\\\/miehet\\\/2015-2016\\\/ottelut-2015-2016\\\/hc-west-karkasi-omille-teilleen-aifkta-vastaan\\\/\",\"name\":\"HC West karkasi omille teilleen \u00c5IFK:ta vastaan | K\u00e4sipallon miesten Aktialiiga\",\"isPartOf\":{\"@id\":\"https:\\\/\\\/aktialiiga.fi\\\/miehet\\\/#website\"},\"primaryImageOfPage\":{\"@id\":\"https:\\\/\\\/aktialiiga.fi\\\/miehet\\\/2015-2016\\\/ottelut-2015-2016\\\/hc-west-karkasi-omille-teilleen-aifkta-vastaan\\\/#primaryimage\"},\"image\":{\"@id\":\"https:\\\/\\\/aktialiiga.fi\\\/miehet\\\/2015-2016\\\/ottelut-2015-2016\\\/hc-west-karkasi-omille-teilleen-aifkta-vastaan\\\/#primaryimage\"},\"thumbnailUrl\":\"https:\\\/\\\/i0.wp.com\\\/aktialiiga.fi\\\/miehet\\\/wp-content\\\/uploads\\\/sites\\\/5\\\/2015\\\/10\\\/West_peli_1516.jpg?fit=640%2C360&ssl=1\",\"datePublished\":\"2016-02-24T18:28:56+00:00\",\"dateModified\":\"2018-04-20T09:48:21+00:00\",\"breadcrumb\":{\"@id\":\"https:\\\/\\\/aktialiiga.fi\\\/miehet\\\/2015-2016\\\/ottelut-2015-2016\\\/hc-west-karkasi-omille-teilleen-aifkta-vastaan\\\/#breadcrumb\"},\"inLanguage\":\"fi\",\"potentialAction\":[{\"@type\":\"ReadAction\",\"target\":[\"https:\\\/\\\/aktialiiga.fi\\\/miehet\\\/2015-2016\\\/ottelut-2015-2016\\\/hc-west-karkasi-omille-teilleen-aifkta-vastaan\\\/\"]}]},{\"@type\":\"ImageObject\",\"inLanguage\":\"fi\",\"@id\":\"https:\\\/\\\/aktialiiga.fi\\\/miehet\\\/2015-2016\\\/ottelut-2015-2016\\\/hc-west-karkasi-omille-teilleen-aifkta-vastaan\\\/#primaryimage\",\"url\":\"https:\\\/\\\/i0.wp.com\\\/aktialiiga.fi\\\/miehet\\\/wp-content\\\/uploads\\\/sites\\\/5\\\/2015\\\/10\\\/West_peli_1516.jpg?fit=640%2C360&ssl=1\",\"contentUrl\":\"https:\\\/\\\/i0.wp.com\\\/aktialiiga.fi\\\/miehet\\\/wp-content\\\/uploads\\\/sites\\\/5\\\/2015\\\/10\\\/West_peli_1516.jpg?fit=640%2C360&ssl=1\",\"width\":640,\"height\":360},{\"@type\":\"BreadcrumbList\",\"@id\":\"https:\\\/\\\/aktialiiga.fi\\\/miehet\\\/2015-2016\\\/ottelut-2015-2016\\\/hc-west-karkasi-omille-teilleen-aifkta-vastaan\\\/#breadcrumb\",\"itemListElement\":[{\"@type\":\"ListItem\",\"position\":1,\"name\":\"Etusivu\",\"item\":\"https:\\\/\\\/aktialiiga.fi\\\/miehet\\\/\"},{\"@type\":\"ListItem\",\"position\":2,\"name\":\"HC West karkasi omille teilleen \u00c5IFK:ta vastaan\"}]},{\"@type\":\"WebSite\",\"@id\":\"https:\\\/\\\/aktialiiga.fi\\\/miehet\\\/#website\",\"url\":\"https:\\\/\\\/aktialiiga.fi\\\/miehet\\\/\",\"name\":\"K\u00e4sipallon miesten Aktialiiga\",\"description\":\"Valtakunnan vauhdikkainta palloilua!\",\"publisher\":{\"@id\":\"https:\\\/\\\/aktialiiga.fi\\\/miehet\\\/#organization\"},\"potentialAction\":[{\"@type\":\"SearchAction\",\"target\":{\"@type\":\"EntryPoint\",\"urlTemplate\":\"https:\\\/\\\/aktialiiga.fi\\\/miehet\\\/?s={search_term_string}\"},\"query-input\":{\"@type\":\"PropertyValueSpecification\",\"valueRequired\":true,\"valueName\":\"search_term_string\"}}],\"inLanguage\":\"fi\"},{\"@type\":\"Organization\",\"@id\":\"https:\\\/\\\/aktialiiga.fi\\\/miehet\\\/#organization\",\"name\":\"K\u00e4sipallon miesten Aktialiiga\",\"url\":\"https:\\\/\\\/aktialiiga.fi\\\/miehet\\\/\",\"logo\":{\"@type\":\"ImageObject\",\"inLanguage\":\"fi\",\"@id\":\"https:\\\/\\\/aktialiiga.fi\\\/miehet\\\/#\\\/schema\\\/logo\\\/image\\\/\",\"url\":\"https:\\\/\\\/i0.wp.com\\\/aktialiiga.fi\\\/miehet\\\/wp-content\\\/uploads\\\/sites\\\/5\\\/2024\\\/09\\\/Aktialiiga-Yoast-512.png?fit=512%2C512&ssl=1\",\"contentUrl\":\"https:\\\/\\\/i0.wp.com\\\/aktialiiga.fi\\\/miehet\\\/wp-content\\\/uploads\\\/sites\\\/5\\\/2024\\\/09\\\/Aktialiiga-Yoast-512.png?fit=512%2C512&ssl=1\",\"width\":512,\"height\":512,\"caption\":\"K\u00e4sipallon miesten Aktialiiga\"},\"image\":{\"@id\":\"https:\\\/\\\/aktialiiga.fi\\\/miehet\\\/#\\\/schema\\\/logo\\\/image\\\/\"},\"sameAs\":[\"https:\\\/\\\/www.facebook.com\\\/finnhandball\",\"https:\\\/\\\/x.com\\\/finnhandball\",\"https:\\\/\\\/www.instagram.com\\\/handballfinland\\\/\"]},{\"@type\":\"Person\",\"@id\":\"https:\\\/\\\/aktialiiga.fi\\\/miehet\\\/#\\\/schema\\\/person\\\/c14bf42f47041db74603c45afcb18d87\",\"name\":\"tbrmedia\",\"image\":{\"@type\":\"ImageObject\",\"inLanguage\":\"fi\",\"@id\":\"https:\\\/\\\/secure.gravatar.com\\\/avatar\\\/ee975fa091fe581d12b60debb3439022686618368a7c142044c56724d4666b16?s=96&d=mm&r=g\",\"url\":\"https:\\\/\\\/secure.gravatar.com\\\/avatar\\\/ee975fa091fe581d12b60debb3439022686618368a7c142044c56724d4666b16?s=96&d=mm&r=g\",\"contentUrl\":\"https:\\\/\\\/secure.gravatar.com\\\/avatar\\\/ee975fa091fe581d12b60debb3439022686618368a7c142044c56724d4666b16?s=96&d=mm&r=g\",\"caption\":\"tbrmedia\"}}]}<\/script>\n<!-- \/ Yoast SEO plugin. -->","yoast_head_json":{"title":"HC West karkasi omille teilleen \u00c5IFK:ta vastaan | K\u00e4sipallon miesten Aktialiiga","robots":{"index":"index","follow":"follow","max-snippet":"max-snippet:-1","max-image-preview":"max-image-preview:large","max-video-preview":"max-video-preview:-1"},"canonical":"https:\/\/aktialiiga.fi\/miehet\/2015-2016\/ottelut-2015-2016\/hc-west-karkasi-omille-teilleen-aifkta-vastaan\/","og_locale":"fi_FI","og_type":"article","og_title":"HC West karkasi omille teilleen \u00c5IFK:ta vastaan | K\u00e4sipallon miesten Aktialiiga","og_description":"HC West kuittasi viikonloppuna k\u00e4rsim\u00e4ns\u00e4 kuluvan vuoden avaustappion murjomalla keskiviikkona kotonaan \u00c5IFK:n todella selkein lukemin. Vierailija \u00c5IFK pysyi is\u00e4ntien tuntumassa jollain lailla numeroihin 8-4 saakka, mutta ensimm\u00e4isen puoliajan loppu meni selvin numeroin Westin nimiin ja eroa tauolla oli jo 12 maalia. Kun yhdeks\u00e4n ensimm\u00e4ist\u00e4 maalia toisen puoliajan alkuun merkittiin kaikki Westin nimiin, oli ottelu paketoitu [&hellip;]","og_url":"https:\/\/aktialiiga.fi\/miehet\/2015-2016\/ottelut-2015-2016\/hc-west-karkasi-omille-teilleen-aifkta-vastaan\/","og_site_name":"K\u00e4sipallon miesten Aktialiiga","article_publisher":"https:\/\/www.facebook.com\/finnhandball","article_published_time":"2016-02-24T18:28:56+00:00","article_modified_time":"2018-04-20T09:48:21+00:00","og_image":[{"width":640,"height":360,"url":"https:\/\/i0.wp.com\/aktialiiga.fi\/miehet\/wp-content\/uploads\/sites\/5\/2015\/10\/West_peli_1516.jpg?fit=640%2C360&ssl=1","type":"image\/jpeg"}],"author":"tbrmedia","twitter_card":"summary_large_image","twitter_creator":"@finnhandball","twitter_site":"@finnhandball","schema":{"@context":"https:\/\/schema.org","@graph":[{"@type":"Article","@id":"https:\/\/aktialiiga.fi\/miehet\/2015-2016\/ottelut-2015-2016\/hc-west-karkasi-omille-teilleen-aifkta-vastaan\/#article","isPartOf":{"@id":"https:\/\/aktialiiga.fi\/miehet\/2015-2016\/ottelut-2015-2016\/hc-west-karkasi-omille-teilleen-aifkta-vastaan\/"},"author":{"name":"tbrmedia","@id":"https:\/\/aktialiiga.fi\/miehet\/#\/schema\/person\/c14bf42f47041db74603c45afcb18d87"},"headline":"HC West karkasi omille teilleen \u00c5IFK:ta vastaan","datePublished":"2016-02-24T18:28:56+00:00","dateModified":"2018-04-20T09:48:21+00:00","mainEntityOfPage":{"@id":"https:\/\/aktialiiga.fi\/miehet\/2015-2016\/ottelut-2015-2016\/hc-west-karkasi-omille-teilleen-aifkta-vastaan\/"},"wordCount":317,"publisher":{"@id":"https:\/\/aktialiiga.fi\/miehet\/#organization"},"image":{"@id":"https:\/\/aktialiiga.fi\/miehet\/2015-2016\/ottelut-2015-2016\/hc-west-karkasi-omille-teilleen-aifkta-vastaan\/#primaryimage"},"thumbnailUrl":"https:\/\/i0.wp.com\/aktialiiga.fi\/miehet\/wp-content\/uploads\/sites\/5\/2015\/10\/West_peli_1516.jpg?fit=640%2C360&ssl=1","keywords":["\u00c5IFK","HC West"],"articleSection":["Ottelut"],"inLanguage":"fi"},{"@type":"WebPage","@id":"https:\/\/aktialiiga.fi\/miehet\/2015-2016\/ottelut-2015-2016\/hc-west-karkasi-omille-teilleen-aifkta-vastaan\/","url":"https:\/\/aktialiiga.fi\/miehet\/2015-2016\/ottelut-2015-2016\/hc-west-karkasi-omille-teilleen-aifkta-vastaan\/","name":"HC West karkasi omille teilleen \u00c5IFK:ta vastaan | K\u00e4sipallon miesten Aktialiiga","isPartOf":{"@id":"https:\/\/aktialiiga.fi\/miehet\/#website"},"primaryImageOfPage":{"@id":"https:\/\/aktialiiga.fi\/miehet\/2015-2016\/ottelut-2015-2016\/hc-west-karkasi-omille-teilleen-aifkta-vastaan\/#primaryimage"},"image":{"@id":"https:\/\/aktialiiga.fi\/miehet\/2015-2016\/ottelut-2015-2016\/hc-west-karkasi-omille-teilleen-aifkta-vastaan\/#primaryimage"},"thumbnailUrl":"https:\/\/i0.wp.com\/aktialiiga.fi\/miehet\/wp-content\/uploads\/sites\/5\/2015\/10\/West_peli_1516.jpg?fit=640%2C360&ssl=1","datePublished":"2016-02-24T18:28:56+00:00","dateModified":"2018-04-20T09:48:21+00:00","breadcrumb":{"@id":"https:\/\/aktialiiga.fi\/miehet\/2015-2016\/ottelut-2015-2016\/hc-west-karkasi-omille-teilleen-aifkta-vastaan\/#breadcrumb"},"inLanguage":"fi","potentialAction":[{"@type":"ReadAction","target":["https:\/\/aktialiiga.fi\/miehet\/2015-2016\/ottelut-2015-2016\/hc-west-karkasi-omille-teilleen-aifkta-vastaan\/"]}]},{"@type":"ImageObject","inLanguage":"fi","@id":"https:\/\/aktialiiga.fi\/miehet\/2015-2016\/ottelut-2015-2016\/hc-west-karkasi-omille-teilleen-aifkta-vastaan\/#primaryimage","url":"https:\/\/i0.wp.com\/aktialiiga.fi\/miehet\/wp-content\/uploads\/sites\/5\/2015\/10\/West_peli_1516.jpg?fit=640%2C360&ssl=1","contentUrl":"https:\/\/i0.wp.com\/aktialiiga.fi\/miehet\/wp-content\/uploads\/sites\/5\/2015\/10\/West_peli_1516.jpg?fit=640%2C360&ssl=1","width":640,"height":360},{"@type":"BreadcrumbList","@id":"https:\/\/aktialiiga.fi\/miehet\/2015-2016\/ottelut-2015-2016\/hc-west-karkasi-omille-teilleen-aifkta-vastaan\/#breadcrumb","itemListElement":[{"@type":"ListItem","position":1,"name":"Etusivu","item":"https:\/\/aktialiiga.fi\/miehet\/"},{"@type":"ListItem","position":2,"name":"HC West karkasi omille teilleen \u00c5IFK:ta vastaan"}]},{"@type":"WebSite","@id":"https:\/\/aktialiiga.fi\/miehet\/#website","url":"https:\/\/aktialiiga.fi\/miehet\/","name":"K\u00e4sipallon miesten Aktialiiga","description":"Valtakunnan vauhdikkainta palloilua!","publisher":{"@id":"https:\/\/aktialiiga.fi\/miehet\/#organization"},"potentialAction":[{"@type":"SearchAction","target":{"@type":"EntryPoint","urlTemplate":"https:\/\/aktialiiga.fi\/miehet\/?s={search_term_string}"},"query-input":{"@type":"PropertyValueSpecification","valueRequired":true,"valueName":"search_term_string"}}],"inLanguage":"fi"},{"@type":"Organization","@id":"https:\/\/aktialiiga.fi\/miehet\/#organization","name":"K\u00e4sipallon miesten Aktialiiga","url":"https:\/\/aktialiiga.fi\/miehet\/","logo":{"@type":"ImageObject","inLanguage":"fi","@id":"https:\/\/aktialiiga.fi\/miehet\/#\/schema\/logo\/image\/","url":"https:\/\/i0.wp.com\/aktialiiga.fi\/miehet\/wp-content\/uploads\/sites\/5\/2024\/09\/Aktialiiga-Yoast-512.png?fit=512%2C512&ssl=1","contentUrl":"https:\/\/i0.wp.com\/aktialiiga.fi\/miehet\/wp-content\/uploads\/sites\/5\/2024\/09\/Aktialiiga-Yoast-512.png?fit=512%2C512&ssl=1","width":512,"height":512,"caption":"K\u00e4sipallon miesten Aktialiiga"},"image":{"@id":"https:\/\/aktialiiga.fi\/miehet\/#\/schema\/logo\/image\/"},"sameAs":["https:\/\/www.facebook.com\/finnhandball","https:\/\/x.com\/finnhandball","https:\/\/www.instagram.com\/handballfinland\/"]},{"@type":"Person","@id":"https:\/\/aktialiiga.fi\/miehet\/#\/schema\/person\/c14bf42f47041db74603c45afcb18d87","name":"tbrmedia","image":{"@type":"ImageObject","inLanguage":"fi","@id":"https:\/\/secure.gravatar.com\/avatar\/ee975fa091fe581d12b60debb3439022686618368a7c142044c56724d4666b16?s=96&d=mm&r=g","url":"https:\/\/secure.gravatar.com\/avatar\/ee975fa091fe581d12b60debb3439022686618368a7c142044c56724d4666b16?s=96&d=mm&r=g","contentUrl":"https:\/\/secure.gravatar.com\/avatar\/ee975fa091fe581d12b60debb3439022686618368a7c142044c56724d4666b16?s=96&d=mm&r=g","caption":"tbrmedia"}}]}},"jetpack_featured_media_url":"https:\/\/i0.wp.com\/aktialiiga.fi\/miehet\/wp-content\/uploads\/sites\/5\/2015\/10\/West_peli_1516.jpg?fit=640%2C360&ssl=1","jetpack_sharing_enabled":true,"jetpack_shortlink":"https:\/\/wp.me\/pfTxOr-30H","_links":{"self":[{"href":"https:\/\/aktialiiga.fi\/miehet\/wp-json\/wp\/v2\/posts\/11575","targetHints":{"allow":["GET"]}}],"collection":[{"href":"https:\/\/aktialiiga.fi\/miehet\/wp-json\/wp\/v2\/posts"}],"about":[{"href":"https:\/\/aktialiiga.fi\/miehet\/wp-json\/wp\/v2\/types\/post"}],"author":[{"embeddable":true,"href":"https:\/\/aktialiiga.fi\/miehet\/wp-json\/wp\/v2\/users\/13"}],"replies":[{"embeddable":true,"href":"https:\/\/aktialiiga.fi\/miehet\/wp-json\/wp\/v2\/comments?post=11575"}],"version-history":[{"count":0,"href":"https:\/\/aktialiiga.fi\/miehet\/wp-json\/wp\/v2\/posts\/11575\/revisions"}],"wp:featuredmedia":[{"embeddable":true,"href":"https:\/\/aktialiiga.fi\/miehet\/wp-json\/wp\/v2\/media\/10918"}],"wp:attachment":[{"href":"https:\/\/aktialiiga.fi\/miehet\/wp-json\/wp\/v2\/media?parent=11575"}],"wp:term":[{"taxonomy":"category","embeddable":true,"href":"https:\/\/aktialiiga.fi\/miehet\/wp-json\/wp\/v2\/categories?post=11575"},{"taxonomy":"post_tag","embeddable":true,"href":"https:\/\/aktialiiga.fi\/miehet\/wp-json\/wp\/v2\/tags?post=11575"}],"curies":[{"name":"wp","href":"https:\/\/api.w.org\/{rel}","templated":true}]}}