{"id":11605,"date":"2016-02-27T20:16:47","date_gmt":"2016-02-27T18:16:47","guid":{"rendered":"https:\/\/aktialiiga.fi\/miehet\/?p=11605"},"modified":"2018-04-20T12:48:18","modified_gmt":"2018-04-20T09:48:18","slug":"dynamo-piti-bk-46ta-tiukilla-karjaalle","status":"publish","type":"post","link":"https:\/\/aktialiiga.fi\/miehet\/2015-2016\/dynamo-piti-bk-46ta-tiukilla-karjaalle\/","title":{"rendered":"Dynamo pisti BK-46:n tiukille Karjaalla"},"content":{"rendered":"<p>Riihim\u00e4en Dynamo laittoi pelin j\u00e4nn\u00e4ksi lauantaina Karjaalla. Kotijoukkue BK-46 meni toisen jakson aluksi jo\u00a0turvallisen tuntuiseen 20-13-johtoon, mutta niin vain loppunumerot kirjattiin Dynamon kirin ansiosta t\u00e4p\u00e4r\u00e4sti <strong>24-23 (18-13)<\/strong>.<\/p>\n<p>Sarjan maalip\u00f6rssin k\u00e4rkikymmenikk\u00f6\u00f6n kuuluva riihim\u00e4kel\u00e4isten <strong>Vili Mattila<\/strong> onnistui lauantaina kahdeksan kertaa. Samaan saldoon pystyiv\u00e4t kotijoukkueesta <strong>Oscar Udd<\/strong> ja <strong>Albert Lindholm<\/strong>.<\/p>\n<p>Dynamo-valmentaja Pekka Lappalainen kiitteli omiensa nousua mukaan peliin.<\/p>\n<p>&#8211; Saatiin ainakin hyv\u00e4 peli aikaiseksi, vaikka ei oltu ihan valmiita ottelun alussa. Mielest\u00e4ni meid\u00e4n puolustus rupesi toimimaan toisella jaksolla. Rupeaa v\u00e4h\u00e4n tuntumaan silt\u00e4, ett\u00e4 vaaditaan Karjaa kotikent\u00e4ksi, kun peli kulkee niin hyvin t\u00e4\u00e4ll\u00e4, totesi Lappalainen.<\/p>\n<p>Dynamon sarjahistorian ainoa voitto\u00a0n\u00e4ki p\u00e4iv\u00e4nvalon juuri Karjaalla.<\/p>\n<p>BK-46:n valmentaja\u00a0<strong>Teddy Nordling<\/strong> totesi ensimm\u00e4isen jakson olleen &#8221;ok&#8221;.<\/p>\n<p>&#8211; T\u00e4m\u00e4n j\u00e4lkeen ei tehty oikein mit\u00e4\u00e4n oikein. Oltiin arkoja hy\u00f6kk\u00e4ysp\u00e4\u00e4ss\u00e4 ja tehtiin v\u00e4\u00e4ri\u00e4 valintoja, Nordling tuskaili.<\/p>\n<p><strong>BK-46 \u2013 Dynamo 24 \u2013 23 (18 \u2013 13)<\/strong><\/p>\n<p>Erotuomarit: Tapani Kuri ja Krister Illman<br \/>\nYleis\u00f6\u00e4: 185<\/p>\n<p><strong>Maalintekij\u00e4t:<\/strong><br \/>\nBK-46<br \/>\nAlbert Lindholm 8<br \/>\nOscar Udd 8<br \/>\nTimmy Thor 2<br \/>\nRobin Mattsson 2<br \/>\nNichols Mavrostomos 1<br \/>\nVictor Westerlund 1<br \/>\nAlex Lignell 1<br \/>\nJanne Korpim\u00e4ki 1<\/p>\n<p>Dynamo<br \/>\nVili Mattila 8<br \/>\nValtteri Viljanen 2<br \/>\nSami Karhunen 2<br \/>\nElis Alander 2<br \/>\nNiko Leikama 2<br \/>\nOlli Kuparinen 1<br \/>\nMatias Savinainen 1<br \/>\nOsmo Tuomi 1<\/p>\n<p><strong>L\u00e4hiTapiola-t\u00e4htipelaajat:<\/strong><br \/>\n3 Albert Lindholm (BK-46)<br \/>\n2 Vili Mattila (Dynamo)<br \/>\n1 Oscar Udd (BK-46)<\/p>\n<p>2 min ulosajot sek\u00e4 pelist\u00e4 sulkemiset:<br \/>\nBK-46<br \/>\nTimmy Thor 2min<br \/>\nOscar Udd 2min<br \/>\nAlex Lignell 2min<\/p>\n<p>Dynamo<br \/>\nElias Alander 2 x 2min<br \/>\nSami Karhunen 2min<br \/>\nNiko Leikama 2min<\/p>\n<p>&nbsp;<\/p>\n","protected":false},"excerpt":{"rendered":"<p>Riihim\u00e4en Dynamo laittoi pelin j\u00e4nn\u00e4ksi lauantaina Karjaalla. Kotijoukkue BK-46 meni toisen jakson aluksi jo\u00a0turvallisen tuntuiseen 20-13-johtoon, mutta niin vain loppunumerot kirjattiin Dynamon kirin ansiosta t\u00e4p\u00e4r\u00e4sti 24-23 (18-13). Sarjan maalip\u00f6rssin k\u00e4rkikymmenikk\u00f6\u00f6n kuuluva riihim\u00e4kel\u00e4isten Vili Mattila onnistui lauantaina kahdeksan kertaa. Samaan saldoon pystyiv\u00e4t kotijoukkueesta Oscar Udd ja Albert Lindholm. Dynamo-valmentaja Pekka Lappalainen kiitteli omiensa nousua mukaan peliin. [&hellip;]<\/p>\n","protected":false},"author":13,"featured_media":11593,"comment_status":"closed","ping_status":"closed","sticky":false,"template":"","format":"standard","meta":{"_acf_changed":false,"jetpack_post_was_ever_published":false,"_jetpack_newsletter_access":"","_jetpack_dont_email_post_to_subs":false,"_jetpack_newsletter_tier_id":0,"_jetpack_memberships_contains_paywalled_content":false,"_jetpack_memberships_contains_paid_content":false,"footnotes":""},"categories":[11,24],"tags":[56,59],"class_list":["post-11605","post","type-post","status-publish","format-standard","has-post-thumbnail","hentry","category-2015-2016","category-ottelut-2015-2016","tag-bk-46","tag-dynamo-riihimaki"],"acf":[],"yoast_head":"<!-- This site is optimized with the Yoast SEO plugin v27.5 - https:\/\/yoast.com\/product\/yoast-seo-wordpress\/ -->\n<title>Dynamo pisti BK-46:n tiukille Karjaalla | K\u00e4sipallon miesten Aktialiiga<\/title>\n<meta name=\"robots\" content=\"index, follow, max-snippet:-1, max-image-preview:large, max-video-preview:-1\" \/>\n<link rel=\"canonical\" href=\"https:\/\/aktialiiga.fi\/miehet\/2015-2016\/dynamo-piti-bk-46ta-tiukilla-karjaalle\/\" \/>\n<meta property=\"og:locale\" content=\"fi_FI\" \/>\n<meta property=\"og:type\" content=\"article\" \/>\n<meta property=\"og:title\" content=\"Dynamo pisti BK-46:n tiukille Karjaalla | K\u00e4sipallon miesten Aktialiiga\" \/>\n<meta property=\"og:description\" content=\"Riihim\u00e4en Dynamo laittoi pelin j\u00e4nn\u00e4ksi lauantaina Karjaalla. Kotijoukkue BK-46 meni toisen jakson aluksi jo\u00a0turvallisen tuntuiseen 20-13-johtoon, mutta niin vain loppunumerot kirjattiin Dynamon kirin ansiosta t\u00e4p\u00e4r\u00e4sti 24-23 (18-13). Sarjan maalip\u00f6rssin k\u00e4rkikymmenikk\u00f6\u00f6n kuuluva riihim\u00e4kel\u00e4isten Vili Mattila onnistui lauantaina kahdeksan kertaa. Samaan saldoon pystyiv\u00e4t kotijoukkueesta Oscar Udd ja Albert Lindholm. Dynamo-valmentaja Pekka Lappalainen kiitteli omiensa nousua mukaan peliin. [&hellip;]\" \/>\n<meta property=\"og:url\" content=\"https:\/\/aktialiiga.fi\/miehet\/2015-2016\/dynamo-piti-bk-46ta-tiukilla-karjaalle\/\" \/>\n<meta property=\"og:site_name\" content=\"K\u00e4sipallon miesten Aktialiiga\" \/>\n<meta property=\"article:publisher\" content=\"https:\/\/www.facebook.com\/finnhandball\" \/>\n<meta property=\"article:published_time\" content=\"2016-02-27T18:16:47+00:00\" \/>\n<meta property=\"article:modified_time\" content=\"2018-04-20T09:48:18+00:00\" \/>\n<meta property=\"og:image\" content=\"https:\/\/i0.wp.com\/aktialiiga.fi\/miehet\/wp-content\/uploads\/sites\/5\/2016\/02\/logo-SKPL.jpg?fit=570%2C600&ssl=1\" \/>\n\t<meta property=\"og:image:width\" content=\"570\" \/>\n\t<meta property=\"og:image:height\" content=\"600\" \/>\n\t<meta property=\"og:image:type\" content=\"image\/jpeg\" \/>\n<meta name=\"author\" content=\"tbrmedia\" \/>\n<meta name=\"twitter:card\" content=\"summary_large_image\" \/>\n<meta name=\"twitter:creator\" content=\"@finnhandball\" \/>\n<meta name=\"twitter:site\" content=\"@finnhandball\" \/>\n<script type=\"application\/ld+json\" class=\"yoast-schema-graph\">{\"@context\":\"https:\\\/\\\/schema.org\",\"@graph\":[{\"@type\":\"Article\",\"@id\":\"https:\\\/\\\/aktialiiga.fi\\\/miehet\\\/2015-2016\\\/dynamo-piti-bk-46ta-tiukilla-karjaalle\\\/#article\",\"isPartOf\":{\"@id\":\"https:\\\/\\\/aktialiiga.fi\\\/miehet\\\/2015-2016\\\/dynamo-piti-bk-46ta-tiukilla-karjaalle\\\/\"},\"author\":{\"name\":\"tbrmedia\",\"@id\":\"https:\\\/\\\/aktialiiga.fi\\\/miehet\\\/#\\\/schema\\\/person\\\/c14bf42f47041db74603c45afcb18d87\"},\"headline\":\"Dynamo pisti BK-46:n tiukille Karjaalla\",\"datePublished\":\"2016-02-27T18:16:47+00:00\",\"dateModified\":\"2018-04-20T09:48:18+00:00\",\"mainEntityOfPage\":{\"@id\":\"https:\\\/\\\/aktialiiga.fi\\\/miehet\\\/2015-2016\\\/dynamo-piti-bk-46ta-tiukilla-karjaalle\\\/\"},\"wordCount\":249,\"publisher\":{\"@id\":\"https:\\\/\\\/aktialiiga.fi\\\/miehet\\\/#organization\"},\"image\":{\"@id\":\"https:\\\/\\\/aktialiiga.fi\\\/miehet\\\/2015-2016\\\/dynamo-piti-bk-46ta-tiukilla-karjaalle\\\/#primaryimage\"},\"thumbnailUrl\":\"https:\\\/\\\/i0.wp.com\\\/aktialiiga.fi\\\/miehet\\\/wp-content\\\/uploads\\\/sites\\\/5\\\/2016\\\/02\\\/logo-SKPL.jpg?fit=570%2C600&ssl=1\",\"keywords\":[\"BK-46\",\"Dynamo Riihim\u00e4ki\"],\"articleSection\":[\"Kausi 2015-2016\",\"Ottelut\"],\"inLanguage\":\"fi\"},{\"@type\":\"WebPage\",\"@id\":\"https:\\\/\\\/aktialiiga.fi\\\/miehet\\\/2015-2016\\\/dynamo-piti-bk-46ta-tiukilla-karjaalle\\\/\",\"url\":\"https:\\\/\\\/aktialiiga.fi\\\/miehet\\\/2015-2016\\\/dynamo-piti-bk-46ta-tiukilla-karjaalle\\\/\",\"name\":\"Dynamo pisti BK-46:n tiukille Karjaalla | K\u00e4sipallon miesten Aktialiiga\",\"isPartOf\":{\"@id\":\"https:\\\/\\\/aktialiiga.fi\\\/miehet\\\/#website\"},\"primaryImageOfPage\":{\"@id\":\"https:\\\/\\\/aktialiiga.fi\\\/miehet\\\/2015-2016\\\/dynamo-piti-bk-46ta-tiukilla-karjaalle\\\/#primaryimage\"},\"image\":{\"@id\":\"https:\\\/\\\/aktialiiga.fi\\\/miehet\\\/2015-2016\\\/dynamo-piti-bk-46ta-tiukilla-karjaalle\\\/#primaryimage\"},\"thumbnailUrl\":\"https:\\\/\\\/i0.wp.com\\\/aktialiiga.fi\\\/miehet\\\/wp-content\\\/uploads\\\/sites\\\/5\\\/2016\\\/02\\\/logo-SKPL.jpg?fit=570%2C600&ssl=1\",\"datePublished\":\"2016-02-27T18:16:47+00:00\",\"dateModified\":\"2018-04-20T09:48:18+00:00\",\"breadcrumb\":{\"@id\":\"https:\\\/\\\/aktialiiga.fi\\\/miehet\\\/2015-2016\\\/dynamo-piti-bk-46ta-tiukilla-karjaalle\\\/#breadcrumb\"},\"inLanguage\":\"fi\",\"potentialAction\":[{\"@type\":\"ReadAction\",\"target\":[\"https:\\\/\\\/aktialiiga.fi\\\/miehet\\\/2015-2016\\\/dynamo-piti-bk-46ta-tiukilla-karjaalle\\\/\"]}]},{\"@type\":\"ImageObject\",\"inLanguage\":\"fi\",\"@id\":\"https:\\\/\\\/aktialiiga.fi\\\/miehet\\\/2015-2016\\\/dynamo-piti-bk-46ta-tiukilla-karjaalle\\\/#primaryimage\",\"url\":\"https:\\\/\\\/i0.wp.com\\\/aktialiiga.fi\\\/miehet\\\/wp-content\\\/uploads\\\/sites\\\/5\\\/2016\\\/02\\\/logo-SKPL.jpg?fit=570%2C600&ssl=1\",\"contentUrl\":\"https:\\\/\\\/i0.wp.com\\\/aktialiiga.fi\\\/miehet\\\/wp-content\\\/uploads\\\/sites\\\/5\\\/2016\\\/02\\\/logo-SKPL.jpg?fit=570%2C600&ssl=1\",\"width\":570,\"height\":600},{\"@type\":\"BreadcrumbList\",\"@id\":\"https:\\\/\\\/aktialiiga.fi\\\/miehet\\\/2015-2016\\\/dynamo-piti-bk-46ta-tiukilla-karjaalle\\\/#breadcrumb\",\"itemListElement\":[{\"@type\":\"ListItem\",\"position\":1,\"name\":\"Etusivu\",\"item\":\"https:\\\/\\\/aktialiiga.fi\\\/miehet\\\/\"},{\"@type\":\"ListItem\",\"position\":2,\"name\":\"Dynamo pisti BK-46:n tiukille Karjaalla\"}]},{\"@type\":\"WebSite\",\"@id\":\"https:\\\/\\\/aktialiiga.fi\\\/miehet\\\/#website\",\"url\":\"https:\\\/\\\/aktialiiga.fi\\\/miehet\\\/\",\"name\":\"K\u00e4sipallon miesten Aktialiiga\",\"description\":\"Valtakunnan vauhdikkainta palloilua!\",\"publisher\":{\"@id\":\"https:\\\/\\\/aktialiiga.fi\\\/miehet\\\/#organization\"},\"potentialAction\":[{\"@type\":\"SearchAction\",\"target\":{\"@type\":\"EntryPoint\",\"urlTemplate\":\"https:\\\/\\\/aktialiiga.fi\\\/miehet\\\/?s={search_term_string}\"},\"query-input\":{\"@type\":\"PropertyValueSpecification\",\"valueRequired\":true,\"valueName\":\"search_term_string\"}}],\"inLanguage\":\"fi\"},{\"@type\":\"Organization\",\"@id\":\"https:\\\/\\\/aktialiiga.fi\\\/miehet\\\/#organization\",\"name\":\"K\u00e4sipallon miesten Aktialiiga\",\"url\":\"https:\\\/\\\/aktialiiga.fi\\\/miehet\\\/\",\"logo\":{\"@type\":\"ImageObject\",\"inLanguage\":\"fi\",\"@id\":\"https:\\\/\\\/aktialiiga.fi\\\/miehet\\\/#\\\/schema\\\/logo\\\/image\\\/\",\"url\":\"https:\\\/\\\/i0.wp.com\\\/aktialiiga.fi\\\/miehet\\\/wp-content\\\/uploads\\\/sites\\\/5\\\/2024\\\/09\\\/Aktialiiga-Yoast-512.png?fit=512%2C512&ssl=1\",\"contentUrl\":\"https:\\\/\\\/i0.wp.com\\\/aktialiiga.fi\\\/miehet\\\/wp-content\\\/uploads\\\/sites\\\/5\\\/2024\\\/09\\\/Aktialiiga-Yoast-512.png?fit=512%2C512&ssl=1\",\"width\":512,\"height\":512,\"caption\":\"K\u00e4sipallon miesten Aktialiiga\"},\"image\":{\"@id\":\"https:\\\/\\\/aktialiiga.fi\\\/miehet\\\/#\\\/schema\\\/logo\\\/image\\\/\"},\"sameAs\":[\"https:\\\/\\\/www.facebook.com\\\/finnhandball\",\"https:\\\/\\\/x.com\\\/finnhandball\",\"https:\\\/\\\/www.instagram.com\\\/handballfinland\\\/\"]},{\"@type\":\"Person\",\"@id\":\"https:\\\/\\\/aktialiiga.fi\\\/miehet\\\/#\\\/schema\\\/person\\\/c14bf42f47041db74603c45afcb18d87\",\"name\":\"tbrmedia\",\"image\":{\"@type\":\"ImageObject\",\"inLanguage\":\"fi\",\"@id\":\"https:\\\/\\\/secure.gravatar.com\\\/avatar\\\/ee975fa091fe581d12b60debb3439022686618368a7c142044c56724d4666b16?s=96&d=mm&r=g\",\"url\":\"https:\\\/\\\/secure.gravatar.com\\\/avatar\\\/ee975fa091fe581d12b60debb3439022686618368a7c142044c56724d4666b16?s=96&d=mm&r=g\",\"contentUrl\":\"https:\\\/\\\/secure.gravatar.com\\\/avatar\\\/ee975fa091fe581d12b60debb3439022686618368a7c142044c56724d4666b16?s=96&d=mm&r=g\",\"caption\":\"tbrmedia\"}}]}<\/script>\n<!-- \/ Yoast SEO plugin. -->","yoast_head_json":{"title":"Dynamo pisti BK-46:n tiukille Karjaalla | K\u00e4sipallon miesten Aktialiiga","robots":{"index":"index","follow":"follow","max-snippet":"max-snippet:-1","max-image-preview":"max-image-preview:large","max-video-preview":"max-video-preview:-1"},"canonical":"https:\/\/aktialiiga.fi\/miehet\/2015-2016\/dynamo-piti-bk-46ta-tiukilla-karjaalle\/","og_locale":"fi_FI","og_type":"article","og_title":"Dynamo pisti BK-46:n tiukille Karjaalla | K\u00e4sipallon miesten Aktialiiga","og_description":"Riihim\u00e4en Dynamo laittoi pelin j\u00e4nn\u00e4ksi lauantaina Karjaalla. Kotijoukkue BK-46 meni toisen jakson aluksi jo\u00a0turvallisen tuntuiseen 20-13-johtoon, mutta niin vain loppunumerot kirjattiin Dynamon kirin ansiosta t\u00e4p\u00e4r\u00e4sti 24-23 (18-13). Sarjan maalip\u00f6rssin k\u00e4rkikymmenikk\u00f6\u00f6n kuuluva riihim\u00e4kel\u00e4isten Vili Mattila onnistui lauantaina kahdeksan kertaa. Samaan saldoon pystyiv\u00e4t kotijoukkueesta Oscar Udd ja Albert Lindholm. Dynamo-valmentaja Pekka Lappalainen kiitteli omiensa nousua mukaan peliin. [&hellip;]","og_url":"https:\/\/aktialiiga.fi\/miehet\/2015-2016\/dynamo-piti-bk-46ta-tiukilla-karjaalle\/","og_site_name":"K\u00e4sipallon miesten Aktialiiga","article_publisher":"https:\/\/www.facebook.com\/finnhandball","article_published_time":"2016-02-27T18:16:47+00:00","article_modified_time":"2018-04-20T09:48:18+00:00","og_image":[{"width":570,"height":600,"url":"https:\/\/i0.wp.com\/aktialiiga.fi\/miehet\/wp-content\/uploads\/sites\/5\/2016\/02\/logo-SKPL.jpg?fit=570%2C600&ssl=1","type":"image\/jpeg"}],"author":"tbrmedia","twitter_card":"summary_large_image","twitter_creator":"@finnhandball","twitter_site":"@finnhandball","schema":{"@context":"https:\/\/schema.org","@graph":[{"@type":"Article","@id":"https:\/\/aktialiiga.fi\/miehet\/2015-2016\/dynamo-piti-bk-46ta-tiukilla-karjaalle\/#article","isPartOf":{"@id":"https:\/\/aktialiiga.fi\/miehet\/2015-2016\/dynamo-piti-bk-46ta-tiukilla-karjaalle\/"},"author":{"name":"tbrmedia","@id":"https:\/\/aktialiiga.fi\/miehet\/#\/schema\/person\/c14bf42f47041db74603c45afcb18d87"},"headline":"Dynamo pisti BK-46:n tiukille Karjaalla","datePublished":"2016-02-27T18:16:47+00:00","dateModified":"2018-04-20T09:48:18+00:00","mainEntityOfPage":{"@id":"https:\/\/aktialiiga.fi\/miehet\/2015-2016\/dynamo-piti-bk-46ta-tiukilla-karjaalle\/"},"wordCount":249,"publisher":{"@id":"https:\/\/aktialiiga.fi\/miehet\/#organization"},"image":{"@id":"https:\/\/aktialiiga.fi\/miehet\/2015-2016\/dynamo-piti-bk-46ta-tiukilla-karjaalle\/#primaryimage"},"thumbnailUrl":"https:\/\/i0.wp.com\/aktialiiga.fi\/miehet\/wp-content\/uploads\/sites\/5\/2016\/02\/logo-SKPL.jpg?fit=570%2C600&ssl=1","keywords":["BK-46","Dynamo Riihim\u00e4ki"],"articleSection":["Kausi 2015-2016","Ottelut"],"inLanguage":"fi"},{"@type":"WebPage","@id":"https:\/\/aktialiiga.fi\/miehet\/2015-2016\/dynamo-piti-bk-46ta-tiukilla-karjaalle\/","url":"https:\/\/aktialiiga.fi\/miehet\/2015-2016\/dynamo-piti-bk-46ta-tiukilla-karjaalle\/","name":"Dynamo pisti BK-46:n tiukille Karjaalla | K\u00e4sipallon miesten Aktialiiga","isPartOf":{"@id":"https:\/\/aktialiiga.fi\/miehet\/#website"},"primaryImageOfPage":{"@id":"https:\/\/aktialiiga.fi\/miehet\/2015-2016\/dynamo-piti-bk-46ta-tiukilla-karjaalle\/#primaryimage"},"image":{"@id":"https:\/\/aktialiiga.fi\/miehet\/2015-2016\/dynamo-piti-bk-46ta-tiukilla-karjaalle\/#primaryimage"},"thumbnailUrl":"https:\/\/i0.wp.com\/aktialiiga.fi\/miehet\/wp-content\/uploads\/sites\/5\/2016\/02\/logo-SKPL.jpg?fit=570%2C600&ssl=1","datePublished":"2016-02-27T18:16:47+00:00","dateModified":"2018-04-20T09:48:18+00:00","breadcrumb":{"@id":"https:\/\/aktialiiga.fi\/miehet\/2015-2016\/dynamo-piti-bk-46ta-tiukilla-karjaalle\/#breadcrumb"},"inLanguage":"fi","potentialAction":[{"@type":"ReadAction","target":["https:\/\/aktialiiga.fi\/miehet\/2015-2016\/dynamo-piti-bk-46ta-tiukilla-karjaalle\/"]}]},{"@type":"ImageObject","inLanguage":"fi","@id":"https:\/\/aktialiiga.fi\/miehet\/2015-2016\/dynamo-piti-bk-46ta-tiukilla-karjaalle\/#primaryimage","url":"https:\/\/i0.wp.com\/aktialiiga.fi\/miehet\/wp-content\/uploads\/sites\/5\/2016\/02\/logo-SKPL.jpg?fit=570%2C600&ssl=1","contentUrl":"https:\/\/i0.wp.com\/aktialiiga.fi\/miehet\/wp-content\/uploads\/sites\/5\/2016\/02\/logo-SKPL.jpg?fit=570%2C600&ssl=1","width":570,"height":600},{"@type":"BreadcrumbList","@id":"https:\/\/aktialiiga.fi\/miehet\/2015-2016\/dynamo-piti-bk-46ta-tiukilla-karjaalle\/#breadcrumb","itemListElement":[{"@type":"ListItem","position":1,"name":"Etusivu","item":"https:\/\/aktialiiga.fi\/miehet\/"},{"@type":"ListItem","position":2,"name":"Dynamo pisti BK-46:n tiukille Karjaalla"}]},{"@type":"WebSite","@id":"https:\/\/aktialiiga.fi\/miehet\/#website","url":"https:\/\/aktialiiga.fi\/miehet\/","name":"K\u00e4sipallon miesten Aktialiiga","description":"Valtakunnan vauhdikkainta palloilua!","publisher":{"@id":"https:\/\/aktialiiga.fi\/miehet\/#organization"},"potentialAction":[{"@type":"SearchAction","target":{"@type":"EntryPoint","urlTemplate":"https:\/\/aktialiiga.fi\/miehet\/?s={search_term_string}"},"query-input":{"@type":"PropertyValueSpecification","valueRequired":true,"valueName":"search_term_string"}}],"inLanguage":"fi"},{"@type":"Organization","@id":"https:\/\/aktialiiga.fi\/miehet\/#organization","name":"K\u00e4sipallon miesten Aktialiiga","url":"https:\/\/aktialiiga.fi\/miehet\/","logo":{"@type":"ImageObject","inLanguage":"fi","@id":"https:\/\/aktialiiga.fi\/miehet\/#\/schema\/logo\/image\/","url":"https:\/\/i0.wp.com\/aktialiiga.fi\/miehet\/wp-content\/uploads\/sites\/5\/2024\/09\/Aktialiiga-Yoast-512.png?fit=512%2C512&ssl=1","contentUrl":"https:\/\/i0.wp.com\/aktialiiga.fi\/miehet\/wp-content\/uploads\/sites\/5\/2024\/09\/Aktialiiga-Yoast-512.png?fit=512%2C512&ssl=1","width":512,"height":512,"caption":"K\u00e4sipallon miesten Aktialiiga"},"image":{"@id":"https:\/\/aktialiiga.fi\/miehet\/#\/schema\/logo\/image\/"},"sameAs":["https:\/\/www.facebook.com\/finnhandball","https:\/\/x.com\/finnhandball","https:\/\/www.instagram.com\/handballfinland\/"]},{"@type":"Person","@id":"https:\/\/aktialiiga.fi\/miehet\/#\/schema\/person\/c14bf42f47041db74603c45afcb18d87","name":"tbrmedia","image":{"@type":"ImageObject","inLanguage":"fi","@id":"https:\/\/secure.gravatar.com\/avatar\/ee975fa091fe581d12b60debb3439022686618368a7c142044c56724d4666b16?s=96&d=mm&r=g","url":"https:\/\/secure.gravatar.com\/avatar\/ee975fa091fe581d12b60debb3439022686618368a7c142044c56724d4666b16?s=96&d=mm&r=g","contentUrl":"https:\/\/secure.gravatar.com\/avatar\/ee975fa091fe581d12b60debb3439022686618368a7c142044c56724d4666b16?s=96&d=mm&r=g","caption":"tbrmedia"}}]}},"jetpack_featured_media_url":"https:\/\/i0.wp.com\/aktialiiga.fi\/miehet\/wp-content\/uploads\/sites\/5\/2016\/02\/logo-SKPL.jpg?fit=570%2C600&ssl=1","jetpack_sharing_enabled":true,"jetpack_shortlink":"https:\/\/wp.me\/pfTxOr-31b","_links":{"self":[{"href":"https:\/\/aktialiiga.fi\/miehet\/wp-json\/wp\/v2\/posts\/11605","targetHints":{"allow":["GET"]}}],"collection":[{"href":"https:\/\/aktialiiga.fi\/miehet\/wp-json\/wp\/v2\/posts"}],"about":[{"href":"https:\/\/aktialiiga.fi\/miehet\/wp-json\/wp\/v2\/types\/post"}],"author":[{"embeddable":true,"href":"https:\/\/aktialiiga.fi\/miehet\/wp-json\/wp\/v2\/users\/13"}],"replies":[{"embeddable":true,"href":"https:\/\/aktialiiga.fi\/miehet\/wp-json\/wp\/v2\/comments?post=11605"}],"version-history":[{"count":0,"href":"https:\/\/aktialiiga.fi\/miehet\/wp-json\/wp\/v2\/posts\/11605\/revisions"}],"wp:featuredmedia":[{"embeddable":true,"href":"https:\/\/aktialiiga.fi\/miehet\/wp-json\/wp\/v2\/media\/11593"}],"wp:attachment":[{"href":"https:\/\/aktialiiga.fi\/miehet\/wp-json\/wp\/v2\/media?parent=11605"}],"wp:term":[{"taxonomy":"category","embeddable":true,"href":"https:\/\/aktialiiga.fi\/miehet\/wp-json\/wp\/v2\/categories?post=11605"},{"taxonomy":"post_tag","embeddable":true,"href":"https:\/\/aktialiiga.fi\/miehet\/wp-json\/wp\/v2\/tags?post=11605"}],"curies":[{"name":"wp","href":"https:\/\/api.w.org\/{rel}","templated":true}]}}