{"id":11715,"date":"2016-03-15T20:49:44","date_gmt":"2016-03-15T18:49:44","guid":{"rendered":"https:\/\/aktialiiga.fi\/miehet\/?p=11715"},"modified":"2018-04-20T12:48:08","modified_gmt":"2018-04-20T09:48:08","slug":"sif-metsastaa-kuudetta-sijaa-dynamo-riihimaen-vieraana","status":"publish","type":"post","link":"https:\/\/aktialiiga.fi\/miehet\/2015-2016\/ennakot-2015-2016\/sif-metsastaa-kuudetta-sijaa-dynamo-riihimaen-vieraana\/","title":{"rendered":"SIF mets\u00e4st\u00e4\u00e4 kuudetta sijaa Dynamo Riihim\u00e4en vieraana"},"content":{"rendered":"<p>Dynamo Riihim\u00e4ki ja SIF p\u00e4\u00e4tt\u00e4v\u00e4t runkosarjan keskiviikkona ottelussa, jossa kummallakin on oma panoksensa.<\/p>\n<p>Dynamon tie pudotuspeleihin on tukossa ja joukkue valmistautuukin jo tasonmittausotteluihin. Edelliskamppailussa HC Westin vieraana oli hyv\u00e4\u00e4 ja huonoa. Vahvan avausjakson j\u00e4lkeen Dynamo putosi pahasti Westin kyydist\u00e4.<\/p>\n<p>\u2013 Alussa ei ollut jostain syyst\u00e4 kunnon fiilist\u00e4, mutta hyvien onnistumisten kautta saatiin parempi ote peliin. Toisen alussa oltiin ihan lampaita. Huonoista viimeistelyist\u00e4 tuli sitten niit\u00e4 nopeita ja puolinopeita omaan p\u00e4\u00e4h\u00e4n. Huolimattomasti tehty ratkaisu on tavallaan aina kahden maalin tappio. Oma maali j\u00e4\u00e4 saamatta, mutta vastaiskuista tulee omiin, Dynamon p\u00e4\u00e4valmentaja Pekka Lappalainen arvioi seuran verkkosivuilla..<\/p>\n<p>\u2013 Silti bussissa voi kuulla riemun kiljahduksia. Olihan se alku toki hyv\u00e4\u00e4 tekemist\u00e4. Pit\u00e4isi vain saada sama taso pidetty\u00e4 sen 60 minuuttia.<\/p>\n<p>SIF puolestaan hakee viel\u00e4 nousua kuudennelle sijalle ja t\u00e4ss\u00e4 taistelussa riihim\u00e4kel\u00e4isseurat ovat avainasemassa. SIF:n pit\u00e4\u00e4 hakea voitto Dynamosta ja BK-46:n samaan aikaan h\u00e4vit\u00e4 Cocksille, jotta kuudes sija j\u00e4isi k\u00e4teen.<\/p>\n<p>Pahasti loukkaantumisten vaivaama SIF tarvitsee kuitenkin ryhtiliikkeen viikonloppuna Atlas Vantaalle k\u00e4rsityn selke\u00e4n tappion j\u00e4lkeen.<\/p>\n<p>&#8211; Kaikki tiet\u00e4v\u00e4t mitk\u00e4 l\u00e4ht\u00f6kohdat olivat, mutta siit\u00e4 huolimatta ottelu oli meilt\u00e4 heikko. Annoimme periksi todella helposti, harmitteli SIF-luotsi Kaj Hagman V\u00e4stra Nylandille.<\/p>\n<p>Ottelu keskiviikkona Riihim\u00e4en urheilutalolla alkaa kello 19.00.<\/p>\n<p><em>K\u00e4sipallon miesten SM-Liigan ottelut kattavasti my\u00f6s Veikkauksen urheilupelien tarjonnassa, k\u00e4sipallon kohteet l\u00f6yd\u00e4t <a href=\"https:\/\/www.veikkaus.fi\/fi\/urheilu?hae=kasipallo\" target=\"_blank\"><strong>t\u00e4\u00e4lt\u00e4<\/strong><\/a>.<\/em><\/p>\n","protected":false},"excerpt":{"rendered":"<p>Dynamo Riihim\u00e4ki ja SIF p\u00e4\u00e4tt\u00e4v\u00e4t runkosarjan keskiviikkona ottelussa, jossa kummallakin on oma panoksensa. Dynamon tie pudotuspeleihin on tukossa ja joukkue valmistautuukin jo tasonmittausotteluihin. Edelliskamppailussa HC Westin vieraana oli hyv\u00e4\u00e4 ja huonoa. Vahvan avausjakson j\u00e4lkeen Dynamo putosi pahasti Westin kyydist\u00e4. \u2013 Alussa ei ollut jostain syyst\u00e4 kunnon fiilist\u00e4, mutta hyvien onnistumisten kautta saatiin parempi ote peliin. [&hellip;]<\/p>\n","protected":false},"author":13,"featured_media":11153,"comment_status":"closed","ping_status":"closed","sticky":false,"template":"","format":"standard","meta":{"_acf_changed":false,"jetpack_post_was_ever_published":false,"_jetpack_newsletter_access":"","_jetpack_dont_email_post_to_subs":false,"_jetpack_newsletter_tier_id":0,"_jetpack_memberships_contains_paywalled_content":false,"_jetpack_memberships_contains_paid_content":false,"footnotes":""},"categories":[42],"tags":[59,111],"class_list":["post-11715","post","type-post","status-publish","format-standard","has-post-thumbnail","hentry","category-ennakot-2015-2016","tag-dynamo-riihimaki","tag-sif"],"acf":[],"yoast_head":"<!-- This site is optimized with the Yoast SEO plugin v27.5 - https:\/\/yoast.com\/product\/yoast-seo-wordpress\/ -->\n<title>SIF mets\u00e4st\u00e4\u00e4 kuudetta sijaa Dynamo Riihim\u00e4en vieraana | K\u00e4sipallon miesten Aktialiiga<\/title>\n<meta name=\"robots\" content=\"index, follow, max-snippet:-1, max-image-preview:large, max-video-preview:-1\" \/>\n<link rel=\"canonical\" href=\"https:\/\/aktialiiga.fi\/miehet\/2015-2016\/ennakot-2015-2016\/sif-metsastaa-kuudetta-sijaa-dynamo-riihimaen-vieraana\/\" \/>\n<meta property=\"og:locale\" content=\"fi_FI\" \/>\n<meta property=\"og:type\" content=\"article\" \/>\n<meta property=\"og:title\" content=\"SIF mets\u00e4st\u00e4\u00e4 kuudetta sijaa Dynamo Riihim\u00e4en vieraana | K\u00e4sipallon miesten Aktialiiga\" \/>\n<meta property=\"og:description\" content=\"Dynamo Riihim\u00e4ki ja SIF p\u00e4\u00e4tt\u00e4v\u00e4t runkosarjan keskiviikkona ottelussa, jossa kummallakin on oma panoksensa. Dynamon tie pudotuspeleihin on tukossa ja joukkue valmistautuukin jo tasonmittausotteluihin. Edelliskamppailussa HC Westin vieraana oli hyv\u00e4\u00e4 ja huonoa. Vahvan avausjakson j\u00e4lkeen Dynamo putosi pahasti Westin kyydist\u00e4. \u2013 Alussa ei ollut jostain syyst\u00e4 kunnon fiilist\u00e4, mutta hyvien onnistumisten kautta saatiin parempi ote peliin. [&hellip;]\" \/>\n<meta property=\"og:url\" content=\"https:\/\/aktialiiga.fi\/miehet\/2015-2016\/ennakot-2015-2016\/sif-metsastaa-kuudetta-sijaa-dynamo-riihimaen-vieraana\/\" \/>\n<meta property=\"og:site_name\" content=\"K\u00e4sipallon miesten Aktialiiga\" \/>\n<meta property=\"article:publisher\" content=\"https:\/\/www.facebook.com\/finnhandball\" \/>\n<meta property=\"article:published_time\" content=\"2016-03-15T18:49:44+00:00\" \/>\n<meta property=\"article:modified_time\" content=\"2018-04-20T09:48:08+00:00\" \/>\n<meta property=\"og:image\" content=\"https:\/\/i0.wp.com\/aktialiiga.fi\/miehet\/wp-content\/uploads\/sites\/5\/2013\/06\/Dynamo_Mattila_Vili_N1516.jpg?fit=800%2C375&ssl=1\" \/>\n\t<meta property=\"og:image:width\" content=\"800\" \/>\n\t<meta property=\"og:image:height\" content=\"375\" \/>\n\t<meta property=\"og:image:type\" content=\"image\/jpeg\" \/>\n<meta name=\"author\" content=\"tbrmedia\" \/>\n<meta name=\"twitter:card\" content=\"summary_large_image\" \/>\n<meta name=\"twitter:creator\" content=\"@finnhandball\" \/>\n<meta name=\"twitter:site\" content=\"@finnhandball\" \/>\n<script type=\"application\/ld+json\" class=\"yoast-schema-graph\">{\"@context\":\"https:\\\/\\\/schema.org\",\"@graph\":[{\"@type\":\"Article\",\"@id\":\"https:\\\/\\\/aktialiiga.fi\\\/miehet\\\/2015-2016\\\/ennakot-2015-2016\\\/sif-metsastaa-kuudetta-sijaa-dynamo-riihimaen-vieraana\\\/#article\",\"isPartOf\":{\"@id\":\"https:\\\/\\\/aktialiiga.fi\\\/miehet\\\/2015-2016\\\/ennakot-2015-2016\\\/sif-metsastaa-kuudetta-sijaa-dynamo-riihimaen-vieraana\\\/\"},\"author\":{\"name\":\"tbrmedia\",\"@id\":\"https:\\\/\\\/aktialiiga.fi\\\/miehet\\\/#\\\/schema\\\/person\\\/c14bf42f47041db74603c45afcb18d87\"},\"headline\":\"SIF mets\u00e4st\u00e4\u00e4 kuudetta sijaa Dynamo Riihim\u00e4en vieraana\",\"datePublished\":\"2016-03-15T18:49:44+00:00\",\"dateModified\":\"2018-04-20T09:48:08+00:00\",\"mainEntityOfPage\":{\"@id\":\"https:\\\/\\\/aktialiiga.fi\\\/miehet\\\/2015-2016\\\/ennakot-2015-2016\\\/sif-metsastaa-kuudetta-sijaa-dynamo-riihimaen-vieraana\\\/\"},\"wordCount\":239,\"publisher\":{\"@id\":\"https:\\\/\\\/aktialiiga.fi\\\/miehet\\\/#organization\"},\"image\":{\"@id\":\"https:\\\/\\\/aktialiiga.fi\\\/miehet\\\/2015-2016\\\/ennakot-2015-2016\\\/sif-metsastaa-kuudetta-sijaa-dynamo-riihimaen-vieraana\\\/#primaryimage\"},\"thumbnailUrl\":\"https:\\\/\\\/i0.wp.com\\\/aktialiiga.fi\\\/miehet\\\/wp-content\\\/uploads\\\/sites\\\/5\\\/2013\\\/06\\\/Dynamo_Mattila_Vili_N1516.jpg?fit=800%2C375&ssl=1\",\"keywords\":[\"Dynamo Riihim\u00e4ki\",\"SIF\"],\"articleSection\":[\"Ennakot\"],\"inLanguage\":\"fi\"},{\"@type\":\"WebPage\",\"@id\":\"https:\\\/\\\/aktialiiga.fi\\\/miehet\\\/2015-2016\\\/ennakot-2015-2016\\\/sif-metsastaa-kuudetta-sijaa-dynamo-riihimaen-vieraana\\\/\",\"url\":\"https:\\\/\\\/aktialiiga.fi\\\/miehet\\\/2015-2016\\\/ennakot-2015-2016\\\/sif-metsastaa-kuudetta-sijaa-dynamo-riihimaen-vieraana\\\/\",\"name\":\"SIF mets\u00e4st\u00e4\u00e4 kuudetta sijaa Dynamo Riihim\u00e4en vieraana | K\u00e4sipallon miesten Aktialiiga\",\"isPartOf\":{\"@id\":\"https:\\\/\\\/aktialiiga.fi\\\/miehet\\\/#website\"},\"primaryImageOfPage\":{\"@id\":\"https:\\\/\\\/aktialiiga.fi\\\/miehet\\\/2015-2016\\\/ennakot-2015-2016\\\/sif-metsastaa-kuudetta-sijaa-dynamo-riihimaen-vieraana\\\/#primaryimage\"},\"image\":{\"@id\":\"https:\\\/\\\/aktialiiga.fi\\\/miehet\\\/2015-2016\\\/ennakot-2015-2016\\\/sif-metsastaa-kuudetta-sijaa-dynamo-riihimaen-vieraana\\\/#primaryimage\"},\"thumbnailUrl\":\"https:\\\/\\\/i0.wp.com\\\/aktialiiga.fi\\\/miehet\\\/wp-content\\\/uploads\\\/sites\\\/5\\\/2013\\\/06\\\/Dynamo_Mattila_Vili_N1516.jpg?fit=800%2C375&ssl=1\",\"datePublished\":\"2016-03-15T18:49:44+00:00\",\"dateModified\":\"2018-04-20T09:48:08+00:00\",\"breadcrumb\":{\"@id\":\"https:\\\/\\\/aktialiiga.fi\\\/miehet\\\/2015-2016\\\/ennakot-2015-2016\\\/sif-metsastaa-kuudetta-sijaa-dynamo-riihimaen-vieraana\\\/#breadcrumb\"},\"inLanguage\":\"fi\",\"potentialAction\":[{\"@type\":\"ReadAction\",\"target\":[\"https:\\\/\\\/aktialiiga.fi\\\/miehet\\\/2015-2016\\\/ennakot-2015-2016\\\/sif-metsastaa-kuudetta-sijaa-dynamo-riihimaen-vieraana\\\/\"]}]},{\"@type\":\"ImageObject\",\"inLanguage\":\"fi\",\"@id\":\"https:\\\/\\\/aktialiiga.fi\\\/miehet\\\/2015-2016\\\/ennakot-2015-2016\\\/sif-metsastaa-kuudetta-sijaa-dynamo-riihimaen-vieraana\\\/#primaryimage\",\"url\":\"https:\\\/\\\/i0.wp.com\\\/aktialiiga.fi\\\/miehet\\\/wp-content\\\/uploads\\\/sites\\\/5\\\/2013\\\/06\\\/Dynamo_Mattila_Vili_N1516.jpg?fit=800%2C375&ssl=1\",\"contentUrl\":\"https:\\\/\\\/i0.wp.com\\\/aktialiiga.fi\\\/miehet\\\/wp-content\\\/uploads\\\/sites\\\/5\\\/2013\\\/06\\\/Dynamo_Mattila_Vili_N1516.jpg?fit=800%2C375&ssl=1\",\"width\":800,\"height\":375,\"caption\":\"Kuva: FSC Media\"},{\"@type\":\"BreadcrumbList\",\"@id\":\"https:\\\/\\\/aktialiiga.fi\\\/miehet\\\/2015-2016\\\/ennakot-2015-2016\\\/sif-metsastaa-kuudetta-sijaa-dynamo-riihimaen-vieraana\\\/#breadcrumb\",\"itemListElement\":[{\"@type\":\"ListItem\",\"position\":1,\"name\":\"Etusivu\",\"item\":\"https:\\\/\\\/aktialiiga.fi\\\/miehet\\\/\"},{\"@type\":\"ListItem\",\"position\":2,\"name\":\"SIF mets\u00e4st\u00e4\u00e4 kuudetta sijaa Dynamo Riihim\u00e4en vieraana\"}]},{\"@type\":\"WebSite\",\"@id\":\"https:\\\/\\\/aktialiiga.fi\\\/miehet\\\/#website\",\"url\":\"https:\\\/\\\/aktialiiga.fi\\\/miehet\\\/\",\"name\":\"K\u00e4sipallon miesten Aktialiiga\",\"description\":\"Valtakunnan vauhdikkainta palloilua!\",\"publisher\":{\"@id\":\"https:\\\/\\\/aktialiiga.fi\\\/miehet\\\/#organization\"},\"potentialAction\":[{\"@type\":\"SearchAction\",\"target\":{\"@type\":\"EntryPoint\",\"urlTemplate\":\"https:\\\/\\\/aktialiiga.fi\\\/miehet\\\/?s={search_term_string}\"},\"query-input\":{\"@type\":\"PropertyValueSpecification\",\"valueRequired\":true,\"valueName\":\"search_term_string\"}}],\"inLanguage\":\"fi\"},{\"@type\":\"Organization\",\"@id\":\"https:\\\/\\\/aktialiiga.fi\\\/miehet\\\/#organization\",\"name\":\"K\u00e4sipallon miesten Aktialiiga\",\"url\":\"https:\\\/\\\/aktialiiga.fi\\\/miehet\\\/\",\"logo\":{\"@type\":\"ImageObject\",\"inLanguage\":\"fi\",\"@id\":\"https:\\\/\\\/aktialiiga.fi\\\/miehet\\\/#\\\/schema\\\/logo\\\/image\\\/\",\"url\":\"https:\\\/\\\/i0.wp.com\\\/aktialiiga.fi\\\/miehet\\\/wp-content\\\/uploads\\\/sites\\\/5\\\/2024\\\/09\\\/Aktialiiga-Yoast-512.png?fit=512%2C512&ssl=1\",\"contentUrl\":\"https:\\\/\\\/i0.wp.com\\\/aktialiiga.fi\\\/miehet\\\/wp-content\\\/uploads\\\/sites\\\/5\\\/2024\\\/09\\\/Aktialiiga-Yoast-512.png?fit=512%2C512&ssl=1\",\"width\":512,\"height\":512,\"caption\":\"K\u00e4sipallon miesten Aktialiiga\"},\"image\":{\"@id\":\"https:\\\/\\\/aktialiiga.fi\\\/miehet\\\/#\\\/schema\\\/logo\\\/image\\\/\"},\"sameAs\":[\"https:\\\/\\\/www.facebook.com\\\/finnhandball\",\"https:\\\/\\\/x.com\\\/finnhandball\",\"https:\\\/\\\/www.instagram.com\\\/handballfinland\\\/\"]},{\"@type\":\"Person\",\"@id\":\"https:\\\/\\\/aktialiiga.fi\\\/miehet\\\/#\\\/schema\\\/person\\\/c14bf42f47041db74603c45afcb18d87\",\"name\":\"tbrmedia\",\"image\":{\"@type\":\"ImageObject\",\"inLanguage\":\"fi\",\"@id\":\"https:\\\/\\\/secure.gravatar.com\\\/avatar\\\/ee975fa091fe581d12b60debb3439022686618368a7c142044c56724d4666b16?s=96&d=mm&r=g\",\"url\":\"https:\\\/\\\/secure.gravatar.com\\\/avatar\\\/ee975fa091fe581d12b60debb3439022686618368a7c142044c56724d4666b16?s=96&d=mm&r=g\",\"contentUrl\":\"https:\\\/\\\/secure.gravatar.com\\\/avatar\\\/ee975fa091fe581d12b60debb3439022686618368a7c142044c56724d4666b16?s=96&d=mm&r=g\",\"caption\":\"tbrmedia\"}}]}<\/script>\n<!-- \/ Yoast SEO plugin. -->","yoast_head_json":{"title":"SIF mets\u00e4st\u00e4\u00e4 kuudetta sijaa Dynamo Riihim\u00e4en vieraana | K\u00e4sipallon miesten Aktialiiga","robots":{"index":"index","follow":"follow","max-snippet":"max-snippet:-1","max-image-preview":"max-image-preview:large","max-video-preview":"max-video-preview:-1"},"canonical":"https:\/\/aktialiiga.fi\/miehet\/2015-2016\/ennakot-2015-2016\/sif-metsastaa-kuudetta-sijaa-dynamo-riihimaen-vieraana\/","og_locale":"fi_FI","og_type":"article","og_title":"SIF mets\u00e4st\u00e4\u00e4 kuudetta sijaa Dynamo Riihim\u00e4en vieraana | K\u00e4sipallon miesten Aktialiiga","og_description":"Dynamo Riihim\u00e4ki ja SIF p\u00e4\u00e4tt\u00e4v\u00e4t runkosarjan keskiviikkona ottelussa, jossa kummallakin on oma panoksensa. Dynamon tie pudotuspeleihin on tukossa ja joukkue valmistautuukin jo tasonmittausotteluihin. Edelliskamppailussa HC Westin vieraana oli hyv\u00e4\u00e4 ja huonoa. Vahvan avausjakson j\u00e4lkeen Dynamo putosi pahasti Westin kyydist\u00e4. \u2013 Alussa ei ollut jostain syyst\u00e4 kunnon fiilist\u00e4, mutta hyvien onnistumisten kautta saatiin parempi ote peliin. [&hellip;]","og_url":"https:\/\/aktialiiga.fi\/miehet\/2015-2016\/ennakot-2015-2016\/sif-metsastaa-kuudetta-sijaa-dynamo-riihimaen-vieraana\/","og_site_name":"K\u00e4sipallon miesten Aktialiiga","article_publisher":"https:\/\/www.facebook.com\/finnhandball","article_published_time":"2016-03-15T18:49:44+00:00","article_modified_time":"2018-04-20T09:48:08+00:00","og_image":[{"width":800,"height":375,"url":"https:\/\/i0.wp.com\/aktialiiga.fi\/miehet\/wp-content\/uploads\/sites\/5\/2013\/06\/Dynamo_Mattila_Vili_N1516.jpg?fit=800%2C375&ssl=1","type":"image\/jpeg"}],"author":"tbrmedia","twitter_card":"summary_large_image","twitter_creator":"@finnhandball","twitter_site":"@finnhandball","schema":{"@context":"https:\/\/schema.org","@graph":[{"@type":"Article","@id":"https:\/\/aktialiiga.fi\/miehet\/2015-2016\/ennakot-2015-2016\/sif-metsastaa-kuudetta-sijaa-dynamo-riihimaen-vieraana\/#article","isPartOf":{"@id":"https:\/\/aktialiiga.fi\/miehet\/2015-2016\/ennakot-2015-2016\/sif-metsastaa-kuudetta-sijaa-dynamo-riihimaen-vieraana\/"},"author":{"name":"tbrmedia","@id":"https:\/\/aktialiiga.fi\/miehet\/#\/schema\/person\/c14bf42f47041db74603c45afcb18d87"},"headline":"SIF mets\u00e4st\u00e4\u00e4 kuudetta sijaa Dynamo Riihim\u00e4en vieraana","datePublished":"2016-03-15T18:49:44+00:00","dateModified":"2018-04-20T09:48:08+00:00","mainEntityOfPage":{"@id":"https:\/\/aktialiiga.fi\/miehet\/2015-2016\/ennakot-2015-2016\/sif-metsastaa-kuudetta-sijaa-dynamo-riihimaen-vieraana\/"},"wordCount":239,"publisher":{"@id":"https:\/\/aktialiiga.fi\/miehet\/#organization"},"image":{"@id":"https:\/\/aktialiiga.fi\/miehet\/2015-2016\/ennakot-2015-2016\/sif-metsastaa-kuudetta-sijaa-dynamo-riihimaen-vieraana\/#primaryimage"},"thumbnailUrl":"https:\/\/i0.wp.com\/aktialiiga.fi\/miehet\/wp-content\/uploads\/sites\/5\/2013\/06\/Dynamo_Mattila_Vili_N1516.jpg?fit=800%2C375&ssl=1","keywords":["Dynamo Riihim\u00e4ki","SIF"],"articleSection":["Ennakot"],"inLanguage":"fi"},{"@type":"WebPage","@id":"https:\/\/aktialiiga.fi\/miehet\/2015-2016\/ennakot-2015-2016\/sif-metsastaa-kuudetta-sijaa-dynamo-riihimaen-vieraana\/","url":"https:\/\/aktialiiga.fi\/miehet\/2015-2016\/ennakot-2015-2016\/sif-metsastaa-kuudetta-sijaa-dynamo-riihimaen-vieraana\/","name":"SIF mets\u00e4st\u00e4\u00e4 kuudetta sijaa Dynamo Riihim\u00e4en vieraana | K\u00e4sipallon miesten Aktialiiga","isPartOf":{"@id":"https:\/\/aktialiiga.fi\/miehet\/#website"},"primaryImageOfPage":{"@id":"https:\/\/aktialiiga.fi\/miehet\/2015-2016\/ennakot-2015-2016\/sif-metsastaa-kuudetta-sijaa-dynamo-riihimaen-vieraana\/#primaryimage"},"image":{"@id":"https:\/\/aktialiiga.fi\/miehet\/2015-2016\/ennakot-2015-2016\/sif-metsastaa-kuudetta-sijaa-dynamo-riihimaen-vieraana\/#primaryimage"},"thumbnailUrl":"https:\/\/i0.wp.com\/aktialiiga.fi\/miehet\/wp-content\/uploads\/sites\/5\/2013\/06\/Dynamo_Mattila_Vili_N1516.jpg?fit=800%2C375&ssl=1","datePublished":"2016-03-15T18:49:44+00:00","dateModified":"2018-04-20T09:48:08+00:00","breadcrumb":{"@id":"https:\/\/aktialiiga.fi\/miehet\/2015-2016\/ennakot-2015-2016\/sif-metsastaa-kuudetta-sijaa-dynamo-riihimaen-vieraana\/#breadcrumb"},"inLanguage":"fi","potentialAction":[{"@type":"ReadAction","target":["https:\/\/aktialiiga.fi\/miehet\/2015-2016\/ennakot-2015-2016\/sif-metsastaa-kuudetta-sijaa-dynamo-riihimaen-vieraana\/"]}]},{"@type":"ImageObject","inLanguage":"fi","@id":"https:\/\/aktialiiga.fi\/miehet\/2015-2016\/ennakot-2015-2016\/sif-metsastaa-kuudetta-sijaa-dynamo-riihimaen-vieraana\/#primaryimage","url":"https:\/\/i0.wp.com\/aktialiiga.fi\/miehet\/wp-content\/uploads\/sites\/5\/2013\/06\/Dynamo_Mattila_Vili_N1516.jpg?fit=800%2C375&ssl=1","contentUrl":"https:\/\/i0.wp.com\/aktialiiga.fi\/miehet\/wp-content\/uploads\/sites\/5\/2013\/06\/Dynamo_Mattila_Vili_N1516.jpg?fit=800%2C375&ssl=1","width":800,"height":375,"caption":"Kuva: FSC Media"},{"@type":"BreadcrumbList","@id":"https:\/\/aktialiiga.fi\/miehet\/2015-2016\/ennakot-2015-2016\/sif-metsastaa-kuudetta-sijaa-dynamo-riihimaen-vieraana\/#breadcrumb","itemListElement":[{"@type":"ListItem","position":1,"name":"Etusivu","item":"https:\/\/aktialiiga.fi\/miehet\/"},{"@type":"ListItem","position":2,"name":"SIF mets\u00e4st\u00e4\u00e4 kuudetta sijaa Dynamo Riihim\u00e4en vieraana"}]},{"@type":"WebSite","@id":"https:\/\/aktialiiga.fi\/miehet\/#website","url":"https:\/\/aktialiiga.fi\/miehet\/","name":"K\u00e4sipallon miesten Aktialiiga","description":"Valtakunnan vauhdikkainta palloilua!","publisher":{"@id":"https:\/\/aktialiiga.fi\/miehet\/#organization"},"potentialAction":[{"@type":"SearchAction","target":{"@type":"EntryPoint","urlTemplate":"https:\/\/aktialiiga.fi\/miehet\/?s={search_term_string}"},"query-input":{"@type":"PropertyValueSpecification","valueRequired":true,"valueName":"search_term_string"}}],"inLanguage":"fi"},{"@type":"Organization","@id":"https:\/\/aktialiiga.fi\/miehet\/#organization","name":"K\u00e4sipallon miesten Aktialiiga","url":"https:\/\/aktialiiga.fi\/miehet\/","logo":{"@type":"ImageObject","inLanguage":"fi","@id":"https:\/\/aktialiiga.fi\/miehet\/#\/schema\/logo\/image\/","url":"https:\/\/i0.wp.com\/aktialiiga.fi\/miehet\/wp-content\/uploads\/sites\/5\/2024\/09\/Aktialiiga-Yoast-512.png?fit=512%2C512&ssl=1","contentUrl":"https:\/\/i0.wp.com\/aktialiiga.fi\/miehet\/wp-content\/uploads\/sites\/5\/2024\/09\/Aktialiiga-Yoast-512.png?fit=512%2C512&ssl=1","width":512,"height":512,"caption":"K\u00e4sipallon miesten Aktialiiga"},"image":{"@id":"https:\/\/aktialiiga.fi\/miehet\/#\/schema\/logo\/image\/"},"sameAs":["https:\/\/www.facebook.com\/finnhandball","https:\/\/x.com\/finnhandball","https:\/\/www.instagram.com\/handballfinland\/"]},{"@type":"Person","@id":"https:\/\/aktialiiga.fi\/miehet\/#\/schema\/person\/c14bf42f47041db74603c45afcb18d87","name":"tbrmedia","image":{"@type":"ImageObject","inLanguage":"fi","@id":"https:\/\/secure.gravatar.com\/avatar\/ee975fa091fe581d12b60debb3439022686618368a7c142044c56724d4666b16?s=96&d=mm&r=g","url":"https:\/\/secure.gravatar.com\/avatar\/ee975fa091fe581d12b60debb3439022686618368a7c142044c56724d4666b16?s=96&d=mm&r=g","contentUrl":"https:\/\/secure.gravatar.com\/avatar\/ee975fa091fe581d12b60debb3439022686618368a7c142044c56724d4666b16?s=96&d=mm&r=g","caption":"tbrmedia"}}]}},"jetpack_featured_media_url":"https:\/\/i0.wp.com\/aktialiiga.fi\/miehet\/wp-content\/uploads\/sites\/5\/2013\/06\/Dynamo_Mattila_Vili_N1516.jpg?fit=800%2C375&ssl=1","jetpack_sharing_enabled":true,"jetpack_shortlink":"https:\/\/wp.me\/pfTxOr-32X","_links":{"self":[{"href":"https:\/\/aktialiiga.fi\/miehet\/wp-json\/wp\/v2\/posts\/11715","targetHints":{"allow":["GET"]}}],"collection":[{"href":"https:\/\/aktialiiga.fi\/miehet\/wp-json\/wp\/v2\/posts"}],"about":[{"href":"https:\/\/aktialiiga.fi\/miehet\/wp-json\/wp\/v2\/types\/post"}],"author":[{"embeddable":true,"href":"https:\/\/aktialiiga.fi\/miehet\/wp-json\/wp\/v2\/users\/13"}],"replies":[{"embeddable":true,"href":"https:\/\/aktialiiga.fi\/miehet\/wp-json\/wp\/v2\/comments?post=11715"}],"version-history":[{"count":0,"href":"https:\/\/aktialiiga.fi\/miehet\/wp-json\/wp\/v2\/posts\/11715\/revisions"}],"wp:featuredmedia":[{"embeddable":true,"href":"https:\/\/aktialiiga.fi\/miehet\/wp-json\/wp\/v2\/media\/11153"}],"wp:attachment":[{"href":"https:\/\/aktialiiga.fi\/miehet\/wp-json\/wp\/v2\/media?parent=11715"}],"wp:term":[{"taxonomy":"category","embeddable":true,"href":"https:\/\/aktialiiga.fi\/miehet\/wp-json\/wp\/v2\/categories?post=11715"},{"taxonomy":"post_tag","embeddable":true,"href":"https:\/\/aktialiiga.fi\/miehet\/wp-json\/wp\/v2\/tags?post=11715"}],"curies":[{"name":"wp","href":"https:\/\/api.w.org\/{rel}","templated":true}]}}