{"id":11922,"date":"2016-04-22T15:25:51","date_gmt":"2016-04-22T12:25:51","guid":{"rendered":"https:\/\/aktialiiga.fi\/miehet\/?p=11922"},"modified":"2018-04-20T12:47:50","modified_gmt":"2018-04-20T09:47:50","slug":"hagman-jatkaa-sif-valmentajana-leven-maalilla","status":"publish","type":"post","link":"https:\/\/aktialiiga.fi\/miehet\/ajankohtaista\/hagman-jatkaa-sif-valmentajana-leven-maalilla\/","title":{"rendered":"Hagman jatkaa SIF-valmentajana, Lev\u00e9n maalilla"},"content":{"rendered":"<p>Rony Lev\u00e9n jatkaa SIF:n maalivahtina ja Kaj Hagman valmentajana my\u00f6s kaudella 2016-2017.<\/p>\n<p>Tuleva kausi on Hagmanin nelj\u00e4s SIF:n miesten joukkueen valmentajana.<\/p>\n<p>&#8211; Mahtavaa ett\u00e4 seura antoi minulle edelleen luottoa, odotan tulevaa kautta. Meill\u00e4 on paljon parannettavaa t\u00e4st\u00e4 kaudesta, mutta samalla tied\u00e4n ett\u00e4 joukkueessa on paljon potentiaalia, joka pit\u00e4\u00e4 vain saada esiin otteluissa. T\u00e4ll\u00e4 kaudella n\u00e4imme siit\u00e4 ajoittain v\u00e4l\u00e4hdyksi\u00e4, Hagman sanoo SIF:n verkkosivuilla.<\/p>\n<p>Rony Lev\u00e9n, joka oli loukkaantumisen takia sivussa l\u00e4hes koko syksyn, p\u00e4\u00e4si kev\u00e4tkaudella oivaan pelivireeseen. T\u00e4st\u00e4 yhten\u00e4 osoituksena oli valinta miesten maajoukkueeseen kev\u00e4\u00e4n EM-karsintaotteluihin Luxemburgia vastaan. Lev\u00e9nin kommentti ensi kauden sopimuksesta on t\u00e4ydellisen tyhjent\u00e4v\u00e4<\/p>\n<p>&#8211; Hallilla n\u00e4hd\u00e4\u00e4n!<\/p>\n","protected":false},"excerpt":{"rendered":"<p>Rony Lev\u00e9n jatkaa SIF:n maalivahtina ja Kaj Hagman valmentajana my\u00f6s kaudella 2016-2017. Tuleva kausi on Hagmanin nelj\u00e4s SIF:n miesten joukkueen valmentajana. &#8211; Mahtavaa ett\u00e4 seura antoi minulle edelleen luottoa, odotan tulevaa kautta. Meill\u00e4 on paljon parannettavaa t\u00e4st\u00e4 kaudesta, mutta samalla tied\u00e4n ett\u00e4 joukkueessa on paljon potentiaalia, joka pit\u00e4\u00e4 vain saada esiin otteluissa. T\u00e4ll\u00e4 kaudella n\u00e4imme [&hellip;]<\/p>\n","protected":false},"author":13,"featured_media":11685,"comment_status":"closed","ping_status":"closed","sticky":false,"template":"","format":"standard","meta":{"_acf_changed":false,"jetpack_post_was_ever_published":false,"_jetpack_newsletter_access":"","_jetpack_dont_email_post_to_subs":false,"_jetpack_newsletter_tier_id":0,"_jetpack_memberships_contains_paywalled_content":false,"_jetpack_memberships_contains_paid_content":false,"footnotes":""},"categories":[2],"tags":[111],"class_list":["post-11922","post","type-post","status-publish","format-standard","has-post-thumbnail","hentry","category-ajankohtaista","tag-sif"],"acf":[],"yoast_head":"<!-- This site is optimized with the Yoast SEO plugin v27.5 - https:\/\/yoast.com\/product\/yoast-seo-wordpress\/ -->\n<title>Hagman jatkaa SIF-valmentajana, Lev\u00e9n maalilla | K\u00e4sipallon miesten Aktialiiga<\/title>\n<meta name=\"robots\" content=\"index, follow, max-snippet:-1, max-image-preview:large, max-video-preview:-1\" \/>\n<link rel=\"canonical\" href=\"https:\/\/aktialiiga.fi\/miehet\/ajankohtaista\/hagman-jatkaa-sif-valmentajana-leven-maalilla\/\" \/>\n<meta property=\"og:locale\" content=\"fi_FI\" \/>\n<meta property=\"og:type\" content=\"article\" \/>\n<meta property=\"og:title\" content=\"Hagman jatkaa SIF-valmentajana, Lev\u00e9n maalilla | K\u00e4sipallon miesten Aktialiiga\" \/>\n<meta property=\"og:description\" content=\"Rony Lev\u00e9n jatkaa SIF:n maalivahtina ja Kaj Hagman valmentajana my\u00f6s kaudella 2016-2017. Tuleva kausi on Hagmanin nelj\u00e4s SIF:n miesten joukkueen valmentajana. &#8211; Mahtavaa ett\u00e4 seura antoi minulle edelleen luottoa, odotan tulevaa kautta. Meill\u00e4 on paljon parannettavaa t\u00e4st\u00e4 kaudesta, mutta samalla tied\u00e4n ett\u00e4 joukkueessa on paljon potentiaalia, joka pit\u00e4\u00e4 vain saada esiin otteluissa. T\u00e4ll\u00e4 kaudella n\u00e4imme [&hellip;]\" \/>\n<meta property=\"og:url\" content=\"https:\/\/aktialiiga.fi\/miehet\/ajankohtaista\/hagman-jatkaa-sif-valmentajana-leven-maalilla\/\" \/>\n<meta property=\"og:site_name\" content=\"K\u00e4sipallon miesten Aktialiiga\" \/>\n<meta property=\"article:publisher\" content=\"https:\/\/www.facebook.com\/finnhandball\" \/>\n<meta property=\"article:published_time\" content=\"2016-04-22T12:25:51+00:00\" \/>\n<meta property=\"article:modified_time\" content=\"2018-04-20T09:47:50+00:00\" \/>\n<meta property=\"og:image\" content=\"https:\/\/i0.wp.com\/aktialiiga.fi\/miehet\/wp-content\/uploads\/sites\/5\/2016\/03\/SIF_juhlii_1516.jpg?fit=640%2C360&ssl=1\" \/>\n\t<meta property=\"og:image:width\" content=\"640\" \/>\n\t<meta property=\"og:image:height\" content=\"360\" \/>\n\t<meta property=\"og:image:type\" content=\"image\/jpeg\" \/>\n<meta name=\"author\" content=\"tbrmedia\" \/>\n<meta name=\"twitter:card\" content=\"summary_large_image\" \/>\n<meta name=\"twitter:creator\" content=\"@finnhandball\" \/>\n<meta name=\"twitter:site\" content=\"@finnhandball\" \/>\n<script type=\"application\/ld+json\" class=\"yoast-schema-graph\">{\"@context\":\"https:\\\/\\\/schema.org\",\"@graph\":[{\"@type\":\"Article\",\"@id\":\"https:\\\/\\\/aktialiiga.fi\\\/miehet\\\/ajankohtaista\\\/hagman-jatkaa-sif-valmentajana-leven-maalilla\\\/#article\",\"isPartOf\":{\"@id\":\"https:\\\/\\\/aktialiiga.fi\\\/miehet\\\/ajankohtaista\\\/hagman-jatkaa-sif-valmentajana-leven-maalilla\\\/\"},\"author\":{\"name\":\"tbrmedia\",\"@id\":\"https:\\\/\\\/aktialiiga.fi\\\/miehet\\\/#\\\/schema\\\/person\\\/c14bf42f47041db74603c45afcb18d87\"},\"headline\":\"Hagman jatkaa SIF-valmentajana, Lev\u00e9n maalilla\",\"datePublished\":\"2016-04-22T12:25:51+00:00\",\"dateModified\":\"2018-04-20T09:47:50+00:00\",\"mainEntityOfPage\":{\"@id\":\"https:\\\/\\\/aktialiiga.fi\\\/miehet\\\/ajankohtaista\\\/hagman-jatkaa-sif-valmentajana-leven-maalilla\\\/\"},\"wordCount\":127,\"publisher\":{\"@id\":\"https:\\\/\\\/aktialiiga.fi\\\/miehet\\\/#organization\"},\"image\":{\"@id\":\"https:\\\/\\\/aktialiiga.fi\\\/miehet\\\/ajankohtaista\\\/hagman-jatkaa-sif-valmentajana-leven-maalilla\\\/#primaryimage\"},\"thumbnailUrl\":\"https:\\\/\\\/i0.wp.com\\\/aktialiiga.fi\\\/miehet\\\/wp-content\\\/uploads\\\/sites\\\/5\\\/2016\\\/03\\\/SIF_juhlii_1516.jpg?fit=640%2C360&ssl=1\",\"keywords\":[\"SIF\"],\"articleSection\":[\"Ajankohtaista\"],\"inLanguage\":\"fi\"},{\"@type\":\"WebPage\",\"@id\":\"https:\\\/\\\/aktialiiga.fi\\\/miehet\\\/ajankohtaista\\\/hagman-jatkaa-sif-valmentajana-leven-maalilla\\\/\",\"url\":\"https:\\\/\\\/aktialiiga.fi\\\/miehet\\\/ajankohtaista\\\/hagman-jatkaa-sif-valmentajana-leven-maalilla\\\/\",\"name\":\"Hagman jatkaa SIF-valmentajana, Lev\u00e9n maalilla | K\u00e4sipallon miesten Aktialiiga\",\"isPartOf\":{\"@id\":\"https:\\\/\\\/aktialiiga.fi\\\/miehet\\\/#website\"},\"primaryImageOfPage\":{\"@id\":\"https:\\\/\\\/aktialiiga.fi\\\/miehet\\\/ajankohtaista\\\/hagman-jatkaa-sif-valmentajana-leven-maalilla\\\/#primaryimage\"},\"image\":{\"@id\":\"https:\\\/\\\/aktialiiga.fi\\\/miehet\\\/ajankohtaista\\\/hagman-jatkaa-sif-valmentajana-leven-maalilla\\\/#primaryimage\"},\"thumbnailUrl\":\"https:\\\/\\\/i0.wp.com\\\/aktialiiga.fi\\\/miehet\\\/wp-content\\\/uploads\\\/sites\\\/5\\\/2016\\\/03\\\/SIF_juhlii_1516.jpg?fit=640%2C360&ssl=1\",\"datePublished\":\"2016-04-22T12:25:51+00:00\",\"dateModified\":\"2018-04-20T09:47:50+00:00\",\"breadcrumb\":{\"@id\":\"https:\\\/\\\/aktialiiga.fi\\\/miehet\\\/ajankohtaista\\\/hagman-jatkaa-sif-valmentajana-leven-maalilla\\\/#breadcrumb\"},\"inLanguage\":\"fi\",\"potentialAction\":[{\"@type\":\"ReadAction\",\"target\":[\"https:\\\/\\\/aktialiiga.fi\\\/miehet\\\/ajankohtaista\\\/hagman-jatkaa-sif-valmentajana-leven-maalilla\\\/\"]}]},{\"@type\":\"ImageObject\",\"inLanguage\":\"fi\",\"@id\":\"https:\\\/\\\/aktialiiga.fi\\\/miehet\\\/ajankohtaista\\\/hagman-jatkaa-sif-valmentajana-leven-maalilla\\\/#primaryimage\",\"url\":\"https:\\\/\\\/i0.wp.com\\\/aktialiiga.fi\\\/miehet\\\/wp-content\\\/uploads\\\/sites\\\/5\\\/2016\\\/03\\\/SIF_juhlii_1516.jpg?fit=640%2C360&ssl=1\",\"contentUrl\":\"https:\\\/\\\/i0.wp.com\\\/aktialiiga.fi\\\/miehet\\\/wp-content\\\/uploads\\\/sites\\\/5\\\/2016\\\/03\\\/SIF_juhlii_1516.jpg?fit=640%2C360&ssl=1\",\"width\":640,\"height\":360},{\"@type\":\"BreadcrumbList\",\"@id\":\"https:\\\/\\\/aktialiiga.fi\\\/miehet\\\/ajankohtaista\\\/hagman-jatkaa-sif-valmentajana-leven-maalilla\\\/#breadcrumb\",\"itemListElement\":[{\"@type\":\"ListItem\",\"position\":1,\"name\":\"Etusivu\",\"item\":\"https:\\\/\\\/aktialiiga.fi\\\/miehet\\\/\"},{\"@type\":\"ListItem\",\"position\":2,\"name\":\"Hagman jatkaa SIF-valmentajana, Lev\u00e9n maalilla\"}]},{\"@type\":\"WebSite\",\"@id\":\"https:\\\/\\\/aktialiiga.fi\\\/miehet\\\/#website\",\"url\":\"https:\\\/\\\/aktialiiga.fi\\\/miehet\\\/\",\"name\":\"K\u00e4sipallon miesten Aktialiiga\",\"description\":\"Valtakunnan vauhdikkainta palloilua!\",\"publisher\":{\"@id\":\"https:\\\/\\\/aktialiiga.fi\\\/miehet\\\/#organization\"},\"potentialAction\":[{\"@type\":\"SearchAction\",\"target\":{\"@type\":\"EntryPoint\",\"urlTemplate\":\"https:\\\/\\\/aktialiiga.fi\\\/miehet\\\/?s={search_term_string}\"},\"query-input\":{\"@type\":\"PropertyValueSpecification\",\"valueRequired\":true,\"valueName\":\"search_term_string\"}}],\"inLanguage\":\"fi\"},{\"@type\":\"Organization\",\"@id\":\"https:\\\/\\\/aktialiiga.fi\\\/miehet\\\/#organization\",\"name\":\"K\u00e4sipallon miesten Aktialiiga\",\"url\":\"https:\\\/\\\/aktialiiga.fi\\\/miehet\\\/\",\"logo\":{\"@type\":\"ImageObject\",\"inLanguage\":\"fi\",\"@id\":\"https:\\\/\\\/aktialiiga.fi\\\/miehet\\\/#\\\/schema\\\/logo\\\/image\\\/\",\"url\":\"https:\\\/\\\/i0.wp.com\\\/aktialiiga.fi\\\/miehet\\\/wp-content\\\/uploads\\\/sites\\\/5\\\/2024\\\/09\\\/Aktialiiga-Yoast-512.png?fit=512%2C512&ssl=1\",\"contentUrl\":\"https:\\\/\\\/i0.wp.com\\\/aktialiiga.fi\\\/miehet\\\/wp-content\\\/uploads\\\/sites\\\/5\\\/2024\\\/09\\\/Aktialiiga-Yoast-512.png?fit=512%2C512&ssl=1\",\"width\":512,\"height\":512,\"caption\":\"K\u00e4sipallon miesten Aktialiiga\"},\"image\":{\"@id\":\"https:\\\/\\\/aktialiiga.fi\\\/miehet\\\/#\\\/schema\\\/logo\\\/image\\\/\"},\"sameAs\":[\"https:\\\/\\\/www.facebook.com\\\/finnhandball\",\"https:\\\/\\\/x.com\\\/finnhandball\",\"https:\\\/\\\/www.instagram.com\\\/handballfinland\\\/\"]},{\"@type\":\"Person\",\"@id\":\"https:\\\/\\\/aktialiiga.fi\\\/miehet\\\/#\\\/schema\\\/person\\\/c14bf42f47041db74603c45afcb18d87\",\"name\":\"tbrmedia\",\"image\":{\"@type\":\"ImageObject\",\"inLanguage\":\"fi\",\"@id\":\"https:\\\/\\\/secure.gravatar.com\\\/avatar\\\/ee975fa091fe581d12b60debb3439022686618368a7c142044c56724d4666b16?s=96&d=mm&r=g\",\"url\":\"https:\\\/\\\/secure.gravatar.com\\\/avatar\\\/ee975fa091fe581d12b60debb3439022686618368a7c142044c56724d4666b16?s=96&d=mm&r=g\",\"contentUrl\":\"https:\\\/\\\/secure.gravatar.com\\\/avatar\\\/ee975fa091fe581d12b60debb3439022686618368a7c142044c56724d4666b16?s=96&d=mm&r=g\",\"caption\":\"tbrmedia\"}}]}<\/script>\n<!-- \/ Yoast SEO plugin. -->","yoast_head_json":{"title":"Hagman jatkaa SIF-valmentajana, Lev\u00e9n maalilla | K\u00e4sipallon miesten Aktialiiga","robots":{"index":"index","follow":"follow","max-snippet":"max-snippet:-1","max-image-preview":"max-image-preview:large","max-video-preview":"max-video-preview:-1"},"canonical":"https:\/\/aktialiiga.fi\/miehet\/ajankohtaista\/hagman-jatkaa-sif-valmentajana-leven-maalilla\/","og_locale":"fi_FI","og_type":"article","og_title":"Hagman jatkaa SIF-valmentajana, Lev\u00e9n maalilla | K\u00e4sipallon miesten Aktialiiga","og_description":"Rony Lev\u00e9n jatkaa SIF:n maalivahtina ja Kaj Hagman valmentajana my\u00f6s kaudella 2016-2017. Tuleva kausi on Hagmanin nelj\u00e4s SIF:n miesten joukkueen valmentajana. &#8211; Mahtavaa ett\u00e4 seura antoi minulle edelleen luottoa, odotan tulevaa kautta. Meill\u00e4 on paljon parannettavaa t\u00e4st\u00e4 kaudesta, mutta samalla tied\u00e4n ett\u00e4 joukkueessa on paljon potentiaalia, joka pit\u00e4\u00e4 vain saada esiin otteluissa. T\u00e4ll\u00e4 kaudella n\u00e4imme [&hellip;]","og_url":"https:\/\/aktialiiga.fi\/miehet\/ajankohtaista\/hagman-jatkaa-sif-valmentajana-leven-maalilla\/","og_site_name":"K\u00e4sipallon miesten Aktialiiga","article_publisher":"https:\/\/www.facebook.com\/finnhandball","article_published_time":"2016-04-22T12:25:51+00:00","article_modified_time":"2018-04-20T09:47:50+00:00","og_image":[{"width":640,"height":360,"url":"https:\/\/i0.wp.com\/aktialiiga.fi\/miehet\/wp-content\/uploads\/sites\/5\/2016\/03\/SIF_juhlii_1516.jpg?fit=640%2C360&ssl=1","type":"image\/jpeg"}],"author":"tbrmedia","twitter_card":"summary_large_image","twitter_creator":"@finnhandball","twitter_site":"@finnhandball","schema":{"@context":"https:\/\/schema.org","@graph":[{"@type":"Article","@id":"https:\/\/aktialiiga.fi\/miehet\/ajankohtaista\/hagman-jatkaa-sif-valmentajana-leven-maalilla\/#article","isPartOf":{"@id":"https:\/\/aktialiiga.fi\/miehet\/ajankohtaista\/hagman-jatkaa-sif-valmentajana-leven-maalilla\/"},"author":{"name":"tbrmedia","@id":"https:\/\/aktialiiga.fi\/miehet\/#\/schema\/person\/c14bf42f47041db74603c45afcb18d87"},"headline":"Hagman jatkaa SIF-valmentajana, Lev\u00e9n maalilla","datePublished":"2016-04-22T12:25:51+00:00","dateModified":"2018-04-20T09:47:50+00:00","mainEntityOfPage":{"@id":"https:\/\/aktialiiga.fi\/miehet\/ajankohtaista\/hagman-jatkaa-sif-valmentajana-leven-maalilla\/"},"wordCount":127,"publisher":{"@id":"https:\/\/aktialiiga.fi\/miehet\/#organization"},"image":{"@id":"https:\/\/aktialiiga.fi\/miehet\/ajankohtaista\/hagman-jatkaa-sif-valmentajana-leven-maalilla\/#primaryimage"},"thumbnailUrl":"https:\/\/i0.wp.com\/aktialiiga.fi\/miehet\/wp-content\/uploads\/sites\/5\/2016\/03\/SIF_juhlii_1516.jpg?fit=640%2C360&ssl=1","keywords":["SIF"],"articleSection":["Ajankohtaista"],"inLanguage":"fi"},{"@type":"WebPage","@id":"https:\/\/aktialiiga.fi\/miehet\/ajankohtaista\/hagman-jatkaa-sif-valmentajana-leven-maalilla\/","url":"https:\/\/aktialiiga.fi\/miehet\/ajankohtaista\/hagman-jatkaa-sif-valmentajana-leven-maalilla\/","name":"Hagman jatkaa SIF-valmentajana, Lev\u00e9n maalilla | K\u00e4sipallon miesten Aktialiiga","isPartOf":{"@id":"https:\/\/aktialiiga.fi\/miehet\/#website"},"primaryImageOfPage":{"@id":"https:\/\/aktialiiga.fi\/miehet\/ajankohtaista\/hagman-jatkaa-sif-valmentajana-leven-maalilla\/#primaryimage"},"image":{"@id":"https:\/\/aktialiiga.fi\/miehet\/ajankohtaista\/hagman-jatkaa-sif-valmentajana-leven-maalilla\/#primaryimage"},"thumbnailUrl":"https:\/\/i0.wp.com\/aktialiiga.fi\/miehet\/wp-content\/uploads\/sites\/5\/2016\/03\/SIF_juhlii_1516.jpg?fit=640%2C360&ssl=1","datePublished":"2016-04-22T12:25:51+00:00","dateModified":"2018-04-20T09:47:50+00:00","breadcrumb":{"@id":"https:\/\/aktialiiga.fi\/miehet\/ajankohtaista\/hagman-jatkaa-sif-valmentajana-leven-maalilla\/#breadcrumb"},"inLanguage":"fi","potentialAction":[{"@type":"ReadAction","target":["https:\/\/aktialiiga.fi\/miehet\/ajankohtaista\/hagman-jatkaa-sif-valmentajana-leven-maalilla\/"]}]},{"@type":"ImageObject","inLanguage":"fi","@id":"https:\/\/aktialiiga.fi\/miehet\/ajankohtaista\/hagman-jatkaa-sif-valmentajana-leven-maalilla\/#primaryimage","url":"https:\/\/i0.wp.com\/aktialiiga.fi\/miehet\/wp-content\/uploads\/sites\/5\/2016\/03\/SIF_juhlii_1516.jpg?fit=640%2C360&ssl=1","contentUrl":"https:\/\/i0.wp.com\/aktialiiga.fi\/miehet\/wp-content\/uploads\/sites\/5\/2016\/03\/SIF_juhlii_1516.jpg?fit=640%2C360&ssl=1","width":640,"height":360},{"@type":"BreadcrumbList","@id":"https:\/\/aktialiiga.fi\/miehet\/ajankohtaista\/hagman-jatkaa-sif-valmentajana-leven-maalilla\/#breadcrumb","itemListElement":[{"@type":"ListItem","position":1,"name":"Etusivu","item":"https:\/\/aktialiiga.fi\/miehet\/"},{"@type":"ListItem","position":2,"name":"Hagman jatkaa SIF-valmentajana, Lev\u00e9n maalilla"}]},{"@type":"WebSite","@id":"https:\/\/aktialiiga.fi\/miehet\/#website","url":"https:\/\/aktialiiga.fi\/miehet\/","name":"K\u00e4sipallon miesten Aktialiiga","description":"Valtakunnan vauhdikkainta palloilua!","publisher":{"@id":"https:\/\/aktialiiga.fi\/miehet\/#organization"},"potentialAction":[{"@type":"SearchAction","target":{"@type":"EntryPoint","urlTemplate":"https:\/\/aktialiiga.fi\/miehet\/?s={search_term_string}"},"query-input":{"@type":"PropertyValueSpecification","valueRequired":true,"valueName":"search_term_string"}}],"inLanguage":"fi"},{"@type":"Organization","@id":"https:\/\/aktialiiga.fi\/miehet\/#organization","name":"K\u00e4sipallon miesten Aktialiiga","url":"https:\/\/aktialiiga.fi\/miehet\/","logo":{"@type":"ImageObject","inLanguage":"fi","@id":"https:\/\/aktialiiga.fi\/miehet\/#\/schema\/logo\/image\/","url":"https:\/\/i0.wp.com\/aktialiiga.fi\/miehet\/wp-content\/uploads\/sites\/5\/2024\/09\/Aktialiiga-Yoast-512.png?fit=512%2C512&ssl=1","contentUrl":"https:\/\/i0.wp.com\/aktialiiga.fi\/miehet\/wp-content\/uploads\/sites\/5\/2024\/09\/Aktialiiga-Yoast-512.png?fit=512%2C512&ssl=1","width":512,"height":512,"caption":"K\u00e4sipallon miesten Aktialiiga"},"image":{"@id":"https:\/\/aktialiiga.fi\/miehet\/#\/schema\/logo\/image\/"},"sameAs":["https:\/\/www.facebook.com\/finnhandball","https:\/\/x.com\/finnhandball","https:\/\/www.instagram.com\/handballfinland\/"]},{"@type":"Person","@id":"https:\/\/aktialiiga.fi\/miehet\/#\/schema\/person\/c14bf42f47041db74603c45afcb18d87","name":"tbrmedia","image":{"@type":"ImageObject","inLanguage":"fi","@id":"https:\/\/secure.gravatar.com\/avatar\/ee975fa091fe581d12b60debb3439022686618368a7c142044c56724d4666b16?s=96&d=mm&r=g","url":"https:\/\/secure.gravatar.com\/avatar\/ee975fa091fe581d12b60debb3439022686618368a7c142044c56724d4666b16?s=96&d=mm&r=g","contentUrl":"https:\/\/secure.gravatar.com\/avatar\/ee975fa091fe581d12b60debb3439022686618368a7c142044c56724d4666b16?s=96&d=mm&r=g","caption":"tbrmedia"}}]}},"jetpack_featured_media_url":"https:\/\/i0.wp.com\/aktialiiga.fi\/miehet\/wp-content\/uploads\/sites\/5\/2016\/03\/SIF_juhlii_1516.jpg?fit=640%2C360&ssl=1","jetpack_sharing_enabled":true,"jetpack_shortlink":"https:\/\/wp.me\/pfTxOr-36i","_links":{"self":[{"href":"https:\/\/aktialiiga.fi\/miehet\/wp-json\/wp\/v2\/posts\/11922","targetHints":{"allow":["GET"]}}],"collection":[{"href":"https:\/\/aktialiiga.fi\/miehet\/wp-json\/wp\/v2\/posts"}],"about":[{"href":"https:\/\/aktialiiga.fi\/miehet\/wp-json\/wp\/v2\/types\/post"}],"author":[{"embeddable":true,"href":"https:\/\/aktialiiga.fi\/miehet\/wp-json\/wp\/v2\/users\/13"}],"replies":[{"embeddable":true,"href":"https:\/\/aktialiiga.fi\/miehet\/wp-json\/wp\/v2\/comments?post=11922"}],"version-history":[{"count":0,"href":"https:\/\/aktialiiga.fi\/miehet\/wp-json\/wp\/v2\/posts\/11922\/revisions"}],"wp:featuredmedia":[{"embeddable":true,"href":"https:\/\/aktialiiga.fi\/miehet\/wp-json\/wp\/v2\/media\/11685"}],"wp:attachment":[{"href":"https:\/\/aktialiiga.fi\/miehet\/wp-json\/wp\/v2\/media?parent=11922"}],"wp:term":[{"taxonomy":"category","embeddable":true,"href":"https:\/\/aktialiiga.fi\/miehet\/wp-json\/wp\/v2\/categories?post=11922"},{"taxonomy":"post_tag","embeddable":true,"href":"https:\/\/aktialiiga.fi\/miehet\/wp-json\/wp\/v2\/tags?post=11922"}],"curies":[{"name":"wp","href":"https:\/\/api.w.org\/{rel}","templated":true}]}}