{"id":12061,"date":"2016-05-20T12:38:19","date_gmt":"2016-05-20T09:38:19","guid":{"rendered":"https:\/\/aktialiiga.fi\/miehet\/?p=12061"},"modified":"2018-04-20T12:47:41","modified_gmt":"2018-04-20T09:47:41","slug":"bachko-cocksin-riveihin-kaksivuotisella-sopimuksella","status":"publish","type":"post","link":"https:\/\/aktialiiga.fi\/miehet\/ajankohtaista\/bachko-cocksin-riveihin-kaksivuotisella-sopimuksella\/","title":{"rendered":"Bachko Cocksin riveihin kaksivuotisella sopimuksella"},"content":{"rendered":"<p>Valkoven\u00e4l\u00e4inen pelinrakentaja Aliaksandr Bachko siirtyy SKA Minskist\u00e4 vahvistamaan Riihim\u00e4en Cocksia. Bachkon sopimus Cocksin kanssa kattaa kaksi seuraavaa kautta.<\/p>\n<p>Elokuussa 27 vuotta t\u00e4ytt\u00e4v\u00e4 Bachko on toiminut\u00a0SKA Minskin ykk\u00f6spelinrakentajana viimeiset kolme kautta. Joukkue esiintyi eurokentill\u00e4 noina vuosina nousujohteisesti ja huipensi viime kautensa EHF Cupin lohkovaihepaikkaan. Joukkueensa pelinteosta p\u00e4\u00e4vastuun kantanut Bachko iski lohkovaiheessa maaleja yli kolmen ja puolen maalin keskiarvolla. Bachko on\u00a0viime aikoina\u00a0kuulunut my\u00f6s Valko-Ven\u00e4j\u00e4n maajoukkuerinkiin, mutta tippui kuitenkin viime hetkill\u00e4 ulos\u00a0tammikuun EM-kisajoukkueesta.<\/p>\n<p>&#8211; Aliaksandr Bachko tulee t\u00e4ytt\u00e4m\u00e4\u00e4n Andreas R\u00f6nnbergin j\u00e4tt\u00e4m\u00e4n aukon pelintekij\u00e4n paikalla. H\u00e4n oli viime kaudella yksi SKA Minskin avainpelaajista EHF Cupissa ja pelasi my\u00f6s Cocksia vastaan Baltian liigan finaalissa. H\u00e4n on osoittanut hyv\u00e4\u00e4 suoritusvarmuutta ja pelin ymm\u00e4rryst\u00e4 kauden aikana.<\/p>\n<p>&#8211; Bachkon liittyminen joukkueeseen tuo meille variaatiomahdollisuuksia niin hy\u00f6kk\u00e4ys- kuin puolustuspelaamiseenkin. Olemme todella tyytyv\u00e4isi\u00e4, ett\u00e4 saamme h\u00e4net joukkueeseemme, p\u00e4\u00e4valmentaja Gintaras Savukynas kommentoi Bachkon sopimusta Cocksin verkkosivuilla.<\/p>\n","protected":false},"excerpt":{"rendered":"<p>Valkoven\u00e4l\u00e4inen pelinrakentaja Aliaksandr Bachko siirtyy SKA Minskist\u00e4 vahvistamaan Riihim\u00e4en Cocksia. Bachkon sopimus Cocksin kanssa kattaa kaksi seuraavaa kautta. Elokuussa 27 vuotta t\u00e4ytt\u00e4v\u00e4 Bachko on toiminut\u00a0SKA Minskin ykk\u00f6spelinrakentajana viimeiset kolme kautta. Joukkue esiintyi eurokentill\u00e4 noina vuosina nousujohteisesti ja huipensi viime kautensa EHF Cupin lohkovaihepaikkaan. Joukkueensa pelinteosta p\u00e4\u00e4vastuun kantanut Bachko iski lohkovaiheessa maaleja yli kolmen ja puolen [&hellip;]<\/p>\n","protected":false},"author":13,"featured_media":10520,"comment_status":"closed","ping_status":"closed","sticky":false,"template":"","format":"standard","meta":{"_acf_changed":false,"jetpack_post_was_ever_published":false,"_jetpack_newsletter_access":"","_jetpack_dont_email_post_to_subs":false,"_jetpack_newsletter_tier_id":0,"_jetpack_memberships_contains_paywalled_content":false,"_jetpack_memberships_contains_paid_content":false,"footnotes":""},"categories":[2],"tags":[57],"class_list":["post-12061","post","type-post","status-publish","format-standard","has-post-thumbnail","hentry","category-ajankohtaista","tag-cocks"],"acf":[],"yoast_head":"<!-- This site is optimized with the Yoast SEO plugin v27.5 - https:\/\/yoast.com\/product\/yoast-seo-wordpress\/ -->\n<title>Bachko Cocksin riveihin kaksivuotisella sopimuksella | K\u00e4sipallon miesten Aktialiiga<\/title>\n<meta name=\"robots\" content=\"index, follow, max-snippet:-1, max-image-preview:large, max-video-preview:-1\" \/>\n<link rel=\"canonical\" href=\"https:\/\/aktialiiga.fi\/miehet\/ajankohtaista\/bachko-cocksin-riveihin-kaksivuotisella-sopimuksella\/\" \/>\n<meta property=\"og:locale\" content=\"fi_FI\" \/>\n<meta property=\"og:type\" content=\"article\" \/>\n<meta property=\"og:title\" content=\"Bachko Cocksin riveihin kaksivuotisella sopimuksella | K\u00e4sipallon miesten Aktialiiga\" \/>\n<meta property=\"og:description\" content=\"Valkoven\u00e4l\u00e4inen pelinrakentaja Aliaksandr Bachko siirtyy SKA Minskist\u00e4 vahvistamaan Riihim\u00e4en Cocksia. Bachkon sopimus Cocksin kanssa kattaa kaksi seuraavaa kautta. Elokuussa 27 vuotta t\u00e4ytt\u00e4v\u00e4 Bachko on toiminut\u00a0SKA Minskin ykk\u00f6spelinrakentajana viimeiset kolme kautta. Joukkue esiintyi eurokentill\u00e4 noina vuosina nousujohteisesti ja huipensi viime kautensa EHF Cupin lohkovaihepaikkaan. Joukkueensa pelinteosta p\u00e4\u00e4vastuun kantanut Bachko iski lohkovaiheessa maaleja yli kolmen ja puolen [&hellip;]\" \/>\n<meta property=\"og:url\" content=\"https:\/\/aktialiiga.fi\/miehet\/ajankohtaista\/bachko-cocksin-riveihin-kaksivuotisella-sopimuksella\/\" \/>\n<meta property=\"og:site_name\" content=\"K\u00e4sipallon miesten Aktialiiga\" \/>\n<meta property=\"article:publisher\" content=\"https:\/\/www.facebook.com\/finnhandball\" \/>\n<meta property=\"article:published_time\" content=\"2016-05-20T09:38:19+00:00\" \/>\n<meta property=\"article:modified_time\" content=\"2018-04-20T09:47:41+00:00\" \/>\n<meta property=\"og:image\" content=\"https:\/\/i0.wp.com\/aktialiiga.fi\/miehet\/wp-content\/uploads\/sites\/5\/2013\/06\/Cocks_yleisoa_1415iso.jpg?fit=1280%2C720&ssl=1\" \/>\n\t<meta property=\"og:image:width\" content=\"1280\" \/>\n\t<meta property=\"og:image:height\" content=\"720\" \/>\n\t<meta property=\"og:image:type\" content=\"image\/jpeg\" \/>\n<meta name=\"author\" content=\"tbrmedia\" \/>\n<meta name=\"twitter:card\" content=\"summary_large_image\" \/>\n<meta name=\"twitter:creator\" content=\"@finnhandball\" \/>\n<meta name=\"twitter:site\" content=\"@finnhandball\" \/>\n<script type=\"application\/ld+json\" class=\"yoast-schema-graph\">{\"@context\":\"https:\\\/\\\/schema.org\",\"@graph\":[{\"@type\":\"Article\",\"@id\":\"https:\\\/\\\/aktialiiga.fi\\\/miehet\\\/ajankohtaista\\\/bachko-cocksin-riveihin-kaksivuotisella-sopimuksella\\\/#article\",\"isPartOf\":{\"@id\":\"https:\\\/\\\/aktialiiga.fi\\\/miehet\\\/ajankohtaista\\\/bachko-cocksin-riveihin-kaksivuotisella-sopimuksella\\\/\"},\"author\":{\"name\":\"tbrmedia\",\"@id\":\"https:\\\/\\\/aktialiiga.fi\\\/miehet\\\/#\\\/schema\\\/person\\\/c14bf42f47041db74603c45afcb18d87\"},\"headline\":\"Bachko Cocksin riveihin kaksivuotisella sopimuksella\",\"datePublished\":\"2016-05-20T09:38:19+00:00\",\"dateModified\":\"2018-04-20T09:47:41+00:00\",\"mainEntityOfPage\":{\"@id\":\"https:\\\/\\\/aktialiiga.fi\\\/miehet\\\/ajankohtaista\\\/bachko-cocksin-riveihin-kaksivuotisella-sopimuksella\\\/\"},\"wordCount\":170,\"publisher\":{\"@id\":\"https:\\\/\\\/aktialiiga.fi\\\/miehet\\\/#organization\"},\"image\":{\"@id\":\"https:\\\/\\\/aktialiiga.fi\\\/miehet\\\/ajankohtaista\\\/bachko-cocksin-riveihin-kaksivuotisella-sopimuksella\\\/#primaryimage\"},\"thumbnailUrl\":\"https:\\\/\\\/i0.wp.com\\\/aktialiiga.fi\\\/miehet\\\/wp-content\\\/uploads\\\/sites\\\/5\\\/2013\\\/06\\\/Cocks_yleisoa_1415iso.jpg?fit=1280%2C720&ssl=1\",\"keywords\":[\"Cocks\"],\"articleSection\":[\"Ajankohtaista\"],\"inLanguage\":\"fi\"},{\"@type\":\"WebPage\",\"@id\":\"https:\\\/\\\/aktialiiga.fi\\\/miehet\\\/ajankohtaista\\\/bachko-cocksin-riveihin-kaksivuotisella-sopimuksella\\\/\",\"url\":\"https:\\\/\\\/aktialiiga.fi\\\/miehet\\\/ajankohtaista\\\/bachko-cocksin-riveihin-kaksivuotisella-sopimuksella\\\/\",\"name\":\"Bachko Cocksin riveihin kaksivuotisella sopimuksella | K\u00e4sipallon miesten Aktialiiga\",\"isPartOf\":{\"@id\":\"https:\\\/\\\/aktialiiga.fi\\\/miehet\\\/#website\"},\"primaryImageOfPage\":{\"@id\":\"https:\\\/\\\/aktialiiga.fi\\\/miehet\\\/ajankohtaista\\\/bachko-cocksin-riveihin-kaksivuotisella-sopimuksella\\\/#primaryimage\"},\"image\":{\"@id\":\"https:\\\/\\\/aktialiiga.fi\\\/miehet\\\/ajankohtaista\\\/bachko-cocksin-riveihin-kaksivuotisella-sopimuksella\\\/#primaryimage\"},\"thumbnailUrl\":\"https:\\\/\\\/i0.wp.com\\\/aktialiiga.fi\\\/miehet\\\/wp-content\\\/uploads\\\/sites\\\/5\\\/2013\\\/06\\\/Cocks_yleisoa_1415iso.jpg?fit=1280%2C720&ssl=1\",\"datePublished\":\"2016-05-20T09:38:19+00:00\",\"dateModified\":\"2018-04-20T09:47:41+00:00\",\"breadcrumb\":{\"@id\":\"https:\\\/\\\/aktialiiga.fi\\\/miehet\\\/ajankohtaista\\\/bachko-cocksin-riveihin-kaksivuotisella-sopimuksella\\\/#breadcrumb\"},\"inLanguage\":\"fi\",\"potentialAction\":[{\"@type\":\"ReadAction\",\"target\":[\"https:\\\/\\\/aktialiiga.fi\\\/miehet\\\/ajankohtaista\\\/bachko-cocksin-riveihin-kaksivuotisella-sopimuksella\\\/\"]}]},{\"@type\":\"ImageObject\",\"inLanguage\":\"fi\",\"@id\":\"https:\\\/\\\/aktialiiga.fi\\\/miehet\\\/ajankohtaista\\\/bachko-cocksin-riveihin-kaksivuotisella-sopimuksella\\\/#primaryimage\",\"url\":\"https:\\\/\\\/i0.wp.com\\\/aktialiiga.fi\\\/miehet\\\/wp-content\\\/uploads\\\/sites\\\/5\\\/2013\\\/06\\\/Cocks_yleisoa_1415iso.jpg?fit=1280%2C720&ssl=1\",\"contentUrl\":\"https:\\\/\\\/i0.wp.com\\\/aktialiiga.fi\\\/miehet\\\/wp-content\\\/uploads\\\/sites\\\/5\\\/2013\\\/06\\\/Cocks_yleisoa_1415iso.jpg?fit=1280%2C720&ssl=1\",\"width\":1280,\"height\":720},{\"@type\":\"BreadcrumbList\",\"@id\":\"https:\\\/\\\/aktialiiga.fi\\\/miehet\\\/ajankohtaista\\\/bachko-cocksin-riveihin-kaksivuotisella-sopimuksella\\\/#breadcrumb\",\"itemListElement\":[{\"@type\":\"ListItem\",\"position\":1,\"name\":\"Etusivu\",\"item\":\"https:\\\/\\\/aktialiiga.fi\\\/miehet\\\/\"},{\"@type\":\"ListItem\",\"position\":2,\"name\":\"Bachko Cocksin riveihin kaksivuotisella sopimuksella\"}]},{\"@type\":\"WebSite\",\"@id\":\"https:\\\/\\\/aktialiiga.fi\\\/miehet\\\/#website\",\"url\":\"https:\\\/\\\/aktialiiga.fi\\\/miehet\\\/\",\"name\":\"K\u00e4sipallon miesten Aktialiiga\",\"description\":\"Valtakunnan vauhdikkainta palloilua!\",\"publisher\":{\"@id\":\"https:\\\/\\\/aktialiiga.fi\\\/miehet\\\/#organization\"},\"potentialAction\":[{\"@type\":\"SearchAction\",\"target\":{\"@type\":\"EntryPoint\",\"urlTemplate\":\"https:\\\/\\\/aktialiiga.fi\\\/miehet\\\/?s={search_term_string}\"},\"query-input\":{\"@type\":\"PropertyValueSpecification\",\"valueRequired\":true,\"valueName\":\"search_term_string\"}}],\"inLanguage\":\"fi\"},{\"@type\":\"Organization\",\"@id\":\"https:\\\/\\\/aktialiiga.fi\\\/miehet\\\/#organization\",\"name\":\"K\u00e4sipallon miesten Aktialiiga\",\"url\":\"https:\\\/\\\/aktialiiga.fi\\\/miehet\\\/\",\"logo\":{\"@type\":\"ImageObject\",\"inLanguage\":\"fi\",\"@id\":\"https:\\\/\\\/aktialiiga.fi\\\/miehet\\\/#\\\/schema\\\/logo\\\/image\\\/\",\"url\":\"https:\\\/\\\/i0.wp.com\\\/aktialiiga.fi\\\/miehet\\\/wp-content\\\/uploads\\\/sites\\\/5\\\/2024\\\/09\\\/Aktialiiga-Yoast-512.png?fit=512%2C512&ssl=1\",\"contentUrl\":\"https:\\\/\\\/i0.wp.com\\\/aktialiiga.fi\\\/miehet\\\/wp-content\\\/uploads\\\/sites\\\/5\\\/2024\\\/09\\\/Aktialiiga-Yoast-512.png?fit=512%2C512&ssl=1\",\"width\":512,\"height\":512,\"caption\":\"K\u00e4sipallon miesten Aktialiiga\"},\"image\":{\"@id\":\"https:\\\/\\\/aktialiiga.fi\\\/miehet\\\/#\\\/schema\\\/logo\\\/image\\\/\"},\"sameAs\":[\"https:\\\/\\\/www.facebook.com\\\/finnhandball\",\"https:\\\/\\\/x.com\\\/finnhandball\",\"https:\\\/\\\/www.instagram.com\\\/handballfinland\\\/\"]},{\"@type\":\"Person\",\"@id\":\"https:\\\/\\\/aktialiiga.fi\\\/miehet\\\/#\\\/schema\\\/person\\\/c14bf42f47041db74603c45afcb18d87\",\"name\":\"tbrmedia\",\"image\":{\"@type\":\"ImageObject\",\"inLanguage\":\"fi\",\"@id\":\"https:\\\/\\\/secure.gravatar.com\\\/avatar\\\/ee975fa091fe581d12b60debb3439022686618368a7c142044c56724d4666b16?s=96&d=mm&r=g\",\"url\":\"https:\\\/\\\/secure.gravatar.com\\\/avatar\\\/ee975fa091fe581d12b60debb3439022686618368a7c142044c56724d4666b16?s=96&d=mm&r=g\",\"contentUrl\":\"https:\\\/\\\/secure.gravatar.com\\\/avatar\\\/ee975fa091fe581d12b60debb3439022686618368a7c142044c56724d4666b16?s=96&d=mm&r=g\",\"caption\":\"tbrmedia\"}}]}<\/script>\n<!-- \/ Yoast SEO plugin. -->","yoast_head_json":{"title":"Bachko Cocksin riveihin kaksivuotisella sopimuksella | K\u00e4sipallon miesten Aktialiiga","robots":{"index":"index","follow":"follow","max-snippet":"max-snippet:-1","max-image-preview":"max-image-preview:large","max-video-preview":"max-video-preview:-1"},"canonical":"https:\/\/aktialiiga.fi\/miehet\/ajankohtaista\/bachko-cocksin-riveihin-kaksivuotisella-sopimuksella\/","og_locale":"fi_FI","og_type":"article","og_title":"Bachko Cocksin riveihin kaksivuotisella sopimuksella | K\u00e4sipallon miesten Aktialiiga","og_description":"Valkoven\u00e4l\u00e4inen pelinrakentaja Aliaksandr Bachko siirtyy SKA Minskist\u00e4 vahvistamaan Riihim\u00e4en Cocksia. Bachkon sopimus Cocksin kanssa kattaa kaksi seuraavaa kautta. Elokuussa 27 vuotta t\u00e4ytt\u00e4v\u00e4 Bachko on toiminut\u00a0SKA Minskin ykk\u00f6spelinrakentajana viimeiset kolme kautta. Joukkue esiintyi eurokentill\u00e4 noina vuosina nousujohteisesti ja huipensi viime kautensa EHF Cupin lohkovaihepaikkaan. Joukkueensa pelinteosta p\u00e4\u00e4vastuun kantanut Bachko iski lohkovaiheessa maaleja yli kolmen ja puolen [&hellip;]","og_url":"https:\/\/aktialiiga.fi\/miehet\/ajankohtaista\/bachko-cocksin-riveihin-kaksivuotisella-sopimuksella\/","og_site_name":"K\u00e4sipallon miesten Aktialiiga","article_publisher":"https:\/\/www.facebook.com\/finnhandball","article_published_time":"2016-05-20T09:38:19+00:00","article_modified_time":"2018-04-20T09:47:41+00:00","og_image":[{"width":1280,"height":720,"url":"https:\/\/i0.wp.com\/aktialiiga.fi\/miehet\/wp-content\/uploads\/sites\/5\/2013\/06\/Cocks_yleisoa_1415iso.jpg?fit=1280%2C720&ssl=1","type":"image\/jpeg"}],"author":"tbrmedia","twitter_card":"summary_large_image","twitter_creator":"@finnhandball","twitter_site":"@finnhandball","schema":{"@context":"https:\/\/schema.org","@graph":[{"@type":"Article","@id":"https:\/\/aktialiiga.fi\/miehet\/ajankohtaista\/bachko-cocksin-riveihin-kaksivuotisella-sopimuksella\/#article","isPartOf":{"@id":"https:\/\/aktialiiga.fi\/miehet\/ajankohtaista\/bachko-cocksin-riveihin-kaksivuotisella-sopimuksella\/"},"author":{"name":"tbrmedia","@id":"https:\/\/aktialiiga.fi\/miehet\/#\/schema\/person\/c14bf42f47041db74603c45afcb18d87"},"headline":"Bachko Cocksin riveihin kaksivuotisella sopimuksella","datePublished":"2016-05-20T09:38:19+00:00","dateModified":"2018-04-20T09:47:41+00:00","mainEntityOfPage":{"@id":"https:\/\/aktialiiga.fi\/miehet\/ajankohtaista\/bachko-cocksin-riveihin-kaksivuotisella-sopimuksella\/"},"wordCount":170,"publisher":{"@id":"https:\/\/aktialiiga.fi\/miehet\/#organization"},"image":{"@id":"https:\/\/aktialiiga.fi\/miehet\/ajankohtaista\/bachko-cocksin-riveihin-kaksivuotisella-sopimuksella\/#primaryimage"},"thumbnailUrl":"https:\/\/i0.wp.com\/aktialiiga.fi\/miehet\/wp-content\/uploads\/sites\/5\/2013\/06\/Cocks_yleisoa_1415iso.jpg?fit=1280%2C720&ssl=1","keywords":["Cocks"],"articleSection":["Ajankohtaista"],"inLanguage":"fi"},{"@type":"WebPage","@id":"https:\/\/aktialiiga.fi\/miehet\/ajankohtaista\/bachko-cocksin-riveihin-kaksivuotisella-sopimuksella\/","url":"https:\/\/aktialiiga.fi\/miehet\/ajankohtaista\/bachko-cocksin-riveihin-kaksivuotisella-sopimuksella\/","name":"Bachko Cocksin riveihin kaksivuotisella sopimuksella | K\u00e4sipallon miesten Aktialiiga","isPartOf":{"@id":"https:\/\/aktialiiga.fi\/miehet\/#website"},"primaryImageOfPage":{"@id":"https:\/\/aktialiiga.fi\/miehet\/ajankohtaista\/bachko-cocksin-riveihin-kaksivuotisella-sopimuksella\/#primaryimage"},"image":{"@id":"https:\/\/aktialiiga.fi\/miehet\/ajankohtaista\/bachko-cocksin-riveihin-kaksivuotisella-sopimuksella\/#primaryimage"},"thumbnailUrl":"https:\/\/i0.wp.com\/aktialiiga.fi\/miehet\/wp-content\/uploads\/sites\/5\/2013\/06\/Cocks_yleisoa_1415iso.jpg?fit=1280%2C720&ssl=1","datePublished":"2016-05-20T09:38:19+00:00","dateModified":"2018-04-20T09:47:41+00:00","breadcrumb":{"@id":"https:\/\/aktialiiga.fi\/miehet\/ajankohtaista\/bachko-cocksin-riveihin-kaksivuotisella-sopimuksella\/#breadcrumb"},"inLanguage":"fi","potentialAction":[{"@type":"ReadAction","target":["https:\/\/aktialiiga.fi\/miehet\/ajankohtaista\/bachko-cocksin-riveihin-kaksivuotisella-sopimuksella\/"]}]},{"@type":"ImageObject","inLanguage":"fi","@id":"https:\/\/aktialiiga.fi\/miehet\/ajankohtaista\/bachko-cocksin-riveihin-kaksivuotisella-sopimuksella\/#primaryimage","url":"https:\/\/i0.wp.com\/aktialiiga.fi\/miehet\/wp-content\/uploads\/sites\/5\/2013\/06\/Cocks_yleisoa_1415iso.jpg?fit=1280%2C720&ssl=1","contentUrl":"https:\/\/i0.wp.com\/aktialiiga.fi\/miehet\/wp-content\/uploads\/sites\/5\/2013\/06\/Cocks_yleisoa_1415iso.jpg?fit=1280%2C720&ssl=1","width":1280,"height":720},{"@type":"BreadcrumbList","@id":"https:\/\/aktialiiga.fi\/miehet\/ajankohtaista\/bachko-cocksin-riveihin-kaksivuotisella-sopimuksella\/#breadcrumb","itemListElement":[{"@type":"ListItem","position":1,"name":"Etusivu","item":"https:\/\/aktialiiga.fi\/miehet\/"},{"@type":"ListItem","position":2,"name":"Bachko Cocksin riveihin kaksivuotisella sopimuksella"}]},{"@type":"WebSite","@id":"https:\/\/aktialiiga.fi\/miehet\/#website","url":"https:\/\/aktialiiga.fi\/miehet\/","name":"K\u00e4sipallon miesten Aktialiiga","description":"Valtakunnan vauhdikkainta palloilua!","publisher":{"@id":"https:\/\/aktialiiga.fi\/miehet\/#organization"},"potentialAction":[{"@type":"SearchAction","target":{"@type":"EntryPoint","urlTemplate":"https:\/\/aktialiiga.fi\/miehet\/?s={search_term_string}"},"query-input":{"@type":"PropertyValueSpecification","valueRequired":true,"valueName":"search_term_string"}}],"inLanguage":"fi"},{"@type":"Organization","@id":"https:\/\/aktialiiga.fi\/miehet\/#organization","name":"K\u00e4sipallon miesten Aktialiiga","url":"https:\/\/aktialiiga.fi\/miehet\/","logo":{"@type":"ImageObject","inLanguage":"fi","@id":"https:\/\/aktialiiga.fi\/miehet\/#\/schema\/logo\/image\/","url":"https:\/\/i0.wp.com\/aktialiiga.fi\/miehet\/wp-content\/uploads\/sites\/5\/2024\/09\/Aktialiiga-Yoast-512.png?fit=512%2C512&ssl=1","contentUrl":"https:\/\/i0.wp.com\/aktialiiga.fi\/miehet\/wp-content\/uploads\/sites\/5\/2024\/09\/Aktialiiga-Yoast-512.png?fit=512%2C512&ssl=1","width":512,"height":512,"caption":"K\u00e4sipallon miesten Aktialiiga"},"image":{"@id":"https:\/\/aktialiiga.fi\/miehet\/#\/schema\/logo\/image\/"},"sameAs":["https:\/\/www.facebook.com\/finnhandball","https:\/\/x.com\/finnhandball","https:\/\/www.instagram.com\/handballfinland\/"]},{"@type":"Person","@id":"https:\/\/aktialiiga.fi\/miehet\/#\/schema\/person\/c14bf42f47041db74603c45afcb18d87","name":"tbrmedia","image":{"@type":"ImageObject","inLanguage":"fi","@id":"https:\/\/secure.gravatar.com\/avatar\/ee975fa091fe581d12b60debb3439022686618368a7c142044c56724d4666b16?s=96&d=mm&r=g","url":"https:\/\/secure.gravatar.com\/avatar\/ee975fa091fe581d12b60debb3439022686618368a7c142044c56724d4666b16?s=96&d=mm&r=g","contentUrl":"https:\/\/secure.gravatar.com\/avatar\/ee975fa091fe581d12b60debb3439022686618368a7c142044c56724d4666b16?s=96&d=mm&r=g","caption":"tbrmedia"}}]}},"jetpack_featured_media_url":"https:\/\/i0.wp.com\/aktialiiga.fi\/miehet\/wp-content\/uploads\/sites\/5\/2013\/06\/Cocks_yleisoa_1415iso.jpg?fit=1280%2C720&ssl=1","jetpack_sharing_enabled":true,"jetpack_shortlink":"https:\/\/wp.me\/pfTxOr-38x","_links":{"self":[{"href":"https:\/\/aktialiiga.fi\/miehet\/wp-json\/wp\/v2\/posts\/12061","targetHints":{"allow":["GET"]}}],"collection":[{"href":"https:\/\/aktialiiga.fi\/miehet\/wp-json\/wp\/v2\/posts"}],"about":[{"href":"https:\/\/aktialiiga.fi\/miehet\/wp-json\/wp\/v2\/types\/post"}],"author":[{"embeddable":true,"href":"https:\/\/aktialiiga.fi\/miehet\/wp-json\/wp\/v2\/users\/13"}],"replies":[{"embeddable":true,"href":"https:\/\/aktialiiga.fi\/miehet\/wp-json\/wp\/v2\/comments?post=12061"}],"version-history":[{"count":0,"href":"https:\/\/aktialiiga.fi\/miehet\/wp-json\/wp\/v2\/posts\/12061\/revisions"}],"wp:featuredmedia":[{"embeddable":true,"href":"https:\/\/aktialiiga.fi\/miehet\/wp-json\/wp\/v2\/media\/10520"}],"wp:attachment":[{"href":"https:\/\/aktialiiga.fi\/miehet\/wp-json\/wp\/v2\/media?parent=12061"}],"wp:term":[{"taxonomy":"category","embeddable":true,"href":"https:\/\/aktialiiga.fi\/miehet\/wp-json\/wp\/v2\/categories?post=12061"},{"taxonomy":"post_tag","embeddable":true,"href":"https:\/\/aktialiiga.fi\/miehet\/wp-json\/wp\/v2\/tags?post=12061"}],"curies":[{"name":"wp","href":"https:\/\/api.w.org\/{rel}","templated":true}]}}