{"id":12102,"date":"2016-06-25T09:27:17","date_gmt":"2016-06-25T06:27:17","guid":{"rendered":"https:\/\/aktialiiga.fi\/miehet\/?p=12102"},"modified":"2018-04-20T12:47:40","modified_gmt":"2018-04-20T09:47:40","slug":"thomas-lindstrom-cocksin-valmennuspaallikoksi","status":"publish","type":"post","link":"https:\/\/aktialiiga.fi\/miehet\/ajankohtaista\/thomas-lindstrom-cocksin-valmennuspaallikoksi\/","title":{"rendered":"Thomas Lindstr\u00f6m Cocksin valmennusp\u00e4\u00e4llik\u00f6ksi"},"content":{"rendered":"<p>Cocks on valinnut uudeksi valmennusp\u00e4\u00e4llik\u00f6kseen Thomas Lindstr\u00f6min. Lindstr\u00f6m aloittaa ty\u00f6t Cocksissa hein\u00e4kuun lopulla.<\/p>\n<p>Hakijoiden joukossa oli useita eritt\u00e4in hyvi\u00e4 hakijoita, joiden joukosta Cocks p\u00e4\u00e4si valinnan tekem\u00e4\u00e4n. Aiemmin Thomas Lindstr\u00f6m on toiminut Suomen K\u00e4sipalloliitossa nuoriso- ja valmennusp\u00e4\u00e4llikk\u00f6n\u00e4 seitsem\u00e4n vuoden ajan 2006-2013.<\/p>\n<p>&#8211; T\u00e4lt\u00e4 ajalta on j\u00e4\u00e4nyt paljon k\u00e4sipallokokemuksia reppuun monista eri maista. Esimerkiksi Islannin, Ruotsin ja Tanskan pelaajakehityksest\u00e4 on j\u00e4\u00e4nyt todella hyv\u00e4 kuva, josta olen my\u00f6s ammentanut paljon omaan valmennukseen, Lindstr\u00f6m muistelee Cocksin verkkosivuilla.<\/p>\n<p>Miesten edustusjoukkueen valmentajana Lindstr\u00f6m toimi Dickeniss\u00e4 2010-2014 ja t\u00e4m\u00e4n j\u00e4lkeen h\u00e4n on toiminut Porvoon Akilleksessa juniorip\u00e4\u00e4llikk\u00f6n\u00e4 ja edustusjoukkueen valmentajana. Cocksiin saadaan varmasti positiivinen ja innostunut mies.<\/p>\n<p>&#8211; Seuratasolla Suomen k\u00e4sipallossa ollaan viime vuosina otettu selkeit\u00e4 askeleita eteenp\u00e4in, mutta yksi seura on ammattimaisuudessaan ylitse muiden. Cocksissa ollaan jo monta vuotta tehty erinomaista ty\u00f6t\u00e4 pelaajien rekrytoinnissa ja edustusjoukkue on p\u00e4rj\u00e4nnyt kansainv\u00e4lisestikin.<\/p>\n<p>&#8211; Minulle henkil\u00f6kohtaisesti oli helppo p\u00e4\u00e4t\u00f6s liitty\u00e4 toimivaan organisaatioon, jossa oikeasti katsotaan eteenp\u00e4in ja halutaan kehitt\u00e4\u00e4 k\u00e4sipalloa niin Riihim\u00e4ell\u00e4 kuin Suomessakin, kommentoi Lindstr\u00f6m uutta seuraansa.<\/p>\n<p>Lindstr\u00f6min teht\u00e4v\u00e4nkuvaan kuuluu Cocksin juniorivalmennustoiminnan koordinointi ja kehitt\u00e4minen, sek\u00e4 urheilutoiminnan johtaminen C-junioreista vanhempiin ik\u00e4luokkiin. Lis\u00e4ksi Lindstr\u00f6m vastaa poikien akatemiajoukkueen valmennuksesta.<\/p>\n","protected":false},"excerpt":{"rendered":"<p>Cocks on valinnut uudeksi valmennusp\u00e4\u00e4llik\u00f6kseen Thomas Lindstr\u00f6min. Lindstr\u00f6m aloittaa ty\u00f6t Cocksissa hein\u00e4kuun lopulla. Hakijoiden joukossa oli useita eritt\u00e4in hyvi\u00e4 hakijoita, joiden joukosta Cocks p\u00e4\u00e4si valinnan tekem\u00e4\u00e4n. Aiemmin Thomas Lindstr\u00f6m on toiminut Suomen K\u00e4sipalloliitossa nuoriso- ja valmennusp\u00e4\u00e4llikk\u00f6n\u00e4 seitsem\u00e4n vuoden ajan 2006-2013. &#8211; T\u00e4lt\u00e4 ajalta on j\u00e4\u00e4nyt paljon k\u00e4sipallokokemuksia reppuun monista eri maista. Esimerkiksi Islannin, Ruotsin ja [&hellip;]<\/p>\n","protected":false},"author":13,"featured_media":10520,"comment_status":"closed","ping_status":"closed","sticky":false,"template":"","format":"standard","meta":{"_acf_changed":false,"jetpack_post_was_ever_published":false,"_jetpack_newsletter_access":"","_jetpack_dont_email_post_to_subs":false,"_jetpack_newsletter_tier_id":0,"_jetpack_memberships_contains_paywalled_content":false,"_jetpack_memberships_contains_paid_content":false,"footnotes":""},"categories":[2],"tags":[57],"class_list":["post-12102","post","type-post","status-publish","format-standard","has-post-thumbnail","hentry","category-ajankohtaista","tag-cocks"],"acf":[],"yoast_head":"<!-- This site is optimized with the Yoast SEO plugin v27.5 - https:\/\/yoast.com\/product\/yoast-seo-wordpress\/ -->\n<title>Thomas Lindstr\u00f6m Cocksin valmennusp\u00e4\u00e4llik\u00f6ksi | K\u00e4sipallon miesten Aktialiiga<\/title>\n<meta name=\"robots\" content=\"index, follow, max-snippet:-1, max-image-preview:large, max-video-preview:-1\" \/>\n<link rel=\"canonical\" href=\"https:\/\/aktialiiga.fi\/miehet\/ajankohtaista\/thomas-lindstrom-cocksin-valmennuspaallikoksi\/\" \/>\n<meta property=\"og:locale\" content=\"fi_FI\" \/>\n<meta property=\"og:type\" content=\"article\" \/>\n<meta property=\"og:title\" content=\"Thomas Lindstr\u00f6m Cocksin valmennusp\u00e4\u00e4llik\u00f6ksi | K\u00e4sipallon miesten Aktialiiga\" \/>\n<meta property=\"og:description\" content=\"Cocks on valinnut uudeksi valmennusp\u00e4\u00e4llik\u00f6kseen Thomas Lindstr\u00f6min. Lindstr\u00f6m aloittaa ty\u00f6t Cocksissa hein\u00e4kuun lopulla. Hakijoiden joukossa oli useita eritt\u00e4in hyvi\u00e4 hakijoita, joiden joukosta Cocks p\u00e4\u00e4si valinnan tekem\u00e4\u00e4n. Aiemmin Thomas Lindstr\u00f6m on toiminut Suomen K\u00e4sipalloliitossa nuoriso- ja valmennusp\u00e4\u00e4llikk\u00f6n\u00e4 seitsem\u00e4n vuoden ajan 2006-2013. &#8211; T\u00e4lt\u00e4 ajalta on j\u00e4\u00e4nyt paljon k\u00e4sipallokokemuksia reppuun monista eri maista. Esimerkiksi Islannin, Ruotsin ja [&hellip;]\" \/>\n<meta property=\"og:url\" content=\"https:\/\/aktialiiga.fi\/miehet\/ajankohtaista\/thomas-lindstrom-cocksin-valmennuspaallikoksi\/\" \/>\n<meta property=\"og:site_name\" content=\"K\u00e4sipallon miesten Aktialiiga\" \/>\n<meta property=\"article:publisher\" content=\"https:\/\/www.facebook.com\/finnhandball\" \/>\n<meta property=\"article:published_time\" content=\"2016-06-25T06:27:17+00:00\" \/>\n<meta property=\"article:modified_time\" content=\"2018-04-20T09:47:40+00:00\" \/>\n<meta property=\"og:image\" content=\"https:\/\/i0.wp.com\/aktialiiga.fi\/miehet\/wp-content\/uploads\/sites\/5\/2013\/06\/Cocks_yleisoa_1415iso.jpg?fit=1280%2C720&ssl=1\" \/>\n\t<meta property=\"og:image:width\" content=\"1280\" \/>\n\t<meta property=\"og:image:height\" content=\"720\" \/>\n\t<meta property=\"og:image:type\" content=\"image\/jpeg\" \/>\n<meta name=\"author\" content=\"tbrmedia\" \/>\n<meta name=\"twitter:card\" content=\"summary_large_image\" \/>\n<meta name=\"twitter:creator\" content=\"@finnhandball\" \/>\n<meta name=\"twitter:site\" content=\"@finnhandball\" \/>\n<script type=\"application\/ld+json\" class=\"yoast-schema-graph\">{\"@context\":\"https:\\\/\\\/schema.org\",\"@graph\":[{\"@type\":\"Article\",\"@id\":\"https:\\\/\\\/aktialiiga.fi\\\/miehet\\\/ajankohtaista\\\/thomas-lindstrom-cocksin-valmennuspaallikoksi\\\/#article\",\"isPartOf\":{\"@id\":\"https:\\\/\\\/aktialiiga.fi\\\/miehet\\\/ajankohtaista\\\/thomas-lindstrom-cocksin-valmennuspaallikoksi\\\/\"},\"author\":{\"name\":\"tbrmedia\",\"@id\":\"https:\\\/\\\/aktialiiga.fi\\\/miehet\\\/#\\\/schema\\\/person\\\/c14bf42f47041db74603c45afcb18d87\"},\"headline\":\"Thomas Lindstr\u00f6m Cocksin valmennusp\u00e4\u00e4llik\u00f6ksi\",\"datePublished\":\"2016-06-25T06:27:17+00:00\",\"dateModified\":\"2018-04-20T09:47:40+00:00\",\"mainEntityOfPage\":{\"@id\":\"https:\\\/\\\/aktialiiga.fi\\\/miehet\\\/ajankohtaista\\\/thomas-lindstrom-cocksin-valmennuspaallikoksi\\\/\"},\"wordCount\":231,\"publisher\":{\"@id\":\"https:\\\/\\\/aktialiiga.fi\\\/miehet\\\/#organization\"},\"image\":{\"@id\":\"https:\\\/\\\/aktialiiga.fi\\\/miehet\\\/ajankohtaista\\\/thomas-lindstrom-cocksin-valmennuspaallikoksi\\\/#primaryimage\"},\"thumbnailUrl\":\"https:\\\/\\\/i0.wp.com\\\/aktialiiga.fi\\\/miehet\\\/wp-content\\\/uploads\\\/sites\\\/5\\\/2013\\\/06\\\/Cocks_yleisoa_1415iso.jpg?fit=1280%2C720&ssl=1\",\"keywords\":[\"Cocks\"],\"articleSection\":[\"Ajankohtaista\"],\"inLanguage\":\"fi\"},{\"@type\":\"WebPage\",\"@id\":\"https:\\\/\\\/aktialiiga.fi\\\/miehet\\\/ajankohtaista\\\/thomas-lindstrom-cocksin-valmennuspaallikoksi\\\/\",\"url\":\"https:\\\/\\\/aktialiiga.fi\\\/miehet\\\/ajankohtaista\\\/thomas-lindstrom-cocksin-valmennuspaallikoksi\\\/\",\"name\":\"Thomas Lindstr\u00f6m Cocksin valmennusp\u00e4\u00e4llik\u00f6ksi | K\u00e4sipallon miesten Aktialiiga\",\"isPartOf\":{\"@id\":\"https:\\\/\\\/aktialiiga.fi\\\/miehet\\\/#website\"},\"primaryImageOfPage\":{\"@id\":\"https:\\\/\\\/aktialiiga.fi\\\/miehet\\\/ajankohtaista\\\/thomas-lindstrom-cocksin-valmennuspaallikoksi\\\/#primaryimage\"},\"image\":{\"@id\":\"https:\\\/\\\/aktialiiga.fi\\\/miehet\\\/ajankohtaista\\\/thomas-lindstrom-cocksin-valmennuspaallikoksi\\\/#primaryimage\"},\"thumbnailUrl\":\"https:\\\/\\\/i0.wp.com\\\/aktialiiga.fi\\\/miehet\\\/wp-content\\\/uploads\\\/sites\\\/5\\\/2013\\\/06\\\/Cocks_yleisoa_1415iso.jpg?fit=1280%2C720&ssl=1\",\"datePublished\":\"2016-06-25T06:27:17+00:00\",\"dateModified\":\"2018-04-20T09:47:40+00:00\",\"breadcrumb\":{\"@id\":\"https:\\\/\\\/aktialiiga.fi\\\/miehet\\\/ajankohtaista\\\/thomas-lindstrom-cocksin-valmennuspaallikoksi\\\/#breadcrumb\"},\"inLanguage\":\"fi\",\"potentialAction\":[{\"@type\":\"ReadAction\",\"target\":[\"https:\\\/\\\/aktialiiga.fi\\\/miehet\\\/ajankohtaista\\\/thomas-lindstrom-cocksin-valmennuspaallikoksi\\\/\"]}]},{\"@type\":\"ImageObject\",\"inLanguage\":\"fi\",\"@id\":\"https:\\\/\\\/aktialiiga.fi\\\/miehet\\\/ajankohtaista\\\/thomas-lindstrom-cocksin-valmennuspaallikoksi\\\/#primaryimage\",\"url\":\"https:\\\/\\\/i0.wp.com\\\/aktialiiga.fi\\\/miehet\\\/wp-content\\\/uploads\\\/sites\\\/5\\\/2013\\\/06\\\/Cocks_yleisoa_1415iso.jpg?fit=1280%2C720&ssl=1\",\"contentUrl\":\"https:\\\/\\\/i0.wp.com\\\/aktialiiga.fi\\\/miehet\\\/wp-content\\\/uploads\\\/sites\\\/5\\\/2013\\\/06\\\/Cocks_yleisoa_1415iso.jpg?fit=1280%2C720&ssl=1\",\"width\":1280,\"height\":720},{\"@type\":\"BreadcrumbList\",\"@id\":\"https:\\\/\\\/aktialiiga.fi\\\/miehet\\\/ajankohtaista\\\/thomas-lindstrom-cocksin-valmennuspaallikoksi\\\/#breadcrumb\",\"itemListElement\":[{\"@type\":\"ListItem\",\"position\":1,\"name\":\"Etusivu\",\"item\":\"https:\\\/\\\/aktialiiga.fi\\\/miehet\\\/\"},{\"@type\":\"ListItem\",\"position\":2,\"name\":\"Thomas Lindstr\u00f6m Cocksin valmennusp\u00e4\u00e4llik\u00f6ksi\"}]},{\"@type\":\"WebSite\",\"@id\":\"https:\\\/\\\/aktialiiga.fi\\\/miehet\\\/#website\",\"url\":\"https:\\\/\\\/aktialiiga.fi\\\/miehet\\\/\",\"name\":\"K\u00e4sipallon miesten Aktialiiga\",\"description\":\"Valtakunnan vauhdikkainta palloilua!\",\"publisher\":{\"@id\":\"https:\\\/\\\/aktialiiga.fi\\\/miehet\\\/#organization\"},\"potentialAction\":[{\"@type\":\"SearchAction\",\"target\":{\"@type\":\"EntryPoint\",\"urlTemplate\":\"https:\\\/\\\/aktialiiga.fi\\\/miehet\\\/?s={search_term_string}\"},\"query-input\":{\"@type\":\"PropertyValueSpecification\",\"valueRequired\":true,\"valueName\":\"search_term_string\"}}],\"inLanguage\":\"fi\"},{\"@type\":\"Organization\",\"@id\":\"https:\\\/\\\/aktialiiga.fi\\\/miehet\\\/#organization\",\"name\":\"K\u00e4sipallon miesten Aktialiiga\",\"url\":\"https:\\\/\\\/aktialiiga.fi\\\/miehet\\\/\",\"logo\":{\"@type\":\"ImageObject\",\"inLanguage\":\"fi\",\"@id\":\"https:\\\/\\\/aktialiiga.fi\\\/miehet\\\/#\\\/schema\\\/logo\\\/image\\\/\",\"url\":\"https:\\\/\\\/i0.wp.com\\\/aktialiiga.fi\\\/miehet\\\/wp-content\\\/uploads\\\/sites\\\/5\\\/2024\\\/09\\\/Aktialiiga-Yoast-512.png?fit=512%2C512&ssl=1\",\"contentUrl\":\"https:\\\/\\\/i0.wp.com\\\/aktialiiga.fi\\\/miehet\\\/wp-content\\\/uploads\\\/sites\\\/5\\\/2024\\\/09\\\/Aktialiiga-Yoast-512.png?fit=512%2C512&ssl=1\",\"width\":512,\"height\":512,\"caption\":\"K\u00e4sipallon miesten Aktialiiga\"},\"image\":{\"@id\":\"https:\\\/\\\/aktialiiga.fi\\\/miehet\\\/#\\\/schema\\\/logo\\\/image\\\/\"},\"sameAs\":[\"https:\\\/\\\/www.facebook.com\\\/finnhandball\",\"https:\\\/\\\/x.com\\\/finnhandball\",\"https:\\\/\\\/www.instagram.com\\\/handballfinland\\\/\"]},{\"@type\":\"Person\",\"@id\":\"https:\\\/\\\/aktialiiga.fi\\\/miehet\\\/#\\\/schema\\\/person\\\/c14bf42f47041db74603c45afcb18d87\",\"name\":\"tbrmedia\",\"image\":{\"@type\":\"ImageObject\",\"inLanguage\":\"fi\",\"@id\":\"https:\\\/\\\/secure.gravatar.com\\\/avatar\\\/ee975fa091fe581d12b60debb3439022686618368a7c142044c56724d4666b16?s=96&d=mm&r=g\",\"url\":\"https:\\\/\\\/secure.gravatar.com\\\/avatar\\\/ee975fa091fe581d12b60debb3439022686618368a7c142044c56724d4666b16?s=96&d=mm&r=g\",\"contentUrl\":\"https:\\\/\\\/secure.gravatar.com\\\/avatar\\\/ee975fa091fe581d12b60debb3439022686618368a7c142044c56724d4666b16?s=96&d=mm&r=g\",\"caption\":\"tbrmedia\"}}]}<\/script>\n<!-- \/ Yoast SEO plugin. -->","yoast_head_json":{"title":"Thomas Lindstr\u00f6m Cocksin valmennusp\u00e4\u00e4llik\u00f6ksi | K\u00e4sipallon miesten Aktialiiga","robots":{"index":"index","follow":"follow","max-snippet":"max-snippet:-1","max-image-preview":"max-image-preview:large","max-video-preview":"max-video-preview:-1"},"canonical":"https:\/\/aktialiiga.fi\/miehet\/ajankohtaista\/thomas-lindstrom-cocksin-valmennuspaallikoksi\/","og_locale":"fi_FI","og_type":"article","og_title":"Thomas Lindstr\u00f6m Cocksin valmennusp\u00e4\u00e4llik\u00f6ksi | K\u00e4sipallon miesten Aktialiiga","og_description":"Cocks on valinnut uudeksi valmennusp\u00e4\u00e4llik\u00f6kseen Thomas Lindstr\u00f6min. Lindstr\u00f6m aloittaa ty\u00f6t Cocksissa hein\u00e4kuun lopulla. Hakijoiden joukossa oli useita eritt\u00e4in hyvi\u00e4 hakijoita, joiden joukosta Cocks p\u00e4\u00e4si valinnan tekem\u00e4\u00e4n. Aiemmin Thomas Lindstr\u00f6m on toiminut Suomen K\u00e4sipalloliitossa nuoriso- ja valmennusp\u00e4\u00e4llikk\u00f6n\u00e4 seitsem\u00e4n vuoden ajan 2006-2013. &#8211; T\u00e4lt\u00e4 ajalta on j\u00e4\u00e4nyt paljon k\u00e4sipallokokemuksia reppuun monista eri maista. Esimerkiksi Islannin, Ruotsin ja [&hellip;]","og_url":"https:\/\/aktialiiga.fi\/miehet\/ajankohtaista\/thomas-lindstrom-cocksin-valmennuspaallikoksi\/","og_site_name":"K\u00e4sipallon miesten Aktialiiga","article_publisher":"https:\/\/www.facebook.com\/finnhandball","article_published_time":"2016-06-25T06:27:17+00:00","article_modified_time":"2018-04-20T09:47:40+00:00","og_image":[{"width":1280,"height":720,"url":"https:\/\/i0.wp.com\/aktialiiga.fi\/miehet\/wp-content\/uploads\/sites\/5\/2013\/06\/Cocks_yleisoa_1415iso.jpg?fit=1280%2C720&ssl=1","type":"image\/jpeg"}],"author":"tbrmedia","twitter_card":"summary_large_image","twitter_creator":"@finnhandball","twitter_site":"@finnhandball","schema":{"@context":"https:\/\/schema.org","@graph":[{"@type":"Article","@id":"https:\/\/aktialiiga.fi\/miehet\/ajankohtaista\/thomas-lindstrom-cocksin-valmennuspaallikoksi\/#article","isPartOf":{"@id":"https:\/\/aktialiiga.fi\/miehet\/ajankohtaista\/thomas-lindstrom-cocksin-valmennuspaallikoksi\/"},"author":{"name":"tbrmedia","@id":"https:\/\/aktialiiga.fi\/miehet\/#\/schema\/person\/c14bf42f47041db74603c45afcb18d87"},"headline":"Thomas Lindstr\u00f6m Cocksin valmennusp\u00e4\u00e4llik\u00f6ksi","datePublished":"2016-06-25T06:27:17+00:00","dateModified":"2018-04-20T09:47:40+00:00","mainEntityOfPage":{"@id":"https:\/\/aktialiiga.fi\/miehet\/ajankohtaista\/thomas-lindstrom-cocksin-valmennuspaallikoksi\/"},"wordCount":231,"publisher":{"@id":"https:\/\/aktialiiga.fi\/miehet\/#organization"},"image":{"@id":"https:\/\/aktialiiga.fi\/miehet\/ajankohtaista\/thomas-lindstrom-cocksin-valmennuspaallikoksi\/#primaryimage"},"thumbnailUrl":"https:\/\/i0.wp.com\/aktialiiga.fi\/miehet\/wp-content\/uploads\/sites\/5\/2013\/06\/Cocks_yleisoa_1415iso.jpg?fit=1280%2C720&ssl=1","keywords":["Cocks"],"articleSection":["Ajankohtaista"],"inLanguage":"fi"},{"@type":"WebPage","@id":"https:\/\/aktialiiga.fi\/miehet\/ajankohtaista\/thomas-lindstrom-cocksin-valmennuspaallikoksi\/","url":"https:\/\/aktialiiga.fi\/miehet\/ajankohtaista\/thomas-lindstrom-cocksin-valmennuspaallikoksi\/","name":"Thomas Lindstr\u00f6m Cocksin valmennusp\u00e4\u00e4llik\u00f6ksi | K\u00e4sipallon miesten Aktialiiga","isPartOf":{"@id":"https:\/\/aktialiiga.fi\/miehet\/#website"},"primaryImageOfPage":{"@id":"https:\/\/aktialiiga.fi\/miehet\/ajankohtaista\/thomas-lindstrom-cocksin-valmennuspaallikoksi\/#primaryimage"},"image":{"@id":"https:\/\/aktialiiga.fi\/miehet\/ajankohtaista\/thomas-lindstrom-cocksin-valmennuspaallikoksi\/#primaryimage"},"thumbnailUrl":"https:\/\/i0.wp.com\/aktialiiga.fi\/miehet\/wp-content\/uploads\/sites\/5\/2013\/06\/Cocks_yleisoa_1415iso.jpg?fit=1280%2C720&ssl=1","datePublished":"2016-06-25T06:27:17+00:00","dateModified":"2018-04-20T09:47:40+00:00","breadcrumb":{"@id":"https:\/\/aktialiiga.fi\/miehet\/ajankohtaista\/thomas-lindstrom-cocksin-valmennuspaallikoksi\/#breadcrumb"},"inLanguage":"fi","potentialAction":[{"@type":"ReadAction","target":["https:\/\/aktialiiga.fi\/miehet\/ajankohtaista\/thomas-lindstrom-cocksin-valmennuspaallikoksi\/"]}]},{"@type":"ImageObject","inLanguage":"fi","@id":"https:\/\/aktialiiga.fi\/miehet\/ajankohtaista\/thomas-lindstrom-cocksin-valmennuspaallikoksi\/#primaryimage","url":"https:\/\/i0.wp.com\/aktialiiga.fi\/miehet\/wp-content\/uploads\/sites\/5\/2013\/06\/Cocks_yleisoa_1415iso.jpg?fit=1280%2C720&ssl=1","contentUrl":"https:\/\/i0.wp.com\/aktialiiga.fi\/miehet\/wp-content\/uploads\/sites\/5\/2013\/06\/Cocks_yleisoa_1415iso.jpg?fit=1280%2C720&ssl=1","width":1280,"height":720},{"@type":"BreadcrumbList","@id":"https:\/\/aktialiiga.fi\/miehet\/ajankohtaista\/thomas-lindstrom-cocksin-valmennuspaallikoksi\/#breadcrumb","itemListElement":[{"@type":"ListItem","position":1,"name":"Etusivu","item":"https:\/\/aktialiiga.fi\/miehet\/"},{"@type":"ListItem","position":2,"name":"Thomas Lindstr\u00f6m Cocksin valmennusp\u00e4\u00e4llik\u00f6ksi"}]},{"@type":"WebSite","@id":"https:\/\/aktialiiga.fi\/miehet\/#website","url":"https:\/\/aktialiiga.fi\/miehet\/","name":"K\u00e4sipallon miesten Aktialiiga","description":"Valtakunnan vauhdikkainta palloilua!","publisher":{"@id":"https:\/\/aktialiiga.fi\/miehet\/#organization"},"potentialAction":[{"@type":"SearchAction","target":{"@type":"EntryPoint","urlTemplate":"https:\/\/aktialiiga.fi\/miehet\/?s={search_term_string}"},"query-input":{"@type":"PropertyValueSpecification","valueRequired":true,"valueName":"search_term_string"}}],"inLanguage":"fi"},{"@type":"Organization","@id":"https:\/\/aktialiiga.fi\/miehet\/#organization","name":"K\u00e4sipallon miesten Aktialiiga","url":"https:\/\/aktialiiga.fi\/miehet\/","logo":{"@type":"ImageObject","inLanguage":"fi","@id":"https:\/\/aktialiiga.fi\/miehet\/#\/schema\/logo\/image\/","url":"https:\/\/i0.wp.com\/aktialiiga.fi\/miehet\/wp-content\/uploads\/sites\/5\/2024\/09\/Aktialiiga-Yoast-512.png?fit=512%2C512&ssl=1","contentUrl":"https:\/\/i0.wp.com\/aktialiiga.fi\/miehet\/wp-content\/uploads\/sites\/5\/2024\/09\/Aktialiiga-Yoast-512.png?fit=512%2C512&ssl=1","width":512,"height":512,"caption":"K\u00e4sipallon miesten Aktialiiga"},"image":{"@id":"https:\/\/aktialiiga.fi\/miehet\/#\/schema\/logo\/image\/"},"sameAs":["https:\/\/www.facebook.com\/finnhandball","https:\/\/x.com\/finnhandball","https:\/\/www.instagram.com\/handballfinland\/"]},{"@type":"Person","@id":"https:\/\/aktialiiga.fi\/miehet\/#\/schema\/person\/c14bf42f47041db74603c45afcb18d87","name":"tbrmedia","image":{"@type":"ImageObject","inLanguage":"fi","@id":"https:\/\/secure.gravatar.com\/avatar\/ee975fa091fe581d12b60debb3439022686618368a7c142044c56724d4666b16?s=96&d=mm&r=g","url":"https:\/\/secure.gravatar.com\/avatar\/ee975fa091fe581d12b60debb3439022686618368a7c142044c56724d4666b16?s=96&d=mm&r=g","contentUrl":"https:\/\/secure.gravatar.com\/avatar\/ee975fa091fe581d12b60debb3439022686618368a7c142044c56724d4666b16?s=96&d=mm&r=g","caption":"tbrmedia"}}]}},"jetpack_featured_media_url":"https:\/\/i0.wp.com\/aktialiiga.fi\/miehet\/wp-content\/uploads\/sites\/5\/2013\/06\/Cocks_yleisoa_1415iso.jpg?fit=1280%2C720&ssl=1","jetpack_sharing_enabled":true,"jetpack_shortlink":"https:\/\/wp.me\/pfTxOr-39c","_links":{"self":[{"href":"https:\/\/aktialiiga.fi\/miehet\/wp-json\/wp\/v2\/posts\/12102","targetHints":{"allow":["GET"]}}],"collection":[{"href":"https:\/\/aktialiiga.fi\/miehet\/wp-json\/wp\/v2\/posts"}],"about":[{"href":"https:\/\/aktialiiga.fi\/miehet\/wp-json\/wp\/v2\/types\/post"}],"author":[{"embeddable":true,"href":"https:\/\/aktialiiga.fi\/miehet\/wp-json\/wp\/v2\/users\/13"}],"replies":[{"embeddable":true,"href":"https:\/\/aktialiiga.fi\/miehet\/wp-json\/wp\/v2\/comments?post=12102"}],"version-history":[{"count":0,"href":"https:\/\/aktialiiga.fi\/miehet\/wp-json\/wp\/v2\/posts\/12102\/revisions"}],"wp:featuredmedia":[{"embeddable":true,"href":"https:\/\/aktialiiga.fi\/miehet\/wp-json\/wp\/v2\/media\/10520"}],"wp:attachment":[{"href":"https:\/\/aktialiiga.fi\/miehet\/wp-json\/wp\/v2\/media?parent=12102"}],"wp:term":[{"taxonomy":"category","embeddable":true,"href":"https:\/\/aktialiiga.fi\/miehet\/wp-json\/wp\/v2\/categories?post=12102"},{"taxonomy":"post_tag","embeddable":true,"href":"https:\/\/aktialiiga.fi\/miehet\/wp-json\/wp\/v2\/tags?post=12102"}],"curies":[{"name":"wp","href":"https:\/\/api.w.org\/{rel}","templated":true}]}}