{"id":12163,"date":"2016-07-02T16:12:15","date_gmt":"2016-07-02T13:12:15","guid":{"rendered":"https:\/\/aktialiiga.fi\/miehet\/?p=12119"},"modified":"2018-04-20T12:47:38","modified_gmt":"2018-04-20T09:47:38","slug":"cocks-palasi-harjoituksiin-ensimmaiset-ottelut-elokuun-alussa-tanskassa","status":"publish","type":"post","link":"https:\/\/aktialiiga.fi\/miehet\/ajankohtaista\/cocks-palasi-harjoituksiin-ensimmaiset-ottelut-elokuun-alussa-tanskassa\/","title":{"rendered":"Cocks palasi harjoituksiin &#8211; ensimm\u00e4iset ottelut elokuun alussa Tanskassa"},"content":{"rendered":"<p>&nbsp;<\/p>\n<p>Riihim\u00e4en Cocksin edustusjoukkue kokoontui ensimm\u00e4isen kerran kes\u00e4tauon j\u00e4lkeen kuluvan viikon maanantaina ja aloitti valmistautumisen seuran toistaiseksi kovimpaan kauteen kautta aikain.<\/p>\n<p>Ensimm\u00e4isen viikon painopisteen\u00e4 ovat olleet pelaajien fyysisi\u00e4 ominaisuuksia ja valmiuksia mittaavat testit.<\/p>\n<p>Uuden liettualaisvalmentajan Gintaras Savukynasin johdolla toimiva joukkue valmistautuu tuttujen SM-liigan, Suomen Cupin ja Baltian liigan lis\u00e4ksi t\u00e4ll\u00e4 kaudella my\u00f6s Mestareiden liigan karsintoihin.<\/p>\n<p>&#8211; Joukkue vaikuttaa eritt\u00e4in motivoituneelta ja ilmapiiri on innostunut, iloitsee uusi valmentaja Cocksin verkkosivuilla n\u00e4hty\u00e4\u00e4n ensi kerran uusia suojattejaan.<\/p>\n<p>Peruskuntokauden j\u00e4lkeen syyskuussa alkavaan pelikauteen valmistavat kovatasoiset harjoitusottelut. Elokuun alussa Cocks matkustaa Tanskaan KIF Koldingin vieraaksi ja kohtaa leirill\u00e4 kovatasoisia tanskalaisjoukkueita harjoitusotteluissa. My\u00f6hemmin elokuussa on luvassa jo aiemmilta vuosilta tuttu Lovats Handball Cup Sveitsiss\u00e4.<\/p>\n<p>Riihim\u00e4kel\u00e4isitt\u00e4in harjoituskauden huipentuma koetaan elokuun lopussa, kun Cocks kohtaa kahdesti kotonaan Riihim\u00e4en Urheilutalolla islantilaisen Aftureldingin. Ottelut pelataan lauantaina 27.8. klo 18:00 sek\u00e4 sunnuntaina 28.8. klo 16:00.<\/p>\n<p>&#8211; Kyseess\u00e4 on kahden viime kauden hopeamitalisti Islannin liigasta. T\u00e4ll\u00e4 kaudella he h\u00e4visiv\u00e4t finaalisarjan otteluvoitoin 2-3. Heid\u00e4n ainoa mestaruutensa on vuodelta 1999. Oli mukavaa kutsua heid\u00e4t pelaamaan, muistelee Cocksin valmentaja Gintaras Savukynas, joka itse asiassa oli mukana voittamassa tuota seuran ainoaa mestaruutta.<\/p>\n<p>&#8211; Nykyjoukkueesta suurin osa oli tuolloin viel\u00e4 juniori-i\u00e4ss\u00e4. Mukavaa joka tapauksessa pelata heit\u00e4 vastaan, Savukynas toteaa.<\/p>\n","protected":false},"excerpt":{"rendered":"<p>&nbsp; Riihim\u00e4en Cocksin edustusjoukkue kokoontui ensimm\u00e4isen kerran kes\u00e4tauon j\u00e4lkeen kuluvan viikon maanantaina ja aloitti valmistautumisen seuran toistaiseksi kovimpaan kauteen kautta aikain. Ensimm\u00e4isen viikon painopisteen\u00e4 ovat olleet pelaajien fyysisi\u00e4 ominaisuuksia ja valmiuksia mittaavat testit. Uuden liettualaisvalmentajan Gintaras Savukynasin johdolla toimiva joukkue valmistautuu tuttujen SM-liigan, Suomen Cupin ja Baltian liigan lis\u00e4ksi t\u00e4ll\u00e4 kaudella my\u00f6s Mestareiden liigan karsintoihin. [&hellip;]<\/p>\n","protected":false},"author":13,"featured_media":12021,"comment_status":"closed","ping_status":"closed","sticky":false,"template":"","format":"standard","meta":{"_acf_changed":false,"jetpack_post_was_ever_published":false,"_jetpack_newsletter_access":"","_jetpack_dont_email_post_to_subs":false,"_jetpack_newsletter_tier_id":0,"_jetpack_memberships_contains_paywalled_content":false,"_jetpack_memberships_contains_paid_content":false,"footnotes":""},"categories":[2],"tags":[57],"class_list":["post-12163","post","type-post","status-publish","format-standard","has-post-thumbnail","hentry","category-ajankohtaista","tag-cocks"],"acf":[],"yoast_head":"<!-- This site is optimized with the Yoast SEO plugin v27.5 - https:\/\/yoast.com\/product\/yoast-seo-wordpress\/ -->\n<title>Cocks palasi harjoituksiin - ensimm\u00e4iset ottelut elokuun alussa Tanskassa | K\u00e4sipallon miesten Aktialiiga<\/title>\n<meta name=\"robots\" content=\"index, follow, max-snippet:-1, max-image-preview:large, max-video-preview:-1\" \/>\n<link rel=\"canonical\" href=\"https:\/\/aktialiiga.fi\/miehet\/ajankohtaista\/cocks-palasi-harjoituksiin-ensimmaiset-ottelut-elokuun-alussa-tanskassa\/\" \/>\n<meta property=\"og:locale\" content=\"fi_FI\" \/>\n<meta property=\"og:type\" content=\"article\" \/>\n<meta property=\"og:title\" content=\"Cocks palasi harjoituksiin - ensimm\u00e4iset ottelut elokuun alussa Tanskassa | K\u00e4sipallon miesten Aktialiiga\" \/>\n<meta property=\"og:description\" content=\"&nbsp; Riihim\u00e4en Cocksin edustusjoukkue kokoontui ensimm\u00e4isen kerran kes\u00e4tauon j\u00e4lkeen kuluvan viikon maanantaina ja aloitti valmistautumisen seuran toistaiseksi kovimpaan kauteen kautta aikain. Ensimm\u00e4isen viikon painopisteen\u00e4 ovat olleet pelaajien fyysisi\u00e4 ominaisuuksia ja valmiuksia mittaavat testit. Uuden liettualaisvalmentajan Gintaras Savukynasin johdolla toimiva joukkue valmistautuu tuttujen SM-liigan, Suomen Cupin ja Baltian liigan lis\u00e4ksi t\u00e4ll\u00e4 kaudella my\u00f6s Mestareiden liigan karsintoihin. [&hellip;]\" \/>\n<meta property=\"og:url\" content=\"https:\/\/aktialiiga.fi\/miehet\/ajankohtaista\/cocks-palasi-harjoituksiin-ensimmaiset-ottelut-elokuun-alussa-tanskassa\/\" \/>\n<meta property=\"og:site_name\" content=\"K\u00e4sipallon miesten Aktialiiga\" \/>\n<meta property=\"article:publisher\" content=\"https:\/\/www.facebook.com\/finnhandball\" \/>\n<meta property=\"article:published_time\" content=\"2016-07-02T13:12:15+00:00\" \/>\n<meta property=\"article:modified_time\" content=\"2018-04-20T09:47:38+00:00\" \/>\n<meta property=\"og:image\" content=\"https:\/\/i0.wp.com\/aktialiiga.fi\/miehet\/wp-content\/uploads\/sites\/5\/2016\/05\/Cocks-West_peli1516b.jpg?fit=640%2C360&ssl=1\" \/>\n\t<meta property=\"og:image:width\" content=\"640\" \/>\n\t<meta property=\"og:image:height\" content=\"360\" \/>\n\t<meta property=\"og:image:type\" content=\"image\/jpeg\" \/>\n<meta name=\"author\" content=\"tbrmedia\" \/>\n<meta name=\"twitter:card\" content=\"summary_large_image\" \/>\n<meta name=\"twitter:creator\" content=\"@finnhandball\" \/>\n<meta name=\"twitter:site\" content=\"@finnhandball\" \/>\n<script type=\"application\/ld+json\" class=\"yoast-schema-graph\">{\"@context\":\"https:\\\/\\\/schema.org\",\"@graph\":[{\"@type\":\"Article\",\"@id\":\"https:\\\/\\\/aktialiiga.fi\\\/miehet\\\/ajankohtaista\\\/cocks-palasi-harjoituksiin-ensimmaiset-ottelut-elokuun-alussa-tanskassa\\\/#article\",\"isPartOf\":{\"@id\":\"https:\\\/\\\/aktialiiga.fi\\\/miehet\\\/ajankohtaista\\\/cocks-palasi-harjoituksiin-ensimmaiset-ottelut-elokuun-alussa-tanskassa\\\/\"},\"author\":{\"name\":\"tbrmedia\",\"@id\":\"https:\\\/\\\/aktialiiga.fi\\\/miehet\\\/#\\\/schema\\\/person\\\/c14bf42f47041db74603c45afcb18d87\"},\"headline\":\"Cocks palasi harjoituksiin &#8211; ensimm\u00e4iset ottelut elokuun alussa Tanskassa\",\"datePublished\":\"2016-07-02T13:12:15+00:00\",\"dateModified\":\"2018-04-20T09:47:38+00:00\",\"mainEntityOfPage\":{\"@id\":\"https:\\\/\\\/aktialiiga.fi\\\/miehet\\\/ajankohtaista\\\/cocks-palasi-harjoituksiin-ensimmaiset-ottelut-elokuun-alussa-tanskassa\\\/\"},\"wordCount\":220,\"publisher\":{\"@id\":\"https:\\\/\\\/aktialiiga.fi\\\/miehet\\\/#organization\"},\"image\":{\"@id\":\"https:\\\/\\\/aktialiiga.fi\\\/miehet\\\/ajankohtaista\\\/cocks-palasi-harjoituksiin-ensimmaiset-ottelut-elokuun-alussa-tanskassa\\\/#primaryimage\"},\"thumbnailUrl\":\"https:\\\/\\\/i0.wp.com\\\/aktialiiga.fi\\\/miehet\\\/wp-content\\\/uploads\\\/sites\\\/5\\\/2016\\\/05\\\/Cocks-West_peli1516b.jpg?fit=640%2C360&ssl=1\",\"keywords\":[\"Cocks\"],\"articleSection\":[\"Ajankohtaista\"],\"inLanguage\":\"fi\"},{\"@type\":\"WebPage\",\"@id\":\"https:\\\/\\\/aktialiiga.fi\\\/miehet\\\/ajankohtaista\\\/cocks-palasi-harjoituksiin-ensimmaiset-ottelut-elokuun-alussa-tanskassa\\\/\",\"url\":\"https:\\\/\\\/aktialiiga.fi\\\/miehet\\\/ajankohtaista\\\/cocks-palasi-harjoituksiin-ensimmaiset-ottelut-elokuun-alussa-tanskassa\\\/\",\"name\":\"Cocks palasi harjoituksiin - ensimm\u00e4iset ottelut elokuun alussa Tanskassa | K\u00e4sipallon miesten Aktialiiga\",\"isPartOf\":{\"@id\":\"https:\\\/\\\/aktialiiga.fi\\\/miehet\\\/#website\"},\"primaryImageOfPage\":{\"@id\":\"https:\\\/\\\/aktialiiga.fi\\\/miehet\\\/ajankohtaista\\\/cocks-palasi-harjoituksiin-ensimmaiset-ottelut-elokuun-alussa-tanskassa\\\/#primaryimage\"},\"image\":{\"@id\":\"https:\\\/\\\/aktialiiga.fi\\\/miehet\\\/ajankohtaista\\\/cocks-palasi-harjoituksiin-ensimmaiset-ottelut-elokuun-alussa-tanskassa\\\/#primaryimage\"},\"thumbnailUrl\":\"https:\\\/\\\/i0.wp.com\\\/aktialiiga.fi\\\/miehet\\\/wp-content\\\/uploads\\\/sites\\\/5\\\/2016\\\/05\\\/Cocks-West_peli1516b.jpg?fit=640%2C360&ssl=1\",\"datePublished\":\"2016-07-02T13:12:15+00:00\",\"dateModified\":\"2018-04-20T09:47:38+00:00\",\"breadcrumb\":{\"@id\":\"https:\\\/\\\/aktialiiga.fi\\\/miehet\\\/ajankohtaista\\\/cocks-palasi-harjoituksiin-ensimmaiset-ottelut-elokuun-alussa-tanskassa\\\/#breadcrumb\"},\"inLanguage\":\"fi\",\"potentialAction\":[{\"@type\":\"ReadAction\",\"target\":[\"https:\\\/\\\/aktialiiga.fi\\\/miehet\\\/ajankohtaista\\\/cocks-palasi-harjoituksiin-ensimmaiset-ottelut-elokuun-alussa-tanskassa\\\/\"]}]},{\"@type\":\"ImageObject\",\"inLanguage\":\"fi\",\"@id\":\"https:\\\/\\\/aktialiiga.fi\\\/miehet\\\/ajankohtaista\\\/cocks-palasi-harjoituksiin-ensimmaiset-ottelut-elokuun-alussa-tanskassa\\\/#primaryimage\",\"url\":\"https:\\\/\\\/i0.wp.com\\\/aktialiiga.fi\\\/miehet\\\/wp-content\\\/uploads\\\/sites\\\/5\\\/2016\\\/05\\\/Cocks-West_peli1516b.jpg?fit=640%2C360&ssl=1\",\"contentUrl\":\"https:\\\/\\\/i0.wp.com\\\/aktialiiga.fi\\\/miehet\\\/wp-content\\\/uploads\\\/sites\\\/5\\\/2016\\\/05\\\/Cocks-West_peli1516b.jpg?fit=640%2C360&ssl=1\",\"width\":640,\"height\":360},{\"@type\":\"BreadcrumbList\",\"@id\":\"https:\\\/\\\/aktialiiga.fi\\\/miehet\\\/ajankohtaista\\\/cocks-palasi-harjoituksiin-ensimmaiset-ottelut-elokuun-alussa-tanskassa\\\/#breadcrumb\",\"itemListElement\":[{\"@type\":\"ListItem\",\"position\":1,\"name\":\"Etusivu\",\"item\":\"https:\\\/\\\/aktialiiga.fi\\\/miehet\\\/\"},{\"@type\":\"ListItem\",\"position\":2,\"name\":\"Cocks palasi harjoituksiin &#8211; ensimm\u00e4iset ottelut elokuun alussa Tanskassa\"}]},{\"@type\":\"WebSite\",\"@id\":\"https:\\\/\\\/aktialiiga.fi\\\/miehet\\\/#website\",\"url\":\"https:\\\/\\\/aktialiiga.fi\\\/miehet\\\/\",\"name\":\"K\u00e4sipallon miesten Aktialiiga\",\"description\":\"Valtakunnan vauhdikkainta palloilua!\",\"publisher\":{\"@id\":\"https:\\\/\\\/aktialiiga.fi\\\/miehet\\\/#organization\"},\"potentialAction\":[{\"@type\":\"SearchAction\",\"target\":{\"@type\":\"EntryPoint\",\"urlTemplate\":\"https:\\\/\\\/aktialiiga.fi\\\/miehet\\\/?s={search_term_string}\"},\"query-input\":{\"@type\":\"PropertyValueSpecification\",\"valueRequired\":true,\"valueName\":\"search_term_string\"}}],\"inLanguage\":\"fi\"},{\"@type\":\"Organization\",\"@id\":\"https:\\\/\\\/aktialiiga.fi\\\/miehet\\\/#organization\",\"name\":\"K\u00e4sipallon miesten Aktialiiga\",\"url\":\"https:\\\/\\\/aktialiiga.fi\\\/miehet\\\/\",\"logo\":{\"@type\":\"ImageObject\",\"inLanguage\":\"fi\",\"@id\":\"https:\\\/\\\/aktialiiga.fi\\\/miehet\\\/#\\\/schema\\\/logo\\\/image\\\/\",\"url\":\"https:\\\/\\\/i0.wp.com\\\/aktialiiga.fi\\\/miehet\\\/wp-content\\\/uploads\\\/sites\\\/5\\\/2024\\\/09\\\/Aktialiiga-Yoast-512.png?fit=512%2C512&ssl=1\",\"contentUrl\":\"https:\\\/\\\/i0.wp.com\\\/aktialiiga.fi\\\/miehet\\\/wp-content\\\/uploads\\\/sites\\\/5\\\/2024\\\/09\\\/Aktialiiga-Yoast-512.png?fit=512%2C512&ssl=1\",\"width\":512,\"height\":512,\"caption\":\"K\u00e4sipallon miesten Aktialiiga\"},\"image\":{\"@id\":\"https:\\\/\\\/aktialiiga.fi\\\/miehet\\\/#\\\/schema\\\/logo\\\/image\\\/\"},\"sameAs\":[\"https:\\\/\\\/www.facebook.com\\\/finnhandball\",\"https:\\\/\\\/x.com\\\/finnhandball\",\"https:\\\/\\\/www.instagram.com\\\/handballfinland\\\/\"]},{\"@type\":\"Person\",\"@id\":\"https:\\\/\\\/aktialiiga.fi\\\/miehet\\\/#\\\/schema\\\/person\\\/c14bf42f47041db74603c45afcb18d87\",\"name\":\"tbrmedia\",\"image\":{\"@type\":\"ImageObject\",\"inLanguage\":\"fi\",\"@id\":\"https:\\\/\\\/secure.gravatar.com\\\/avatar\\\/ee975fa091fe581d12b60debb3439022686618368a7c142044c56724d4666b16?s=96&d=mm&r=g\",\"url\":\"https:\\\/\\\/secure.gravatar.com\\\/avatar\\\/ee975fa091fe581d12b60debb3439022686618368a7c142044c56724d4666b16?s=96&d=mm&r=g\",\"contentUrl\":\"https:\\\/\\\/secure.gravatar.com\\\/avatar\\\/ee975fa091fe581d12b60debb3439022686618368a7c142044c56724d4666b16?s=96&d=mm&r=g\",\"caption\":\"tbrmedia\"}}]}<\/script>\n<!-- \/ Yoast SEO plugin. -->","yoast_head_json":{"title":"Cocks palasi harjoituksiin - ensimm\u00e4iset ottelut elokuun alussa Tanskassa | K\u00e4sipallon miesten Aktialiiga","robots":{"index":"index","follow":"follow","max-snippet":"max-snippet:-1","max-image-preview":"max-image-preview:large","max-video-preview":"max-video-preview:-1"},"canonical":"https:\/\/aktialiiga.fi\/miehet\/ajankohtaista\/cocks-palasi-harjoituksiin-ensimmaiset-ottelut-elokuun-alussa-tanskassa\/","og_locale":"fi_FI","og_type":"article","og_title":"Cocks palasi harjoituksiin - ensimm\u00e4iset ottelut elokuun alussa Tanskassa | K\u00e4sipallon miesten Aktialiiga","og_description":"&nbsp; Riihim\u00e4en Cocksin edustusjoukkue kokoontui ensimm\u00e4isen kerran kes\u00e4tauon j\u00e4lkeen kuluvan viikon maanantaina ja aloitti valmistautumisen seuran toistaiseksi kovimpaan kauteen kautta aikain. Ensimm\u00e4isen viikon painopisteen\u00e4 ovat olleet pelaajien fyysisi\u00e4 ominaisuuksia ja valmiuksia mittaavat testit. Uuden liettualaisvalmentajan Gintaras Savukynasin johdolla toimiva joukkue valmistautuu tuttujen SM-liigan, Suomen Cupin ja Baltian liigan lis\u00e4ksi t\u00e4ll\u00e4 kaudella my\u00f6s Mestareiden liigan karsintoihin. [&hellip;]","og_url":"https:\/\/aktialiiga.fi\/miehet\/ajankohtaista\/cocks-palasi-harjoituksiin-ensimmaiset-ottelut-elokuun-alussa-tanskassa\/","og_site_name":"K\u00e4sipallon miesten Aktialiiga","article_publisher":"https:\/\/www.facebook.com\/finnhandball","article_published_time":"2016-07-02T13:12:15+00:00","article_modified_time":"2018-04-20T09:47:38+00:00","og_image":[{"width":640,"height":360,"url":"https:\/\/i0.wp.com\/aktialiiga.fi\/miehet\/wp-content\/uploads\/sites\/5\/2016\/05\/Cocks-West_peli1516b.jpg?fit=640%2C360&ssl=1","type":"image\/jpeg"}],"author":"tbrmedia","twitter_card":"summary_large_image","twitter_creator":"@finnhandball","twitter_site":"@finnhandball","schema":{"@context":"https:\/\/schema.org","@graph":[{"@type":"Article","@id":"https:\/\/aktialiiga.fi\/miehet\/ajankohtaista\/cocks-palasi-harjoituksiin-ensimmaiset-ottelut-elokuun-alussa-tanskassa\/#article","isPartOf":{"@id":"https:\/\/aktialiiga.fi\/miehet\/ajankohtaista\/cocks-palasi-harjoituksiin-ensimmaiset-ottelut-elokuun-alussa-tanskassa\/"},"author":{"name":"tbrmedia","@id":"https:\/\/aktialiiga.fi\/miehet\/#\/schema\/person\/c14bf42f47041db74603c45afcb18d87"},"headline":"Cocks palasi harjoituksiin &#8211; ensimm\u00e4iset ottelut elokuun alussa Tanskassa","datePublished":"2016-07-02T13:12:15+00:00","dateModified":"2018-04-20T09:47:38+00:00","mainEntityOfPage":{"@id":"https:\/\/aktialiiga.fi\/miehet\/ajankohtaista\/cocks-palasi-harjoituksiin-ensimmaiset-ottelut-elokuun-alussa-tanskassa\/"},"wordCount":220,"publisher":{"@id":"https:\/\/aktialiiga.fi\/miehet\/#organization"},"image":{"@id":"https:\/\/aktialiiga.fi\/miehet\/ajankohtaista\/cocks-palasi-harjoituksiin-ensimmaiset-ottelut-elokuun-alussa-tanskassa\/#primaryimage"},"thumbnailUrl":"https:\/\/i0.wp.com\/aktialiiga.fi\/miehet\/wp-content\/uploads\/sites\/5\/2016\/05\/Cocks-West_peli1516b.jpg?fit=640%2C360&ssl=1","keywords":["Cocks"],"articleSection":["Ajankohtaista"],"inLanguage":"fi"},{"@type":"WebPage","@id":"https:\/\/aktialiiga.fi\/miehet\/ajankohtaista\/cocks-palasi-harjoituksiin-ensimmaiset-ottelut-elokuun-alussa-tanskassa\/","url":"https:\/\/aktialiiga.fi\/miehet\/ajankohtaista\/cocks-palasi-harjoituksiin-ensimmaiset-ottelut-elokuun-alussa-tanskassa\/","name":"Cocks palasi harjoituksiin - ensimm\u00e4iset ottelut elokuun alussa Tanskassa | K\u00e4sipallon miesten Aktialiiga","isPartOf":{"@id":"https:\/\/aktialiiga.fi\/miehet\/#website"},"primaryImageOfPage":{"@id":"https:\/\/aktialiiga.fi\/miehet\/ajankohtaista\/cocks-palasi-harjoituksiin-ensimmaiset-ottelut-elokuun-alussa-tanskassa\/#primaryimage"},"image":{"@id":"https:\/\/aktialiiga.fi\/miehet\/ajankohtaista\/cocks-palasi-harjoituksiin-ensimmaiset-ottelut-elokuun-alussa-tanskassa\/#primaryimage"},"thumbnailUrl":"https:\/\/i0.wp.com\/aktialiiga.fi\/miehet\/wp-content\/uploads\/sites\/5\/2016\/05\/Cocks-West_peli1516b.jpg?fit=640%2C360&ssl=1","datePublished":"2016-07-02T13:12:15+00:00","dateModified":"2018-04-20T09:47:38+00:00","breadcrumb":{"@id":"https:\/\/aktialiiga.fi\/miehet\/ajankohtaista\/cocks-palasi-harjoituksiin-ensimmaiset-ottelut-elokuun-alussa-tanskassa\/#breadcrumb"},"inLanguage":"fi","potentialAction":[{"@type":"ReadAction","target":["https:\/\/aktialiiga.fi\/miehet\/ajankohtaista\/cocks-palasi-harjoituksiin-ensimmaiset-ottelut-elokuun-alussa-tanskassa\/"]}]},{"@type":"ImageObject","inLanguage":"fi","@id":"https:\/\/aktialiiga.fi\/miehet\/ajankohtaista\/cocks-palasi-harjoituksiin-ensimmaiset-ottelut-elokuun-alussa-tanskassa\/#primaryimage","url":"https:\/\/i0.wp.com\/aktialiiga.fi\/miehet\/wp-content\/uploads\/sites\/5\/2016\/05\/Cocks-West_peli1516b.jpg?fit=640%2C360&ssl=1","contentUrl":"https:\/\/i0.wp.com\/aktialiiga.fi\/miehet\/wp-content\/uploads\/sites\/5\/2016\/05\/Cocks-West_peli1516b.jpg?fit=640%2C360&ssl=1","width":640,"height":360},{"@type":"BreadcrumbList","@id":"https:\/\/aktialiiga.fi\/miehet\/ajankohtaista\/cocks-palasi-harjoituksiin-ensimmaiset-ottelut-elokuun-alussa-tanskassa\/#breadcrumb","itemListElement":[{"@type":"ListItem","position":1,"name":"Etusivu","item":"https:\/\/aktialiiga.fi\/miehet\/"},{"@type":"ListItem","position":2,"name":"Cocks palasi harjoituksiin &#8211; ensimm\u00e4iset ottelut elokuun alussa Tanskassa"}]},{"@type":"WebSite","@id":"https:\/\/aktialiiga.fi\/miehet\/#website","url":"https:\/\/aktialiiga.fi\/miehet\/","name":"K\u00e4sipallon miesten Aktialiiga","description":"Valtakunnan vauhdikkainta palloilua!","publisher":{"@id":"https:\/\/aktialiiga.fi\/miehet\/#organization"},"potentialAction":[{"@type":"SearchAction","target":{"@type":"EntryPoint","urlTemplate":"https:\/\/aktialiiga.fi\/miehet\/?s={search_term_string}"},"query-input":{"@type":"PropertyValueSpecification","valueRequired":true,"valueName":"search_term_string"}}],"inLanguage":"fi"},{"@type":"Organization","@id":"https:\/\/aktialiiga.fi\/miehet\/#organization","name":"K\u00e4sipallon miesten Aktialiiga","url":"https:\/\/aktialiiga.fi\/miehet\/","logo":{"@type":"ImageObject","inLanguage":"fi","@id":"https:\/\/aktialiiga.fi\/miehet\/#\/schema\/logo\/image\/","url":"https:\/\/i0.wp.com\/aktialiiga.fi\/miehet\/wp-content\/uploads\/sites\/5\/2024\/09\/Aktialiiga-Yoast-512.png?fit=512%2C512&ssl=1","contentUrl":"https:\/\/i0.wp.com\/aktialiiga.fi\/miehet\/wp-content\/uploads\/sites\/5\/2024\/09\/Aktialiiga-Yoast-512.png?fit=512%2C512&ssl=1","width":512,"height":512,"caption":"K\u00e4sipallon miesten Aktialiiga"},"image":{"@id":"https:\/\/aktialiiga.fi\/miehet\/#\/schema\/logo\/image\/"},"sameAs":["https:\/\/www.facebook.com\/finnhandball","https:\/\/x.com\/finnhandball","https:\/\/www.instagram.com\/handballfinland\/"]},{"@type":"Person","@id":"https:\/\/aktialiiga.fi\/miehet\/#\/schema\/person\/c14bf42f47041db74603c45afcb18d87","name":"tbrmedia","image":{"@type":"ImageObject","inLanguage":"fi","@id":"https:\/\/secure.gravatar.com\/avatar\/ee975fa091fe581d12b60debb3439022686618368a7c142044c56724d4666b16?s=96&d=mm&r=g","url":"https:\/\/secure.gravatar.com\/avatar\/ee975fa091fe581d12b60debb3439022686618368a7c142044c56724d4666b16?s=96&d=mm&r=g","contentUrl":"https:\/\/secure.gravatar.com\/avatar\/ee975fa091fe581d12b60debb3439022686618368a7c142044c56724d4666b16?s=96&d=mm&r=g","caption":"tbrmedia"}}]}},"jetpack_featured_media_url":"https:\/\/i0.wp.com\/aktialiiga.fi\/miehet\/wp-content\/uploads\/sites\/5\/2016\/05\/Cocks-West_peli1516b.jpg?fit=640%2C360&ssl=1","jetpack_sharing_enabled":true,"jetpack_shortlink":"https:\/\/wp.me\/pfTxOr-3ab","_links":{"self":[{"href":"https:\/\/aktialiiga.fi\/miehet\/wp-json\/wp\/v2\/posts\/12163","targetHints":{"allow":["GET"]}}],"collection":[{"href":"https:\/\/aktialiiga.fi\/miehet\/wp-json\/wp\/v2\/posts"}],"about":[{"href":"https:\/\/aktialiiga.fi\/miehet\/wp-json\/wp\/v2\/types\/post"}],"author":[{"embeddable":true,"href":"https:\/\/aktialiiga.fi\/miehet\/wp-json\/wp\/v2\/users\/13"}],"replies":[{"embeddable":true,"href":"https:\/\/aktialiiga.fi\/miehet\/wp-json\/wp\/v2\/comments?post=12163"}],"version-history":[{"count":0,"href":"https:\/\/aktialiiga.fi\/miehet\/wp-json\/wp\/v2\/posts\/12163\/revisions"}],"wp:featuredmedia":[{"embeddable":true,"href":"https:\/\/aktialiiga.fi\/miehet\/wp-json\/wp\/v2\/media\/12021"}],"wp:attachment":[{"href":"https:\/\/aktialiiga.fi\/miehet\/wp-json\/wp\/v2\/media?parent=12163"}],"wp:term":[{"taxonomy":"category","embeddable":true,"href":"https:\/\/aktialiiga.fi\/miehet\/wp-json\/wp\/v2\/categories?post=12163"},{"taxonomy":"post_tag","embeddable":true,"href":"https:\/\/aktialiiga.fi\/miehet\/wp-json\/wp\/v2\/tags?post=12163"}],"curies":[{"name":"wp","href":"https:\/\/api.w.org\/{rel}","templated":true}]}}