{"id":12165,"date":"2016-07-12T14:40:22","date_gmt":"2016-07-12T11:40:22","guid":{"rendered":"https:\/\/aktialiiga.fi\/miehet\/?p=12121"},"modified":"2018-04-20T12:47:37","modified_gmt":"2018-04-20T09:47:37","slug":"cocksin-champions-leaguen-karsintaturnaus-presovissa-syyskuussa","status":"publish","type":"post","link":"https:\/\/aktialiiga.fi\/miehet\/ajankohtaista\/cocksin-champions-leaguen-karsintaturnaus-presovissa-syyskuussa\/","title":{"rendered":"Cocksin Champions Leaguen karsintaturnaus Presovissa syyskuussa"},"content":{"rendered":"<p>Cocksin kauden otteluohjelman muodostuminen jatkaa etenemist\u00e4\u00e4n, kun Tatran Presov ilmoitti k\u00e4ytt\u00e4v\u00e4ns\u00e4 seuralle arvotun j\u00e4rjest\u00e4misoikeuden Champions Leaguen karsintaturnauksen j\u00e4rjest\u00e4miseen.<\/p>\n<p>N\u00e4in ollen Cocksin sarjakausi 2016-17 alkaa 3.9. Slovakiassa. Presovissa j\u00e4rjestett\u00e4v\u00e4ss\u00e4 karsintaturnauksessa vastaan asettuu slovenialainen RK Gorenje Velenje. Ottelun voittaja etenee turnauksen finaaliin, jonka voittaja p\u00e4\u00e4see Champions Leaguen lohkovaiheeseen. Finaalin h\u00e4vi\u00e4j\u00e4 ja pronssiottelun voittaja etenev\u00e4t EHF Cupin kolmannelle kierrokselle. Turnauksen nelj\u00e4nneksi j\u00e4\u00e4nyt joukkue jatkaa pelej\u00e4\u00e4n EHF Cupin toiselta kierrokselta. Cocksin ja Gorenjen lis\u00e4ksi karsinnoissa pelaavat siis is\u00e4nt\u00e4joukkue Tatran Presov sek\u00e4 Red Boys Differdange.<\/p>\n<p>Ennen virallisia sarjapelej\u00e4 Cocks valmistautuu kauteen huolellisesti kovatasoisella harjoituskaudella. Elokuun alussa joukkue matkustaa Tanskan Koldingiin ja kohtaa harjoitusottelussa is\u00e4nt\u00e4ns\u00e4 lis\u00e4ksi my\u00f6s Fredericia KFUM:n. Viikolla 33 Cocks matkustaa Sveitsiin osallistuakseen Lovats Handball Cupiin. Turnauksessa vastustajaksi tulevat Wacker Thun, Handball K\u00e4rjeng sek\u00e4 HC Kriens-Luzern sek\u00e4 sijoitusottelussa naapurilohkon samalle sijalle Cocksin kanssa sijoittunut joukkue.<\/p>\n<p>Harjoituskauden p\u00e4\u00e4tt\u00e4\u00e4 Riihim\u00e4ell\u00e4 pelattava tuplakohtaaminen islantilaista Aftureldingi\u00e4 vastaan. Ottelut pelataan lauantaina 27.8. klo 18:00 sek\u00e4 sunnuntaina 28.8. klo 16:00.<\/p>\n","protected":false},"excerpt":{"rendered":"<p>Cocksin kauden otteluohjelman muodostuminen jatkaa etenemist\u00e4\u00e4n, kun Tatran Presov ilmoitti k\u00e4ytt\u00e4v\u00e4ns\u00e4 seuralle arvotun j\u00e4rjest\u00e4misoikeuden Champions Leaguen karsintaturnauksen j\u00e4rjest\u00e4miseen. N\u00e4in ollen Cocksin sarjakausi 2016-17 alkaa 3.9. Slovakiassa. Presovissa j\u00e4rjestett\u00e4v\u00e4ss\u00e4 karsintaturnauksessa vastaan asettuu slovenialainen RK Gorenje Velenje. Ottelun voittaja etenee turnauksen finaaliin, jonka voittaja p\u00e4\u00e4see Champions Leaguen lohkovaiheeseen. Finaalin h\u00e4vi\u00e4j\u00e4 ja pronssiottelun voittaja etenev\u00e4t EHF Cupin kolmannelle [&hellip;]<\/p>\n","protected":false},"author":13,"featured_media":12116,"comment_status":"closed","ping_status":"closed","sticky":false,"template":"","format":"standard","meta":{"_acf_changed":false,"jetpack_post_was_ever_published":false,"_jetpack_newsletter_access":"","_jetpack_dont_email_post_to_subs":false,"_jetpack_newsletter_tier_id":0,"_jetpack_memberships_contains_paywalled_content":false,"_jetpack_memberships_contains_paid_content":false,"footnotes":""},"categories":[2],"tags":[57],"class_list":["post-12165","post","type-post","status-publish","format-standard","has-post-thumbnail","hentry","category-ajankohtaista","tag-cocks"],"acf":[],"yoast_head":"<!-- This site is optimized with the Yoast SEO plugin v27.5 - https:\/\/yoast.com\/product\/yoast-seo-wordpress\/ -->\n<title>Cocksin Champions Leaguen karsintaturnaus Presovissa syyskuussa | K\u00e4sipallon miesten Aktialiiga<\/title>\n<meta name=\"robots\" content=\"index, follow, max-snippet:-1, max-image-preview:large, max-video-preview:-1\" \/>\n<link rel=\"canonical\" href=\"https:\/\/aktialiiga.fi\/miehet\/ajankohtaista\/cocksin-champions-leaguen-karsintaturnaus-presovissa-syyskuussa\/\" \/>\n<meta property=\"og:locale\" content=\"fi_FI\" \/>\n<meta property=\"og:type\" content=\"article\" \/>\n<meta property=\"og:title\" content=\"Cocksin Champions Leaguen karsintaturnaus Presovissa syyskuussa | K\u00e4sipallon miesten Aktialiiga\" \/>\n<meta property=\"og:description\" content=\"Cocksin kauden otteluohjelman muodostuminen jatkaa etenemist\u00e4\u00e4n, kun Tatran Presov ilmoitti k\u00e4ytt\u00e4v\u00e4ns\u00e4 seuralle arvotun j\u00e4rjest\u00e4misoikeuden Champions Leaguen karsintaturnauksen j\u00e4rjest\u00e4miseen. N\u00e4in ollen Cocksin sarjakausi 2016-17 alkaa 3.9. Slovakiassa. Presovissa j\u00e4rjestett\u00e4v\u00e4ss\u00e4 karsintaturnauksessa vastaan asettuu slovenialainen RK Gorenje Velenje. Ottelun voittaja etenee turnauksen finaaliin, jonka voittaja p\u00e4\u00e4see Champions Leaguen lohkovaiheeseen. Finaalin h\u00e4vi\u00e4j\u00e4 ja pronssiottelun voittaja etenev\u00e4t EHF Cupin kolmannelle [&hellip;]\" \/>\n<meta property=\"og:url\" content=\"https:\/\/aktialiiga.fi\/miehet\/ajankohtaista\/cocksin-champions-leaguen-karsintaturnaus-presovissa-syyskuussa\/\" \/>\n<meta property=\"og:site_name\" content=\"K\u00e4sipallon miesten Aktialiiga\" \/>\n<meta property=\"article:publisher\" content=\"https:\/\/www.facebook.com\/finnhandball\" \/>\n<meta property=\"article:published_time\" content=\"2016-07-12T11:40:22+00:00\" \/>\n<meta property=\"article:modified_time\" content=\"2018-04-20T09:47:37+00:00\" \/>\n<meta property=\"og:image\" content=\"https:\/\/i0.wp.com\/aktialiiga.fi\/miehet\/wp-content\/uploads\/sites\/5\/2016\/06\/CL_pallo.jpg?fit=600%2C400&ssl=1\" \/>\n\t<meta property=\"og:image:width\" content=\"600\" \/>\n\t<meta property=\"og:image:height\" content=\"400\" \/>\n\t<meta property=\"og:image:type\" content=\"image\/jpeg\" \/>\n<meta name=\"author\" content=\"tbrmedia\" \/>\n<meta name=\"twitter:card\" content=\"summary_large_image\" \/>\n<meta name=\"twitter:creator\" content=\"@finnhandball\" \/>\n<meta name=\"twitter:site\" content=\"@finnhandball\" \/>\n<script type=\"application\/ld+json\" class=\"yoast-schema-graph\">{\"@context\":\"https:\\\/\\\/schema.org\",\"@graph\":[{\"@type\":\"Article\",\"@id\":\"https:\\\/\\\/aktialiiga.fi\\\/miehet\\\/ajankohtaista\\\/cocksin-champions-leaguen-karsintaturnaus-presovissa-syyskuussa\\\/#article\",\"isPartOf\":{\"@id\":\"https:\\\/\\\/aktialiiga.fi\\\/miehet\\\/ajankohtaista\\\/cocksin-champions-leaguen-karsintaturnaus-presovissa-syyskuussa\\\/\"},\"author\":{\"name\":\"tbrmedia\",\"@id\":\"https:\\\/\\\/aktialiiga.fi\\\/miehet\\\/#\\\/schema\\\/person\\\/c14bf42f47041db74603c45afcb18d87\"},\"headline\":\"Cocksin Champions Leaguen karsintaturnaus Presovissa syyskuussa\",\"datePublished\":\"2016-07-12T11:40:22+00:00\",\"dateModified\":\"2018-04-20T09:47:37+00:00\",\"mainEntityOfPage\":{\"@id\":\"https:\\\/\\\/aktialiiga.fi\\\/miehet\\\/ajankohtaista\\\/cocksin-champions-leaguen-karsintaturnaus-presovissa-syyskuussa\\\/\"},\"wordCount\":180,\"publisher\":{\"@id\":\"https:\\\/\\\/aktialiiga.fi\\\/miehet\\\/#organization\"},\"image\":{\"@id\":\"https:\\\/\\\/aktialiiga.fi\\\/miehet\\\/ajankohtaista\\\/cocksin-champions-leaguen-karsintaturnaus-presovissa-syyskuussa\\\/#primaryimage\"},\"thumbnailUrl\":\"https:\\\/\\\/i0.wp.com\\\/aktialiiga.fi\\\/miehet\\\/wp-content\\\/uploads\\\/sites\\\/5\\\/2016\\\/06\\\/CL_pallo.jpg?fit=600%2C400&ssl=1\",\"keywords\":[\"Cocks\"],\"articleSection\":[\"Ajankohtaista\"],\"inLanguage\":\"fi\"},{\"@type\":\"WebPage\",\"@id\":\"https:\\\/\\\/aktialiiga.fi\\\/miehet\\\/ajankohtaista\\\/cocksin-champions-leaguen-karsintaturnaus-presovissa-syyskuussa\\\/\",\"url\":\"https:\\\/\\\/aktialiiga.fi\\\/miehet\\\/ajankohtaista\\\/cocksin-champions-leaguen-karsintaturnaus-presovissa-syyskuussa\\\/\",\"name\":\"Cocksin Champions Leaguen karsintaturnaus Presovissa syyskuussa | K\u00e4sipallon miesten Aktialiiga\",\"isPartOf\":{\"@id\":\"https:\\\/\\\/aktialiiga.fi\\\/miehet\\\/#website\"},\"primaryImageOfPage\":{\"@id\":\"https:\\\/\\\/aktialiiga.fi\\\/miehet\\\/ajankohtaista\\\/cocksin-champions-leaguen-karsintaturnaus-presovissa-syyskuussa\\\/#primaryimage\"},\"image\":{\"@id\":\"https:\\\/\\\/aktialiiga.fi\\\/miehet\\\/ajankohtaista\\\/cocksin-champions-leaguen-karsintaturnaus-presovissa-syyskuussa\\\/#primaryimage\"},\"thumbnailUrl\":\"https:\\\/\\\/i0.wp.com\\\/aktialiiga.fi\\\/miehet\\\/wp-content\\\/uploads\\\/sites\\\/5\\\/2016\\\/06\\\/CL_pallo.jpg?fit=600%2C400&ssl=1\",\"datePublished\":\"2016-07-12T11:40:22+00:00\",\"dateModified\":\"2018-04-20T09:47:37+00:00\",\"breadcrumb\":{\"@id\":\"https:\\\/\\\/aktialiiga.fi\\\/miehet\\\/ajankohtaista\\\/cocksin-champions-leaguen-karsintaturnaus-presovissa-syyskuussa\\\/#breadcrumb\"},\"inLanguage\":\"fi\",\"potentialAction\":[{\"@type\":\"ReadAction\",\"target\":[\"https:\\\/\\\/aktialiiga.fi\\\/miehet\\\/ajankohtaista\\\/cocksin-champions-leaguen-karsintaturnaus-presovissa-syyskuussa\\\/\"]}]},{\"@type\":\"ImageObject\",\"inLanguage\":\"fi\",\"@id\":\"https:\\\/\\\/aktialiiga.fi\\\/miehet\\\/ajankohtaista\\\/cocksin-champions-leaguen-karsintaturnaus-presovissa-syyskuussa\\\/#primaryimage\",\"url\":\"https:\\\/\\\/i0.wp.com\\\/aktialiiga.fi\\\/miehet\\\/wp-content\\\/uploads\\\/sites\\\/5\\\/2016\\\/06\\\/CL_pallo.jpg?fit=600%2C400&ssl=1\",\"contentUrl\":\"https:\\\/\\\/i0.wp.com\\\/aktialiiga.fi\\\/miehet\\\/wp-content\\\/uploads\\\/sites\\\/5\\\/2016\\\/06\\\/CL_pallo.jpg?fit=600%2C400&ssl=1\",\"width\":600,\"height\":400},{\"@type\":\"BreadcrumbList\",\"@id\":\"https:\\\/\\\/aktialiiga.fi\\\/miehet\\\/ajankohtaista\\\/cocksin-champions-leaguen-karsintaturnaus-presovissa-syyskuussa\\\/#breadcrumb\",\"itemListElement\":[{\"@type\":\"ListItem\",\"position\":1,\"name\":\"Etusivu\",\"item\":\"https:\\\/\\\/aktialiiga.fi\\\/miehet\\\/\"},{\"@type\":\"ListItem\",\"position\":2,\"name\":\"Cocksin Champions Leaguen karsintaturnaus Presovissa syyskuussa\"}]},{\"@type\":\"WebSite\",\"@id\":\"https:\\\/\\\/aktialiiga.fi\\\/miehet\\\/#website\",\"url\":\"https:\\\/\\\/aktialiiga.fi\\\/miehet\\\/\",\"name\":\"K\u00e4sipallon miesten Aktialiiga\",\"description\":\"Valtakunnan vauhdikkainta palloilua!\",\"publisher\":{\"@id\":\"https:\\\/\\\/aktialiiga.fi\\\/miehet\\\/#organization\"},\"potentialAction\":[{\"@type\":\"SearchAction\",\"target\":{\"@type\":\"EntryPoint\",\"urlTemplate\":\"https:\\\/\\\/aktialiiga.fi\\\/miehet\\\/?s={search_term_string}\"},\"query-input\":{\"@type\":\"PropertyValueSpecification\",\"valueRequired\":true,\"valueName\":\"search_term_string\"}}],\"inLanguage\":\"fi\"},{\"@type\":\"Organization\",\"@id\":\"https:\\\/\\\/aktialiiga.fi\\\/miehet\\\/#organization\",\"name\":\"K\u00e4sipallon miesten Aktialiiga\",\"url\":\"https:\\\/\\\/aktialiiga.fi\\\/miehet\\\/\",\"logo\":{\"@type\":\"ImageObject\",\"inLanguage\":\"fi\",\"@id\":\"https:\\\/\\\/aktialiiga.fi\\\/miehet\\\/#\\\/schema\\\/logo\\\/image\\\/\",\"url\":\"https:\\\/\\\/i0.wp.com\\\/aktialiiga.fi\\\/miehet\\\/wp-content\\\/uploads\\\/sites\\\/5\\\/2024\\\/09\\\/Aktialiiga-Yoast-512.png?fit=512%2C512&ssl=1\",\"contentUrl\":\"https:\\\/\\\/i0.wp.com\\\/aktialiiga.fi\\\/miehet\\\/wp-content\\\/uploads\\\/sites\\\/5\\\/2024\\\/09\\\/Aktialiiga-Yoast-512.png?fit=512%2C512&ssl=1\",\"width\":512,\"height\":512,\"caption\":\"K\u00e4sipallon miesten Aktialiiga\"},\"image\":{\"@id\":\"https:\\\/\\\/aktialiiga.fi\\\/miehet\\\/#\\\/schema\\\/logo\\\/image\\\/\"},\"sameAs\":[\"https:\\\/\\\/www.facebook.com\\\/finnhandball\",\"https:\\\/\\\/x.com\\\/finnhandball\",\"https:\\\/\\\/www.instagram.com\\\/handballfinland\\\/\"]},{\"@type\":\"Person\",\"@id\":\"https:\\\/\\\/aktialiiga.fi\\\/miehet\\\/#\\\/schema\\\/person\\\/c14bf42f47041db74603c45afcb18d87\",\"name\":\"tbrmedia\",\"image\":{\"@type\":\"ImageObject\",\"inLanguage\":\"fi\",\"@id\":\"https:\\\/\\\/secure.gravatar.com\\\/avatar\\\/ee975fa091fe581d12b60debb3439022686618368a7c142044c56724d4666b16?s=96&d=mm&r=g\",\"url\":\"https:\\\/\\\/secure.gravatar.com\\\/avatar\\\/ee975fa091fe581d12b60debb3439022686618368a7c142044c56724d4666b16?s=96&d=mm&r=g\",\"contentUrl\":\"https:\\\/\\\/secure.gravatar.com\\\/avatar\\\/ee975fa091fe581d12b60debb3439022686618368a7c142044c56724d4666b16?s=96&d=mm&r=g\",\"caption\":\"tbrmedia\"}}]}<\/script>\n<!-- \/ Yoast SEO plugin. -->","yoast_head_json":{"title":"Cocksin Champions Leaguen karsintaturnaus Presovissa syyskuussa | K\u00e4sipallon miesten Aktialiiga","robots":{"index":"index","follow":"follow","max-snippet":"max-snippet:-1","max-image-preview":"max-image-preview:large","max-video-preview":"max-video-preview:-1"},"canonical":"https:\/\/aktialiiga.fi\/miehet\/ajankohtaista\/cocksin-champions-leaguen-karsintaturnaus-presovissa-syyskuussa\/","og_locale":"fi_FI","og_type":"article","og_title":"Cocksin Champions Leaguen karsintaturnaus Presovissa syyskuussa | K\u00e4sipallon miesten Aktialiiga","og_description":"Cocksin kauden otteluohjelman muodostuminen jatkaa etenemist\u00e4\u00e4n, kun Tatran Presov ilmoitti k\u00e4ytt\u00e4v\u00e4ns\u00e4 seuralle arvotun j\u00e4rjest\u00e4misoikeuden Champions Leaguen karsintaturnauksen j\u00e4rjest\u00e4miseen. N\u00e4in ollen Cocksin sarjakausi 2016-17 alkaa 3.9. Slovakiassa. Presovissa j\u00e4rjestett\u00e4v\u00e4ss\u00e4 karsintaturnauksessa vastaan asettuu slovenialainen RK Gorenje Velenje. Ottelun voittaja etenee turnauksen finaaliin, jonka voittaja p\u00e4\u00e4see Champions Leaguen lohkovaiheeseen. Finaalin h\u00e4vi\u00e4j\u00e4 ja pronssiottelun voittaja etenev\u00e4t EHF Cupin kolmannelle [&hellip;]","og_url":"https:\/\/aktialiiga.fi\/miehet\/ajankohtaista\/cocksin-champions-leaguen-karsintaturnaus-presovissa-syyskuussa\/","og_site_name":"K\u00e4sipallon miesten Aktialiiga","article_publisher":"https:\/\/www.facebook.com\/finnhandball","article_published_time":"2016-07-12T11:40:22+00:00","article_modified_time":"2018-04-20T09:47:37+00:00","og_image":[{"width":600,"height":400,"url":"https:\/\/i0.wp.com\/aktialiiga.fi\/miehet\/wp-content\/uploads\/sites\/5\/2016\/06\/CL_pallo.jpg?fit=600%2C400&ssl=1","type":"image\/jpeg"}],"author":"tbrmedia","twitter_card":"summary_large_image","twitter_creator":"@finnhandball","twitter_site":"@finnhandball","schema":{"@context":"https:\/\/schema.org","@graph":[{"@type":"Article","@id":"https:\/\/aktialiiga.fi\/miehet\/ajankohtaista\/cocksin-champions-leaguen-karsintaturnaus-presovissa-syyskuussa\/#article","isPartOf":{"@id":"https:\/\/aktialiiga.fi\/miehet\/ajankohtaista\/cocksin-champions-leaguen-karsintaturnaus-presovissa-syyskuussa\/"},"author":{"name":"tbrmedia","@id":"https:\/\/aktialiiga.fi\/miehet\/#\/schema\/person\/c14bf42f47041db74603c45afcb18d87"},"headline":"Cocksin Champions Leaguen karsintaturnaus Presovissa syyskuussa","datePublished":"2016-07-12T11:40:22+00:00","dateModified":"2018-04-20T09:47:37+00:00","mainEntityOfPage":{"@id":"https:\/\/aktialiiga.fi\/miehet\/ajankohtaista\/cocksin-champions-leaguen-karsintaturnaus-presovissa-syyskuussa\/"},"wordCount":180,"publisher":{"@id":"https:\/\/aktialiiga.fi\/miehet\/#organization"},"image":{"@id":"https:\/\/aktialiiga.fi\/miehet\/ajankohtaista\/cocksin-champions-leaguen-karsintaturnaus-presovissa-syyskuussa\/#primaryimage"},"thumbnailUrl":"https:\/\/i0.wp.com\/aktialiiga.fi\/miehet\/wp-content\/uploads\/sites\/5\/2016\/06\/CL_pallo.jpg?fit=600%2C400&ssl=1","keywords":["Cocks"],"articleSection":["Ajankohtaista"],"inLanguage":"fi"},{"@type":"WebPage","@id":"https:\/\/aktialiiga.fi\/miehet\/ajankohtaista\/cocksin-champions-leaguen-karsintaturnaus-presovissa-syyskuussa\/","url":"https:\/\/aktialiiga.fi\/miehet\/ajankohtaista\/cocksin-champions-leaguen-karsintaturnaus-presovissa-syyskuussa\/","name":"Cocksin Champions Leaguen karsintaturnaus Presovissa syyskuussa | K\u00e4sipallon miesten Aktialiiga","isPartOf":{"@id":"https:\/\/aktialiiga.fi\/miehet\/#website"},"primaryImageOfPage":{"@id":"https:\/\/aktialiiga.fi\/miehet\/ajankohtaista\/cocksin-champions-leaguen-karsintaturnaus-presovissa-syyskuussa\/#primaryimage"},"image":{"@id":"https:\/\/aktialiiga.fi\/miehet\/ajankohtaista\/cocksin-champions-leaguen-karsintaturnaus-presovissa-syyskuussa\/#primaryimage"},"thumbnailUrl":"https:\/\/i0.wp.com\/aktialiiga.fi\/miehet\/wp-content\/uploads\/sites\/5\/2016\/06\/CL_pallo.jpg?fit=600%2C400&ssl=1","datePublished":"2016-07-12T11:40:22+00:00","dateModified":"2018-04-20T09:47:37+00:00","breadcrumb":{"@id":"https:\/\/aktialiiga.fi\/miehet\/ajankohtaista\/cocksin-champions-leaguen-karsintaturnaus-presovissa-syyskuussa\/#breadcrumb"},"inLanguage":"fi","potentialAction":[{"@type":"ReadAction","target":["https:\/\/aktialiiga.fi\/miehet\/ajankohtaista\/cocksin-champions-leaguen-karsintaturnaus-presovissa-syyskuussa\/"]}]},{"@type":"ImageObject","inLanguage":"fi","@id":"https:\/\/aktialiiga.fi\/miehet\/ajankohtaista\/cocksin-champions-leaguen-karsintaturnaus-presovissa-syyskuussa\/#primaryimage","url":"https:\/\/i0.wp.com\/aktialiiga.fi\/miehet\/wp-content\/uploads\/sites\/5\/2016\/06\/CL_pallo.jpg?fit=600%2C400&ssl=1","contentUrl":"https:\/\/i0.wp.com\/aktialiiga.fi\/miehet\/wp-content\/uploads\/sites\/5\/2016\/06\/CL_pallo.jpg?fit=600%2C400&ssl=1","width":600,"height":400},{"@type":"BreadcrumbList","@id":"https:\/\/aktialiiga.fi\/miehet\/ajankohtaista\/cocksin-champions-leaguen-karsintaturnaus-presovissa-syyskuussa\/#breadcrumb","itemListElement":[{"@type":"ListItem","position":1,"name":"Etusivu","item":"https:\/\/aktialiiga.fi\/miehet\/"},{"@type":"ListItem","position":2,"name":"Cocksin Champions Leaguen karsintaturnaus Presovissa syyskuussa"}]},{"@type":"WebSite","@id":"https:\/\/aktialiiga.fi\/miehet\/#website","url":"https:\/\/aktialiiga.fi\/miehet\/","name":"K\u00e4sipallon miesten Aktialiiga","description":"Valtakunnan vauhdikkainta palloilua!","publisher":{"@id":"https:\/\/aktialiiga.fi\/miehet\/#organization"},"potentialAction":[{"@type":"SearchAction","target":{"@type":"EntryPoint","urlTemplate":"https:\/\/aktialiiga.fi\/miehet\/?s={search_term_string}"},"query-input":{"@type":"PropertyValueSpecification","valueRequired":true,"valueName":"search_term_string"}}],"inLanguage":"fi"},{"@type":"Organization","@id":"https:\/\/aktialiiga.fi\/miehet\/#organization","name":"K\u00e4sipallon miesten Aktialiiga","url":"https:\/\/aktialiiga.fi\/miehet\/","logo":{"@type":"ImageObject","inLanguage":"fi","@id":"https:\/\/aktialiiga.fi\/miehet\/#\/schema\/logo\/image\/","url":"https:\/\/i0.wp.com\/aktialiiga.fi\/miehet\/wp-content\/uploads\/sites\/5\/2024\/09\/Aktialiiga-Yoast-512.png?fit=512%2C512&ssl=1","contentUrl":"https:\/\/i0.wp.com\/aktialiiga.fi\/miehet\/wp-content\/uploads\/sites\/5\/2024\/09\/Aktialiiga-Yoast-512.png?fit=512%2C512&ssl=1","width":512,"height":512,"caption":"K\u00e4sipallon miesten Aktialiiga"},"image":{"@id":"https:\/\/aktialiiga.fi\/miehet\/#\/schema\/logo\/image\/"},"sameAs":["https:\/\/www.facebook.com\/finnhandball","https:\/\/x.com\/finnhandball","https:\/\/www.instagram.com\/handballfinland\/"]},{"@type":"Person","@id":"https:\/\/aktialiiga.fi\/miehet\/#\/schema\/person\/c14bf42f47041db74603c45afcb18d87","name":"tbrmedia","image":{"@type":"ImageObject","inLanguage":"fi","@id":"https:\/\/secure.gravatar.com\/avatar\/ee975fa091fe581d12b60debb3439022686618368a7c142044c56724d4666b16?s=96&d=mm&r=g","url":"https:\/\/secure.gravatar.com\/avatar\/ee975fa091fe581d12b60debb3439022686618368a7c142044c56724d4666b16?s=96&d=mm&r=g","contentUrl":"https:\/\/secure.gravatar.com\/avatar\/ee975fa091fe581d12b60debb3439022686618368a7c142044c56724d4666b16?s=96&d=mm&r=g","caption":"tbrmedia"}}]}},"jetpack_featured_media_url":"https:\/\/i0.wp.com\/aktialiiga.fi\/miehet\/wp-content\/uploads\/sites\/5\/2016\/06\/CL_pallo.jpg?fit=600%2C400&ssl=1","jetpack_sharing_enabled":true,"jetpack_shortlink":"https:\/\/wp.me\/pfTxOr-3ad","_links":{"self":[{"href":"https:\/\/aktialiiga.fi\/miehet\/wp-json\/wp\/v2\/posts\/12165","targetHints":{"allow":["GET"]}}],"collection":[{"href":"https:\/\/aktialiiga.fi\/miehet\/wp-json\/wp\/v2\/posts"}],"about":[{"href":"https:\/\/aktialiiga.fi\/miehet\/wp-json\/wp\/v2\/types\/post"}],"author":[{"embeddable":true,"href":"https:\/\/aktialiiga.fi\/miehet\/wp-json\/wp\/v2\/users\/13"}],"replies":[{"embeddable":true,"href":"https:\/\/aktialiiga.fi\/miehet\/wp-json\/wp\/v2\/comments?post=12165"}],"version-history":[{"count":0,"href":"https:\/\/aktialiiga.fi\/miehet\/wp-json\/wp\/v2\/posts\/12165\/revisions"}],"wp:featuredmedia":[{"embeddable":true,"href":"https:\/\/aktialiiga.fi\/miehet\/wp-json\/wp\/v2\/media\/12116"}],"wp:attachment":[{"href":"https:\/\/aktialiiga.fi\/miehet\/wp-json\/wp\/v2\/media?parent=12165"}],"wp:term":[{"taxonomy":"category","embeddable":true,"href":"https:\/\/aktialiiga.fi\/miehet\/wp-json\/wp\/v2\/categories?post=12165"},{"taxonomy":"post_tag","embeddable":true,"href":"https:\/\/aktialiiga.fi\/miehet\/wp-json\/wp\/v2\/tags?post=12165"}],"curies":[{"name":"wp","href":"https:\/\/api.w.org\/{rel}","templated":true}]}}