{"id":12655,"date":"2016-08-20T19:01:26","date_gmt":"2016-08-20T16:01:26","guid":{"rendered":"https:\/\/aktialiiga.fi\/miehet\/?p=12222"},"modified":"2018-04-20T12:47:35","modified_gmt":"2018-04-20T09:47:35","slug":"oliver-helanderia-tuskin-nahdaan-kentilla-kaudella-2016-17","status":"publish","type":"post","link":"https:\/\/aktialiiga.fi\/miehet\/ajankohtaista\/oliver-helanderia-tuskin-nahdaan-kentilla-kaudella-2016-17\/","title":{"rendered":"Oliver Helanderia tuskin n\u00e4hd\u00e4\u00e4n kentill\u00e4 kaudella 2016-17"},"content":{"rendered":"<p>SIF:ss\u00e4 kev\u00e4\u00e4n pelannut Oliver Helander on panostamassa tulevaisuudessa keih\u00e4\u00e4nheittoon. Lis\u00e4ksi Helanderin kyyn\u00e4rp\u00e4\u00e4 leikataan viel\u00e4 elokuun aikana. Toipumisajaksi ennustetaan noin kuutta kuukautta.<\/p>\n<p>K\u00e4yt\u00e4nn\u00f6ss\u00e4 t\u00e4m\u00e4 tarkoittaa sit\u00e4 ett\u00e4 Helanderia ei n\u00e4hd\u00e4 kauden SM-liigapeleiss\u00e4 alkavalla kaudella, tuskinpa l\u00e4hivuosina muutenkaan. V\u00e4stra Nylandin mukaan Oliver kommentoi asiaa seuraavasti:<\/p>\n<p>&#8211; P\u00e4\u00e4t\u00f6st\u00e4 ei ollut helppo tehd\u00e4, mutta n\u00e4in j\u00e4lkeenp\u00e4in se tuntuu oikealta. Keih\u00e4\u00e4nheitosta voi aina palata takaisin k\u00e4sipalloon, mutta toisinp\u00e4in se on huomattavasti hankalampaa.<\/p>\n<p>Samaisessa lehdess\u00e4 SIF:n SM-liigajoukkueen manageri Niclas Karlsson kertoo ett\u00e4 p\u00e4\u00e4t\u00f6ksen suhteen kaikki neuvottelut k\u00e4ytiin hyv\u00e4ss\u00e4 hengess\u00e4:<\/p>\n<p>&#8211; Tietysti menetys on sek\u00e4 seuralle ett\u00e4 Suomen k\u00e4sipallolle valtava. Oliver osoitti lyhyen SIF-uransa aikana olevansa loistava joukkuepelaaja joka nosti koko joukkueen suoritustasoa. T\u00e4ytyy kuitenkin muistaa ett\u00e4 nyt on ensisijaisesti kyse nuoren urheilijan terveydest\u00e4 ja toissajaisesti lajivalinnasta. Toivomme Oliverille kaikkea hyv\u00e4\u00e4 jatkossa, pikaista toipumista leikkauksesta ja menestyksek\u00e4st\u00e4 paluuta kilpakentille<\/p>\n","protected":false},"excerpt":{"rendered":"<p>SIF:ss\u00e4 kev\u00e4\u00e4n pelannut Oliver Helander on panostamassa tulevaisuudessa keih\u00e4\u00e4nheittoon. Lis\u00e4ksi Helanderin kyyn\u00e4rp\u00e4\u00e4 leikataan viel\u00e4 elokuun aikana. Toipumisajaksi ennustetaan noin kuutta kuukautta. K\u00e4yt\u00e4nn\u00f6ss\u00e4 t\u00e4m\u00e4 tarkoittaa sit\u00e4 ett\u00e4 Helanderia ei n\u00e4hd\u00e4 kauden SM-liigapeleiss\u00e4 alkavalla kaudella, tuskinpa l\u00e4hivuosina muutenkaan. V\u00e4stra Nylandin mukaan Oliver kommentoi asiaa seuraavasti: &#8211; P\u00e4\u00e4t\u00f6st\u00e4 ei ollut helppo tehd\u00e4, mutta n\u00e4in j\u00e4lkeenp\u00e4in se tuntuu oikealta. [&hellip;]<\/p>\n","protected":false},"author":13,"featured_media":11685,"comment_status":"closed","ping_status":"closed","sticky":false,"template":"","format":"standard","meta":{"_acf_changed":false,"jetpack_post_was_ever_published":false,"_jetpack_newsletter_access":"","_jetpack_dont_email_post_to_subs":false,"_jetpack_newsletter_tier_id":0,"_jetpack_memberships_contains_paywalled_content":false,"_jetpack_memberships_contains_paid_content":false,"footnotes":""},"categories":[2],"tags":[111],"class_list":["post-12655","post","type-post","status-publish","format-standard","has-post-thumbnail","hentry","category-ajankohtaista","tag-sif"],"acf":[],"yoast_head":"<!-- This site is optimized with the Yoast SEO plugin v27.4 - https:\/\/yoast.com\/product\/yoast-seo-wordpress\/ -->\n<title>Oliver Helanderia tuskin n\u00e4hd\u00e4\u00e4n kentill\u00e4 kaudella 2016-17 | K\u00e4sipallon miesten Aktialiiga<\/title>\n<meta name=\"robots\" content=\"index, follow, max-snippet:-1, max-image-preview:large, max-video-preview:-1\" \/>\n<link rel=\"canonical\" href=\"https:\/\/aktialiiga.fi\/miehet\/ajankohtaista\/oliver-helanderia-tuskin-nahdaan-kentilla-kaudella-2016-17\/\" \/>\n<meta property=\"og:locale\" content=\"fi_FI\" \/>\n<meta property=\"og:type\" content=\"article\" \/>\n<meta property=\"og:title\" content=\"Oliver Helanderia tuskin n\u00e4hd\u00e4\u00e4n kentill\u00e4 kaudella 2016-17 | K\u00e4sipallon miesten Aktialiiga\" \/>\n<meta property=\"og:description\" content=\"SIF:ss\u00e4 kev\u00e4\u00e4n pelannut Oliver Helander on panostamassa tulevaisuudessa keih\u00e4\u00e4nheittoon. Lis\u00e4ksi Helanderin kyyn\u00e4rp\u00e4\u00e4 leikataan viel\u00e4 elokuun aikana. Toipumisajaksi ennustetaan noin kuutta kuukautta. K\u00e4yt\u00e4nn\u00f6ss\u00e4 t\u00e4m\u00e4 tarkoittaa sit\u00e4 ett\u00e4 Helanderia ei n\u00e4hd\u00e4 kauden SM-liigapeleiss\u00e4 alkavalla kaudella, tuskinpa l\u00e4hivuosina muutenkaan. V\u00e4stra Nylandin mukaan Oliver kommentoi asiaa seuraavasti: &#8211; P\u00e4\u00e4t\u00f6st\u00e4 ei ollut helppo tehd\u00e4, mutta n\u00e4in j\u00e4lkeenp\u00e4in se tuntuu oikealta. [&hellip;]\" \/>\n<meta property=\"og:url\" content=\"https:\/\/aktialiiga.fi\/miehet\/ajankohtaista\/oliver-helanderia-tuskin-nahdaan-kentilla-kaudella-2016-17\/\" \/>\n<meta property=\"og:site_name\" content=\"K\u00e4sipallon miesten Aktialiiga\" \/>\n<meta property=\"article:publisher\" content=\"https:\/\/www.facebook.com\/finnhandball\" \/>\n<meta property=\"article:published_time\" content=\"2016-08-20T16:01:26+00:00\" \/>\n<meta property=\"article:modified_time\" content=\"2018-04-20T09:47:35+00:00\" \/>\n<meta property=\"og:image\" content=\"https:\/\/i0.wp.com\/aktialiiga.fi\/miehet\/wp-content\/uploads\/sites\/5\/2016\/03\/SIF_juhlii_1516.jpg?fit=640%2C360&ssl=1\" \/>\n\t<meta property=\"og:image:width\" content=\"640\" \/>\n\t<meta property=\"og:image:height\" content=\"360\" \/>\n\t<meta property=\"og:image:type\" content=\"image\/jpeg\" \/>\n<meta name=\"author\" content=\"tbrmedia\" \/>\n<meta name=\"twitter:card\" content=\"summary_large_image\" \/>\n<meta name=\"twitter:creator\" content=\"@finnhandball\" \/>\n<meta name=\"twitter:site\" content=\"@finnhandball\" \/>\n<script type=\"application\/ld+json\" class=\"yoast-schema-graph\">{\"@context\":\"https:\\\/\\\/schema.org\",\"@graph\":[{\"@type\":\"Article\",\"@id\":\"https:\\\/\\\/aktialiiga.fi\\\/miehet\\\/ajankohtaista\\\/oliver-helanderia-tuskin-nahdaan-kentilla-kaudella-2016-17\\\/#article\",\"isPartOf\":{\"@id\":\"https:\\\/\\\/aktialiiga.fi\\\/miehet\\\/ajankohtaista\\\/oliver-helanderia-tuskin-nahdaan-kentilla-kaudella-2016-17\\\/\"},\"author\":{\"name\":\"tbrmedia\",\"@id\":\"https:\\\/\\\/aktialiiga.fi\\\/miehet\\\/#\\\/schema\\\/person\\\/c14bf42f47041db74603c45afcb18d87\"},\"headline\":\"Oliver Helanderia tuskin n\u00e4hd\u00e4\u00e4n kentill\u00e4 kaudella 2016-17\",\"datePublished\":\"2016-08-20T16:01:26+00:00\",\"dateModified\":\"2018-04-20T09:47:35+00:00\",\"mainEntityOfPage\":{\"@id\":\"https:\\\/\\\/aktialiiga.fi\\\/miehet\\\/ajankohtaista\\\/oliver-helanderia-tuskin-nahdaan-kentilla-kaudella-2016-17\\\/\"},\"wordCount\":169,\"publisher\":{\"@id\":\"https:\\\/\\\/aktialiiga.fi\\\/miehet\\\/#organization\"},\"image\":{\"@id\":\"https:\\\/\\\/aktialiiga.fi\\\/miehet\\\/ajankohtaista\\\/oliver-helanderia-tuskin-nahdaan-kentilla-kaudella-2016-17\\\/#primaryimage\"},\"thumbnailUrl\":\"https:\\\/\\\/i0.wp.com\\\/aktialiiga.fi\\\/miehet\\\/wp-content\\\/uploads\\\/sites\\\/5\\\/2016\\\/03\\\/SIF_juhlii_1516.jpg?fit=640%2C360&ssl=1\",\"keywords\":[\"SIF\"],\"articleSection\":[\"Ajankohtaista\"],\"inLanguage\":\"fi\"},{\"@type\":\"WebPage\",\"@id\":\"https:\\\/\\\/aktialiiga.fi\\\/miehet\\\/ajankohtaista\\\/oliver-helanderia-tuskin-nahdaan-kentilla-kaudella-2016-17\\\/\",\"url\":\"https:\\\/\\\/aktialiiga.fi\\\/miehet\\\/ajankohtaista\\\/oliver-helanderia-tuskin-nahdaan-kentilla-kaudella-2016-17\\\/\",\"name\":\"Oliver Helanderia tuskin n\u00e4hd\u00e4\u00e4n kentill\u00e4 kaudella 2016-17 | K\u00e4sipallon miesten Aktialiiga\",\"isPartOf\":{\"@id\":\"https:\\\/\\\/aktialiiga.fi\\\/miehet\\\/#website\"},\"primaryImageOfPage\":{\"@id\":\"https:\\\/\\\/aktialiiga.fi\\\/miehet\\\/ajankohtaista\\\/oliver-helanderia-tuskin-nahdaan-kentilla-kaudella-2016-17\\\/#primaryimage\"},\"image\":{\"@id\":\"https:\\\/\\\/aktialiiga.fi\\\/miehet\\\/ajankohtaista\\\/oliver-helanderia-tuskin-nahdaan-kentilla-kaudella-2016-17\\\/#primaryimage\"},\"thumbnailUrl\":\"https:\\\/\\\/i0.wp.com\\\/aktialiiga.fi\\\/miehet\\\/wp-content\\\/uploads\\\/sites\\\/5\\\/2016\\\/03\\\/SIF_juhlii_1516.jpg?fit=640%2C360&ssl=1\",\"datePublished\":\"2016-08-20T16:01:26+00:00\",\"dateModified\":\"2018-04-20T09:47:35+00:00\",\"breadcrumb\":{\"@id\":\"https:\\\/\\\/aktialiiga.fi\\\/miehet\\\/ajankohtaista\\\/oliver-helanderia-tuskin-nahdaan-kentilla-kaudella-2016-17\\\/#breadcrumb\"},\"inLanguage\":\"fi\",\"potentialAction\":[{\"@type\":\"ReadAction\",\"target\":[\"https:\\\/\\\/aktialiiga.fi\\\/miehet\\\/ajankohtaista\\\/oliver-helanderia-tuskin-nahdaan-kentilla-kaudella-2016-17\\\/\"]}]},{\"@type\":\"ImageObject\",\"inLanguage\":\"fi\",\"@id\":\"https:\\\/\\\/aktialiiga.fi\\\/miehet\\\/ajankohtaista\\\/oliver-helanderia-tuskin-nahdaan-kentilla-kaudella-2016-17\\\/#primaryimage\",\"url\":\"https:\\\/\\\/i0.wp.com\\\/aktialiiga.fi\\\/miehet\\\/wp-content\\\/uploads\\\/sites\\\/5\\\/2016\\\/03\\\/SIF_juhlii_1516.jpg?fit=640%2C360&ssl=1\",\"contentUrl\":\"https:\\\/\\\/i0.wp.com\\\/aktialiiga.fi\\\/miehet\\\/wp-content\\\/uploads\\\/sites\\\/5\\\/2016\\\/03\\\/SIF_juhlii_1516.jpg?fit=640%2C360&ssl=1\",\"width\":640,\"height\":360},{\"@type\":\"BreadcrumbList\",\"@id\":\"https:\\\/\\\/aktialiiga.fi\\\/miehet\\\/ajankohtaista\\\/oliver-helanderia-tuskin-nahdaan-kentilla-kaudella-2016-17\\\/#breadcrumb\",\"itemListElement\":[{\"@type\":\"ListItem\",\"position\":1,\"name\":\"Etusivu\",\"item\":\"https:\\\/\\\/aktialiiga.fi\\\/miehet\\\/\"},{\"@type\":\"ListItem\",\"position\":2,\"name\":\"Oliver Helanderia tuskin n\u00e4hd\u00e4\u00e4n kentill\u00e4 kaudella 2016-17\"}]},{\"@type\":\"WebSite\",\"@id\":\"https:\\\/\\\/aktialiiga.fi\\\/miehet\\\/#website\",\"url\":\"https:\\\/\\\/aktialiiga.fi\\\/miehet\\\/\",\"name\":\"K\u00e4sipallon miesten Aktialiiga\",\"description\":\"Valtakunnan vauhdikkainta palloilua!\",\"publisher\":{\"@id\":\"https:\\\/\\\/aktialiiga.fi\\\/miehet\\\/#organization\"},\"potentialAction\":[{\"@type\":\"SearchAction\",\"target\":{\"@type\":\"EntryPoint\",\"urlTemplate\":\"https:\\\/\\\/aktialiiga.fi\\\/miehet\\\/?s={search_term_string}\"},\"query-input\":{\"@type\":\"PropertyValueSpecification\",\"valueRequired\":true,\"valueName\":\"search_term_string\"}}],\"inLanguage\":\"fi\"},{\"@type\":\"Organization\",\"@id\":\"https:\\\/\\\/aktialiiga.fi\\\/miehet\\\/#organization\",\"name\":\"K\u00e4sipallon miesten Aktialiiga\",\"url\":\"https:\\\/\\\/aktialiiga.fi\\\/miehet\\\/\",\"logo\":{\"@type\":\"ImageObject\",\"inLanguage\":\"fi\",\"@id\":\"https:\\\/\\\/aktialiiga.fi\\\/miehet\\\/#\\\/schema\\\/logo\\\/image\\\/\",\"url\":\"https:\\\/\\\/i0.wp.com\\\/aktialiiga.fi\\\/miehet\\\/wp-content\\\/uploads\\\/sites\\\/5\\\/2024\\\/09\\\/Aktialiiga-Yoast-512.png?fit=512%2C512&ssl=1\",\"contentUrl\":\"https:\\\/\\\/i0.wp.com\\\/aktialiiga.fi\\\/miehet\\\/wp-content\\\/uploads\\\/sites\\\/5\\\/2024\\\/09\\\/Aktialiiga-Yoast-512.png?fit=512%2C512&ssl=1\",\"width\":512,\"height\":512,\"caption\":\"K\u00e4sipallon miesten Aktialiiga\"},\"image\":{\"@id\":\"https:\\\/\\\/aktialiiga.fi\\\/miehet\\\/#\\\/schema\\\/logo\\\/image\\\/\"},\"sameAs\":[\"https:\\\/\\\/www.facebook.com\\\/finnhandball\",\"https:\\\/\\\/x.com\\\/finnhandball\",\"https:\\\/\\\/www.instagram.com\\\/handballfinland\\\/\"]},{\"@type\":\"Person\",\"@id\":\"https:\\\/\\\/aktialiiga.fi\\\/miehet\\\/#\\\/schema\\\/person\\\/c14bf42f47041db74603c45afcb18d87\",\"name\":\"tbrmedia\",\"image\":{\"@type\":\"ImageObject\",\"inLanguage\":\"fi\",\"@id\":\"https:\\\/\\\/secure.gravatar.com\\\/avatar\\\/ee975fa091fe581d12b60debb3439022686618368a7c142044c56724d4666b16?s=96&d=mm&r=g\",\"url\":\"https:\\\/\\\/secure.gravatar.com\\\/avatar\\\/ee975fa091fe581d12b60debb3439022686618368a7c142044c56724d4666b16?s=96&d=mm&r=g\",\"contentUrl\":\"https:\\\/\\\/secure.gravatar.com\\\/avatar\\\/ee975fa091fe581d12b60debb3439022686618368a7c142044c56724d4666b16?s=96&d=mm&r=g\",\"caption\":\"tbrmedia\"}}]}<\/script>\n<!-- \/ Yoast SEO plugin. -->","yoast_head_json":{"title":"Oliver Helanderia tuskin n\u00e4hd\u00e4\u00e4n kentill\u00e4 kaudella 2016-17 | K\u00e4sipallon miesten Aktialiiga","robots":{"index":"index","follow":"follow","max-snippet":"max-snippet:-1","max-image-preview":"max-image-preview:large","max-video-preview":"max-video-preview:-1"},"canonical":"https:\/\/aktialiiga.fi\/miehet\/ajankohtaista\/oliver-helanderia-tuskin-nahdaan-kentilla-kaudella-2016-17\/","og_locale":"fi_FI","og_type":"article","og_title":"Oliver Helanderia tuskin n\u00e4hd\u00e4\u00e4n kentill\u00e4 kaudella 2016-17 | K\u00e4sipallon miesten Aktialiiga","og_description":"SIF:ss\u00e4 kev\u00e4\u00e4n pelannut Oliver Helander on panostamassa tulevaisuudessa keih\u00e4\u00e4nheittoon. Lis\u00e4ksi Helanderin kyyn\u00e4rp\u00e4\u00e4 leikataan viel\u00e4 elokuun aikana. Toipumisajaksi ennustetaan noin kuutta kuukautta. K\u00e4yt\u00e4nn\u00f6ss\u00e4 t\u00e4m\u00e4 tarkoittaa sit\u00e4 ett\u00e4 Helanderia ei n\u00e4hd\u00e4 kauden SM-liigapeleiss\u00e4 alkavalla kaudella, tuskinpa l\u00e4hivuosina muutenkaan. V\u00e4stra Nylandin mukaan Oliver kommentoi asiaa seuraavasti: &#8211; P\u00e4\u00e4t\u00f6st\u00e4 ei ollut helppo tehd\u00e4, mutta n\u00e4in j\u00e4lkeenp\u00e4in se tuntuu oikealta. [&hellip;]","og_url":"https:\/\/aktialiiga.fi\/miehet\/ajankohtaista\/oliver-helanderia-tuskin-nahdaan-kentilla-kaudella-2016-17\/","og_site_name":"K\u00e4sipallon miesten Aktialiiga","article_publisher":"https:\/\/www.facebook.com\/finnhandball","article_published_time":"2016-08-20T16:01:26+00:00","article_modified_time":"2018-04-20T09:47:35+00:00","og_image":[{"width":640,"height":360,"url":"https:\/\/i0.wp.com\/aktialiiga.fi\/miehet\/wp-content\/uploads\/sites\/5\/2016\/03\/SIF_juhlii_1516.jpg?fit=640%2C360&ssl=1","type":"image\/jpeg"}],"author":"tbrmedia","twitter_card":"summary_large_image","twitter_creator":"@finnhandball","twitter_site":"@finnhandball","schema":{"@context":"https:\/\/schema.org","@graph":[{"@type":"Article","@id":"https:\/\/aktialiiga.fi\/miehet\/ajankohtaista\/oliver-helanderia-tuskin-nahdaan-kentilla-kaudella-2016-17\/#article","isPartOf":{"@id":"https:\/\/aktialiiga.fi\/miehet\/ajankohtaista\/oliver-helanderia-tuskin-nahdaan-kentilla-kaudella-2016-17\/"},"author":{"name":"tbrmedia","@id":"https:\/\/aktialiiga.fi\/miehet\/#\/schema\/person\/c14bf42f47041db74603c45afcb18d87"},"headline":"Oliver Helanderia tuskin n\u00e4hd\u00e4\u00e4n kentill\u00e4 kaudella 2016-17","datePublished":"2016-08-20T16:01:26+00:00","dateModified":"2018-04-20T09:47:35+00:00","mainEntityOfPage":{"@id":"https:\/\/aktialiiga.fi\/miehet\/ajankohtaista\/oliver-helanderia-tuskin-nahdaan-kentilla-kaudella-2016-17\/"},"wordCount":169,"publisher":{"@id":"https:\/\/aktialiiga.fi\/miehet\/#organization"},"image":{"@id":"https:\/\/aktialiiga.fi\/miehet\/ajankohtaista\/oliver-helanderia-tuskin-nahdaan-kentilla-kaudella-2016-17\/#primaryimage"},"thumbnailUrl":"https:\/\/i0.wp.com\/aktialiiga.fi\/miehet\/wp-content\/uploads\/sites\/5\/2016\/03\/SIF_juhlii_1516.jpg?fit=640%2C360&ssl=1","keywords":["SIF"],"articleSection":["Ajankohtaista"],"inLanguage":"fi"},{"@type":"WebPage","@id":"https:\/\/aktialiiga.fi\/miehet\/ajankohtaista\/oliver-helanderia-tuskin-nahdaan-kentilla-kaudella-2016-17\/","url":"https:\/\/aktialiiga.fi\/miehet\/ajankohtaista\/oliver-helanderia-tuskin-nahdaan-kentilla-kaudella-2016-17\/","name":"Oliver Helanderia tuskin n\u00e4hd\u00e4\u00e4n kentill\u00e4 kaudella 2016-17 | K\u00e4sipallon miesten Aktialiiga","isPartOf":{"@id":"https:\/\/aktialiiga.fi\/miehet\/#website"},"primaryImageOfPage":{"@id":"https:\/\/aktialiiga.fi\/miehet\/ajankohtaista\/oliver-helanderia-tuskin-nahdaan-kentilla-kaudella-2016-17\/#primaryimage"},"image":{"@id":"https:\/\/aktialiiga.fi\/miehet\/ajankohtaista\/oliver-helanderia-tuskin-nahdaan-kentilla-kaudella-2016-17\/#primaryimage"},"thumbnailUrl":"https:\/\/i0.wp.com\/aktialiiga.fi\/miehet\/wp-content\/uploads\/sites\/5\/2016\/03\/SIF_juhlii_1516.jpg?fit=640%2C360&ssl=1","datePublished":"2016-08-20T16:01:26+00:00","dateModified":"2018-04-20T09:47:35+00:00","breadcrumb":{"@id":"https:\/\/aktialiiga.fi\/miehet\/ajankohtaista\/oliver-helanderia-tuskin-nahdaan-kentilla-kaudella-2016-17\/#breadcrumb"},"inLanguage":"fi","potentialAction":[{"@type":"ReadAction","target":["https:\/\/aktialiiga.fi\/miehet\/ajankohtaista\/oliver-helanderia-tuskin-nahdaan-kentilla-kaudella-2016-17\/"]}]},{"@type":"ImageObject","inLanguage":"fi","@id":"https:\/\/aktialiiga.fi\/miehet\/ajankohtaista\/oliver-helanderia-tuskin-nahdaan-kentilla-kaudella-2016-17\/#primaryimage","url":"https:\/\/i0.wp.com\/aktialiiga.fi\/miehet\/wp-content\/uploads\/sites\/5\/2016\/03\/SIF_juhlii_1516.jpg?fit=640%2C360&ssl=1","contentUrl":"https:\/\/i0.wp.com\/aktialiiga.fi\/miehet\/wp-content\/uploads\/sites\/5\/2016\/03\/SIF_juhlii_1516.jpg?fit=640%2C360&ssl=1","width":640,"height":360},{"@type":"BreadcrumbList","@id":"https:\/\/aktialiiga.fi\/miehet\/ajankohtaista\/oliver-helanderia-tuskin-nahdaan-kentilla-kaudella-2016-17\/#breadcrumb","itemListElement":[{"@type":"ListItem","position":1,"name":"Etusivu","item":"https:\/\/aktialiiga.fi\/miehet\/"},{"@type":"ListItem","position":2,"name":"Oliver Helanderia tuskin n\u00e4hd\u00e4\u00e4n kentill\u00e4 kaudella 2016-17"}]},{"@type":"WebSite","@id":"https:\/\/aktialiiga.fi\/miehet\/#website","url":"https:\/\/aktialiiga.fi\/miehet\/","name":"K\u00e4sipallon miesten Aktialiiga","description":"Valtakunnan vauhdikkainta palloilua!","publisher":{"@id":"https:\/\/aktialiiga.fi\/miehet\/#organization"},"potentialAction":[{"@type":"SearchAction","target":{"@type":"EntryPoint","urlTemplate":"https:\/\/aktialiiga.fi\/miehet\/?s={search_term_string}"},"query-input":{"@type":"PropertyValueSpecification","valueRequired":true,"valueName":"search_term_string"}}],"inLanguage":"fi"},{"@type":"Organization","@id":"https:\/\/aktialiiga.fi\/miehet\/#organization","name":"K\u00e4sipallon miesten Aktialiiga","url":"https:\/\/aktialiiga.fi\/miehet\/","logo":{"@type":"ImageObject","inLanguage":"fi","@id":"https:\/\/aktialiiga.fi\/miehet\/#\/schema\/logo\/image\/","url":"https:\/\/i0.wp.com\/aktialiiga.fi\/miehet\/wp-content\/uploads\/sites\/5\/2024\/09\/Aktialiiga-Yoast-512.png?fit=512%2C512&ssl=1","contentUrl":"https:\/\/i0.wp.com\/aktialiiga.fi\/miehet\/wp-content\/uploads\/sites\/5\/2024\/09\/Aktialiiga-Yoast-512.png?fit=512%2C512&ssl=1","width":512,"height":512,"caption":"K\u00e4sipallon miesten Aktialiiga"},"image":{"@id":"https:\/\/aktialiiga.fi\/miehet\/#\/schema\/logo\/image\/"},"sameAs":["https:\/\/www.facebook.com\/finnhandball","https:\/\/x.com\/finnhandball","https:\/\/www.instagram.com\/handballfinland\/"]},{"@type":"Person","@id":"https:\/\/aktialiiga.fi\/miehet\/#\/schema\/person\/c14bf42f47041db74603c45afcb18d87","name":"tbrmedia","image":{"@type":"ImageObject","inLanguage":"fi","@id":"https:\/\/secure.gravatar.com\/avatar\/ee975fa091fe581d12b60debb3439022686618368a7c142044c56724d4666b16?s=96&d=mm&r=g","url":"https:\/\/secure.gravatar.com\/avatar\/ee975fa091fe581d12b60debb3439022686618368a7c142044c56724d4666b16?s=96&d=mm&r=g","contentUrl":"https:\/\/secure.gravatar.com\/avatar\/ee975fa091fe581d12b60debb3439022686618368a7c142044c56724d4666b16?s=96&d=mm&r=g","caption":"tbrmedia"}}]}},"jetpack_featured_media_url":"https:\/\/i0.wp.com\/aktialiiga.fi\/miehet\/wp-content\/uploads\/sites\/5\/2016\/03\/SIF_juhlii_1516.jpg?fit=640%2C360&ssl=1","jetpack_sharing_enabled":true,"jetpack_shortlink":"https:\/\/wp.me\/pfTxOr-3i7","_links":{"self":[{"href":"https:\/\/aktialiiga.fi\/miehet\/wp-json\/wp\/v2\/posts\/12655","targetHints":{"allow":["GET"]}}],"collection":[{"href":"https:\/\/aktialiiga.fi\/miehet\/wp-json\/wp\/v2\/posts"}],"about":[{"href":"https:\/\/aktialiiga.fi\/miehet\/wp-json\/wp\/v2\/types\/post"}],"author":[{"embeddable":true,"href":"https:\/\/aktialiiga.fi\/miehet\/wp-json\/wp\/v2\/users\/13"}],"replies":[{"embeddable":true,"href":"https:\/\/aktialiiga.fi\/miehet\/wp-json\/wp\/v2\/comments?post=12655"}],"version-history":[{"count":0,"href":"https:\/\/aktialiiga.fi\/miehet\/wp-json\/wp\/v2\/posts\/12655\/revisions"}],"wp:featuredmedia":[{"embeddable":true,"href":"https:\/\/aktialiiga.fi\/miehet\/wp-json\/wp\/v2\/media\/11685"}],"wp:attachment":[{"href":"https:\/\/aktialiiga.fi\/miehet\/wp-json\/wp\/v2\/media?parent=12655"}],"wp:term":[{"taxonomy":"category","embeddable":true,"href":"https:\/\/aktialiiga.fi\/miehet\/wp-json\/wp\/v2\/categories?post=12655"},{"taxonomy":"post_tag","embeddable":true,"href":"https:\/\/aktialiiga.fi\/miehet\/wp-json\/wp\/v2\/tags?post=12655"}],"curies":[{"name":"wp","href":"https:\/\/api.w.org\/{rel}","templated":true}]}}