{"id":14623,"date":"2016-09-09T21:33:13","date_gmt":"2016-09-09T18:33:13","guid":{"rendered":"https:\/\/aktialiiga.fi\/miehet\/?p=14623"},"modified":"2018-04-20T12:47:33","modified_gmt":"2018-04-20T09:47:33","slug":"kohti-kautta-aifk-2","status":"publish","type":"post","link":"https:\/\/aktialiiga.fi\/miehet\/2016-2017\/kohti-kautta-2016-2017\/kohti-kautta-aifk-2\/","title":{"rendered":"Kohti kautta: \u00c5IFK"},"content":{"rendered":"<p><strong>\u00c5IFK<\/strong><br \/>\n<em>Kaudella 2015-16<\/em>: Runkosarjan 8., putosi puoliv\u00e4lieriss\u00e4 Cocksille 0-3<br \/>\n<em>Suomen mestaruuksia<\/em>: &#8211;<\/p>\n<p>\u00c5IFK:lla on takana vaikea kausi. Joukkue menetti runkopelaajiaan kesken viime kauden ja etenkin kev\u00e4\u00e4ll\u00e4 tilanne oli nuorelle ja lis\u00e4ksi eritt\u00e4in kapealle ryhm\u00e4lle hankala. P\u00e4\u00e4valmentaja Besim Qerimilla ei harjoituksissakaan ollut tungosta ja t\u00e4m\u00e4 toi omat lis\u00e4haasteensa.<\/p>\n<p>Nyt tilanne uuden kauden alla n\u00e4ytt\u00e4\u00e4 kuitenkin selv\u00e4sti valoisammalta.<\/p>\n<p>&#8211; Viime kausi oli aika raskas, Qerimi my\u00f6nt\u00e4\u00e4.<\/p>\n<p>&#8211; Nyt olemme saaneet lis\u00e4\u00e4 pelaajia rinkiin ja pystymme harjoittelemaan kunnolla.<\/p>\n<p>Tulevaa kautta varten joukkuetta vahvistavat nelj\u00e4 uutta pelaajaa \u2013 kreikkalainen Alexanter Koureta (IEK Xini Dikeas), kroatialaiset Jure Fistonic (RK Buzet) ja Antonio Jelusic (RK Buzet) sek\u00e4 helsinkil\u00e4inen Oscar Berglund (HC West).<\/p>\n<p>\u00c5IFK saa t\u00e4lle kaudelle pitk\u00e4st\u00e4 aikaa my\u00f6s paikallisvastustajan PIF:n palattua p\u00e4\u00e4sarjatasolla pitk\u00e4n tauon j\u00e4lkeen.<\/p>\n<p>&#8211; Katsojia varmasti saadaan ainakin PIF-otteluihin, Qerimi uskoo.<\/p>\n<p>Sarjaj\u00e4rjestelm\u00e4n muutos on otettu Turussa vastaan tyytyv\u00e4isen\u00e4 ja Qerimi povaakin kaikkiaan hyv\u00e4\u00e4 kautta.<\/p>\n<p>&#8211; Uusi j\u00e4rjestelm\u00e4 on hyv\u00e4, jokaisen joukkueen pit\u00e4\u00e4 nyt todella satsata. Sarjassa on paljon hyvi\u00e4 joukkueita ja edess\u00e4 on varmasti mielenkiintoinen kausi.<\/p>\n","protected":false},"excerpt":{"rendered":"<p>\u00c5IFK Kaudella 2015-16: Runkosarjan 8., putosi puoliv\u00e4lieriss\u00e4 Cocksille 0-3 Suomen mestaruuksia: &#8211; \u00c5IFK:lla on takana vaikea kausi. Joukkue menetti runkopelaajiaan kesken viime kauden ja etenkin kev\u00e4\u00e4ll\u00e4 tilanne oli nuorelle ja lis\u00e4ksi eritt\u00e4in kapealle ryhm\u00e4lle hankala. P\u00e4\u00e4valmentaja Besim Qerimilla ei harjoituksissakaan ollut tungosta ja t\u00e4m\u00e4 toi omat lis\u00e4haasteensa. Nyt tilanne uuden kauden alla n\u00e4ytt\u00e4\u00e4 kuitenkin selv\u00e4sti [&hellip;]<\/p>\n","protected":false},"author":13,"featured_media":192,"comment_status":"closed","ping_status":"open","sticky":false,"template":"","format":"standard","meta":{"_acf_changed":false,"jetpack_post_was_ever_published":false,"_jetpack_newsletter_access":"","_jetpack_dont_email_post_to_subs":false,"_jetpack_newsletter_tier_id":0,"_jetpack_memberships_contains_paywalled_content":false,"_jetpack_memberships_contains_paid_content":false,"footnotes":""},"categories":[15],"tags":[50],"class_list":["post-14623","post","type-post","status-publish","format-standard","has-post-thumbnail","hentry","category-kohti-kautta-2016-2017","tag-aifk"],"acf":[],"yoast_head":"<!-- This site is optimized with the Yoast SEO plugin v27.5 - https:\/\/yoast.com\/product\/yoast-seo-wordpress\/ -->\n<title>Kohti kautta: \u00c5IFK | K\u00e4sipallon miesten Aktialiiga<\/title>\n<meta name=\"robots\" content=\"index, follow, max-snippet:-1, max-image-preview:large, max-video-preview:-1\" \/>\n<link rel=\"canonical\" href=\"https:\/\/aktialiiga.fi\/miehet\/2016-2017\/kohti-kautta-2016-2017\/kohti-kautta-aifk-2\/\" \/>\n<meta property=\"og:locale\" content=\"fi_FI\" \/>\n<meta property=\"og:type\" content=\"article\" \/>\n<meta property=\"og:title\" content=\"Kohti kautta: \u00c5IFK | K\u00e4sipallon miesten Aktialiiga\" \/>\n<meta property=\"og:description\" content=\"\u00c5IFK Kaudella 2015-16: Runkosarjan 8., putosi puoliv\u00e4lieriss\u00e4 Cocksille 0-3 Suomen mestaruuksia: &#8211; \u00c5IFK:lla on takana vaikea kausi. Joukkue menetti runkopelaajiaan kesken viime kauden ja etenkin kev\u00e4\u00e4ll\u00e4 tilanne oli nuorelle ja lis\u00e4ksi eritt\u00e4in kapealle ryhm\u00e4lle hankala. P\u00e4\u00e4valmentaja Besim Qerimilla ei harjoituksissakaan ollut tungosta ja t\u00e4m\u00e4 toi omat lis\u00e4haasteensa. Nyt tilanne uuden kauden alla n\u00e4ytt\u00e4\u00e4 kuitenkin selv\u00e4sti [&hellip;]\" \/>\n<meta property=\"og:url\" content=\"https:\/\/aktialiiga.fi\/miehet\/2016-2017\/kohti-kautta-2016-2017\/kohti-kautta-aifk-2\/\" \/>\n<meta property=\"og:site_name\" content=\"K\u00e4sipallon miesten Aktialiiga\" \/>\n<meta property=\"article:publisher\" content=\"https:\/\/www.facebook.com\/finnhandball\" \/>\n<meta property=\"article:published_time\" content=\"2016-09-09T18:33:13+00:00\" \/>\n<meta property=\"article:modified_time\" content=\"2018-04-20T09:47:33+00:00\" \/>\n<meta property=\"og:image\" content=\"https:\/\/i0.wp.com\/aktialiiga.fi\/miehet\/wp-content\/uploads\/sites\/5\/2011\/09\/logo-aifk.gif?fit=92%2C110&ssl=1\" \/>\n\t<meta property=\"og:image:width\" content=\"92\" \/>\n\t<meta property=\"og:image:height\" content=\"110\" \/>\n\t<meta property=\"og:image:type\" content=\"image\/gif\" \/>\n<meta name=\"author\" content=\"tbrmedia\" \/>\n<meta name=\"twitter:card\" content=\"summary_large_image\" \/>\n<meta name=\"twitter:creator\" content=\"@finnhandball\" \/>\n<meta name=\"twitter:site\" content=\"@finnhandball\" \/>\n<script type=\"application\/ld+json\" class=\"yoast-schema-graph\">{\"@context\":\"https:\\\/\\\/schema.org\",\"@graph\":[{\"@type\":\"Article\",\"@id\":\"https:\\\/\\\/aktialiiga.fi\\\/miehet\\\/2016-2017\\\/kohti-kautta-2016-2017\\\/kohti-kautta-aifk-2\\\/#article\",\"isPartOf\":{\"@id\":\"https:\\\/\\\/aktialiiga.fi\\\/miehet\\\/2016-2017\\\/kohti-kautta-2016-2017\\\/kohti-kautta-aifk-2\\\/\"},\"author\":{\"name\":\"tbrmedia\",\"@id\":\"https:\\\/\\\/aktialiiga.fi\\\/miehet\\\/#\\\/schema\\\/person\\\/c14bf42f47041db74603c45afcb18d87\"},\"headline\":\"Kohti kautta: \u00c5IFK\",\"datePublished\":\"2016-09-09T18:33:13+00:00\",\"dateModified\":\"2018-04-20T09:47:33+00:00\",\"mainEntityOfPage\":{\"@id\":\"https:\\\/\\\/aktialiiga.fi\\\/miehet\\\/2016-2017\\\/kohti-kautta-2016-2017\\\/kohti-kautta-aifk-2\\\/\"},\"wordCount\":188,\"publisher\":{\"@id\":\"https:\\\/\\\/aktialiiga.fi\\\/miehet\\\/#organization\"},\"image\":{\"@id\":\"https:\\\/\\\/aktialiiga.fi\\\/miehet\\\/2016-2017\\\/kohti-kautta-2016-2017\\\/kohti-kautta-aifk-2\\\/#primaryimage\"},\"thumbnailUrl\":\"https:\\\/\\\/i0.wp.com\\\/aktialiiga.fi\\\/miehet\\\/wp-content\\\/uploads\\\/sites\\\/5\\\/2011\\\/09\\\/logo-aifk.gif?fit=92%2C110&ssl=1\",\"keywords\":[\"\u00c5IFK\"],\"articleSection\":[\"Kohti kautta\"],\"inLanguage\":\"fi\"},{\"@type\":\"WebPage\",\"@id\":\"https:\\\/\\\/aktialiiga.fi\\\/miehet\\\/2016-2017\\\/kohti-kautta-2016-2017\\\/kohti-kautta-aifk-2\\\/\",\"url\":\"https:\\\/\\\/aktialiiga.fi\\\/miehet\\\/2016-2017\\\/kohti-kautta-2016-2017\\\/kohti-kautta-aifk-2\\\/\",\"name\":\"Kohti kautta: \u00c5IFK | K\u00e4sipallon miesten Aktialiiga\",\"isPartOf\":{\"@id\":\"https:\\\/\\\/aktialiiga.fi\\\/miehet\\\/#website\"},\"primaryImageOfPage\":{\"@id\":\"https:\\\/\\\/aktialiiga.fi\\\/miehet\\\/2016-2017\\\/kohti-kautta-2016-2017\\\/kohti-kautta-aifk-2\\\/#primaryimage\"},\"image\":{\"@id\":\"https:\\\/\\\/aktialiiga.fi\\\/miehet\\\/2016-2017\\\/kohti-kautta-2016-2017\\\/kohti-kautta-aifk-2\\\/#primaryimage\"},\"thumbnailUrl\":\"https:\\\/\\\/i0.wp.com\\\/aktialiiga.fi\\\/miehet\\\/wp-content\\\/uploads\\\/sites\\\/5\\\/2011\\\/09\\\/logo-aifk.gif?fit=92%2C110&ssl=1\",\"datePublished\":\"2016-09-09T18:33:13+00:00\",\"dateModified\":\"2018-04-20T09:47:33+00:00\",\"breadcrumb\":{\"@id\":\"https:\\\/\\\/aktialiiga.fi\\\/miehet\\\/2016-2017\\\/kohti-kautta-2016-2017\\\/kohti-kautta-aifk-2\\\/#breadcrumb\"},\"inLanguage\":\"fi\",\"potentialAction\":[{\"@type\":\"ReadAction\",\"target\":[\"https:\\\/\\\/aktialiiga.fi\\\/miehet\\\/2016-2017\\\/kohti-kautta-2016-2017\\\/kohti-kautta-aifk-2\\\/\"]}]},{\"@type\":\"ImageObject\",\"inLanguage\":\"fi\",\"@id\":\"https:\\\/\\\/aktialiiga.fi\\\/miehet\\\/2016-2017\\\/kohti-kautta-2016-2017\\\/kohti-kautta-aifk-2\\\/#primaryimage\",\"url\":\"https:\\\/\\\/i0.wp.com\\\/aktialiiga.fi\\\/miehet\\\/wp-content\\\/uploads\\\/sites\\\/5\\\/2011\\\/09\\\/logo-aifk.gif?fit=92%2C110&ssl=1\",\"contentUrl\":\"https:\\\/\\\/i0.wp.com\\\/aktialiiga.fi\\\/miehet\\\/wp-content\\\/uploads\\\/sites\\\/5\\\/2011\\\/09\\\/logo-aifk.gif?fit=92%2C110&ssl=1\",\"width\":92,\"height\":110,\"caption\":\"\u00c5IFK, Turku\"},{\"@type\":\"BreadcrumbList\",\"@id\":\"https:\\\/\\\/aktialiiga.fi\\\/miehet\\\/2016-2017\\\/kohti-kautta-2016-2017\\\/kohti-kautta-aifk-2\\\/#breadcrumb\",\"itemListElement\":[{\"@type\":\"ListItem\",\"position\":1,\"name\":\"Etusivu\",\"item\":\"https:\\\/\\\/aktialiiga.fi\\\/miehet\\\/\"},{\"@type\":\"ListItem\",\"position\":2,\"name\":\"Kohti kautta: \u00c5IFK\"}]},{\"@type\":\"WebSite\",\"@id\":\"https:\\\/\\\/aktialiiga.fi\\\/miehet\\\/#website\",\"url\":\"https:\\\/\\\/aktialiiga.fi\\\/miehet\\\/\",\"name\":\"K\u00e4sipallon miesten Aktialiiga\",\"description\":\"Valtakunnan vauhdikkainta palloilua!\",\"publisher\":{\"@id\":\"https:\\\/\\\/aktialiiga.fi\\\/miehet\\\/#organization\"},\"potentialAction\":[{\"@type\":\"SearchAction\",\"target\":{\"@type\":\"EntryPoint\",\"urlTemplate\":\"https:\\\/\\\/aktialiiga.fi\\\/miehet\\\/?s={search_term_string}\"},\"query-input\":{\"@type\":\"PropertyValueSpecification\",\"valueRequired\":true,\"valueName\":\"search_term_string\"}}],\"inLanguage\":\"fi\"},{\"@type\":\"Organization\",\"@id\":\"https:\\\/\\\/aktialiiga.fi\\\/miehet\\\/#organization\",\"name\":\"K\u00e4sipallon miesten Aktialiiga\",\"url\":\"https:\\\/\\\/aktialiiga.fi\\\/miehet\\\/\",\"logo\":{\"@type\":\"ImageObject\",\"inLanguage\":\"fi\",\"@id\":\"https:\\\/\\\/aktialiiga.fi\\\/miehet\\\/#\\\/schema\\\/logo\\\/image\\\/\",\"url\":\"https:\\\/\\\/i0.wp.com\\\/aktialiiga.fi\\\/miehet\\\/wp-content\\\/uploads\\\/sites\\\/5\\\/2024\\\/09\\\/Aktialiiga-Yoast-512.png?fit=512%2C512&ssl=1\",\"contentUrl\":\"https:\\\/\\\/i0.wp.com\\\/aktialiiga.fi\\\/miehet\\\/wp-content\\\/uploads\\\/sites\\\/5\\\/2024\\\/09\\\/Aktialiiga-Yoast-512.png?fit=512%2C512&ssl=1\",\"width\":512,\"height\":512,\"caption\":\"K\u00e4sipallon miesten Aktialiiga\"},\"image\":{\"@id\":\"https:\\\/\\\/aktialiiga.fi\\\/miehet\\\/#\\\/schema\\\/logo\\\/image\\\/\"},\"sameAs\":[\"https:\\\/\\\/www.facebook.com\\\/finnhandball\",\"https:\\\/\\\/x.com\\\/finnhandball\",\"https:\\\/\\\/www.instagram.com\\\/handballfinland\\\/\"]},{\"@type\":\"Person\",\"@id\":\"https:\\\/\\\/aktialiiga.fi\\\/miehet\\\/#\\\/schema\\\/person\\\/c14bf42f47041db74603c45afcb18d87\",\"name\":\"tbrmedia\",\"image\":{\"@type\":\"ImageObject\",\"inLanguage\":\"fi\",\"@id\":\"https:\\\/\\\/secure.gravatar.com\\\/avatar\\\/ee975fa091fe581d12b60debb3439022686618368a7c142044c56724d4666b16?s=96&d=mm&r=g\",\"url\":\"https:\\\/\\\/secure.gravatar.com\\\/avatar\\\/ee975fa091fe581d12b60debb3439022686618368a7c142044c56724d4666b16?s=96&d=mm&r=g\",\"contentUrl\":\"https:\\\/\\\/secure.gravatar.com\\\/avatar\\\/ee975fa091fe581d12b60debb3439022686618368a7c142044c56724d4666b16?s=96&d=mm&r=g\",\"caption\":\"tbrmedia\"}}]}<\/script>\n<!-- \/ Yoast SEO plugin. -->","yoast_head_json":{"title":"Kohti kautta: \u00c5IFK | K\u00e4sipallon miesten Aktialiiga","robots":{"index":"index","follow":"follow","max-snippet":"max-snippet:-1","max-image-preview":"max-image-preview:large","max-video-preview":"max-video-preview:-1"},"canonical":"https:\/\/aktialiiga.fi\/miehet\/2016-2017\/kohti-kautta-2016-2017\/kohti-kautta-aifk-2\/","og_locale":"fi_FI","og_type":"article","og_title":"Kohti kautta: \u00c5IFK | K\u00e4sipallon miesten Aktialiiga","og_description":"\u00c5IFK Kaudella 2015-16: Runkosarjan 8., putosi puoliv\u00e4lieriss\u00e4 Cocksille 0-3 Suomen mestaruuksia: &#8211; \u00c5IFK:lla on takana vaikea kausi. Joukkue menetti runkopelaajiaan kesken viime kauden ja etenkin kev\u00e4\u00e4ll\u00e4 tilanne oli nuorelle ja lis\u00e4ksi eritt\u00e4in kapealle ryhm\u00e4lle hankala. P\u00e4\u00e4valmentaja Besim Qerimilla ei harjoituksissakaan ollut tungosta ja t\u00e4m\u00e4 toi omat lis\u00e4haasteensa. Nyt tilanne uuden kauden alla n\u00e4ytt\u00e4\u00e4 kuitenkin selv\u00e4sti [&hellip;]","og_url":"https:\/\/aktialiiga.fi\/miehet\/2016-2017\/kohti-kautta-2016-2017\/kohti-kautta-aifk-2\/","og_site_name":"K\u00e4sipallon miesten Aktialiiga","article_publisher":"https:\/\/www.facebook.com\/finnhandball","article_published_time":"2016-09-09T18:33:13+00:00","article_modified_time":"2018-04-20T09:47:33+00:00","og_image":[{"width":92,"height":110,"url":"https:\/\/i0.wp.com\/aktialiiga.fi\/miehet\/wp-content\/uploads\/sites\/5\/2011\/09\/logo-aifk.gif?fit=92%2C110&ssl=1","type":"image\/gif"}],"author":"tbrmedia","twitter_card":"summary_large_image","twitter_creator":"@finnhandball","twitter_site":"@finnhandball","schema":{"@context":"https:\/\/schema.org","@graph":[{"@type":"Article","@id":"https:\/\/aktialiiga.fi\/miehet\/2016-2017\/kohti-kautta-2016-2017\/kohti-kautta-aifk-2\/#article","isPartOf":{"@id":"https:\/\/aktialiiga.fi\/miehet\/2016-2017\/kohti-kautta-2016-2017\/kohti-kautta-aifk-2\/"},"author":{"name":"tbrmedia","@id":"https:\/\/aktialiiga.fi\/miehet\/#\/schema\/person\/c14bf42f47041db74603c45afcb18d87"},"headline":"Kohti kautta: \u00c5IFK","datePublished":"2016-09-09T18:33:13+00:00","dateModified":"2018-04-20T09:47:33+00:00","mainEntityOfPage":{"@id":"https:\/\/aktialiiga.fi\/miehet\/2016-2017\/kohti-kautta-2016-2017\/kohti-kautta-aifk-2\/"},"wordCount":188,"publisher":{"@id":"https:\/\/aktialiiga.fi\/miehet\/#organization"},"image":{"@id":"https:\/\/aktialiiga.fi\/miehet\/2016-2017\/kohti-kautta-2016-2017\/kohti-kautta-aifk-2\/#primaryimage"},"thumbnailUrl":"https:\/\/i0.wp.com\/aktialiiga.fi\/miehet\/wp-content\/uploads\/sites\/5\/2011\/09\/logo-aifk.gif?fit=92%2C110&ssl=1","keywords":["\u00c5IFK"],"articleSection":["Kohti kautta"],"inLanguage":"fi"},{"@type":"WebPage","@id":"https:\/\/aktialiiga.fi\/miehet\/2016-2017\/kohti-kautta-2016-2017\/kohti-kautta-aifk-2\/","url":"https:\/\/aktialiiga.fi\/miehet\/2016-2017\/kohti-kautta-2016-2017\/kohti-kautta-aifk-2\/","name":"Kohti kautta: \u00c5IFK | K\u00e4sipallon miesten Aktialiiga","isPartOf":{"@id":"https:\/\/aktialiiga.fi\/miehet\/#website"},"primaryImageOfPage":{"@id":"https:\/\/aktialiiga.fi\/miehet\/2016-2017\/kohti-kautta-2016-2017\/kohti-kautta-aifk-2\/#primaryimage"},"image":{"@id":"https:\/\/aktialiiga.fi\/miehet\/2016-2017\/kohti-kautta-2016-2017\/kohti-kautta-aifk-2\/#primaryimage"},"thumbnailUrl":"https:\/\/i0.wp.com\/aktialiiga.fi\/miehet\/wp-content\/uploads\/sites\/5\/2011\/09\/logo-aifk.gif?fit=92%2C110&ssl=1","datePublished":"2016-09-09T18:33:13+00:00","dateModified":"2018-04-20T09:47:33+00:00","breadcrumb":{"@id":"https:\/\/aktialiiga.fi\/miehet\/2016-2017\/kohti-kautta-2016-2017\/kohti-kautta-aifk-2\/#breadcrumb"},"inLanguage":"fi","potentialAction":[{"@type":"ReadAction","target":["https:\/\/aktialiiga.fi\/miehet\/2016-2017\/kohti-kautta-2016-2017\/kohti-kautta-aifk-2\/"]}]},{"@type":"ImageObject","inLanguage":"fi","@id":"https:\/\/aktialiiga.fi\/miehet\/2016-2017\/kohti-kautta-2016-2017\/kohti-kautta-aifk-2\/#primaryimage","url":"https:\/\/i0.wp.com\/aktialiiga.fi\/miehet\/wp-content\/uploads\/sites\/5\/2011\/09\/logo-aifk.gif?fit=92%2C110&ssl=1","contentUrl":"https:\/\/i0.wp.com\/aktialiiga.fi\/miehet\/wp-content\/uploads\/sites\/5\/2011\/09\/logo-aifk.gif?fit=92%2C110&ssl=1","width":92,"height":110,"caption":"\u00c5IFK, Turku"},{"@type":"BreadcrumbList","@id":"https:\/\/aktialiiga.fi\/miehet\/2016-2017\/kohti-kautta-2016-2017\/kohti-kautta-aifk-2\/#breadcrumb","itemListElement":[{"@type":"ListItem","position":1,"name":"Etusivu","item":"https:\/\/aktialiiga.fi\/miehet\/"},{"@type":"ListItem","position":2,"name":"Kohti kautta: \u00c5IFK"}]},{"@type":"WebSite","@id":"https:\/\/aktialiiga.fi\/miehet\/#website","url":"https:\/\/aktialiiga.fi\/miehet\/","name":"K\u00e4sipallon miesten Aktialiiga","description":"Valtakunnan vauhdikkainta palloilua!","publisher":{"@id":"https:\/\/aktialiiga.fi\/miehet\/#organization"},"potentialAction":[{"@type":"SearchAction","target":{"@type":"EntryPoint","urlTemplate":"https:\/\/aktialiiga.fi\/miehet\/?s={search_term_string}"},"query-input":{"@type":"PropertyValueSpecification","valueRequired":true,"valueName":"search_term_string"}}],"inLanguage":"fi"},{"@type":"Organization","@id":"https:\/\/aktialiiga.fi\/miehet\/#organization","name":"K\u00e4sipallon miesten Aktialiiga","url":"https:\/\/aktialiiga.fi\/miehet\/","logo":{"@type":"ImageObject","inLanguage":"fi","@id":"https:\/\/aktialiiga.fi\/miehet\/#\/schema\/logo\/image\/","url":"https:\/\/i0.wp.com\/aktialiiga.fi\/miehet\/wp-content\/uploads\/sites\/5\/2024\/09\/Aktialiiga-Yoast-512.png?fit=512%2C512&ssl=1","contentUrl":"https:\/\/i0.wp.com\/aktialiiga.fi\/miehet\/wp-content\/uploads\/sites\/5\/2024\/09\/Aktialiiga-Yoast-512.png?fit=512%2C512&ssl=1","width":512,"height":512,"caption":"K\u00e4sipallon miesten Aktialiiga"},"image":{"@id":"https:\/\/aktialiiga.fi\/miehet\/#\/schema\/logo\/image\/"},"sameAs":["https:\/\/www.facebook.com\/finnhandball","https:\/\/x.com\/finnhandball","https:\/\/www.instagram.com\/handballfinland\/"]},{"@type":"Person","@id":"https:\/\/aktialiiga.fi\/miehet\/#\/schema\/person\/c14bf42f47041db74603c45afcb18d87","name":"tbrmedia","image":{"@type":"ImageObject","inLanguage":"fi","@id":"https:\/\/secure.gravatar.com\/avatar\/ee975fa091fe581d12b60debb3439022686618368a7c142044c56724d4666b16?s=96&d=mm&r=g","url":"https:\/\/secure.gravatar.com\/avatar\/ee975fa091fe581d12b60debb3439022686618368a7c142044c56724d4666b16?s=96&d=mm&r=g","contentUrl":"https:\/\/secure.gravatar.com\/avatar\/ee975fa091fe581d12b60debb3439022686618368a7c142044c56724d4666b16?s=96&d=mm&r=g","caption":"tbrmedia"}}]}},"jetpack_featured_media_url":"https:\/\/i0.wp.com\/aktialiiga.fi\/miehet\/wp-content\/uploads\/sites\/5\/2011\/09\/logo-aifk.gif?fit=92%2C110&ssl=1","jetpack_sharing_enabled":true,"jetpack_shortlink":"https:\/\/wp.me\/pfTxOr-3NR","_links":{"self":[{"href":"https:\/\/aktialiiga.fi\/miehet\/wp-json\/wp\/v2\/posts\/14623","targetHints":{"allow":["GET"]}}],"collection":[{"href":"https:\/\/aktialiiga.fi\/miehet\/wp-json\/wp\/v2\/posts"}],"about":[{"href":"https:\/\/aktialiiga.fi\/miehet\/wp-json\/wp\/v2\/types\/post"}],"author":[{"embeddable":true,"href":"https:\/\/aktialiiga.fi\/miehet\/wp-json\/wp\/v2\/users\/13"}],"replies":[{"embeddable":true,"href":"https:\/\/aktialiiga.fi\/miehet\/wp-json\/wp\/v2\/comments?post=14623"}],"version-history":[{"count":0,"href":"https:\/\/aktialiiga.fi\/miehet\/wp-json\/wp\/v2\/posts\/14623\/revisions"}],"wp:featuredmedia":[{"embeddable":true,"href":"https:\/\/aktialiiga.fi\/miehet\/wp-json\/wp\/v2\/media\/192"}],"wp:attachment":[{"href":"https:\/\/aktialiiga.fi\/miehet\/wp-json\/wp\/v2\/media?parent=14623"}],"wp:term":[{"taxonomy":"category","embeddable":true,"href":"https:\/\/aktialiiga.fi\/miehet\/wp-json\/wp\/v2\/categories?post=14623"},{"taxonomy":"post_tag","embeddable":true,"href":"https:\/\/aktialiiga.fi\/miehet\/wp-json\/wp\/v2\/tags?post=14623"}],"curies":[{"name":"wp","href":"https:\/\/api.w.org\/{rel}","templated":true}]}}