{"id":1515,"date":"2011-12-14T11:08:30","date_gmt":"2011-12-14T08:08:30","guid":{"rendered":"http:\/\/www.handisliiga.fi\/?p=1515"},"modified":"2018-03-15T14:38:43","modified_gmt":"2018-03-15T12:38:43","slug":"marcus-sjostedt-lopettaa-pelaajauransa","status":"publish","type":"post","link":"https:\/\/aktialiiga.fi\/miehet\/ajankohtaista\/marcus-sjostedt-lopettaa-pelaajauransa\/","title":{"rendered":"Marcus Sj\u00f6stedt lopettaa pelaajauransa"},"content":{"rendered":"<p><div id=\"attachment_1516\" style=\"width: 234px\" class=\"wp-caption alignright\"><img data-recalc-dims=\"1\" decoding=\"async\" aria-describedby=\"caption-attachment-1516\" src=\"https:\/\/i0.wp.com\/finnhandball.net\/handisliiga\/wp-content\/uploads\/sites\/9\/2011\/12\/marcus-sjostedt-224x300.jpg?resize=224%2C300&#038;ssl=1\" alt=\"Marcus Sj\u00f6stedt, SIF\" title=\"Marcus Sj\u00f6stedt, SIF\" width=\"224\" height=\"300\" class=\"size-medium wp-image-1516\" srcset=\"https:\/\/i0.wp.com\/aktialiiga.fi\/miehet\/wp-content\/uploads\/sites\/5\/2011\/12\/marcus-sjostedt.jpg?resize=224%2C300&amp;ssl=1 224w, https:\/\/i0.wp.com\/aktialiiga.fi\/miehet\/wp-content\/uploads\/sites\/5\/2011\/12\/marcus-sjostedt.jpg?w=350&amp;ssl=1 350w\" sizes=\"(max-width: 224px) 100vw, 224px\" \/><p id=\"caption-attachment-1516\" class=\"wp-caption-text\">Marcus Sj\u00f6stedt, SIF<\/p><\/div> Olkap\u00e4\u00e4vamma p\u00e4\u00e4tt\u00e4\u00e4 SIF:n Marcus Sj\u00f6stedtin mittavan ja maineikkaan peliuran. Sj\u00f6stedt on p\u00e4\u00e4tt\u00e4nyt keskitty\u00e4 jatkossa t\u00e4ydent\u00e4m\u00e4\u00e4n SIF:n liigajoukkueen valmennusjohtoa sek\u00e4 viem\u00e4\u00e4n Suomen P96 joukkuetta kohti menestyst\u00e4 yhdess\u00e4 Mikko Koskuen kanssa.<br \/>\n<!--more--><br \/>\nNyt 36-vuotiaan Sj\u00f6stedtin ura alkoi KyIF:ss\u00e4, josta h\u00e4n A-juniori-ik\u00e4isen\u00e4 siirtyi GrIFK:hon. Viiden Kauniaisissa vietetyn vuoden j\u00e4lkeen tie vei nelj\u00e4ksi kaudeksi Alings\u00e5siin Ruotsiin jossa joukkuekavereina olivat mm. Marcus Ahlm (nykyisin THW Kiel) sek\u00e4 suomalaiset Teddy Nordling, Petter Forsstr\u00f6m ja Benjamin Ajo.<\/p>\n<p>Kaudelle 2002-2003 mies palasi Suomeen ja valitsi seurakseen Sjunde\u00e5 IF:n, jossa h\u00e4n on pelannut menestyksekk\u00e4\u00e4sti siit\u00e4 l\u00e4htien. Suomen mestaruuden ja Suomen Cupin Sj\u00f6stedt voitti kelta-vihreiss\u00e4 kaudella 2004-2005.<\/p>\n<p>Sj\u00f6stedt edusti Suomea 87 A-maaottelussa, joissa h\u00e4n teki 335 maalia. SM-sarjassa mies pelasi GrIFK:n ja SIF:n riveiss\u00e4 kaikkiaan 326 ottelua ja teki niiss\u00e4 1490 maalia.<\/p>\n","protected":false},"excerpt":{"rendered":"<p>Olkap\u00e4\u00e4vamma p\u00e4\u00e4tt\u00e4\u00e4 SIF:n Marcus Sj\u00f6stedtin mittavan ja maineikkaan peliuran. Sj\u00f6stedt on p\u00e4\u00e4tt\u00e4nyt keskitty\u00e4 jatkossa t\u00e4ydent\u00e4m\u00e4\u00e4n SIF:n liigajoukkueen valmennusjohtoa sek\u00e4 viem\u00e4\u00e4n Suomen P96 joukkuetta kohti menestyst\u00e4 yhdess\u00e4 Mikko Koskuen kanssa.<\/p>\n","protected":false},"author":13,"featured_media":1516,"comment_status":"closed","ping_status":"closed","sticky":false,"template":"","format":"standard","meta":{"_acf_changed":false,"jetpack_post_was_ever_published":false,"_jetpack_newsletter_access":"","_jetpack_dont_email_post_to_subs":false,"_jetpack_newsletter_tier_id":0,"_jetpack_memberships_contains_paywalled_content":false,"_jetpack_memberships_contains_paid_content":false,"footnotes":""},"categories":[2],"tags":[111],"class_list":["post-1515","post","type-post","status-publish","format-standard","has-post-thumbnail","hentry","category-ajankohtaista","tag-sif"],"acf":[],"yoast_head":"<!-- This site is optimized with the Yoast SEO plugin v27.4 - https:\/\/yoast.com\/product\/yoast-seo-wordpress\/ -->\n<title>Marcus Sj\u00f6stedt lopettaa pelaajauransa | K\u00e4sipallon miesten Aktialiiga<\/title>\n<meta name=\"robots\" content=\"index, follow, max-snippet:-1, max-image-preview:large, max-video-preview:-1\" \/>\n<link rel=\"canonical\" href=\"https:\/\/aktialiiga.fi\/miehet\/ajankohtaista\/marcus-sjostedt-lopettaa-pelaajauransa\/\" \/>\n<meta property=\"og:locale\" content=\"fi_FI\" \/>\n<meta property=\"og:type\" content=\"article\" \/>\n<meta property=\"og:title\" content=\"Marcus Sj\u00f6stedt lopettaa pelaajauransa | K\u00e4sipallon miesten Aktialiiga\" \/>\n<meta property=\"og:description\" content=\"Olkap\u00e4\u00e4vamma p\u00e4\u00e4tt\u00e4\u00e4 SIF:n Marcus Sj\u00f6stedtin mittavan ja maineikkaan peliuran. Sj\u00f6stedt on p\u00e4\u00e4tt\u00e4nyt keskitty\u00e4 jatkossa t\u00e4ydent\u00e4m\u00e4\u00e4n SIF:n liigajoukkueen valmennusjohtoa sek\u00e4 viem\u00e4\u00e4n Suomen P96 joukkuetta kohti menestyst\u00e4 yhdess\u00e4 Mikko Koskuen kanssa.\" \/>\n<meta property=\"og:url\" content=\"https:\/\/aktialiiga.fi\/miehet\/ajankohtaista\/marcus-sjostedt-lopettaa-pelaajauransa\/\" \/>\n<meta property=\"og:site_name\" content=\"K\u00e4sipallon miesten Aktialiiga\" \/>\n<meta property=\"article:publisher\" content=\"https:\/\/www.facebook.com\/finnhandball\" \/>\n<meta property=\"article:published_time\" content=\"2011-12-14T08:08:30+00:00\" \/>\n<meta property=\"article:modified_time\" content=\"2018-03-15T12:38:43+00:00\" \/>\n<meta property=\"og:image\" content=\"https:\/\/i0.wp.com\/aktialiiga.fi\/miehet\/wp-content\/uploads\/sites\/5\/2011\/12\/marcus-sjostedt.jpg?fit=350%2C468&ssl=1\" \/>\n\t<meta property=\"og:image:width\" content=\"350\" \/>\n\t<meta property=\"og:image:height\" content=\"468\" \/>\n\t<meta property=\"og:image:type\" content=\"image\/jpeg\" \/>\n<meta name=\"author\" content=\"tbrmedia\" \/>\n<meta name=\"twitter:card\" content=\"summary_large_image\" \/>\n<meta name=\"twitter:creator\" content=\"@finnhandball\" \/>\n<meta name=\"twitter:site\" content=\"@finnhandball\" \/>\n<script type=\"application\/ld+json\" class=\"yoast-schema-graph\">{\"@context\":\"https:\\\/\\\/schema.org\",\"@graph\":[{\"@type\":\"Article\",\"@id\":\"https:\\\/\\\/aktialiiga.fi\\\/miehet\\\/ajankohtaista\\\/marcus-sjostedt-lopettaa-pelaajauransa\\\/#article\",\"isPartOf\":{\"@id\":\"https:\\\/\\\/aktialiiga.fi\\\/miehet\\\/ajankohtaista\\\/marcus-sjostedt-lopettaa-pelaajauransa\\\/\"},\"author\":{\"name\":\"tbrmedia\",\"@id\":\"https:\\\/\\\/aktialiiga.fi\\\/miehet\\\/#\\\/schema\\\/person\\\/c14bf42f47041db74603c45afcb18d87\"},\"headline\":\"Marcus Sj\u00f6stedt lopettaa pelaajauransa\",\"datePublished\":\"2011-12-14T08:08:30+00:00\",\"dateModified\":\"2018-03-15T12:38:43+00:00\",\"mainEntityOfPage\":{\"@id\":\"https:\\\/\\\/aktialiiga.fi\\\/miehet\\\/ajankohtaista\\\/marcus-sjostedt-lopettaa-pelaajauransa\\\/\"},\"wordCount\":164,\"publisher\":{\"@id\":\"https:\\\/\\\/aktialiiga.fi\\\/miehet\\\/#organization\"},\"image\":{\"@id\":\"https:\\\/\\\/aktialiiga.fi\\\/miehet\\\/ajankohtaista\\\/marcus-sjostedt-lopettaa-pelaajauransa\\\/#primaryimage\"},\"thumbnailUrl\":\"https:\\\/\\\/i0.wp.com\\\/aktialiiga.fi\\\/miehet\\\/wp-content\\\/uploads\\\/sites\\\/5\\\/2011\\\/12\\\/marcus-sjostedt.jpg?fit=350%2C468&ssl=1\",\"keywords\":[\"SIF\"],\"articleSection\":[\"Ajankohtaista\"],\"inLanguage\":\"fi\"},{\"@type\":\"WebPage\",\"@id\":\"https:\\\/\\\/aktialiiga.fi\\\/miehet\\\/ajankohtaista\\\/marcus-sjostedt-lopettaa-pelaajauransa\\\/\",\"url\":\"https:\\\/\\\/aktialiiga.fi\\\/miehet\\\/ajankohtaista\\\/marcus-sjostedt-lopettaa-pelaajauransa\\\/\",\"name\":\"Marcus Sj\u00f6stedt lopettaa pelaajauransa | K\u00e4sipallon miesten Aktialiiga\",\"isPartOf\":{\"@id\":\"https:\\\/\\\/aktialiiga.fi\\\/miehet\\\/#website\"},\"primaryImageOfPage\":{\"@id\":\"https:\\\/\\\/aktialiiga.fi\\\/miehet\\\/ajankohtaista\\\/marcus-sjostedt-lopettaa-pelaajauransa\\\/#primaryimage\"},\"image\":{\"@id\":\"https:\\\/\\\/aktialiiga.fi\\\/miehet\\\/ajankohtaista\\\/marcus-sjostedt-lopettaa-pelaajauransa\\\/#primaryimage\"},\"thumbnailUrl\":\"https:\\\/\\\/i0.wp.com\\\/aktialiiga.fi\\\/miehet\\\/wp-content\\\/uploads\\\/sites\\\/5\\\/2011\\\/12\\\/marcus-sjostedt.jpg?fit=350%2C468&ssl=1\",\"datePublished\":\"2011-12-14T08:08:30+00:00\",\"dateModified\":\"2018-03-15T12:38:43+00:00\",\"breadcrumb\":{\"@id\":\"https:\\\/\\\/aktialiiga.fi\\\/miehet\\\/ajankohtaista\\\/marcus-sjostedt-lopettaa-pelaajauransa\\\/#breadcrumb\"},\"inLanguage\":\"fi\",\"potentialAction\":[{\"@type\":\"ReadAction\",\"target\":[\"https:\\\/\\\/aktialiiga.fi\\\/miehet\\\/ajankohtaista\\\/marcus-sjostedt-lopettaa-pelaajauransa\\\/\"]}]},{\"@type\":\"ImageObject\",\"inLanguage\":\"fi\",\"@id\":\"https:\\\/\\\/aktialiiga.fi\\\/miehet\\\/ajankohtaista\\\/marcus-sjostedt-lopettaa-pelaajauransa\\\/#primaryimage\",\"url\":\"https:\\\/\\\/i0.wp.com\\\/aktialiiga.fi\\\/miehet\\\/wp-content\\\/uploads\\\/sites\\\/5\\\/2011\\\/12\\\/marcus-sjostedt.jpg?fit=350%2C468&ssl=1\",\"contentUrl\":\"https:\\\/\\\/i0.wp.com\\\/aktialiiga.fi\\\/miehet\\\/wp-content\\\/uploads\\\/sites\\\/5\\\/2011\\\/12\\\/marcus-sjostedt.jpg?fit=350%2C468&ssl=1\",\"width\":350,\"height\":468,\"caption\":\"Marcus Sj\u00f6stedt, SIF\"},{\"@type\":\"BreadcrumbList\",\"@id\":\"https:\\\/\\\/aktialiiga.fi\\\/miehet\\\/ajankohtaista\\\/marcus-sjostedt-lopettaa-pelaajauransa\\\/#breadcrumb\",\"itemListElement\":[{\"@type\":\"ListItem\",\"position\":1,\"name\":\"Etusivu\",\"item\":\"https:\\\/\\\/aktialiiga.fi\\\/miehet\\\/\"},{\"@type\":\"ListItem\",\"position\":2,\"name\":\"Marcus Sj\u00f6stedt lopettaa pelaajauransa\"}]},{\"@type\":\"WebSite\",\"@id\":\"https:\\\/\\\/aktialiiga.fi\\\/miehet\\\/#website\",\"url\":\"https:\\\/\\\/aktialiiga.fi\\\/miehet\\\/\",\"name\":\"K\u00e4sipallon miesten Aktialiiga\",\"description\":\"Valtakunnan vauhdikkainta palloilua!\",\"publisher\":{\"@id\":\"https:\\\/\\\/aktialiiga.fi\\\/miehet\\\/#organization\"},\"potentialAction\":[{\"@type\":\"SearchAction\",\"target\":{\"@type\":\"EntryPoint\",\"urlTemplate\":\"https:\\\/\\\/aktialiiga.fi\\\/miehet\\\/?s={search_term_string}\"},\"query-input\":{\"@type\":\"PropertyValueSpecification\",\"valueRequired\":true,\"valueName\":\"search_term_string\"}}],\"inLanguage\":\"fi\"},{\"@type\":\"Organization\",\"@id\":\"https:\\\/\\\/aktialiiga.fi\\\/miehet\\\/#organization\",\"name\":\"K\u00e4sipallon miesten Aktialiiga\",\"url\":\"https:\\\/\\\/aktialiiga.fi\\\/miehet\\\/\",\"logo\":{\"@type\":\"ImageObject\",\"inLanguage\":\"fi\",\"@id\":\"https:\\\/\\\/aktialiiga.fi\\\/miehet\\\/#\\\/schema\\\/logo\\\/image\\\/\",\"url\":\"https:\\\/\\\/i0.wp.com\\\/aktialiiga.fi\\\/miehet\\\/wp-content\\\/uploads\\\/sites\\\/5\\\/2024\\\/09\\\/Aktialiiga-Yoast-512.png?fit=512%2C512&ssl=1\",\"contentUrl\":\"https:\\\/\\\/i0.wp.com\\\/aktialiiga.fi\\\/miehet\\\/wp-content\\\/uploads\\\/sites\\\/5\\\/2024\\\/09\\\/Aktialiiga-Yoast-512.png?fit=512%2C512&ssl=1\",\"width\":512,\"height\":512,\"caption\":\"K\u00e4sipallon miesten Aktialiiga\"},\"image\":{\"@id\":\"https:\\\/\\\/aktialiiga.fi\\\/miehet\\\/#\\\/schema\\\/logo\\\/image\\\/\"},\"sameAs\":[\"https:\\\/\\\/www.facebook.com\\\/finnhandball\",\"https:\\\/\\\/x.com\\\/finnhandball\",\"https:\\\/\\\/www.instagram.com\\\/handballfinland\\\/\"]},{\"@type\":\"Person\",\"@id\":\"https:\\\/\\\/aktialiiga.fi\\\/miehet\\\/#\\\/schema\\\/person\\\/c14bf42f47041db74603c45afcb18d87\",\"name\":\"tbrmedia\",\"image\":{\"@type\":\"ImageObject\",\"inLanguage\":\"fi\",\"@id\":\"https:\\\/\\\/secure.gravatar.com\\\/avatar\\\/ee975fa091fe581d12b60debb3439022686618368a7c142044c56724d4666b16?s=96&d=mm&r=g\",\"url\":\"https:\\\/\\\/secure.gravatar.com\\\/avatar\\\/ee975fa091fe581d12b60debb3439022686618368a7c142044c56724d4666b16?s=96&d=mm&r=g\",\"contentUrl\":\"https:\\\/\\\/secure.gravatar.com\\\/avatar\\\/ee975fa091fe581d12b60debb3439022686618368a7c142044c56724d4666b16?s=96&d=mm&r=g\",\"caption\":\"tbrmedia\"}}]}<\/script>\n<!-- \/ Yoast SEO plugin. -->","yoast_head_json":{"title":"Marcus Sj\u00f6stedt lopettaa pelaajauransa | K\u00e4sipallon miesten Aktialiiga","robots":{"index":"index","follow":"follow","max-snippet":"max-snippet:-1","max-image-preview":"max-image-preview:large","max-video-preview":"max-video-preview:-1"},"canonical":"https:\/\/aktialiiga.fi\/miehet\/ajankohtaista\/marcus-sjostedt-lopettaa-pelaajauransa\/","og_locale":"fi_FI","og_type":"article","og_title":"Marcus Sj\u00f6stedt lopettaa pelaajauransa | K\u00e4sipallon miesten Aktialiiga","og_description":"Olkap\u00e4\u00e4vamma p\u00e4\u00e4tt\u00e4\u00e4 SIF:n Marcus Sj\u00f6stedtin mittavan ja maineikkaan peliuran. Sj\u00f6stedt on p\u00e4\u00e4tt\u00e4nyt keskitty\u00e4 jatkossa t\u00e4ydent\u00e4m\u00e4\u00e4n SIF:n liigajoukkueen valmennusjohtoa sek\u00e4 viem\u00e4\u00e4n Suomen P96 joukkuetta kohti menestyst\u00e4 yhdess\u00e4 Mikko Koskuen kanssa.","og_url":"https:\/\/aktialiiga.fi\/miehet\/ajankohtaista\/marcus-sjostedt-lopettaa-pelaajauransa\/","og_site_name":"K\u00e4sipallon miesten Aktialiiga","article_publisher":"https:\/\/www.facebook.com\/finnhandball","article_published_time":"2011-12-14T08:08:30+00:00","article_modified_time":"2018-03-15T12:38:43+00:00","og_image":[{"width":350,"height":468,"url":"https:\/\/i0.wp.com\/aktialiiga.fi\/miehet\/wp-content\/uploads\/sites\/5\/2011\/12\/marcus-sjostedt.jpg?fit=350%2C468&ssl=1","type":"image\/jpeg"}],"author":"tbrmedia","twitter_card":"summary_large_image","twitter_creator":"@finnhandball","twitter_site":"@finnhandball","schema":{"@context":"https:\/\/schema.org","@graph":[{"@type":"Article","@id":"https:\/\/aktialiiga.fi\/miehet\/ajankohtaista\/marcus-sjostedt-lopettaa-pelaajauransa\/#article","isPartOf":{"@id":"https:\/\/aktialiiga.fi\/miehet\/ajankohtaista\/marcus-sjostedt-lopettaa-pelaajauransa\/"},"author":{"name":"tbrmedia","@id":"https:\/\/aktialiiga.fi\/miehet\/#\/schema\/person\/c14bf42f47041db74603c45afcb18d87"},"headline":"Marcus Sj\u00f6stedt lopettaa pelaajauransa","datePublished":"2011-12-14T08:08:30+00:00","dateModified":"2018-03-15T12:38:43+00:00","mainEntityOfPage":{"@id":"https:\/\/aktialiiga.fi\/miehet\/ajankohtaista\/marcus-sjostedt-lopettaa-pelaajauransa\/"},"wordCount":164,"publisher":{"@id":"https:\/\/aktialiiga.fi\/miehet\/#organization"},"image":{"@id":"https:\/\/aktialiiga.fi\/miehet\/ajankohtaista\/marcus-sjostedt-lopettaa-pelaajauransa\/#primaryimage"},"thumbnailUrl":"https:\/\/i0.wp.com\/aktialiiga.fi\/miehet\/wp-content\/uploads\/sites\/5\/2011\/12\/marcus-sjostedt.jpg?fit=350%2C468&ssl=1","keywords":["SIF"],"articleSection":["Ajankohtaista"],"inLanguage":"fi"},{"@type":"WebPage","@id":"https:\/\/aktialiiga.fi\/miehet\/ajankohtaista\/marcus-sjostedt-lopettaa-pelaajauransa\/","url":"https:\/\/aktialiiga.fi\/miehet\/ajankohtaista\/marcus-sjostedt-lopettaa-pelaajauransa\/","name":"Marcus Sj\u00f6stedt lopettaa pelaajauransa | K\u00e4sipallon miesten Aktialiiga","isPartOf":{"@id":"https:\/\/aktialiiga.fi\/miehet\/#website"},"primaryImageOfPage":{"@id":"https:\/\/aktialiiga.fi\/miehet\/ajankohtaista\/marcus-sjostedt-lopettaa-pelaajauransa\/#primaryimage"},"image":{"@id":"https:\/\/aktialiiga.fi\/miehet\/ajankohtaista\/marcus-sjostedt-lopettaa-pelaajauransa\/#primaryimage"},"thumbnailUrl":"https:\/\/i0.wp.com\/aktialiiga.fi\/miehet\/wp-content\/uploads\/sites\/5\/2011\/12\/marcus-sjostedt.jpg?fit=350%2C468&ssl=1","datePublished":"2011-12-14T08:08:30+00:00","dateModified":"2018-03-15T12:38:43+00:00","breadcrumb":{"@id":"https:\/\/aktialiiga.fi\/miehet\/ajankohtaista\/marcus-sjostedt-lopettaa-pelaajauransa\/#breadcrumb"},"inLanguage":"fi","potentialAction":[{"@type":"ReadAction","target":["https:\/\/aktialiiga.fi\/miehet\/ajankohtaista\/marcus-sjostedt-lopettaa-pelaajauransa\/"]}]},{"@type":"ImageObject","inLanguage":"fi","@id":"https:\/\/aktialiiga.fi\/miehet\/ajankohtaista\/marcus-sjostedt-lopettaa-pelaajauransa\/#primaryimage","url":"https:\/\/i0.wp.com\/aktialiiga.fi\/miehet\/wp-content\/uploads\/sites\/5\/2011\/12\/marcus-sjostedt.jpg?fit=350%2C468&ssl=1","contentUrl":"https:\/\/i0.wp.com\/aktialiiga.fi\/miehet\/wp-content\/uploads\/sites\/5\/2011\/12\/marcus-sjostedt.jpg?fit=350%2C468&ssl=1","width":350,"height":468,"caption":"Marcus Sj\u00f6stedt, SIF"},{"@type":"BreadcrumbList","@id":"https:\/\/aktialiiga.fi\/miehet\/ajankohtaista\/marcus-sjostedt-lopettaa-pelaajauransa\/#breadcrumb","itemListElement":[{"@type":"ListItem","position":1,"name":"Etusivu","item":"https:\/\/aktialiiga.fi\/miehet\/"},{"@type":"ListItem","position":2,"name":"Marcus Sj\u00f6stedt lopettaa pelaajauransa"}]},{"@type":"WebSite","@id":"https:\/\/aktialiiga.fi\/miehet\/#website","url":"https:\/\/aktialiiga.fi\/miehet\/","name":"K\u00e4sipallon miesten Aktialiiga","description":"Valtakunnan vauhdikkainta palloilua!","publisher":{"@id":"https:\/\/aktialiiga.fi\/miehet\/#organization"},"potentialAction":[{"@type":"SearchAction","target":{"@type":"EntryPoint","urlTemplate":"https:\/\/aktialiiga.fi\/miehet\/?s={search_term_string}"},"query-input":{"@type":"PropertyValueSpecification","valueRequired":true,"valueName":"search_term_string"}}],"inLanguage":"fi"},{"@type":"Organization","@id":"https:\/\/aktialiiga.fi\/miehet\/#organization","name":"K\u00e4sipallon miesten Aktialiiga","url":"https:\/\/aktialiiga.fi\/miehet\/","logo":{"@type":"ImageObject","inLanguage":"fi","@id":"https:\/\/aktialiiga.fi\/miehet\/#\/schema\/logo\/image\/","url":"https:\/\/i0.wp.com\/aktialiiga.fi\/miehet\/wp-content\/uploads\/sites\/5\/2024\/09\/Aktialiiga-Yoast-512.png?fit=512%2C512&ssl=1","contentUrl":"https:\/\/i0.wp.com\/aktialiiga.fi\/miehet\/wp-content\/uploads\/sites\/5\/2024\/09\/Aktialiiga-Yoast-512.png?fit=512%2C512&ssl=1","width":512,"height":512,"caption":"K\u00e4sipallon miesten Aktialiiga"},"image":{"@id":"https:\/\/aktialiiga.fi\/miehet\/#\/schema\/logo\/image\/"},"sameAs":["https:\/\/www.facebook.com\/finnhandball","https:\/\/x.com\/finnhandball","https:\/\/www.instagram.com\/handballfinland\/"]},{"@type":"Person","@id":"https:\/\/aktialiiga.fi\/miehet\/#\/schema\/person\/c14bf42f47041db74603c45afcb18d87","name":"tbrmedia","image":{"@type":"ImageObject","inLanguage":"fi","@id":"https:\/\/secure.gravatar.com\/avatar\/ee975fa091fe581d12b60debb3439022686618368a7c142044c56724d4666b16?s=96&d=mm&r=g","url":"https:\/\/secure.gravatar.com\/avatar\/ee975fa091fe581d12b60debb3439022686618368a7c142044c56724d4666b16?s=96&d=mm&r=g","contentUrl":"https:\/\/secure.gravatar.com\/avatar\/ee975fa091fe581d12b60debb3439022686618368a7c142044c56724d4666b16?s=96&d=mm&r=g","caption":"tbrmedia"}}]}},"jetpack_featured_media_url":"https:\/\/i0.wp.com\/aktialiiga.fi\/miehet\/wp-content\/uploads\/sites\/5\/2011\/12\/marcus-sjostedt.jpg?fit=350%2C468&ssl=1","jetpack_sharing_enabled":true,"jetpack_shortlink":"https:\/\/wp.me\/pfTxOr-or","_links":{"self":[{"href":"https:\/\/aktialiiga.fi\/miehet\/wp-json\/wp\/v2\/posts\/1515","targetHints":{"allow":["GET"]}}],"collection":[{"href":"https:\/\/aktialiiga.fi\/miehet\/wp-json\/wp\/v2\/posts"}],"about":[{"href":"https:\/\/aktialiiga.fi\/miehet\/wp-json\/wp\/v2\/types\/post"}],"author":[{"embeddable":true,"href":"https:\/\/aktialiiga.fi\/miehet\/wp-json\/wp\/v2\/users\/13"}],"replies":[{"embeddable":true,"href":"https:\/\/aktialiiga.fi\/miehet\/wp-json\/wp\/v2\/comments?post=1515"}],"version-history":[{"count":0,"href":"https:\/\/aktialiiga.fi\/miehet\/wp-json\/wp\/v2\/posts\/1515\/revisions"}],"wp:featuredmedia":[{"embeddable":true,"href":"https:\/\/aktialiiga.fi\/miehet\/wp-json\/wp\/v2\/media\/1516"}],"wp:attachment":[{"href":"https:\/\/aktialiiga.fi\/miehet\/wp-json\/wp\/v2\/media?parent=1515"}],"wp:term":[{"taxonomy":"category","embeddable":true,"href":"https:\/\/aktialiiga.fi\/miehet\/wp-json\/wp\/v2\/categories?post=1515"},{"taxonomy":"post_tag","embeddable":true,"href":"https:\/\/aktialiiga.fi\/miehet\/wp-json\/wp\/v2\/tags?post=1515"}],"curies":[{"name":"wp","href":"https:\/\/api.w.org\/{rel}","templated":true}]}}