{"id":15332,"date":"2016-10-21T22:55:40","date_gmt":"2016-10-21T19:55:40","guid":{"rendered":"https:\/\/aktialiiga.fi\/miehet\/?p=15332"},"modified":"2018-04-20T12:47:16","modified_gmt":"2018-04-20T09:47:16","slug":"sif-isannoi-dickenia-lauantaina","status":"publish","type":"post","link":"https:\/\/aktialiiga.fi\/miehet\/2016-2017\/ennakot-2016-17\/sif-isannoi-dickenia-lauantaina\/","title":{"rendered":"SIF is\u00e4nn\u00f6i Dickeni\u00e4 lauantaina"},"content":{"rendered":"<p>Siuntiossa n\u00e4hd\u00e4\u00e4n lauantaina alkukauden k\u00e4rkip\u00e4\u00e4n koitos, kun SIF saa vieraakseen Dickenin.<\/p>\n<p>SIF on koonnut alkukauden kuudesta ottelusta seitsem\u00e4n pistett\u00e4 ja Dickenin saldo n\u00e4ytt\u00e4\u00e4 kahta pistett\u00e4 suurempaa pottia. Dicken kuuluu ennakkoon mestari-Cocksin kovimpiin haastajiin ja joukkueen vahvuudet tiedet\u00e4\u00e4n my\u00f6s Siuntiossa.<\/p>\n<p>&#8211; Heid\u00e4n vastaiskupelins\u00e4 on vaarallista, joten meille on t\u00e4rke\u00e4\u00e4 ehti\u00e4 takaisin alas tarpeeksi nopeasti, SIF:n p\u00e4\u00e4valmentaja Kaj Hagman mietti V\u00e4stra Nylandissa.<\/p>\n<p>Dicken k\u00e4rsi kauden ensimm\u00e4isen tappionsa viikolla, kun Cocks haki pisteet Pirkkolasta. Dicken piti kuitenkin mestaria ahtaalla 40 minuuttia ennen kuin riihim\u00e4kel\u00e4iset karkasivat omille teilleen.<\/p>\n<p>Dicken-ottelu on Hagmanin mukaan SIF:lle hyv\u00e4 mittari t\u00e4ss\u00e4 vaiheessa, kun sarjakausi on jo t\u00e4ydess\u00e4 vauhdissa.<\/p>\n<p>&#8211; Odotamme edelleen ensimm\u00e4ist\u00e4 ottelua, josta voisimme j\u00e4lkeenp\u00e4in sanoa ett\u00e4 peli oli hyv\u00e4\u00e4 60 minuutin ajan. Jos pystymme siihen Dickeni\u00e4 vastaan, on t\u00e4ysin mahdollista ottaa my\u00f6s pisteit\u00e4.<\/p>\n<p>Ottelu Folksam Arenalla alkaa lauantaina kello 16.00.<\/p>\n<p><em>K\u00e4sipallon miesten SM-Liigan ottelut kattavasti my\u00f6s Veikkauksen urheilupelien tarjonnassa, k\u00e4sipallon kohteet l\u00f6yd\u00e4t <a href=\"https:\/\/www.veikkaus.fi\/fi\/urheilu?hae=kasipallo\" target=\"_blank\"><strong>t\u00e4\u00e4lt\u00e4<\/strong><\/a>.<\/em><\/p>\n","protected":false},"excerpt":{"rendered":"<p>Siuntiossa n\u00e4hd\u00e4\u00e4n lauantaina alkukauden k\u00e4rkip\u00e4\u00e4n koitos, kun SIF saa vieraakseen Dickenin. SIF on koonnut alkukauden kuudesta ottelusta seitsem\u00e4n pistett\u00e4 ja Dickenin saldo n\u00e4ytt\u00e4\u00e4 kahta pistett\u00e4 suurempaa pottia. Dicken kuuluu ennakkoon mestari-Cocksin kovimpiin haastajiin ja joukkueen vahvuudet tiedet\u00e4\u00e4n my\u00f6s Siuntiossa. &#8211; Heid\u00e4n vastaiskupelins\u00e4 on vaarallista, joten meille on t\u00e4rke\u00e4\u00e4 ehti\u00e4 takaisin alas tarpeeksi nopeasti, SIF:n p\u00e4\u00e4valmentaja [&hellip;]<\/p>\n","protected":false},"author":13,"featured_media":11685,"comment_status":"closed","ping_status":"open","sticky":false,"template":"","format":"standard","meta":{"_acf_changed":false,"jetpack_post_was_ever_published":false,"_jetpack_newsletter_access":"","_jetpack_dont_email_post_to_subs":false,"_jetpack_newsletter_tier_id":0,"_jetpack_memberships_contains_paywalled_content":false,"_jetpack_memberships_contains_paid_content":false,"footnotes":""},"categories":[174],"tags":[58,111],"class_list":["post-15332","post","type-post","status-publish","format-standard","has-post-thumbnail","hentry","category-ennakot-2016-17","tag-dicken","tag-sif"],"acf":[],"yoast_head":"<!-- This site is optimized with the Yoast SEO plugin v27.4 - https:\/\/yoast.com\/product\/yoast-seo-wordpress\/ -->\n<title>SIF is\u00e4nn\u00f6i Dickeni\u00e4 lauantaina | K\u00e4sipallon miesten Aktialiiga<\/title>\n<meta name=\"robots\" content=\"index, follow, max-snippet:-1, max-image-preview:large, max-video-preview:-1\" \/>\n<link rel=\"canonical\" href=\"https:\/\/aktialiiga.fi\/miehet\/2016-2017\/ennakot-2016-17\/sif-isannoi-dickenia-lauantaina\/\" \/>\n<meta property=\"og:locale\" content=\"fi_FI\" \/>\n<meta property=\"og:type\" content=\"article\" \/>\n<meta property=\"og:title\" content=\"SIF is\u00e4nn\u00f6i Dickeni\u00e4 lauantaina | K\u00e4sipallon miesten Aktialiiga\" \/>\n<meta property=\"og:description\" content=\"Siuntiossa n\u00e4hd\u00e4\u00e4n lauantaina alkukauden k\u00e4rkip\u00e4\u00e4n koitos, kun SIF saa vieraakseen Dickenin. SIF on koonnut alkukauden kuudesta ottelusta seitsem\u00e4n pistett\u00e4 ja Dickenin saldo n\u00e4ytt\u00e4\u00e4 kahta pistett\u00e4 suurempaa pottia. Dicken kuuluu ennakkoon mestari-Cocksin kovimpiin haastajiin ja joukkueen vahvuudet tiedet\u00e4\u00e4n my\u00f6s Siuntiossa. &#8211; Heid\u00e4n vastaiskupelins\u00e4 on vaarallista, joten meille on t\u00e4rke\u00e4\u00e4 ehti\u00e4 takaisin alas tarpeeksi nopeasti, SIF:n p\u00e4\u00e4valmentaja [&hellip;]\" \/>\n<meta property=\"og:url\" content=\"https:\/\/aktialiiga.fi\/miehet\/2016-2017\/ennakot-2016-17\/sif-isannoi-dickenia-lauantaina\/\" \/>\n<meta property=\"og:site_name\" content=\"K\u00e4sipallon miesten Aktialiiga\" \/>\n<meta property=\"article:publisher\" content=\"https:\/\/www.facebook.com\/finnhandball\" \/>\n<meta property=\"article:published_time\" content=\"2016-10-21T19:55:40+00:00\" \/>\n<meta property=\"article:modified_time\" content=\"2018-04-20T09:47:16+00:00\" \/>\n<meta property=\"og:image\" content=\"https:\/\/i0.wp.com\/aktialiiga.fi\/miehet\/wp-content\/uploads\/sites\/5\/2016\/03\/SIF_juhlii_1516.jpg?fit=640%2C360&ssl=1\" \/>\n\t<meta property=\"og:image:width\" content=\"640\" \/>\n\t<meta property=\"og:image:height\" content=\"360\" \/>\n\t<meta property=\"og:image:type\" content=\"image\/jpeg\" \/>\n<meta name=\"author\" content=\"tbrmedia\" \/>\n<meta name=\"twitter:card\" content=\"summary_large_image\" \/>\n<meta name=\"twitter:creator\" content=\"@finnhandball\" \/>\n<meta name=\"twitter:site\" content=\"@finnhandball\" \/>\n<script type=\"application\/ld+json\" class=\"yoast-schema-graph\">{\"@context\":\"https:\\\/\\\/schema.org\",\"@graph\":[{\"@type\":\"Article\",\"@id\":\"https:\\\/\\\/aktialiiga.fi\\\/miehet\\\/2016-2017\\\/ennakot-2016-17\\\/sif-isannoi-dickenia-lauantaina\\\/#article\",\"isPartOf\":{\"@id\":\"https:\\\/\\\/aktialiiga.fi\\\/miehet\\\/2016-2017\\\/ennakot-2016-17\\\/sif-isannoi-dickenia-lauantaina\\\/\"},\"author\":{\"name\":\"tbrmedia\",\"@id\":\"https:\\\/\\\/aktialiiga.fi\\\/miehet\\\/#\\\/schema\\\/person\\\/c14bf42f47041db74603c45afcb18d87\"},\"headline\":\"SIF is\u00e4nn\u00f6i Dickeni\u00e4 lauantaina\",\"datePublished\":\"2016-10-21T19:55:40+00:00\",\"dateModified\":\"2018-04-20T09:47:16+00:00\",\"mainEntityOfPage\":{\"@id\":\"https:\\\/\\\/aktialiiga.fi\\\/miehet\\\/2016-2017\\\/ennakot-2016-17\\\/sif-isannoi-dickenia-lauantaina\\\/\"},\"wordCount\":180,\"publisher\":{\"@id\":\"https:\\\/\\\/aktialiiga.fi\\\/miehet\\\/#organization\"},\"image\":{\"@id\":\"https:\\\/\\\/aktialiiga.fi\\\/miehet\\\/2016-2017\\\/ennakot-2016-17\\\/sif-isannoi-dickenia-lauantaina\\\/#primaryimage\"},\"thumbnailUrl\":\"https:\\\/\\\/i0.wp.com\\\/aktialiiga.fi\\\/miehet\\\/wp-content\\\/uploads\\\/sites\\\/5\\\/2016\\\/03\\\/SIF_juhlii_1516.jpg?fit=640%2C360&ssl=1\",\"keywords\":[\"Dicken\",\"SIF\"],\"articleSection\":[\"Ennakot\"],\"inLanguage\":\"fi\"},{\"@type\":\"WebPage\",\"@id\":\"https:\\\/\\\/aktialiiga.fi\\\/miehet\\\/2016-2017\\\/ennakot-2016-17\\\/sif-isannoi-dickenia-lauantaina\\\/\",\"url\":\"https:\\\/\\\/aktialiiga.fi\\\/miehet\\\/2016-2017\\\/ennakot-2016-17\\\/sif-isannoi-dickenia-lauantaina\\\/\",\"name\":\"SIF is\u00e4nn\u00f6i Dickeni\u00e4 lauantaina | K\u00e4sipallon miesten Aktialiiga\",\"isPartOf\":{\"@id\":\"https:\\\/\\\/aktialiiga.fi\\\/miehet\\\/#website\"},\"primaryImageOfPage\":{\"@id\":\"https:\\\/\\\/aktialiiga.fi\\\/miehet\\\/2016-2017\\\/ennakot-2016-17\\\/sif-isannoi-dickenia-lauantaina\\\/#primaryimage\"},\"image\":{\"@id\":\"https:\\\/\\\/aktialiiga.fi\\\/miehet\\\/2016-2017\\\/ennakot-2016-17\\\/sif-isannoi-dickenia-lauantaina\\\/#primaryimage\"},\"thumbnailUrl\":\"https:\\\/\\\/i0.wp.com\\\/aktialiiga.fi\\\/miehet\\\/wp-content\\\/uploads\\\/sites\\\/5\\\/2016\\\/03\\\/SIF_juhlii_1516.jpg?fit=640%2C360&ssl=1\",\"datePublished\":\"2016-10-21T19:55:40+00:00\",\"dateModified\":\"2018-04-20T09:47:16+00:00\",\"breadcrumb\":{\"@id\":\"https:\\\/\\\/aktialiiga.fi\\\/miehet\\\/2016-2017\\\/ennakot-2016-17\\\/sif-isannoi-dickenia-lauantaina\\\/#breadcrumb\"},\"inLanguage\":\"fi\",\"potentialAction\":[{\"@type\":\"ReadAction\",\"target\":[\"https:\\\/\\\/aktialiiga.fi\\\/miehet\\\/2016-2017\\\/ennakot-2016-17\\\/sif-isannoi-dickenia-lauantaina\\\/\"]}]},{\"@type\":\"ImageObject\",\"inLanguage\":\"fi\",\"@id\":\"https:\\\/\\\/aktialiiga.fi\\\/miehet\\\/2016-2017\\\/ennakot-2016-17\\\/sif-isannoi-dickenia-lauantaina\\\/#primaryimage\",\"url\":\"https:\\\/\\\/i0.wp.com\\\/aktialiiga.fi\\\/miehet\\\/wp-content\\\/uploads\\\/sites\\\/5\\\/2016\\\/03\\\/SIF_juhlii_1516.jpg?fit=640%2C360&ssl=1\",\"contentUrl\":\"https:\\\/\\\/i0.wp.com\\\/aktialiiga.fi\\\/miehet\\\/wp-content\\\/uploads\\\/sites\\\/5\\\/2016\\\/03\\\/SIF_juhlii_1516.jpg?fit=640%2C360&ssl=1\",\"width\":640,\"height\":360},{\"@type\":\"BreadcrumbList\",\"@id\":\"https:\\\/\\\/aktialiiga.fi\\\/miehet\\\/2016-2017\\\/ennakot-2016-17\\\/sif-isannoi-dickenia-lauantaina\\\/#breadcrumb\",\"itemListElement\":[{\"@type\":\"ListItem\",\"position\":1,\"name\":\"Etusivu\",\"item\":\"https:\\\/\\\/aktialiiga.fi\\\/miehet\\\/\"},{\"@type\":\"ListItem\",\"position\":2,\"name\":\"SIF is\u00e4nn\u00f6i Dickeni\u00e4 lauantaina\"}]},{\"@type\":\"WebSite\",\"@id\":\"https:\\\/\\\/aktialiiga.fi\\\/miehet\\\/#website\",\"url\":\"https:\\\/\\\/aktialiiga.fi\\\/miehet\\\/\",\"name\":\"K\u00e4sipallon miesten Aktialiiga\",\"description\":\"Valtakunnan vauhdikkainta palloilua!\",\"publisher\":{\"@id\":\"https:\\\/\\\/aktialiiga.fi\\\/miehet\\\/#organization\"},\"potentialAction\":[{\"@type\":\"SearchAction\",\"target\":{\"@type\":\"EntryPoint\",\"urlTemplate\":\"https:\\\/\\\/aktialiiga.fi\\\/miehet\\\/?s={search_term_string}\"},\"query-input\":{\"@type\":\"PropertyValueSpecification\",\"valueRequired\":true,\"valueName\":\"search_term_string\"}}],\"inLanguage\":\"fi\"},{\"@type\":\"Organization\",\"@id\":\"https:\\\/\\\/aktialiiga.fi\\\/miehet\\\/#organization\",\"name\":\"K\u00e4sipallon miesten Aktialiiga\",\"url\":\"https:\\\/\\\/aktialiiga.fi\\\/miehet\\\/\",\"logo\":{\"@type\":\"ImageObject\",\"inLanguage\":\"fi\",\"@id\":\"https:\\\/\\\/aktialiiga.fi\\\/miehet\\\/#\\\/schema\\\/logo\\\/image\\\/\",\"url\":\"https:\\\/\\\/i0.wp.com\\\/aktialiiga.fi\\\/miehet\\\/wp-content\\\/uploads\\\/sites\\\/5\\\/2024\\\/09\\\/Aktialiiga-Yoast-512.png?fit=512%2C512&ssl=1\",\"contentUrl\":\"https:\\\/\\\/i0.wp.com\\\/aktialiiga.fi\\\/miehet\\\/wp-content\\\/uploads\\\/sites\\\/5\\\/2024\\\/09\\\/Aktialiiga-Yoast-512.png?fit=512%2C512&ssl=1\",\"width\":512,\"height\":512,\"caption\":\"K\u00e4sipallon miesten Aktialiiga\"},\"image\":{\"@id\":\"https:\\\/\\\/aktialiiga.fi\\\/miehet\\\/#\\\/schema\\\/logo\\\/image\\\/\"},\"sameAs\":[\"https:\\\/\\\/www.facebook.com\\\/finnhandball\",\"https:\\\/\\\/x.com\\\/finnhandball\",\"https:\\\/\\\/www.instagram.com\\\/handballfinland\\\/\"]},{\"@type\":\"Person\",\"@id\":\"https:\\\/\\\/aktialiiga.fi\\\/miehet\\\/#\\\/schema\\\/person\\\/c14bf42f47041db74603c45afcb18d87\",\"name\":\"tbrmedia\",\"image\":{\"@type\":\"ImageObject\",\"inLanguage\":\"fi\",\"@id\":\"https:\\\/\\\/secure.gravatar.com\\\/avatar\\\/ee975fa091fe581d12b60debb3439022686618368a7c142044c56724d4666b16?s=96&d=mm&r=g\",\"url\":\"https:\\\/\\\/secure.gravatar.com\\\/avatar\\\/ee975fa091fe581d12b60debb3439022686618368a7c142044c56724d4666b16?s=96&d=mm&r=g\",\"contentUrl\":\"https:\\\/\\\/secure.gravatar.com\\\/avatar\\\/ee975fa091fe581d12b60debb3439022686618368a7c142044c56724d4666b16?s=96&d=mm&r=g\",\"caption\":\"tbrmedia\"}}]}<\/script>\n<!-- \/ Yoast SEO plugin. -->","yoast_head_json":{"title":"SIF is\u00e4nn\u00f6i Dickeni\u00e4 lauantaina | K\u00e4sipallon miesten Aktialiiga","robots":{"index":"index","follow":"follow","max-snippet":"max-snippet:-1","max-image-preview":"max-image-preview:large","max-video-preview":"max-video-preview:-1"},"canonical":"https:\/\/aktialiiga.fi\/miehet\/2016-2017\/ennakot-2016-17\/sif-isannoi-dickenia-lauantaina\/","og_locale":"fi_FI","og_type":"article","og_title":"SIF is\u00e4nn\u00f6i Dickeni\u00e4 lauantaina | K\u00e4sipallon miesten Aktialiiga","og_description":"Siuntiossa n\u00e4hd\u00e4\u00e4n lauantaina alkukauden k\u00e4rkip\u00e4\u00e4n koitos, kun SIF saa vieraakseen Dickenin. SIF on koonnut alkukauden kuudesta ottelusta seitsem\u00e4n pistett\u00e4 ja Dickenin saldo n\u00e4ytt\u00e4\u00e4 kahta pistett\u00e4 suurempaa pottia. Dicken kuuluu ennakkoon mestari-Cocksin kovimpiin haastajiin ja joukkueen vahvuudet tiedet\u00e4\u00e4n my\u00f6s Siuntiossa. &#8211; Heid\u00e4n vastaiskupelins\u00e4 on vaarallista, joten meille on t\u00e4rke\u00e4\u00e4 ehti\u00e4 takaisin alas tarpeeksi nopeasti, SIF:n p\u00e4\u00e4valmentaja [&hellip;]","og_url":"https:\/\/aktialiiga.fi\/miehet\/2016-2017\/ennakot-2016-17\/sif-isannoi-dickenia-lauantaina\/","og_site_name":"K\u00e4sipallon miesten Aktialiiga","article_publisher":"https:\/\/www.facebook.com\/finnhandball","article_published_time":"2016-10-21T19:55:40+00:00","article_modified_time":"2018-04-20T09:47:16+00:00","og_image":[{"width":640,"height":360,"url":"https:\/\/i0.wp.com\/aktialiiga.fi\/miehet\/wp-content\/uploads\/sites\/5\/2016\/03\/SIF_juhlii_1516.jpg?fit=640%2C360&ssl=1","type":"image\/jpeg"}],"author":"tbrmedia","twitter_card":"summary_large_image","twitter_creator":"@finnhandball","twitter_site":"@finnhandball","schema":{"@context":"https:\/\/schema.org","@graph":[{"@type":"Article","@id":"https:\/\/aktialiiga.fi\/miehet\/2016-2017\/ennakot-2016-17\/sif-isannoi-dickenia-lauantaina\/#article","isPartOf":{"@id":"https:\/\/aktialiiga.fi\/miehet\/2016-2017\/ennakot-2016-17\/sif-isannoi-dickenia-lauantaina\/"},"author":{"name":"tbrmedia","@id":"https:\/\/aktialiiga.fi\/miehet\/#\/schema\/person\/c14bf42f47041db74603c45afcb18d87"},"headline":"SIF is\u00e4nn\u00f6i Dickeni\u00e4 lauantaina","datePublished":"2016-10-21T19:55:40+00:00","dateModified":"2018-04-20T09:47:16+00:00","mainEntityOfPage":{"@id":"https:\/\/aktialiiga.fi\/miehet\/2016-2017\/ennakot-2016-17\/sif-isannoi-dickenia-lauantaina\/"},"wordCount":180,"publisher":{"@id":"https:\/\/aktialiiga.fi\/miehet\/#organization"},"image":{"@id":"https:\/\/aktialiiga.fi\/miehet\/2016-2017\/ennakot-2016-17\/sif-isannoi-dickenia-lauantaina\/#primaryimage"},"thumbnailUrl":"https:\/\/i0.wp.com\/aktialiiga.fi\/miehet\/wp-content\/uploads\/sites\/5\/2016\/03\/SIF_juhlii_1516.jpg?fit=640%2C360&ssl=1","keywords":["Dicken","SIF"],"articleSection":["Ennakot"],"inLanguage":"fi"},{"@type":"WebPage","@id":"https:\/\/aktialiiga.fi\/miehet\/2016-2017\/ennakot-2016-17\/sif-isannoi-dickenia-lauantaina\/","url":"https:\/\/aktialiiga.fi\/miehet\/2016-2017\/ennakot-2016-17\/sif-isannoi-dickenia-lauantaina\/","name":"SIF is\u00e4nn\u00f6i Dickeni\u00e4 lauantaina | K\u00e4sipallon miesten Aktialiiga","isPartOf":{"@id":"https:\/\/aktialiiga.fi\/miehet\/#website"},"primaryImageOfPage":{"@id":"https:\/\/aktialiiga.fi\/miehet\/2016-2017\/ennakot-2016-17\/sif-isannoi-dickenia-lauantaina\/#primaryimage"},"image":{"@id":"https:\/\/aktialiiga.fi\/miehet\/2016-2017\/ennakot-2016-17\/sif-isannoi-dickenia-lauantaina\/#primaryimage"},"thumbnailUrl":"https:\/\/i0.wp.com\/aktialiiga.fi\/miehet\/wp-content\/uploads\/sites\/5\/2016\/03\/SIF_juhlii_1516.jpg?fit=640%2C360&ssl=1","datePublished":"2016-10-21T19:55:40+00:00","dateModified":"2018-04-20T09:47:16+00:00","breadcrumb":{"@id":"https:\/\/aktialiiga.fi\/miehet\/2016-2017\/ennakot-2016-17\/sif-isannoi-dickenia-lauantaina\/#breadcrumb"},"inLanguage":"fi","potentialAction":[{"@type":"ReadAction","target":["https:\/\/aktialiiga.fi\/miehet\/2016-2017\/ennakot-2016-17\/sif-isannoi-dickenia-lauantaina\/"]}]},{"@type":"ImageObject","inLanguage":"fi","@id":"https:\/\/aktialiiga.fi\/miehet\/2016-2017\/ennakot-2016-17\/sif-isannoi-dickenia-lauantaina\/#primaryimage","url":"https:\/\/i0.wp.com\/aktialiiga.fi\/miehet\/wp-content\/uploads\/sites\/5\/2016\/03\/SIF_juhlii_1516.jpg?fit=640%2C360&ssl=1","contentUrl":"https:\/\/i0.wp.com\/aktialiiga.fi\/miehet\/wp-content\/uploads\/sites\/5\/2016\/03\/SIF_juhlii_1516.jpg?fit=640%2C360&ssl=1","width":640,"height":360},{"@type":"BreadcrumbList","@id":"https:\/\/aktialiiga.fi\/miehet\/2016-2017\/ennakot-2016-17\/sif-isannoi-dickenia-lauantaina\/#breadcrumb","itemListElement":[{"@type":"ListItem","position":1,"name":"Etusivu","item":"https:\/\/aktialiiga.fi\/miehet\/"},{"@type":"ListItem","position":2,"name":"SIF is\u00e4nn\u00f6i Dickeni\u00e4 lauantaina"}]},{"@type":"WebSite","@id":"https:\/\/aktialiiga.fi\/miehet\/#website","url":"https:\/\/aktialiiga.fi\/miehet\/","name":"K\u00e4sipallon miesten Aktialiiga","description":"Valtakunnan vauhdikkainta palloilua!","publisher":{"@id":"https:\/\/aktialiiga.fi\/miehet\/#organization"},"potentialAction":[{"@type":"SearchAction","target":{"@type":"EntryPoint","urlTemplate":"https:\/\/aktialiiga.fi\/miehet\/?s={search_term_string}"},"query-input":{"@type":"PropertyValueSpecification","valueRequired":true,"valueName":"search_term_string"}}],"inLanguage":"fi"},{"@type":"Organization","@id":"https:\/\/aktialiiga.fi\/miehet\/#organization","name":"K\u00e4sipallon miesten Aktialiiga","url":"https:\/\/aktialiiga.fi\/miehet\/","logo":{"@type":"ImageObject","inLanguage":"fi","@id":"https:\/\/aktialiiga.fi\/miehet\/#\/schema\/logo\/image\/","url":"https:\/\/i0.wp.com\/aktialiiga.fi\/miehet\/wp-content\/uploads\/sites\/5\/2024\/09\/Aktialiiga-Yoast-512.png?fit=512%2C512&ssl=1","contentUrl":"https:\/\/i0.wp.com\/aktialiiga.fi\/miehet\/wp-content\/uploads\/sites\/5\/2024\/09\/Aktialiiga-Yoast-512.png?fit=512%2C512&ssl=1","width":512,"height":512,"caption":"K\u00e4sipallon miesten Aktialiiga"},"image":{"@id":"https:\/\/aktialiiga.fi\/miehet\/#\/schema\/logo\/image\/"},"sameAs":["https:\/\/www.facebook.com\/finnhandball","https:\/\/x.com\/finnhandball","https:\/\/www.instagram.com\/handballfinland\/"]},{"@type":"Person","@id":"https:\/\/aktialiiga.fi\/miehet\/#\/schema\/person\/c14bf42f47041db74603c45afcb18d87","name":"tbrmedia","image":{"@type":"ImageObject","inLanguage":"fi","@id":"https:\/\/secure.gravatar.com\/avatar\/ee975fa091fe581d12b60debb3439022686618368a7c142044c56724d4666b16?s=96&d=mm&r=g","url":"https:\/\/secure.gravatar.com\/avatar\/ee975fa091fe581d12b60debb3439022686618368a7c142044c56724d4666b16?s=96&d=mm&r=g","contentUrl":"https:\/\/secure.gravatar.com\/avatar\/ee975fa091fe581d12b60debb3439022686618368a7c142044c56724d4666b16?s=96&d=mm&r=g","caption":"tbrmedia"}}]}},"jetpack_featured_media_url":"https:\/\/i0.wp.com\/aktialiiga.fi\/miehet\/wp-content\/uploads\/sites\/5\/2016\/03\/SIF_juhlii_1516.jpg?fit=640%2C360&ssl=1","jetpack_sharing_enabled":true,"jetpack_shortlink":"https:\/\/wp.me\/pfTxOr-3Zi","_links":{"self":[{"href":"https:\/\/aktialiiga.fi\/miehet\/wp-json\/wp\/v2\/posts\/15332","targetHints":{"allow":["GET"]}}],"collection":[{"href":"https:\/\/aktialiiga.fi\/miehet\/wp-json\/wp\/v2\/posts"}],"about":[{"href":"https:\/\/aktialiiga.fi\/miehet\/wp-json\/wp\/v2\/types\/post"}],"author":[{"embeddable":true,"href":"https:\/\/aktialiiga.fi\/miehet\/wp-json\/wp\/v2\/users\/13"}],"replies":[{"embeddable":true,"href":"https:\/\/aktialiiga.fi\/miehet\/wp-json\/wp\/v2\/comments?post=15332"}],"version-history":[{"count":0,"href":"https:\/\/aktialiiga.fi\/miehet\/wp-json\/wp\/v2\/posts\/15332\/revisions"}],"wp:featuredmedia":[{"embeddable":true,"href":"https:\/\/aktialiiga.fi\/miehet\/wp-json\/wp\/v2\/media\/11685"}],"wp:attachment":[{"href":"https:\/\/aktialiiga.fi\/miehet\/wp-json\/wp\/v2\/media?parent=15332"}],"wp:term":[{"taxonomy":"category","embeddable":true,"href":"https:\/\/aktialiiga.fi\/miehet\/wp-json\/wp\/v2\/categories?post=15332"},{"taxonomy":"post_tag","embeddable":true,"href":"https:\/\/aktialiiga.fi\/miehet\/wp-json\/wp\/v2\/tags?post=15332"}],"curies":[{"name":"wp","href":"https:\/\/api.w.org\/{rel}","templated":true}]}}