{"id":15401,"date":"2016-11-08T08:18:10","date_gmt":"2016-11-08T06:18:10","guid":{"rendered":"https:\/\/aktialiiga.fi\/miehet\/?p=15401"},"modified":"2018-04-20T12:47:14","modified_gmt":"2018-04-20T09:47:14","slug":"aifk-ja-cocks-palaavat-maajoukkuetauolta-tiistaina","status":"publish","type":"post","link":"https:\/\/aktialiiga.fi\/miehet\/2016-2017\/ennakot-2016-17\/aifk-ja-cocks-palaavat-maajoukkuetauolta-tiistaina\/","title":{"rendered":"\u00c5IFK ja Cocks palaavat maajoukkuetauolta tiistaina"},"content":{"rendered":"<p>SM-liiga jatkuu maaottelutauon j\u00e4lkeen tiistaina Turussa, kun \u00c5IFK saa vieraakseen sarjak\u00e4rki Cocksin.<\/p>\n<p>\u00c5IFK on pystynyt t\u00e4h\u00e4n menness\u00e4 voittamaan seitsem\u00e4st\u00e4 ottelustaan ainoastaan kaksi, mutta on useassa lopulta tappioon p\u00e4\u00e4ttyneess\u00e4 ottelussaan pysynyt pitk\u00e4\u00e4n mukana taistelussa pisteist\u00e4.<\/p>\n<p>Ainoat pisteens\u00e4 \u00c5IFK on kuitenkin toistaiseksi pystynyt ottamaan kahta liigan nollakerholaista vastaan. Dynamo Riihim\u00e4ki pysyi syyskuun lopulla yli 50 minuuttia turkulaisten kyydiss\u00e4, mutta joutui lopulta l\u00e4htem\u00e4\u00e4n kotimatkalle tyhjin k\u00e4sin. Nousijajoukkue Pargas IF:st\u00e4 ei sen sijaan ollut edelliskierroksella juuri mink\u00e4\u00e4nlaista vastusta jo ensimm\u00e4isen vartin aikana pelin ratkaisseelle \u00c5IFK:lle.<\/p>\n<p>Cocks puolestaan jyr\u00e4\u00e4 k\u00e4rjess\u00e4 ilman pistemenetyksi\u00e4 ja on napsinut voittonsa keskim\u00e4\u00e4rin hurjalla 13 maalin marginaalilla. Viimeksi GrIFK:ta vastaan Cocks sai kuitenkin tehd\u00e4 jo tosissaan t\u00f6it\u00e4 voiton eteen.<\/p>\n<p>Cocksin l\u00e4ht\u00f6kohtia otteluun hankaloittaa se, ett\u00e4 per\u00e4ti kuusi avainpelaajaa uurasti viime viikolla maajoukkueteht\u00e4viss\u00e4. Toisaalta toinen puoli joukkueesta sai harjoitella ja ladata akkuja rauhassa ja uhkuu pienen tauon j\u00e4ljilt\u00e4 pelihaluja.<\/p>\n<p>Ottelu Samppalinnan palloiluhallissa alkaa tiistaina kello 18.30.<\/p>\n<p><em>K\u00e4sipallon miesten SM-Liigan ottelut kattavasti my\u00f6s Veikkauksen urheilupelien tarjonnassa, k\u00e4sipallon kohteet l\u00f6yd\u00e4t <a href=\"https:\/\/www.veikkaus.fi\/fi\/urheilu?hae=kasipallo\" target=\"_blank\"><strong>t\u00e4\u00e4lt\u00e4<\/strong><\/a>.<\/em><\/p>\n","protected":false},"excerpt":{"rendered":"<p>SM-liiga jatkuu maaottelutauon j\u00e4lkeen tiistaina Turussa, kun \u00c5IFK saa vieraakseen sarjak\u00e4rki Cocksin. \u00c5IFK on pystynyt t\u00e4h\u00e4n menness\u00e4 voittamaan seitsem\u00e4st\u00e4 ottelustaan ainoastaan kaksi, mutta on useassa lopulta tappioon p\u00e4\u00e4ttyneess\u00e4 ottelussaan pysynyt pitk\u00e4\u00e4n mukana taistelussa pisteist\u00e4. Ainoat pisteens\u00e4 \u00c5IFK on kuitenkin toistaiseksi pystynyt ottamaan kahta liigan nollakerholaista vastaan. Dynamo Riihim\u00e4ki pysyi syyskuun lopulla yli 50 minuuttia turkulaisten [&hellip;]<\/p>\n","protected":false},"author":13,"featured_media":15249,"comment_status":"closed","ping_status":"open","sticky":false,"template":"","format":"standard","meta":{"_acf_changed":false,"jetpack_post_was_ever_published":false,"_jetpack_newsletter_access":"","_jetpack_dont_email_post_to_subs":false,"_jetpack_newsletter_tier_id":0,"_jetpack_memberships_contains_paywalled_content":false,"_jetpack_memberships_contains_paid_content":false,"footnotes":""},"categories":[174],"tags":[50,57],"class_list":["post-15401","post","type-post","status-publish","format-standard","has-post-thumbnail","hentry","category-ennakot-2016-17","tag-aifk","tag-cocks"],"acf":[],"yoast_head":"<!-- This site is optimized with the Yoast SEO plugin v27.5 - https:\/\/yoast.com\/product\/yoast-seo-wordpress\/ -->\n<title>\u00c5IFK ja Cocks palaavat maajoukkuetauolta tiistaina | K\u00e4sipallon miesten Aktialiiga<\/title>\n<meta name=\"robots\" content=\"index, follow, max-snippet:-1, max-image-preview:large, max-video-preview:-1\" \/>\n<link rel=\"canonical\" href=\"https:\/\/aktialiiga.fi\/miehet\/2016-2017\/ennakot-2016-17\/aifk-ja-cocks-palaavat-maajoukkuetauolta-tiistaina\/\" \/>\n<meta property=\"og:locale\" content=\"fi_FI\" \/>\n<meta property=\"og:type\" content=\"article\" \/>\n<meta property=\"og:title\" content=\"\u00c5IFK ja Cocks palaavat maajoukkuetauolta tiistaina | K\u00e4sipallon miesten Aktialiiga\" \/>\n<meta property=\"og:description\" content=\"SM-liiga jatkuu maaottelutauon j\u00e4lkeen tiistaina Turussa, kun \u00c5IFK saa vieraakseen sarjak\u00e4rki Cocksin. \u00c5IFK on pystynyt t\u00e4h\u00e4n menness\u00e4 voittamaan seitsem\u00e4st\u00e4 ottelustaan ainoastaan kaksi, mutta on useassa lopulta tappioon p\u00e4\u00e4ttyneess\u00e4 ottelussaan pysynyt pitk\u00e4\u00e4n mukana taistelussa pisteist\u00e4. Ainoat pisteens\u00e4 \u00c5IFK on kuitenkin toistaiseksi pystynyt ottamaan kahta liigan nollakerholaista vastaan. Dynamo Riihim\u00e4ki pysyi syyskuun lopulla yli 50 minuuttia turkulaisten [&hellip;]\" \/>\n<meta property=\"og:url\" content=\"https:\/\/aktialiiga.fi\/miehet\/2016-2017\/ennakot-2016-17\/aifk-ja-cocks-palaavat-maajoukkuetauolta-tiistaina\/\" \/>\n<meta property=\"og:site_name\" content=\"K\u00e4sipallon miesten Aktialiiga\" \/>\n<meta property=\"article:publisher\" content=\"https:\/\/www.facebook.com\/finnhandball\" \/>\n<meta property=\"article:published_time\" content=\"2016-11-08T06:18:10+00:00\" \/>\n<meta property=\"article:modified_time\" content=\"2018-04-20T09:47:14+00:00\" \/>\n<meta property=\"og:image\" content=\"https:\/\/i0.wp.com\/aktialiiga.fi\/miehet\/wp-content\/uploads\/sites\/5\/2016\/10\/Pallokuvitus2016b.jpg?fit=800%2C533&ssl=1\" \/>\n\t<meta property=\"og:image:width\" content=\"800\" \/>\n\t<meta property=\"og:image:height\" content=\"533\" \/>\n\t<meta property=\"og:image:type\" content=\"image\/jpeg\" \/>\n<meta name=\"author\" content=\"tbrmedia\" \/>\n<meta name=\"twitter:card\" content=\"summary_large_image\" \/>\n<meta name=\"twitter:creator\" content=\"@finnhandball\" \/>\n<meta name=\"twitter:site\" content=\"@finnhandball\" \/>\n<script type=\"application\/ld+json\" class=\"yoast-schema-graph\">{\"@context\":\"https:\\\/\\\/schema.org\",\"@graph\":[{\"@type\":\"Article\",\"@id\":\"https:\\\/\\\/aktialiiga.fi\\\/miehet\\\/2016-2017\\\/ennakot-2016-17\\\/aifk-ja-cocks-palaavat-maajoukkuetauolta-tiistaina\\\/#article\",\"isPartOf\":{\"@id\":\"https:\\\/\\\/aktialiiga.fi\\\/miehet\\\/2016-2017\\\/ennakot-2016-17\\\/aifk-ja-cocks-palaavat-maajoukkuetauolta-tiistaina\\\/\"},\"author\":{\"name\":\"tbrmedia\",\"@id\":\"https:\\\/\\\/aktialiiga.fi\\\/miehet\\\/#\\\/schema\\\/person\\\/c14bf42f47041db74603c45afcb18d87\"},\"headline\":\"\u00c5IFK ja Cocks palaavat maajoukkuetauolta tiistaina\",\"datePublished\":\"2016-11-08T06:18:10+00:00\",\"dateModified\":\"2018-04-20T09:47:14+00:00\",\"mainEntityOfPage\":{\"@id\":\"https:\\\/\\\/aktialiiga.fi\\\/miehet\\\/2016-2017\\\/ennakot-2016-17\\\/aifk-ja-cocks-palaavat-maajoukkuetauolta-tiistaina\\\/\"},\"wordCount\":190,\"publisher\":{\"@id\":\"https:\\\/\\\/aktialiiga.fi\\\/miehet\\\/#organization\"},\"image\":{\"@id\":\"https:\\\/\\\/aktialiiga.fi\\\/miehet\\\/2016-2017\\\/ennakot-2016-17\\\/aifk-ja-cocks-palaavat-maajoukkuetauolta-tiistaina\\\/#primaryimage\"},\"thumbnailUrl\":\"https:\\\/\\\/i0.wp.com\\\/aktialiiga.fi\\\/miehet\\\/wp-content\\\/uploads\\\/sites\\\/5\\\/2016\\\/10\\\/Pallokuvitus2016b.jpg?fit=800%2C533&ssl=1\",\"keywords\":[\"\u00c5IFK\",\"Cocks\"],\"articleSection\":[\"Ennakot\"],\"inLanguage\":\"fi\"},{\"@type\":\"WebPage\",\"@id\":\"https:\\\/\\\/aktialiiga.fi\\\/miehet\\\/2016-2017\\\/ennakot-2016-17\\\/aifk-ja-cocks-palaavat-maajoukkuetauolta-tiistaina\\\/\",\"url\":\"https:\\\/\\\/aktialiiga.fi\\\/miehet\\\/2016-2017\\\/ennakot-2016-17\\\/aifk-ja-cocks-palaavat-maajoukkuetauolta-tiistaina\\\/\",\"name\":\"\u00c5IFK ja Cocks palaavat maajoukkuetauolta tiistaina | K\u00e4sipallon miesten Aktialiiga\",\"isPartOf\":{\"@id\":\"https:\\\/\\\/aktialiiga.fi\\\/miehet\\\/#website\"},\"primaryImageOfPage\":{\"@id\":\"https:\\\/\\\/aktialiiga.fi\\\/miehet\\\/2016-2017\\\/ennakot-2016-17\\\/aifk-ja-cocks-palaavat-maajoukkuetauolta-tiistaina\\\/#primaryimage\"},\"image\":{\"@id\":\"https:\\\/\\\/aktialiiga.fi\\\/miehet\\\/2016-2017\\\/ennakot-2016-17\\\/aifk-ja-cocks-palaavat-maajoukkuetauolta-tiistaina\\\/#primaryimage\"},\"thumbnailUrl\":\"https:\\\/\\\/i0.wp.com\\\/aktialiiga.fi\\\/miehet\\\/wp-content\\\/uploads\\\/sites\\\/5\\\/2016\\\/10\\\/Pallokuvitus2016b.jpg?fit=800%2C533&ssl=1\",\"datePublished\":\"2016-11-08T06:18:10+00:00\",\"dateModified\":\"2018-04-20T09:47:14+00:00\",\"breadcrumb\":{\"@id\":\"https:\\\/\\\/aktialiiga.fi\\\/miehet\\\/2016-2017\\\/ennakot-2016-17\\\/aifk-ja-cocks-palaavat-maajoukkuetauolta-tiistaina\\\/#breadcrumb\"},\"inLanguage\":\"fi\",\"potentialAction\":[{\"@type\":\"ReadAction\",\"target\":[\"https:\\\/\\\/aktialiiga.fi\\\/miehet\\\/2016-2017\\\/ennakot-2016-17\\\/aifk-ja-cocks-palaavat-maajoukkuetauolta-tiistaina\\\/\"]}]},{\"@type\":\"ImageObject\",\"inLanguage\":\"fi\",\"@id\":\"https:\\\/\\\/aktialiiga.fi\\\/miehet\\\/2016-2017\\\/ennakot-2016-17\\\/aifk-ja-cocks-palaavat-maajoukkuetauolta-tiistaina\\\/#primaryimage\",\"url\":\"https:\\\/\\\/i0.wp.com\\\/aktialiiga.fi\\\/miehet\\\/wp-content\\\/uploads\\\/sites\\\/5\\\/2016\\\/10\\\/Pallokuvitus2016b.jpg?fit=800%2C533&ssl=1\",\"contentUrl\":\"https:\\\/\\\/i0.wp.com\\\/aktialiiga.fi\\\/miehet\\\/wp-content\\\/uploads\\\/sites\\\/5\\\/2016\\\/10\\\/Pallokuvitus2016b.jpg?fit=800%2C533&ssl=1\",\"width\":800,\"height\":533},{\"@type\":\"BreadcrumbList\",\"@id\":\"https:\\\/\\\/aktialiiga.fi\\\/miehet\\\/2016-2017\\\/ennakot-2016-17\\\/aifk-ja-cocks-palaavat-maajoukkuetauolta-tiistaina\\\/#breadcrumb\",\"itemListElement\":[{\"@type\":\"ListItem\",\"position\":1,\"name\":\"Etusivu\",\"item\":\"https:\\\/\\\/aktialiiga.fi\\\/miehet\\\/\"},{\"@type\":\"ListItem\",\"position\":2,\"name\":\"\u00c5IFK ja Cocks palaavat maajoukkuetauolta tiistaina\"}]},{\"@type\":\"WebSite\",\"@id\":\"https:\\\/\\\/aktialiiga.fi\\\/miehet\\\/#website\",\"url\":\"https:\\\/\\\/aktialiiga.fi\\\/miehet\\\/\",\"name\":\"K\u00e4sipallon miesten Aktialiiga\",\"description\":\"Valtakunnan vauhdikkainta palloilua!\",\"publisher\":{\"@id\":\"https:\\\/\\\/aktialiiga.fi\\\/miehet\\\/#organization\"},\"potentialAction\":[{\"@type\":\"SearchAction\",\"target\":{\"@type\":\"EntryPoint\",\"urlTemplate\":\"https:\\\/\\\/aktialiiga.fi\\\/miehet\\\/?s={search_term_string}\"},\"query-input\":{\"@type\":\"PropertyValueSpecification\",\"valueRequired\":true,\"valueName\":\"search_term_string\"}}],\"inLanguage\":\"fi\"},{\"@type\":\"Organization\",\"@id\":\"https:\\\/\\\/aktialiiga.fi\\\/miehet\\\/#organization\",\"name\":\"K\u00e4sipallon miesten Aktialiiga\",\"url\":\"https:\\\/\\\/aktialiiga.fi\\\/miehet\\\/\",\"logo\":{\"@type\":\"ImageObject\",\"inLanguage\":\"fi\",\"@id\":\"https:\\\/\\\/aktialiiga.fi\\\/miehet\\\/#\\\/schema\\\/logo\\\/image\\\/\",\"url\":\"https:\\\/\\\/i0.wp.com\\\/aktialiiga.fi\\\/miehet\\\/wp-content\\\/uploads\\\/sites\\\/5\\\/2024\\\/09\\\/Aktialiiga-Yoast-512.png?fit=512%2C512&ssl=1\",\"contentUrl\":\"https:\\\/\\\/i0.wp.com\\\/aktialiiga.fi\\\/miehet\\\/wp-content\\\/uploads\\\/sites\\\/5\\\/2024\\\/09\\\/Aktialiiga-Yoast-512.png?fit=512%2C512&ssl=1\",\"width\":512,\"height\":512,\"caption\":\"K\u00e4sipallon miesten Aktialiiga\"},\"image\":{\"@id\":\"https:\\\/\\\/aktialiiga.fi\\\/miehet\\\/#\\\/schema\\\/logo\\\/image\\\/\"},\"sameAs\":[\"https:\\\/\\\/www.facebook.com\\\/finnhandball\",\"https:\\\/\\\/x.com\\\/finnhandball\",\"https:\\\/\\\/www.instagram.com\\\/handballfinland\\\/\"]},{\"@type\":\"Person\",\"@id\":\"https:\\\/\\\/aktialiiga.fi\\\/miehet\\\/#\\\/schema\\\/person\\\/c14bf42f47041db74603c45afcb18d87\",\"name\":\"tbrmedia\",\"image\":{\"@type\":\"ImageObject\",\"inLanguage\":\"fi\",\"@id\":\"https:\\\/\\\/secure.gravatar.com\\\/avatar\\\/ee975fa091fe581d12b60debb3439022686618368a7c142044c56724d4666b16?s=96&d=mm&r=g\",\"url\":\"https:\\\/\\\/secure.gravatar.com\\\/avatar\\\/ee975fa091fe581d12b60debb3439022686618368a7c142044c56724d4666b16?s=96&d=mm&r=g\",\"contentUrl\":\"https:\\\/\\\/secure.gravatar.com\\\/avatar\\\/ee975fa091fe581d12b60debb3439022686618368a7c142044c56724d4666b16?s=96&d=mm&r=g\",\"caption\":\"tbrmedia\"}}]}<\/script>\n<!-- \/ Yoast SEO plugin. -->","yoast_head_json":{"title":"\u00c5IFK ja Cocks palaavat maajoukkuetauolta tiistaina | K\u00e4sipallon miesten Aktialiiga","robots":{"index":"index","follow":"follow","max-snippet":"max-snippet:-1","max-image-preview":"max-image-preview:large","max-video-preview":"max-video-preview:-1"},"canonical":"https:\/\/aktialiiga.fi\/miehet\/2016-2017\/ennakot-2016-17\/aifk-ja-cocks-palaavat-maajoukkuetauolta-tiistaina\/","og_locale":"fi_FI","og_type":"article","og_title":"\u00c5IFK ja Cocks palaavat maajoukkuetauolta tiistaina | K\u00e4sipallon miesten Aktialiiga","og_description":"SM-liiga jatkuu maaottelutauon j\u00e4lkeen tiistaina Turussa, kun \u00c5IFK saa vieraakseen sarjak\u00e4rki Cocksin. \u00c5IFK on pystynyt t\u00e4h\u00e4n menness\u00e4 voittamaan seitsem\u00e4st\u00e4 ottelustaan ainoastaan kaksi, mutta on useassa lopulta tappioon p\u00e4\u00e4ttyneess\u00e4 ottelussaan pysynyt pitk\u00e4\u00e4n mukana taistelussa pisteist\u00e4. Ainoat pisteens\u00e4 \u00c5IFK on kuitenkin toistaiseksi pystynyt ottamaan kahta liigan nollakerholaista vastaan. Dynamo Riihim\u00e4ki pysyi syyskuun lopulla yli 50 minuuttia turkulaisten [&hellip;]","og_url":"https:\/\/aktialiiga.fi\/miehet\/2016-2017\/ennakot-2016-17\/aifk-ja-cocks-palaavat-maajoukkuetauolta-tiistaina\/","og_site_name":"K\u00e4sipallon miesten Aktialiiga","article_publisher":"https:\/\/www.facebook.com\/finnhandball","article_published_time":"2016-11-08T06:18:10+00:00","article_modified_time":"2018-04-20T09:47:14+00:00","og_image":[{"width":800,"height":533,"url":"https:\/\/i0.wp.com\/aktialiiga.fi\/miehet\/wp-content\/uploads\/sites\/5\/2016\/10\/Pallokuvitus2016b.jpg?fit=800%2C533&ssl=1","type":"image\/jpeg"}],"author":"tbrmedia","twitter_card":"summary_large_image","twitter_creator":"@finnhandball","twitter_site":"@finnhandball","schema":{"@context":"https:\/\/schema.org","@graph":[{"@type":"Article","@id":"https:\/\/aktialiiga.fi\/miehet\/2016-2017\/ennakot-2016-17\/aifk-ja-cocks-palaavat-maajoukkuetauolta-tiistaina\/#article","isPartOf":{"@id":"https:\/\/aktialiiga.fi\/miehet\/2016-2017\/ennakot-2016-17\/aifk-ja-cocks-palaavat-maajoukkuetauolta-tiistaina\/"},"author":{"name":"tbrmedia","@id":"https:\/\/aktialiiga.fi\/miehet\/#\/schema\/person\/c14bf42f47041db74603c45afcb18d87"},"headline":"\u00c5IFK ja Cocks palaavat maajoukkuetauolta tiistaina","datePublished":"2016-11-08T06:18:10+00:00","dateModified":"2018-04-20T09:47:14+00:00","mainEntityOfPage":{"@id":"https:\/\/aktialiiga.fi\/miehet\/2016-2017\/ennakot-2016-17\/aifk-ja-cocks-palaavat-maajoukkuetauolta-tiistaina\/"},"wordCount":190,"publisher":{"@id":"https:\/\/aktialiiga.fi\/miehet\/#organization"},"image":{"@id":"https:\/\/aktialiiga.fi\/miehet\/2016-2017\/ennakot-2016-17\/aifk-ja-cocks-palaavat-maajoukkuetauolta-tiistaina\/#primaryimage"},"thumbnailUrl":"https:\/\/i0.wp.com\/aktialiiga.fi\/miehet\/wp-content\/uploads\/sites\/5\/2016\/10\/Pallokuvitus2016b.jpg?fit=800%2C533&ssl=1","keywords":["\u00c5IFK","Cocks"],"articleSection":["Ennakot"],"inLanguage":"fi"},{"@type":"WebPage","@id":"https:\/\/aktialiiga.fi\/miehet\/2016-2017\/ennakot-2016-17\/aifk-ja-cocks-palaavat-maajoukkuetauolta-tiistaina\/","url":"https:\/\/aktialiiga.fi\/miehet\/2016-2017\/ennakot-2016-17\/aifk-ja-cocks-palaavat-maajoukkuetauolta-tiistaina\/","name":"\u00c5IFK ja Cocks palaavat maajoukkuetauolta tiistaina | K\u00e4sipallon miesten Aktialiiga","isPartOf":{"@id":"https:\/\/aktialiiga.fi\/miehet\/#website"},"primaryImageOfPage":{"@id":"https:\/\/aktialiiga.fi\/miehet\/2016-2017\/ennakot-2016-17\/aifk-ja-cocks-palaavat-maajoukkuetauolta-tiistaina\/#primaryimage"},"image":{"@id":"https:\/\/aktialiiga.fi\/miehet\/2016-2017\/ennakot-2016-17\/aifk-ja-cocks-palaavat-maajoukkuetauolta-tiistaina\/#primaryimage"},"thumbnailUrl":"https:\/\/i0.wp.com\/aktialiiga.fi\/miehet\/wp-content\/uploads\/sites\/5\/2016\/10\/Pallokuvitus2016b.jpg?fit=800%2C533&ssl=1","datePublished":"2016-11-08T06:18:10+00:00","dateModified":"2018-04-20T09:47:14+00:00","breadcrumb":{"@id":"https:\/\/aktialiiga.fi\/miehet\/2016-2017\/ennakot-2016-17\/aifk-ja-cocks-palaavat-maajoukkuetauolta-tiistaina\/#breadcrumb"},"inLanguage":"fi","potentialAction":[{"@type":"ReadAction","target":["https:\/\/aktialiiga.fi\/miehet\/2016-2017\/ennakot-2016-17\/aifk-ja-cocks-palaavat-maajoukkuetauolta-tiistaina\/"]}]},{"@type":"ImageObject","inLanguage":"fi","@id":"https:\/\/aktialiiga.fi\/miehet\/2016-2017\/ennakot-2016-17\/aifk-ja-cocks-palaavat-maajoukkuetauolta-tiistaina\/#primaryimage","url":"https:\/\/i0.wp.com\/aktialiiga.fi\/miehet\/wp-content\/uploads\/sites\/5\/2016\/10\/Pallokuvitus2016b.jpg?fit=800%2C533&ssl=1","contentUrl":"https:\/\/i0.wp.com\/aktialiiga.fi\/miehet\/wp-content\/uploads\/sites\/5\/2016\/10\/Pallokuvitus2016b.jpg?fit=800%2C533&ssl=1","width":800,"height":533},{"@type":"BreadcrumbList","@id":"https:\/\/aktialiiga.fi\/miehet\/2016-2017\/ennakot-2016-17\/aifk-ja-cocks-palaavat-maajoukkuetauolta-tiistaina\/#breadcrumb","itemListElement":[{"@type":"ListItem","position":1,"name":"Etusivu","item":"https:\/\/aktialiiga.fi\/miehet\/"},{"@type":"ListItem","position":2,"name":"\u00c5IFK ja Cocks palaavat maajoukkuetauolta tiistaina"}]},{"@type":"WebSite","@id":"https:\/\/aktialiiga.fi\/miehet\/#website","url":"https:\/\/aktialiiga.fi\/miehet\/","name":"K\u00e4sipallon miesten Aktialiiga","description":"Valtakunnan vauhdikkainta palloilua!","publisher":{"@id":"https:\/\/aktialiiga.fi\/miehet\/#organization"},"potentialAction":[{"@type":"SearchAction","target":{"@type":"EntryPoint","urlTemplate":"https:\/\/aktialiiga.fi\/miehet\/?s={search_term_string}"},"query-input":{"@type":"PropertyValueSpecification","valueRequired":true,"valueName":"search_term_string"}}],"inLanguage":"fi"},{"@type":"Organization","@id":"https:\/\/aktialiiga.fi\/miehet\/#organization","name":"K\u00e4sipallon miesten Aktialiiga","url":"https:\/\/aktialiiga.fi\/miehet\/","logo":{"@type":"ImageObject","inLanguage":"fi","@id":"https:\/\/aktialiiga.fi\/miehet\/#\/schema\/logo\/image\/","url":"https:\/\/i0.wp.com\/aktialiiga.fi\/miehet\/wp-content\/uploads\/sites\/5\/2024\/09\/Aktialiiga-Yoast-512.png?fit=512%2C512&ssl=1","contentUrl":"https:\/\/i0.wp.com\/aktialiiga.fi\/miehet\/wp-content\/uploads\/sites\/5\/2024\/09\/Aktialiiga-Yoast-512.png?fit=512%2C512&ssl=1","width":512,"height":512,"caption":"K\u00e4sipallon miesten Aktialiiga"},"image":{"@id":"https:\/\/aktialiiga.fi\/miehet\/#\/schema\/logo\/image\/"},"sameAs":["https:\/\/www.facebook.com\/finnhandball","https:\/\/x.com\/finnhandball","https:\/\/www.instagram.com\/handballfinland\/"]},{"@type":"Person","@id":"https:\/\/aktialiiga.fi\/miehet\/#\/schema\/person\/c14bf42f47041db74603c45afcb18d87","name":"tbrmedia","image":{"@type":"ImageObject","inLanguage":"fi","@id":"https:\/\/secure.gravatar.com\/avatar\/ee975fa091fe581d12b60debb3439022686618368a7c142044c56724d4666b16?s=96&d=mm&r=g","url":"https:\/\/secure.gravatar.com\/avatar\/ee975fa091fe581d12b60debb3439022686618368a7c142044c56724d4666b16?s=96&d=mm&r=g","contentUrl":"https:\/\/secure.gravatar.com\/avatar\/ee975fa091fe581d12b60debb3439022686618368a7c142044c56724d4666b16?s=96&d=mm&r=g","caption":"tbrmedia"}}]}},"jetpack_featured_media_url":"https:\/\/i0.wp.com\/aktialiiga.fi\/miehet\/wp-content\/uploads\/sites\/5\/2016\/10\/Pallokuvitus2016b.jpg?fit=800%2C533&ssl=1","jetpack_sharing_enabled":true,"jetpack_shortlink":"https:\/\/wp.me\/pfTxOr-40p","_links":{"self":[{"href":"https:\/\/aktialiiga.fi\/miehet\/wp-json\/wp\/v2\/posts\/15401","targetHints":{"allow":["GET"]}}],"collection":[{"href":"https:\/\/aktialiiga.fi\/miehet\/wp-json\/wp\/v2\/posts"}],"about":[{"href":"https:\/\/aktialiiga.fi\/miehet\/wp-json\/wp\/v2\/types\/post"}],"author":[{"embeddable":true,"href":"https:\/\/aktialiiga.fi\/miehet\/wp-json\/wp\/v2\/users\/13"}],"replies":[{"embeddable":true,"href":"https:\/\/aktialiiga.fi\/miehet\/wp-json\/wp\/v2\/comments?post=15401"}],"version-history":[{"count":0,"href":"https:\/\/aktialiiga.fi\/miehet\/wp-json\/wp\/v2\/posts\/15401\/revisions"}],"wp:featuredmedia":[{"embeddable":true,"href":"https:\/\/aktialiiga.fi\/miehet\/wp-json\/wp\/v2\/media\/15249"}],"wp:attachment":[{"href":"https:\/\/aktialiiga.fi\/miehet\/wp-json\/wp\/v2\/media?parent=15401"}],"wp:term":[{"taxonomy":"category","embeddable":true,"href":"https:\/\/aktialiiga.fi\/miehet\/wp-json\/wp\/v2\/categories?post=15401"},{"taxonomy":"post_tag","embeddable":true,"href":"https:\/\/aktialiiga.fi\/miehet\/wp-json\/wp\/v2\/tags?post=15401"}],"curies":[{"name":"wp","href":"https:\/\/api.w.org\/{rel}","templated":true}]}}