{"id":15501,"date":"2016-11-25T22:01:29","date_gmt":"2016-11-25T20:01:29","guid":{"rendered":"https:\/\/aktialiiga.fi\/miehet\/?p=15501"},"modified":"2018-04-20T12:47:08","modified_gmt":"2018-04-20T09:47:08","slug":"atlas-vantaa-ja-grifk-ottavat-mittaa-toisistaan","status":"publish","type":"post","link":"https:\/\/aktialiiga.fi\/miehet\/2016-2017\/ennakot-2016-17\/atlas-vantaa-ja-grifk-ottavat-mittaa-toisistaan\/","title":{"rendered":"Atlas Vantaa ja GrIFK ottavat mittaa toisistaan"},"content":{"rendered":"<p>Samoista sijoituksista t\u00e4ll\u00e4 hetkell\u00e4 kamppailevat Atlas Vantaa ja GrIFK iskev\u00e4t yhteen Myyrm\u00e4en urheilutalossa lauantaina.<\/p>\n<p>Mikko Koskuen suojatit pit\u00e4v\u00e4t pinnan erolla nelj\u00e4tt\u00e4 sijaa runkosarjan toisen puoliskon alkaessa, joten nyt vantaalaisilla on iskun paikka tilanteen korjaamiseksi. Liigan avaus Granin luolassa p\u00e4\u00e4ttyi kihelm\u00f6ivien vaiheittan j\u00e4lkeen tasalukemiin 20-20, mik\u00e4 merkitsi Atlas Vantaalle kaikkien aikojen ensimm\u00e4ist\u00e4 pistett\u00e4 luolasta.<\/p>\n<p>&#8211; Siihen tulokseen ei kannata tuijottaa. Kauden edetess\u00e4 molempien joukkueitten peli on muuttunut. Grani on nyt suosikki, mutta emme miss\u00e4\u00e4n nimess\u00e4 myy itse\u00e4mme halvalla, Atlas Vantaan p\u00e4\u00e4valmentaja Johan Nyberg sanoo seuran verkkosivuilla.<\/p>\n<p>Mainittakoon, ett\u00e4 samat tasanumerot 20-20 komeilivat taululla Myyrm\u00e4ess\u00e4 syyskuussa 2014, kun vieraat viel\u00e4 esiintyiv\u00e4t Westin nimell\u00e4.<\/p>\n<p>&#8211; Vaarallinen oikea sivusta (Miro Koljonen ja kumppanit), voimapes\u00e4 Richard Sundberg ja hyv\u00e4 maalivahtipeli (Atte Pakarinen), Nyberg luetteli vastustajan vahvuuksia.<\/p>\n<p>Samaan hengenvetoon Nyberg sanoi olevansa tyytyv\u00e4inen suojattiensa viimeaikaisiin otteisiin. H\u00e4nen ajamansa pelin peruskuviot alkavat v\u00e4hitellen iskostua pelaajien mieliin, joskin hiomista riitt\u00e4\u00e4 viel\u00e4.<\/p>\n<p>Joka tapauksessa sill\u00e4 mielell\u00e4 l\u00e4hdet\u00e4\u00e4n liikkeelle, ett\u00e4 nyt olisi pisteit\u00e4 tarjolla, Nyberg sanoi.<\/p>\n<p>Ottelu Myyrm\u00e4en urheilutalossa alkaa lauantaina kello 15.00.<\/p>\n<p><em>K\u00e4sipallon miesten SM-liigan ottelut kattavasti my\u00f6s Veikkauksen urheilupelien tarjonnassa, k\u00e4sipallon kohteet l\u00f6yd\u00e4t <a href=\"https:\/\/www.veikkaus.fi\/fi\/urheilu?hae=kasipallo\" target=\"_blank\"><strong>t\u00e4\u00e4lt\u00e4<\/strong><\/a>.<\/em><\/p>\n","protected":false},"excerpt":{"rendered":"<p>Samoista sijoituksista t\u00e4ll\u00e4 hetkell\u00e4 kamppailevat Atlas Vantaa ja GrIFK iskev\u00e4t yhteen Myyrm\u00e4en urheilutalossa lauantaina. Mikko Koskuen suojatit pit\u00e4v\u00e4t pinnan erolla nelj\u00e4tt\u00e4 sijaa runkosarjan toisen puoliskon alkaessa, joten nyt vantaalaisilla on iskun paikka tilanteen korjaamiseksi. Liigan avaus Granin luolassa p\u00e4\u00e4ttyi kihelm\u00f6ivien vaiheittan j\u00e4lkeen tasalukemiin 20-20, mik\u00e4 merkitsi Atlas Vantaalle kaikkien aikojen ensimm\u00e4ist\u00e4 pistett\u00e4 luolasta. &#8211; Siihen [&hellip;]<\/p>\n","protected":false},"author":13,"featured_media":11740,"comment_status":"closed","ping_status":"open","sticky":false,"template":"","format":"standard","meta":{"_acf_changed":false,"jetpack_post_was_ever_published":false,"_jetpack_newsletter_access":"","_jetpack_dont_email_post_to_subs":false,"_jetpack_newsletter_tier_id":0,"_jetpack_memberships_contains_paywalled_content":false,"_jetpack_memberships_contains_paid_content":false,"footnotes":""},"categories":[174],"tags":[54,64],"class_list":["post-15501","post","type-post","status-publish","format-standard","has-post-thumbnail","hentry","category-ennakot-2016-17","tag-atlas-vantaa","tag-grifk"],"acf":[],"yoast_head":"<!-- This site is optimized with the Yoast SEO plugin v27.5 - https:\/\/yoast.com\/product\/yoast-seo-wordpress\/ -->\n<title>Atlas Vantaa ja GrIFK ottavat mittaa toisistaan | K\u00e4sipallon miesten Aktialiiga<\/title>\n<meta name=\"robots\" content=\"index, follow, max-snippet:-1, max-image-preview:large, max-video-preview:-1\" \/>\n<link rel=\"canonical\" href=\"https:\/\/aktialiiga.fi\/miehet\/2016-2017\/ennakot-2016-17\/atlas-vantaa-ja-grifk-ottavat-mittaa-toisistaan\/\" \/>\n<meta property=\"og:locale\" content=\"fi_FI\" \/>\n<meta property=\"og:type\" content=\"article\" \/>\n<meta property=\"og:title\" content=\"Atlas Vantaa ja GrIFK ottavat mittaa toisistaan | K\u00e4sipallon miesten Aktialiiga\" \/>\n<meta property=\"og:description\" content=\"Samoista sijoituksista t\u00e4ll\u00e4 hetkell\u00e4 kamppailevat Atlas Vantaa ja GrIFK iskev\u00e4t yhteen Myyrm\u00e4en urheilutalossa lauantaina. Mikko Koskuen suojatit pit\u00e4v\u00e4t pinnan erolla nelj\u00e4tt\u00e4 sijaa runkosarjan toisen puoliskon alkaessa, joten nyt vantaalaisilla on iskun paikka tilanteen korjaamiseksi. Liigan avaus Granin luolassa p\u00e4\u00e4ttyi kihelm\u00f6ivien vaiheittan j\u00e4lkeen tasalukemiin 20-20, mik\u00e4 merkitsi Atlas Vantaalle kaikkien aikojen ensimm\u00e4ist\u00e4 pistett\u00e4 luolasta. &#8211; Siihen [&hellip;]\" \/>\n<meta property=\"og:url\" content=\"https:\/\/aktialiiga.fi\/miehet\/2016-2017\/ennakot-2016-17\/atlas-vantaa-ja-grifk-ottavat-mittaa-toisistaan\/\" \/>\n<meta property=\"og:site_name\" content=\"K\u00e4sipallon miesten Aktialiiga\" \/>\n<meta property=\"article:publisher\" content=\"https:\/\/www.facebook.com\/finnhandball\" \/>\n<meta property=\"article:published_time\" content=\"2016-11-25T20:01:29+00:00\" \/>\n<meta property=\"article:modified_time\" content=\"2018-04-20T09:47:08+00:00\" \/>\n<meta property=\"og:image\" content=\"https:\/\/i0.wp.com\/aktialiiga.fi\/miehet\/wp-content\/uploads\/sites\/5\/2016\/03\/Atlas_joukkur_1516.jpg?fit=640%2C361&ssl=1\" \/>\n\t<meta property=\"og:image:width\" content=\"640\" \/>\n\t<meta property=\"og:image:height\" content=\"361\" \/>\n\t<meta property=\"og:image:type\" content=\"image\/jpeg\" \/>\n<meta name=\"author\" content=\"tbrmedia\" \/>\n<meta name=\"twitter:card\" content=\"summary_large_image\" \/>\n<meta name=\"twitter:creator\" content=\"@finnhandball\" \/>\n<meta name=\"twitter:site\" content=\"@finnhandball\" \/>\n<script type=\"application\/ld+json\" class=\"yoast-schema-graph\">{\"@context\":\"https:\\\/\\\/schema.org\",\"@graph\":[{\"@type\":\"Article\",\"@id\":\"https:\\\/\\\/aktialiiga.fi\\\/miehet\\\/2016-2017\\\/ennakot-2016-17\\\/atlas-vantaa-ja-grifk-ottavat-mittaa-toisistaan\\\/#article\",\"isPartOf\":{\"@id\":\"https:\\\/\\\/aktialiiga.fi\\\/miehet\\\/2016-2017\\\/ennakot-2016-17\\\/atlas-vantaa-ja-grifk-ottavat-mittaa-toisistaan\\\/\"},\"author\":{\"name\":\"tbrmedia\",\"@id\":\"https:\\\/\\\/aktialiiga.fi\\\/miehet\\\/#\\\/schema\\\/person\\\/c14bf42f47041db74603c45afcb18d87\"},\"headline\":\"Atlas Vantaa ja GrIFK ottavat mittaa toisistaan\",\"datePublished\":\"2016-11-25T20:01:29+00:00\",\"dateModified\":\"2018-04-20T09:47:08+00:00\",\"mainEntityOfPage\":{\"@id\":\"https:\\\/\\\/aktialiiga.fi\\\/miehet\\\/2016-2017\\\/ennakot-2016-17\\\/atlas-vantaa-ja-grifk-ottavat-mittaa-toisistaan\\\/\"},\"wordCount\":208,\"publisher\":{\"@id\":\"https:\\\/\\\/aktialiiga.fi\\\/miehet\\\/#organization\"},\"image\":{\"@id\":\"https:\\\/\\\/aktialiiga.fi\\\/miehet\\\/2016-2017\\\/ennakot-2016-17\\\/atlas-vantaa-ja-grifk-ottavat-mittaa-toisistaan\\\/#primaryimage\"},\"thumbnailUrl\":\"https:\\\/\\\/i0.wp.com\\\/aktialiiga.fi\\\/miehet\\\/wp-content\\\/uploads\\\/sites\\\/5\\\/2016\\\/03\\\/Atlas_joukkur_1516.jpg?fit=640%2C361&ssl=1\",\"keywords\":[\"Atlas Vantaa\",\"GrIFK\"],\"articleSection\":[\"Ennakot\"],\"inLanguage\":\"fi\"},{\"@type\":\"WebPage\",\"@id\":\"https:\\\/\\\/aktialiiga.fi\\\/miehet\\\/2016-2017\\\/ennakot-2016-17\\\/atlas-vantaa-ja-grifk-ottavat-mittaa-toisistaan\\\/\",\"url\":\"https:\\\/\\\/aktialiiga.fi\\\/miehet\\\/2016-2017\\\/ennakot-2016-17\\\/atlas-vantaa-ja-grifk-ottavat-mittaa-toisistaan\\\/\",\"name\":\"Atlas Vantaa ja GrIFK ottavat mittaa toisistaan | K\u00e4sipallon miesten Aktialiiga\",\"isPartOf\":{\"@id\":\"https:\\\/\\\/aktialiiga.fi\\\/miehet\\\/#website\"},\"primaryImageOfPage\":{\"@id\":\"https:\\\/\\\/aktialiiga.fi\\\/miehet\\\/2016-2017\\\/ennakot-2016-17\\\/atlas-vantaa-ja-grifk-ottavat-mittaa-toisistaan\\\/#primaryimage\"},\"image\":{\"@id\":\"https:\\\/\\\/aktialiiga.fi\\\/miehet\\\/2016-2017\\\/ennakot-2016-17\\\/atlas-vantaa-ja-grifk-ottavat-mittaa-toisistaan\\\/#primaryimage\"},\"thumbnailUrl\":\"https:\\\/\\\/i0.wp.com\\\/aktialiiga.fi\\\/miehet\\\/wp-content\\\/uploads\\\/sites\\\/5\\\/2016\\\/03\\\/Atlas_joukkur_1516.jpg?fit=640%2C361&ssl=1\",\"datePublished\":\"2016-11-25T20:01:29+00:00\",\"dateModified\":\"2018-04-20T09:47:08+00:00\",\"breadcrumb\":{\"@id\":\"https:\\\/\\\/aktialiiga.fi\\\/miehet\\\/2016-2017\\\/ennakot-2016-17\\\/atlas-vantaa-ja-grifk-ottavat-mittaa-toisistaan\\\/#breadcrumb\"},\"inLanguage\":\"fi\",\"potentialAction\":[{\"@type\":\"ReadAction\",\"target\":[\"https:\\\/\\\/aktialiiga.fi\\\/miehet\\\/2016-2017\\\/ennakot-2016-17\\\/atlas-vantaa-ja-grifk-ottavat-mittaa-toisistaan\\\/\"]}]},{\"@type\":\"ImageObject\",\"inLanguage\":\"fi\",\"@id\":\"https:\\\/\\\/aktialiiga.fi\\\/miehet\\\/2016-2017\\\/ennakot-2016-17\\\/atlas-vantaa-ja-grifk-ottavat-mittaa-toisistaan\\\/#primaryimage\",\"url\":\"https:\\\/\\\/i0.wp.com\\\/aktialiiga.fi\\\/miehet\\\/wp-content\\\/uploads\\\/sites\\\/5\\\/2016\\\/03\\\/Atlas_joukkur_1516.jpg?fit=640%2C361&ssl=1\",\"contentUrl\":\"https:\\\/\\\/i0.wp.com\\\/aktialiiga.fi\\\/miehet\\\/wp-content\\\/uploads\\\/sites\\\/5\\\/2016\\\/03\\\/Atlas_joukkur_1516.jpg?fit=640%2C361&ssl=1\",\"width\":640,\"height\":361},{\"@type\":\"BreadcrumbList\",\"@id\":\"https:\\\/\\\/aktialiiga.fi\\\/miehet\\\/2016-2017\\\/ennakot-2016-17\\\/atlas-vantaa-ja-grifk-ottavat-mittaa-toisistaan\\\/#breadcrumb\",\"itemListElement\":[{\"@type\":\"ListItem\",\"position\":1,\"name\":\"Etusivu\",\"item\":\"https:\\\/\\\/aktialiiga.fi\\\/miehet\\\/\"},{\"@type\":\"ListItem\",\"position\":2,\"name\":\"Atlas Vantaa ja GrIFK ottavat mittaa toisistaan\"}]},{\"@type\":\"WebSite\",\"@id\":\"https:\\\/\\\/aktialiiga.fi\\\/miehet\\\/#website\",\"url\":\"https:\\\/\\\/aktialiiga.fi\\\/miehet\\\/\",\"name\":\"K\u00e4sipallon miesten Aktialiiga\",\"description\":\"Valtakunnan vauhdikkainta palloilua!\",\"publisher\":{\"@id\":\"https:\\\/\\\/aktialiiga.fi\\\/miehet\\\/#organization\"},\"potentialAction\":[{\"@type\":\"SearchAction\",\"target\":{\"@type\":\"EntryPoint\",\"urlTemplate\":\"https:\\\/\\\/aktialiiga.fi\\\/miehet\\\/?s={search_term_string}\"},\"query-input\":{\"@type\":\"PropertyValueSpecification\",\"valueRequired\":true,\"valueName\":\"search_term_string\"}}],\"inLanguage\":\"fi\"},{\"@type\":\"Organization\",\"@id\":\"https:\\\/\\\/aktialiiga.fi\\\/miehet\\\/#organization\",\"name\":\"K\u00e4sipallon miesten Aktialiiga\",\"url\":\"https:\\\/\\\/aktialiiga.fi\\\/miehet\\\/\",\"logo\":{\"@type\":\"ImageObject\",\"inLanguage\":\"fi\",\"@id\":\"https:\\\/\\\/aktialiiga.fi\\\/miehet\\\/#\\\/schema\\\/logo\\\/image\\\/\",\"url\":\"https:\\\/\\\/i0.wp.com\\\/aktialiiga.fi\\\/miehet\\\/wp-content\\\/uploads\\\/sites\\\/5\\\/2024\\\/09\\\/Aktialiiga-Yoast-512.png?fit=512%2C512&ssl=1\",\"contentUrl\":\"https:\\\/\\\/i0.wp.com\\\/aktialiiga.fi\\\/miehet\\\/wp-content\\\/uploads\\\/sites\\\/5\\\/2024\\\/09\\\/Aktialiiga-Yoast-512.png?fit=512%2C512&ssl=1\",\"width\":512,\"height\":512,\"caption\":\"K\u00e4sipallon miesten Aktialiiga\"},\"image\":{\"@id\":\"https:\\\/\\\/aktialiiga.fi\\\/miehet\\\/#\\\/schema\\\/logo\\\/image\\\/\"},\"sameAs\":[\"https:\\\/\\\/www.facebook.com\\\/finnhandball\",\"https:\\\/\\\/x.com\\\/finnhandball\",\"https:\\\/\\\/www.instagram.com\\\/handballfinland\\\/\"]},{\"@type\":\"Person\",\"@id\":\"https:\\\/\\\/aktialiiga.fi\\\/miehet\\\/#\\\/schema\\\/person\\\/c14bf42f47041db74603c45afcb18d87\",\"name\":\"tbrmedia\",\"image\":{\"@type\":\"ImageObject\",\"inLanguage\":\"fi\",\"@id\":\"https:\\\/\\\/secure.gravatar.com\\\/avatar\\\/ee975fa091fe581d12b60debb3439022686618368a7c142044c56724d4666b16?s=96&d=mm&r=g\",\"url\":\"https:\\\/\\\/secure.gravatar.com\\\/avatar\\\/ee975fa091fe581d12b60debb3439022686618368a7c142044c56724d4666b16?s=96&d=mm&r=g\",\"contentUrl\":\"https:\\\/\\\/secure.gravatar.com\\\/avatar\\\/ee975fa091fe581d12b60debb3439022686618368a7c142044c56724d4666b16?s=96&d=mm&r=g\",\"caption\":\"tbrmedia\"}}]}<\/script>\n<!-- \/ Yoast SEO plugin. -->","yoast_head_json":{"title":"Atlas Vantaa ja GrIFK ottavat mittaa toisistaan | K\u00e4sipallon miesten Aktialiiga","robots":{"index":"index","follow":"follow","max-snippet":"max-snippet:-1","max-image-preview":"max-image-preview:large","max-video-preview":"max-video-preview:-1"},"canonical":"https:\/\/aktialiiga.fi\/miehet\/2016-2017\/ennakot-2016-17\/atlas-vantaa-ja-grifk-ottavat-mittaa-toisistaan\/","og_locale":"fi_FI","og_type":"article","og_title":"Atlas Vantaa ja GrIFK ottavat mittaa toisistaan | K\u00e4sipallon miesten Aktialiiga","og_description":"Samoista sijoituksista t\u00e4ll\u00e4 hetkell\u00e4 kamppailevat Atlas Vantaa ja GrIFK iskev\u00e4t yhteen Myyrm\u00e4en urheilutalossa lauantaina. Mikko Koskuen suojatit pit\u00e4v\u00e4t pinnan erolla nelj\u00e4tt\u00e4 sijaa runkosarjan toisen puoliskon alkaessa, joten nyt vantaalaisilla on iskun paikka tilanteen korjaamiseksi. Liigan avaus Granin luolassa p\u00e4\u00e4ttyi kihelm\u00f6ivien vaiheittan j\u00e4lkeen tasalukemiin 20-20, mik\u00e4 merkitsi Atlas Vantaalle kaikkien aikojen ensimm\u00e4ist\u00e4 pistett\u00e4 luolasta. &#8211; Siihen [&hellip;]","og_url":"https:\/\/aktialiiga.fi\/miehet\/2016-2017\/ennakot-2016-17\/atlas-vantaa-ja-grifk-ottavat-mittaa-toisistaan\/","og_site_name":"K\u00e4sipallon miesten Aktialiiga","article_publisher":"https:\/\/www.facebook.com\/finnhandball","article_published_time":"2016-11-25T20:01:29+00:00","article_modified_time":"2018-04-20T09:47:08+00:00","og_image":[{"width":640,"height":361,"url":"https:\/\/i0.wp.com\/aktialiiga.fi\/miehet\/wp-content\/uploads\/sites\/5\/2016\/03\/Atlas_joukkur_1516.jpg?fit=640%2C361&ssl=1","type":"image\/jpeg"}],"author":"tbrmedia","twitter_card":"summary_large_image","twitter_creator":"@finnhandball","twitter_site":"@finnhandball","schema":{"@context":"https:\/\/schema.org","@graph":[{"@type":"Article","@id":"https:\/\/aktialiiga.fi\/miehet\/2016-2017\/ennakot-2016-17\/atlas-vantaa-ja-grifk-ottavat-mittaa-toisistaan\/#article","isPartOf":{"@id":"https:\/\/aktialiiga.fi\/miehet\/2016-2017\/ennakot-2016-17\/atlas-vantaa-ja-grifk-ottavat-mittaa-toisistaan\/"},"author":{"name":"tbrmedia","@id":"https:\/\/aktialiiga.fi\/miehet\/#\/schema\/person\/c14bf42f47041db74603c45afcb18d87"},"headline":"Atlas Vantaa ja GrIFK ottavat mittaa toisistaan","datePublished":"2016-11-25T20:01:29+00:00","dateModified":"2018-04-20T09:47:08+00:00","mainEntityOfPage":{"@id":"https:\/\/aktialiiga.fi\/miehet\/2016-2017\/ennakot-2016-17\/atlas-vantaa-ja-grifk-ottavat-mittaa-toisistaan\/"},"wordCount":208,"publisher":{"@id":"https:\/\/aktialiiga.fi\/miehet\/#organization"},"image":{"@id":"https:\/\/aktialiiga.fi\/miehet\/2016-2017\/ennakot-2016-17\/atlas-vantaa-ja-grifk-ottavat-mittaa-toisistaan\/#primaryimage"},"thumbnailUrl":"https:\/\/i0.wp.com\/aktialiiga.fi\/miehet\/wp-content\/uploads\/sites\/5\/2016\/03\/Atlas_joukkur_1516.jpg?fit=640%2C361&ssl=1","keywords":["Atlas Vantaa","GrIFK"],"articleSection":["Ennakot"],"inLanguage":"fi"},{"@type":"WebPage","@id":"https:\/\/aktialiiga.fi\/miehet\/2016-2017\/ennakot-2016-17\/atlas-vantaa-ja-grifk-ottavat-mittaa-toisistaan\/","url":"https:\/\/aktialiiga.fi\/miehet\/2016-2017\/ennakot-2016-17\/atlas-vantaa-ja-grifk-ottavat-mittaa-toisistaan\/","name":"Atlas Vantaa ja GrIFK ottavat mittaa toisistaan | K\u00e4sipallon miesten Aktialiiga","isPartOf":{"@id":"https:\/\/aktialiiga.fi\/miehet\/#website"},"primaryImageOfPage":{"@id":"https:\/\/aktialiiga.fi\/miehet\/2016-2017\/ennakot-2016-17\/atlas-vantaa-ja-grifk-ottavat-mittaa-toisistaan\/#primaryimage"},"image":{"@id":"https:\/\/aktialiiga.fi\/miehet\/2016-2017\/ennakot-2016-17\/atlas-vantaa-ja-grifk-ottavat-mittaa-toisistaan\/#primaryimage"},"thumbnailUrl":"https:\/\/i0.wp.com\/aktialiiga.fi\/miehet\/wp-content\/uploads\/sites\/5\/2016\/03\/Atlas_joukkur_1516.jpg?fit=640%2C361&ssl=1","datePublished":"2016-11-25T20:01:29+00:00","dateModified":"2018-04-20T09:47:08+00:00","breadcrumb":{"@id":"https:\/\/aktialiiga.fi\/miehet\/2016-2017\/ennakot-2016-17\/atlas-vantaa-ja-grifk-ottavat-mittaa-toisistaan\/#breadcrumb"},"inLanguage":"fi","potentialAction":[{"@type":"ReadAction","target":["https:\/\/aktialiiga.fi\/miehet\/2016-2017\/ennakot-2016-17\/atlas-vantaa-ja-grifk-ottavat-mittaa-toisistaan\/"]}]},{"@type":"ImageObject","inLanguage":"fi","@id":"https:\/\/aktialiiga.fi\/miehet\/2016-2017\/ennakot-2016-17\/atlas-vantaa-ja-grifk-ottavat-mittaa-toisistaan\/#primaryimage","url":"https:\/\/i0.wp.com\/aktialiiga.fi\/miehet\/wp-content\/uploads\/sites\/5\/2016\/03\/Atlas_joukkur_1516.jpg?fit=640%2C361&ssl=1","contentUrl":"https:\/\/i0.wp.com\/aktialiiga.fi\/miehet\/wp-content\/uploads\/sites\/5\/2016\/03\/Atlas_joukkur_1516.jpg?fit=640%2C361&ssl=1","width":640,"height":361},{"@type":"BreadcrumbList","@id":"https:\/\/aktialiiga.fi\/miehet\/2016-2017\/ennakot-2016-17\/atlas-vantaa-ja-grifk-ottavat-mittaa-toisistaan\/#breadcrumb","itemListElement":[{"@type":"ListItem","position":1,"name":"Etusivu","item":"https:\/\/aktialiiga.fi\/miehet\/"},{"@type":"ListItem","position":2,"name":"Atlas Vantaa ja GrIFK ottavat mittaa toisistaan"}]},{"@type":"WebSite","@id":"https:\/\/aktialiiga.fi\/miehet\/#website","url":"https:\/\/aktialiiga.fi\/miehet\/","name":"K\u00e4sipallon miesten Aktialiiga","description":"Valtakunnan vauhdikkainta palloilua!","publisher":{"@id":"https:\/\/aktialiiga.fi\/miehet\/#organization"},"potentialAction":[{"@type":"SearchAction","target":{"@type":"EntryPoint","urlTemplate":"https:\/\/aktialiiga.fi\/miehet\/?s={search_term_string}"},"query-input":{"@type":"PropertyValueSpecification","valueRequired":true,"valueName":"search_term_string"}}],"inLanguage":"fi"},{"@type":"Organization","@id":"https:\/\/aktialiiga.fi\/miehet\/#organization","name":"K\u00e4sipallon miesten Aktialiiga","url":"https:\/\/aktialiiga.fi\/miehet\/","logo":{"@type":"ImageObject","inLanguage":"fi","@id":"https:\/\/aktialiiga.fi\/miehet\/#\/schema\/logo\/image\/","url":"https:\/\/i0.wp.com\/aktialiiga.fi\/miehet\/wp-content\/uploads\/sites\/5\/2024\/09\/Aktialiiga-Yoast-512.png?fit=512%2C512&ssl=1","contentUrl":"https:\/\/i0.wp.com\/aktialiiga.fi\/miehet\/wp-content\/uploads\/sites\/5\/2024\/09\/Aktialiiga-Yoast-512.png?fit=512%2C512&ssl=1","width":512,"height":512,"caption":"K\u00e4sipallon miesten Aktialiiga"},"image":{"@id":"https:\/\/aktialiiga.fi\/miehet\/#\/schema\/logo\/image\/"},"sameAs":["https:\/\/www.facebook.com\/finnhandball","https:\/\/x.com\/finnhandball","https:\/\/www.instagram.com\/handballfinland\/"]},{"@type":"Person","@id":"https:\/\/aktialiiga.fi\/miehet\/#\/schema\/person\/c14bf42f47041db74603c45afcb18d87","name":"tbrmedia","image":{"@type":"ImageObject","inLanguage":"fi","@id":"https:\/\/secure.gravatar.com\/avatar\/ee975fa091fe581d12b60debb3439022686618368a7c142044c56724d4666b16?s=96&d=mm&r=g","url":"https:\/\/secure.gravatar.com\/avatar\/ee975fa091fe581d12b60debb3439022686618368a7c142044c56724d4666b16?s=96&d=mm&r=g","contentUrl":"https:\/\/secure.gravatar.com\/avatar\/ee975fa091fe581d12b60debb3439022686618368a7c142044c56724d4666b16?s=96&d=mm&r=g","caption":"tbrmedia"}}]}},"jetpack_featured_media_url":"https:\/\/i0.wp.com\/aktialiiga.fi\/miehet\/wp-content\/uploads\/sites\/5\/2016\/03\/Atlas_joukkur_1516.jpg?fit=640%2C361&ssl=1","jetpack_sharing_enabled":true,"jetpack_shortlink":"https:\/\/wp.me\/pfTxOr-421","_links":{"self":[{"href":"https:\/\/aktialiiga.fi\/miehet\/wp-json\/wp\/v2\/posts\/15501","targetHints":{"allow":["GET"]}}],"collection":[{"href":"https:\/\/aktialiiga.fi\/miehet\/wp-json\/wp\/v2\/posts"}],"about":[{"href":"https:\/\/aktialiiga.fi\/miehet\/wp-json\/wp\/v2\/types\/post"}],"author":[{"embeddable":true,"href":"https:\/\/aktialiiga.fi\/miehet\/wp-json\/wp\/v2\/users\/13"}],"replies":[{"embeddable":true,"href":"https:\/\/aktialiiga.fi\/miehet\/wp-json\/wp\/v2\/comments?post=15501"}],"version-history":[{"count":0,"href":"https:\/\/aktialiiga.fi\/miehet\/wp-json\/wp\/v2\/posts\/15501\/revisions"}],"wp:featuredmedia":[{"embeddable":true,"href":"https:\/\/aktialiiga.fi\/miehet\/wp-json\/wp\/v2\/media\/11740"}],"wp:attachment":[{"href":"https:\/\/aktialiiga.fi\/miehet\/wp-json\/wp\/v2\/media?parent=15501"}],"wp:term":[{"taxonomy":"category","embeddable":true,"href":"https:\/\/aktialiiga.fi\/miehet\/wp-json\/wp\/v2\/categories?post=15501"},{"taxonomy":"post_tag","embeddable":true,"href":"https:\/\/aktialiiga.fi\/miehet\/wp-json\/wp\/v2\/tags?post=15501"}],"curies":[{"name":"wp","href":"https:\/\/api.w.org\/{rel}","templated":true}]}}