{"id":15503,"date":"2016-11-25T22:13:59","date_gmt":"2016-11-25T20:13:59","guid":{"rendered":"https:\/\/aktialiiga.fi\/miehet\/?p=15503"},"modified":"2018-04-20T12:47:08","modified_gmt":"2018-04-20T09:47:08","slug":"bk-46-saa-pifn-vieraakseen","status":"publish","type":"post","link":"https:\/\/aktialiiga.fi\/miehet\/2016-2017\/ennakot-2016-17\/bk-46-saa-pifn-vieraakseen\/","title":{"rendered":"BK-46 saa PIF:n vieraakseen"},"content":{"rendered":"<p>Erinomaisen alkukauden pelannut ja kuuden ottelun voittoputkessa oleva BK-46 is\u00e4nn\u00f6is lauantaina Pargas IF:aa Sisu Arenalla.<\/p>\n<p>Karjaalaisten otteet ovat syksyn edetess\u00e4 olleet vakuuttavia ja joukkueen sis\u00e4lt\u00e4kin huokuu luottamus omaan tekemiseen.<\/p>\n<p>&#8211; Peruspelimme on t\u00e4ll\u00e4 hetkell\u00e4 varmaa ja jaksamme juosta kunnes vastustaja v\u00e4syy, BK-46:n kokenut Andreas R\u00f6nnberg mietti tyytyv\u00e4isen\u00e4 V\u00e4stra Nylandissa edellisen Atlas Vantaa \u2013voiton j\u00e4lkeen.<\/p>\n<p>&#8211; Tuntuu hyv\u00e4lt\u00e4 olla takaisin BK:ssa, eik\u00e4 menestyksemme ole yll\u00e4tt\u00e4nyt minua lainkaan. Kun Oscar Kihlstedt ja Ben Weber liittyiv\u00e4t ryhm\u00e4\u00e4n, tiesin ett\u00e4 jotain erityist\u00e4 on tekeill\u00e4.<\/p>\n<p>PIF:n trendi n\u00e4ytt\u00e4\u00e4 sen sijaan t\u00e4ysin p\u00e4invastaiselta. Nousijajoukkueen pistetili on edelleen avaamatta ja taannoisen jumbofinaalissa Dynamo Riihim\u00e4ell\u00e4 k\u00e4rsityn tappion j\u00e4lkeen p\u00e4\u00e4valmentaja Joni Lindberg summasi tilannetta koruttomin sanank\u00e4\u00e4ntein.<\/p>\n<p>\u2013\u2009Olemme liian huonoja, emme osu paikoista eik\u00e4 itseluottamusta ole lainkaan. Kun olemme p\u00e4\u00e4sem\u00e4ss\u00e4 mukaan otteluun, teemme tyhmi\u00e4 virheit\u00e4. Sen p\u00e4\u00e4lle otamme ulosajoja, joita ei kerta kaikkiaan saa ottaa. Ty\u00f6nn\u00e4mme suorin k\u00e4sin vastustajia sen sijaan ett\u00e4 tarraisimme heihin kiinni, Lindberg sanaili Paraisten Kuulumisille.<\/p>\n<p>Kauden avauskierroksella Paraisilla BK haki voiton kymmenen maalin marginaalilla.<\/p>\n<p>Ottelu Sisu Arenalla vihellet\u00e4\u00e4n k\u00e4yntiin lauantaina kello 16.00.<\/p>\n<p><em>K\u00e4sipallon miesten SM-liigan ottelut kattavasti my\u00f6s Veikkauksen urheilupelien tarjonnassa, k\u00e4sipallon kohteet l\u00f6yd\u00e4t <a href=\"https:\/\/www.veikkaus.fi\/fi\/urheilu?hae=kasipallo\" target=\"_blank\"><strong>t\u00e4\u00e4lt\u00e4<\/strong><\/a>.<\/em><\/p>\n","protected":false},"excerpt":{"rendered":"<p>Erinomaisen alkukauden pelannut ja kuuden ottelun voittoputkessa oleva BK-46 is\u00e4nn\u00f6is lauantaina Pargas IF:aa Sisu Arenalla. Karjaalaisten otteet ovat syksyn edetess\u00e4 olleet vakuuttavia ja joukkueen sis\u00e4lt\u00e4kin huokuu luottamus omaan tekemiseen. &#8211; Peruspelimme on t\u00e4ll\u00e4 hetkell\u00e4 varmaa ja jaksamme juosta kunnes vastustaja v\u00e4syy, BK-46:n kokenut Andreas R\u00f6nnberg mietti tyytyv\u00e4isen\u00e4 V\u00e4stra Nylandissa edellisen Atlas Vantaa \u2013voiton j\u00e4lkeen. &#8211; [&hellip;]<\/p>\n","protected":false},"author":13,"featured_media":11171,"comment_status":"closed","ping_status":"open","sticky":false,"template":"","format":"standard","meta":{"_acf_changed":false,"jetpack_post_was_ever_published":false,"_jetpack_newsletter_access":"","_jetpack_dont_email_post_to_subs":false,"_jetpack_newsletter_tier_id":0,"_jetpack_memberships_contains_paywalled_content":false,"_jetpack_memberships_contains_paid_content":false,"footnotes":""},"categories":[174],"tags":[56,98],"class_list":["post-15503","post","type-post","status-publish","format-standard","has-post-thumbnail","hentry","category-ennakot-2016-17","tag-bk-46","tag-pif"],"acf":[],"yoast_head":"<!-- This site is optimized with the Yoast SEO plugin v27.5 - https:\/\/yoast.com\/product\/yoast-seo-wordpress\/ -->\n<title>BK-46 saa PIF:n vieraakseen | K\u00e4sipallon miesten Aktialiiga<\/title>\n<meta name=\"robots\" content=\"index, follow, max-snippet:-1, max-image-preview:large, max-video-preview:-1\" \/>\n<link rel=\"canonical\" href=\"https:\/\/aktialiiga.fi\/miehet\/2016-2017\/ennakot-2016-17\/bk-46-saa-pifn-vieraakseen\/\" \/>\n<meta property=\"og:locale\" content=\"fi_FI\" \/>\n<meta property=\"og:type\" content=\"article\" \/>\n<meta property=\"og:title\" content=\"BK-46 saa PIF:n vieraakseen | K\u00e4sipallon miesten Aktialiiga\" \/>\n<meta property=\"og:description\" content=\"Erinomaisen alkukauden pelannut ja kuuden ottelun voittoputkessa oleva BK-46 is\u00e4nn\u00f6is lauantaina Pargas IF:aa Sisu Arenalla. Karjaalaisten otteet ovat syksyn edetess\u00e4 olleet vakuuttavia ja joukkueen sis\u00e4lt\u00e4kin huokuu luottamus omaan tekemiseen. &#8211; Peruspelimme on t\u00e4ll\u00e4 hetkell\u00e4 varmaa ja jaksamme juosta kunnes vastustaja v\u00e4syy, BK-46:n kokenut Andreas R\u00f6nnberg mietti tyytyv\u00e4isen\u00e4 V\u00e4stra Nylandissa edellisen Atlas Vantaa \u2013voiton j\u00e4lkeen. &#8211; [&hellip;]\" \/>\n<meta property=\"og:url\" content=\"https:\/\/aktialiiga.fi\/miehet\/2016-2017\/ennakot-2016-17\/bk-46-saa-pifn-vieraakseen\/\" \/>\n<meta property=\"og:site_name\" content=\"K\u00e4sipallon miesten Aktialiiga\" \/>\n<meta property=\"article:publisher\" content=\"https:\/\/www.facebook.com\/finnhandball\" \/>\n<meta property=\"article:published_time\" content=\"2016-11-25T20:13:59+00:00\" \/>\n<meta property=\"article:modified_time\" content=\"2018-04-20T09:47:08+00:00\" \/>\n<meta property=\"og:image\" content=\"https:\/\/i0.wp.com\/aktialiiga.fi\/miehet\/wp-content\/uploads\/sites\/5\/2015\/12\/Pallo_kuvitus_1516a.jpg?fit=600%2C400&ssl=1\" \/>\n\t<meta property=\"og:image:width\" content=\"600\" \/>\n\t<meta property=\"og:image:height\" content=\"400\" \/>\n\t<meta property=\"og:image:type\" content=\"image\/jpeg\" \/>\n<meta name=\"author\" content=\"tbrmedia\" \/>\n<meta name=\"twitter:card\" content=\"summary_large_image\" \/>\n<meta name=\"twitter:creator\" content=\"@finnhandball\" \/>\n<meta name=\"twitter:site\" content=\"@finnhandball\" \/>\n<script type=\"application\/ld+json\" class=\"yoast-schema-graph\">{\"@context\":\"https:\\\/\\\/schema.org\",\"@graph\":[{\"@type\":\"Article\",\"@id\":\"https:\\\/\\\/aktialiiga.fi\\\/miehet\\\/2016-2017\\\/ennakot-2016-17\\\/bk-46-saa-pifn-vieraakseen\\\/#article\",\"isPartOf\":{\"@id\":\"https:\\\/\\\/aktialiiga.fi\\\/miehet\\\/2016-2017\\\/ennakot-2016-17\\\/bk-46-saa-pifn-vieraakseen\\\/\"},\"author\":{\"name\":\"tbrmedia\",\"@id\":\"https:\\\/\\\/aktialiiga.fi\\\/miehet\\\/#\\\/schema\\\/person\\\/c14bf42f47041db74603c45afcb18d87\"},\"headline\":\"BK-46 saa PIF:n vieraakseen\",\"datePublished\":\"2016-11-25T20:13:59+00:00\",\"dateModified\":\"2018-04-20T09:47:08+00:00\",\"mainEntityOfPage\":{\"@id\":\"https:\\\/\\\/aktialiiga.fi\\\/miehet\\\/2016-2017\\\/ennakot-2016-17\\\/bk-46-saa-pifn-vieraakseen\\\/\"},\"wordCount\":224,\"publisher\":{\"@id\":\"https:\\\/\\\/aktialiiga.fi\\\/miehet\\\/#organization\"},\"image\":{\"@id\":\"https:\\\/\\\/aktialiiga.fi\\\/miehet\\\/2016-2017\\\/ennakot-2016-17\\\/bk-46-saa-pifn-vieraakseen\\\/#primaryimage\"},\"thumbnailUrl\":\"https:\\\/\\\/i0.wp.com\\\/aktialiiga.fi\\\/miehet\\\/wp-content\\\/uploads\\\/sites\\\/5\\\/2015\\\/12\\\/Pallo_kuvitus_1516a.jpg?fit=600%2C400&ssl=1\",\"keywords\":[\"BK-46\",\"PIF\"],\"articleSection\":[\"Ennakot\"],\"inLanguage\":\"fi\"},{\"@type\":\"WebPage\",\"@id\":\"https:\\\/\\\/aktialiiga.fi\\\/miehet\\\/2016-2017\\\/ennakot-2016-17\\\/bk-46-saa-pifn-vieraakseen\\\/\",\"url\":\"https:\\\/\\\/aktialiiga.fi\\\/miehet\\\/2016-2017\\\/ennakot-2016-17\\\/bk-46-saa-pifn-vieraakseen\\\/\",\"name\":\"BK-46 saa PIF:n vieraakseen | K\u00e4sipallon miesten Aktialiiga\",\"isPartOf\":{\"@id\":\"https:\\\/\\\/aktialiiga.fi\\\/miehet\\\/#website\"},\"primaryImageOfPage\":{\"@id\":\"https:\\\/\\\/aktialiiga.fi\\\/miehet\\\/2016-2017\\\/ennakot-2016-17\\\/bk-46-saa-pifn-vieraakseen\\\/#primaryimage\"},\"image\":{\"@id\":\"https:\\\/\\\/aktialiiga.fi\\\/miehet\\\/2016-2017\\\/ennakot-2016-17\\\/bk-46-saa-pifn-vieraakseen\\\/#primaryimage\"},\"thumbnailUrl\":\"https:\\\/\\\/i0.wp.com\\\/aktialiiga.fi\\\/miehet\\\/wp-content\\\/uploads\\\/sites\\\/5\\\/2015\\\/12\\\/Pallo_kuvitus_1516a.jpg?fit=600%2C400&ssl=1\",\"datePublished\":\"2016-11-25T20:13:59+00:00\",\"dateModified\":\"2018-04-20T09:47:08+00:00\",\"breadcrumb\":{\"@id\":\"https:\\\/\\\/aktialiiga.fi\\\/miehet\\\/2016-2017\\\/ennakot-2016-17\\\/bk-46-saa-pifn-vieraakseen\\\/#breadcrumb\"},\"inLanguage\":\"fi\",\"potentialAction\":[{\"@type\":\"ReadAction\",\"target\":[\"https:\\\/\\\/aktialiiga.fi\\\/miehet\\\/2016-2017\\\/ennakot-2016-17\\\/bk-46-saa-pifn-vieraakseen\\\/\"]}]},{\"@type\":\"ImageObject\",\"inLanguage\":\"fi\",\"@id\":\"https:\\\/\\\/aktialiiga.fi\\\/miehet\\\/2016-2017\\\/ennakot-2016-17\\\/bk-46-saa-pifn-vieraakseen\\\/#primaryimage\",\"url\":\"https:\\\/\\\/i0.wp.com\\\/aktialiiga.fi\\\/miehet\\\/wp-content\\\/uploads\\\/sites\\\/5\\\/2015\\\/12\\\/Pallo_kuvitus_1516a.jpg?fit=600%2C400&ssl=1\",\"contentUrl\":\"https:\\\/\\\/i0.wp.com\\\/aktialiiga.fi\\\/miehet\\\/wp-content\\\/uploads\\\/sites\\\/5\\\/2015\\\/12\\\/Pallo_kuvitus_1516a.jpg?fit=600%2C400&ssl=1\",\"width\":600,\"height\":400,\"caption\":\"Kuva: FSC Media\"},{\"@type\":\"BreadcrumbList\",\"@id\":\"https:\\\/\\\/aktialiiga.fi\\\/miehet\\\/2016-2017\\\/ennakot-2016-17\\\/bk-46-saa-pifn-vieraakseen\\\/#breadcrumb\",\"itemListElement\":[{\"@type\":\"ListItem\",\"position\":1,\"name\":\"Etusivu\",\"item\":\"https:\\\/\\\/aktialiiga.fi\\\/miehet\\\/\"},{\"@type\":\"ListItem\",\"position\":2,\"name\":\"BK-46 saa PIF:n vieraakseen\"}]},{\"@type\":\"WebSite\",\"@id\":\"https:\\\/\\\/aktialiiga.fi\\\/miehet\\\/#website\",\"url\":\"https:\\\/\\\/aktialiiga.fi\\\/miehet\\\/\",\"name\":\"K\u00e4sipallon miesten Aktialiiga\",\"description\":\"Valtakunnan vauhdikkainta palloilua!\",\"publisher\":{\"@id\":\"https:\\\/\\\/aktialiiga.fi\\\/miehet\\\/#organization\"},\"potentialAction\":[{\"@type\":\"SearchAction\",\"target\":{\"@type\":\"EntryPoint\",\"urlTemplate\":\"https:\\\/\\\/aktialiiga.fi\\\/miehet\\\/?s={search_term_string}\"},\"query-input\":{\"@type\":\"PropertyValueSpecification\",\"valueRequired\":true,\"valueName\":\"search_term_string\"}}],\"inLanguage\":\"fi\"},{\"@type\":\"Organization\",\"@id\":\"https:\\\/\\\/aktialiiga.fi\\\/miehet\\\/#organization\",\"name\":\"K\u00e4sipallon miesten Aktialiiga\",\"url\":\"https:\\\/\\\/aktialiiga.fi\\\/miehet\\\/\",\"logo\":{\"@type\":\"ImageObject\",\"inLanguage\":\"fi\",\"@id\":\"https:\\\/\\\/aktialiiga.fi\\\/miehet\\\/#\\\/schema\\\/logo\\\/image\\\/\",\"url\":\"https:\\\/\\\/i0.wp.com\\\/aktialiiga.fi\\\/miehet\\\/wp-content\\\/uploads\\\/sites\\\/5\\\/2024\\\/09\\\/Aktialiiga-Yoast-512.png?fit=512%2C512&ssl=1\",\"contentUrl\":\"https:\\\/\\\/i0.wp.com\\\/aktialiiga.fi\\\/miehet\\\/wp-content\\\/uploads\\\/sites\\\/5\\\/2024\\\/09\\\/Aktialiiga-Yoast-512.png?fit=512%2C512&ssl=1\",\"width\":512,\"height\":512,\"caption\":\"K\u00e4sipallon miesten Aktialiiga\"},\"image\":{\"@id\":\"https:\\\/\\\/aktialiiga.fi\\\/miehet\\\/#\\\/schema\\\/logo\\\/image\\\/\"},\"sameAs\":[\"https:\\\/\\\/www.facebook.com\\\/finnhandball\",\"https:\\\/\\\/x.com\\\/finnhandball\",\"https:\\\/\\\/www.instagram.com\\\/handballfinland\\\/\"]},{\"@type\":\"Person\",\"@id\":\"https:\\\/\\\/aktialiiga.fi\\\/miehet\\\/#\\\/schema\\\/person\\\/c14bf42f47041db74603c45afcb18d87\",\"name\":\"tbrmedia\",\"image\":{\"@type\":\"ImageObject\",\"inLanguage\":\"fi\",\"@id\":\"https:\\\/\\\/secure.gravatar.com\\\/avatar\\\/ee975fa091fe581d12b60debb3439022686618368a7c142044c56724d4666b16?s=96&d=mm&r=g\",\"url\":\"https:\\\/\\\/secure.gravatar.com\\\/avatar\\\/ee975fa091fe581d12b60debb3439022686618368a7c142044c56724d4666b16?s=96&d=mm&r=g\",\"contentUrl\":\"https:\\\/\\\/secure.gravatar.com\\\/avatar\\\/ee975fa091fe581d12b60debb3439022686618368a7c142044c56724d4666b16?s=96&d=mm&r=g\",\"caption\":\"tbrmedia\"}}]}<\/script>\n<!-- \/ Yoast SEO plugin. -->","yoast_head_json":{"title":"BK-46 saa PIF:n vieraakseen | K\u00e4sipallon miesten Aktialiiga","robots":{"index":"index","follow":"follow","max-snippet":"max-snippet:-1","max-image-preview":"max-image-preview:large","max-video-preview":"max-video-preview:-1"},"canonical":"https:\/\/aktialiiga.fi\/miehet\/2016-2017\/ennakot-2016-17\/bk-46-saa-pifn-vieraakseen\/","og_locale":"fi_FI","og_type":"article","og_title":"BK-46 saa PIF:n vieraakseen | K\u00e4sipallon miesten Aktialiiga","og_description":"Erinomaisen alkukauden pelannut ja kuuden ottelun voittoputkessa oleva BK-46 is\u00e4nn\u00f6is lauantaina Pargas IF:aa Sisu Arenalla. Karjaalaisten otteet ovat syksyn edetess\u00e4 olleet vakuuttavia ja joukkueen sis\u00e4lt\u00e4kin huokuu luottamus omaan tekemiseen. &#8211; Peruspelimme on t\u00e4ll\u00e4 hetkell\u00e4 varmaa ja jaksamme juosta kunnes vastustaja v\u00e4syy, BK-46:n kokenut Andreas R\u00f6nnberg mietti tyytyv\u00e4isen\u00e4 V\u00e4stra Nylandissa edellisen Atlas Vantaa \u2013voiton j\u00e4lkeen. &#8211; [&hellip;]","og_url":"https:\/\/aktialiiga.fi\/miehet\/2016-2017\/ennakot-2016-17\/bk-46-saa-pifn-vieraakseen\/","og_site_name":"K\u00e4sipallon miesten Aktialiiga","article_publisher":"https:\/\/www.facebook.com\/finnhandball","article_published_time":"2016-11-25T20:13:59+00:00","article_modified_time":"2018-04-20T09:47:08+00:00","og_image":[{"width":600,"height":400,"url":"https:\/\/i0.wp.com\/aktialiiga.fi\/miehet\/wp-content\/uploads\/sites\/5\/2015\/12\/Pallo_kuvitus_1516a.jpg?fit=600%2C400&ssl=1","type":"image\/jpeg"}],"author":"tbrmedia","twitter_card":"summary_large_image","twitter_creator":"@finnhandball","twitter_site":"@finnhandball","schema":{"@context":"https:\/\/schema.org","@graph":[{"@type":"Article","@id":"https:\/\/aktialiiga.fi\/miehet\/2016-2017\/ennakot-2016-17\/bk-46-saa-pifn-vieraakseen\/#article","isPartOf":{"@id":"https:\/\/aktialiiga.fi\/miehet\/2016-2017\/ennakot-2016-17\/bk-46-saa-pifn-vieraakseen\/"},"author":{"name":"tbrmedia","@id":"https:\/\/aktialiiga.fi\/miehet\/#\/schema\/person\/c14bf42f47041db74603c45afcb18d87"},"headline":"BK-46 saa PIF:n vieraakseen","datePublished":"2016-11-25T20:13:59+00:00","dateModified":"2018-04-20T09:47:08+00:00","mainEntityOfPage":{"@id":"https:\/\/aktialiiga.fi\/miehet\/2016-2017\/ennakot-2016-17\/bk-46-saa-pifn-vieraakseen\/"},"wordCount":224,"publisher":{"@id":"https:\/\/aktialiiga.fi\/miehet\/#organization"},"image":{"@id":"https:\/\/aktialiiga.fi\/miehet\/2016-2017\/ennakot-2016-17\/bk-46-saa-pifn-vieraakseen\/#primaryimage"},"thumbnailUrl":"https:\/\/i0.wp.com\/aktialiiga.fi\/miehet\/wp-content\/uploads\/sites\/5\/2015\/12\/Pallo_kuvitus_1516a.jpg?fit=600%2C400&ssl=1","keywords":["BK-46","PIF"],"articleSection":["Ennakot"],"inLanguage":"fi"},{"@type":"WebPage","@id":"https:\/\/aktialiiga.fi\/miehet\/2016-2017\/ennakot-2016-17\/bk-46-saa-pifn-vieraakseen\/","url":"https:\/\/aktialiiga.fi\/miehet\/2016-2017\/ennakot-2016-17\/bk-46-saa-pifn-vieraakseen\/","name":"BK-46 saa PIF:n vieraakseen | K\u00e4sipallon miesten Aktialiiga","isPartOf":{"@id":"https:\/\/aktialiiga.fi\/miehet\/#website"},"primaryImageOfPage":{"@id":"https:\/\/aktialiiga.fi\/miehet\/2016-2017\/ennakot-2016-17\/bk-46-saa-pifn-vieraakseen\/#primaryimage"},"image":{"@id":"https:\/\/aktialiiga.fi\/miehet\/2016-2017\/ennakot-2016-17\/bk-46-saa-pifn-vieraakseen\/#primaryimage"},"thumbnailUrl":"https:\/\/i0.wp.com\/aktialiiga.fi\/miehet\/wp-content\/uploads\/sites\/5\/2015\/12\/Pallo_kuvitus_1516a.jpg?fit=600%2C400&ssl=1","datePublished":"2016-11-25T20:13:59+00:00","dateModified":"2018-04-20T09:47:08+00:00","breadcrumb":{"@id":"https:\/\/aktialiiga.fi\/miehet\/2016-2017\/ennakot-2016-17\/bk-46-saa-pifn-vieraakseen\/#breadcrumb"},"inLanguage":"fi","potentialAction":[{"@type":"ReadAction","target":["https:\/\/aktialiiga.fi\/miehet\/2016-2017\/ennakot-2016-17\/bk-46-saa-pifn-vieraakseen\/"]}]},{"@type":"ImageObject","inLanguage":"fi","@id":"https:\/\/aktialiiga.fi\/miehet\/2016-2017\/ennakot-2016-17\/bk-46-saa-pifn-vieraakseen\/#primaryimage","url":"https:\/\/i0.wp.com\/aktialiiga.fi\/miehet\/wp-content\/uploads\/sites\/5\/2015\/12\/Pallo_kuvitus_1516a.jpg?fit=600%2C400&ssl=1","contentUrl":"https:\/\/i0.wp.com\/aktialiiga.fi\/miehet\/wp-content\/uploads\/sites\/5\/2015\/12\/Pallo_kuvitus_1516a.jpg?fit=600%2C400&ssl=1","width":600,"height":400,"caption":"Kuva: FSC Media"},{"@type":"BreadcrumbList","@id":"https:\/\/aktialiiga.fi\/miehet\/2016-2017\/ennakot-2016-17\/bk-46-saa-pifn-vieraakseen\/#breadcrumb","itemListElement":[{"@type":"ListItem","position":1,"name":"Etusivu","item":"https:\/\/aktialiiga.fi\/miehet\/"},{"@type":"ListItem","position":2,"name":"BK-46 saa PIF:n vieraakseen"}]},{"@type":"WebSite","@id":"https:\/\/aktialiiga.fi\/miehet\/#website","url":"https:\/\/aktialiiga.fi\/miehet\/","name":"K\u00e4sipallon miesten Aktialiiga","description":"Valtakunnan vauhdikkainta palloilua!","publisher":{"@id":"https:\/\/aktialiiga.fi\/miehet\/#organization"},"potentialAction":[{"@type":"SearchAction","target":{"@type":"EntryPoint","urlTemplate":"https:\/\/aktialiiga.fi\/miehet\/?s={search_term_string}"},"query-input":{"@type":"PropertyValueSpecification","valueRequired":true,"valueName":"search_term_string"}}],"inLanguage":"fi"},{"@type":"Organization","@id":"https:\/\/aktialiiga.fi\/miehet\/#organization","name":"K\u00e4sipallon miesten Aktialiiga","url":"https:\/\/aktialiiga.fi\/miehet\/","logo":{"@type":"ImageObject","inLanguage":"fi","@id":"https:\/\/aktialiiga.fi\/miehet\/#\/schema\/logo\/image\/","url":"https:\/\/i0.wp.com\/aktialiiga.fi\/miehet\/wp-content\/uploads\/sites\/5\/2024\/09\/Aktialiiga-Yoast-512.png?fit=512%2C512&ssl=1","contentUrl":"https:\/\/i0.wp.com\/aktialiiga.fi\/miehet\/wp-content\/uploads\/sites\/5\/2024\/09\/Aktialiiga-Yoast-512.png?fit=512%2C512&ssl=1","width":512,"height":512,"caption":"K\u00e4sipallon miesten Aktialiiga"},"image":{"@id":"https:\/\/aktialiiga.fi\/miehet\/#\/schema\/logo\/image\/"},"sameAs":["https:\/\/www.facebook.com\/finnhandball","https:\/\/x.com\/finnhandball","https:\/\/www.instagram.com\/handballfinland\/"]},{"@type":"Person","@id":"https:\/\/aktialiiga.fi\/miehet\/#\/schema\/person\/c14bf42f47041db74603c45afcb18d87","name":"tbrmedia","image":{"@type":"ImageObject","inLanguage":"fi","@id":"https:\/\/secure.gravatar.com\/avatar\/ee975fa091fe581d12b60debb3439022686618368a7c142044c56724d4666b16?s=96&d=mm&r=g","url":"https:\/\/secure.gravatar.com\/avatar\/ee975fa091fe581d12b60debb3439022686618368a7c142044c56724d4666b16?s=96&d=mm&r=g","contentUrl":"https:\/\/secure.gravatar.com\/avatar\/ee975fa091fe581d12b60debb3439022686618368a7c142044c56724d4666b16?s=96&d=mm&r=g","caption":"tbrmedia"}}]}},"jetpack_featured_media_url":"https:\/\/i0.wp.com\/aktialiiga.fi\/miehet\/wp-content\/uploads\/sites\/5\/2015\/12\/Pallo_kuvitus_1516a.jpg?fit=600%2C400&ssl=1","jetpack_sharing_enabled":true,"jetpack_shortlink":"https:\/\/wp.me\/pfTxOr-423","_links":{"self":[{"href":"https:\/\/aktialiiga.fi\/miehet\/wp-json\/wp\/v2\/posts\/15503","targetHints":{"allow":["GET"]}}],"collection":[{"href":"https:\/\/aktialiiga.fi\/miehet\/wp-json\/wp\/v2\/posts"}],"about":[{"href":"https:\/\/aktialiiga.fi\/miehet\/wp-json\/wp\/v2\/types\/post"}],"author":[{"embeddable":true,"href":"https:\/\/aktialiiga.fi\/miehet\/wp-json\/wp\/v2\/users\/13"}],"replies":[{"embeddable":true,"href":"https:\/\/aktialiiga.fi\/miehet\/wp-json\/wp\/v2\/comments?post=15503"}],"version-history":[{"count":0,"href":"https:\/\/aktialiiga.fi\/miehet\/wp-json\/wp\/v2\/posts\/15503\/revisions"}],"wp:featuredmedia":[{"embeddable":true,"href":"https:\/\/aktialiiga.fi\/miehet\/wp-json\/wp\/v2\/media\/11171"}],"wp:attachment":[{"href":"https:\/\/aktialiiga.fi\/miehet\/wp-json\/wp\/v2\/media?parent=15503"}],"wp:term":[{"taxonomy":"category","embeddable":true,"href":"https:\/\/aktialiiga.fi\/miehet\/wp-json\/wp\/v2\/categories?post=15503"},{"taxonomy":"post_tag","embeddable":true,"href":"https:\/\/aktialiiga.fi\/miehet\/wp-json\/wp\/v2\/tags?post=15503"}],"curies":[{"name":"wp","href":"https:\/\/api.w.org\/{rel}","templated":true}]}}