{"id":15586,"date":"2016-12-09T21:01:05","date_gmt":"2016-12-09T19:01:05","guid":{"rendered":"https:\/\/aktialiiga.fi\/miehet\/?p=15586"},"modified":"2018-04-20T12:47:04","modified_gmt":"2018-04-20T09:47:04","slug":"dicken-bk-46-kohtaavat-karkiottelussa","status":"publish","type":"post","link":"https:\/\/aktialiiga.fi\/miehet\/2016-2017\/ennakot-2016-17\/dicken-bk-46-kohtaavat-karkiottelussa\/","title":{"rendered":"Dicken \u2013 BK-46 kohtaavat k\u00e4rkiottelussa"},"content":{"rendered":"<p>Lauantaina Pirkkolassa vietet\u00e4\u00e4n j\u00e4lleen Superlauantaita, tai oikeastaan superpikkujoulua, kun Dickenin naiset ensin kohtaavat Atlaksen klo 14.15 ja miehet odotetussa k\u00e4rkiottelussa BK-46:n klo 16.15. Pirkkolassa on lauantaina tarjolla gl\u00f6gi\u00e4 ja muita jouluteemaisia herkkuja.<\/p>\n<p>Dickenin ja BK:n kauden ensimm\u00e4isest\u00e4 kohtaamisesta ei draamaa puuttunut. Sisu-Areenalla BK hallitsi ottelua l\u00e4hestulkoon alusta loppuun, ja n\u00e4ytti jo pitk\u00e4\u00e4n viev\u00e4n pisteet. Patrik Roslander maalilla oli kuitenkin eri mielt\u00e4, ja Anton R\u00e9my tasoitti ottelun pari sekuntia ennen p\u00e4\u00e4t\u00f6ssummeria. N\u00e4in ollen pisteet jaettiin. Odotettavissa on siis eritt\u00e4in tiukka ottelu, joka voi k\u00e4\u00e4nty\u00e4 kumman tahansa eduksi. Pisteet ovat jo t\u00e4ss\u00e4 vaiheessa kautta eritt\u00e4in t\u00e4rkeit\u00e4, kun aletaan ynn\u00e4t\u00e4 ylemm\u00e4n jatkosarjan sijoja ja pisteit\u00e4 keskin\u00e4isten otteluiden my\u00f6t\u00e4. BK on t\u00e4ll\u00e4 hetkell\u00e4 sarjassa kakkosena, pisteen lauttasaarelaisia edell\u00e4.<\/p>\n<p>BK on pelannut edelliset ottelunsa eritt\u00e4in vakuuttavasti, ja olivatkin l\u00e4hell\u00e4 horjuttaa Cocksia Suomen cupin puoliv\u00e4lier\u00e4ss\u00e4 Riihim\u00e4ell\u00e4. Muutenkin ovat otteet olleet vakuuttavia. Liigassa pistemenetyksi\u00e4 on tullut vain kolme. Joukkueen kaksi t\u00e4rkeint\u00e4 pelaajaa, Oscar Kihlstedt ja Andreas R\u00f6nnberg ovat olleet juuri niin arvokkaita kuin ennen kautta arveltiin. My\u00f6s Ex-Dicken pelaaja Ben Weber, joka nyt palaa vanhoille kulmilleen Pirkkolaan, on ollut vakuuttava.<\/p>\n<p>Dickenin edelliset pelit ovat puolestaan olleet hankalia. Voitot \u00c5IFK:ta ja Dynamoa vastaan irtosivat hyv\u00e4n toisen jakson ansiosta, ja HIFK:ta vastaan yksikin piste tuntui hyv\u00e4lt\u00e4, kun lauttasaarelaiset tulivat lopussa tasoihin. Selke\u00e4 tappio Cocksille viime keskiviikkona oli jo parempaa peli\u00e4 noin 35 minuuttia, jonka j\u00e4lkeen puhti loppui kovia ammattilaisia vastaan.<\/p>\n","protected":false},"excerpt":{"rendered":"<p>Lauantaina Pirkkolassa vietet\u00e4\u00e4n j\u00e4lleen Superlauantaita, tai oikeastaan superpikkujoulua, kun Dickenin naiset ensin kohtaavat Atlaksen klo 14.15 ja miehet odotetussa k\u00e4rkiottelussa BK-46:n klo 16.15. Pirkkolassa on lauantaina tarjolla gl\u00f6gi\u00e4 ja muita jouluteemaisia herkkuja. Dickenin ja BK:n kauden ensimm\u00e4isest\u00e4 kohtaamisesta ei draamaa puuttunut. Sisu-Areenalla BK hallitsi ottelua l\u00e4hestulkoon alusta loppuun, ja n\u00e4ytti jo pitk\u00e4\u00e4n viev\u00e4n pisteet. Patrik [&hellip;]<\/p>\n","protected":false},"author":13,"featured_media":15248,"comment_status":"closed","ping_status":"open","sticky":false,"template":"","format":"standard","meta":{"_acf_changed":false,"jetpack_post_was_ever_published":false,"_jetpack_newsletter_access":"","_jetpack_dont_email_post_to_subs":false,"_jetpack_newsletter_tier_id":0,"_jetpack_memberships_contains_paywalled_content":false,"_jetpack_memberships_contains_paid_content":false,"footnotes":""},"categories":[174],"tags":[56,58],"class_list":["post-15586","post","type-post","status-publish","format-standard","has-post-thumbnail","hentry","category-ennakot-2016-17","tag-bk-46","tag-dicken"],"acf":[],"yoast_head":"<!-- This site is optimized with the Yoast SEO plugin v27.5 - https:\/\/yoast.com\/product\/yoast-seo-wordpress\/ -->\n<title>Dicken \u2013 BK-46 kohtaavat k\u00e4rkiottelussa | K\u00e4sipallon miesten Aktialiiga<\/title>\n<meta name=\"robots\" content=\"index, follow, max-snippet:-1, max-image-preview:large, max-video-preview:-1\" \/>\n<link rel=\"canonical\" href=\"https:\/\/aktialiiga.fi\/miehet\/2016-2017\/ennakot-2016-17\/dicken-bk-46-kohtaavat-karkiottelussa\/\" \/>\n<meta property=\"og:locale\" content=\"fi_FI\" \/>\n<meta property=\"og:type\" content=\"article\" \/>\n<meta property=\"og:title\" content=\"Dicken \u2013 BK-46 kohtaavat k\u00e4rkiottelussa | K\u00e4sipallon miesten Aktialiiga\" \/>\n<meta property=\"og:description\" content=\"Lauantaina Pirkkolassa vietet\u00e4\u00e4n j\u00e4lleen Superlauantaita, tai oikeastaan superpikkujoulua, kun Dickenin naiset ensin kohtaavat Atlaksen klo 14.15 ja miehet odotetussa k\u00e4rkiottelussa BK-46:n klo 16.15. Pirkkolassa on lauantaina tarjolla gl\u00f6gi\u00e4 ja muita jouluteemaisia herkkuja. Dickenin ja BK:n kauden ensimm\u00e4isest\u00e4 kohtaamisesta ei draamaa puuttunut. Sisu-Areenalla BK hallitsi ottelua l\u00e4hestulkoon alusta loppuun, ja n\u00e4ytti jo pitk\u00e4\u00e4n viev\u00e4n pisteet. Patrik [&hellip;]\" \/>\n<meta property=\"og:url\" content=\"https:\/\/aktialiiga.fi\/miehet\/2016-2017\/ennakot-2016-17\/dicken-bk-46-kohtaavat-karkiottelussa\/\" \/>\n<meta property=\"og:site_name\" content=\"K\u00e4sipallon miesten Aktialiiga\" \/>\n<meta property=\"article:publisher\" content=\"https:\/\/www.facebook.com\/finnhandball\" \/>\n<meta property=\"article:published_time\" content=\"2016-12-09T19:01:05+00:00\" \/>\n<meta property=\"article:modified_time\" content=\"2018-04-20T09:47:04+00:00\" \/>\n<meta property=\"og:image\" content=\"https:\/\/i0.wp.com\/aktialiiga.fi\/miehet\/wp-content\/uploads\/sites\/5\/2016\/10\/Pallokuvitus2016a.jpg?fit=800%2C533&ssl=1\" \/>\n\t<meta property=\"og:image:width\" content=\"800\" \/>\n\t<meta property=\"og:image:height\" content=\"533\" \/>\n\t<meta property=\"og:image:type\" content=\"image\/jpeg\" \/>\n<meta name=\"author\" content=\"tbrmedia\" \/>\n<meta name=\"twitter:card\" content=\"summary_large_image\" \/>\n<meta name=\"twitter:creator\" content=\"@finnhandball\" \/>\n<meta name=\"twitter:site\" content=\"@finnhandball\" \/>\n<script type=\"application\/ld+json\" class=\"yoast-schema-graph\">{\"@context\":\"https:\\\/\\\/schema.org\",\"@graph\":[{\"@type\":\"Article\",\"@id\":\"https:\\\/\\\/aktialiiga.fi\\\/miehet\\\/2016-2017\\\/ennakot-2016-17\\\/dicken-bk-46-kohtaavat-karkiottelussa\\\/#article\",\"isPartOf\":{\"@id\":\"https:\\\/\\\/aktialiiga.fi\\\/miehet\\\/2016-2017\\\/ennakot-2016-17\\\/dicken-bk-46-kohtaavat-karkiottelussa\\\/\"},\"author\":{\"name\":\"tbrmedia\",\"@id\":\"https:\\\/\\\/aktialiiga.fi\\\/miehet\\\/#\\\/schema\\\/person\\\/c14bf42f47041db74603c45afcb18d87\"},\"headline\":\"Dicken \u2013 BK-46 kohtaavat k\u00e4rkiottelussa\",\"datePublished\":\"2016-12-09T19:01:05+00:00\",\"dateModified\":\"2018-04-20T09:47:04+00:00\",\"mainEntityOfPage\":{\"@id\":\"https:\\\/\\\/aktialiiga.fi\\\/miehet\\\/2016-2017\\\/ennakot-2016-17\\\/dicken-bk-46-kohtaavat-karkiottelussa\\\/\"},\"wordCount\":261,\"publisher\":{\"@id\":\"https:\\\/\\\/aktialiiga.fi\\\/miehet\\\/#organization\"},\"image\":{\"@id\":\"https:\\\/\\\/aktialiiga.fi\\\/miehet\\\/2016-2017\\\/ennakot-2016-17\\\/dicken-bk-46-kohtaavat-karkiottelussa\\\/#primaryimage\"},\"thumbnailUrl\":\"https:\\\/\\\/i0.wp.com\\\/aktialiiga.fi\\\/miehet\\\/wp-content\\\/uploads\\\/sites\\\/5\\\/2016\\\/10\\\/Pallokuvitus2016a.jpg?fit=800%2C533&ssl=1\",\"keywords\":[\"BK-46\",\"Dicken\"],\"articleSection\":[\"Ennakot\"],\"inLanguage\":\"fi\"},{\"@type\":\"WebPage\",\"@id\":\"https:\\\/\\\/aktialiiga.fi\\\/miehet\\\/2016-2017\\\/ennakot-2016-17\\\/dicken-bk-46-kohtaavat-karkiottelussa\\\/\",\"url\":\"https:\\\/\\\/aktialiiga.fi\\\/miehet\\\/2016-2017\\\/ennakot-2016-17\\\/dicken-bk-46-kohtaavat-karkiottelussa\\\/\",\"name\":\"Dicken \u2013 BK-46 kohtaavat k\u00e4rkiottelussa | K\u00e4sipallon miesten Aktialiiga\",\"isPartOf\":{\"@id\":\"https:\\\/\\\/aktialiiga.fi\\\/miehet\\\/#website\"},\"primaryImageOfPage\":{\"@id\":\"https:\\\/\\\/aktialiiga.fi\\\/miehet\\\/2016-2017\\\/ennakot-2016-17\\\/dicken-bk-46-kohtaavat-karkiottelussa\\\/#primaryimage\"},\"image\":{\"@id\":\"https:\\\/\\\/aktialiiga.fi\\\/miehet\\\/2016-2017\\\/ennakot-2016-17\\\/dicken-bk-46-kohtaavat-karkiottelussa\\\/#primaryimage\"},\"thumbnailUrl\":\"https:\\\/\\\/i0.wp.com\\\/aktialiiga.fi\\\/miehet\\\/wp-content\\\/uploads\\\/sites\\\/5\\\/2016\\\/10\\\/Pallokuvitus2016a.jpg?fit=800%2C533&ssl=1\",\"datePublished\":\"2016-12-09T19:01:05+00:00\",\"dateModified\":\"2018-04-20T09:47:04+00:00\",\"breadcrumb\":{\"@id\":\"https:\\\/\\\/aktialiiga.fi\\\/miehet\\\/2016-2017\\\/ennakot-2016-17\\\/dicken-bk-46-kohtaavat-karkiottelussa\\\/#breadcrumb\"},\"inLanguage\":\"fi\",\"potentialAction\":[{\"@type\":\"ReadAction\",\"target\":[\"https:\\\/\\\/aktialiiga.fi\\\/miehet\\\/2016-2017\\\/ennakot-2016-17\\\/dicken-bk-46-kohtaavat-karkiottelussa\\\/\"]}]},{\"@type\":\"ImageObject\",\"inLanguage\":\"fi\",\"@id\":\"https:\\\/\\\/aktialiiga.fi\\\/miehet\\\/2016-2017\\\/ennakot-2016-17\\\/dicken-bk-46-kohtaavat-karkiottelussa\\\/#primaryimage\",\"url\":\"https:\\\/\\\/i0.wp.com\\\/aktialiiga.fi\\\/miehet\\\/wp-content\\\/uploads\\\/sites\\\/5\\\/2016\\\/10\\\/Pallokuvitus2016a.jpg?fit=800%2C533&ssl=1\",\"contentUrl\":\"https:\\\/\\\/i0.wp.com\\\/aktialiiga.fi\\\/miehet\\\/wp-content\\\/uploads\\\/sites\\\/5\\\/2016\\\/10\\\/Pallokuvitus2016a.jpg?fit=800%2C533&ssl=1\",\"width\":800,\"height\":533},{\"@type\":\"BreadcrumbList\",\"@id\":\"https:\\\/\\\/aktialiiga.fi\\\/miehet\\\/2016-2017\\\/ennakot-2016-17\\\/dicken-bk-46-kohtaavat-karkiottelussa\\\/#breadcrumb\",\"itemListElement\":[{\"@type\":\"ListItem\",\"position\":1,\"name\":\"Etusivu\",\"item\":\"https:\\\/\\\/aktialiiga.fi\\\/miehet\\\/\"},{\"@type\":\"ListItem\",\"position\":2,\"name\":\"Dicken \u2013 BK-46 kohtaavat k\u00e4rkiottelussa\"}]},{\"@type\":\"WebSite\",\"@id\":\"https:\\\/\\\/aktialiiga.fi\\\/miehet\\\/#website\",\"url\":\"https:\\\/\\\/aktialiiga.fi\\\/miehet\\\/\",\"name\":\"K\u00e4sipallon miesten Aktialiiga\",\"description\":\"Valtakunnan vauhdikkainta palloilua!\",\"publisher\":{\"@id\":\"https:\\\/\\\/aktialiiga.fi\\\/miehet\\\/#organization\"},\"potentialAction\":[{\"@type\":\"SearchAction\",\"target\":{\"@type\":\"EntryPoint\",\"urlTemplate\":\"https:\\\/\\\/aktialiiga.fi\\\/miehet\\\/?s={search_term_string}\"},\"query-input\":{\"@type\":\"PropertyValueSpecification\",\"valueRequired\":true,\"valueName\":\"search_term_string\"}}],\"inLanguage\":\"fi\"},{\"@type\":\"Organization\",\"@id\":\"https:\\\/\\\/aktialiiga.fi\\\/miehet\\\/#organization\",\"name\":\"K\u00e4sipallon miesten Aktialiiga\",\"url\":\"https:\\\/\\\/aktialiiga.fi\\\/miehet\\\/\",\"logo\":{\"@type\":\"ImageObject\",\"inLanguage\":\"fi\",\"@id\":\"https:\\\/\\\/aktialiiga.fi\\\/miehet\\\/#\\\/schema\\\/logo\\\/image\\\/\",\"url\":\"https:\\\/\\\/i0.wp.com\\\/aktialiiga.fi\\\/miehet\\\/wp-content\\\/uploads\\\/sites\\\/5\\\/2024\\\/09\\\/Aktialiiga-Yoast-512.png?fit=512%2C512&ssl=1\",\"contentUrl\":\"https:\\\/\\\/i0.wp.com\\\/aktialiiga.fi\\\/miehet\\\/wp-content\\\/uploads\\\/sites\\\/5\\\/2024\\\/09\\\/Aktialiiga-Yoast-512.png?fit=512%2C512&ssl=1\",\"width\":512,\"height\":512,\"caption\":\"K\u00e4sipallon miesten Aktialiiga\"},\"image\":{\"@id\":\"https:\\\/\\\/aktialiiga.fi\\\/miehet\\\/#\\\/schema\\\/logo\\\/image\\\/\"},\"sameAs\":[\"https:\\\/\\\/www.facebook.com\\\/finnhandball\",\"https:\\\/\\\/x.com\\\/finnhandball\",\"https:\\\/\\\/www.instagram.com\\\/handballfinland\\\/\"]},{\"@type\":\"Person\",\"@id\":\"https:\\\/\\\/aktialiiga.fi\\\/miehet\\\/#\\\/schema\\\/person\\\/c14bf42f47041db74603c45afcb18d87\",\"name\":\"tbrmedia\",\"image\":{\"@type\":\"ImageObject\",\"inLanguage\":\"fi\",\"@id\":\"https:\\\/\\\/secure.gravatar.com\\\/avatar\\\/ee975fa091fe581d12b60debb3439022686618368a7c142044c56724d4666b16?s=96&d=mm&r=g\",\"url\":\"https:\\\/\\\/secure.gravatar.com\\\/avatar\\\/ee975fa091fe581d12b60debb3439022686618368a7c142044c56724d4666b16?s=96&d=mm&r=g\",\"contentUrl\":\"https:\\\/\\\/secure.gravatar.com\\\/avatar\\\/ee975fa091fe581d12b60debb3439022686618368a7c142044c56724d4666b16?s=96&d=mm&r=g\",\"caption\":\"tbrmedia\"}}]}<\/script>\n<!-- \/ Yoast SEO plugin. -->","yoast_head_json":{"title":"Dicken \u2013 BK-46 kohtaavat k\u00e4rkiottelussa | K\u00e4sipallon miesten Aktialiiga","robots":{"index":"index","follow":"follow","max-snippet":"max-snippet:-1","max-image-preview":"max-image-preview:large","max-video-preview":"max-video-preview:-1"},"canonical":"https:\/\/aktialiiga.fi\/miehet\/2016-2017\/ennakot-2016-17\/dicken-bk-46-kohtaavat-karkiottelussa\/","og_locale":"fi_FI","og_type":"article","og_title":"Dicken \u2013 BK-46 kohtaavat k\u00e4rkiottelussa | K\u00e4sipallon miesten Aktialiiga","og_description":"Lauantaina Pirkkolassa vietet\u00e4\u00e4n j\u00e4lleen Superlauantaita, tai oikeastaan superpikkujoulua, kun Dickenin naiset ensin kohtaavat Atlaksen klo 14.15 ja miehet odotetussa k\u00e4rkiottelussa BK-46:n klo 16.15. Pirkkolassa on lauantaina tarjolla gl\u00f6gi\u00e4 ja muita jouluteemaisia herkkuja. Dickenin ja BK:n kauden ensimm\u00e4isest\u00e4 kohtaamisesta ei draamaa puuttunut. Sisu-Areenalla BK hallitsi ottelua l\u00e4hestulkoon alusta loppuun, ja n\u00e4ytti jo pitk\u00e4\u00e4n viev\u00e4n pisteet. Patrik [&hellip;]","og_url":"https:\/\/aktialiiga.fi\/miehet\/2016-2017\/ennakot-2016-17\/dicken-bk-46-kohtaavat-karkiottelussa\/","og_site_name":"K\u00e4sipallon miesten Aktialiiga","article_publisher":"https:\/\/www.facebook.com\/finnhandball","article_published_time":"2016-12-09T19:01:05+00:00","article_modified_time":"2018-04-20T09:47:04+00:00","og_image":[{"width":800,"height":533,"url":"https:\/\/i0.wp.com\/aktialiiga.fi\/miehet\/wp-content\/uploads\/sites\/5\/2016\/10\/Pallokuvitus2016a.jpg?fit=800%2C533&ssl=1","type":"image\/jpeg"}],"author":"tbrmedia","twitter_card":"summary_large_image","twitter_creator":"@finnhandball","twitter_site":"@finnhandball","schema":{"@context":"https:\/\/schema.org","@graph":[{"@type":"Article","@id":"https:\/\/aktialiiga.fi\/miehet\/2016-2017\/ennakot-2016-17\/dicken-bk-46-kohtaavat-karkiottelussa\/#article","isPartOf":{"@id":"https:\/\/aktialiiga.fi\/miehet\/2016-2017\/ennakot-2016-17\/dicken-bk-46-kohtaavat-karkiottelussa\/"},"author":{"name":"tbrmedia","@id":"https:\/\/aktialiiga.fi\/miehet\/#\/schema\/person\/c14bf42f47041db74603c45afcb18d87"},"headline":"Dicken \u2013 BK-46 kohtaavat k\u00e4rkiottelussa","datePublished":"2016-12-09T19:01:05+00:00","dateModified":"2018-04-20T09:47:04+00:00","mainEntityOfPage":{"@id":"https:\/\/aktialiiga.fi\/miehet\/2016-2017\/ennakot-2016-17\/dicken-bk-46-kohtaavat-karkiottelussa\/"},"wordCount":261,"publisher":{"@id":"https:\/\/aktialiiga.fi\/miehet\/#organization"},"image":{"@id":"https:\/\/aktialiiga.fi\/miehet\/2016-2017\/ennakot-2016-17\/dicken-bk-46-kohtaavat-karkiottelussa\/#primaryimage"},"thumbnailUrl":"https:\/\/i0.wp.com\/aktialiiga.fi\/miehet\/wp-content\/uploads\/sites\/5\/2016\/10\/Pallokuvitus2016a.jpg?fit=800%2C533&ssl=1","keywords":["BK-46","Dicken"],"articleSection":["Ennakot"],"inLanguage":"fi"},{"@type":"WebPage","@id":"https:\/\/aktialiiga.fi\/miehet\/2016-2017\/ennakot-2016-17\/dicken-bk-46-kohtaavat-karkiottelussa\/","url":"https:\/\/aktialiiga.fi\/miehet\/2016-2017\/ennakot-2016-17\/dicken-bk-46-kohtaavat-karkiottelussa\/","name":"Dicken \u2013 BK-46 kohtaavat k\u00e4rkiottelussa | K\u00e4sipallon miesten Aktialiiga","isPartOf":{"@id":"https:\/\/aktialiiga.fi\/miehet\/#website"},"primaryImageOfPage":{"@id":"https:\/\/aktialiiga.fi\/miehet\/2016-2017\/ennakot-2016-17\/dicken-bk-46-kohtaavat-karkiottelussa\/#primaryimage"},"image":{"@id":"https:\/\/aktialiiga.fi\/miehet\/2016-2017\/ennakot-2016-17\/dicken-bk-46-kohtaavat-karkiottelussa\/#primaryimage"},"thumbnailUrl":"https:\/\/i0.wp.com\/aktialiiga.fi\/miehet\/wp-content\/uploads\/sites\/5\/2016\/10\/Pallokuvitus2016a.jpg?fit=800%2C533&ssl=1","datePublished":"2016-12-09T19:01:05+00:00","dateModified":"2018-04-20T09:47:04+00:00","breadcrumb":{"@id":"https:\/\/aktialiiga.fi\/miehet\/2016-2017\/ennakot-2016-17\/dicken-bk-46-kohtaavat-karkiottelussa\/#breadcrumb"},"inLanguage":"fi","potentialAction":[{"@type":"ReadAction","target":["https:\/\/aktialiiga.fi\/miehet\/2016-2017\/ennakot-2016-17\/dicken-bk-46-kohtaavat-karkiottelussa\/"]}]},{"@type":"ImageObject","inLanguage":"fi","@id":"https:\/\/aktialiiga.fi\/miehet\/2016-2017\/ennakot-2016-17\/dicken-bk-46-kohtaavat-karkiottelussa\/#primaryimage","url":"https:\/\/i0.wp.com\/aktialiiga.fi\/miehet\/wp-content\/uploads\/sites\/5\/2016\/10\/Pallokuvitus2016a.jpg?fit=800%2C533&ssl=1","contentUrl":"https:\/\/i0.wp.com\/aktialiiga.fi\/miehet\/wp-content\/uploads\/sites\/5\/2016\/10\/Pallokuvitus2016a.jpg?fit=800%2C533&ssl=1","width":800,"height":533},{"@type":"BreadcrumbList","@id":"https:\/\/aktialiiga.fi\/miehet\/2016-2017\/ennakot-2016-17\/dicken-bk-46-kohtaavat-karkiottelussa\/#breadcrumb","itemListElement":[{"@type":"ListItem","position":1,"name":"Etusivu","item":"https:\/\/aktialiiga.fi\/miehet\/"},{"@type":"ListItem","position":2,"name":"Dicken \u2013 BK-46 kohtaavat k\u00e4rkiottelussa"}]},{"@type":"WebSite","@id":"https:\/\/aktialiiga.fi\/miehet\/#website","url":"https:\/\/aktialiiga.fi\/miehet\/","name":"K\u00e4sipallon miesten Aktialiiga","description":"Valtakunnan vauhdikkainta palloilua!","publisher":{"@id":"https:\/\/aktialiiga.fi\/miehet\/#organization"},"potentialAction":[{"@type":"SearchAction","target":{"@type":"EntryPoint","urlTemplate":"https:\/\/aktialiiga.fi\/miehet\/?s={search_term_string}"},"query-input":{"@type":"PropertyValueSpecification","valueRequired":true,"valueName":"search_term_string"}}],"inLanguage":"fi"},{"@type":"Organization","@id":"https:\/\/aktialiiga.fi\/miehet\/#organization","name":"K\u00e4sipallon miesten Aktialiiga","url":"https:\/\/aktialiiga.fi\/miehet\/","logo":{"@type":"ImageObject","inLanguage":"fi","@id":"https:\/\/aktialiiga.fi\/miehet\/#\/schema\/logo\/image\/","url":"https:\/\/i0.wp.com\/aktialiiga.fi\/miehet\/wp-content\/uploads\/sites\/5\/2024\/09\/Aktialiiga-Yoast-512.png?fit=512%2C512&ssl=1","contentUrl":"https:\/\/i0.wp.com\/aktialiiga.fi\/miehet\/wp-content\/uploads\/sites\/5\/2024\/09\/Aktialiiga-Yoast-512.png?fit=512%2C512&ssl=1","width":512,"height":512,"caption":"K\u00e4sipallon miesten Aktialiiga"},"image":{"@id":"https:\/\/aktialiiga.fi\/miehet\/#\/schema\/logo\/image\/"},"sameAs":["https:\/\/www.facebook.com\/finnhandball","https:\/\/x.com\/finnhandball","https:\/\/www.instagram.com\/handballfinland\/"]},{"@type":"Person","@id":"https:\/\/aktialiiga.fi\/miehet\/#\/schema\/person\/c14bf42f47041db74603c45afcb18d87","name":"tbrmedia","image":{"@type":"ImageObject","inLanguage":"fi","@id":"https:\/\/secure.gravatar.com\/avatar\/ee975fa091fe581d12b60debb3439022686618368a7c142044c56724d4666b16?s=96&d=mm&r=g","url":"https:\/\/secure.gravatar.com\/avatar\/ee975fa091fe581d12b60debb3439022686618368a7c142044c56724d4666b16?s=96&d=mm&r=g","contentUrl":"https:\/\/secure.gravatar.com\/avatar\/ee975fa091fe581d12b60debb3439022686618368a7c142044c56724d4666b16?s=96&d=mm&r=g","caption":"tbrmedia"}}]}},"jetpack_featured_media_url":"https:\/\/i0.wp.com\/aktialiiga.fi\/miehet\/wp-content\/uploads\/sites\/5\/2016\/10\/Pallokuvitus2016a.jpg?fit=800%2C533&ssl=1","jetpack_sharing_enabled":true,"jetpack_shortlink":"https:\/\/wp.me\/pfTxOr-43o","_links":{"self":[{"href":"https:\/\/aktialiiga.fi\/miehet\/wp-json\/wp\/v2\/posts\/15586","targetHints":{"allow":["GET"]}}],"collection":[{"href":"https:\/\/aktialiiga.fi\/miehet\/wp-json\/wp\/v2\/posts"}],"about":[{"href":"https:\/\/aktialiiga.fi\/miehet\/wp-json\/wp\/v2\/types\/post"}],"author":[{"embeddable":true,"href":"https:\/\/aktialiiga.fi\/miehet\/wp-json\/wp\/v2\/users\/13"}],"replies":[{"embeddable":true,"href":"https:\/\/aktialiiga.fi\/miehet\/wp-json\/wp\/v2\/comments?post=15586"}],"version-history":[{"count":0,"href":"https:\/\/aktialiiga.fi\/miehet\/wp-json\/wp\/v2\/posts\/15586\/revisions"}],"wp:featuredmedia":[{"embeddable":true,"href":"https:\/\/aktialiiga.fi\/miehet\/wp-json\/wp\/v2\/media\/15248"}],"wp:attachment":[{"href":"https:\/\/aktialiiga.fi\/miehet\/wp-json\/wp\/v2\/media?parent=15586"}],"wp:term":[{"taxonomy":"category","embeddable":true,"href":"https:\/\/aktialiiga.fi\/miehet\/wp-json\/wp\/v2\/categories?post=15586"},{"taxonomy":"post_tag","embeddable":true,"href":"https:\/\/aktialiiga.fi\/miehet\/wp-json\/wp\/v2\/tags?post=15586"}],"curies":[{"name":"wp","href":"https:\/\/api.w.org\/{rel}","templated":true}]}}