{"id":15819,"date":"2017-01-21T17:37:09","date_gmt":"2017-01-21T15:37:09","guid":{"rendered":"https:\/\/aktialiiga.fi\/miehet\/?p=15819"},"modified":"2018-04-20T12:46:15","modified_gmt":"2018-04-20T09:46:15","slug":"grifklle-selva-voitto-dynamo-riihimaesta","status":"publish","type":"post","link":"https:\/\/aktialiiga.fi\/miehet\/2016-2017\/ottelut-2016-2017\/grifklle-selva-voitto-dynamo-riihimaesta\/","title":{"rendered":"GrIFK:lle selv\u00e4 voitto Dynamo Riihim\u00e4est\u00e4"},"content":{"rendered":"<p>GrIFK ei antanut Dynamo Riihim\u00e4elle mahdollisuuksia joukkueiden kohdatessa lauantaina Kauniaisissa. GrIFK kuittasi pisteet nimiins\u00e4 30-20 (17-10)-voitolla.<\/p>\n<p>GrIFK m\u00e4\u00e4r\u00e4si tahdin heti alusta saakka ja rep\u00e4isi ottelun alussa 5-0-juoksun eik\u00e4 Dynamo Riihim\u00e4ki p\u00e4\u00e4ssyt en\u00e4\u00e4 otteluun mukaan. Puoliajalle ment\u00e4ess\u00e4 kotijoukkue oli rep\u00e4issyt seitsem\u00e4n maalin johdon.<\/p>\n<p>Dynamo Riihim\u00e4ki ei saanut toisella puoliajalla kehitetty\u00e4 kunnollista kiri\u00e4. Sten TOomla, Benjamin Nyman ja Jonathan Berg pitiv\u00e4t maaleillaan huolen siit\u00e4, ettei Granin voitto ollut miss\u00e4\u00e4n vaiheessa uhattuna.<\/p>\n<p>&#8211; Ihan ok peli ja kaksi pistett\u00e4 saatiin. Paljon j\u00e4i silti parannettavaa tiistaille, GrIFK:n p\u00e4\u00e4valmentaja Mikko Koskue luotasi katseita jo kohti tulevaa Dicken-kamppailua.<\/p>\n<p>Dynamo Riihim\u00e4en valmentaja Jani Pietil\u00e4isen mukaan joukkue ei ollut parhaimmillaan ottelussa.<\/p>\n<p>&#8211; Pitk\u00e4 pelitauko ja pelaajakato n\u00e4kyi peliss\u00e4mme. Parempi joukkue voitti.<\/p>\n<p>GrIFK:n Atte Pakarinen my\u00f6nsi niin ik\u00e4\u00e4n, ett\u00e4 pelitauko n\u00e4kyi otteissa.<\/p>\n<p>&#8211; V\u00e4h\u00e4n kankeaa peli\u00e4 meilt\u00e4 pitk\u00e4n pelitauon j\u00e4lkeen. Hyvin taisteltiin ja saatiin kaksi pistett\u00e4 mit\u00e4 tultiin hakemaan. Paljon j\u00e4i viel\u00e4 parannettavaa tiistaille.<\/p>\n<p><strong>GrIFK-Dynamo Riihim\u00e4ki 30-20 (17-10)<\/strong><\/p>\n<p>Maalintekij\u00e4t<br \/>\nGrIFK: Toomla Sten 8, Nyman Benjamin 4, \u00c5kermarck Erik 3, Berg Jonathan 3, Sundberg Richard 2, Silfver Sami 2, Olsson Benjamin 2, L\u00e5ng Alexander 2, Forss Fredrik 2, Svahn Johan 1, Hammarberg Wilhelm 1<br \/>\nDynamo Riihim\u00e4ki: Mattila Vili 5, Kuparinen Olli-Pekka 5, Nieminen Henri 3, Alander Elias 3, Karhunen Sami 2, Alander Elis 2<\/p>\n<p>L\u00e4hiTapiola-t\u00e4htipelaajat<br \/>\nPakarinen Atte GrIFK 3<br \/>\nToomla Sten GrIFK 2<br \/>\n\u00c5kermarck Erik GrIFK 1<\/p>\n<p>2 min ulosajot sek\u00e4 pelist\u00e4 sulkemiset<br \/>\nGrIFK: Berg Jonathan 1 x 2 min, Svahn Johan 1 x 2 min<br \/>\nDynamo Riihim\u00e4ki: Kuparinen Olli-Pekka 1 x 2 min<\/p>\n<p><em>Erotuomarit:<\/em> Korja Miro &#8211; Mets\u00e4m\u00e4ki Christopher<\/p>\n<p>Yleis\u00f6\u00e4: 153<\/p>\n","protected":false},"excerpt":{"rendered":"<p>GrIFK ei antanut Dynamo Riihim\u00e4elle mahdollisuuksia joukkueiden kohdatessa lauantaina Kauniaisissa. GrIFK kuittasi pisteet nimiins\u00e4 30-20 (17-10)-voitolla. GrIFK m\u00e4\u00e4r\u00e4si tahdin heti alusta saakka ja rep\u00e4isi ottelun alussa 5-0-juoksun eik\u00e4 Dynamo Riihim\u00e4ki p\u00e4\u00e4ssyt en\u00e4\u00e4 otteluun mukaan. Puoliajalle ment\u00e4ess\u00e4 kotijoukkue oli rep\u00e4issyt seitsem\u00e4n maalin johdon. Dynamo Riihim\u00e4ki ei saanut toisella puoliajalla kehitetty\u00e4 kunnollista kiri\u00e4. Sten TOomla, Benjamin Nyman [&hellip;]<\/p>\n","protected":false},"author":13,"featured_media":15820,"comment_status":"closed","ping_status":"open","sticky":false,"template":"","format":"standard","meta":{"_acf_changed":false,"jetpack_post_was_ever_published":false,"_jetpack_newsletter_access":"","_jetpack_dont_email_post_to_subs":false,"_jetpack_newsletter_tier_id":0,"_jetpack_memberships_contains_paywalled_content":false,"_jetpack_memberships_contains_paid_content":false,"footnotes":""},"categories":[25],"tags":[59,64],"class_list":["post-15819","post","type-post","status-publish","format-standard","has-post-thumbnail","hentry","category-ottelut-2016-2017","tag-dynamo-riihimaki","tag-grifk"],"acf":[],"yoast_head":"<!-- This site is optimized with the Yoast SEO plugin v27.5 - https:\/\/yoast.com\/product\/yoast-seo-wordpress\/ -->\n<title>GrIFK:lle selv\u00e4 voitto Dynamo Riihim\u00e4est\u00e4 | K\u00e4sipallon miesten Aktialiiga<\/title>\n<meta name=\"robots\" content=\"index, follow, max-snippet:-1, max-image-preview:large, max-video-preview:-1\" \/>\n<link rel=\"canonical\" href=\"https:\/\/aktialiiga.fi\/miehet\/2016-2017\/ottelut-2016-2017\/grifklle-selva-voitto-dynamo-riihimaesta\/\" \/>\n<meta property=\"og:locale\" content=\"fi_FI\" \/>\n<meta property=\"og:type\" content=\"article\" \/>\n<meta property=\"og:title\" content=\"GrIFK:lle selv\u00e4 voitto Dynamo Riihim\u00e4est\u00e4 | K\u00e4sipallon miesten Aktialiiga\" \/>\n<meta property=\"og:description\" content=\"GrIFK ei antanut Dynamo Riihim\u00e4elle mahdollisuuksia joukkueiden kohdatessa lauantaina Kauniaisissa. GrIFK kuittasi pisteet nimiins\u00e4 30-20 (17-10)-voitolla. GrIFK m\u00e4\u00e4r\u00e4si tahdin heti alusta saakka ja rep\u00e4isi ottelun alussa 5-0-juoksun eik\u00e4 Dynamo Riihim\u00e4ki p\u00e4\u00e4ssyt en\u00e4\u00e4 otteluun mukaan. Puoliajalle ment\u00e4ess\u00e4 kotijoukkue oli rep\u00e4issyt seitsem\u00e4n maalin johdon. Dynamo Riihim\u00e4ki ei saanut toisella puoliajalla kehitetty\u00e4 kunnollista kiri\u00e4. Sten TOomla, Benjamin Nyman [&hellip;]\" \/>\n<meta property=\"og:url\" content=\"https:\/\/aktialiiga.fi\/miehet\/2016-2017\/ottelut-2016-2017\/grifklle-selva-voitto-dynamo-riihimaesta\/\" \/>\n<meta property=\"og:site_name\" content=\"K\u00e4sipallon miesten Aktialiiga\" \/>\n<meta property=\"article:publisher\" content=\"https:\/\/www.facebook.com\/finnhandball\" \/>\n<meta property=\"article:published_time\" content=\"2017-01-21T15:37:09+00:00\" \/>\n<meta property=\"article:modified_time\" content=\"2018-04-20T09:46:15+00:00\" \/>\n<meta property=\"og:image\" content=\"https:\/\/i0.wp.com\/aktialiiga.fi\/miehet\/wp-content\/uploads\/sites\/5\/2017\/01\/silfver_sami_grifk_2016.jpg?fit=711%2C320&ssl=1\" \/>\n\t<meta property=\"og:image:width\" content=\"711\" \/>\n\t<meta property=\"og:image:height\" content=\"320\" \/>\n\t<meta property=\"og:image:type\" content=\"image\/jpeg\" \/>\n<meta name=\"author\" content=\"tbrmedia\" \/>\n<meta name=\"twitter:card\" content=\"summary_large_image\" \/>\n<meta name=\"twitter:creator\" content=\"@finnhandball\" \/>\n<meta name=\"twitter:site\" content=\"@finnhandball\" \/>\n<script type=\"application\/ld+json\" class=\"yoast-schema-graph\">{\"@context\":\"https:\\\/\\\/schema.org\",\"@graph\":[{\"@type\":\"Article\",\"@id\":\"https:\\\/\\\/aktialiiga.fi\\\/miehet\\\/2016-2017\\\/ottelut-2016-2017\\\/grifklle-selva-voitto-dynamo-riihimaesta\\\/#article\",\"isPartOf\":{\"@id\":\"https:\\\/\\\/aktialiiga.fi\\\/miehet\\\/2016-2017\\\/ottelut-2016-2017\\\/grifklle-selva-voitto-dynamo-riihimaesta\\\/\"},\"author\":{\"name\":\"tbrmedia\",\"@id\":\"https:\\\/\\\/aktialiiga.fi\\\/miehet\\\/#\\\/schema\\\/person\\\/c14bf42f47041db74603c45afcb18d87\"},\"headline\":\"GrIFK:lle selv\u00e4 voitto Dynamo Riihim\u00e4est\u00e4\",\"datePublished\":\"2017-01-21T15:37:09+00:00\",\"dateModified\":\"2018-04-20T09:46:15+00:00\",\"mainEntityOfPage\":{\"@id\":\"https:\\\/\\\/aktialiiga.fi\\\/miehet\\\/2016-2017\\\/ottelut-2016-2017\\\/grifklle-selva-voitto-dynamo-riihimaesta\\\/\"},\"wordCount\":270,\"publisher\":{\"@id\":\"https:\\\/\\\/aktialiiga.fi\\\/miehet\\\/#organization\"},\"image\":{\"@id\":\"https:\\\/\\\/aktialiiga.fi\\\/miehet\\\/2016-2017\\\/ottelut-2016-2017\\\/grifklle-selva-voitto-dynamo-riihimaesta\\\/#primaryimage\"},\"thumbnailUrl\":\"https:\\\/\\\/i0.wp.com\\\/aktialiiga.fi\\\/miehet\\\/wp-content\\\/uploads\\\/sites\\\/5\\\/2017\\\/01\\\/silfver_sami_grifk_2016.jpg?fit=711%2C320&ssl=1\",\"keywords\":[\"Dynamo Riihim\u00e4ki\",\"GrIFK\"],\"articleSection\":[\"Ottelut\"],\"inLanguage\":\"fi\"},{\"@type\":\"WebPage\",\"@id\":\"https:\\\/\\\/aktialiiga.fi\\\/miehet\\\/2016-2017\\\/ottelut-2016-2017\\\/grifklle-selva-voitto-dynamo-riihimaesta\\\/\",\"url\":\"https:\\\/\\\/aktialiiga.fi\\\/miehet\\\/2016-2017\\\/ottelut-2016-2017\\\/grifklle-selva-voitto-dynamo-riihimaesta\\\/\",\"name\":\"GrIFK:lle selv\u00e4 voitto Dynamo Riihim\u00e4est\u00e4 | K\u00e4sipallon miesten Aktialiiga\",\"isPartOf\":{\"@id\":\"https:\\\/\\\/aktialiiga.fi\\\/miehet\\\/#website\"},\"primaryImageOfPage\":{\"@id\":\"https:\\\/\\\/aktialiiga.fi\\\/miehet\\\/2016-2017\\\/ottelut-2016-2017\\\/grifklle-selva-voitto-dynamo-riihimaesta\\\/#primaryimage\"},\"image\":{\"@id\":\"https:\\\/\\\/aktialiiga.fi\\\/miehet\\\/2016-2017\\\/ottelut-2016-2017\\\/grifklle-selva-voitto-dynamo-riihimaesta\\\/#primaryimage\"},\"thumbnailUrl\":\"https:\\\/\\\/i0.wp.com\\\/aktialiiga.fi\\\/miehet\\\/wp-content\\\/uploads\\\/sites\\\/5\\\/2017\\\/01\\\/silfver_sami_grifk_2016.jpg?fit=711%2C320&ssl=1\",\"datePublished\":\"2017-01-21T15:37:09+00:00\",\"dateModified\":\"2018-04-20T09:46:15+00:00\",\"breadcrumb\":{\"@id\":\"https:\\\/\\\/aktialiiga.fi\\\/miehet\\\/2016-2017\\\/ottelut-2016-2017\\\/grifklle-selva-voitto-dynamo-riihimaesta\\\/#breadcrumb\"},\"inLanguage\":\"fi\",\"potentialAction\":[{\"@type\":\"ReadAction\",\"target\":[\"https:\\\/\\\/aktialiiga.fi\\\/miehet\\\/2016-2017\\\/ottelut-2016-2017\\\/grifklle-selva-voitto-dynamo-riihimaesta\\\/\"]}]},{\"@type\":\"ImageObject\",\"inLanguage\":\"fi\",\"@id\":\"https:\\\/\\\/aktialiiga.fi\\\/miehet\\\/2016-2017\\\/ottelut-2016-2017\\\/grifklle-selva-voitto-dynamo-riihimaesta\\\/#primaryimage\",\"url\":\"https:\\\/\\\/i0.wp.com\\\/aktialiiga.fi\\\/miehet\\\/wp-content\\\/uploads\\\/sites\\\/5\\\/2017\\\/01\\\/silfver_sami_grifk_2016.jpg?fit=711%2C320&ssl=1\",\"contentUrl\":\"https:\\\/\\\/i0.wp.com\\\/aktialiiga.fi\\\/miehet\\\/wp-content\\\/uploads\\\/sites\\\/5\\\/2017\\\/01\\\/silfver_sami_grifk_2016.jpg?fit=711%2C320&ssl=1\",\"width\":711,\"height\":320,\"caption\":\"Sami Silfver, GrlFK K\u00e4sipallon Suomen cup finaali 3. joulukuuta 2016. (Kalle Parkkinen\\\/Newspix24)\"},{\"@type\":\"BreadcrumbList\",\"@id\":\"https:\\\/\\\/aktialiiga.fi\\\/miehet\\\/2016-2017\\\/ottelut-2016-2017\\\/grifklle-selva-voitto-dynamo-riihimaesta\\\/#breadcrumb\",\"itemListElement\":[{\"@type\":\"ListItem\",\"position\":1,\"name\":\"Etusivu\",\"item\":\"https:\\\/\\\/aktialiiga.fi\\\/miehet\\\/\"},{\"@type\":\"ListItem\",\"position\":2,\"name\":\"GrIFK:lle selv\u00e4 voitto Dynamo Riihim\u00e4est\u00e4\"}]},{\"@type\":\"WebSite\",\"@id\":\"https:\\\/\\\/aktialiiga.fi\\\/miehet\\\/#website\",\"url\":\"https:\\\/\\\/aktialiiga.fi\\\/miehet\\\/\",\"name\":\"K\u00e4sipallon miesten Aktialiiga\",\"description\":\"Valtakunnan vauhdikkainta palloilua!\",\"publisher\":{\"@id\":\"https:\\\/\\\/aktialiiga.fi\\\/miehet\\\/#organization\"},\"potentialAction\":[{\"@type\":\"SearchAction\",\"target\":{\"@type\":\"EntryPoint\",\"urlTemplate\":\"https:\\\/\\\/aktialiiga.fi\\\/miehet\\\/?s={search_term_string}\"},\"query-input\":{\"@type\":\"PropertyValueSpecification\",\"valueRequired\":true,\"valueName\":\"search_term_string\"}}],\"inLanguage\":\"fi\"},{\"@type\":\"Organization\",\"@id\":\"https:\\\/\\\/aktialiiga.fi\\\/miehet\\\/#organization\",\"name\":\"K\u00e4sipallon miesten Aktialiiga\",\"url\":\"https:\\\/\\\/aktialiiga.fi\\\/miehet\\\/\",\"logo\":{\"@type\":\"ImageObject\",\"inLanguage\":\"fi\",\"@id\":\"https:\\\/\\\/aktialiiga.fi\\\/miehet\\\/#\\\/schema\\\/logo\\\/image\\\/\",\"url\":\"https:\\\/\\\/i0.wp.com\\\/aktialiiga.fi\\\/miehet\\\/wp-content\\\/uploads\\\/sites\\\/5\\\/2024\\\/09\\\/Aktialiiga-Yoast-512.png?fit=512%2C512&ssl=1\",\"contentUrl\":\"https:\\\/\\\/i0.wp.com\\\/aktialiiga.fi\\\/miehet\\\/wp-content\\\/uploads\\\/sites\\\/5\\\/2024\\\/09\\\/Aktialiiga-Yoast-512.png?fit=512%2C512&ssl=1\",\"width\":512,\"height\":512,\"caption\":\"K\u00e4sipallon miesten Aktialiiga\"},\"image\":{\"@id\":\"https:\\\/\\\/aktialiiga.fi\\\/miehet\\\/#\\\/schema\\\/logo\\\/image\\\/\"},\"sameAs\":[\"https:\\\/\\\/www.facebook.com\\\/finnhandball\",\"https:\\\/\\\/x.com\\\/finnhandball\",\"https:\\\/\\\/www.instagram.com\\\/handballfinland\\\/\"]},{\"@type\":\"Person\",\"@id\":\"https:\\\/\\\/aktialiiga.fi\\\/miehet\\\/#\\\/schema\\\/person\\\/c14bf42f47041db74603c45afcb18d87\",\"name\":\"tbrmedia\",\"image\":{\"@type\":\"ImageObject\",\"inLanguage\":\"fi\",\"@id\":\"https:\\\/\\\/secure.gravatar.com\\\/avatar\\\/ee975fa091fe581d12b60debb3439022686618368a7c142044c56724d4666b16?s=96&d=mm&r=g\",\"url\":\"https:\\\/\\\/secure.gravatar.com\\\/avatar\\\/ee975fa091fe581d12b60debb3439022686618368a7c142044c56724d4666b16?s=96&d=mm&r=g\",\"contentUrl\":\"https:\\\/\\\/secure.gravatar.com\\\/avatar\\\/ee975fa091fe581d12b60debb3439022686618368a7c142044c56724d4666b16?s=96&d=mm&r=g\",\"caption\":\"tbrmedia\"}}]}<\/script>\n<!-- \/ Yoast SEO plugin. -->","yoast_head_json":{"title":"GrIFK:lle selv\u00e4 voitto Dynamo Riihim\u00e4est\u00e4 | K\u00e4sipallon miesten Aktialiiga","robots":{"index":"index","follow":"follow","max-snippet":"max-snippet:-1","max-image-preview":"max-image-preview:large","max-video-preview":"max-video-preview:-1"},"canonical":"https:\/\/aktialiiga.fi\/miehet\/2016-2017\/ottelut-2016-2017\/grifklle-selva-voitto-dynamo-riihimaesta\/","og_locale":"fi_FI","og_type":"article","og_title":"GrIFK:lle selv\u00e4 voitto Dynamo Riihim\u00e4est\u00e4 | K\u00e4sipallon miesten Aktialiiga","og_description":"GrIFK ei antanut Dynamo Riihim\u00e4elle mahdollisuuksia joukkueiden kohdatessa lauantaina Kauniaisissa. GrIFK kuittasi pisteet nimiins\u00e4 30-20 (17-10)-voitolla. GrIFK m\u00e4\u00e4r\u00e4si tahdin heti alusta saakka ja rep\u00e4isi ottelun alussa 5-0-juoksun eik\u00e4 Dynamo Riihim\u00e4ki p\u00e4\u00e4ssyt en\u00e4\u00e4 otteluun mukaan. Puoliajalle ment\u00e4ess\u00e4 kotijoukkue oli rep\u00e4issyt seitsem\u00e4n maalin johdon. Dynamo Riihim\u00e4ki ei saanut toisella puoliajalla kehitetty\u00e4 kunnollista kiri\u00e4. Sten TOomla, Benjamin Nyman [&hellip;]","og_url":"https:\/\/aktialiiga.fi\/miehet\/2016-2017\/ottelut-2016-2017\/grifklle-selva-voitto-dynamo-riihimaesta\/","og_site_name":"K\u00e4sipallon miesten Aktialiiga","article_publisher":"https:\/\/www.facebook.com\/finnhandball","article_published_time":"2017-01-21T15:37:09+00:00","article_modified_time":"2018-04-20T09:46:15+00:00","og_image":[{"width":711,"height":320,"url":"https:\/\/i0.wp.com\/aktialiiga.fi\/miehet\/wp-content\/uploads\/sites\/5\/2017\/01\/silfver_sami_grifk_2016.jpg?fit=711%2C320&ssl=1","type":"image\/jpeg"}],"author":"tbrmedia","twitter_card":"summary_large_image","twitter_creator":"@finnhandball","twitter_site":"@finnhandball","schema":{"@context":"https:\/\/schema.org","@graph":[{"@type":"Article","@id":"https:\/\/aktialiiga.fi\/miehet\/2016-2017\/ottelut-2016-2017\/grifklle-selva-voitto-dynamo-riihimaesta\/#article","isPartOf":{"@id":"https:\/\/aktialiiga.fi\/miehet\/2016-2017\/ottelut-2016-2017\/grifklle-selva-voitto-dynamo-riihimaesta\/"},"author":{"name":"tbrmedia","@id":"https:\/\/aktialiiga.fi\/miehet\/#\/schema\/person\/c14bf42f47041db74603c45afcb18d87"},"headline":"GrIFK:lle selv\u00e4 voitto Dynamo Riihim\u00e4est\u00e4","datePublished":"2017-01-21T15:37:09+00:00","dateModified":"2018-04-20T09:46:15+00:00","mainEntityOfPage":{"@id":"https:\/\/aktialiiga.fi\/miehet\/2016-2017\/ottelut-2016-2017\/grifklle-selva-voitto-dynamo-riihimaesta\/"},"wordCount":270,"publisher":{"@id":"https:\/\/aktialiiga.fi\/miehet\/#organization"},"image":{"@id":"https:\/\/aktialiiga.fi\/miehet\/2016-2017\/ottelut-2016-2017\/grifklle-selva-voitto-dynamo-riihimaesta\/#primaryimage"},"thumbnailUrl":"https:\/\/i0.wp.com\/aktialiiga.fi\/miehet\/wp-content\/uploads\/sites\/5\/2017\/01\/silfver_sami_grifk_2016.jpg?fit=711%2C320&ssl=1","keywords":["Dynamo Riihim\u00e4ki","GrIFK"],"articleSection":["Ottelut"],"inLanguage":"fi"},{"@type":"WebPage","@id":"https:\/\/aktialiiga.fi\/miehet\/2016-2017\/ottelut-2016-2017\/grifklle-selva-voitto-dynamo-riihimaesta\/","url":"https:\/\/aktialiiga.fi\/miehet\/2016-2017\/ottelut-2016-2017\/grifklle-selva-voitto-dynamo-riihimaesta\/","name":"GrIFK:lle selv\u00e4 voitto Dynamo Riihim\u00e4est\u00e4 | K\u00e4sipallon miesten Aktialiiga","isPartOf":{"@id":"https:\/\/aktialiiga.fi\/miehet\/#website"},"primaryImageOfPage":{"@id":"https:\/\/aktialiiga.fi\/miehet\/2016-2017\/ottelut-2016-2017\/grifklle-selva-voitto-dynamo-riihimaesta\/#primaryimage"},"image":{"@id":"https:\/\/aktialiiga.fi\/miehet\/2016-2017\/ottelut-2016-2017\/grifklle-selva-voitto-dynamo-riihimaesta\/#primaryimage"},"thumbnailUrl":"https:\/\/i0.wp.com\/aktialiiga.fi\/miehet\/wp-content\/uploads\/sites\/5\/2017\/01\/silfver_sami_grifk_2016.jpg?fit=711%2C320&ssl=1","datePublished":"2017-01-21T15:37:09+00:00","dateModified":"2018-04-20T09:46:15+00:00","breadcrumb":{"@id":"https:\/\/aktialiiga.fi\/miehet\/2016-2017\/ottelut-2016-2017\/grifklle-selva-voitto-dynamo-riihimaesta\/#breadcrumb"},"inLanguage":"fi","potentialAction":[{"@type":"ReadAction","target":["https:\/\/aktialiiga.fi\/miehet\/2016-2017\/ottelut-2016-2017\/grifklle-selva-voitto-dynamo-riihimaesta\/"]}]},{"@type":"ImageObject","inLanguage":"fi","@id":"https:\/\/aktialiiga.fi\/miehet\/2016-2017\/ottelut-2016-2017\/grifklle-selva-voitto-dynamo-riihimaesta\/#primaryimage","url":"https:\/\/i0.wp.com\/aktialiiga.fi\/miehet\/wp-content\/uploads\/sites\/5\/2017\/01\/silfver_sami_grifk_2016.jpg?fit=711%2C320&ssl=1","contentUrl":"https:\/\/i0.wp.com\/aktialiiga.fi\/miehet\/wp-content\/uploads\/sites\/5\/2017\/01\/silfver_sami_grifk_2016.jpg?fit=711%2C320&ssl=1","width":711,"height":320,"caption":"Sami Silfver, GrlFK K\u00e4sipallon Suomen cup finaali 3. joulukuuta 2016. (Kalle Parkkinen\/Newspix24)"},{"@type":"BreadcrumbList","@id":"https:\/\/aktialiiga.fi\/miehet\/2016-2017\/ottelut-2016-2017\/grifklle-selva-voitto-dynamo-riihimaesta\/#breadcrumb","itemListElement":[{"@type":"ListItem","position":1,"name":"Etusivu","item":"https:\/\/aktialiiga.fi\/miehet\/"},{"@type":"ListItem","position":2,"name":"GrIFK:lle selv\u00e4 voitto Dynamo Riihim\u00e4est\u00e4"}]},{"@type":"WebSite","@id":"https:\/\/aktialiiga.fi\/miehet\/#website","url":"https:\/\/aktialiiga.fi\/miehet\/","name":"K\u00e4sipallon miesten Aktialiiga","description":"Valtakunnan vauhdikkainta palloilua!","publisher":{"@id":"https:\/\/aktialiiga.fi\/miehet\/#organization"},"potentialAction":[{"@type":"SearchAction","target":{"@type":"EntryPoint","urlTemplate":"https:\/\/aktialiiga.fi\/miehet\/?s={search_term_string}"},"query-input":{"@type":"PropertyValueSpecification","valueRequired":true,"valueName":"search_term_string"}}],"inLanguage":"fi"},{"@type":"Organization","@id":"https:\/\/aktialiiga.fi\/miehet\/#organization","name":"K\u00e4sipallon miesten Aktialiiga","url":"https:\/\/aktialiiga.fi\/miehet\/","logo":{"@type":"ImageObject","inLanguage":"fi","@id":"https:\/\/aktialiiga.fi\/miehet\/#\/schema\/logo\/image\/","url":"https:\/\/i0.wp.com\/aktialiiga.fi\/miehet\/wp-content\/uploads\/sites\/5\/2024\/09\/Aktialiiga-Yoast-512.png?fit=512%2C512&ssl=1","contentUrl":"https:\/\/i0.wp.com\/aktialiiga.fi\/miehet\/wp-content\/uploads\/sites\/5\/2024\/09\/Aktialiiga-Yoast-512.png?fit=512%2C512&ssl=1","width":512,"height":512,"caption":"K\u00e4sipallon miesten Aktialiiga"},"image":{"@id":"https:\/\/aktialiiga.fi\/miehet\/#\/schema\/logo\/image\/"},"sameAs":["https:\/\/www.facebook.com\/finnhandball","https:\/\/x.com\/finnhandball","https:\/\/www.instagram.com\/handballfinland\/"]},{"@type":"Person","@id":"https:\/\/aktialiiga.fi\/miehet\/#\/schema\/person\/c14bf42f47041db74603c45afcb18d87","name":"tbrmedia","image":{"@type":"ImageObject","inLanguage":"fi","@id":"https:\/\/secure.gravatar.com\/avatar\/ee975fa091fe581d12b60debb3439022686618368a7c142044c56724d4666b16?s=96&d=mm&r=g","url":"https:\/\/secure.gravatar.com\/avatar\/ee975fa091fe581d12b60debb3439022686618368a7c142044c56724d4666b16?s=96&d=mm&r=g","contentUrl":"https:\/\/secure.gravatar.com\/avatar\/ee975fa091fe581d12b60debb3439022686618368a7c142044c56724d4666b16?s=96&d=mm&r=g","caption":"tbrmedia"}}]}},"jetpack_featured_media_url":"https:\/\/i0.wp.com\/aktialiiga.fi\/miehet\/wp-content\/uploads\/sites\/5\/2017\/01\/silfver_sami_grifk_2016.jpg?fit=711%2C320&ssl=1","jetpack_sharing_enabled":true,"jetpack_shortlink":"https:\/\/wp.me\/pfTxOr-479","_links":{"self":[{"href":"https:\/\/aktialiiga.fi\/miehet\/wp-json\/wp\/v2\/posts\/15819","targetHints":{"allow":["GET"]}}],"collection":[{"href":"https:\/\/aktialiiga.fi\/miehet\/wp-json\/wp\/v2\/posts"}],"about":[{"href":"https:\/\/aktialiiga.fi\/miehet\/wp-json\/wp\/v2\/types\/post"}],"author":[{"embeddable":true,"href":"https:\/\/aktialiiga.fi\/miehet\/wp-json\/wp\/v2\/users\/13"}],"replies":[{"embeddable":true,"href":"https:\/\/aktialiiga.fi\/miehet\/wp-json\/wp\/v2\/comments?post=15819"}],"version-history":[{"count":0,"href":"https:\/\/aktialiiga.fi\/miehet\/wp-json\/wp\/v2\/posts\/15819\/revisions"}],"wp:featuredmedia":[{"embeddable":true,"href":"https:\/\/aktialiiga.fi\/miehet\/wp-json\/wp\/v2\/media\/15820"}],"wp:attachment":[{"href":"https:\/\/aktialiiga.fi\/miehet\/wp-json\/wp\/v2\/media?parent=15819"}],"wp:term":[{"taxonomy":"category","embeddable":true,"href":"https:\/\/aktialiiga.fi\/miehet\/wp-json\/wp\/v2\/categories?post=15819"},{"taxonomy":"post_tag","embeddable":true,"href":"https:\/\/aktialiiga.fi\/miehet\/wp-json\/wp\/v2\/tags?post=15819"}],"curies":[{"name":"wp","href":"https:\/\/api.w.org\/{rel}","templated":true}]}}