{"id":15992,"date":"2017-02-06T21:07:47","date_gmt":"2017-02-06T19:07:47","guid":{"rendered":"https:\/\/aktialiiga.fi\/miehet\/?p=15992"},"modified":"2018-04-20T12:46:07","modified_gmt":"2018-04-20T09:46:07","slug":"nenita-pitkaan-jatkosopimukseen-cocksin-kanssa","status":"publish","type":"post","link":"https:\/\/aktialiiga.fi\/miehet\/ajankohtaista\/nenita-pitkaan-jatkosopimukseen-cocksin-kanssa\/","title":{"rendered":"Nenita pitk\u00e4\u00e4n jatkosopimukseen Cocksin kanssa"},"content":{"rendered":"<p>Kolmatta kauttaan Cocksissa pelaava Vitalie Nenita jatkaa my\u00f6s seuraavat kolme kautta Riihim\u00e4ell\u00e4. Uuden kolmivuotisen jatkosopimuksen my\u00f6t\u00e4 moldovalaistakamies jatkaa Cocksin riveiss\u00e4 aina kes\u00e4\u00e4n 2020 saakka.<\/p>\n<p>Jo aiemmin talvella Cocks solmi yht\u00e4 pitk\u00e4t jatkosopimukset Yury Lukyanchukin ja Nico R\u00f6nnbergin kanssa, joten joukkueen runkoa rakennetaan jo pitk\u00e4lle tulevaisuuteen.<\/p>\n<p>&#8211; Vitalie on t\u00e4rke\u00e4 osa hy\u00f6kk\u00e4yspeli\u00e4mme oikean pakin paikalla. H\u00e4n on pelaaja, joka haluaa oppia lis\u00e4\u00e4 ja kehitty\u00e4 pelaajana. Vitalie on positiivinen persoona, joka tuo omalta osaltaan joukkueeseen hyv\u00e4\u00e4 ty\u00f6moraalia. Olen todella iloinen, ett\u00e4 saan jatkaa h\u00e4nen kanssaan tulevina vuosina, iloitsee Cocksin p\u00e4\u00e4valmentaja Gintaras Savukynas seuran verkkosivuilla.<\/p>\n","protected":false},"excerpt":{"rendered":"<p>Kolmatta kauttaan Cocksissa pelaava Vitalie Nenita jatkaa my\u00f6s seuraavat kolme kautta Riihim\u00e4ell\u00e4. Uuden kolmivuotisen jatkosopimuksen my\u00f6t\u00e4 moldovalaistakamies jatkaa Cocksin riveiss\u00e4 aina kes\u00e4\u00e4n 2020 saakka. Jo aiemmin talvella Cocks solmi yht\u00e4 pitk\u00e4t jatkosopimukset Yury Lukyanchukin ja Nico R\u00f6nnbergin kanssa, joten joukkueen runkoa rakennetaan jo pitk\u00e4lle tulevaisuuteen. &#8211; Vitalie on t\u00e4rke\u00e4 osa hy\u00f6kk\u00e4yspeli\u00e4mme oikean pakin paikalla. H\u00e4n [&hellip;]<\/p>\n","protected":false},"author":13,"featured_media":15993,"comment_status":"closed","ping_status":"open","sticky":false,"template":"","format":"standard","meta":{"_acf_changed":false,"jetpack_post_was_ever_published":false,"_jetpack_newsletter_access":"","_jetpack_dont_email_post_to_subs":false,"_jetpack_newsletter_tier_id":0,"_jetpack_memberships_contains_paywalled_content":false,"_jetpack_memberships_contains_paid_content":false,"footnotes":""},"categories":[2],"tags":[57],"class_list":["post-15992","post","type-post","status-publish","format-standard","has-post-thumbnail","hentry","category-ajankohtaista","tag-cocks"],"acf":[],"yoast_head":"<!-- This site is optimized with the Yoast SEO plugin v27.5 - https:\/\/yoast.com\/product\/yoast-seo-wordpress\/ -->\n<title>Nenita pitk\u00e4\u00e4n jatkosopimukseen Cocksin kanssa | K\u00e4sipallon miesten Aktialiiga<\/title>\n<meta name=\"robots\" content=\"index, follow, max-snippet:-1, max-image-preview:large, max-video-preview:-1\" \/>\n<link rel=\"canonical\" href=\"https:\/\/aktialiiga.fi\/miehet\/ajankohtaista\/nenita-pitkaan-jatkosopimukseen-cocksin-kanssa\/\" \/>\n<meta property=\"og:locale\" content=\"fi_FI\" \/>\n<meta property=\"og:type\" content=\"article\" \/>\n<meta property=\"og:title\" content=\"Nenita pitk\u00e4\u00e4n jatkosopimukseen Cocksin kanssa | K\u00e4sipallon miesten Aktialiiga\" \/>\n<meta property=\"og:description\" content=\"Kolmatta kauttaan Cocksissa pelaava Vitalie Nenita jatkaa my\u00f6s seuraavat kolme kautta Riihim\u00e4ell\u00e4. Uuden kolmivuotisen jatkosopimuksen my\u00f6t\u00e4 moldovalaistakamies jatkaa Cocksin riveiss\u00e4 aina kes\u00e4\u00e4n 2020 saakka. Jo aiemmin talvella Cocks solmi yht\u00e4 pitk\u00e4t jatkosopimukset Yury Lukyanchukin ja Nico R\u00f6nnbergin kanssa, joten joukkueen runkoa rakennetaan jo pitk\u00e4lle tulevaisuuteen. &#8211; Vitalie on t\u00e4rke\u00e4 osa hy\u00f6kk\u00e4yspeli\u00e4mme oikean pakin paikalla. H\u00e4n [&hellip;]\" \/>\n<meta property=\"og:url\" content=\"https:\/\/aktialiiga.fi\/miehet\/ajankohtaista\/nenita-pitkaan-jatkosopimukseen-cocksin-kanssa\/\" \/>\n<meta property=\"og:site_name\" content=\"K\u00e4sipallon miesten Aktialiiga\" \/>\n<meta property=\"article:publisher\" content=\"https:\/\/www.facebook.com\/finnhandball\" \/>\n<meta property=\"article:published_time\" content=\"2017-02-06T19:07:47+00:00\" \/>\n<meta property=\"article:modified_time\" content=\"2018-04-20T09:46:07+00:00\" \/>\n<meta property=\"og:image\" content=\"https:\/\/i0.wp.com\/aktialiiga.fi\/miehet\/wp-content\/uploads\/sites\/5\/2017\/02\/Nenita_Vitalie_Cocks_1617.jpg?fit=711%2C320&ssl=1\" \/>\n\t<meta property=\"og:image:width\" content=\"711\" \/>\n\t<meta property=\"og:image:height\" content=\"320\" \/>\n\t<meta property=\"og:image:type\" content=\"image\/jpeg\" \/>\n<meta name=\"author\" content=\"tbrmedia\" \/>\n<meta name=\"twitter:card\" content=\"summary_large_image\" \/>\n<meta name=\"twitter:creator\" content=\"@finnhandball\" \/>\n<meta name=\"twitter:site\" content=\"@finnhandball\" \/>\n<script type=\"application\/ld+json\" class=\"yoast-schema-graph\">{\"@context\":\"https:\\\/\\\/schema.org\",\"@graph\":[{\"@type\":\"Article\",\"@id\":\"https:\\\/\\\/aktialiiga.fi\\\/miehet\\\/ajankohtaista\\\/nenita-pitkaan-jatkosopimukseen-cocksin-kanssa\\\/#article\",\"isPartOf\":{\"@id\":\"https:\\\/\\\/aktialiiga.fi\\\/miehet\\\/ajankohtaista\\\/nenita-pitkaan-jatkosopimukseen-cocksin-kanssa\\\/\"},\"author\":{\"name\":\"tbrmedia\",\"@id\":\"https:\\\/\\\/aktialiiga.fi\\\/miehet\\\/#\\\/schema\\\/person\\\/c14bf42f47041db74603c45afcb18d87\"},\"headline\":\"Nenita pitk\u00e4\u00e4n jatkosopimukseen Cocksin kanssa\",\"datePublished\":\"2017-02-06T19:07:47+00:00\",\"dateModified\":\"2018-04-20T09:46:07+00:00\",\"mainEntityOfPage\":{\"@id\":\"https:\\\/\\\/aktialiiga.fi\\\/miehet\\\/ajankohtaista\\\/nenita-pitkaan-jatkosopimukseen-cocksin-kanssa\\\/\"},\"wordCount\":112,\"publisher\":{\"@id\":\"https:\\\/\\\/aktialiiga.fi\\\/miehet\\\/#organization\"},\"image\":{\"@id\":\"https:\\\/\\\/aktialiiga.fi\\\/miehet\\\/ajankohtaista\\\/nenita-pitkaan-jatkosopimukseen-cocksin-kanssa\\\/#primaryimage\"},\"thumbnailUrl\":\"https:\\\/\\\/i0.wp.com\\\/aktialiiga.fi\\\/miehet\\\/wp-content\\\/uploads\\\/sites\\\/5\\\/2017\\\/02\\\/Nenita_Vitalie_Cocks_1617.jpg?fit=711%2C320&ssl=1\",\"keywords\":[\"Cocks\"],\"articleSection\":[\"Ajankohtaista\"],\"inLanguage\":\"fi\"},{\"@type\":\"WebPage\",\"@id\":\"https:\\\/\\\/aktialiiga.fi\\\/miehet\\\/ajankohtaista\\\/nenita-pitkaan-jatkosopimukseen-cocksin-kanssa\\\/\",\"url\":\"https:\\\/\\\/aktialiiga.fi\\\/miehet\\\/ajankohtaista\\\/nenita-pitkaan-jatkosopimukseen-cocksin-kanssa\\\/\",\"name\":\"Nenita pitk\u00e4\u00e4n jatkosopimukseen Cocksin kanssa | K\u00e4sipallon miesten Aktialiiga\",\"isPartOf\":{\"@id\":\"https:\\\/\\\/aktialiiga.fi\\\/miehet\\\/#website\"},\"primaryImageOfPage\":{\"@id\":\"https:\\\/\\\/aktialiiga.fi\\\/miehet\\\/ajankohtaista\\\/nenita-pitkaan-jatkosopimukseen-cocksin-kanssa\\\/#primaryimage\"},\"image\":{\"@id\":\"https:\\\/\\\/aktialiiga.fi\\\/miehet\\\/ajankohtaista\\\/nenita-pitkaan-jatkosopimukseen-cocksin-kanssa\\\/#primaryimage\"},\"thumbnailUrl\":\"https:\\\/\\\/i0.wp.com\\\/aktialiiga.fi\\\/miehet\\\/wp-content\\\/uploads\\\/sites\\\/5\\\/2017\\\/02\\\/Nenita_Vitalie_Cocks_1617.jpg?fit=711%2C320&ssl=1\",\"datePublished\":\"2017-02-06T19:07:47+00:00\",\"dateModified\":\"2018-04-20T09:46:07+00:00\",\"breadcrumb\":{\"@id\":\"https:\\\/\\\/aktialiiga.fi\\\/miehet\\\/ajankohtaista\\\/nenita-pitkaan-jatkosopimukseen-cocksin-kanssa\\\/#breadcrumb\"},\"inLanguage\":\"fi\",\"potentialAction\":[{\"@type\":\"ReadAction\",\"target\":[\"https:\\\/\\\/aktialiiga.fi\\\/miehet\\\/ajankohtaista\\\/nenita-pitkaan-jatkosopimukseen-cocksin-kanssa\\\/\"]}]},{\"@type\":\"ImageObject\",\"inLanguage\":\"fi\",\"@id\":\"https:\\\/\\\/aktialiiga.fi\\\/miehet\\\/ajankohtaista\\\/nenita-pitkaan-jatkosopimukseen-cocksin-kanssa\\\/#primaryimage\",\"url\":\"https:\\\/\\\/i0.wp.com\\\/aktialiiga.fi\\\/miehet\\\/wp-content\\\/uploads\\\/sites\\\/5\\\/2017\\\/02\\\/Nenita_Vitalie_Cocks_1617.jpg?fit=711%2C320&ssl=1\",\"contentUrl\":\"https:\\\/\\\/i0.wp.com\\\/aktialiiga.fi\\\/miehet\\\/wp-content\\\/uploads\\\/sites\\\/5\\\/2017\\\/02\\\/Nenita_Vitalie_Cocks_1617.jpg?fit=711%2C320&ssl=1\",\"width\":711,\"height\":320},{\"@type\":\"BreadcrumbList\",\"@id\":\"https:\\\/\\\/aktialiiga.fi\\\/miehet\\\/ajankohtaista\\\/nenita-pitkaan-jatkosopimukseen-cocksin-kanssa\\\/#breadcrumb\",\"itemListElement\":[{\"@type\":\"ListItem\",\"position\":1,\"name\":\"Etusivu\",\"item\":\"https:\\\/\\\/aktialiiga.fi\\\/miehet\\\/\"},{\"@type\":\"ListItem\",\"position\":2,\"name\":\"Nenita pitk\u00e4\u00e4n jatkosopimukseen Cocksin kanssa\"}]},{\"@type\":\"WebSite\",\"@id\":\"https:\\\/\\\/aktialiiga.fi\\\/miehet\\\/#website\",\"url\":\"https:\\\/\\\/aktialiiga.fi\\\/miehet\\\/\",\"name\":\"K\u00e4sipallon miesten Aktialiiga\",\"description\":\"Valtakunnan vauhdikkainta palloilua!\",\"publisher\":{\"@id\":\"https:\\\/\\\/aktialiiga.fi\\\/miehet\\\/#organization\"},\"potentialAction\":[{\"@type\":\"SearchAction\",\"target\":{\"@type\":\"EntryPoint\",\"urlTemplate\":\"https:\\\/\\\/aktialiiga.fi\\\/miehet\\\/?s={search_term_string}\"},\"query-input\":{\"@type\":\"PropertyValueSpecification\",\"valueRequired\":true,\"valueName\":\"search_term_string\"}}],\"inLanguage\":\"fi\"},{\"@type\":\"Organization\",\"@id\":\"https:\\\/\\\/aktialiiga.fi\\\/miehet\\\/#organization\",\"name\":\"K\u00e4sipallon miesten Aktialiiga\",\"url\":\"https:\\\/\\\/aktialiiga.fi\\\/miehet\\\/\",\"logo\":{\"@type\":\"ImageObject\",\"inLanguage\":\"fi\",\"@id\":\"https:\\\/\\\/aktialiiga.fi\\\/miehet\\\/#\\\/schema\\\/logo\\\/image\\\/\",\"url\":\"https:\\\/\\\/i0.wp.com\\\/aktialiiga.fi\\\/miehet\\\/wp-content\\\/uploads\\\/sites\\\/5\\\/2024\\\/09\\\/Aktialiiga-Yoast-512.png?fit=512%2C512&ssl=1\",\"contentUrl\":\"https:\\\/\\\/i0.wp.com\\\/aktialiiga.fi\\\/miehet\\\/wp-content\\\/uploads\\\/sites\\\/5\\\/2024\\\/09\\\/Aktialiiga-Yoast-512.png?fit=512%2C512&ssl=1\",\"width\":512,\"height\":512,\"caption\":\"K\u00e4sipallon miesten Aktialiiga\"},\"image\":{\"@id\":\"https:\\\/\\\/aktialiiga.fi\\\/miehet\\\/#\\\/schema\\\/logo\\\/image\\\/\"},\"sameAs\":[\"https:\\\/\\\/www.facebook.com\\\/finnhandball\",\"https:\\\/\\\/x.com\\\/finnhandball\",\"https:\\\/\\\/www.instagram.com\\\/handballfinland\\\/\"]},{\"@type\":\"Person\",\"@id\":\"https:\\\/\\\/aktialiiga.fi\\\/miehet\\\/#\\\/schema\\\/person\\\/c14bf42f47041db74603c45afcb18d87\",\"name\":\"tbrmedia\",\"image\":{\"@type\":\"ImageObject\",\"inLanguage\":\"fi\",\"@id\":\"https:\\\/\\\/secure.gravatar.com\\\/avatar\\\/ee975fa091fe581d12b60debb3439022686618368a7c142044c56724d4666b16?s=96&d=mm&r=g\",\"url\":\"https:\\\/\\\/secure.gravatar.com\\\/avatar\\\/ee975fa091fe581d12b60debb3439022686618368a7c142044c56724d4666b16?s=96&d=mm&r=g\",\"contentUrl\":\"https:\\\/\\\/secure.gravatar.com\\\/avatar\\\/ee975fa091fe581d12b60debb3439022686618368a7c142044c56724d4666b16?s=96&d=mm&r=g\",\"caption\":\"tbrmedia\"}}]}<\/script>\n<!-- \/ Yoast SEO plugin. -->","yoast_head_json":{"title":"Nenita pitk\u00e4\u00e4n jatkosopimukseen Cocksin kanssa | K\u00e4sipallon miesten Aktialiiga","robots":{"index":"index","follow":"follow","max-snippet":"max-snippet:-1","max-image-preview":"max-image-preview:large","max-video-preview":"max-video-preview:-1"},"canonical":"https:\/\/aktialiiga.fi\/miehet\/ajankohtaista\/nenita-pitkaan-jatkosopimukseen-cocksin-kanssa\/","og_locale":"fi_FI","og_type":"article","og_title":"Nenita pitk\u00e4\u00e4n jatkosopimukseen Cocksin kanssa | K\u00e4sipallon miesten Aktialiiga","og_description":"Kolmatta kauttaan Cocksissa pelaava Vitalie Nenita jatkaa my\u00f6s seuraavat kolme kautta Riihim\u00e4ell\u00e4. Uuden kolmivuotisen jatkosopimuksen my\u00f6t\u00e4 moldovalaistakamies jatkaa Cocksin riveiss\u00e4 aina kes\u00e4\u00e4n 2020 saakka. Jo aiemmin talvella Cocks solmi yht\u00e4 pitk\u00e4t jatkosopimukset Yury Lukyanchukin ja Nico R\u00f6nnbergin kanssa, joten joukkueen runkoa rakennetaan jo pitk\u00e4lle tulevaisuuteen. &#8211; Vitalie on t\u00e4rke\u00e4 osa hy\u00f6kk\u00e4yspeli\u00e4mme oikean pakin paikalla. H\u00e4n [&hellip;]","og_url":"https:\/\/aktialiiga.fi\/miehet\/ajankohtaista\/nenita-pitkaan-jatkosopimukseen-cocksin-kanssa\/","og_site_name":"K\u00e4sipallon miesten Aktialiiga","article_publisher":"https:\/\/www.facebook.com\/finnhandball","article_published_time":"2017-02-06T19:07:47+00:00","article_modified_time":"2018-04-20T09:46:07+00:00","og_image":[{"width":711,"height":320,"url":"https:\/\/i0.wp.com\/aktialiiga.fi\/miehet\/wp-content\/uploads\/sites\/5\/2017\/02\/Nenita_Vitalie_Cocks_1617.jpg?fit=711%2C320&ssl=1","type":"image\/jpeg"}],"author":"tbrmedia","twitter_card":"summary_large_image","twitter_creator":"@finnhandball","twitter_site":"@finnhandball","schema":{"@context":"https:\/\/schema.org","@graph":[{"@type":"Article","@id":"https:\/\/aktialiiga.fi\/miehet\/ajankohtaista\/nenita-pitkaan-jatkosopimukseen-cocksin-kanssa\/#article","isPartOf":{"@id":"https:\/\/aktialiiga.fi\/miehet\/ajankohtaista\/nenita-pitkaan-jatkosopimukseen-cocksin-kanssa\/"},"author":{"name":"tbrmedia","@id":"https:\/\/aktialiiga.fi\/miehet\/#\/schema\/person\/c14bf42f47041db74603c45afcb18d87"},"headline":"Nenita pitk\u00e4\u00e4n jatkosopimukseen Cocksin kanssa","datePublished":"2017-02-06T19:07:47+00:00","dateModified":"2018-04-20T09:46:07+00:00","mainEntityOfPage":{"@id":"https:\/\/aktialiiga.fi\/miehet\/ajankohtaista\/nenita-pitkaan-jatkosopimukseen-cocksin-kanssa\/"},"wordCount":112,"publisher":{"@id":"https:\/\/aktialiiga.fi\/miehet\/#organization"},"image":{"@id":"https:\/\/aktialiiga.fi\/miehet\/ajankohtaista\/nenita-pitkaan-jatkosopimukseen-cocksin-kanssa\/#primaryimage"},"thumbnailUrl":"https:\/\/i0.wp.com\/aktialiiga.fi\/miehet\/wp-content\/uploads\/sites\/5\/2017\/02\/Nenita_Vitalie_Cocks_1617.jpg?fit=711%2C320&ssl=1","keywords":["Cocks"],"articleSection":["Ajankohtaista"],"inLanguage":"fi"},{"@type":"WebPage","@id":"https:\/\/aktialiiga.fi\/miehet\/ajankohtaista\/nenita-pitkaan-jatkosopimukseen-cocksin-kanssa\/","url":"https:\/\/aktialiiga.fi\/miehet\/ajankohtaista\/nenita-pitkaan-jatkosopimukseen-cocksin-kanssa\/","name":"Nenita pitk\u00e4\u00e4n jatkosopimukseen Cocksin kanssa | K\u00e4sipallon miesten Aktialiiga","isPartOf":{"@id":"https:\/\/aktialiiga.fi\/miehet\/#website"},"primaryImageOfPage":{"@id":"https:\/\/aktialiiga.fi\/miehet\/ajankohtaista\/nenita-pitkaan-jatkosopimukseen-cocksin-kanssa\/#primaryimage"},"image":{"@id":"https:\/\/aktialiiga.fi\/miehet\/ajankohtaista\/nenita-pitkaan-jatkosopimukseen-cocksin-kanssa\/#primaryimage"},"thumbnailUrl":"https:\/\/i0.wp.com\/aktialiiga.fi\/miehet\/wp-content\/uploads\/sites\/5\/2017\/02\/Nenita_Vitalie_Cocks_1617.jpg?fit=711%2C320&ssl=1","datePublished":"2017-02-06T19:07:47+00:00","dateModified":"2018-04-20T09:46:07+00:00","breadcrumb":{"@id":"https:\/\/aktialiiga.fi\/miehet\/ajankohtaista\/nenita-pitkaan-jatkosopimukseen-cocksin-kanssa\/#breadcrumb"},"inLanguage":"fi","potentialAction":[{"@type":"ReadAction","target":["https:\/\/aktialiiga.fi\/miehet\/ajankohtaista\/nenita-pitkaan-jatkosopimukseen-cocksin-kanssa\/"]}]},{"@type":"ImageObject","inLanguage":"fi","@id":"https:\/\/aktialiiga.fi\/miehet\/ajankohtaista\/nenita-pitkaan-jatkosopimukseen-cocksin-kanssa\/#primaryimage","url":"https:\/\/i0.wp.com\/aktialiiga.fi\/miehet\/wp-content\/uploads\/sites\/5\/2017\/02\/Nenita_Vitalie_Cocks_1617.jpg?fit=711%2C320&ssl=1","contentUrl":"https:\/\/i0.wp.com\/aktialiiga.fi\/miehet\/wp-content\/uploads\/sites\/5\/2017\/02\/Nenita_Vitalie_Cocks_1617.jpg?fit=711%2C320&ssl=1","width":711,"height":320},{"@type":"BreadcrumbList","@id":"https:\/\/aktialiiga.fi\/miehet\/ajankohtaista\/nenita-pitkaan-jatkosopimukseen-cocksin-kanssa\/#breadcrumb","itemListElement":[{"@type":"ListItem","position":1,"name":"Etusivu","item":"https:\/\/aktialiiga.fi\/miehet\/"},{"@type":"ListItem","position":2,"name":"Nenita pitk\u00e4\u00e4n jatkosopimukseen Cocksin kanssa"}]},{"@type":"WebSite","@id":"https:\/\/aktialiiga.fi\/miehet\/#website","url":"https:\/\/aktialiiga.fi\/miehet\/","name":"K\u00e4sipallon miesten Aktialiiga","description":"Valtakunnan vauhdikkainta palloilua!","publisher":{"@id":"https:\/\/aktialiiga.fi\/miehet\/#organization"},"potentialAction":[{"@type":"SearchAction","target":{"@type":"EntryPoint","urlTemplate":"https:\/\/aktialiiga.fi\/miehet\/?s={search_term_string}"},"query-input":{"@type":"PropertyValueSpecification","valueRequired":true,"valueName":"search_term_string"}}],"inLanguage":"fi"},{"@type":"Organization","@id":"https:\/\/aktialiiga.fi\/miehet\/#organization","name":"K\u00e4sipallon miesten Aktialiiga","url":"https:\/\/aktialiiga.fi\/miehet\/","logo":{"@type":"ImageObject","inLanguage":"fi","@id":"https:\/\/aktialiiga.fi\/miehet\/#\/schema\/logo\/image\/","url":"https:\/\/i0.wp.com\/aktialiiga.fi\/miehet\/wp-content\/uploads\/sites\/5\/2024\/09\/Aktialiiga-Yoast-512.png?fit=512%2C512&ssl=1","contentUrl":"https:\/\/i0.wp.com\/aktialiiga.fi\/miehet\/wp-content\/uploads\/sites\/5\/2024\/09\/Aktialiiga-Yoast-512.png?fit=512%2C512&ssl=1","width":512,"height":512,"caption":"K\u00e4sipallon miesten Aktialiiga"},"image":{"@id":"https:\/\/aktialiiga.fi\/miehet\/#\/schema\/logo\/image\/"},"sameAs":["https:\/\/www.facebook.com\/finnhandball","https:\/\/x.com\/finnhandball","https:\/\/www.instagram.com\/handballfinland\/"]},{"@type":"Person","@id":"https:\/\/aktialiiga.fi\/miehet\/#\/schema\/person\/c14bf42f47041db74603c45afcb18d87","name":"tbrmedia","image":{"@type":"ImageObject","inLanguage":"fi","@id":"https:\/\/secure.gravatar.com\/avatar\/ee975fa091fe581d12b60debb3439022686618368a7c142044c56724d4666b16?s=96&d=mm&r=g","url":"https:\/\/secure.gravatar.com\/avatar\/ee975fa091fe581d12b60debb3439022686618368a7c142044c56724d4666b16?s=96&d=mm&r=g","contentUrl":"https:\/\/secure.gravatar.com\/avatar\/ee975fa091fe581d12b60debb3439022686618368a7c142044c56724d4666b16?s=96&d=mm&r=g","caption":"tbrmedia"}}]}},"jetpack_featured_media_url":"https:\/\/i0.wp.com\/aktialiiga.fi\/miehet\/wp-content\/uploads\/sites\/5\/2017\/02\/Nenita_Vitalie_Cocks_1617.jpg?fit=711%2C320&ssl=1","jetpack_sharing_enabled":true,"jetpack_shortlink":"https:\/\/wp.me\/pfTxOr-49W","_links":{"self":[{"href":"https:\/\/aktialiiga.fi\/miehet\/wp-json\/wp\/v2\/posts\/15992","targetHints":{"allow":["GET"]}}],"collection":[{"href":"https:\/\/aktialiiga.fi\/miehet\/wp-json\/wp\/v2\/posts"}],"about":[{"href":"https:\/\/aktialiiga.fi\/miehet\/wp-json\/wp\/v2\/types\/post"}],"author":[{"embeddable":true,"href":"https:\/\/aktialiiga.fi\/miehet\/wp-json\/wp\/v2\/users\/13"}],"replies":[{"embeddable":true,"href":"https:\/\/aktialiiga.fi\/miehet\/wp-json\/wp\/v2\/comments?post=15992"}],"version-history":[{"count":0,"href":"https:\/\/aktialiiga.fi\/miehet\/wp-json\/wp\/v2\/posts\/15992\/revisions"}],"wp:featuredmedia":[{"embeddable":true,"href":"https:\/\/aktialiiga.fi\/miehet\/wp-json\/wp\/v2\/media\/15993"}],"wp:attachment":[{"href":"https:\/\/aktialiiga.fi\/miehet\/wp-json\/wp\/v2\/media?parent=15992"}],"wp:term":[{"taxonomy":"category","embeddable":true,"href":"https:\/\/aktialiiga.fi\/miehet\/wp-json\/wp\/v2\/categories?post=15992"},{"taxonomy":"post_tag","embeddable":true,"href":"https:\/\/aktialiiga.fi\/miehet\/wp-json\/wp\/v2\/tags?post=15992"}],"curies":[{"name":"wp","href":"https:\/\/api.w.org\/{rel}","templated":true}]}}