{"id":16015,"date":"2017-02-10T11:33:15","date_gmt":"2017-02-10T09:33:15","guid":{"rendered":"https:\/\/aktialiiga.fi\/miehet\/?p=16015"},"modified":"2018-04-20T12:46:07","modified_gmt":"2018-04-20T09:46:07","slug":"cocksin-ehf-cup-taival-alkaa-lauantaina-espanjassa","status":"publish","type":"post","link":"https:\/\/aktialiiga.fi\/miehet\/ajankohtaista\/cocksin-ehf-cup-taival-alkaa-lauantaina-espanjassa\/","title":{"rendered":"Cocksin EHF Cup \u2013taival alkaa lauantaina Espanjassa"},"content":{"rendered":"<p>EHF Cupin lohkovaihe starttaa k\u00e4yntiin Cocksin osalta lauantaina Espanjan Pamplonassa Helvetia Anaitasunan vieraana.<\/p>\n<p>Viikkoa my\u00f6hemmin on vuorossa ensimm\u00e4inen kotiottelu D-lohkon suurinta ennakkosuosikkia MT Melsungenia vastaan. Lohkon t\u00e4ydent\u00e4\u00e4 portugalilainen S.L. Benfica, joka aloittaa taipaleensa lauantaina Melsungenin vieraana Saksassa.<\/p>\n<p>Espanjaan matkustava Cocks-miehist\u00f6 on liikkeell\u00e4 varsin hyv\u00e4ll\u00e4 terveystilanteella. Ainoa poissaolija on jatkuvasti uusista ongelmista k\u00e4rsiv\u00e4 Andrei Kaliarovich. Yury Lukyanchuk teki sen sijaan keskiviikkona paluun Cocksin kokoonpanoon ja alkaa v\u00e4hitellen olla taas pelikunnossa. My\u00f6s keskiviikon ottelun v\u00e4liin j\u00e4tt\u00e4nyt Nico R\u00f6nnberg on suurella todenn\u00e4k\u00f6isyydell\u00e4 lauantaina t\u00e4ydess\u00e4 iskussa ja valmiina laittamaan is\u00e4nnilleen kapuloita rattaisiin.<\/p>\n<p>Cocksin p\u00e4\u00e4valmentaja Gintaras Savukynas odottaa suurella mielenkiinnolla kev\u00e4tkauden ensimm\u00e4ist\u00e4 todellista tulikoetta. Riihim\u00e4ki Cupissa Cocks mets\u00e4sti hienoja p\u00e4\u00e4nahkoja ja sai rutkasti lis\u00e4\u00e4 itseluottamusta EHF Cupia ajatellen, mutta tosipelit ovat silti aina eri asia kuin harjoitusottelut.<\/p>\n<p>&#8211; Lauantaina teemme debyyttimme lohkovaiheessa ja sit\u00e4 on tietenkin odotettu suurella innolla joukkueessamme. Olemme asettaneet omat tavoitteemme korkealle ja tarkoituksena on ehdottomasti ker\u00e4t\u00e4 lohkovaiheesta my\u00f6s pisteit\u00e4, ei pelkk\u00e4\u00e4 kokemusta. Ensimm\u00e4isen ottelun j\u00e4lkeen olemme viisaampia ja tied\u00e4mme paremmin miss\u00e4 menemme, Savukynas muotoilee.<\/p>\n<p>Ottelu Pamplonassa alkaa lauantaina kello 20.00 (21.00 Suomen aikaa).<\/p>\n","protected":false},"excerpt":{"rendered":"<p>EHF Cupin lohkovaihe starttaa k\u00e4yntiin Cocksin osalta lauantaina Espanjan Pamplonassa Helvetia Anaitasunan vieraana. Viikkoa my\u00f6hemmin on vuorossa ensimm\u00e4inen kotiottelu D-lohkon suurinta ennakkosuosikkia MT Melsungenia vastaan. Lohkon t\u00e4ydent\u00e4\u00e4 portugalilainen S.L. Benfica, joka aloittaa taipaleensa lauantaina Melsungenin vieraana Saksassa. Espanjaan matkustava Cocks-miehist\u00f6 on liikkeell\u00e4 varsin hyv\u00e4ll\u00e4 terveystilanteella. Ainoa poissaolija on jatkuvasti uusista ongelmista k\u00e4rsiv\u00e4 Andrei Kaliarovich. Yury [&hellip;]<\/p>\n","protected":false},"author":13,"featured_media":16006,"comment_status":"closed","ping_status":"open","sticky":false,"template":"","format":"standard","meta":{"_acf_changed":false,"jetpack_post_was_ever_published":false,"_jetpack_newsletter_access":"","_jetpack_dont_email_post_to_subs":false,"_jetpack_newsletter_tier_id":0,"_jetpack_memberships_contains_paywalled_content":false,"_jetpack_memberships_contains_paid_content":false,"footnotes":""},"categories":[2],"tags":[57,179],"class_list":["post-16015","post","type-post","status-publish","format-standard","has-post-thumbnail","hentry","category-ajankohtaista","tag-cocks","tag-ehf-cup"],"acf":[],"yoast_head":"<!-- This site is optimized with the Yoast SEO plugin v27.5 - https:\/\/yoast.com\/product\/yoast-seo-wordpress\/ -->\n<title>Cocksin EHF Cup \u2013taival alkaa lauantaina Espanjassa | K\u00e4sipallon miesten Aktialiiga<\/title>\n<meta name=\"robots\" content=\"index, follow, max-snippet:-1, max-image-preview:large, max-video-preview:-1\" \/>\n<link rel=\"canonical\" href=\"https:\/\/aktialiiga.fi\/miehet\/ajankohtaista\/cocksin-ehf-cup-taival-alkaa-lauantaina-espanjassa\/\" \/>\n<meta property=\"og:locale\" content=\"fi_FI\" \/>\n<meta property=\"og:type\" content=\"article\" \/>\n<meta property=\"og:title\" content=\"Cocksin EHF Cup \u2013taival alkaa lauantaina Espanjassa | K\u00e4sipallon miesten Aktialiiga\" \/>\n<meta property=\"og:description\" content=\"EHF Cupin lohkovaihe starttaa k\u00e4yntiin Cocksin osalta lauantaina Espanjan Pamplonassa Helvetia Anaitasunan vieraana. Viikkoa my\u00f6hemmin on vuorossa ensimm\u00e4inen kotiottelu D-lohkon suurinta ennakkosuosikkia MT Melsungenia vastaan. Lohkon t\u00e4ydent\u00e4\u00e4 portugalilainen S.L. Benfica, joka aloittaa taipaleensa lauantaina Melsungenin vieraana Saksassa. Espanjaan matkustava Cocks-miehist\u00f6 on liikkeell\u00e4 varsin hyv\u00e4ll\u00e4 terveystilanteella. Ainoa poissaolija on jatkuvasti uusista ongelmista k\u00e4rsiv\u00e4 Andrei Kaliarovich. Yury [&hellip;]\" \/>\n<meta property=\"og:url\" content=\"https:\/\/aktialiiga.fi\/miehet\/ajankohtaista\/cocksin-ehf-cup-taival-alkaa-lauantaina-espanjassa\/\" \/>\n<meta property=\"og:site_name\" content=\"K\u00e4sipallon miesten Aktialiiga\" \/>\n<meta property=\"article:publisher\" content=\"https:\/\/www.facebook.com\/finnhandball\" \/>\n<meta property=\"article:published_time\" content=\"2017-02-10T09:33:15+00:00\" \/>\n<meta property=\"article:modified_time\" content=\"2018-04-20T09:46:07+00:00\" \/>\n<meta property=\"og:image\" content=\"https:\/\/i0.wp.com\/aktialiiga.fi\/miehet\/wp-content\/uploads\/sites\/5\/2017\/02\/Silva_Tiago_Cocks_1617.jpg?fit=711%2C320&ssl=1\" \/>\n\t<meta property=\"og:image:width\" content=\"711\" \/>\n\t<meta property=\"og:image:height\" content=\"320\" \/>\n\t<meta property=\"og:image:type\" content=\"image\/jpeg\" \/>\n<meta name=\"author\" content=\"tbrmedia\" \/>\n<meta name=\"twitter:card\" content=\"summary_large_image\" \/>\n<meta name=\"twitter:creator\" content=\"@finnhandball\" \/>\n<meta name=\"twitter:site\" content=\"@finnhandball\" \/>\n<script type=\"application\/ld+json\" class=\"yoast-schema-graph\">{\"@context\":\"https:\\\/\\\/schema.org\",\"@graph\":[{\"@type\":\"Article\",\"@id\":\"https:\\\/\\\/aktialiiga.fi\\\/miehet\\\/ajankohtaista\\\/cocksin-ehf-cup-taival-alkaa-lauantaina-espanjassa\\\/#article\",\"isPartOf\":{\"@id\":\"https:\\\/\\\/aktialiiga.fi\\\/miehet\\\/ajankohtaista\\\/cocksin-ehf-cup-taival-alkaa-lauantaina-espanjassa\\\/\"},\"author\":{\"name\":\"tbrmedia\",\"@id\":\"https:\\\/\\\/aktialiiga.fi\\\/miehet\\\/#\\\/schema\\\/person\\\/c14bf42f47041db74603c45afcb18d87\"},\"headline\":\"Cocksin EHF Cup \u2013taival alkaa lauantaina Espanjassa\",\"datePublished\":\"2017-02-10T09:33:15+00:00\",\"dateModified\":\"2018-04-20T09:46:07+00:00\",\"mainEntityOfPage\":{\"@id\":\"https:\\\/\\\/aktialiiga.fi\\\/miehet\\\/ajankohtaista\\\/cocksin-ehf-cup-taival-alkaa-lauantaina-espanjassa\\\/\"},\"wordCount\":205,\"publisher\":{\"@id\":\"https:\\\/\\\/aktialiiga.fi\\\/miehet\\\/#organization\"},\"image\":{\"@id\":\"https:\\\/\\\/aktialiiga.fi\\\/miehet\\\/ajankohtaista\\\/cocksin-ehf-cup-taival-alkaa-lauantaina-espanjassa\\\/#primaryimage\"},\"thumbnailUrl\":\"https:\\\/\\\/i0.wp.com\\\/aktialiiga.fi\\\/miehet\\\/wp-content\\\/uploads\\\/sites\\\/5\\\/2017\\\/02\\\/Silva_Tiago_Cocks_1617.jpg?fit=711%2C320&ssl=1\",\"keywords\":[\"Cocks\",\"EHF Cup\"],\"articleSection\":[\"Ajankohtaista\"],\"inLanguage\":\"fi\"},{\"@type\":\"WebPage\",\"@id\":\"https:\\\/\\\/aktialiiga.fi\\\/miehet\\\/ajankohtaista\\\/cocksin-ehf-cup-taival-alkaa-lauantaina-espanjassa\\\/\",\"url\":\"https:\\\/\\\/aktialiiga.fi\\\/miehet\\\/ajankohtaista\\\/cocksin-ehf-cup-taival-alkaa-lauantaina-espanjassa\\\/\",\"name\":\"Cocksin EHF Cup \u2013taival alkaa lauantaina Espanjassa | K\u00e4sipallon miesten Aktialiiga\",\"isPartOf\":{\"@id\":\"https:\\\/\\\/aktialiiga.fi\\\/miehet\\\/#website\"},\"primaryImageOfPage\":{\"@id\":\"https:\\\/\\\/aktialiiga.fi\\\/miehet\\\/ajankohtaista\\\/cocksin-ehf-cup-taival-alkaa-lauantaina-espanjassa\\\/#primaryimage\"},\"image\":{\"@id\":\"https:\\\/\\\/aktialiiga.fi\\\/miehet\\\/ajankohtaista\\\/cocksin-ehf-cup-taival-alkaa-lauantaina-espanjassa\\\/#primaryimage\"},\"thumbnailUrl\":\"https:\\\/\\\/i0.wp.com\\\/aktialiiga.fi\\\/miehet\\\/wp-content\\\/uploads\\\/sites\\\/5\\\/2017\\\/02\\\/Silva_Tiago_Cocks_1617.jpg?fit=711%2C320&ssl=1\",\"datePublished\":\"2017-02-10T09:33:15+00:00\",\"dateModified\":\"2018-04-20T09:46:07+00:00\",\"breadcrumb\":{\"@id\":\"https:\\\/\\\/aktialiiga.fi\\\/miehet\\\/ajankohtaista\\\/cocksin-ehf-cup-taival-alkaa-lauantaina-espanjassa\\\/#breadcrumb\"},\"inLanguage\":\"fi\",\"potentialAction\":[{\"@type\":\"ReadAction\",\"target\":[\"https:\\\/\\\/aktialiiga.fi\\\/miehet\\\/ajankohtaista\\\/cocksin-ehf-cup-taival-alkaa-lauantaina-espanjassa\\\/\"]}]},{\"@type\":\"ImageObject\",\"inLanguage\":\"fi\",\"@id\":\"https:\\\/\\\/aktialiiga.fi\\\/miehet\\\/ajankohtaista\\\/cocksin-ehf-cup-taival-alkaa-lauantaina-espanjassa\\\/#primaryimage\",\"url\":\"https:\\\/\\\/i0.wp.com\\\/aktialiiga.fi\\\/miehet\\\/wp-content\\\/uploads\\\/sites\\\/5\\\/2017\\\/02\\\/Silva_Tiago_Cocks_1617.jpg?fit=711%2C320&ssl=1\",\"contentUrl\":\"https:\\\/\\\/i0.wp.com\\\/aktialiiga.fi\\\/miehet\\\/wp-content\\\/uploads\\\/sites\\\/5\\\/2017\\\/02\\\/Silva_Tiago_Cocks_1617.jpg?fit=711%2C320&ssl=1\",\"width\":711,\"height\":320},{\"@type\":\"BreadcrumbList\",\"@id\":\"https:\\\/\\\/aktialiiga.fi\\\/miehet\\\/ajankohtaista\\\/cocksin-ehf-cup-taival-alkaa-lauantaina-espanjassa\\\/#breadcrumb\",\"itemListElement\":[{\"@type\":\"ListItem\",\"position\":1,\"name\":\"Etusivu\",\"item\":\"https:\\\/\\\/aktialiiga.fi\\\/miehet\\\/\"},{\"@type\":\"ListItem\",\"position\":2,\"name\":\"Cocksin EHF Cup \u2013taival alkaa lauantaina Espanjassa\"}]},{\"@type\":\"WebSite\",\"@id\":\"https:\\\/\\\/aktialiiga.fi\\\/miehet\\\/#website\",\"url\":\"https:\\\/\\\/aktialiiga.fi\\\/miehet\\\/\",\"name\":\"K\u00e4sipallon miesten Aktialiiga\",\"description\":\"Valtakunnan vauhdikkainta palloilua!\",\"publisher\":{\"@id\":\"https:\\\/\\\/aktialiiga.fi\\\/miehet\\\/#organization\"},\"potentialAction\":[{\"@type\":\"SearchAction\",\"target\":{\"@type\":\"EntryPoint\",\"urlTemplate\":\"https:\\\/\\\/aktialiiga.fi\\\/miehet\\\/?s={search_term_string}\"},\"query-input\":{\"@type\":\"PropertyValueSpecification\",\"valueRequired\":true,\"valueName\":\"search_term_string\"}}],\"inLanguage\":\"fi\"},{\"@type\":\"Organization\",\"@id\":\"https:\\\/\\\/aktialiiga.fi\\\/miehet\\\/#organization\",\"name\":\"K\u00e4sipallon miesten Aktialiiga\",\"url\":\"https:\\\/\\\/aktialiiga.fi\\\/miehet\\\/\",\"logo\":{\"@type\":\"ImageObject\",\"inLanguage\":\"fi\",\"@id\":\"https:\\\/\\\/aktialiiga.fi\\\/miehet\\\/#\\\/schema\\\/logo\\\/image\\\/\",\"url\":\"https:\\\/\\\/i0.wp.com\\\/aktialiiga.fi\\\/miehet\\\/wp-content\\\/uploads\\\/sites\\\/5\\\/2024\\\/09\\\/Aktialiiga-Yoast-512.png?fit=512%2C512&ssl=1\",\"contentUrl\":\"https:\\\/\\\/i0.wp.com\\\/aktialiiga.fi\\\/miehet\\\/wp-content\\\/uploads\\\/sites\\\/5\\\/2024\\\/09\\\/Aktialiiga-Yoast-512.png?fit=512%2C512&ssl=1\",\"width\":512,\"height\":512,\"caption\":\"K\u00e4sipallon miesten Aktialiiga\"},\"image\":{\"@id\":\"https:\\\/\\\/aktialiiga.fi\\\/miehet\\\/#\\\/schema\\\/logo\\\/image\\\/\"},\"sameAs\":[\"https:\\\/\\\/www.facebook.com\\\/finnhandball\",\"https:\\\/\\\/x.com\\\/finnhandball\",\"https:\\\/\\\/www.instagram.com\\\/handballfinland\\\/\"]},{\"@type\":\"Person\",\"@id\":\"https:\\\/\\\/aktialiiga.fi\\\/miehet\\\/#\\\/schema\\\/person\\\/c14bf42f47041db74603c45afcb18d87\",\"name\":\"tbrmedia\",\"image\":{\"@type\":\"ImageObject\",\"inLanguage\":\"fi\",\"@id\":\"https:\\\/\\\/secure.gravatar.com\\\/avatar\\\/ee975fa091fe581d12b60debb3439022686618368a7c142044c56724d4666b16?s=96&d=mm&r=g\",\"url\":\"https:\\\/\\\/secure.gravatar.com\\\/avatar\\\/ee975fa091fe581d12b60debb3439022686618368a7c142044c56724d4666b16?s=96&d=mm&r=g\",\"contentUrl\":\"https:\\\/\\\/secure.gravatar.com\\\/avatar\\\/ee975fa091fe581d12b60debb3439022686618368a7c142044c56724d4666b16?s=96&d=mm&r=g\",\"caption\":\"tbrmedia\"}}]}<\/script>\n<!-- \/ Yoast SEO plugin. -->","yoast_head_json":{"title":"Cocksin EHF Cup \u2013taival alkaa lauantaina Espanjassa | K\u00e4sipallon miesten Aktialiiga","robots":{"index":"index","follow":"follow","max-snippet":"max-snippet:-1","max-image-preview":"max-image-preview:large","max-video-preview":"max-video-preview:-1"},"canonical":"https:\/\/aktialiiga.fi\/miehet\/ajankohtaista\/cocksin-ehf-cup-taival-alkaa-lauantaina-espanjassa\/","og_locale":"fi_FI","og_type":"article","og_title":"Cocksin EHF Cup \u2013taival alkaa lauantaina Espanjassa | K\u00e4sipallon miesten Aktialiiga","og_description":"EHF Cupin lohkovaihe starttaa k\u00e4yntiin Cocksin osalta lauantaina Espanjan Pamplonassa Helvetia Anaitasunan vieraana. Viikkoa my\u00f6hemmin on vuorossa ensimm\u00e4inen kotiottelu D-lohkon suurinta ennakkosuosikkia MT Melsungenia vastaan. Lohkon t\u00e4ydent\u00e4\u00e4 portugalilainen S.L. Benfica, joka aloittaa taipaleensa lauantaina Melsungenin vieraana Saksassa. Espanjaan matkustava Cocks-miehist\u00f6 on liikkeell\u00e4 varsin hyv\u00e4ll\u00e4 terveystilanteella. Ainoa poissaolija on jatkuvasti uusista ongelmista k\u00e4rsiv\u00e4 Andrei Kaliarovich. Yury [&hellip;]","og_url":"https:\/\/aktialiiga.fi\/miehet\/ajankohtaista\/cocksin-ehf-cup-taival-alkaa-lauantaina-espanjassa\/","og_site_name":"K\u00e4sipallon miesten Aktialiiga","article_publisher":"https:\/\/www.facebook.com\/finnhandball","article_published_time":"2017-02-10T09:33:15+00:00","article_modified_time":"2018-04-20T09:46:07+00:00","og_image":[{"width":711,"height":320,"url":"https:\/\/i0.wp.com\/aktialiiga.fi\/miehet\/wp-content\/uploads\/sites\/5\/2017\/02\/Silva_Tiago_Cocks_1617.jpg?fit=711%2C320&ssl=1","type":"image\/jpeg"}],"author":"tbrmedia","twitter_card":"summary_large_image","twitter_creator":"@finnhandball","twitter_site":"@finnhandball","schema":{"@context":"https:\/\/schema.org","@graph":[{"@type":"Article","@id":"https:\/\/aktialiiga.fi\/miehet\/ajankohtaista\/cocksin-ehf-cup-taival-alkaa-lauantaina-espanjassa\/#article","isPartOf":{"@id":"https:\/\/aktialiiga.fi\/miehet\/ajankohtaista\/cocksin-ehf-cup-taival-alkaa-lauantaina-espanjassa\/"},"author":{"name":"tbrmedia","@id":"https:\/\/aktialiiga.fi\/miehet\/#\/schema\/person\/c14bf42f47041db74603c45afcb18d87"},"headline":"Cocksin EHF Cup \u2013taival alkaa lauantaina Espanjassa","datePublished":"2017-02-10T09:33:15+00:00","dateModified":"2018-04-20T09:46:07+00:00","mainEntityOfPage":{"@id":"https:\/\/aktialiiga.fi\/miehet\/ajankohtaista\/cocksin-ehf-cup-taival-alkaa-lauantaina-espanjassa\/"},"wordCount":205,"publisher":{"@id":"https:\/\/aktialiiga.fi\/miehet\/#organization"},"image":{"@id":"https:\/\/aktialiiga.fi\/miehet\/ajankohtaista\/cocksin-ehf-cup-taival-alkaa-lauantaina-espanjassa\/#primaryimage"},"thumbnailUrl":"https:\/\/i0.wp.com\/aktialiiga.fi\/miehet\/wp-content\/uploads\/sites\/5\/2017\/02\/Silva_Tiago_Cocks_1617.jpg?fit=711%2C320&ssl=1","keywords":["Cocks","EHF Cup"],"articleSection":["Ajankohtaista"],"inLanguage":"fi"},{"@type":"WebPage","@id":"https:\/\/aktialiiga.fi\/miehet\/ajankohtaista\/cocksin-ehf-cup-taival-alkaa-lauantaina-espanjassa\/","url":"https:\/\/aktialiiga.fi\/miehet\/ajankohtaista\/cocksin-ehf-cup-taival-alkaa-lauantaina-espanjassa\/","name":"Cocksin EHF Cup \u2013taival alkaa lauantaina Espanjassa | K\u00e4sipallon miesten Aktialiiga","isPartOf":{"@id":"https:\/\/aktialiiga.fi\/miehet\/#website"},"primaryImageOfPage":{"@id":"https:\/\/aktialiiga.fi\/miehet\/ajankohtaista\/cocksin-ehf-cup-taival-alkaa-lauantaina-espanjassa\/#primaryimage"},"image":{"@id":"https:\/\/aktialiiga.fi\/miehet\/ajankohtaista\/cocksin-ehf-cup-taival-alkaa-lauantaina-espanjassa\/#primaryimage"},"thumbnailUrl":"https:\/\/i0.wp.com\/aktialiiga.fi\/miehet\/wp-content\/uploads\/sites\/5\/2017\/02\/Silva_Tiago_Cocks_1617.jpg?fit=711%2C320&ssl=1","datePublished":"2017-02-10T09:33:15+00:00","dateModified":"2018-04-20T09:46:07+00:00","breadcrumb":{"@id":"https:\/\/aktialiiga.fi\/miehet\/ajankohtaista\/cocksin-ehf-cup-taival-alkaa-lauantaina-espanjassa\/#breadcrumb"},"inLanguage":"fi","potentialAction":[{"@type":"ReadAction","target":["https:\/\/aktialiiga.fi\/miehet\/ajankohtaista\/cocksin-ehf-cup-taival-alkaa-lauantaina-espanjassa\/"]}]},{"@type":"ImageObject","inLanguage":"fi","@id":"https:\/\/aktialiiga.fi\/miehet\/ajankohtaista\/cocksin-ehf-cup-taival-alkaa-lauantaina-espanjassa\/#primaryimage","url":"https:\/\/i0.wp.com\/aktialiiga.fi\/miehet\/wp-content\/uploads\/sites\/5\/2017\/02\/Silva_Tiago_Cocks_1617.jpg?fit=711%2C320&ssl=1","contentUrl":"https:\/\/i0.wp.com\/aktialiiga.fi\/miehet\/wp-content\/uploads\/sites\/5\/2017\/02\/Silva_Tiago_Cocks_1617.jpg?fit=711%2C320&ssl=1","width":711,"height":320},{"@type":"BreadcrumbList","@id":"https:\/\/aktialiiga.fi\/miehet\/ajankohtaista\/cocksin-ehf-cup-taival-alkaa-lauantaina-espanjassa\/#breadcrumb","itemListElement":[{"@type":"ListItem","position":1,"name":"Etusivu","item":"https:\/\/aktialiiga.fi\/miehet\/"},{"@type":"ListItem","position":2,"name":"Cocksin EHF Cup \u2013taival alkaa lauantaina Espanjassa"}]},{"@type":"WebSite","@id":"https:\/\/aktialiiga.fi\/miehet\/#website","url":"https:\/\/aktialiiga.fi\/miehet\/","name":"K\u00e4sipallon miesten Aktialiiga","description":"Valtakunnan vauhdikkainta palloilua!","publisher":{"@id":"https:\/\/aktialiiga.fi\/miehet\/#organization"},"potentialAction":[{"@type":"SearchAction","target":{"@type":"EntryPoint","urlTemplate":"https:\/\/aktialiiga.fi\/miehet\/?s={search_term_string}"},"query-input":{"@type":"PropertyValueSpecification","valueRequired":true,"valueName":"search_term_string"}}],"inLanguage":"fi"},{"@type":"Organization","@id":"https:\/\/aktialiiga.fi\/miehet\/#organization","name":"K\u00e4sipallon miesten Aktialiiga","url":"https:\/\/aktialiiga.fi\/miehet\/","logo":{"@type":"ImageObject","inLanguage":"fi","@id":"https:\/\/aktialiiga.fi\/miehet\/#\/schema\/logo\/image\/","url":"https:\/\/i0.wp.com\/aktialiiga.fi\/miehet\/wp-content\/uploads\/sites\/5\/2024\/09\/Aktialiiga-Yoast-512.png?fit=512%2C512&ssl=1","contentUrl":"https:\/\/i0.wp.com\/aktialiiga.fi\/miehet\/wp-content\/uploads\/sites\/5\/2024\/09\/Aktialiiga-Yoast-512.png?fit=512%2C512&ssl=1","width":512,"height":512,"caption":"K\u00e4sipallon miesten Aktialiiga"},"image":{"@id":"https:\/\/aktialiiga.fi\/miehet\/#\/schema\/logo\/image\/"},"sameAs":["https:\/\/www.facebook.com\/finnhandball","https:\/\/x.com\/finnhandball","https:\/\/www.instagram.com\/handballfinland\/"]},{"@type":"Person","@id":"https:\/\/aktialiiga.fi\/miehet\/#\/schema\/person\/c14bf42f47041db74603c45afcb18d87","name":"tbrmedia","image":{"@type":"ImageObject","inLanguage":"fi","@id":"https:\/\/secure.gravatar.com\/avatar\/ee975fa091fe581d12b60debb3439022686618368a7c142044c56724d4666b16?s=96&d=mm&r=g","url":"https:\/\/secure.gravatar.com\/avatar\/ee975fa091fe581d12b60debb3439022686618368a7c142044c56724d4666b16?s=96&d=mm&r=g","contentUrl":"https:\/\/secure.gravatar.com\/avatar\/ee975fa091fe581d12b60debb3439022686618368a7c142044c56724d4666b16?s=96&d=mm&r=g","caption":"tbrmedia"}}]}},"jetpack_featured_media_url":"https:\/\/i0.wp.com\/aktialiiga.fi\/miehet\/wp-content\/uploads\/sites\/5\/2017\/02\/Silva_Tiago_Cocks_1617.jpg?fit=711%2C320&ssl=1","jetpack_sharing_enabled":true,"jetpack_shortlink":"https:\/\/wp.me\/pfTxOr-4aj","_links":{"self":[{"href":"https:\/\/aktialiiga.fi\/miehet\/wp-json\/wp\/v2\/posts\/16015","targetHints":{"allow":["GET"]}}],"collection":[{"href":"https:\/\/aktialiiga.fi\/miehet\/wp-json\/wp\/v2\/posts"}],"about":[{"href":"https:\/\/aktialiiga.fi\/miehet\/wp-json\/wp\/v2\/types\/post"}],"author":[{"embeddable":true,"href":"https:\/\/aktialiiga.fi\/miehet\/wp-json\/wp\/v2\/users\/13"}],"replies":[{"embeddable":true,"href":"https:\/\/aktialiiga.fi\/miehet\/wp-json\/wp\/v2\/comments?post=16015"}],"version-history":[{"count":0,"href":"https:\/\/aktialiiga.fi\/miehet\/wp-json\/wp\/v2\/posts\/16015\/revisions"}],"wp:featuredmedia":[{"embeddable":true,"href":"https:\/\/aktialiiga.fi\/miehet\/wp-json\/wp\/v2\/media\/16006"}],"wp:attachment":[{"href":"https:\/\/aktialiiga.fi\/miehet\/wp-json\/wp\/v2\/media?parent=16015"}],"wp:term":[{"taxonomy":"category","embeddable":true,"href":"https:\/\/aktialiiga.fi\/miehet\/wp-json\/wp\/v2\/categories?post=16015"},{"taxonomy":"post_tag","embeddable":true,"href":"https:\/\/aktialiiga.fi\/miehet\/wp-json\/wp\/v2\/tags?post=16015"}],"curies":[{"name":"wp","href":"https:\/\/api.w.org\/{rel}","templated":true}]}}