{"id":16024,"date":"2017-02-10T22:20:03","date_gmt":"2017-02-10T20:20:03","guid":{"rendered":"https:\/\/aktialiiga.fi\/miehet\/?p=16024"},"modified":"2018-04-20T12:46:06","modified_gmt":"2018-04-20T09:46:06","slug":"grifk-ja-bk-46-aarimmaisen-tarkeassa-ottelussa","status":"publish","type":"post","link":"https:\/\/aktialiiga.fi\/miehet\/2016-2017\/ennakot-2016-17\/grifk-ja-bk-46-aarimmaisen-tarkeassa-ottelussa\/","title":{"rendered":"GrIFK ja BK-46 \u00e4\u00e4rimm\u00e4isen t\u00e4rke\u00e4ss\u00e4 ottelussa"},"content":{"rendered":"<p>GrIFK ja BK-46 taistelevat kumpikin paikasta ylemm\u00e4ss\u00e4 jatkosarjassa ja joukkueitten kohdatessa runkosarjan viimeist\u00e4 edellisell\u00e4 kierroksella panoksia riitt\u00e4\u00e4.<\/p>\n<p>BK-46:n osalta l\u00e4ht\u00f6kohta on sik\u00e4li selv\u00e4, ett\u00e4 pistekin Kauniaisista varmistaa paikan nelj\u00e4n parhaan joukossa. GrIFK:lle voittokaan ei viel\u00e4 takaa ylemm\u00e4n loppusarjan paikkaa, toisaalta tappiokaan ei kariuta mahdollisuuksia lopullisesti.<\/p>\n<p>On samalla hyv\u00e4 muistaa, ett\u00e4 runkosarjan keskin\u00e4isten otteluitten pisteet lasketaan mukaan loppusarjoissa, joten peliss\u00e4 eiv\u00e4t ole ainoastaan sijoitukset. Joka tapauksessa s\u00e4hk\u00f6\u00e4 on ilmassa joukkueitten iskiess\u00e4 yhteen Kauniaisten Luolassa.<\/p>\n<p>BK p\u00e4\u00e4see otteluun periaatteessa tuoreemmin jaloin, sill\u00e4 Grani pelasi viikolla Cocksin vieraana \u2013 ja k\u00e4rsi ensimm\u00e4isen tappionsa t\u00e4m\u00e4n vuoden puolella. Riihim\u00e4en ottelu oli kuitenkin jo keskiviikkona, joten is\u00e4nnill\u00e4kin on ollut kaksi v\u00e4lip\u00e4iv\u00e4\u00e4 alla.<\/p>\n<p>BK-46:lle iloa kauden ratkaisupelien alla tuo miltei vuoden sivussa olleen Timmy Thorin paluu edellisottelussa.<\/p>\n<p>&#8211; Minulla on melkoisesti matkaa viel\u00e4 ja suurin haaste on l\u00f6yt\u00e4\u00e4 ottelutempo. Nyt jaksan kymmenen minuuttia ja tunnen itseni ajoittain vanhaksi ukoksi. Palasin hiukan suunniteltua aikaisemmin juuri sen takia, ett\u00e4 pystyisin auttamaan joukkuetta my\u00f6hemmin kev\u00e4\u00e4ll\u00e4. Nyt hauskuus alkaa, Thor mietti V\u00e4stra Nylandissa ratkaisupeleihin viitaten.<\/p>\n<p>Marraskuussa Sisu Arenalla BK vei voiton viiden maalin erolla, mutta Kauniainen on perinteisesti ollut hankala paikka vierailla miltei joukkueelle kuin joukkueelle.<\/p>\n<p>Ottelu Kauniaisissa alkaa lauantaina kello 16.00.<\/p>\n<p><em>K\u00e4sipallon miesten SM-liigan ottelut kattavasti my\u00f6s Veikkauksen urheilupelien tarjonnassa, k\u00e4sipallon kohteet l\u00f6yd\u00e4t <\/em><a href=\"https:\/\/www.veikkaus.fi\/fi\/urheilu?hae=kasipallo\" target=\"_blank\"><strong><em>t\u00e4\u00e4lt\u00e4<\/em><\/strong><\/a><\/p>\n","protected":false},"excerpt":{"rendered":"<p>GrIFK ja BK-46 taistelevat kumpikin paikasta ylemm\u00e4ss\u00e4 jatkosarjassa ja joukkueitten kohdatessa runkosarjan viimeist\u00e4 edellisell\u00e4 kierroksella panoksia riitt\u00e4\u00e4. BK-46:n osalta l\u00e4ht\u00f6kohta on sik\u00e4li selv\u00e4, ett\u00e4 pistekin Kauniaisista varmistaa paikan nelj\u00e4n parhaan joukossa. GrIFK:lle voittokaan ei viel\u00e4 takaa ylemm\u00e4n loppusarjan paikkaa, toisaalta tappiokaan ei kariuta mahdollisuuksia lopullisesti. On samalla hyv\u00e4 muistaa, ett\u00e4 runkosarjan keskin\u00e4isten otteluitten pisteet lasketaan [&hellip;]<\/p>\n","protected":false},"author":13,"featured_media":16012,"comment_status":"closed","ping_status":"open","sticky":false,"template":"","format":"standard","meta":{"_acf_changed":false,"jetpack_post_was_ever_published":false,"_jetpack_newsletter_access":"","_jetpack_dont_email_post_to_subs":false,"_jetpack_newsletter_tier_id":0,"_jetpack_memberships_contains_paywalled_content":false,"_jetpack_memberships_contains_paid_content":false,"footnotes":""},"categories":[174],"tags":[56,64],"class_list":["post-16024","post","type-post","status-publish","format-standard","has-post-thumbnail","hentry","category-ennakot-2016-17","tag-bk-46","tag-grifk"],"acf":[],"yoast_head":"<!-- This site is optimized with the Yoast SEO plugin v27.5 - https:\/\/yoast.com\/product\/yoast-seo-wordpress\/ -->\n<title>GrIFK ja BK-46 \u00e4\u00e4rimm\u00e4isen t\u00e4rke\u00e4ss\u00e4 ottelussa | K\u00e4sipallon miesten Aktialiiga<\/title>\n<meta name=\"robots\" content=\"index, follow, max-snippet:-1, max-image-preview:large, max-video-preview:-1\" \/>\n<link rel=\"canonical\" href=\"https:\/\/aktialiiga.fi\/miehet\/2016-2017\/ennakot-2016-17\/grifk-ja-bk-46-aarimmaisen-tarkeassa-ottelussa\/\" \/>\n<meta property=\"og:locale\" content=\"fi_FI\" \/>\n<meta property=\"og:type\" content=\"article\" \/>\n<meta property=\"og:title\" content=\"GrIFK ja BK-46 \u00e4\u00e4rimm\u00e4isen t\u00e4rke\u00e4ss\u00e4 ottelussa | K\u00e4sipallon miesten Aktialiiga\" \/>\n<meta property=\"og:description\" content=\"GrIFK ja BK-46 taistelevat kumpikin paikasta ylemm\u00e4ss\u00e4 jatkosarjassa ja joukkueitten kohdatessa runkosarjan viimeist\u00e4 edellisell\u00e4 kierroksella panoksia riitt\u00e4\u00e4. BK-46:n osalta l\u00e4ht\u00f6kohta on sik\u00e4li selv\u00e4, ett\u00e4 pistekin Kauniaisista varmistaa paikan nelj\u00e4n parhaan joukossa. GrIFK:lle voittokaan ei viel\u00e4 takaa ylemm\u00e4n loppusarjan paikkaa, toisaalta tappiokaan ei kariuta mahdollisuuksia lopullisesti. On samalla hyv\u00e4 muistaa, ett\u00e4 runkosarjan keskin\u00e4isten otteluitten pisteet lasketaan [&hellip;]\" \/>\n<meta property=\"og:url\" content=\"https:\/\/aktialiiga.fi\/miehet\/2016-2017\/ennakot-2016-17\/grifk-ja-bk-46-aarimmaisen-tarkeassa-ottelussa\/\" \/>\n<meta property=\"og:site_name\" content=\"K\u00e4sipallon miesten Aktialiiga\" \/>\n<meta property=\"article:publisher\" content=\"https:\/\/www.facebook.com\/finnhandball\" \/>\n<meta property=\"article:published_time\" content=\"2017-02-10T20:20:03+00:00\" \/>\n<meta property=\"article:modified_time\" content=\"2018-04-20T09:46:06+00:00\" \/>\n<meta property=\"og:image\" content=\"https:\/\/i0.wp.com\/aktialiiga.fi\/miehet\/wp-content\/uploads\/sites\/5\/2017\/02\/Sundberg_Richard_GrIFK_1617.jpg?fit=711%2C320&ssl=1\" \/>\n\t<meta property=\"og:image:width\" content=\"711\" \/>\n\t<meta property=\"og:image:height\" content=\"320\" \/>\n\t<meta property=\"og:image:type\" content=\"image\/jpeg\" \/>\n<meta name=\"author\" content=\"tbrmedia\" \/>\n<meta name=\"twitter:card\" content=\"summary_large_image\" \/>\n<meta name=\"twitter:creator\" content=\"@finnhandball\" \/>\n<meta name=\"twitter:site\" content=\"@finnhandball\" \/>\n<script type=\"application\/ld+json\" class=\"yoast-schema-graph\">{\"@context\":\"https:\\\/\\\/schema.org\",\"@graph\":[{\"@type\":\"Article\",\"@id\":\"https:\\\/\\\/aktialiiga.fi\\\/miehet\\\/2016-2017\\\/ennakot-2016-17\\\/grifk-ja-bk-46-aarimmaisen-tarkeassa-ottelussa\\\/#article\",\"isPartOf\":{\"@id\":\"https:\\\/\\\/aktialiiga.fi\\\/miehet\\\/2016-2017\\\/ennakot-2016-17\\\/grifk-ja-bk-46-aarimmaisen-tarkeassa-ottelussa\\\/\"},\"author\":{\"name\":\"tbrmedia\",\"@id\":\"https:\\\/\\\/aktialiiga.fi\\\/miehet\\\/#\\\/schema\\\/person\\\/c14bf42f47041db74603c45afcb18d87\"},\"headline\":\"GrIFK ja BK-46 \u00e4\u00e4rimm\u00e4isen t\u00e4rke\u00e4ss\u00e4 ottelussa\",\"datePublished\":\"2017-02-10T20:20:03+00:00\",\"dateModified\":\"2018-04-20T09:46:06+00:00\",\"mainEntityOfPage\":{\"@id\":\"https:\\\/\\\/aktialiiga.fi\\\/miehet\\\/2016-2017\\\/ennakot-2016-17\\\/grifk-ja-bk-46-aarimmaisen-tarkeassa-ottelussa\\\/\"},\"wordCount\":243,\"publisher\":{\"@id\":\"https:\\\/\\\/aktialiiga.fi\\\/miehet\\\/#organization\"},\"image\":{\"@id\":\"https:\\\/\\\/aktialiiga.fi\\\/miehet\\\/2016-2017\\\/ennakot-2016-17\\\/grifk-ja-bk-46-aarimmaisen-tarkeassa-ottelussa\\\/#primaryimage\"},\"thumbnailUrl\":\"https:\\\/\\\/i0.wp.com\\\/aktialiiga.fi\\\/miehet\\\/wp-content\\\/uploads\\\/sites\\\/5\\\/2017\\\/02\\\/Sundberg_Richard_GrIFK_1617.jpg?fit=711%2C320&ssl=1\",\"keywords\":[\"BK-46\",\"GrIFK\"],\"articleSection\":[\"Ennakot\"],\"inLanguage\":\"fi\"},{\"@type\":\"WebPage\",\"@id\":\"https:\\\/\\\/aktialiiga.fi\\\/miehet\\\/2016-2017\\\/ennakot-2016-17\\\/grifk-ja-bk-46-aarimmaisen-tarkeassa-ottelussa\\\/\",\"url\":\"https:\\\/\\\/aktialiiga.fi\\\/miehet\\\/2016-2017\\\/ennakot-2016-17\\\/grifk-ja-bk-46-aarimmaisen-tarkeassa-ottelussa\\\/\",\"name\":\"GrIFK ja BK-46 \u00e4\u00e4rimm\u00e4isen t\u00e4rke\u00e4ss\u00e4 ottelussa | K\u00e4sipallon miesten Aktialiiga\",\"isPartOf\":{\"@id\":\"https:\\\/\\\/aktialiiga.fi\\\/miehet\\\/#website\"},\"primaryImageOfPage\":{\"@id\":\"https:\\\/\\\/aktialiiga.fi\\\/miehet\\\/2016-2017\\\/ennakot-2016-17\\\/grifk-ja-bk-46-aarimmaisen-tarkeassa-ottelussa\\\/#primaryimage\"},\"image\":{\"@id\":\"https:\\\/\\\/aktialiiga.fi\\\/miehet\\\/2016-2017\\\/ennakot-2016-17\\\/grifk-ja-bk-46-aarimmaisen-tarkeassa-ottelussa\\\/#primaryimage\"},\"thumbnailUrl\":\"https:\\\/\\\/i0.wp.com\\\/aktialiiga.fi\\\/miehet\\\/wp-content\\\/uploads\\\/sites\\\/5\\\/2017\\\/02\\\/Sundberg_Richard_GrIFK_1617.jpg?fit=711%2C320&ssl=1\",\"datePublished\":\"2017-02-10T20:20:03+00:00\",\"dateModified\":\"2018-04-20T09:46:06+00:00\",\"breadcrumb\":{\"@id\":\"https:\\\/\\\/aktialiiga.fi\\\/miehet\\\/2016-2017\\\/ennakot-2016-17\\\/grifk-ja-bk-46-aarimmaisen-tarkeassa-ottelussa\\\/#breadcrumb\"},\"inLanguage\":\"fi\",\"potentialAction\":[{\"@type\":\"ReadAction\",\"target\":[\"https:\\\/\\\/aktialiiga.fi\\\/miehet\\\/2016-2017\\\/ennakot-2016-17\\\/grifk-ja-bk-46-aarimmaisen-tarkeassa-ottelussa\\\/\"]}]},{\"@type\":\"ImageObject\",\"inLanguage\":\"fi\",\"@id\":\"https:\\\/\\\/aktialiiga.fi\\\/miehet\\\/2016-2017\\\/ennakot-2016-17\\\/grifk-ja-bk-46-aarimmaisen-tarkeassa-ottelussa\\\/#primaryimage\",\"url\":\"https:\\\/\\\/i0.wp.com\\\/aktialiiga.fi\\\/miehet\\\/wp-content\\\/uploads\\\/sites\\\/5\\\/2017\\\/02\\\/Sundberg_Richard_GrIFK_1617.jpg?fit=711%2C320&ssl=1\",\"contentUrl\":\"https:\\\/\\\/i0.wp.com\\\/aktialiiga.fi\\\/miehet\\\/wp-content\\\/uploads\\\/sites\\\/5\\\/2017\\\/02\\\/Sundberg_Richard_GrIFK_1617.jpg?fit=711%2C320&ssl=1\",\"width\":711,\"height\":320},{\"@type\":\"BreadcrumbList\",\"@id\":\"https:\\\/\\\/aktialiiga.fi\\\/miehet\\\/2016-2017\\\/ennakot-2016-17\\\/grifk-ja-bk-46-aarimmaisen-tarkeassa-ottelussa\\\/#breadcrumb\",\"itemListElement\":[{\"@type\":\"ListItem\",\"position\":1,\"name\":\"Etusivu\",\"item\":\"https:\\\/\\\/aktialiiga.fi\\\/miehet\\\/\"},{\"@type\":\"ListItem\",\"position\":2,\"name\":\"GrIFK ja BK-46 \u00e4\u00e4rimm\u00e4isen t\u00e4rke\u00e4ss\u00e4 ottelussa\"}]},{\"@type\":\"WebSite\",\"@id\":\"https:\\\/\\\/aktialiiga.fi\\\/miehet\\\/#website\",\"url\":\"https:\\\/\\\/aktialiiga.fi\\\/miehet\\\/\",\"name\":\"K\u00e4sipallon miesten Aktialiiga\",\"description\":\"Valtakunnan vauhdikkainta palloilua!\",\"publisher\":{\"@id\":\"https:\\\/\\\/aktialiiga.fi\\\/miehet\\\/#organization\"},\"potentialAction\":[{\"@type\":\"SearchAction\",\"target\":{\"@type\":\"EntryPoint\",\"urlTemplate\":\"https:\\\/\\\/aktialiiga.fi\\\/miehet\\\/?s={search_term_string}\"},\"query-input\":{\"@type\":\"PropertyValueSpecification\",\"valueRequired\":true,\"valueName\":\"search_term_string\"}}],\"inLanguage\":\"fi\"},{\"@type\":\"Organization\",\"@id\":\"https:\\\/\\\/aktialiiga.fi\\\/miehet\\\/#organization\",\"name\":\"K\u00e4sipallon miesten Aktialiiga\",\"url\":\"https:\\\/\\\/aktialiiga.fi\\\/miehet\\\/\",\"logo\":{\"@type\":\"ImageObject\",\"inLanguage\":\"fi\",\"@id\":\"https:\\\/\\\/aktialiiga.fi\\\/miehet\\\/#\\\/schema\\\/logo\\\/image\\\/\",\"url\":\"https:\\\/\\\/i0.wp.com\\\/aktialiiga.fi\\\/miehet\\\/wp-content\\\/uploads\\\/sites\\\/5\\\/2024\\\/09\\\/Aktialiiga-Yoast-512.png?fit=512%2C512&ssl=1\",\"contentUrl\":\"https:\\\/\\\/i0.wp.com\\\/aktialiiga.fi\\\/miehet\\\/wp-content\\\/uploads\\\/sites\\\/5\\\/2024\\\/09\\\/Aktialiiga-Yoast-512.png?fit=512%2C512&ssl=1\",\"width\":512,\"height\":512,\"caption\":\"K\u00e4sipallon miesten Aktialiiga\"},\"image\":{\"@id\":\"https:\\\/\\\/aktialiiga.fi\\\/miehet\\\/#\\\/schema\\\/logo\\\/image\\\/\"},\"sameAs\":[\"https:\\\/\\\/www.facebook.com\\\/finnhandball\",\"https:\\\/\\\/x.com\\\/finnhandball\",\"https:\\\/\\\/www.instagram.com\\\/handballfinland\\\/\"]},{\"@type\":\"Person\",\"@id\":\"https:\\\/\\\/aktialiiga.fi\\\/miehet\\\/#\\\/schema\\\/person\\\/c14bf42f47041db74603c45afcb18d87\",\"name\":\"tbrmedia\",\"image\":{\"@type\":\"ImageObject\",\"inLanguage\":\"fi\",\"@id\":\"https:\\\/\\\/secure.gravatar.com\\\/avatar\\\/ee975fa091fe581d12b60debb3439022686618368a7c142044c56724d4666b16?s=96&d=mm&r=g\",\"url\":\"https:\\\/\\\/secure.gravatar.com\\\/avatar\\\/ee975fa091fe581d12b60debb3439022686618368a7c142044c56724d4666b16?s=96&d=mm&r=g\",\"contentUrl\":\"https:\\\/\\\/secure.gravatar.com\\\/avatar\\\/ee975fa091fe581d12b60debb3439022686618368a7c142044c56724d4666b16?s=96&d=mm&r=g\",\"caption\":\"tbrmedia\"}}]}<\/script>\n<!-- \/ Yoast SEO plugin. -->","yoast_head_json":{"title":"GrIFK ja BK-46 \u00e4\u00e4rimm\u00e4isen t\u00e4rke\u00e4ss\u00e4 ottelussa | K\u00e4sipallon miesten Aktialiiga","robots":{"index":"index","follow":"follow","max-snippet":"max-snippet:-1","max-image-preview":"max-image-preview:large","max-video-preview":"max-video-preview:-1"},"canonical":"https:\/\/aktialiiga.fi\/miehet\/2016-2017\/ennakot-2016-17\/grifk-ja-bk-46-aarimmaisen-tarkeassa-ottelussa\/","og_locale":"fi_FI","og_type":"article","og_title":"GrIFK ja BK-46 \u00e4\u00e4rimm\u00e4isen t\u00e4rke\u00e4ss\u00e4 ottelussa | K\u00e4sipallon miesten Aktialiiga","og_description":"GrIFK ja BK-46 taistelevat kumpikin paikasta ylemm\u00e4ss\u00e4 jatkosarjassa ja joukkueitten kohdatessa runkosarjan viimeist\u00e4 edellisell\u00e4 kierroksella panoksia riitt\u00e4\u00e4. BK-46:n osalta l\u00e4ht\u00f6kohta on sik\u00e4li selv\u00e4, ett\u00e4 pistekin Kauniaisista varmistaa paikan nelj\u00e4n parhaan joukossa. GrIFK:lle voittokaan ei viel\u00e4 takaa ylemm\u00e4n loppusarjan paikkaa, toisaalta tappiokaan ei kariuta mahdollisuuksia lopullisesti. On samalla hyv\u00e4 muistaa, ett\u00e4 runkosarjan keskin\u00e4isten otteluitten pisteet lasketaan [&hellip;]","og_url":"https:\/\/aktialiiga.fi\/miehet\/2016-2017\/ennakot-2016-17\/grifk-ja-bk-46-aarimmaisen-tarkeassa-ottelussa\/","og_site_name":"K\u00e4sipallon miesten Aktialiiga","article_publisher":"https:\/\/www.facebook.com\/finnhandball","article_published_time":"2017-02-10T20:20:03+00:00","article_modified_time":"2018-04-20T09:46:06+00:00","og_image":[{"width":711,"height":320,"url":"https:\/\/i0.wp.com\/aktialiiga.fi\/miehet\/wp-content\/uploads\/sites\/5\/2017\/02\/Sundberg_Richard_GrIFK_1617.jpg?fit=711%2C320&ssl=1","type":"image\/jpeg"}],"author":"tbrmedia","twitter_card":"summary_large_image","twitter_creator":"@finnhandball","twitter_site":"@finnhandball","schema":{"@context":"https:\/\/schema.org","@graph":[{"@type":"Article","@id":"https:\/\/aktialiiga.fi\/miehet\/2016-2017\/ennakot-2016-17\/grifk-ja-bk-46-aarimmaisen-tarkeassa-ottelussa\/#article","isPartOf":{"@id":"https:\/\/aktialiiga.fi\/miehet\/2016-2017\/ennakot-2016-17\/grifk-ja-bk-46-aarimmaisen-tarkeassa-ottelussa\/"},"author":{"name":"tbrmedia","@id":"https:\/\/aktialiiga.fi\/miehet\/#\/schema\/person\/c14bf42f47041db74603c45afcb18d87"},"headline":"GrIFK ja BK-46 \u00e4\u00e4rimm\u00e4isen t\u00e4rke\u00e4ss\u00e4 ottelussa","datePublished":"2017-02-10T20:20:03+00:00","dateModified":"2018-04-20T09:46:06+00:00","mainEntityOfPage":{"@id":"https:\/\/aktialiiga.fi\/miehet\/2016-2017\/ennakot-2016-17\/grifk-ja-bk-46-aarimmaisen-tarkeassa-ottelussa\/"},"wordCount":243,"publisher":{"@id":"https:\/\/aktialiiga.fi\/miehet\/#organization"},"image":{"@id":"https:\/\/aktialiiga.fi\/miehet\/2016-2017\/ennakot-2016-17\/grifk-ja-bk-46-aarimmaisen-tarkeassa-ottelussa\/#primaryimage"},"thumbnailUrl":"https:\/\/i0.wp.com\/aktialiiga.fi\/miehet\/wp-content\/uploads\/sites\/5\/2017\/02\/Sundberg_Richard_GrIFK_1617.jpg?fit=711%2C320&ssl=1","keywords":["BK-46","GrIFK"],"articleSection":["Ennakot"],"inLanguage":"fi"},{"@type":"WebPage","@id":"https:\/\/aktialiiga.fi\/miehet\/2016-2017\/ennakot-2016-17\/grifk-ja-bk-46-aarimmaisen-tarkeassa-ottelussa\/","url":"https:\/\/aktialiiga.fi\/miehet\/2016-2017\/ennakot-2016-17\/grifk-ja-bk-46-aarimmaisen-tarkeassa-ottelussa\/","name":"GrIFK ja BK-46 \u00e4\u00e4rimm\u00e4isen t\u00e4rke\u00e4ss\u00e4 ottelussa | K\u00e4sipallon miesten Aktialiiga","isPartOf":{"@id":"https:\/\/aktialiiga.fi\/miehet\/#website"},"primaryImageOfPage":{"@id":"https:\/\/aktialiiga.fi\/miehet\/2016-2017\/ennakot-2016-17\/grifk-ja-bk-46-aarimmaisen-tarkeassa-ottelussa\/#primaryimage"},"image":{"@id":"https:\/\/aktialiiga.fi\/miehet\/2016-2017\/ennakot-2016-17\/grifk-ja-bk-46-aarimmaisen-tarkeassa-ottelussa\/#primaryimage"},"thumbnailUrl":"https:\/\/i0.wp.com\/aktialiiga.fi\/miehet\/wp-content\/uploads\/sites\/5\/2017\/02\/Sundberg_Richard_GrIFK_1617.jpg?fit=711%2C320&ssl=1","datePublished":"2017-02-10T20:20:03+00:00","dateModified":"2018-04-20T09:46:06+00:00","breadcrumb":{"@id":"https:\/\/aktialiiga.fi\/miehet\/2016-2017\/ennakot-2016-17\/grifk-ja-bk-46-aarimmaisen-tarkeassa-ottelussa\/#breadcrumb"},"inLanguage":"fi","potentialAction":[{"@type":"ReadAction","target":["https:\/\/aktialiiga.fi\/miehet\/2016-2017\/ennakot-2016-17\/grifk-ja-bk-46-aarimmaisen-tarkeassa-ottelussa\/"]}]},{"@type":"ImageObject","inLanguage":"fi","@id":"https:\/\/aktialiiga.fi\/miehet\/2016-2017\/ennakot-2016-17\/grifk-ja-bk-46-aarimmaisen-tarkeassa-ottelussa\/#primaryimage","url":"https:\/\/i0.wp.com\/aktialiiga.fi\/miehet\/wp-content\/uploads\/sites\/5\/2017\/02\/Sundberg_Richard_GrIFK_1617.jpg?fit=711%2C320&ssl=1","contentUrl":"https:\/\/i0.wp.com\/aktialiiga.fi\/miehet\/wp-content\/uploads\/sites\/5\/2017\/02\/Sundberg_Richard_GrIFK_1617.jpg?fit=711%2C320&ssl=1","width":711,"height":320},{"@type":"BreadcrumbList","@id":"https:\/\/aktialiiga.fi\/miehet\/2016-2017\/ennakot-2016-17\/grifk-ja-bk-46-aarimmaisen-tarkeassa-ottelussa\/#breadcrumb","itemListElement":[{"@type":"ListItem","position":1,"name":"Etusivu","item":"https:\/\/aktialiiga.fi\/miehet\/"},{"@type":"ListItem","position":2,"name":"GrIFK ja BK-46 \u00e4\u00e4rimm\u00e4isen t\u00e4rke\u00e4ss\u00e4 ottelussa"}]},{"@type":"WebSite","@id":"https:\/\/aktialiiga.fi\/miehet\/#website","url":"https:\/\/aktialiiga.fi\/miehet\/","name":"K\u00e4sipallon miesten Aktialiiga","description":"Valtakunnan vauhdikkainta palloilua!","publisher":{"@id":"https:\/\/aktialiiga.fi\/miehet\/#organization"},"potentialAction":[{"@type":"SearchAction","target":{"@type":"EntryPoint","urlTemplate":"https:\/\/aktialiiga.fi\/miehet\/?s={search_term_string}"},"query-input":{"@type":"PropertyValueSpecification","valueRequired":true,"valueName":"search_term_string"}}],"inLanguage":"fi"},{"@type":"Organization","@id":"https:\/\/aktialiiga.fi\/miehet\/#organization","name":"K\u00e4sipallon miesten Aktialiiga","url":"https:\/\/aktialiiga.fi\/miehet\/","logo":{"@type":"ImageObject","inLanguage":"fi","@id":"https:\/\/aktialiiga.fi\/miehet\/#\/schema\/logo\/image\/","url":"https:\/\/i0.wp.com\/aktialiiga.fi\/miehet\/wp-content\/uploads\/sites\/5\/2024\/09\/Aktialiiga-Yoast-512.png?fit=512%2C512&ssl=1","contentUrl":"https:\/\/i0.wp.com\/aktialiiga.fi\/miehet\/wp-content\/uploads\/sites\/5\/2024\/09\/Aktialiiga-Yoast-512.png?fit=512%2C512&ssl=1","width":512,"height":512,"caption":"K\u00e4sipallon miesten Aktialiiga"},"image":{"@id":"https:\/\/aktialiiga.fi\/miehet\/#\/schema\/logo\/image\/"},"sameAs":["https:\/\/www.facebook.com\/finnhandball","https:\/\/x.com\/finnhandball","https:\/\/www.instagram.com\/handballfinland\/"]},{"@type":"Person","@id":"https:\/\/aktialiiga.fi\/miehet\/#\/schema\/person\/c14bf42f47041db74603c45afcb18d87","name":"tbrmedia","image":{"@type":"ImageObject","inLanguage":"fi","@id":"https:\/\/secure.gravatar.com\/avatar\/ee975fa091fe581d12b60debb3439022686618368a7c142044c56724d4666b16?s=96&d=mm&r=g","url":"https:\/\/secure.gravatar.com\/avatar\/ee975fa091fe581d12b60debb3439022686618368a7c142044c56724d4666b16?s=96&d=mm&r=g","contentUrl":"https:\/\/secure.gravatar.com\/avatar\/ee975fa091fe581d12b60debb3439022686618368a7c142044c56724d4666b16?s=96&d=mm&r=g","caption":"tbrmedia"}}]}},"jetpack_featured_media_url":"https:\/\/i0.wp.com\/aktialiiga.fi\/miehet\/wp-content\/uploads\/sites\/5\/2017\/02\/Sundberg_Richard_GrIFK_1617.jpg?fit=711%2C320&ssl=1","jetpack_sharing_enabled":true,"jetpack_shortlink":"https:\/\/wp.me\/pfTxOr-4as","_links":{"self":[{"href":"https:\/\/aktialiiga.fi\/miehet\/wp-json\/wp\/v2\/posts\/16024","targetHints":{"allow":["GET"]}}],"collection":[{"href":"https:\/\/aktialiiga.fi\/miehet\/wp-json\/wp\/v2\/posts"}],"about":[{"href":"https:\/\/aktialiiga.fi\/miehet\/wp-json\/wp\/v2\/types\/post"}],"author":[{"embeddable":true,"href":"https:\/\/aktialiiga.fi\/miehet\/wp-json\/wp\/v2\/users\/13"}],"replies":[{"embeddable":true,"href":"https:\/\/aktialiiga.fi\/miehet\/wp-json\/wp\/v2\/comments?post=16024"}],"version-history":[{"count":0,"href":"https:\/\/aktialiiga.fi\/miehet\/wp-json\/wp\/v2\/posts\/16024\/revisions"}],"wp:featuredmedia":[{"embeddable":true,"href":"https:\/\/aktialiiga.fi\/miehet\/wp-json\/wp\/v2\/media\/16012"}],"wp:attachment":[{"href":"https:\/\/aktialiiga.fi\/miehet\/wp-json\/wp\/v2\/media?parent=16024"}],"wp:term":[{"taxonomy":"category","embeddable":true,"href":"https:\/\/aktialiiga.fi\/miehet\/wp-json\/wp\/v2\/categories?post=16024"},{"taxonomy":"post_tag","embeddable":true,"href":"https:\/\/aktialiiga.fi\/miehet\/wp-json\/wp\/v2\/tags?post=16024"}],"curies":[{"name":"wp","href":"https:\/\/api.w.org\/{rel}","templated":true}]}}