{"id":16109,"date":"2017-02-21T21:45:38","date_gmt":"2017-02-21T19:45:38","guid":{"rendered":"https:\/\/aktialiiga.fi\/miehet\/?p=16109"},"modified":"2018-04-20T12:46:02","modified_gmt":"2018-04-20T09:46:02","slug":"aifk-ja-grifk-alemman-jatkosarjan-kohtaamisessa-keskiviikkona","status":"publish","type":"post","link":"https:\/\/aktialiiga.fi\/miehet\/2016-2017\/ennakot-2016-17\/aifk-ja-grifk-alemman-jatkosarjan-kohtaamisessa-keskiviikkona\/","title":{"rendered":"\u00c5IFK ja GrIFK alemman jatkosarjan kohtaamisessa keskiviikkona"},"content":{"rendered":"<p>SM-liigan alemman jatkosarjan avauskierroksen toinen ottelu pelataan keskiviikkona Turussa \u00c5IFK:n is\u00e4nn\u00f6idess\u00e4 kaimaseuraansa Kauniaisista.<\/p>\n<p>\u00c5IFK l\u00e4htee jatkosarjaan nollilta ja joukkueella on periaatteessa vain voitettavaa. GrIFK puolestaan sai l\u00e4ht\u00f6pisteikseen t\u00e4yden 12 pisteen potin ja niukasti ylemm\u00e4st\u00e4 loppusarjasta ulos j\u00e4\u00e4neet kauniaislaiset l\u00e4htev\u00e4t ehdottomina ennakkosuosikkeina niin alempaan jatkosarjaan kuin t\u00e4h\u00e4n otteluunkin.<\/p>\n<p>Syyskuussa Grani haki \u00c5IFK:lta Turusta pisteet niukasti kahden maalin erolla, mutta joulukuussa Kauniaisten Luolassa numerot olivat jo selke\u00e4mm\u00e4t 36-24.<\/p>\n<p>\u00c5IFK:n mahdollisuudet yll\u00e4tyksiin piilev\u00e4t pitk\u00e4lti kotihallissa Samppalinnassa ja GrIFK varmasti muistaa syksyn kokemukset. Jos pettymys nelj\u00e4n parhaan joukosta j\u00e4\u00e4misest\u00e4 runkosarjassa viel\u00e4 painaa Grania, on \u00c5IFK:lla mahdollisuus yll\u00e4tt\u00e4\u00e4. L\u00e4ht\u00f6kohtaisesti vieraat ovat kuitenkin selv\u00e4ss\u00e4 suosikkiasemassa.<\/p>\n<p>Kamppailu Samppalinnan palloiluhallissa alkaa keskiviikkona kello 18.30.<\/p>\n<p><em>K\u00e4sipallon miesten SM-liigan ottelut kattavasti my\u00f6s Veikkauksen urheilupelien tarjonnassa, k\u00e4sipallon kohteet l\u00f6yd\u00e4t <\/em><a href=\"https:\/\/www.veikkaus.fi\/fi\/urheilu?hae=kasipallo\" target=\"_blank\"><strong><em>t\u00e4\u00e4lt\u00e4<\/em><\/strong><\/a><\/p>\n","protected":false},"excerpt":{"rendered":"<p>SM-liigan alemman jatkosarjan avauskierroksen toinen ottelu pelataan keskiviikkona Turussa \u00c5IFK:n is\u00e4nn\u00f6idess\u00e4 kaimaseuraansa Kauniaisista. \u00c5IFK l\u00e4htee jatkosarjaan nollilta ja joukkueella on periaatteessa vain voitettavaa. GrIFK puolestaan sai l\u00e4ht\u00f6pisteikseen t\u00e4yden 12 pisteen potin ja niukasti ylemm\u00e4st\u00e4 loppusarjasta ulos j\u00e4\u00e4neet kauniaislaiset l\u00e4htev\u00e4t ehdottomina ennakkosuosikkeina niin alempaan jatkosarjaan kuin t\u00e4h\u00e4n otteluunkin. Syyskuussa Grani haki \u00c5IFK:lta Turusta pisteet niukasti kahden [&hellip;]<\/p>\n","protected":false},"author":13,"featured_media":15496,"comment_status":"closed","ping_status":"open","sticky":false,"template":"","format":"standard","meta":{"_acf_changed":false,"jetpack_post_was_ever_published":false,"_jetpack_newsletter_access":"","_jetpack_dont_email_post_to_subs":false,"_jetpack_newsletter_tier_id":0,"_jetpack_memberships_contains_paywalled_content":false,"_jetpack_memberships_contains_paid_content":false,"footnotes":""},"categories":[174],"tags":[50,64],"class_list":["post-16109","post","type-post","status-publish","format-standard","has-post-thumbnail","hentry","category-ennakot-2016-17","tag-aifk","tag-grifk"],"acf":[],"yoast_head":"<!-- This site is optimized with the Yoast SEO plugin v27.4 - https:\/\/yoast.com\/product\/yoast-seo-wordpress\/ -->\n<title>\u00c5IFK ja GrIFK alemman jatkosarjan kohtaamisessa keskiviikkona | K\u00e4sipallon miesten Aktialiiga<\/title>\n<meta name=\"robots\" content=\"index, follow, max-snippet:-1, max-image-preview:large, max-video-preview:-1\" \/>\n<link rel=\"canonical\" href=\"https:\/\/aktialiiga.fi\/miehet\/2016-2017\/ennakot-2016-17\/aifk-ja-grifk-alemman-jatkosarjan-kohtaamisessa-keskiviikkona\/\" \/>\n<meta property=\"og:locale\" content=\"fi_FI\" \/>\n<meta property=\"og:type\" content=\"article\" \/>\n<meta property=\"og:title\" content=\"\u00c5IFK ja GrIFK alemman jatkosarjan kohtaamisessa keskiviikkona | K\u00e4sipallon miesten Aktialiiga\" \/>\n<meta property=\"og:description\" content=\"SM-liigan alemman jatkosarjan avauskierroksen toinen ottelu pelataan keskiviikkona Turussa \u00c5IFK:n is\u00e4nn\u00f6idess\u00e4 kaimaseuraansa Kauniaisista. \u00c5IFK l\u00e4htee jatkosarjaan nollilta ja joukkueella on periaatteessa vain voitettavaa. GrIFK puolestaan sai l\u00e4ht\u00f6pisteikseen t\u00e4yden 12 pisteen potin ja niukasti ylemm\u00e4st\u00e4 loppusarjasta ulos j\u00e4\u00e4neet kauniaislaiset l\u00e4htev\u00e4t ehdottomina ennakkosuosikkeina niin alempaan jatkosarjaan kuin t\u00e4h\u00e4n otteluunkin. Syyskuussa Grani haki \u00c5IFK:lta Turusta pisteet niukasti kahden [&hellip;]\" \/>\n<meta property=\"og:url\" content=\"https:\/\/aktialiiga.fi\/miehet\/2016-2017\/ennakot-2016-17\/aifk-ja-grifk-alemman-jatkosarjan-kohtaamisessa-keskiviikkona\/\" \/>\n<meta property=\"og:site_name\" content=\"K\u00e4sipallon miesten Aktialiiga\" \/>\n<meta property=\"article:publisher\" content=\"https:\/\/www.facebook.com\/finnhandball\" \/>\n<meta property=\"article:published_time\" content=\"2017-02-21T19:45:38+00:00\" \/>\n<meta property=\"article:modified_time\" content=\"2018-04-20T09:46:02+00:00\" \/>\n<meta property=\"og:image\" content=\"https:\/\/i0.wp.com\/aktialiiga.fi\/miehet\/wp-content\/uploads\/sites\/5\/2016\/10\/AIFK-2016-17.jpg?fit=1920%2C1280&ssl=1\" \/>\n\t<meta property=\"og:image:width\" content=\"1920\" \/>\n\t<meta property=\"og:image:height\" content=\"1280\" \/>\n\t<meta property=\"og:image:type\" content=\"image\/jpeg\" \/>\n<meta name=\"author\" content=\"tbrmedia\" \/>\n<meta name=\"twitter:card\" content=\"summary_large_image\" \/>\n<meta name=\"twitter:creator\" content=\"@finnhandball\" \/>\n<meta name=\"twitter:site\" content=\"@finnhandball\" \/>\n<script type=\"application\/ld+json\" class=\"yoast-schema-graph\">{\"@context\":\"https:\\\/\\\/schema.org\",\"@graph\":[{\"@type\":\"Article\",\"@id\":\"https:\\\/\\\/aktialiiga.fi\\\/miehet\\\/2016-2017\\\/ennakot-2016-17\\\/aifk-ja-grifk-alemman-jatkosarjan-kohtaamisessa-keskiviikkona\\\/#article\",\"isPartOf\":{\"@id\":\"https:\\\/\\\/aktialiiga.fi\\\/miehet\\\/2016-2017\\\/ennakot-2016-17\\\/aifk-ja-grifk-alemman-jatkosarjan-kohtaamisessa-keskiviikkona\\\/\"},\"author\":{\"name\":\"tbrmedia\",\"@id\":\"https:\\\/\\\/aktialiiga.fi\\\/miehet\\\/#\\\/schema\\\/person\\\/c14bf42f47041db74603c45afcb18d87\"},\"headline\":\"\u00c5IFK ja GrIFK alemman jatkosarjan kohtaamisessa keskiviikkona\",\"datePublished\":\"2017-02-21T19:45:38+00:00\",\"dateModified\":\"2018-04-20T09:46:02+00:00\",\"mainEntityOfPage\":{\"@id\":\"https:\\\/\\\/aktialiiga.fi\\\/miehet\\\/2016-2017\\\/ennakot-2016-17\\\/aifk-ja-grifk-alemman-jatkosarjan-kohtaamisessa-keskiviikkona\\\/\"},\"wordCount\":157,\"publisher\":{\"@id\":\"https:\\\/\\\/aktialiiga.fi\\\/miehet\\\/#organization\"},\"image\":{\"@id\":\"https:\\\/\\\/aktialiiga.fi\\\/miehet\\\/2016-2017\\\/ennakot-2016-17\\\/aifk-ja-grifk-alemman-jatkosarjan-kohtaamisessa-keskiviikkona\\\/#primaryimage\"},\"thumbnailUrl\":\"https:\\\/\\\/i0.wp.com\\\/aktialiiga.fi\\\/miehet\\\/wp-content\\\/uploads\\\/sites\\\/5\\\/2016\\\/10\\\/AIFK-2016-17.jpg?fit=1920%2C1280&ssl=1\",\"keywords\":[\"\u00c5IFK\",\"GrIFK\"],\"articleSection\":[\"Ennakot\"],\"inLanguage\":\"fi\"},{\"@type\":\"WebPage\",\"@id\":\"https:\\\/\\\/aktialiiga.fi\\\/miehet\\\/2016-2017\\\/ennakot-2016-17\\\/aifk-ja-grifk-alemman-jatkosarjan-kohtaamisessa-keskiviikkona\\\/\",\"url\":\"https:\\\/\\\/aktialiiga.fi\\\/miehet\\\/2016-2017\\\/ennakot-2016-17\\\/aifk-ja-grifk-alemman-jatkosarjan-kohtaamisessa-keskiviikkona\\\/\",\"name\":\"\u00c5IFK ja GrIFK alemman jatkosarjan kohtaamisessa keskiviikkona | K\u00e4sipallon miesten Aktialiiga\",\"isPartOf\":{\"@id\":\"https:\\\/\\\/aktialiiga.fi\\\/miehet\\\/#website\"},\"primaryImageOfPage\":{\"@id\":\"https:\\\/\\\/aktialiiga.fi\\\/miehet\\\/2016-2017\\\/ennakot-2016-17\\\/aifk-ja-grifk-alemman-jatkosarjan-kohtaamisessa-keskiviikkona\\\/#primaryimage\"},\"image\":{\"@id\":\"https:\\\/\\\/aktialiiga.fi\\\/miehet\\\/2016-2017\\\/ennakot-2016-17\\\/aifk-ja-grifk-alemman-jatkosarjan-kohtaamisessa-keskiviikkona\\\/#primaryimage\"},\"thumbnailUrl\":\"https:\\\/\\\/i0.wp.com\\\/aktialiiga.fi\\\/miehet\\\/wp-content\\\/uploads\\\/sites\\\/5\\\/2016\\\/10\\\/AIFK-2016-17.jpg?fit=1920%2C1280&ssl=1\",\"datePublished\":\"2017-02-21T19:45:38+00:00\",\"dateModified\":\"2018-04-20T09:46:02+00:00\",\"breadcrumb\":{\"@id\":\"https:\\\/\\\/aktialiiga.fi\\\/miehet\\\/2016-2017\\\/ennakot-2016-17\\\/aifk-ja-grifk-alemman-jatkosarjan-kohtaamisessa-keskiviikkona\\\/#breadcrumb\"},\"inLanguage\":\"fi\",\"potentialAction\":[{\"@type\":\"ReadAction\",\"target\":[\"https:\\\/\\\/aktialiiga.fi\\\/miehet\\\/2016-2017\\\/ennakot-2016-17\\\/aifk-ja-grifk-alemman-jatkosarjan-kohtaamisessa-keskiviikkona\\\/\"]}]},{\"@type\":\"ImageObject\",\"inLanguage\":\"fi\",\"@id\":\"https:\\\/\\\/aktialiiga.fi\\\/miehet\\\/2016-2017\\\/ennakot-2016-17\\\/aifk-ja-grifk-alemman-jatkosarjan-kohtaamisessa-keskiviikkona\\\/#primaryimage\",\"url\":\"https:\\\/\\\/i0.wp.com\\\/aktialiiga.fi\\\/miehet\\\/wp-content\\\/uploads\\\/sites\\\/5\\\/2016\\\/10\\\/AIFK-2016-17.jpg?fit=1920%2C1280&ssl=1\",\"contentUrl\":\"https:\\\/\\\/i0.wp.com\\\/aktialiiga.fi\\\/miehet\\\/wp-content\\\/uploads\\\/sites\\\/5\\\/2016\\\/10\\\/AIFK-2016-17.jpg?fit=1920%2C1280&ssl=1\",\"width\":1920,\"height\":1280},{\"@type\":\"BreadcrumbList\",\"@id\":\"https:\\\/\\\/aktialiiga.fi\\\/miehet\\\/2016-2017\\\/ennakot-2016-17\\\/aifk-ja-grifk-alemman-jatkosarjan-kohtaamisessa-keskiviikkona\\\/#breadcrumb\",\"itemListElement\":[{\"@type\":\"ListItem\",\"position\":1,\"name\":\"Etusivu\",\"item\":\"https:\\\/\\\/aktialiiga.fi\\\/miehet\\\/\"},{\"@type\":\"ListItem\",\"position\":2,\"name\":\"\u00c5IFK ja GrIFK alemman jatkosarjan kohtaamisessa keskiviikkona\"}]},{\"@type\":\"WebSite\",\"@id\":\"https:\\\/\\\/aktialiiga.fi\\\/miehet\\\/#website\",\"url\":\"https:\\\/\\\/aktialiiga.fi\\\/miehet\\\/\",\"name\":\"K\u00e4sipallon miesten Aktialiiga\",\"description\":\"Valtakunnan vauhdikkainta palloilua!\",\"publisher\":{\"@id\":\"https:\\\/\\\/aktialiiga.fi\\\/miehet\\\/#organization\"},\"potentialAction\":[{\"@type\":\"SearchAction\",\"target\":{\"@type\":\"EntryPoint\",\"urlTemplate\":\"https:\\\/\\\/aktialiiga.fi\\\/miehet\\\/?s={search_term_string}\"},\"query-input\":{\"@type\":\"PropertyValueSpecification\",\"valueRequired\":true,\"valueName\":\"search_term_string\"}}],\"inLanguage\":\"fi\"},{\"@type\":\"Organization\",\"@id\":\"https:\\\/\\\/aktialiiga.fi\\\/miehet\\\/#organization\",\"name\":\"K\u00e4sipallon miesten Aktialiiga\",\"url\":\"https:\\\/\\\/aktialiiga.fi\\\/miehet\\\/\",\"logo\":{\"@type\":\"ImageObject\",\"inLanguage\":\"fi\",\"@id\":\"https:\\\/\\\/aktialiiga.fi\\\/miehet\\\/#\\\/schema\\\/logo\\\/image\\\/\",\"url\":\"https:\\\/\\\/i0.wp.com\\\/aktialiiga.fi\\\/miehet\\\/wp-content\\\/uploads\\\/sites\\\/5\\\/2024\\\/09\\\/Aktialiiga-Yoast-512.png?fit=512%2C512&ssl=1\",\"contentUrl\":\"https:\\\/\\\/i0.wp.com\\\/aktialiiga.fi\\\/miehet\\\/wp-content\\\/uploads\\\/sites\\\/5\\\/2024\\\/09\\\/Aktialiiga-Yoast-512.png?fit=512%2C512&ssl=1\",\"width\":512,\"height\":512,\"caption\":\"K\u00e4sipallon miesten Aktialiiga\"},\"image\":{\"@id\":\"https:\\\/\\\/aktialiiga.fi\\\/miehet\\\/#\\\/schema\\\/logo\\\/image\\\/\"},\"sameAs\":[\"https:\\\/\\\/www.facebook.com\\\/finnhandball\",\"https:\\\/\\\/x.com\\\/finnhandball\",\"https:\\\/\\\/www.instagram.com\\\/handballfinland\\\/\"]},{\"@type\":\"Person\",\"@id\":\"https:\\\/\\\/aktialiiga.fi\\\/miehet\\\/#\\\/schema\\\/person\\\/c14bf42f47041db74603c45afcb18d87\",\"name\":\"tbrmedia\",\"image\":{\"@type\":\"ImageObject\",\"inLanguage\":\"fi\",\"@id\":\"https:\\\/\\\/secure.gravatar.com\\\/avatar\\\/ee975fa091fe581d12b60debb3439022686618368a7c142044c56724d4666b16?s=96&d=mm&r=g\",\"url\":\"https:\\\/\\\/secure.gravatar.com\\\/avatar\\\/ee975fa091fe581d12b60debb3439022686618368a7c142044c56724d4666b16?s=96&d=mm&r=g\",\"contentUrl\":\"https:\\\/\\\/secure.gravatar.com\\\/avatar\\\/ee975fa091fe581d12b60debb3439022686618368a7c142044c56724d4666b16?s=96&d=mm&r=g\",\"caption\":\"tbrmedia\"}}]}<\/script>\n<!-- \/ Yoast SEO plugin. -->","yoast_head_json":{"title":"\u00c5IFK ja GrIFK alemman jatkosarjan kohtaamisessa keskiviikkona | K\u00e4sipallon miesten Aktialiiga","robots":{"index":"index","follow":"follow","max-snippet":"max-snippet:-1","max-image-preview":"max-image-preview:large","max-video-preview":"max-video-preview:-1"},"canonical":"https:\/\/aktialiiga.fi\/miehet\/2016-2017\/ennakot-2016-17\/aifk-ja-grifk-alemman-jatkosarjan-kohtaamisessa-keskiviikkona\/","og_locale":"fi_FI","og_type":"article","og_title":"\u00c5IFK ja GrIFK alemman jatkosarjan kohtaamisessa keskiviikkona | K\u00e4sipallon miesten Aktialiiga","og_description":"SM-liigan alemman jatkosarjan avauskierroksen toinen ottelu pelataan keskiviikkona Turussa \u00c5IFK:n is\u00e4nn\u00f6idess\u00e4 kaimaseuraansa Kauniaisista. \u00c5IFK l\u00e4htee jatkosarjaan nollilta ja joukkueella on periaatteessa vain voitettavaa. GrIFK puolestaan sai l\u00e4ht\u00f6pisteikseen t\u00e4yden 12 pisteen potin ja niukasti ylemm\u00e4st\u00e4 loppusarjasta ulos j\u00e4\u00e4neet kauniaislaiset l\u00e4htev\u00e4t ehdottomina ennakkosuosikkeina niin alempaan jatkosarjaan kuin t\u00e4h\u00e4n otteluunkin. Syyskuussa Grani haki \u00c5IFK:lta Turusta pisteet niukasti kahden [&hellip;]","og_url":"https:\/\/aktialiiga.fi\/miehet\/2016-2017\/ennakot-2016-17\/aifk-ja-grifk-alemman-jatkosarjan-kohtaamisessa-keskiviikkona\/","og_site_name":"K\u00e4sipallon miesten Aktialiiga","article_publisher":"https:\/\/www.facebook.com\/finnhandball","article_published_time":"2017-02-21T19:45:38+00:00","article_modified_time":"2018-04-20T09:46:02+00:00","og_image":[{"width":1920,"height":1280,"url":"https:\/\/i0.wp.com\/aktialiiga.fi\/miehet\/wp-content\/uploads\/sites\/5\/2016\/10\/AIFK-2016-17.jpg?fit=1920%2C1280&ssl=1","type":"image\/jpeg"}],"author":"tbrmedia","twitter_card":"summary_large_image","twitter_creator":"@finnhandball","twitter_site":"@finnhandball","schema":{"@context":"https:\/\/schema.org","@graph":[{"@type":"Article","@id":"https:\/\/aktialiiga.fi\/miehet\/2016-2017\/ennakot-2016-17\/aifk-ja-grifk-alemman-jatkosarjan-kohtaamisessa-keskiviikkona\/#article","isPartOf":{"@id":"https:\/\/aktialiiga.fi\/miehet\/2016-2017\/ennakot-2016-17\/aifk-ja-grifk-alemman-jatkosarjan-kohtaamisessa-keskiviikkona\/"},"author":{"name":"tbrmedia","@id":"https:\/\/aktialiiga.fi\/miehet\/#\/schema\/person\/c14bf42f47041db74603c45afcb18d87"},"headline":"\u00c5IFK ja GrIFK alemman jatkosarjan kohtaamisessa keskiviikkona","datePublished":"2017-02-21T19:45:38+00:00","dateModified":"2018-04-20T09:46:02+00:00","mainEntityOfPage":{"@id":"https:\/\/aktialiiga.fi\/miehet\/2016-2017\/ennakot-2016-17\/aifk-ja-grifk-alemman-jatkosarjan-kohtaamisessa-keskiviikkona\/"},"wordCount":157,"publisher":{"@id":"https:\/\/aktialiiga.fi\/miehet\/#organization"},"image":{"@id":"https:\/\/aktialiiga.fi\/miehet\/2016-2017\/ennakot-2016-17\/aifk-ja-grifk-alemman-jatkosarjan-kohtaamisessa-keskiviikkona\/#primaryimage"},"thumbnailUrl":"https:\/\/i0.wp.com\/aktialiiga.fi\/miehet\/wp-content\/uploads\/sites\/5\/2016\/10\/AIFK-2016-17.jpg?fit=1920%2C1280&ssl=1","keywords":["\u00c5IFK","GrIFK"],"articleSection":["Ennakot"],"inLanguage":"fi"},{"@type":"WebPage","@id":"https:\/\/aktialiiga.fi\/miehet\/2016-2017\/ennakot-2016-17\/aifk-ja-grifk-alemman-jatkosarjan-kohtaamisessa-keskiviikkona\/","url":"https:\/\/aktialiiga.fi\/miehet\/2016-2017\/ennakot-2016-17\/aifk-ja-grifk-alemman-jatkosarjan-kohtaamisessa-keskiviikkona\/","name":"\u00c5IFK ja GrIFK alemman jatkosarjan kohtaamisessa keskiviikkona | K\u00e4sipallon miesten Aktialiiga","isPartOf":{"@id":"https:\/\/aktialiiga.fi\/miehet\/#website"},"primaryImageOfPage":{"@id":"https:\/\/aktialiiga.fi\/miehet\/2016-2017\/ennakot-2016-17\/aifk-ja-grifk-alemman-jatkosarjan-kohtaamisessa-keskiviikkona\/#primaryimage"},"image":{"@id":"https:\/\/aktialiiga.fi\/miehet\/2016-2017\/ennakot-2016-17\/aifk-ja-grifk-alemman-jatkosarjan-kohtaamisessa-keskiviikkona\/#primaryimage"},"thumbnailUrl":"https:\/\/i0.wp.com\/aktialiiga.fi\/miehet\/wp-content\/uploads\/sites\/5\/2016\/10\/AIFK-2016-17.jpg?fit=1920%2C1280&ssl=1","datePublished":"2017-02-21T19:45:38+00:00","dateModified":"2018-04-20T09:46:02+00:00","breadcrumb":{"@id":"https:\/\/aktialiiga.fi\/miehet\/2016-2017\/ennakot-2016-17\/aifk-ja-grifk-alemman-jatkosarjan-kohtaamisessa-keskiviikkona\/#breadcrumb"},"inLanguage":"fi","potentialAction":[{"@type":"ReadAction","target":["https:\/\/aktialiiga.fi\/miehet\/2016-2017\/ennakot-2016-17\/aifk-ja-grifk-alemman-jatkosarjan-kohtaamisessa-keskiviikkona\/"]}]},{"@type":"ImageObject","inLanguage":"fi","@id":"https:\/\/aktialiiga.fi\/miehet\/2016-2017\/ennakot-2016-17\/aifk-ja-grifk-alemman-jatkosarjan-kohtaamisessa-keskiviikkona\/#primaryimage","url":"https:\/\/i0.wp.com\/aktialiiga.fi\/miehet\/wp-content\/uploads\/sites\/5\/2016\/10\/AIFK-2016-17.jpg?fit=1920%2C1280&ssl=1","contentUrl":"https:\/\/i0.wp.com\/aktialiiga.fi\/miehet\/wp-content\/uploads\/sites\/5\/2016\/10\/AIFK-2016-17.jpg?fit=1920%2C1280&ssl=1","width":1920,"height":1280},{"@type":"BreadcrumbList","@id":"https:\/\/aktialiiga.fi\/miehet\/2016-2017\/ennakot-2016-17\/aifk-ja-grifk-alemman-jatkosarjan-kohtaamisessa-keskiviikkona\/#breadcrumb","itemListElement":[{"@type":"ListItem","position":1,"name":"Etusivu","item":"https:\/\/aktialiiga.fi\/miehet\/"},{"@type":"ListItem","position":2,"name":"\u00c5IFK ja GrIFK alemman jatkosarjan kohtaamisessa keskiviikkona"}]},{"@type":"WebSite","@id":"https:\/\/aktialiiga.fi\/miehet\/#website","url":"https:\/\/aktialiiga.fi\/miehet\/","name":"K\u00e4sipallon miesten Aktialiiga","description":"Valtakunnan vauhdikkainta palloilua!","publisher":{"@id":"https:\/\/aktialiiga.fi\/miehet\/#organization"},"potentialAction":[{"@type":"SearchAction","target":{"@type":"EntryPoint","urlTemplate":"https:\/\/aktialiiga.fi\/miehet\/?s={search_term_string}"},"query-input":{"@type":"PropertyValueSpecification","valueRequired":true,"valueName":"search_term_string"}}],"inLanguage":"fi"},{"@type":"Organization","@id":"https:\/\/aktialiiga.fi\/miehet\/#organization","name":"K\u00e4sipallon miesten Aktialiiga","url":"https:\/\/aktialiiga.fi\/miehet\/","logo":{"@type":"ImageObject","inLanguage":"fi","@id":"https:\/\/aktialiiga.fi\/miehet\/#\/schema\/logo\/image\/","url":"https:\/\/i0.wp.com\/aktialiiga.fi\/miehet\/wp-content\/uploads\/sites\/5\/2024\/09\/Aktialiiga-Yoast-512.png?fit=512%2C512&ssl=1","contentUrl":"https:\/\/i0.wp.com\/aktialiiga.fi\/miehet\/wp-content\/uploads\/sites\/5\/2024\/09\/Aktialiiga-Yoast-512.png?fit=512%2C512&ssl=1","width":512,"height":512,"caption":"K\u00e4sipallon miesten Aktialiiga"},"image":{"@id":"https:\/\/aktialiiga.fi\/miehet\/#\/schema\/logo\/image\/"},"sameAs":["https:\/\/www.facebook.com\/finnhandball","https:\/\/x.com\/finnhandball","https:\/\/www.instagram.com\/handballfinland\/"]},{"@type":"Person","@id":"https:\/\/aktialiiga.fi\/miehet\/#\/schema\/person\/c14bf42f47041db74603c45afcb18d87","name":"tbrmedia","image":{"@type":"ImageObject","inLanguage":"fi","@id":"https:\/\/secure.gravatar.com\/avatar\/ee975fa091fe581d12b60debb3439022686618368a7c142044c56724d4666b16?s=96&d=mm&r=g","url":"https:\/\/secure.gravatar.com\/avatar\/ee975fa091fe581d12b60debb3439022686618368a7c142044c56724d4666b16?s=96&d=mm&r=g","contentUrl":"https:\/\/secure.gravatar.com\/avatar\/ee975fa091fe581d12b60debb3439022686618368a7c142044c56724d4666b16?s=96&d=mm&r=g","caption":"tbrmedia"}}]}},"jetpack_featured_media_url":"https:\/\/i0.wp.com\/aktialiiga.fi\/miehet\/wp-content\/uploads\/sites\/5\/2016\/10\/AIFK-2016-17.jpg?fit=1920%2C1280&ssl=1","jetpack_sharing_enabled":true,"jetpack_shortlink":"https:\/\/wp.me\/pfTxOr-4bP","_links":{"self":[{"href":"https:\/\/aktialiiga.fi\/miehet\/wp-json\/wp\/v2\/posts\/16109","targetHints":{"allow":["GET"]}}],"collection":[{"href":"https:\/\/aktialiiga.fi\/miehet\/wp-json\/wp\/v2\/posts"}],"about":[{"href":"https:\/\/aktialiiga.fi\/miehet\/wp-json\/wp\/v2\/types\/post"}],"author":[{"embeddable":true,"href":"https:\/\/aktialiiga.fi\/miehet\/wp-json\/wp\/v2\/users\/13"}],"replies":[{"embeddable":true,"href":"https:\/\/aktialiiga.fi\/miehet\/wp-json\/wp\/v2\/comments?post=16109"}],"version-history":[{"count":0,"href":"https:\/\/aktialiiga.fi\/miehet\/wp-json\/wp\/v2\/posts\/16109\/revisions"}],"wp:featuredmedia":[{"embeddable":true,"href":"https:\/\/aktialiiga.fi\/miehet\/wp-json\/wp\/v2\/media\/15496"}],"wp:attachment":[{"href":"https:\/\/aktialiiga.fi\/miehet\/wp-json\/wp\/v2\/media?parent=16109"}],"wp:term":[{"taxonomy":"category","embeddable":true,"href":"https:\/\/aktialiiga.fi\/miehet\/wp-json\/wp\/v2\/categories?post=16109"},{"taxonomy":"post_tag","embeddable":true,"href":"https:\/\/aktialiiga.fi\/miehet\/wp-json\/wp\/v2\/tags?post=16109"}],"curies":[{"name":"wp","href":"https:\/\/api.w.org\/{rel}","templated":true}]}}