{"id":16117,"date":"2017-02-22T19:54:30","date_gmt":"2017-02-22T17:54:30","guid":{"rendered":"https:\/\/aktialiiga.fi\/miehet\/?p=16117"},"modified":"2018-04-20T12:46:01","modified_gmt":"2018-04-20T09:46:01","slug":"grifkn-avausjakson-nykays-riitti-aifkn-kaatamiseen","status":"publish","type":"post","link":"https:\/\/aktialiiga.fi\/miehet\/2016-2017\/ottelut-2016-2017\/grifkn-avausjakson-nykays-riitti-aifkn-kaatamiseen\/","title":{"rendered":"GrIFK:n avausjakson nyk\u00e4ys riitti \u00c5IFK:n kaatamiseen"},"content":{"rendered":"<p>GrIFK vankisti asemiaan puoliv\u00e4lier\u00e4paikkaa ajatellen hakemalla alemman jatkosarjan avauskierroksella voiton \u00c5IFK:sta keskiviikkona huolimatta is\u00e4ntien vahvasta kirist\u00e4 toisella jaksolla.<\/p>\n<p>Vierasjoukkue GrIFK oli alusta saakka hienokseltaan niskan p\u00e4\u00e4ll\u00e4, mutta lopulta ensimm\u00e4isest\u00e4 30-minuuttisesta muodostui varsin kaksijakoinen. Viel\u00e4 17. minuutilla \u00c5IFK puristi vain maalin p\u00e4\u00e4h\u00e4n, mutta jakson lopun vei Grani per\u00e4ti maalein 10-2 ja n\u00e4in vierasjohto oli tauolla yhdeks\u00e4n maalia.<\/p>\n<p>Tauon j\u00e4lkeen Grani k\u00e4vi jo 12 maalin johdossa, mutta siit\u00e4 alkoi \u00c5IFK:n kiri, joka nosti turkulaiset vajaassa seitsem\u00e4ss\u00e4 minuutissa vain viiden maalin p\u00e4\u00e4h\u00e4n. Viiden maalin tuntumaan ero my\u00f6s j\u00e4m\u00e4hti t\u00e4m\u00e4n j\u00e4lkeen ja maaleja tehtiin vuorotahtia, kunnes viimeisell\u00e4 viisiminuuttisella \u00c5IFK nousi jo kahden maalin p\u00e4\u00e4h\u00e4n. Grani piti kuitenkin pintansa ja vei pisteet.<\/p>\n<p>\u00c5IFK-valmentaja Besim Qerimi n\u00e4ki selke\u00e4n eron ensimm\u00e4isen ja toisen 30-minuuttisen v\u00e4lill\u00e4.<\/p>\n<p>&#8211; Ensimm\u00e4inen puoliaika aika heikko, mutta toinen oli hyv\u00e4, Qerimi totesi.<\/p>\n<p>GrIFK-luotsi Mikko Koskue kiteytti ottelun suhteellisen samoin termein &#8211; tosin t\u00e4sm\u00e4lleen p\u00e4invastoin.<\/p>\n<p>&#8211; 30 minuuttia hyv\u00e4\u00e4, ja 30 minuuttia huonoa peli\u00e4, siin\u00e4 oli t\u00e4m\u00e4n p\u00e4iv\u00e4n pelin soundi, Koskue sanoi.<\/p>\n<p>Vakuuttavimman pelaajan tittelin napannut \u00c5IFK:n Andreas Nystr\u00e4m harmitteli otteen katoamista avausjaksolla.<\/p>\n<p>&#8211; Ei riit\u00e4, ett\u00e4 pelataan hyvin toinen puoliaika. Grani pelasi huonommin toisen puoliajan ja me paremmin. Otamme mukaan toisen puoliajan pelin tuleviin matseihin, Nystr\u00f6m lupasi.<\/p>\n<p><strong>\u00c5IFK \u2013 GrIFK 31-34 (11-20)<\/strong><\/p>\n<p><strong>Maalintekij\u00e4t<\/strong><br \/>\n\u00c5IFK: Nystr\u00f6m Andreas 10, Manderoos Niklas 6, Maijala Eemeli 4, Kuusisto Valto 4, Berglund Oscar 3, Tamminen Olli 2, Tamminen Arttu 1, Sj\u00f6blom Christoffer 1<br \/>\nGrIFK: Forss Fredrik 6, Toomla Sten 5, Sundberg Richard 5, Von Numers Alexander 4, Silfver Sami 3, Olsson Benjamin 3, Nyman Benjamin 3, Sj\u00f6blom Peik 2, Berg Jonathan 2, Brummer Paavo 1<\/p>\n<p><strong>L\u00e4hiTapiola-t\u00e4htipelaajat<\/strong><br \/>\nNystr\u00f6m Andreas, \u00c5IFK 3<br \/>\nToomla Sten, GrIFK 2<br \/>\nForss Fredrik, GrIFK 1<\/p>\n<p><strong>2 min ulosajot sek\u00e4 pelist\u00e4 sulkemiset<\/strong><br \/>\n\u00c5IFK: Berglund Oscar 2 x 2 min, Maijala Eemeli 1 x 2 min<br \/>\nGrIFK: Brummer Paavo 1 x 2 min, Forss Fredrik 1 x 2 min, Silfver Sami 1 x 2 min<\/p>\n<p><em>Erotuomarit<\/em>: Mets\u00e4m\u00e4ki Christopher &#8211; Korja Miro<\/p>\n<p><em>Yleis\u00f6\u00e4<\/em>: 124<\/p>\n","protected":false},"excerpt":{"rendered":"<p>GrIFK vankisti asemiaan puoliv\u00e4lier\u00e4paikkaa ajatellen hakemalla alemman jatkosarjan avauskierroksella voiton \u00c5IFK:sta keskiviikkona huolimatta is\u00e4ntien vahvasta kirist\u00e4 toisella jaksolla. Vierasjoukkue GrIFK oli alusta saakka hienokseltaan niskan p\u00e4\u00e4ll\u00e4, mutta lopulta ensimm\u00e4isest\u00e4 30-minuuttisesta muodostui varsin kaksijakoinen. Viel\u00e4 17. minuutilla \u00c5IFK puristi vain maalin p\u00e4\u00e4h\u00e4n, mutta jakson lopun vei Grani per\u00e4ti maalein 10-2 ja n\u00e4in vierasjohto oli tauolla yhdeks\u00e4n [&hellip;]<\/p>\n","protected":false},"author":13,"featured_media":15644,"comment_status":"closed","ping_status":"open","sticky":false,"template":"","format":"standard","meta":{"_acf_changed":false,"jetpack_post_was_ever_published":false,"_jetpack_newsletter_access":"","_jetpack_dont_email_post_to_subs":false,"_jetpack_newsletter_tier_id":0,"_jetpack_memberships_contains_paywalled_content":false,"_jetpack_memberships_contains_paid_content":false,"footnotes":""},"categories":[25],"tags":[50,64],"class_list":["post-16117","post","type-post","status-publish","format-standard","has-post-thumbnail","hentry","category-ottelut-2016-2017","tag-aifk","tag-grifk"],"acf":[],"yoast_head":"<!-- This site is optimized with the Yoast SEO plugin v27.5 - https:\/\/yoast.com\/product\/yoast-seo-wordpress\/ -->\n<title>GrIFK:n avausjakson nyk\u00e4ys riitti \u00c5IFK:n kaatamiseen | K\u00e4sipallon miesten Aktialiiga<\/title>\n<meta name=\"robots\" content=\"index, follow, max-snippet:-1, max-image-preview:large, max-video-preview:-1\" \/>\n<link rel=\"canonical\" href=\"https:\/\/aktialiiga.fi\/miehet\/2016-2017\/ottelut-2016-2017\/grifkn-avausjakson-nykays-riitti-aifkn-kaatamiseen\/\" \/>\n<meta property=\"og:locale\" content=\"fi_FI\" \/>\n<meta property=\"og:type\" content=\"article\" \/>\n<meta property=\"og:title\" content=\"GrIFK:n avausjakson nyk\u00e4ys riitti \u00c5IFK:n kaatamiseen | K\u00e4sipallon miesten Aktialiiga\" \/>\n<meta property=\"og:description\" content=\"GrIFK vankisti asemiaan puoliv\u00e4lier\u00e4paikkaa ajatellen hakemalla alemman jatkosarjan avauskierroksella voiton \u00c5IFK:sta keskiviikkona huolimatta is\u00e4ntien vahvasta kirist\u00e4 toisella jaksolla. Vierasjoukkue GrIFK oli alusta saakka hienokseltaan niskan p\u00e4\u00e4ll\u00e4, mutta lopulta ensimm\u00e4isest\u00e4 30-minuuttisesta muodostui varsin kaksijakoinen. Viel\u00e4 17. minuutilla \u00c5IFK puristi vain maalin p\u00e4\u00e4h\u00e4n, mutta jakson lopun vei Grani per\u00e4ti maalein 10-2 ja n\u00e4in vierasjohto oli tauolla yhdeks\u00e4n [&hellip;]\" \/>\n<meta property=\"og:url\" content=\"https:\/\/aktialiiga.fi\/miehet\/2016-2017\/ottelut-2016-2017\/grifkn-avausjakson-nykays-riitti-aifkn-kaatamiseen\/\" \/>\n<meta property=\"og:site_name\" content=\"K\u00e4sipallon miesten Aktialiiga\" \/>\n<meta property=\"article:publisher\" content=\"https:\/\/www.facebook.com\/finnhandball\" \/>\n<meta property=\"article:published_time\" content=\"2017-02-22T17:54:30+00:00\" \/>\n<meta property=\"article:modified_time\" content=\"2018-04-20T09:46:01+00:00\" \/>\n<meta property=\"og:image\" content=\"https:\/\/i0.wp.com\/aktialiiga.fi\/miehet\/wp-content\/uploads\/sites\/5\/2016\/12\/Forss_Fredrik_GrIFK_1617.jpg?fit=711%2C320&ssl=1\" \/>\n\t<meta property=\"og:image:width\" content=\"711\" \/>\n\t<meta property=\"og:image:height\" content=\"320\" \/>\n\t<meta property=\"og:image:type\" content=\"image\/jpeg\" \/>\n<meta name=\"author\" content=\"tbrmedia\" \/>\n<meta name=\"twitter:card\" content=\"summary_large_image\" \/>\n<meta name=\"twitter:creator\" content=\"@finnhandball\" \/>\n<meta name=\"twitter:site\" content=\"@finnhandball\" \/>\n<script type=\"application\/ld+json\" class=\"yoast-schema-graph\">{\"@context\":\"https:\\\/\\\/schema.org\",\"@graph\":[{\"@type\":\"Article\",\"@id\":\"https:\\\/\\\/aktialiiga.fi\\\/miehet\\\/2016-2017\\\/ottelut-2016-2017\\\/grifkn-avausjakson-nykays-riitti-aifkn-kaatamiseen\\\/#article\",\"isPartOf\":{\"@id\":\"https:\\\/\\\/aktialiiga.fi\\\/miehet\\\/2016-2017\\\/ottelut-2016-2017\\\/grifkn-avausjakson-nykays-riitti-aifkn-kaatamiseen\\\/\"},\"author\":{\"name\":\"tbrmedia\",\"@id\":\"https:\\\/\\\/aktialiiga.fi\\\/miehet\\\/#\\\/schema\\\/person\\\/c14bf42f47041db74603c45afcb18d87\"},\"headline\":\"GrIFK:n avausjakson nyk\u00e4ys riitti \u00c5IFK:n kaatamiseen\",\"datePublished\":\"2017-02-22T17:54:30+00:00\",\"dateModified\":\"2018-04-20T09:46:01+00:00\",\"mainEntityOfPage\":{\"@id\":\"https:\\\/\\\/aktialiiga.fi\\\/miehet\\\/2016-2017\\\/ottelut-2016-2017\\\/grifkn-avausjakson-nykays-riitti-aifkn-kaatamiseen\\\/\"},\"wordCount\":336,\"publisher\":{\"@id\":\"https:\\\/\\\/aktialiiga.fi\\\/miehet\\\/#organization\"},\"image\":{\"@id\":\"https:\\\/\\\/aktialiiga.fi\\\/miehet\\\/2016-2017\\\/ottelut-2016-2017\\\/grifkn-avausjakson-nykays-riitti-aifkn-kaatamiseen\\\/#primaryimage\"},\"thumbnailUrl\":\"https:\\\/\\\/i0.wp.com\\\/aktialiiga.fi\\\/miehet\\\/wp-content\\\/uploads\\\/sites\\\/5\\\/2016\\\/12\\\/Forss_Fredrik_GrIFK_1617.jpg?fit=711%2C320&ssl=1\",\"keywords\":[\"\u00c5IFK\",\"GrIFK\"],\"articleSection\":[\"Ottelut\"],\"inLanguage\":\"fi\"},{\"@type\":\"WebPage\",\"@id\":\"https:\\\/\\\/aktialiiga.fi\\\/miehet\\\/2016-2017\\\/ottelut-2016-2017\\\/grifkn-avausjakson-nykays-riitti-aifkn-kaatamiseen\\\/\",\"url\":\"https:\\\/\\\/aktialiiga.fi\\\/miehet\\\/2016-2017\\\/ottelut-2016-2017\\\/grifkn-avausjakson-nykays-riitti-aifkn-kaatamiseen\\\/\",\"name\":\"GrIFK:n avausjakson nyk\u00e4ys riitti \u00c5IFK:n kaatamiseen | K\u00e4sipallon miesten Aktialiiga\",\"isPartOf\":{\"@id\":\"https:\\\/\\\/aktialiiga.fi\\\/miehet\\\/#website\"},\"primaryImageOfPage\":{\"@id\":\"https:\\\/\\\/aktialiiga.fi\\\/miehet\\\/2016-2017\\\/ottelut-2016-2017\\\/grifkn-avausjakson-nykays-riitti-aifkn-kaatamiseen\\\/#primaryimage\"},\"image\":{\"@id\":\"https:\\\/\\\/aktialiiga.fi\\\/miehet\\\/2016-2017\\\/ottelut-2016-2017\\\/grifkn-avausjakson-nykays-riitti-aifkn-kaatamiseen\\\/#primaryimage\"},\"thumbnailUrl\":\"https:\\\/\\\/i0.wp.com\\\/aktialiiga.fi\\\/miehet\\\/wp-content\\\/uploads\\\/sites\\\/5\\\/2016\\\/12\\\/Forss_Fredrik_GrIFK_1617.jpg?fit=711%2C320&ssl=1\",\"datePublished\":\"2017-02-22T17:54:30+00:00\",\"dateModified\":\"2018-04-20T09:46:01+00:00\",\"breadcrumb\":{\"@id\":\"https:\\\/\\\/aktialiiga.fi\\\/miehet\\\/2016-2017\\\/ottelut-2016-2017\\\/grifkn-avausjakson-nykays-riitti-aifkn-kaatamiseen\\\/#breadcrumb\"},\"inLanguage\":\"fi\",\"potentialAction\":[{\"@type\":\"ReadAction\",\"target\":[\"https:\\\/\\\/aktialiiga.fi\\\/miehet\\\/2016-2017\\\/ottelut-2016-2017\\\/grifkn-avausjakson-nykays-riitti-aifkn-kaatamiseen\\\/\"]}]},{\"@type\":\"ImageObject\",\"inLanguage\":\"fi\",\"@id\":\"https:\\\/\\\/aktialiiga.fi\\\/miehet\\\/2016-2017\\\/ottelut-2016-2017\\\/grifkn-avausjakson-nykays-riitti-aifkn-kaatamiseen\\\/#primaryimage\",\"url\":\"https:\\\/\\\/i0.wp.com\\\/aktialiiga.fi\\\/miehet\\\/wp-content\\\/uploads\\\/sites\\\/5\\\/2016\\\/12\\\/Forss_Fredrik_GrIFK_1617.jpg?fit=711%2C320&ssl=1\",\"contentUrl\":\"https:\\\/\\\/i0.wp.com\\\/aktialiiga.fi\\\/miehet\\\/wp-content\\\/uploads\\\/sites\\\/5\\\/2016\\\/12\\\/Forss_Fredrik_GrIFK_1617.jpg?fit=711%2C320&ssl=1\",\"width\":711,\"height\":320},{\"@type\":\"BreadcrumbList\",\"@id\":\"https:\\\/\\\/aktialiiga.fi\\\/miehet\\\/2016-2017\\\/ottelut-2016-2017\\\/grifkn-avausjakson-nykays-riitti-aifkn-kaatamiseen\\\/#breadcrumb\",\"itemListElement\":[{\"@type\":\"ListItem\",\"position\":1,\"name\":\"Etusivu\",\"item\":\"https:\\\/\\\/aktialiiga.fi\\\/miehet\\\/\"},{\"@type\":\"ListItem\",\"position\":2,\"name\":\"GrIFK:n avausjakson nyk\u00e4ys riitti \u00c5IFK:n kaatamiseen\"}]},{\"@type\":\"WebSite\",\"@id\":\"https:\\\/\\\/aktialiiga.fi\\\/miehet\\\/#website\",\"url\":\"https:\\\/\\\/aktialiiga.fi\\\/miehet\\\/\",\"name\":\"K\u00e4sipallon miesten Aktialiiga\",\"description\":\"Valtakunnan vauhdikkainta palloilua!\",\"publisher\":{\"@id\":\"https:\\\/\\\/aktialiiga.fi\\\/miehet\\\/#organization\"},\"potentialAction\":[{\"@type\":\"SearchAction\",\"target\":{\"@type\":\"EntryPoint\",\"urlTemplate\":\"https:\\\/\\\/aktialiiga.fi\\\/miehet\\\/?s={search_term_string}\"},\"query-input\":{\"@type\":\"PropertyValueSpecification\",\"valueRequired\":true,\"valueName\":\"search_term_string\"}}],\"inLanguage\":\"fi\"},{\"@type\":\"Organization\",\"@id\":\"https:\\\/\\\/aktialiiga.fi\\\/miehet\\\/#organization\",\"name\":\"K\u00e4sipallon miesten Aktialiiga\",\"url\":\"https:\\\/\\\/aktialiiga.fi\\\/miehet\\\/\",\"logo\":{\"@type\":\"ImageObject\",\"inLanguage\":\"fi\",\"@id\":\"https:\\\/\\\/aktialiiga.fi\\\/miehet\\\/#\\\/schema\\\/logo\\\/image\\\/\",\"url\":\"https:\\\/\\\/i0.wp.com\\\/aktialiiga.fi\\\/miehet\\\/wp-content\\\/uploads\\\/sites\\\/5\\\/2024\\\/09\\\/Aktialiiga-Yoast-512.png?fit=512%2C512&ssl=1\",\"contentUrl\":\"https:\\\/\\\/i0.wp.com\\\/aktialiiga.fi\\\/miehet\\\/wp-content\\\/uploads\\\/sites\\\/5\\\/2024\\\/09\\\/Aktialiiga-Yoast-512.png?fit=512%2C512&ssl=1\",\"width\":512,\"height\":512,\"caption\":\"K\u00e4sipallon miesten Aktialiiga\"},\"image\":{\"@id\":\"https:\\\/\\\/aktialiiga.fi\\\/miehet\\\/#\\\/schema\\\/logo\\\/image\\\/\"},\"sameAs\":[\"https:\\\/\\\/www.facebook.com\\\/finnhandball\",\"https:\\\/\\\/x.com\\\/finnhandball\",\"https:\\\/\\\/www.instagram.com\\\/handballfinland\\\/\"]},{\"@type\":\"Person\",\"@id\":\"https:\\\/\\\/aktialiiga.fi\\\/miehet\\\/#\\\/schema\\\/person\\\/c14bf42f47041db74603c45afcb18d87\",\"name\":\"tbrmedia\",\"image\":{\"@type\":\"ImageObject\",\"inLanguage\":\"fi\",\"@id\":\"https:\\\/\\\/secure.gravatar.com\\\/avatar\\\/ee975fa091fe581d12b60debb3439022686618368a7c142044c56724d4666b16?s=96&d=mm&r=g\",\"url\":\"https:\\\/\\\/secure.gravatar.com\\\/avatar\\\/ee975fa091fe581d12b60debb3439022686618368a7c142044c56724d4666b16?s=96&d=mm&r=g\",\"contentUrl\":\"https:\\\/\\\/secure.gravatar.com\\\/avatar\\\/ee975fa091fe581d12b60debb3439022686618368a7c142044c56724d4666b16?s=96&d=mm&r=g\",\"caption\":\"tbrmedia\"}}]}<\/script>\n<!-- \/ Yoast SEO plugin. -->","yoast_head_json":{"title":"GrIFK:n avausjakson nyk\u00e4ys riitti \u00c5IFK:n kaatamiseen | K\u00e4sipallon miesten Aktialiiga","robots":{"index":"index","follow":"follow","max-snippet":"max-snippet:-1","max-image-preview":"max-image-preview:large","max-video-preview":"max-video-preview:-1"},"canonical":"https:\/\/aktialiiga.fi\/miehet\/2016-2017\/ottelut-2016-2017\/grifkn-avausjakson-nykays-riitti-aifkn-kaatamiseen\/","og_locale":"fi_FI","og_type":"article","og_title":"GrIFK:n avausjakson nyk\u00e4ys riitti \u00c5IFK:n kaatamiseen | K\u00e4sipallon miesten Aktialiiga","og_description":"GrIFK vankisti asemiaan puoliv\u00e4lier\u00e4paikkaa ajatellen hakemalla alemman jatkosarjan avauskierroksella voiton \u00c5IFK:sta keskiviikkona huolimatta is\u00e4ntien vahvasta kirist\u00e4 toisella jaksolla. Vierasjoukkue GrIFK oli alusta saakka hienokseltaan niskan p\u00e4\u00e4ll\u00e4, mutta lopulta ensimm\u00e4isest\u00e4 30-minuuttisesta muodostui varsin kaksijakoinen. Viel\u00e4 17. minuutilla \u00c5IFK puristi vain maalin p\u00e4\u00e4h\u00e4n, mutta jakson lopun vei Grani per\u00e4ti maalein 10-2 ja n\u00e4in vierasjohto oli tauolla yhdeks\u00e4n [&hellip;]","og_url":"https:\/\/aktialiiga.fi\/miehet\/2016-2017\/ottelut-2016-2017\/grifkn-avausjakson-nykays-riitti-aifkn-kaatamiseen\/","og_site_name":"K\u00e4sipallon miesten Aktialiiga","article_publisher":"https:\/\/www.facebook.com\/finnhandball","article_published_time":"2017-02-22T17:54:30+00:00","article_modified_time":"2018-04-20T09:46:01+00:00","og_image":[{"width":711,"height":320,"url":"https:\/\/i0.wp.com\/aktialiiga.fi\/miehet\/wp-content\/uploads\/sites\/5\/2016\/12\/Forss_Fredrik_GrIFK_1617.jpg?fit=711%2C320&ssl=1","type":"image\/jpeg"}],"author":"tbrmedia","twitter_card":"summary_large_image","twitter_creator":"@finnhandball","twitter_site":"@finnhandball","schema":{"@context":"https:\/\/schema.org","@graph":[{"@type":"Article","@id":"https:\/\/aktialiiga.fi\/miehet\/2016-2017\/ottelut-2016-2017\/grifkn-avausjakson-nykays-riitti-aifkn-kaatamiseen\/#article","isPartOf":{"@id":"https:\/\/aktialiiga.fi\/miehet\/2016-2017\/ottelut-2016-2017\/grifkn-avausjakson-nykays-riitti-aifkn-kaatamiseen\/"},"author":{"name":"tbrmedia","@id":"https:\/\/aktialiiga.fi\/miehet\/#\/schema\/person\/c14bf42f47041db74603c45afcb18d87"},"headline":"GrIFK:n avausjakson nyk\u00e4ys riitti \u00c5IFK:n kaatamiseen","datePublished":"2017-02-22T17:54:30+00:00","dateModified":"2018-04-20T09:46:01+00:00","mainEntityOfPage":{"@id":"https:\/\/aktialiiga.fi\/miehet\/2016-2017\/ottelut-2016-2017\/grifkn-avausjakson-nykays-riitti-aifkn-kaatamiseen\/"},"wordCount":336,"publisher":{"@id":"https:\/\/aktialiiga.fi\/miehet\/#organization"},"image":{"@id":"https:\/\/aktialiiga.fi\/miehet\/2016-2017\/ottelut-2016-2017\/grifkn-avausjakson-nykays-riitti-aifkn-kaatamiseen\/#primaryimage"},"thumbnailUrl":"https:\/\/i0.wp.com\/aktialiiga.fi\/miehet\/wp-content\/uploads\/sites\/5\/2016\/12\/Forss_Fredrik_GrIFK_1617.jpg?fit=711%2C320&ssl=1","keywords":["\u00c5IFK","GrIFK"],"articleSection":["Ottelut"],"inLanguage":"fi"},{"@type":"WebPage","@id":"https:\/\/aktialiiga.fi\/miehet\/2016-2017\/ottelut-2016-2017\/grifkn-avausjakson-nykays-riitti-aifkn-kaatamiseen\/","url":"https:\/\/aktialiiga.fi\/miehet\/2016-2017\/ottelut-2016-2017\/grifkn-avausjakson-nykays-riitti-aifkn-kaatamiseen\/","name":"GrIFK:n avausjakson nyk\u00e4ys riitti \u00c5IFK:n kaatamiseen | K\u00e4sipallon miesten Aktialiiga","isPartOf":{"@id":"https:\/\/aktialiiga.fi\/miehet\/#website"},"primaryImageOfPage":{"@id":"https:\/\/aktialiiga.fi\/miehet\/2016-2017\/ottelut-2016-2017\/grifkn-avausjakson-nykays-riitti-aifkn-kaatamiseen\/#primaryimage"},"image":{"@id":"https:\/\/aktialiiga.fi\/miehet\/2016-2017\/ottelut-2016-2017\/grifkn-avausjakson-nykays-riitti-aifkn-kaatamiseen\/#primaryimage"},"thumbnailUrl":"https:\/\/i0.wp.com\/aktialiiga.fi\/miehet\/wp-content\/uploads\/sites\/5\/2016\/12\/Forss_Fredrik_GrIFK_1617.jpg?fit=711%2C320&ssl=1","datePublished":"2017-02-22T17:54:30+00:00","dateModified":"2018-04-20T09:46:01+00:00","breadcrumb":{"@id":"https:\/\/aktialiiga.fi\/miehet\/2016-2017\/ottelut-2016-2017\/grifkn-avausjakson-nykays-riitti-aifkn-kaatamiseen\/#breadcrumb"},"inLanguage":"fi","potentialAction":[{"@type":"ReadAction","target":["https:\/\/aktialiiga.fi\/miehet\/2016-2017\/ottelut-2016-2017\/grifkn-avausjakson-nykays-riitti-aifkn-kaatamiseen\/"]}]},{"@type":"ImageObject","inLanguage":"fi","@id":"https:\/\/aktialiiga.fi\/miehet\/2016-2017\/ottelut-2016-2017\/grifkn-avausjakson-nykays-riitti-aifkn-kaatamiseen\/#primaryimage","url":"https:\/\/i0.wp.com\/aktialiiga.fi\/miehet\/wp-content\/uploads\/sites\/5\/2016\/12\/Forss_Fredrik_GrIFK_1617.jpg?fit=711%2C320&ssl=1","contentUrl":"https:\/\/i0.wp.com\/aktialiiga.fi\/miehet\/wp-content\/uploads\/sites\/5\/2016\/12\/Forss_Fredrik_GrIFK_1617.jpg?fit=711%2C320&ssl=1","width":711,"height":320},{"@type":"BreadcrumbList","@id":"https:\/\/aktialiiga.fi\/miehet\/2016-2017\/ottelut-2016-2017\/grifkn-avausjakson-nykays-riitti-aifkn-kaatamiseen\/#breadcrumb","itemListElement":[{"@type":"ListItem","position":1,"name":"Etusivu","item":"https:\/\/aktialiiga.fi\/miehet\/"},{"@type":"ListItem","position":2,"name":"GrIFK:n avausjakson nyk\u00e4ys riitti \u00c5IFK:n kaatamiseen"}]},{"@type":"WebSite","@id":"https:\/\/aktialiiga.fi\/miehet\/#website","url":"https:\/\/aktialiiga.fi\/miehet\/","name":"K\u00e4sipallon miesten Aktialiiga","description":"Valtakunnan vauhdikkainta palloilua!","publisher":{"@id":"https:\/\/aktialiiga.fi\/miehet\/#organization"},"potentialAction":[{"@type":"SearchAction","target":{"@type":"EntryPoint","urlTemplate":"https:\/\/aktialiiga.fi\/miehet\/?s={search_term_string}"},"query-input":{"@type":"PropertyValueSpecification","valueRequired":true,"valueName":"search_term_string"}}],"inLanguage":"fi"},{"@type":"Organization","@id":"https:\/\/aktialiiga.fi\/miehet\/#organization","name":"K\u00e4sipallon miesten Aktialiiga","url":"https:\/\/aktialiiga.fi\/miehet\/","logo":{"@type":"ImageObject","inLanguage":"fi","@id":"https:\/\/aktialiiga.fi\/miehet\/#\/schema\/logo\/image\/","url":"https:\/\/i0.wp.com\/aktialiiga.fi\/miehet\/wp-content\/uploads\/sites\/5\/2024\/09\/Aktialiiga-Yoast-512.png?fit=512%2C512&ssl=1","contentUrl":"https:\/\/i0.wp.com\/aktialiiga.fi\/miehet\/wp-content\/uploads\/sites\/5\/2024\/09\/Aktialiiga-Yoast-512.png?fit=512%2C512&ssl=1","width":512,"height":512,"caption":"K\u00e4sipallon miesten Aktialiiga"},"image":{"@id":"https:\/\/aktialiiga.fi\/miehet\/#\/schema\/logo\/image\/"},"sameAs":["https:\/\/www.facebook.com\/finnhandball","https:\/\/x.com\/finnhandball","https:\/\/www.instagram.com\/handballfinland\/"]},{"@type":"Person","@id":"https:\/\/aktialiiga.fi\/miehet\/#\/schema\/person\/c14bf42f47041db74603c45afcb18d87","name":"tbrmedia","image":{"@type":"ImageObject","inLanguage":"fi","@id":"https:\/\/secure.gravatar.com\/avatar\/ee975fa091fe581d12b60debb3439022686618368a7c142044c56724d4666b16?s=96&d=mm&r=g","url":"https:\/\/secure.gravatar.com\/avatar\/ee975fa091fe581d12b60debb3439022686618368a7c142044c56724d4666b16?s=96&d=mm&r=g","contentUrl":"https:\/\/secure.gravatar.com\/avatar\/ee975fa091fe581d12b60debb3439022686618368a7c142044c56724d4666b16?s=96&d=mm&r=g","caption":"tbrmedia"}}]}},"jetpack_featured_media_url":"https:\/\/i0.wp.com\/aktialiiga.fi\/miehet\/wp-content\/uploads\/sites\/5\/2016\/12\/Forss_Fredrik_GrIFK_1617.jpg?fit=711%2C320&ssl=1","jetpack_sharing_enabled":true,"jetpack_shortlink":"https:\/\/wp.me\/pfTxOr-4bX","_links":{"self":[{"href":"https:\/\/aktialiiga.fi\/miehet\/wp-json\/wp\/v2\/posts\/16117","targetHints":{"allow":["GET"]}}],"collection":[{"href":"https:\/\/aktialiiga.fi\/miehet\/wp-json\/wp\/v2\/posts"}],"about":[{"href":"https:\/\/aktialiiga.fi\/miehet\/wp-json\/wp\/v2\/types\/post"}],"author":[{"embeddable":true,"href":"https:\/\/aktialiiga.fi\/miehet\/wp-json\/wp\/v2\/users\/13"}],"replies":[{"embeddable":true,"href":"https:\/\/aktialiiga.fi\/miehet\/wp-json\/wp\/v2\/comments?post=16117"}],"version-history":[{"count":0,"href":"https:\/\/aktialiiga.fi\/miehet\/wp-json\/wp\/v2\/posts\/16117\/revisions"}],"wp:featuredmedia":[{"embeddable":true,"href":"https:\/\/aktialiiga.fi\/miehet\/wp-json\/wp\/v2\/media\/15644"}],"wp:attachment":[{"href":"https:\/\/aktialiiga.fi\/miehet\/wp-json\/wp\/v2\/media?parent=16117"}],"wp:term":[{"taxonomy":"category","embeddable":true,"href":"https:\/\/aktialiiga.fi\/miehet\/wp-json\/wp\/v2\/categories?post=16117"},{"taxonomy":"post_tag","embeddable":true,"href":"https:\/\/aktialiiga.fi\/miehet\/wp-json\/wp\/v2\/tags?post=16117"}],"curies":[{"name":"wp","href":"https:\/\/api.w.org\/{rel}","templated":true}]}}