{"id":16429,"date":"2017-04-01T23:23:27","date_gmt":"2017-04-01T20:23:27","guid":{"rendered":"https:\/\/aktialiiga.fi\/miehet\/?p=16429"},"modified":"2018-04-20T12:45:46","modified_gmt":"2018-04-20T09:45:46","slug":"dicken-ja-sif-kolmannessa-puolivalierassa-sunnuntaina","status":"publish","type":"post","link":"https:\/\/aktialiiga.fi\/miehet\/2016-2017\/ennakot-2016-17\/dicken-ja-sif-kolmannessa-puolivalierassa-sunnuntaina\/","title":{"rendered":"Dicken ja SIF kolmannessa puoliv\u00e4lier\u00e4ss\u00e4 sunnuntaina"},"content":{"rendered":"<p>V\u00e4lier\u00e4paikoista kauden 2016-17 SM-liigassa taistellaan tosissaan ja my\u00f6s Dickenin ja SIF:n puoliv\u00e4lier\u00e4sarja jatkuu tiukkana.<\/p>\n<p>SIF voitti sarjan toisen ottelun keskiviikkona Folksam Arenalla ja n\u00e4in ollen sarja tasoittui 1-1 tilanteeseen. Ottelu oli taas kerran pitk\u00e4\u00e4n tasainen, mutta pitk\u00e4 maaliton jakso toisella jaksolla koitui lauttasaarelaisten kohtaloksi, ja is\u00e4nn\u00e4t veiv\u00e4t voiton lukemin 24-20 eritt\u00e4in railakkaasti kannustaneen kotiyleis\u00f6n edess\u00e4.<\/p>\n<p>&#8211; Meid\u00e4n pit\u00e4isi oikeastaan johtaa t\u00e4t\u00e4 ottelusarjaa 2-0, sill\u00e4 edelleen minusta meilt\u00e4 vietiin voitto ensimm\u00e4isess\u00e4 ottelussa. Meid\u00e4n olisi pit\u00e4nyt voittaa my\u00f6s se, mutta nyt t\u00e4ytyy katsoa seuraavaan vierasotteluun, SIF-piiskuri Kaj Hagman sanoi V\u00e4stra Nylandille.<\/p>\n<p>Sunnuntain koitos on molemmille joukkueille ehk\u00e4p\u00e4 kauden t\u00e4rkein peli. Voitolla kumpi tahansa joukkue ansaitsee ensimm\u00e4isen ottelupallon ensi keskiviikon peliin, joten panokset ovat valtavat.<\/p>\n<p>&#8211; T\u00e4m\u00e4 on tiukka sarja. Ensimm\u00e4inen ottelu oli tasainen ja tasaista oli nytkin, Dicken-luotsi Bj\u00f6rn Monnberg totesi.<\/p>\n<p>Dickenin on keskitytt\u00e4v\u00e4 ennen kaikkea hy\u00f6kk\u00e4yspeliin, 20 tehty\u00e4 maalia n\u00e4iss\u00e4 karkeloissa ei riit\u00e4 voittoon. Puolustus oli ajoittain hyv\u00e4ll\u00e4 mallilla, mutta siin\u00e4kin riitt\u00e4\u00e4 viilaamista, SIF pelaa melko kapealla ringill\u00e4, joten avainpelaajilta on pakko saada tila pois.<\/p>\n<p>Ottelu alkaa Pirkkolan palloiluhallissa sunnuntaina kello 14.15,<\/p>\n<p><em>K\u00e4sipallon miesten SM-liigan ottelut kattavasti my\u00f6s Veikkauksen urheilupelien tarjonnassa, k\u00e4sipallon kohteet l\u00f6yd\u00e4t <\/em><a href=\"https:\/\/www.veikkaus.fi\/fi\/urheilu?hae=kasipallo\" target=\"_blank\"><strong><em>t\u00e4\u00e4lt\u00e4<\/em><\/strong><\/a><\/p>\n","protected":false},"excerpt":{"rendered":"<p>V\u00e4lier\u00e4paikoista kauden 2016-17 SM-liigassa taistellaan tosissaan ja my\u00f6s Dickenin ja SIF:n puoliv\u00e4lier\u00e4sarja jatkuu tiukkana. SIF voitti sarjan toisen ottelun keskiviikkona Folksam Arenalla ja n\u00e4in ollen sarja tasoittui 1-1 tilanteeseen. Ottelu oli taas kerran pitk\u00e4\u00e4n tasainen, mutta pitk\u00e4 maaliton jakso toisella jaksolla koitui lauttasaarelaisten kohtaloksi, ja is\u00e4nn\u00e4t veiv\u00e4t voiton lukemin 24-20 eritt\u00e4in railakkaasti kannustaneen kotiyleis\u00f6n edess\u00e4. [&hellip;]<\/p>\n","protected":false},"author":13,"featured_media":16010,"comment_status":"closed","ping_status":"open","sticky":false,"template":"","format":"standard","meta":{"_acf_changed":false,"jetpack_post_was_ever_published":false,"_jetpack_newsletter_access":"","_jetpack_dont_email_post_to_subs":false,"_jetpack_newsletter_tier_id":0,"_jetpack_memberships_contains_paywalled_content":false,"_jetpack_memberships_contains_paid_content":false,"footnotes":""},"categories":[174],"tags":[58,111],"class_list":["post-16429","post","type-post","status-publish","format-standard","has-post-thumbnail","hentry","category-ennakot-2016-17","tag-dicken","tag-sif"],"acf":[],"yoast_head":"<!-- This site is optimized with the Yoast SEO plugin v27.5 - https:\/\/yoast.com\/product\/yoast-seo-wordpress\/ -->\n<title>Dicken ja SIF kolmannessa puoliv\u00e4lier\u00e4ss\u00e4 sunnuntaina | K\u00e4sipallon miesten Aktialiiga<\/title>\n<meta name=\"robots\" content=\"index, follow, max-snippet:-1, max-image-preview:large, max-video-preview:-1\" \/>\n<link rel=\"canonical\" href=\"https:\/\/aktialiiga.fi\/miehet\/2016-2017\/ennakot-2016-17\/dicken-ja-sif-kolmannessa-puolivalierassa-sunnuntaina\/\" \/>\n<meta property=\"og:locale\" content=\"fi_FI\" \/>\n<meta property=\"og:type\" content=\"article\" \/>\n<meta property=\"og:title\" content=\"Dicken ja SIF kolmannessa puoliv\u00e4lier\u00e4ss\u00e4 sunnuntaina | K\u00e4sipallon miesten Aktialiiga\" \/>\n<meta property=\"og:description\" content=\"V\u00e4lier\u00e4paikoista kauden 2016-17 SM-liigassa taistellaan tosissaan ja my\u00f6s Dickenin ja SIF:n puoliv\u00e4lier\u00e4sarja jatkuu tiukkana. SIF voitti sarjan toisen ottelun keskiviikkona Folksam Arenalla ja n\u00e4in ollen sarja tasoittui 1-1 tilanteeseen. Ottelu oli taas kerran pitk\u00e4\u00e4n tasainen, mutta pitk\u00e4 maaliton jakso toisella jaksolla koitui lauttasaarelaisten kohtaloksi, ja is\u00e4nn\u00e4t veiv\u00e4t voiton lukemin 24-20 eritt\u00e4in railakkaasti kannustaneen kotiyleis\u00f6n edess\u00e4. [&hellip;]\" \/>\n<meta property=\"og:url\" content=\"https:\/\/aktialiiga.fi\/miehet\/2016-2017\/ennakot-2016-17\/dicken-ja-sif-kolmannessa-puolivalierassa-sunnuntaina\/\" \/>\n<meta property=\"og:site_name\" content=\"K\u00e4sipallon miesten Aktialiiga\" \/>\n<meta property=\"article:publisher\" content=\"https:\/\/www.facebook.com\/finnhandball\" \/>\n<meta property=\"article:published_time\" content=\"2017-04-01T20:23:27+00:00\" \/>\n<meta property=\"article:modified_time\" content=\"2018-04-20T09:45:46+00:00\" \/>\n<meta property=\"og:image\" content=\"https:\/\/i0.wp.com\/aktialiiga.fi\/miehet\/wp-content\/uploads\/sites\/5\/2017\/02\/Broman_Benny_Dicken_1617.jpg?fit=711%2C320&ssl=1\" \/>\n\t<meta property=\"og:image:width\" content=\"711\" \/>\n\t<meta property=\"og:image:height\" content=\"320\" \/>\n\t<meta property=\"og:image:type\" content=\"image\/jpeg\" \/>\n<meta name=\"author\" content=\"tbrmedia\" \/>\n<meta name=\"twitter:card\" content=\"summary_large_image\" \/>\n<meta name=\"twitter:creator\" content=\"@finnhandball\" \/>\n<meta name=\"twitter:site\" content=\"@finnhandball\" \/>\n<script type=\"application\/ld+json\" class=\"yoast-schema-graph\">{\"@context\":\"https:\\\/\\\/schema.org\",\"@graph\":[{\"@type\":\"Article\",\"@id\":\"https:\\\/\\\/aktialiiga.fi\\\/miehet\\\/2016-2017\\\/ennakot-2016-17\\\/dicken-ja-sif-kolmannessa-puolivalierassa-sunnuntaina\\\/#article\",\"isPartOf\":{\"@id\":\"https:\\\/\\\/aktialiiga.fi\\\/miehet\\\/2016-2017\\\/ennakot-2016-17\\\/dicken-ja-sif-kolmannessa-puolivalierassa-sunnuntaina\\\/\"},\"author\":{\"name\":\"tbrmedia\",\"@id\":\"https:\\\/\\\/aktialiiga.fi\\\/miehet\\\/#\\\/schema\\\/person\\\/c14bf42f47041db74603c45afcb18d87\"},\"headline\":\"Dicken ja SIF kolmannessa puoliv\u00e4lier\u00e4ss\u00e4 sunnuntaina\",\"datePublished\":\"2017-04-01T20:23:27+00:00\",\"dateModified\":\"2018-04-20T09:45:46+00:00\",\"mainEntityOfPage\":{\"@id\":\"https:\\\/\\\/aktialiiga.fi\\\/miehet\\\/2016-2017\\\/ennakot-2016-17\\\/dicken-ja-sif-kolmannessa-puolivalierassa-sunnuntaina\\\/\"},\"wordCount\":230,\"publisher\":{\"@id\":\"https:\\\/\\\/aktialiiga.fi\\\/miehet\\\/#organization\"},\"image\":{\"@id\":\"https:\\\/\\\/aktialiiga.fi\\\/miehet\\\/2016-2017\\\/ennakot-2016-17\\\/dicken-ja-sif-kolmannessa-puolivalierassa-sunnuntaina\\\/#primaryimage\"},\"thumbnailUrl\":\"https:\\\/\\\/i0.wp.com\\\/aktialiiga.fi\\\/miehet\\\/wp-content\\\/uploads\\\/sites\\\/5\\\/2017\\\/02\\\/Broman_Benny_Dicken_1617.jpg?fit=711%2C320&ssl=1\",\"keywords\":[\"Dicken\",\"SIF\"],\"articleSection\":[\"Ennakot\"],\"inLanguage\":\"fi\"},{\"@type\":\"WebPage\",\"@id\":\"https:\\\/\\\/aktialiiga.fi\\\/miehet\\\/2016-2017\\\/ennakot-2016-17\\\/dicken-ja-sif-kolmannessa-puolivalierassa-sunnuntaina\\\/\",\"url\":\"https:\\\/\\\/aktialiiga.fi\\\/miehet\\\/2016-2017\\\/ennakot-2016-17\\\/dicken-ja-sif-kolmannessa-puolivalierassa-sunnuntaina\\\/\",\"name\":\"Dicken ja SIF kolmannessa puoliv\u00e4lier\u00e4ss\u00e4 sunnuntaina | K\u00e4sipallon miesten Aktialiiga\",\"isPartOf\":{\"@id\":\"https:\\\/\\\/aktialiiga.fi\\\/miehet\\\/#website\"},\"primaryImageOfPage\":{\"@id\":\"https:\\\/\\\/aktialiiga.fi\\\/miehet\\\/2016-2017\\\/ennakot-2016-17\\\/dicken-ja-sif-kolmannessa-puolivalierassa-sunnuntaina\\\/#primaryimage\"},\"image\":{\"@id\":\"https:\\\/\\\/aktialiiga.fi\\\/miehet\\\/2016-2017\\\/ennakot-2016-17\\\/dicken-ja-sif-kolmannessa-puolivalierassa-sunnuntaina\\\/#primaryimage\"},\"thumbnailUrl\":\"https:\\\/\\\/i0.wp.com\\\/aktialiiga.fi\\\/miehet\\\/wp-content\\\/uploads\\\/sites\\\/5\\\/2017\\\/02\\\/Broman_Benny_Dicken_1617.jpg?fit=711%2C320&ssl=1\",\"datePublished\":\"2017-04-01T20:23:27+00:00\",\"dateModified\":\"2018-04-20T09:45:46+00:00\",\"breadcrumb\":{\"@id\":\"https:\\\/\\\/aktialiiga.fi\\\/miehet\\\/2016-2017\\\/ennakot-2016-17\\\/dicken-ja-sif-kolmannessa-puolivalierassa-sunnuntaina\\\/#breadcrumb\"},\"inLanguage\":\"fi\",\"potentialAction\":[{\"@type\":\"ReadAction\",\"target\":[\"https:\\\/\\\/aktialiiga.fi\\\/miehet\\\/2016-2017\\\/ennakot-2016-17\\\/dicken-ja-sif-kolmannessa-puolivalierassa-sunnuntaina\\\/\"]}]},{\"@type\":\"ImageObject\",\"inLanguage\":\"fi\",\"@id\":\"https:\\\/\\\/aktialiiga.fi\\\/miehet\\\/2016-2017\\\/ennakot-2016-17\\\/dicken-ja-sif-kolmannessa-puolivalierassa-sunnuntaina\\\/#primaryimage\",\"url\":\"https:\\\/\\\/i0.wp.com\\\/aktialiiga.fi\\\/miehet\\\/wp-content\\\/uploads\\\/sites\\\/5\\\/2017\\\/02\\\/Broman_Benny_Dicken_1617.jpg?fit=711%2C320&ssl=1\",\"contentUrl\":\"https:\\\/\\\/i0.wp.com\\\/aktialiiga.fi\\\/miehet\\\/wp-content\\\/uploads\\\/sites\\\/5\\\/2017\\\/02\\\/Broman_Benny_Dicken_1617.jpg?fit=711%2C320&ssl=1\",\"width\":711,\"height\":320},{\"@type\":\"BreadcrumbList\",\"@id\":\"https:\\\/\\\/aktialiiga.fi\\\/miehet\\\/2016-2017\\\/ennakot-2016-17\\\/dicken-ja-sif-kolmannessa-puolivalierassa-sunnuntaina\\\/#breadcrumb\",\"itemListElement\":[{\"@type\":\"ListItem\",\"position\":1,\"name\":\"Etusivu\",\"item\":\"https:\\\/\\\/aktialiiga.fi\\\/miehet\\\/\"},{\"@type\":\"ListItem\",\"position\":2,\"name\":\"Dicken ja SIF kolmannessa puoliv\u00e4lier\u00e4ss\u00e4 sunnuntaina\"}]},{\"@type\":\"WebSite\",\"@id\":\"https:\\\/\\\/aktialiiga.fi\\\/miehet\\\/#website\",\"url\":\"https:\\\/\\\/aktialiiga.fi\\\/miehet\\\/\",\"name\":\"K\u00e4sipallon miesten Aktialiiga\",\"description\":\"Valtakunnan vauhdikkainta palloilua!\",\"publisher\":{\"@id\":\"https:\\\/\\\/aktialiiga.fi\\\/miehet\\\/#organization\"},\"potentialAction\":[{\"@type\":\"SearchAction\",\"target\":{\"@type\":\"EntryPoint\",\"urlTemplate\":\"https:\\\/\\\/aktialiiga.fi\\\/miehet\\\/?s={search_term_string}\"},\"query-input\":{\"@type\":\"PropertyValueSpecification\",\"valueRequired\":true,\"valueName\":\"search_term_string\"}}],\"inLanguage\":\"fi\"},{\"@type\":\"Organization\",\"@id\":\"https:\\\/\\\/aktialiiga.fi\\\/miehet\\\/#organization\",\"name\":\"K\u00e4sipallon miesten Aktialiiga\",\"url\":\"https:\\\/\\\/aktialiiga.fi\\\/miehet\\\/\",\"logo\":{\"@type\":\"ImageObject\",\"inLanguage\":\"fi\",\"@id\":\"https:\\\/\\\/aktialiiga.fi\\\/miehet\\\/#\\\/schema\\\/logo\\\/image\\\/\",\"url\":\"https:\\\/\\\/i0.wp.com\\\/aktialiiga.fi\\\/miehet\\\/wp-content\\\/uploads\\\/sites\\\/5\\\/2024\\\/09\\\/Aktialiiga-Yoast-512.png?fit=512%2C512&ssl=1\",\"contentUrl\":\"https:\\\/\\\/i0.wp.com\\\/aktialiiga.fi\\\/miehet\\\/wp-content\\\/uploads\\\/sites\\\/5\\\/2024\\\/09\\\/Aktialiiga-Yoast-512.png?fit=512%2C512&ssl=1\",\"width\":512,\"height\":512,\"caption\":\"K\u00e4sipallon miesten Aktialiiga\"},\"image\":{\"@id\":\"https:\\\/\\\/aktialiiga.fi\\\/miehet\\\/#\\\/schema\\\/logo\\\/image\\\/\"},\"sameAs\":[\"https:\\\/\\\/www.facebook.com\\\/finnhandball\",\"https:\\\/\\\/x.com\\\/finnhandball\",\"https:\\\/\\\/www.instagram.com\\\/handballfinland\\\/\"]},{\"@type\":\"Person\",\"@id\":\"https:\\\/\\\/aktialiiga.fi\\\/miehet\\\/#\\\/schema\\\/person\\\/c14bf42f47041db74603c45afcb18d87\",\"name\":\"tbrmedia\",\"image\":{\"@type\":\"ImageObject\",\"inLanguage\":\"fi\",\"@id\":\"https:\\\/\\\/secure.gravatar.com\\\/avatar\\\/ee975fa091fe581d12b60debb3439022686618368a7c142044c56724d4666b16?s=96&d=mm&r=g\",\"url\":\"https:\\\/\\\/secure.gravatar.com\\\/avatar\\\/ee975fa091fe581d12b60debb3439022686618368a7c142044c56724d4666b16?s=96&d=mm&r=g\",\"contentUrl\":\"https:\\\/\\\/secure.gravatar.com\\\/avatar\\\/ee975fa091fe581d12b60debb3439022686618368a7c142044c56724d4666b16?s=96&d=mm&r=g\",\"caption\":\"tbrmedia\"}}]}<\/script>\n<!-- \/ Yoast SEO plugin. -->","yoast_head_json":{"title":"Dicken ja SIF kolmannessa puoliv\u00e4lier\u00e4ss\u00e4 sunnuntaina | K\u00e4sipallon miesten Aktialiiga","robots":{"index":"index","follow":"follow","max-snippet":"max-snippet:-1","max-image-preview":"max-image-preview:large","max-video-preview":"max-video-preview:-1"},"canonical":"https:\/\/aktialiiga.fi\/miehet\/2016-2017\/ennakot-2016-17\/dicken-ja-sif-kolmannessa-puolivalierassa-sunnuntaina\/","og_locale":"fi_FI","og_type":"article","og_title":"Dicken ja SIF kolmannessa puoliv\u00e4lier\u00e4ss\u00e4 sunnuntaina | K\u00e4sipallon miesten Aktialiiga","og_description":"V\u00e4lier\u00e4paikoista kauden 2016-17 SM-liigassa taistellaan tosissaan ja my\u00f6s Dickenin ja SIF:n puoliv\u00e4lier\u00e4sarja jatkuu tiukkana. SIF voitti sarjan toisen ottelun keskiviikkona Folksam Arenalla ja n\u00e4in ollen sarja tasoittui 1-1 tilanteeseen. Ottelu oli taas kerran pitk\u00e4\u00e4n tasainen, mutta pitk\u00e4 maaliton jakso toisella jaksolla koitui lauttasaarelaisten kohtaloksi, ja is\u00e4nn\u00e4t veiv\u00e4t voiton lukemin 24-20 eritt\u00e4in railakkaasti kannustaneen kotiyleis\u00f6n edess\u00e4. [&hellip;]","og_url":"https:\/\/aktialiiga.fi\/miehet\/2016-2017\/ennakot-2016-17\/dicken-ja-sif-kolmannessa-puolivalierassa-sunnuntaina\/","og_site_name":"K\u00e4sipallon miesten Aktialiiga","article_publisher":"https:\/\/www.facebook.com\/finnhandball","article_published_time":"2017-04-01T20:23:27+00:00","article_modified_time":"2018-04-20T09:45:46+00:00","og_image":[{"width":711,"height":320,"url":"https:\/\/i0.wp.com\/aktialiiga.fi\/miehet\/wp-content\/uploads\/sites\/5\/2017\/02\/Broman_Benny_Dicken_1617.jpg?fit=711%2C320&ssl=1","type":"image\/jpeg"}],"author":"tbrmedia","twitter_card":"summary_large_image","twitter_creator":"@finnhandball","twitter_site":"@finnhandball","schema":{"@context":"https:\/\/schema.org","@graph":[{"@type":"Article","@id":"https:\/\/aktialiiga.fi\/miehet\/2016-2017\/ennakot-2016-17\/dicken-ja-sif-kolmannessa-puolivalierassa-sunnuntaina\/#article","isPartOf":{"@id":"https:\/\/aktialiiga.fi\/miehet\/2016-2017\/ennakot-2016-17\/dicken-ja-sif-kolmannessa-puolivalierassa-sunnuntaina\/"},"author":{"name":"tbrmedia","@id":"https:\/\/aktialiiga.fi\/miehet\/#\/schema\/person\/c14bf42f47041db74603c45afcb18d87"},"headline":"Dicken ja SIF kolmannessa puoliv\u00e4lier\u00e4ss\u00e4 sunnuntaina","datePublished":"2017-04-01T20:23:27+00:00","dateModified":"2018-04-20T09:45:46+00:00","mainEntityOfPage":{"@id":"https:\/\/aktialiiga.fi\/miehet\/2016-2017\/ennakot-2016-17\/dicken-ja-sif-kolmannessa-puolivalierassa-sunnuntaina\/"},"wordCount":230,"publisher":{"@id":"https:\/\/aktialiiga.fi\/miehet\/#organization"},"image":{"@id":"https:\/\/aktialiiga.fi\/miehet\/2016-2017\/ennakot-2016-17\/dicken-ja-sif-kolmannessa-puolivalierassa-sunnuntaina\/#primaryimage"},"thumbnailUrl":"https:\/\/i0.wp.com\/aktialiiga.fi\/miehet\/wp-content\/uploads\/sites\/5\/2017\/02\/Broman_Benny_Dicken_1617.jpg?fit=711%2C320&ssl=1","keywords":["Dicken","SIF"],"articleSection":["Ennakot"],"inLanguage":"fi"},{"@type":"WebPage","@id":"https:\/\/aktialiiga.fi\/miehet\/2016-2017\/ennakot-2016-17\/dicken-ja-sif-kolmannessa-puolivalierassa-sunnuntaina\/","url":"https:\/\/aktialiiga.fi\/miehet\/2016-2017\/ennakot-2016-17\/dicken-ja-sif-kolmannessa-puolivalierassa-sunnuntaina\/","name":"Dicken ja SIF kolmannessa puoliv\u00e4lier\u00e4ss\u00e4 sunnuntaina | K\u00e4sipallon miesten Aktialiiga","isPartOf":{"@id":"https:\/\/aktialiiga.fi\/miehet\/#website"},"primaryImageOfPage":{"@id":"https:\/\/aktialiiga.fi\/miehet\/2016-2017\/ennakot-2016-17\/dicken-ja-sif-kolmannessa-puolivalierassa-sunnuntaina\/#primaryimage"},"image":{"@id":"https:\/\/aktialiiga.fi\/miehet\/2016-2017\/ennakot-2016-17\/dicken-ja-sif-kolmannessa-puolivalierassa-sunnuntaina\/#primaryimage"},"thumbnailUrl":"https:\/\/i0.wp.com\/aktialiiga.fi\/miehet\/wp-content\/uploads\/sites\/5\/2017\/02\/Broman_Benny_Dicken_1617.jpg?fit=711%2C320&ssl=1","datePublished":"2017-04-01T20:23:27+00:00","dateModified":"2018-04-20T09:45:46+00:00","breadcrumb":{"@id":"https:\/\/aktialiiga.fi\/miehet\/2016-2017\/ennakot-2016-17\/dicken-ja-sif-kolmannessa-puolivalierassa-sunnuntaina\/#breadcrumb"},"inLanguage":"fi","potentialAction":[{"@type":"ReadAction","target":["https:\/\/aktialiiga.fi\/miehet\/2016-2017\/ennakot-2016-17\/dicken-ja-sif-kolmannessa-puolivalierassa-sunnuntaina\/"]}]},{"@type":"ImageObject","inLanguage":"fi","@id":"https:\/\/aktialiiga.fi\/miehet\/2016-2017\/ennakot-2016-17\/dicken-ja-sif-kolmannessa-puolivalierassa-sunnuntaina\/#primaryimage","url":"https:\/\/i0.wp.com\/aktialiiga.fi\/miehet\/wp-content\/uploads\/sites\/5\/2017\/02\/Broman_Benny_Dicken_1617.jpg?fit=711%2C320&ssl=1","contentUrl":"https:\/\/i0.wp.com\/aktialiiga.fi\/miehet\/wp-content\/uploads\/sites\/5\/2017\/02\/Broman_Benny_Dicken_1617.jpg?fit=711%2C320&ssl=1","width":711,"height":320},{"@type":"BreadcrumbList","@id":"https:\/\/aktialiiga.fi\/miehet\/2016-2017\/ennakot-2016-17\/dicken-ja-sif-kolmannessa-puolivalierassa-sunnuntaina\/#breadcrumb","itemListElement":[{"@type":"ListItem","position":1,"name":"Etusivu","item":"https:\/\/aktialiiga.fi\/miehet\/"},{"@type":"ListItem","position":2,"name":"Dicken ja SIF kolmannessa puoliv\u00e4lier\u00e4ss\u00e4 sunnuntaina"}]},{"@type":"WebSite","@id":"https:\/\/aktialiiga.fi\/miehet\/#website","url":"https:\/\/aktialiiga.fi\/miehet\/","name":"K\u00e4sipallon miesten Aktialiiga","description":"Valtakunnan vauhdikkainta palloilua!","publisher":{"@id":"https:\/\/aktialiiga.fi\/miehet\/#organization"},"potentialAction":[{"@type":"SearchAction","target":{"@type":"EntryPoint","urlTemplate":"https:\/\/aktialiiga.fi\/miehet\/?s={search_term_string}"},"query-input":{"@type":"PropertyValueSpecification","valueRequired":true,"valueName":"search_term_string"}}],"inLanguage":"fi"},{"@type":"Organization","@id":"https:\/\/aktialiiga.fi\/miehet\/#organization","name":"K\u00e4sipallon miesten Aktialiiga","url":"https:\/\/aktialiiga.fi\/miehet\/","logo":{"@type":"ImageObject","inLanguage":"fi","@id":"https:\/\/aktialiiga.fi\/miehet\/#\/schema\/logo\/image\/","url":"https:\/\/i0.wp.com\/aktialiiga.fi\/miehet\/wp-content\/uploads\/sites\/5\/2024\/09\/Aktialiiga-Yoast-512.png?fit=512%2C512&ssl=1","contentUrl":"https:\/\/i0.wp.com\/aktialiiga.fi\/miehet\/wp-content\/uploads\/sites\/5\/2024\/09\/Aktialiiga-Yoast-512.png?fit=512%2C512&ssl=1","width":512,"height":512,"caption":"K\u00e4sipallon miesten Aktialiiga"},"image":{"@id":"https:\/\/aktialiiga.fi\/miehet\/#\/schema\/logo\/image\/"},"sameAs":["https:\/\/www.facebook.com\/finnhandball","https:\/\/x.com\/finnhandball","https:\/\/www.instagram.com\/handballfinland\/"]},{"@type":"Person","@id":"https:\/\/aktialiiga.fi\/miehet\/#\/schema\/person\/c14bf42f47041db74603c45afcb18d87","name":"tbrmedia","image":{"@type":"ImageObject","inLanguage":"fi","@id":"https:\/\/secure.gravatar.com\/avatar\/ee975fa091fe581d12b60debb3439022686618368a7c142044c56724d4666b16?s=96&d=mm&r=g","url":"https:\/\/secure.gravatar.com\/avatar\/ee975fa091fe581d12b60debb3439022686618368a7c142044c56724d4666b16?s=96&d=mm&r=g","contentUrl":"https:\/\/secure.gravatar.com\/avatar\/ee975fa091fe581d12b60debb3439022686618368a7c142044c56724d4666b16?s=96&d=mm&r=g","caption":"tbrmedia"}}]}},"jetpack_featured_media_url":"https:\/\/i0.wp.com\/aktialiiga.fi\/miehet\/wp-content\/uploads\/sites\/5\/2017\/02\/Broman_Benny_Dicken_1617.jpg?fit=711%2C320&ssl=1","jetpack_sharing_enabled":true,"jetpack_shortlink":"https:\/\/wp.me\/pfTxOr-4gZ","_links":{"self":[{"href":"https:\/\/aktialiiga.fi\/miehet\/wp-json\/wp\/v2\/posts\/16429","targetHints":{"allow":["GET"]}}],"collection":[{"href":"https:\/\/aktialiiga.fi\/miehet\/wp-json\/wp\/v2\/posts"}],"about":[{"href":"https:\/\/aktialiiga.fi\/miehet\/wp-json\/wp\/v2\/types\/post"}],"author":[{"embeddable":true,"href":"https:\/\/aktialiiga.fi\/miehet\/wp-json\/wp\/v2\/users\/13"}],"replies":[{"embeddable":true,"href":"https:\/\/aktialiiga.fi\/miehet\/wp-json\/wp\/v2\/comments?post=16429"}],"version-history":[{"count":0,"href":"https:\/\/aktialiiga.fi\/miehet\/wp-json\/wp\/v2\/posts\/16429\/revisions"}],"wp:featuredmedia":[{"embeddable":true,"href":"https:\/\/aktialiiga.fi\/miehet\/wp-json\/wp\/v2\/media\/16010"}],"wp:attachment":[{"href":"https:\/\/aktialiiga.fi\/miehet\/wp-json\/wp\/v2\/media?parent=16429"}],"wp:term":[{"taxonomy":"category","embeddable":true,"href":"https:\/\/aktialiiga.fi\/miehet\/wp-json\/wp\/v2\/categories?post=16429"},{"taxonomy":"post_tag","embeddable":true,"href":"https:\/\/aktialiiga.fi\/miehet\/wp-json\/wp\/v2\/tags?post=16429"}],"curies":[{"name":"wp","href":"https:\/\/api.w.org\/{rel}","templated":true}]}}