{"id":16441,"date":"2017-04-04T20:55:15","date_gmt":"2017-04-04T17:55:15","guid":{"rendered":"https:\/\/aktialiiga.fi\/miehet\/?p=16441"},"modified":"2018-04-20T12:45:46","modified_gmt":"2018-04-20T09:45:46","slug":"atlas-vantaa-hakee-valierapaikkaa-grifkn-vieraana","status":"publish","type":"post","link":"https:\/\/aktialiiga.fi\/miehet\/2016-2017\/ennakot-2016-17\/atlas-vantaa-hakee-valierapaikkaa-grifkn-vieraana\/","title":{"rendered":"Atlas Vantaa hakee v\u00e4lier\u00e4paikkaa GrIFK:n vieraana"},"content":{"rendered":"<p>Atlas Vantaan ensimm\u00e4inen ottelupallo v\u00e4lier\u00e4paikkaan ei tuonut tulosta ja keskiviikkona joukkue matkaa GrIFK:n vieraaksi edelleen 2-1-johto puoliv\u00e4lier\u00e4sarjassa taskussaan.<\/p>\n<p>T\u00e4h\u00e4nastiset kolme kamppailua ovat olleet hieman eriluonteisia. Avauksessa Atlas pystyi tasapainoiseen esitykseen, kun taas Granille sattui musta hetki ensimm\u00e4isen puoliajan loppupuolella. Voitto lopulta Atlakselle 27-25 Granin loppukirin ansiosta.<\/p>\n<p>Toinen ottelu luolassa oli ailahtelua puolin ja toisin, kun vantaalaiset nousivat 10-17-tappioasemasta voittoon 27-26 \u2013 historiallisesti Kauniaisissa.<\/p>\n<p>Viime kamppailu sujui alussa Atlas Vantaan hallinnassa, mutta toisella puoliajalla peli sekosi, ja numeroin 28-25 Grani p\u00e4\u00e4si kaventamaan kokonaistilanteen 2-1:een.<\/p>\n<p>Keskiviikkona on kyse ennen kaikkea siit\u00e4, kumpi pystyy pit\u00e4m\u00e4\u00e4n peli paremmin koossa ilman repsahduksia. Tiukkatahtisessa puoliv\u00e4lier\u00e4sarjassa vaaditaan niin fyysist\u00e4 kuin ennen kaikkea henkist\u00e4 kest\u00e4vyytt\u00e4.<\/p>\n<p>&#8211; Palautuminen on avainasia. Onhan edess\u00e4 nelj\u00e4s ottelu kymmeness\u00e4 p\u00e4iv\u00e4ss\u00e4, Atlas Vantaan p\u00e4\u00e4valmentaja Johan Nyberg sanoi seuran verkkosivuilla.<\/p>\n<p>Granin peliss\u00e4 oli viime kamppailussa aivan uusia elementtej\u00e4, kun ykk\u00f6spyssy Richard Sundberg palasi kent\u00e4lle. My\u00f6s aikaisempi flunssapotilas Alexander von Numers on taas tolpillaan ja kun takalinjoille lis\u00e4t\u00e4\u00e4n ovela heitt\u00e4j\u00e4 Sten Toomla, Granilla on koossa vahva osasto h\u00f6ystettyn\u00e4 viel\u00e4 Sami Silfverill\u00e4.<\/p>\n<p>Ottelu Kauniaisten Luolassa alkaa keskiviikkona kello 19.00.<\/p>\n<p><em>K\u00e4sipallon miesten SM-liigan ottelut kattavasti my\u00f6s Veikkauksen urheilupelien tarjonnassa, k\u00e4sipallon kohteet l\u00f6yd\u00e4t <\/em><a href=\"https:\/\/www.veikkaus.fi\/fi\/urheilu?hae=kasipallo\" target=\"_blank\"><strong><em>t\u00e4\u00e4lt\u00e4<\/em><\/strong><\/a><\/p>\n","protected":false},"excerpt":{"rendered":"<p>Atlas Vantaan ensimm\u00e4inen ottelupallo v\u00e4lier\u00e4paikkaan ei tuonut tulosta ja keskiviikkona joukkue matkaa GrIFK:n vieraaksi edelleen 2-1-johto puoliv\u00e4lier\u00e4sarjassa taskussaan. T\u00e4h\u00e4nastiset kolme kamppailua ovat olleet hieman eriluonteisia. Avauksessa Atlas pystyi tasapainoiseen esitykseen, kun taas Granille sattui musta hetki ensimm\u00e4isen puoliajan loppupuolella. Voitto lopulta Atlakselle 27-25 Granin loppukirin ansiosta. Toinen ottelu luolassa oli ailahtelua puolin ja toisin, kun [&hellip;]<\/p>\n","protected":false},"author":13,"featured_media":16012,"comment_status":"closed","ping_status":"open","sticky":false,"template":"","format":"standard","meta":{"_acf_changed":false,"jetpack_post_was_ever_published":false,"_jetpack_newsletter_access":"","_jetpack_dont_email_post_to_subs":false,"_jetpack_newsletter_tier_id":0,"_jetpack_memberships_contains_paywalled_content":false,"_jetpack_memberships_contains_paid_content":false,"footnotes":""},"categories":[174],"tags":[54,64],"class_list":["post-16441","post","type-post","status-publish","format-standard","has-post-thumbnail","hentry","category-ennakot-2016-17","tag-atlas-vantaa","tag-grifk"],"acf":[],"yoast_head":"<!-- This site is optimized with the Yoast SEO plugin v27.5 - https:\/\/yoast.com\/product\/yoast-seo-wordpress\/ -->\n<title>Atlas Vantaa hakee v\u00e4lier\u00e4paikkaa GrIFK:n vieraana | K\u00e4sipallon miesten Aktialiiga<\/title>\n<meta name=\"robots\" content=\"index, follow, max-snippet:-1, max-image-preview:large, max-video-preview:-1\" \/>\n<link rel=\"canonical\" href=\"https:\/\/aktialiiga.fi\/miehet\/2016-2017\/ennakot-2016-17\/atlas-vantaa-hakee-valierapaikkaa-grifkn-vieraana\/\" \/>\n<meta property=\"og:locale\" content=\"fi_FI\" \/>\n<meta property=\"og:type\" content=\"article\" \/>\n<meta property=\"og:title\" content=\"Atlas Vantaa hakee v\u00e4lier\u00e4paikkaa GrIFK:n vieraana | K\u00e4sipallon miesten Aktialiiga\" \/>\n<meta property=\"og:description\" content=\"Atlas Vantaan ensimm\u00e4inen ottelupallo v\u00e4lier\u00e4paikkaan ei tuonut tulosta ja keskiviikkona joukkue matkaa GrIFK:n vieraaksi edelleen 2-1-johto puoliv\u00e4lier\u00e4sarjassa taskussaan. T\u00e4h\u00e4nastiset kolme kamppailua ovat olleet hieman eriluonteisia. Avauksessa Atlas pystyi tasapainoiseen esitykseen, kun taas Granille sattui musta hetki ensimm\u00e4isen puoliajan loppupuolella. Voitto lopulta Atlakselle 27-25 Granin loppukirin ansiosta. Toinen ottelu luolassa oli ailahtelua puolin ja toisin, kun [&hellip;]\" \/>\n<meta property=\"og:url\" content=\"https:\/\/aktialiiga.fi\/miehet\/2016-2017\/ennakot-2016-17\/atlas-vantaa-hakee-valierapaikkaa-grifkn-vieraana\/\" \/>\n<meta property=\"og:site_name\" content=\"K\u00e4sipallon miesten Aktialiiga\" \/>\n<meta property=\"article:publisher\" content=\"https:\/\/www.facebook.com\/finnhandball\" \/>\n<meta property=\"article:published_time\" content=\"2017-04-04T17:55:15+00:00\" \/>\n<meta property=\"article:modified_time\" content=\"2018-04-20T09:45:46+00:00\" \/>\n<meta property=\"og:image\" content=\"https:\/\/i0.wp.com\/aktialiiga.fi\/miehet\/wp-content\/uploads\/sites\/5\/2017\/02\/Sundberg_Richard_GrIFK_1617.jpg?fit=711%2C320&ssl=1\" \/>\n\t<meta property=\"og:image:width\" content=\"711\" \/>\n\t<meta property=\"og:image:height\" content=\"320\" \/>\n\t<meta property=\"og:image:type\" content=\"image\/jpeg\" \/>\n<meta name=\"author\" content=\"tbrmedia\" \/>\n<meta name=\"twitter:card\" content=\"summary_large_image\" \/>\n<meta name=\"twitter:creator\" content=\"@finnhandball\" \/>\n<meta name=\"twitter:site\" content=\"@finnhandball\" \/>\n<script type=\"application\/ld+json\" class=\"yoast-schema-graph\">{\"@context\":\"https:\\\/\\\/schema.org\",\"@graph\":[{\"@type\":\"Article\",\"@id\":\"https:\\\/\\\/aktialiiga.fi\\\/miehet\\\/2016-2017\\\/ennakot-2016-17\\\/atlas-vantaa-hakee-valierapaikkaa-grifkn-vieraana\\\/#article\",\"isPartOf\":{\"@id\":\"https:\\\/\\\/aktialiiga.fi\\\/miehet\\\/2016-2017\\\/ennakot-2016-17\\\/atlas-vantaa-hakee-valierapaikkaa-grifkn-vieraana\\\/\"},\"author\":{\"name\":\"tbrmedia\",\"@id\":\"https:\\\/\\\/aktialiiga.fi\\\/miehet\\\/#\\\/schema\\\/person\\\/c14bf42f47041db74603c45afcb18d87\"},\"headline\":\"Atlas Vantaa hakee v\u00e4lier\u00e4paikkaa GrIFK:n vieraana\",\"datePublished\":\"2017-04-04T17:55:15+00:00\",\"dateModified\":\"2018-04-20T09:45:46+00:00\",\"mainEntityOfPage\":{\"@id\":\"https:\\\/\\\/aktialiiga.fi\\\/miehet\\\/2016-2017\\\/ennakot-2016-17\\\/atlas-vantaa-hakee-valierapaikkaa-grifkn-vieraana\\\/\"},\"wordCount\":227,\"publisher\":{\"@id\":\"https:\\\/\\\/aktialiiga.fi\\\/miehet\\\/#organization\"},\"image\":{\"@id\":\"https:\\\/\\\/aktialiiga.fi\\\/miehet\\\/2016-2017\\\/ennakot-2016-17\\\/atlas-vantaa-hakee-valierapaikkaa-grifkn-vieraana\\\/#primaryimage\"},\"thumbnailUrl\":\"https:\\\/\\\/i0.wp.com\\\/aktialiiga.fi\\\/miehet\\\/wp-content\\\/uploads\\\/sites\\\/5\\\/2017\\\/02\\\/Sundberg_Richard_GrIFK_1617.jpg?fit=711%2C320&ssl=1\",\"keywords\":[\"Atlas Vantaa\",\"GrIFK\"],\"articleSection\":[\"Ennakot\"],\"inLanguage\":\"fi\"},{\"@type\":\"WebPage\",\"@id\":\"https:\\\/\\\/aktialiiga.fi\\\/miehet\\\/2016-2017\\\/ennakot-2016-17\\\/atlas-vantaa-hakee-valierapaikkaa-grifkn-vieraana\\\/\",\"url\":\"https:\\\/\\\/aktialiiga.fi\\\/miehet\\\/2016-2017\\\/ennakot-2016-17\\\/atlas-vantaa-hakee-valierapaikkaa-grifkn-vieraana\\\/\",\"name\":\"Atlas Vantaa hakee v\u00e4lier\u00e4paikkaa GrIFK:n vieraana | K\u00e4sipallon miesten Aktialiiga\",\"isPartOf\":{\"@id\":\"https:\\\/\\\/aktialiiga.fi\\\/miehet\\\/#website\"},\"primaryImageOfPage\":{\"@id\":\"https:\\\/\\\/aktialiiga.fi\\\/miehet\\\/2016-2017\\\/ennakot-2016-17\\\/atlas-vantaa-hakee-valierapaikkaa-grifkn-vieraana\\\/#primaryimage\"},\"image\":{\"@id\":\"https:\\\/\\\/aktialiiga.fi\\\/miehet\\\/2016-2017\\\/ennakot-2016-17\\\/atlas-vantaa-hakee-valierapaikkaa-grifkn-vieraana\\\/#primaryimage\"},\"thumbnailUrl\":\"https:\\\/\\\/i0.wp.com\\\/aktialiiga.fi\\\/miehet\\\/wp-content\\\/uploads\\\/sites\\\/5\\\/2017\\\/02\\\/Sundberg_Richard_GrIFK_1617.jpg?fit=711%2C320&ssl=1\",\"datePublished\":\"2017-04-04T17:55:15+00:00\",\"dateModified\":\"2018-04-20T09:45:46+00:00\",\"breadcrumb\":{\"@id\":\"https:\\\/\\\/aktialiiga.fi\\\/miehet\\\/2016-2017\\\/ennakot-2016-17\\\/atlas-vantaa-hakee-valierapaikkaa-grifkn-vieraana\\\/#breadcrumb\"},\"inLanguage\":\"fi\",\"potentialAction\":[{\"@type\":\"ReadAction\",\"target\":[\"https:\\\/\\\/aktialiiga.fi\\\/miehet\\\/2016-2017\\\/ennakot-2016-17\\\/atlas-vantaa-hakee-valierapaikkaa-grifkn-vieraana\\\/\"]}]},{\"@type\":\"ImageObject\",\"inLanguage\":\"fi\",\"@id\":\"https:\\\/\\\/aktialiiga.fi\\\/miehet\\\/2016-2017\\\/ennakot-2016-17\\\/atlas-vantaa-hakee-valierapaikkaa-grifkn-vieraana\\\/#primaryimage\",\"url\":\"https:\\\/\\\/i0.wp.com\\\/aktialiiga.fi\\\/miehet\\\/wp-content\\\/uploads\\\/sites\\\/5\\\/2017\\\/02\\\/Sundberg_Richard_GrIFK_1617.jpg?fit=711%2C320&ssl=1\",\"contentUrl\":\"https:\\\/\\\/i0.wp.com\\\/aktialiiga.fi\\\/miehet\\\/wp-content\\\/uploads\\\/sites\\\/5\\\/2017\\\/02\\\/Sundberg_Richard_GrIFK_1617.jpg?fit=711%2C320&ssl=1\",\"width\":711,\"height\":320},{\"@type\":\"BreadcrumbList\",\"@id\":\"https:\\\/\\\/aktialiiga.fi\\\/miehet\\\/2016-2017\\\/ennakot-2016-17\\\/atlas-vantaa-hakee-valierapaikkaa-grifkn-vieraana\\\/#breadcrumb\",\"itemListElement\":[{\"@type\":\"ListItem\",\"position\":1,\"name\":\"Etusivu\",\"item\":\"https:\\\/\\\/aktialiiga.fi\\\/miehet\\\/\"},{\"@type\":\"ListItem\",\"position\":2,\"name\":\"Atlas Vantaa hakee v\u00e4lier\u00e4paikkaa GrIFK:n vieraana\"}]},{\"@type\":\"WebSite\",\"@id\":\"https:\\\/\\\/aktialiiga.fi\\\/miehet\\\/#website\",\"url\":\"https:\\\/\\\/aktialiiga.fi\\\/miehet\\\/\",\"name\":\"K\u00e4sipallon miesten Aktialiiga\",\"description\":\"Valtakunnan vauhdikkainta palloilua!\",\"publisher\":{\"@id\":\"https:\\\/\\\/aktialiiga.fi\\\/miehet\\\/#organization\"},\"potentialAction\":[{\"@type\":\"SearchAction\",\"target\":{\"@type\":\"EntryPoint\",\"urlTemplate\":\"https:\\\/\\\/aktialiiga.fi\\\/miehet\\\/?s={search_term_string}\"},\"query-input\":{\"@type\":\"PropertyValueSpecification\",\"valueRequired\":true,\"valueName\":\"search_term_string\"}}],\"inLanguage\":\"fi\"},{\"@type\":\"Organization\",\"@id\":\"https:\\\/\\\/aktialiiga.fi\\\/miehet\\\/#organization\",\"name\":\"K\u00e4sipallon miesten Aktialiiga\",\"url\":\"https:\\\/\\\/aktialiiga.fi\\\/miehet\\\/\",\"logo\":{\"@type\":\"ImageObject\",\"inLanguage\":\"fi\",\"@id\":\"https:\\\/\\\/aktialiiga.fi\\\/miehet\\\/#\\\/schema\\\/logo\\\/image\\\/\",\"url\":\"https:\\\/\\\/i0.wp.com\\\/aktialiiga.fi\\\/miehet\\\/wp-content\\\/uploads\\\/sites\\\/5\\\/2024\\\/09\\\/Aktialiiga-Yoast-512.png?fit=512%2C512&ssl=1\",\"contentUrl\":\"https:\\\/\\\/i0.wp.com\\\/aktialiiga.fi\\\/miehet\\\/wp-content\\\/uploads\\\/sites\\\/5\\\/2024\\\/09\\\/Aktialiiga-Yoast-512.png?fit=512%2C512&ssl=1\",\"width\":512,\"height\":512,\"caption\":\"K\u00e4sipallon miesten Aktialiiga\"},\"image\":{\"@id\":\"https:\\\/\\\/aktialiiga.fi\\\/miehet\\\/#\\\/schema\\\/logo\\\/image\\\/\"},\"sameAs\":[\"https:\\\/\\\/www.facebook.com\\\/finnhandball\",\"https:\\\/\\\/x.com\\\/finnhandball\",\"https:\\\/\\\/www.instagram.com\\\/handballfinland\\\/\"]},{\"@type\":\"Person\",\"@id\":\"https:\\\/\\\/aktialiiga.fi\\\/miehet\\\/#\\\/schema\\\/person\\\/c14bf42f47041db74603c45afcb18d87\",\"name\":\"tbrmedia\",\"image\":{\"@type\":\"ImageObject\",\"inLanguage\":\"fi\",\"@id\":\"https:\\\/\\\/secure.gravatar.com\\\/avatar\\\/ee975fa091fe581d12b60debb3439022686618368a7c142044c56724d4666b16?s=96&d=mm&r=g\",\"url\":\"https:\\\/\\\/secure.gravatar.com\\\/avatar\\\/ee975fa091fe581d12b60debb3439022686618368a7c142044c56724d4666b16?s=96&d=mm&r=g\",\"contentUrl\":\"https:\\\/\\\/secure.gravatar.com\\\/avatar\\\/ee975fa091fe581d12b60debb3439022686618368a7c142044c56724d4666b16?s=96&d=mm&r=g\",\"caption\":\"tbrmedia\"}}]}<\/script>\n<!-- \/ Yoast SEO plugin. -->","yoast_head_json":{"title":"Atlas Vantaa hakee v\u00e4lier\u00e4paikkaa GrIFK:n vieraana | K\u00e4sipallon miesten Aktialiiga","robots":{"index":"index","follow":"follow","max-snippet":"max-snippet:-1","max-image-preview":"max-image-preview:large","max-video-preview":"max-video-preview:-1"},"canonical":"https:\/\/aktialiiga.fi\/miehet\/2016-2017\/ennakot-2016-17\/atlas-vantaa-hakee-valierapaikkaa-grifkn-vieraana\/","og_locale":"fi_FI","og_type":"article","og_title":"Atlas Vantaa hakee v\u00e4lier\u00e4paikkaa GrIFK:n vieraana | K\u00e4sipallon miesten Aktialiiga","og_description":"Atlas Vantaan ensimm\u00e4inen ottelupallo v\u00e4lier\u00e4paikkaan ei tuonut tulosta ja keskiviikkona joukkue matkaa GrIFK:n vieraaksi edelleen 2-1-johto puoliv\u00e4lier\u00e4sarjassa taskussaan. T\u00e4h\u00e4nastiset kolme kamppailua ovat olleet hieman eriluonteisia. Avauksessa Atlas pystyi tasapainoiseen esitykseen, kun taas Granille sattui musta hetki ensimm\u00e4isen puoliajan loppupuolella. Voitto lopulta Atlakselle 27-25 Granin loppukirin ansiosta. Toinen ottelu luolassa oli ailahtelua puolin ja toisin, kun [&hellip;]","og_url":"https:\/\/aktialiiga.fi\/miehet\/2016-2017\/ennakot-2016-17\/atlas-vantaa-hakee-valierapaikkaa-grifkn-vieraana\/","og_site_name":"K\u00e4sipallon miesten Aktialiiga","article_publisher":"https:\/\/www.facebook.com\/finnhandball","article_published_time":"2017-04-04T17:55:15+00:00","article_modified_time":"2018-04-20T09:45:46+00:00","og_image":[{"width":711,"height":320,"url":"https:\/\/i0.wp.com\/aktialiiga.fi\/miehet\/wp-content\/uploads\/sites\/5\/2017\/02\/Sundberg_Richard_GrIFK_1617.jpg?fit=711%2C320&ssl=1","type":"image\/jpeg"}],"author":"tbrmedia","twitter_card":"summary_large_image","twitter_creator":"@finnhandball","twitter_site":"@finnhandball","schema":{"@context":"https:\/\/schema.org","@graph":[{"@type":"Article","@id":"https:\/\/aktialiiga.fi\/miehet\/2016-2017\/ennakot-2016-17\/atlas-vantaa-hakee-valierapaikkaa-grifkn-vieraana\/#article","isPartOf":{"@id":"https:\/\/aktialiiga.fi\/miehet\/2016-2017\/ennakot-2016-17\/atlas-vantaa-hakee-valierapaikkaa-grifkn-vieraana\/"},"author":{"name":"tbrmedia","@id":"https:\/\/aktialiiga.fi\/miehet\/#\/schema\/person\/c14bf42f47041db74603c45afcb18d87"},"headline":"Atlas Vantaa hakee v\u00e4lier\u00e4paikkaa GrIFK:n vieraana","datePublished":"2017-04-04T17:55:15+00:00","dateModified":"2018-04-20T09:45:46+00:00","mainEntityOfPage":{"@id":"https:\/\/aktialiiga.fi\/miehet\/2016-2017\/ennakot-2016-17\/atlas-vantaa-hakee-valierapaikkaa-grifkn-vieraana\/"},"wordCount":227,"publisher":{"@id":"https:\/\/aktialiiga.fi\/miehet\/#organization"},"image":{"@id":"https:\/\/aktialiiga.fi\/miehet\/2016-2017\/ennakot-2016-17\/atlas-vantaa-hakee-valierapaikkaa-grifkn-vieraana\/#primaryimage"},"thumbnailUrl":"https:\/\/i0.wp.com\/aktialiiga.fi\/miehet\/wp-content\/uploads\/sites\/5\/2017\/02\/Sundberg_Richard_GrIFK_1617.jpg?fit=711%2C320&ssl=1","keywords":["Atlas Vantaa","GrIFK"],"articleSection":["Ennakot"],"inLanguage":"fi"},{"@type":"WebPage","@id":"https:\/\/aktialiiga.fi\/miehet\/2016-2017\/ennakot-2016-17\/atlas-vantaa-hakee-valierapaikkaa-grifkn-vieraana\/","url":"https:\/\/aktialiiga.fi\/miehet\/2016-2017\/ennakot-2016-17\/atlas-vantaa-hakee-valierapaikkaa-grifkn-vieraana\/","name":"Atlas Vantaa hakee v\u00e4lier\u00e4paikkaa GrIFK:n vieraana | K\u00e4sipallon miesten Aktialiiga","isPartOf":{"@id":"https:\/\/aktialiiga.fi\/miehet\/#website"},"primaryImageOfPage":{"@id":"https:\/\/aktialiiga.fi\/miehet\/2016-2017\/ennakot-2016-17\/atlas-vantaa-hakee-valierapaikkaa-grifkn-vieraana\/#primaryimage"},"image":{"@id":"https:\/\/aktialiiga.fi\/miehet\/2016-2017\/ennakot-2016-17\/atlas-vantaa-hakee-valierapaikkaa-grifkn-vieraana\/#primaryimage"},"thumbnailUrl":"https:\/\/i0.wp.com\/aktialiiga.fi\/miehet\/wp-content\/uploads\/sites\/5\/2017\/02\/Sundberg_Richard_GrIFK_1617.jpg?fit=711%2C320&ssl=1","datePublished":"2017-04-04T17:55:15+00:00","dateModified":"2018-04-20T09:45:46+00:00","breadcrumb":{"@id":"https:\/\/aktialiiga.fi\/miehet\/2016-2017\/ennakot-2016-17\/atlas-vantaa-hakee-valierapaikkaa-grifkn-vieraana\/#breadcrumb"},"inLanguage":"fi","potentialAction":[{"@type":"ReadAction","target":["https:\/\/aktialiiga.fi\/miehet\/2016-2017\/ennakot-2016-17\/atlas-vantaa-hakee-valierapaikkaa-grifkn-vieraana\/"]}]},{"@type":"ImageObject","inLanguage":"fi","@id":"https:\/\/aktialiiga.fi\/miehet\/2016-2017\/ennakot-2016-17\/atlas-vantaa-hakee-valierapaikkaa-grifkn-vieraana\/#primaryimage","url":"https:\/\/i0.wp.com\/aktialiiga.fi\/miehet\/wp-content\/uploads\/sites\/5\/2017\/02\/Sundberg_Richard_GrIFK_1617.jpg?fit=711%2C320&ssl=1","contentUrl":"https:\/\/i0.wp.com\/aktialiiga.fi\/miehet\/wp-content\/uploads\/sites\/5\/2017\/02\/Sundberg_Richard_GrIFK_1617.jpg?fit=711%2C320&ssl=1","width":711,"height":320},{"@type":"BreadcrumbList","@id":"https:\/\/aktialiiga.fi\/miehet\/2016-2017\/ennakot-2016-17\/atlas-vantaa-hakee-valierapaikkaa-grifkn-vieraana\/#breadcrumb","itemListElement":[{"@type":"ListItem","position":1,"name":"Etusivu","item":"https:\/\/aktialiiga.fi\/miehet\/"},{"@type":"ListItem","position":2,"name":"Atlas Vantaa hakee v\u00e4lier\u00e4paikkaa GrIFK:n vieraana"}]},{"@type":"WebSite","@id":"https:\/\/aktialiiga.fi\/miehet\/#website","url":"https:\/\/aktialiiga.fi\/miehet\/","name":"K\u00e4sipallon miesten Aktialiiga","description":"Valtakunnan vauhdikkainta palloilua!","publisher":{"@id":"https:\/\/aktialiiga.fi\/miehet\/#organization"},"potentialAction":[{"@type":"SearchAction","target":{"@type":"EntryPoint","urlTemplate":"https:\/\/aktialiiga.fi\/miehet\/?s={search_term_string}"},"query-input":{"@type":"PropertyValueSpecification","valueRequired":true,"valueName":"search_term_string"}}],"inLanguage":"fi"},{"@type":"Organization","@id":"https:\/\/aktialiiga.fi\/miehet\/#organization","name":"K\u00e4sipallon miesten Aktialiiga","url":"https:\/\/aktialiiga.fi\/miehet\/","logo":{"@type":"ImageObject","inLanguage":"fi","@id":"https:\/\/aktialiiga.fi\/miehet\/#\/schema\/logo\/image\/","url":"https:\/\/i0.wp.com\/aktialiiga.fi\/miehet\/wp-content\/uploads\/sites\/5\/2024\/09\/Aktialiiga-Yoast-512.png?fit=512%2C512&ssl=1","contentUrl":"https:\/\/i0.wp.com\/aktialiiga.fi\/miehet\/wp-content\/uploads\/sites\/5\/2024\/09\/Aktialiiga-Yoast-512.png?fit=512%2C512&ssl=1","width":512,"height":512,"caption":"K\u00e4sipallon miesten Aktialiiga"},"image":{"@id":"https:\/\/aktialiiga.fi\/miehet\/#\/schema\/logo\/image\/"},"sameAs":["https:\/\/www.facebook.com\/finnhandball","https:\/\/x.com\/finnhandball","https:\/\/www.instagram.com\/handballfinland\/"]},{"@type":"Person","@id":"https:\/\/aktialiiga.fi\/miehet\/#\/schema\/person\/c14bf42f47041db74603c45afcb18d87","name":"tbrmedia","image":{"@type":"ImageObject","inLanguage":"fi","@id":"https:\/\/secure.gravatar.com\/avatar\/ee975fa091fe581d12b60debb3439022686618368a7c142044c56724d4666b16?s=96&d=mm&r=g","url":"https:\/\/secure.gravatar.com\/avatar\/ee975fa091fe581d12b60debb3439022686618368a7c142044c56724d4666b16?s=96&d=mm&r=g","contentUrl":"https:\/\/secure.gravatar.com\/avatar\/ee975fa091fe581d12b60debb3439022686618368a7c142044c56724d4666b16?s=96&d=mm&r=g","caption":"tbrmedia"}}]}},"jetpack_featured_media_url":"https:\/\/i0.wp.com\/aktialiiga.fi\/miehet\/wp-content\/uploads\/sites\/5\/2017\/02\/Sundberg_Richard_GrIFK_1617.jpg?fit=711%2C320&ssl=1","jetpack_sharing_enabled":true,"jetpack_shortlink":"https:\/\/wp.me\/pfTxOr-4hb","_links":{"self":[{"href":"https:\/\/aktialiiga.fi\/miehet\/wp-json\/wp\/v2\/posts\/16441","targetHints":{"allow":["GET"]}}],"collection":[{"href":"https:\/\/aktialiiga.fi\/miehet\/wp-json\/wp\/v2\/posts"}],"about":[{"href":"https:\/\/aktialiiga.fi\/miehet\/wp-json\/wp\/v2\/types\/post"}],"author":[{"embeddable":true,"href":"https:\/\/aktialiiga.fi\/miehet\/wp-json\/wp\/v2\/users\/13"}],"replies":[{"embeddable":true,"href":"https:\/\/aktialiiga.fi\/miehet\/wp-json\/wp\/v2\/comments?post=16441"}],"version-history":[{"count":0,"href":"https:\/\/aktialiiga.fi\/miehet\/wp-json\/wp\/v2\/posts\/16441\/revisions"}],"wp:featuredmedia":[{"embeddable":true,"href":"https:\/\/aktialiiga.fi\/miehet\/wp-json\/wp\/v2\/media\/16012"}],"wp:attachment":[{"href":"https:\/\/aktialiiga.fi\/miehet\/wp-json\/wp\/v2\/media?parent=16441"}],"wp:term":[{"taxonomy":"category","embeddable":true,"href":"https:\/\/aktialiiga.fi\/miehet\/wp-json\/wp\/v2\/categories?post=16441"},{"taxonomy":"post_tag","embeddable":true,"href":"https:\/\/aktialiiga.fi\/miehet\/wp-json\/wp\/v2\/tags?post=16441"}],"curies":[{"name":"wp","href":"https:\/\/api.w.org\/{rel}","templated":true}]}}