{"id":16519,"date":"2017-04-21T20:32:02","date_gmt":"2017-04-21T17:32:02","guid":{"rendered":"https:\/\/aktialiiga.fi\/miehet\/?p=16519"},"modified":"2018-04-20T12:45:40","modified_gmt":"2018-04-20T09:45:40","slug":"bk-46-ratkaisi-valierasarjan-grifkta-vastaan","status":"publish","type":"post","link":"https:\/\/aktialiiga.fi\/miehet\/2016-2017\/ottelut-2016-2017\/bk-46-ratkaisi-valierasarjan-grifkta-vastaan\/","title":{"rendered":"BK-46 ratkaisi v\u00e4lier\u00e4sarjan GrIFK:ta vastaan"},"content":{"rendered":"<p>BK-46 sinet\u00f6i finaalipaikkansa kaadettuaan perjantaina kotonaan GrIFK:n todella tiukan ja tasaisen taistelun j\u00e4lkeen kahden maalin erolla.<\/p>\n<p>GrIFK oli liev\u00e4sti niskan p\u00e4\u00e4ll\u00e4 ottelun alussa, osat kuitenkin vaihtuivat pian. Mitenk\u00e4\u00e4n tilanne ei kuitenkaan revennyt, sill\u00e4 BK-46 k\u00e4vi kertaalleen kolmen maalin johdossa, mutta p\u00e4\u00e4osin ero pysyi hyvin pienen\u00e4 ja tauolle Sisu Arenalla mentiin BK:n yhden maalin johdossa.<\/p>\n<p>Tauon j\u00e4lkeen osat vaihtuivat sik\u00e4li, ett\u00e4 Grani oli pitk\u00e4n aikaa niukassa johdossa, mutta mit\u00e4\u00e4n ratkaisua ei edelleenk\u00e4\u00e4n tapahtunut ja vajaa kymmenen minuuttia ennen loppua tilanne oli tasan. BK oli jo karkaamassa, mutta Grani puristi viel\u00e4 kerran tasoihin. Viime minuuttien kaksi maalia riittiv\u00e4t karjaalaisille kuitenkin voiton varmistamiseen ja v\u00e4lier\u00e4sarjan katkaisemiseen.<\/p>\n<p>BK-46:n p\u00e4\u00e4valmentaja Teddy Nordling oli arvattavan iloinen tiukan taiston p\u00e4\u00e4tytty\u00e4 kotijoukkueen kannalta onnellisesti l\u00e4hes 1000 katsojan edess\u00e4.<\/p>\n<p>&#8211; Tuntui hyv\u00e4lt\u00e4 t\u00e4n\u00e4\u00e4n. Oli tiukka ja hyv\u00e4 ottelu. Hukattiin paljon palloja ensimm\u00e4isell\u00e4 jaksolla ja toisella peli puuroutui hy\u00f6kk\u00e4yksess\u00e4. Homma kuitenkin j\u00e4rjestyi. Pojat sotivat eritt\u00e4in hyvin joukkueen puolesta, Nordling kiitteli.<\/p>\n<p>&#8211; Olen eritt\u00e4in iloinen niin poikien kuin seuran osalta ett\u00e4 p\u00e4\u00e4stiin finaaleihin pelaamaan. Nyt on hyv\u00e4 moraali ja t\u00e4st\u00e4 vain t\u00e4ysill\u00e4 eteenp\u00e4in.<\/p>\n<p>GrIFK:n virkaveli Mikko Koskue ei h\u00e4nk\u00e4\u00e4n voinut omiaan syytt\u00e4\u00e4 taistelutahdon puutteesta.<\/p>\n<p>&#8211; Tosi hyv\u00e4 taistelu meilt\u00e4 t\u00e4n\u00e4\u00e4n. Pienest\u00e4 j\u00e4i kiinni t\u00e4n\u00e4\u00e4n kuten edellisest\u00e4kin ottelusta. Onnea Karjaalle, Koskue toivotti rehdisti.<\/p>\n<p>Vakuuttavimman pelaajan tittelin napannut Andreas R\u00f6nnberg antoi puolestaan tunnustuksen kovan vastuksen tarjonneille kauniaislaisille.<\/p>\n<p>&#8211; Granilta paras ottelu t\u00e4ss\u00e4 sarjassa t\u00e4n\u00e4\u00e4n. Maalivahti oli eritt\u00e4in hyv\u00e4 ensimm\u00e4isell\u00e4 jaksolla. Olemme vahvoja toisella puoliajalla ja sodimme hyvin. Moni teki maaleja eri paikoista. T\u00e4st\u00e4 on hyv\u00e4 jatkaa eteenp\u00e4in, R\u00f6nnberg katsoi jo kohti finaaleja.<\/p>\n<p><em><strong>3. v\u00e4lier\u00e4:<\/strong><\/em><br \/>\n<strong>BK-46 &#8211; GrIFK 27-25 (13-12)<\/strong><br \/>\nBK-46 finaaleihin otteluvoitoin 3-0.<\/p>\n<p><strong>Maalintekij\u00e4t<\/strong><br \/>\nBK-46: R\u00f6nnberg Andreas 7, Westerlund Victor 4, Sj\u00f6man Linus 4, Kihlstedt Oscar 4, Weber Ben 3, Lindholm Albert 3, Udd Andre 1, Lindberg Linus 1<br \/>\nGrIFK: Toomla Sten 9, Sundberg Richard 5, Brummer Paavo 3, Von Numers Alexander 2, Sj\u00f6blom Peik 2, Berg Jonathan 2, \u00c5kermarck Erik 1, Forss Fredrik 1<\/p>\n<p><strong>L\u00e4hiTapiola-t\u00e4htipelaajat<\/strong><br \/>\nR\u00f6nnberg Andreas, BK-46 3<br \/>\nToomla Sten, GrIFK 2<br \/>\nWesterlund Victor, BK-46 1<\/p>\n<p><strong>2 min ulosajot sek\u00e4 pelist\u00e4 sulkemiset<\/strong><br \/>\nBK-46: Dahlberg Kenneth 1 x 2 min, Lindberg Linus 1 x 2 min, Westerlund Victor 1 x 2 min<br \/>\nGrIFK: Forss Fredrik 1 x 2 min, Silfver Sami suora punainen kortti, Von Numers Alexander 1 x 2 min<\/p>\n<p><em>Erotuomarit<\/em>: Korja Miro &#8211; Mets\u00e4m\u00e4ki Christopher<\/p>\n<p><em>Yleis\u00f6\u00e4<\/em>: 924<\/p>\n","protected":false},"excerpt":{"rendered":"<p>BK-46 sinet\u00f6i finaalipaikkansa kaadettuaan perjantaina kotonaan GrIFK:n todella tiukan ja tasaisen taistelun j\u00e4lkeen kahden maalin erolla. GrIFK oli liev\u00e4sti niskan p\u00e4\u00e4ll\u00e4 ottelun alussa, osat kuitenkin vaihtuivat pian. Mitenk\u00e4\u00e4n tilanne ei kuitenkaan revennyt, sill\u00e4 BK-46 k\u00e4vi kertaalleen kolmen maalin johdossa, mutta p\u00e4\u00e4osin ero pysyi hyvin pienen\u00e4 ja tauolle Sisu Arenalla mentiin BK:n yhden maalin johdossa. Tauon [&hellip;]<\/p>\n","protected":false},"author":13,"featured_media":15645,"comment_status":"closed","ping_status":"open","sticky":false,"template":"","format":"standard","meta":{"_acf_changed":false,"jetpack_post_was_ever_published":false,"_jetpack_newsletter_access":"","_jetpack_dont_email_post_to_subs":false,"_jetpack_newsletter_tier_id":0,"_jetpack_memberships_contains_paywalled_content":false,"_jetpack_memberships_contains_paid_content":false,"footnotes":""},"categories":[25,28],"tags":[56,64],"class_list":["post-16519","post","type-post","status-publish","format-standard","has-post-thumbnail","hentry","category-ottelut-2016-2017","category-play-off-2016-2017","tag-bk-46","tag-grifk"],"acf":[],"yoast_head":"<!-- This site is optimized with the Yoast SEO plugin v27.5 - https:\/\/yoast.com\/product\/yoast-seo-wordpress\/ -->\n<title>BK-46 ratkaisi v\u00e4lier\u00e4sarjan GrIFK:ta vastaan | K\u00e4sipallon miesten Aktialiiga<\/title>\n<meta name=\"robots\" content=\"index, follow, max-snippet:-1, max-image-preview:large, max-video-preview:-1\" \/>\n<link rel=\"canonical\" href=\"https:\/\/aktialiiga.fi\/miehet\/2016-2017\/ottelut-2016-2017\/bk-46-ratkaisi-valierasarjan-grifkta-vastaan\/\" \/>\n<meta property=\"og:locale\" content=\"fi_FI\" \/>\n<meta property=\"og:type\" content=\"article\" \/>\n<meta property=\"og:title\" content=\"BK-46 ratkaisi v\u00e4lier\u00e4sarjan GrIFK:ta vastaan | K\u00e4sipallon miesten Aktialiiga\" \/>\n<meta property=\"og:description\" content=\"BK-46 sinet\u00f6i finaalipaikkansa kaadettuaan perjantaina kotonaan GrIFK:n todella tiukan ja tasaisen taistelun j\u00e4lkeen kahden maalin erolla. GrIFK oli liev\u00e4sti niskan p\u00e4\u00e4ll\u00e4 ottelun alussa, osat kuitenkin vaihtuivat pian. Mitenk\u00e4\u00e4n tilanne ei kuitenkaan revennyt, sill\u00e4 BK-46 k\u00e4vi kertaalleen kolmen maalin johdossa, mutta p\u00e4\u00e4osin ero pysyi hyvin pienen\u00e4 ja tauolle Sisu Arenalla mentiin BK:n yhden maalin johdossa. Tauon [&hellip;]\" \/>\n<meta property=\"og:url\" content=\"https:\/\/aktialiiga.fi\/miehet\/2016-2017\/ottelut-2016-2017\/bk-46-ratkaisi-valierasarjan-grifkta-vastaan\/\" \/>\n<meta property=\"og:site_name\" content=\"K\u00e4sipallon miesten Aktialiiga\" \/>\n<meta property=\"article:publisher\" content=\"https:\/\/www.facebook.com\/finnhandball\" \/>\n<meta property=\"article:published_time\" content=\"2017-04-21T17:32:02+00:00\" \/>\n<meta property=\"article:modified_time\" content=\"2018-04-20T09:45:40+00:00\" \/>\n<meta property=\"og:image\" content=\"https:\/\/i0.wp.com\/aktialiiga.fi\/miehet\/wp-content\/uploads\/sites\/5\/2016\/12\/Ronnberg_Andreas_BK46_1617.jpg?fit=711%2C320&ssl=1\" \/>\n\t<meta property=\"og:image:width\" content=\"711\" \/>\n\t<meta property=\"og:image:height\" content=\"320\" \/>\n\t<meta property=\"og:image:type\" content=\"image\/jpeg\" \/>\n<meta name=\"author\" content=\"tbrmedia\" \/>\n<meta name=\"twitter:card\" content=\"summary_large_image\" \/>\n<meta name=\"twitter:creator\" content=\"@finnhandball\" \/>\n<meta name=\"twitter:site\" content=\"@finnhandball\" \/>\n<script type=\"application\/ld+json\" class=\"yoast-schema-graph\">{\"@context\":\"https:\\\/\\\/schema.org\",\"@graph\":[{\"@type\":\"Article\",\"@id\":\"https:\\\/\\\/aktialiiga.fi\\\/miehet\\\/2016-2017\\\/ottelut-2016-2017\\\/bk-46-ratkaisi-valierasarjan-grifkta-vastaan\\\/#article\",\"isPartOf\":{\"@id\":\"https:\\\/\\\/aktialiiga.fi\\\/miehet\\\/2016-2017\\\/ottelut-2016-2017\\\/bk-46-ratkaisi-valierasarjan-grifkta-vastaan\\\/\"},\"author\":{\"name\":\"tbrmedia\",\"@id\":\"https:\\\/\\\/aktialiiga.fi\\\/miehet\\\/#\\\/schema\\\/person\\\/c14bf42f47041db74603c45afcb18d87\"},\"headline\":\"BK-46 ratkaisi v\u00e4lier\u00e4sarjan GrIFK:ta vastaan\",\"datePublished\":\"2017-04-21T17:32:02+00:00\",\"dateModified\":\"2018-04-20T09:45:40+00:00\",\"mainEntityOfPage\":{\"@id\":\"https:\\\/\\\/aktialiiga.fi\\\/miehet\\\/2016-2017\\\/ottelut-2016-2017\\\/bk-46-ratkaisi-valierasarjan-grifkta-vastaan\\\/\"},\"wordCount\":414,\"publisher\":{\"@id\":\"https:\\\/\\\/aktialiiga.fi\\\/miehet\\\/#organization\"},\"image\":{\"@id\":\"https:\\\/\\\/aktialiiga.fi\\\/miehet\\\/2016-2017\\\/ottelut-2016-2017\\\/bk-46-ratkaisi-valierasarjan-grifkta-vastaan\\\/#primaryimage\"},\"thumbnailUrl\":\"https:\\\/\\\/i0.wp.com\\\/aktialiiga.fi\\\/miehet\\\/wp-content\\\/uploads\\\/sites\\\/5\\\/2016\\\/12\\\/Ronnberg_Andreas_BK46_1617.jpg?fit=711%2C320&ssl=1\",\"keywords\":[\"BK-46\",\"GrIFK\"],\"articleSection\":[\"Ottelut\",\"Play off\"],\"inLanguage\":\"fi\"},{\"@type\":\"WebPage\",\"@id\":\"https:\\\/\\\/aktialiiga.fi\\\/miehet\\\/2016-2017\\\/ottelut-2016-2017\\\/bk-46-ratkaisi-valierasarjan-grifkta-vastaan\\\/\",\"url\":\"https:\\\/\\\/aktialiiga.fi\\\/miehet\\\/2016-2017\\\/ottelut-2016-2017\\\/bk-46-ratkaisi-valierasarjan-grifkta-vastaan\\\/\",\"name\":\"BK-46 ratkaisi v\u00e4lier\u00e4sarjan GrIFK:ta vastaan | K\u00e4sipallon miesten Aktialiiga\",\"isPartOf\":{\"@id\":\"https:\\\/\\\/aktialiiga.fi\\\/miehet\\\/#website\"},\"primaryImageOfPage\":{\"@id\":\"https:\\\/\\\/aktialiiga.fi\\\/miehet\\\/2016-2017\\\/ottelut-2016-2017\\\/bk-46-ratkaisi-valierasarjan-grifkta-vastaan\\\/#primaryimage\"},\"image\":{\"@id\":\"https:\\\/\\\/aktialiiga.fi\\\/miehet\\\/2016-2017\\\/ottelut-2016-2017\\\/bk-46-ratkaisi-valierasarjan-grifkta-vastaan\\\/#primaryimage\"},\"thumbnailUrl\":\"https:\\\/\\\/i0.wp.com\\\/aktialiiga.fi\\\/miehet\\\/wp-content\\\/uploads\\\/sites\\\/5\\\/2016\\\/12\\\/Ronnberg_Andreas_BK46_1617.jpg?fit=711%2C320&ssl=1\",\"datePublished\":\"2017-04-21T17:32:02+00:00\",\"dateModified\":\"2018-04-20T09:45:40+00:00\",\"breadcrumb\":{\"@id\":\"https:\\\/\\\/aktialiiga.fi\\\/miehet\\\/2016-2017\\\/ottelut-2016-2017\\\/bk-46-ratkaisi-valierasarjan-grifkta-vastaan\\\/#breadcrumb\"},\"inLanguage\":\"fi\",\"potentialAction\":[{\"@type\":\"ReadAction\",\"target\":[\"https:\\\/\\\/aktialiiga.fi\\\/miehet\\\/2016-2017\\\/ottelut-2016-2017\\\/bk-46-ratkaisi-valierasarjan-grifkta-vastaan\\\/\"]}]},{\"@type\":\"ImageObject\",\"inLanguage\":\"fi\",\"@id\":\"https:\\\/\\\/aktialiiga.fi\\\/miehet\\\/2016-2017\\\/ottelut-2016-2017\\\/bk-46-ratkaisi-valierasarjan-grifkta-vastaan\\\/#primaryimage\",\"url\":\"https:\\\/\\\/i0.wp.com\\\/aktialiiga.fi\\\/miehet\\\/wp-content\\\/uploads\\\/sites\\\/5\\\/2016\\\/12\\\/Ronnberg_Andreas_BK46_1617.jpg?fit=711%2C320&ssl=1\",\"contentUrl\":\"https:\\\/\\\/i0.wp.com\\\/aktialiiga.fi\\\/miehet\\\/wp-content\\\/uploads\\\/sites\\\/5\\\/2016\\\/12\\\/Ronnberg_Andreas_BK46_1617.jpg?fit=711%2C320&ssl=1\",\"width\":711,\"height\":320},{\"@type\":\"BreadcrumbList\",\"@id\":\"https:\\\/\\\/aktialiiga.fi\\\/miehet\\\/2016-2017\\\/ottelut-2016-2017\\\/bk-46-ratkaisi-valierasarjan-grifkta-vastaan\\\/#breadcrumb\",\"itemListElement\":[{\"@type\":\"ListItem\",\"position\":1,\"name\":\"Etusivu\",\"item\":\"https:\\\/\\\/aktialiiga.fi\\\/miehet\\\/\"},{\"@type\":\"ListItem\",\"position\":2,\"name\":\"BK-46 ratkaisi v\u00e4lier\u00e4sarjan GrIFK:ta vastaan\"}]},{\"@type\":\"WebSite\",\"@id\":\"https:\\\/\\\/aktialiiga.fi\\\/miehet\\\/#website\",\"url\":\"https:\\\/\\\/aktialiiga.fi\\\/miehet\\\/\",\"name\":\"K\u00e4sipallon miesten Aktialiiga\",\"description\":\"Valtakunnan vauhdikkainta palloilua!\",\"publisher\":{\"@id\":\"https:\\\/\\\/aktialiiga.fi\\\/miehet\\\/#organization\"},\"potentialAction\":[{\"@type\":\"SearchAction\",\"target\":{\"@type\":\"EntryPoint\",\"urlTemplate\":\"https:\\\/\\\/aktialiiga.fi\\\/miehet\\\/?s={search_term_string}\"},\"query-input\":{\"@type\":\"PropertyValueSpecification\",\"valueRequired\":true,\"valueName\":\"search_term_string\"}}],\"inLanguage\":\"fi\"},{\"@type\":\"Organization\",\"@id\":\"https:\\\/\\\/aktialiiga.fi\\\/miehet\\\/#organization\",\"name\":\"K\u00e4sipallon miesten Aktialiiga\",\"url\":\"https:\\\/\\\/aktialiiga.fi\\\/miehet\\\/\",\"logo\":{\"@type\":\"ImageObject\",\"inLanguage\":\"fi\",\"@id\":\"https:\\\/\\\/aktialiiga.fi\\\/miehet\\\/#\\\/schema\\\/logo\\\/image\\\/\",\"url\":\"https:\\\/\\\/i0.wp.com\\\/aktialiiga.fi\\\/miehet\\\/wp-content\\\/uploads\\\/sites\\\/5\\\/2024\\\/09\\\/Aktialiiga-Yoast-512.png?fit=512%2C512&ssl=1\",\"contentUrl\":\"https:\\\/\\\/i0.wp.com\\\/aktialiiga.fi\\\/miehet\\\/wp-content\\\/uploads\\\/sites\\\/5\\\/2024\\\/09\\\/Aktialiiga-Yoast-512.png?fit=512%2C512&ssl=1\",\"width\":512,\"height\":512,\"caption\":\"K\u00e4sipallon miesten Aktialiiga\"},\"image\":{\"@id\":\"https:\\\/\\\/aktialiiga.fi\\\/miehet\\\/#\\\/schema\\\/logo\\\/image\\\/\"},\"sameAs\":[\"https:\\\/\\\/www.facebook.com\\\/finnhandball\",\"https:\\\/\\\/x.com\\\/finnhandball\",\"https:\\\/\\\/www.instagram.com\\\/handballfinland\\\/\"]},{\"@type\":\"Person\",\"@id\":\"https:\\\/\\\/aktialiiga.fi\\\/miehet\\\/#\\\/schema\\\/person\\\/c14bf42f47041db74603c45afcb18d87\",\"name\":\"tbrmedia\",\"image\":{\"@type\":\"ImageObject\",\"inLanguage\":\"fi\",\"@id\":\"https:\\\/\\\/secure.gravatar.com\\\/avatar\\\/ee975fa091fe581d12b60debb3439022686618368a7c142044c56724d4666b16?s=96&d=mm&r=g\",\"url\":\"https:\\\/\\\/secure.gravatar.com\\\/avatar\\\/ee975fa091fe581d12b60debb3439022686618368a7c142044c56724d4666b16?s=96&d=mm&r=g\",\"contentUrl\":\"https:\\\/\\\/secure.gravatar.com\\\/avatar\\\/ee975fa091fe581d12b60debb3439022686618368a7c142044c56724d4666b16?s=96&d=mm&r=g\",\"caption\":\"tbrmedia\"}}]}<\/script>\n<!-- \/ Yoast SEO plugin. -->","yoast_head_json":{"title":"BK-46 ratkaisi v\u00e4lier\u00e4sarjan GrIFK:ta vastaan | K\u00e4sipallon miesten Aktialiiga","robots":{"index":"index","follow":"follow","max-snippet":"max-snippet:-1","max-image-preview":"max-image-preview:large","max-video-preview":"max-video-preview:-1"},"canonical":"https:\/\/aktialiiga.fi\/miehet\/2016-2017\/ottelut-2016-2017\/bk-46-ratkaisi-valierasarjan-grifkta-vastaan\/","og_locale":"fi_FI","og_type":"article","og_title":"BK-46 ratkaisi v\u00e4lier\u00e4sarjan GrIFK:ta vastaan | K\u00e4sipallon miesten Aktialiiga","og_description":"BK-46 sinet\u00f6i finaalipaikkansa kaadettuaan perjantaina kotonaan GrIFK:n todella tiukan ja tasaisen taistelun j\u00e4lkeen kahden maalin erolla. GrIFK oli liev\u00e4sti niskan p\u00e4\u00e4ll\u00e4 ottelun alussa, osat kuitenkin vaihtuivat pian. Mitenk\u00e4\u00e4n tilanne ei kuitenkaan revennyt, sill\u00e4 BK-46 k\u00e4vi kertaalleen kolmen maalin johdossa, mutta p\u00e4\u00e4osin ero pysyi hyvin pienen\u00e4 ja tauolle Sisu Arenalla mentiin BK:n yhden maalin johdossa. Tauon [&hellip;]","og_url":"https:\/\/aktialiiga.fi\/miehet\/2016-2017\/ottelut-2016-2017\/bk-46-ratkaisi-valierasarjan-grifkta-vastaan\/","og_site_name":"K\u00e4sipallon miesten Aktialiiga","article_publisher":"https:\/\/www.facebook.com\/finnhandball","article_published_time":"2017-04-21T17:32:02+00:00","article_modified_time":"2018-04-20T09:45:40+00:00","og_image":[{"width":711,"height":320,"url":"https:\/\/i0.wp.com\/aktialiiga.fi\/miehet\/wp-content\/uploads\/sites\/5\/2016\/12\/Ronnberg_Andreas_BK46_1617.jpg?fit=711%2C320&ssl=1","type":"image\/jpeg"}],"author":"tbrmedia","twitter_card":"summary_large_image","twitter_creator":"@finnhandball","twitter_site":"@finnhandball","schema":{"@context":"https:\/\/schema.org","@graph":[{"@type":"Article","@id":"https:\/\/aktialiiga.fi\/miehet\/2016-2017\/ottelut-2016-2017\/bk-46-ratkaisi-valierasarjan-grifkta-vastaan\/#article","isPartOf":{"@id":"https:\/\/aktialiiga.fi\/miehet\/2016-2017\/ottelut-2016-2017\/bk-46-ratkaisi-valierasarjan-grifkta-vastaan\/"},"author":{"name":"tbrmedia","@id":"https:\/\/aktialiiga.fi\/miehet\/#\/schema\/person\/c14bf42f47041db74603c45afcb18d87"},"headline":"BK-46 ratkaisi v\u00e4lier\u00e4sarjan GrIFK:ta vastaan","datePublished":"2017-04-21T17:32:02+00:00","dateModified":"2018-04-20T09:45:40+00:00","mainEntityOfPage":{"@id":"https:\/\/aktialiiga.fi\/miehet\/2016-2017\/ottelut-2016-2017\/bk-46-ratkaisi-valierasarjan-grifkta-vastaan\/"},"wordCount":414,"publisher":{"@id":"https:\/\/aktialiiga.fi\/miehet\/#organization"},"image":{"@id":"https:\/\/aktialiiga.fi\/miehet\/2016-2017\/ottelut-2016-2017\/bk-46-ratkaisi-valierasarjan-grifkta-vastaan\/#primaryimage"},"thumbnailUrl":"https:\/\/i0.wp.com\/aktialiiga.fi\/miehet\/wp-content\/uploads\/sites\/5\/2016\/12\/Ronnberg_Andreas_BK46_1617.jpg?fit=711%2C320&ssl=1","keywords":["BK-46","GrIFK"],"articleSection":["Ottelut","Play off"],"inLanguage":"fi"},{"@type":"WebPage","@id":"https:\/\/aktialiiga.fi\/miehet\/2016-2017\/ottelut-2016-2017\/bk-46-ratkaisi-valierasarjan-grifkta-vastaan\/","url":"https:\/\/aktialiiga.fi\/miehet\/2016-2017\/ottelut-2016-2017\/bk-46-ratkaisi-valierasarjan-grifkta-vastaan\/","name":"BK-46 ratkaisi v\u00e4lier\u00e4sarjan GrIFK:ta vastaan | K\u00e4sipallon miesten Aktialiiga","isPartOf":{"@id":"https:\/\/aktialiiga.fi\/miehet\/#website"},"primaryImageOfPage":{"@id":"https:\/\/aktialiiga.fi\/miehet\/2016-2017\/ottelut-2016-2017\/bk-46-ratkaisi-valierasarjan-grifkta-vastaan\/#primaryimage"},"image":{"@id":"https:\/\/aktialiiga.fi\/miehet\/2016-2017\/ottelut-2016-2017\/bk-46-ratkaisi-valierasarjan-grifkta-vastaan\/#primaryimage"},"thumbnailUrl":"https:\/\/i0.wp.com\/aktialiiga.fi\/miehet\/wp-content\/uploads\/sites\/5\/2016\/12\/Ronnberg_Andreas_BK46_1617.jpg?fit=711%2C320&ssl=1","datePublished":"2017-04-21T17:32:02+00:00","dateModified":"2018-04-20T09:45:40+00:00","breadcrumb":{"@id":"https:\/\/aktialiiga.fi\/miehet\/2016-2017\/ottelut-2016-2017\/bk-46-ratkaisi-valierasarjan-grifkta-vastaan\/#breadcrumb"},"inLanguage":"fi","potentialAction":[{"@type":"ReadAction","target":["https:\/\/aktialiiga.fi\/miehet\/2016-2017\/ottelut-2016-2017\/bk-46-ratkaisi-valierasarjan-grifkta-vastaan\/"]}]},{"@type":"ImageObject","inLanguage":"fi","@id":"https:\/\/aktialiiga.fi\/miehet\/2016-2017\/ottelut-2016-2017\/bk-46-ratkaisi-valierasarjan-grifkta-vastaan\/#primaryimage","url":"https:\/\/i0.wp.com\/aktialiiga.fi\/miehet\/wp-content\/uploads\/sites\/5\/2016\/12\/Ronnberg_Andreas_BK46_1617.jpg?fit=711%2C320&ssl=1","contentUrl":"https:\/\/i0.wp.com\/aktialiiga.fi\/miehet\/wp-content\/uploads\/sites\/5\/2016\/12\/Ronnberg_Andreas_BK46_1617.jpg?fit=711%2C320&ssl=1","width":711,"height":320},{"@type":"BreadcrumbList","@id":"https:\/\/aktialiiga.fi\/miehet\/2016-2017\/ottelut-2016-2017\/bk-46-ratkaisi-valierasarjan-grifkta-vastaan\/#breadcrumb","itemListElement":[{"@type":"ListItem","position":1,"name":"Etusivu","item":"https:\/\/aktialiiga.fi\/miehet\/"},{"@type":"ListItem","position":2,"name":"BK-46 ratkaisi v\u00e4lier\u00e4sarjan GrIFK:ta vastaan"}]},{"@type":"WebSite","@id":"https:\/\/aktialiiga.fi\/miehet\/#website","url":"https:\/\/aktialiiga.fi\/miehet\/","name":"K\u00e4sipallon miesten Aktialiiga","description":"Valtakunnan vauhdikkainta palloilua!","publisher":{"@id":"https:\/\/aktialiiga.fi\/miehet\/#organization"},"potentialAction":[{"@type":"SearchAction","target":{"@type":"EntryPoint","urlTemplate":"https:\/\/aktialiiga.fi\/miehet\/?s={search_term_string}"},"query-input":{"@type":"PropertyValueSpecification","valueRequired":true,"valueName":"search_term_string"}}],"inLanguage":"fi"},{"@type":"Organization","@id":"https:\/\/aktialiiga.fi\/miehet\/#organization","name":"K\u00e4sipallon miesten Aktialiiga","url":"https:\/\/aktialiiga.fi\/miehet\/","logo":{"@type":"ImageObject","inLanguage":"fi","@id":"https:\/\/aktialiiga.fi\/miehet\/#\/schema\/logo\/image\/","url":"https:\/\/i0.wp.com\/aktialiiga.fi\/miehet\/wp-content\/uploads\/sites\/5\/2024\/09\/Aktialiiga-Yoast-512.png?fit=512%2C512&ssl=1","contentUrl":"https:\/\/i0.wp.com\/aktialiiga.fi\/miehet\/wp-content\/uploads\/sites\/5\/2024\/09\/Aktialiiga-Yoast-512.png?fit=512%2C512&ssl=1","width":512,"height":512,"caption":"K\u00e4sipallon miesten Aktialiiga"},"image":{"@id":"https:\/\/aktialiiga.fi\/miehet\/#\/schema\/logo\/image\/"},"sameAs":["https:\/\/www.facebook.com\/finnhandball","https:\/\/x.com\/finnhandball","https:\/\/www.instagram.com\/handballfinland\/"]},{"@type":"Person","@id":"https:\/\/aktialiiga.fi\/miehet\/#\/schema\/person\/c14bf42f47041db74603c45afcb18d87","name":"tbrmedia","image":{"@type":"ImageObject","inLanguage":"fi","@id":"https:\/\/secure.gravatar.com\/avatar\/ee975fa091fe581d12b60debb3439022686618368a7c142044c56724d4666b16?s=96&d=mm&r=g","url":"https:\/\/secure.gravatar.com\/avatar\/ee975fa091fe581d12b60debb3439022686618368a7c142044c56724d4666b16?s=96&d=mm&r=g","contentUrl":"https:\/\/secure.gravatar.com\/avatar\/ee975fa091fe581d12b60debb3439022686618368a7c142044c56724d4666b16?s=96&d=mm&r=g","caption":"tbrmedia"}}]}},"jetpack_featured_media_url":"https:\/\/i0.wp.com\/aktialiiga.fi\/miehet\/wp-content\/uploads\/sites\/5\/2016\/12\/Ronnberg_Andreas_BK46_1617.jpg?fit=711%2C320&ssl=1","jetpack_sharing_enabled":true,"jetpack_shortlink":"https:\/\/wp.me\/pfTxOr-4ir","_links":{"self":[{"href":"https:\/\/aktialiiga.fi\/miehet\/wp-json\/wp\/v2\/posts\/16519","targetHints":{"allow":["GET"]}}],"collection":[{"href":"https:\/\/aktialiiga.fi\/miehet\/wp-json\/wp\/v2\/posts"}],"about":[{"href":"https:\/\/aktialiiga.fi\/miehet\/wp-json\/wp\/v2\/types\/post"}],"author":[{"embeddable":true,"href":"https:\/\/aktialiiga.fi\/miehet\/wp-json\/wp\/v2\/users\/13"}],"replies":[{"embeddable":true,"href":"https:\/\/aktialiiga.fi\/miehet\/wp-json\/wp\/v2\/comments?post=16519"}],"version-history":[{"count":0,"href":"https:\/\/aktialiiga.fi\/miehet\/wp-json\/wp\/v2\/posts\/16519\/revisions"}],"wp:featuredmedia":[{"embeddable":true,"href":"https:\/\/aktialiiga.fi\/miehet\/wp-json\/wp\/v2\/media\/15645"}],"wp:attachment":[{"href":"https:\/\/aktialiiga.fi\/miehet\/wp-json\/wp\/v2\/media?parent=16519"}],"wp:term":[{"taxonomy":"category","embeddable":true,"href":"https:\/\/aktialiiga.fi\/miehet\/wp-json\/wp\/v2\/categories?post=16519"},{"taxonomy":"post_tag","embeddable":true,"href":"https:\/\/aktialiiga.fi\/miehet\/wp-json\/wp\/v2\/tags?post=16519"}],"curies":[{"name":"wp","href":"https:\/\/api.w.org\/{rel}","templated":true}]}}