{"id":16544,"date":"2017-04-26T20:24:12","date_gmt":"2017-04-26T17:24:12","guid":{"rendered":"https:\/\/aktialiiga.fi\/miehet\/?p=16544"},"modified":"2018-04-20T12:45:39","modified_gmt":"2018-04-20T09:45:39","slug":"sif-kaatoi-grifkn-niukasti-ensimmaisessa-pronssiottelussa","status":"publish","type":"post","link":"https:\/\/aktialiiga.fi\/miehet\/2016-2017\/ottelut-2016-2017\/sif-kaatoi-grifkn-niukasti-ensimmaisessa-pronssiottelussa\/","title":{"rendered":"SIF kaatoi GrIFK:n niukasti ensimm\u00e4isess\u00e4 pronssiottelussa"},"content":{"rendered":"<p>SIF otti pronssikamppailussa niukan edun kaadettuaan ensimm\u00e4isess\u00e4 osassa kotonaan keskiviikkona GrIFK:n niukasti kahden maalin erolla.<\/p>\n<p>SIF:n ter\u00e4v\u00e4n alun j\u00e4lkeen GrIFK otti hienoisen otteen pelist\u00e4 ja piti johtoa hallussaan 20 peliminuuttiin saakka. Numeroista 9-11 SIF k\u00e4\u00e4nsi tilanteen kuitenkin edukseen 15-11, mutta avausjakson lopun tuli puolestaan Grani vahvasti ja tilanne tauolla oli tasan.<\/p>\n<p>Toisella jaksolla Grani ei johtanut ottelua kertaakaan, mutta SIF:n johtokaan ei jakson alun j\u00e4lkeen k\u00e4ynyt yli kahdessa maalissa. Viel\u00e4 viimeisell\u00e4 kahdelle minuutille l\u00e4hdettiin tasatilanteessa, mutta SIF venytti sen verran lopussa, ett\u00e4 hankki itselleen pienen edun ennen perjantaista toista kohtaamista Kauniaisissa.<\/p>\n<p>SIF-valmentaja Kaj Hagman n\u00e4ki parantamisen varaakin, mutta peliss\u00e4 oli hyvi\u00e4kin elementtej\u00e4 etenkin loppua kohden.<\/p>\n<p>&#8211; Ei todellakaan parasta peli\u00e4mme, mutta kun saimme puolutustuspelin toimimaan ja sit\u00e4 kautta p\u00e4\u00e4simme vastaiskuihin, kaikki n\u00e4ytti ihan hyv\u00e4lt\u00e4. Meid\u00e4n pit\u00e4\u00e4 johtoasemassa pelata huolellisemmin perjantaina eik\u00e4 ottaa tyhmi\u00e4 ratkaisuja, Hagman pohti.<\/p>\n<p>Mikko Koskue Granin penkin p\u00e4\u00e4ss\u00e4 kiitteli kummankin joukkueen taistelua ja n\u00e4ki lopputuloksen kokonaiskuvan kannalta kuitenkin kohtuullisena.<\/p>\n<p>&#8211; Kovaa v\u00e4\u00e4nt\u00f6\u00e4 kuten kuuluukin. Ei parasta peli\u00e4 meilt\u00e4 mutta kuitenkin ihan hyv\u00e4t l\u00e4ht\u00f6asetelmat perjantain peliin.<\/p>\n<p>Vakuuttavimman pelaajan tittelin nappasi SIF-maalivahti Rony L\u00e9ven, joka muistutti kaiken olevan viel\u00e4 t\u00e4ysin auki.<\/p>\n<p>&#8211; Kahden maalin johtoasema ei ole mit\u00e4\u00e4n joten k\u00e4yt\u00e4nn\u00f6ss\u00e4 aloitamme tasatilanteesta. Perjantaina pit\u00e4\u00e4 voittaa, mutta hankala paikka ja hankala peli, L\u00e9ven arvioi tulevaa ratkaisuottelua.<\/p>\n<p><em><strong>1. pronssiottelu:<\/strong><\/em><br \/>\n<strong>SIF \u2013 GrIFK 27-25 (15-15)<\/strong><br \/>\nPronssi ratkeaa kahden ottelun yhteistuloksella.<\/p>\n<p><strong>Maalintekij\u00e4t<\/strong><br \/>\nSIF: Hagman Jan 9, Martin Ian 5, Puna Ardo 4, Westerlund Theo 3, Voutilainen Vincent 2, Tibar Taavi 2, Svanb\u00e4ck Gustav 2<br \/>\nGrIFK: Brummer Paavo 5, Sundberg Richard 4, Toomla Sten 3, Koljonen Miro 3, Forss Fredrik 3, Silfver Sami 2, Hammarberg Wilhelm 2, Von Numers Alexander 1, L\u00e5ng Patrik 1, Berg Jonathan 1<\/p>\n<p><strong>L\u00e4hiTapiola-t\u00e4htipelaajat<\/strong><br \/>\nLeven Rony, SIF 3<br \/>\nPakarinen Atte, GrIFK 2<br \/>\nHagman Jan, SIF 1<\/p>\n<p><strong>2 min ulosajot sek\u00e4 pelist\u00e4 sulkemiset<\/strong><br \/>\nSIF: Hagman Jan 1 x 2 min, Tibar Taavi 1 x 2 min<br \/>\nGrIFK: Koljonen Miro 1 x 2 min, L\u00e5ng Alexander 1 x 2 min, Sj\u00f6blom Peik 1 x 2 min, Sundberg Richard 2 x 2 min<\/p>\n<p><em>Erotuomarit<\/em>: Helander Jan &#8211; Westerlund Christian<\/p>\n<p><em>Yleis\u00f6\u00e4<\/em>: 603<\/p>\n","protected":false},"excerpt":{"rendered":"<p>SIF otti pronssikamppailussa niukan edun kaadettuaan ensimm\u00e4isess\u00e4 osassa kotonaan keskiviikkona GrIFK:n niukasti kahden maalin erolla. SIF:n ter\u00e4v\u00e4n alun j\u00e4lkeen GrIFK otti hienoisen otteen pelist\u00e4 ja piti johtoa hallussaan 20 peliminuuttiin saakka. Numeroista 9-11 SIF k\u00e4\u00e4nsi tilanteen kuitenkin edukseen 15-11, mutta avausjakson lopun tuli puolestaan Grani vahvasti ja tilanne tauolla oli tasan. Toisella jaksolla Grani ei [&hellip;]<\/p>\n","protected":false},"author":13,"featured_media":15862,"comment_status":"closed","ping_status":"open","sticky":false,"template":"","format":"standard","meta":{"_acf_changed":false,"jetpack_post_was_ever_published":false,"_jetpack_newsletter_access":"","_jetpack_dont_email_post_to_subs":false,"_jetpack_newsletter_tier_id":0,"_jetpack_memberships_contains_paywalled_content":false,"_jetpack_memberships_contains_paid_content":false,"footnotes":""},"categories":[25,28],"tags":[64,111],"class_list":["post-16544","post","type-post","status-publish","format-standard","has-post-thumbnail","hentry","category-ottelut-2016-2017","category-play-off-2016-2017","tag-grifk","tag-sif"],"acf":[],"yoast_head":"<!-- This site is optimized with the Yoast SEO plugin v27.5 - https:\/\/yoast.com\/product\/yoast-seo-wordpress\/ -->\n<title>SIF kaatoi GrIFK:n niukasti ensimm\u00e4isess\u00e4 pronssiottelussa | K\u00e4sipallon miesten Aktialiiga<\/title>\n<meta name=\"robots\" content=\"index, follow, max-snippet:-1, max-image-preview:large, max-video-preview:-1\" \/>\n<link rel=\"canonical\" href=\"https:\/\/aktialiiga.fi\/miehet\/2016-2017\/ottelut-2016-2017\/sif-kaatoi-grifkn-niukasti-ensimmaisessa-pronssiottelussa\/\" \/>\n<meta property=\"og:locale\" content=\"fi_FI\" \/>\n<meta property=\"og:type\" content=\"article\" \/>\n<meta property=\"og:title\" content=\"SIF kaatoi GrIFK:n niukasti ensimm\u00e4isess\u00e4 pronssiottelussa | K\u00e4sipallon miesten Aktialiiga\" \/>\n<meta property=\"og:description\" content=\"SIF otti pronssikamppailussa niukan edun kaadettuaan ensimm\u00e4isess\u00e4 osassa kotonaan keskiviikkona GrIFK:n niukasti kahden maalin erolla. SIF:n ter\u00e4v\u00e4n alun j\u00e4lkeen GrIFK otti hienoisen otteen pelist\u00e4 ja piti johtoa hallussaan 20 peliminuuttiin saakka. Numeroista 9-11 SIF k\u00e4\u00e4nsi tilanteen kuitenkin edukseen 15-11, mutta avausjakson lopun tuli puolestaan Grani vahvasti ja tilanne tauolla oli tasan. Toisella jaksolla Grani ei [&hellip;]\" \/>\n<meta property=\"og:url\" content=\"https:\/\/aktialiiga.fi\/miehet\/2016-2017\/ottelut-2016-2017\/sif-kaatoi-grifkn-niukasti-ensimmaisessa-pronssiottelussa\/\" \/>\n<meta property=\"og:site_name\" content=\"K\u00e4sipallon miesten Aktialiiga\" \/>\n<meta property=\"article:publisher\" content=\"https:\/\/www.facebook.com\/finnhandball\" \/>\n<meta property=\"article:published_time\" content=\"2017-04-26T17:24:12+00:00\" \/>\n<meta property=\"article:modified_time\" content=\"2018-04-20T09:45:39+00:00\" \/>\n<meta property=\"og:image\" content=\"https:\/\/i0.wp.com\/aktialiiga.fi\/miehet\/wp-content\/uploads\/sites\/5\/2017\/01\/SIF_juhlii_1617.jpg?fit=711%2C320&ssl=1\" \/>\n\t<meta property=\"og:image:width\" content=\"711\" \/>\n\t<meta property=\"og:image:height\" content=\"320\" \/>\n\t<meta property=\"og:image:type\" content=\"image\/jpeg\" \/>\n<meta name=\"author\" content=\"tbrmedia\" \/>\n<meta name=\"twitter:card\" content=\"summary_large_image\" \/>\n<meta name=\"twitter:creator\" content=\"@finnhandball\" \/>\n<meta name=\"twitter:site\" content=\"@finnhandball\" \/>\n<script type=\"application\/ld+json\" class=\"yoast-schema-graph\">{\"@context\":\"https:\\\/\\\/schema.org\",\"@graph\":[{\"@type\":\"Article\",\"@id\":\"https:\\\/\\\/aktialiiga.fi\\\/miehet\\\/2016-2017\\\/ottelut-2016-2017\\\/sif-kaatoi-grifkn-niukasti-ensimmaisessa-pronssiottelussa\\\/#article\",\"isPartOf\":{\"@id\":\"https:\\\/\\\/aktialiiga.fi\\\/miehet\\\/2016-2017\\\/ottelut-2016-2017\\\/sif-kaatoi-grifkn-niukasti-ensimmaisessa-pronssiottelussa\\\/\"},\"author\":{\"name\":\"tbrmedia\",\"@id\":\"https:\\\/\\\/aktialiiga.fi\\\/miehet\\\/#\\\/schema\\\/person\\\/c14bf42f47041db74603c45afcb18d87\"},\"headline\":\"SIF kaatoi GrIFK:n niukasti ensimm\u00e4isess\u00e4 pronssiottelussa\",\"datePublished\":\"2017-04-26T17:24:12+00:00\",\"dateModified\":\"2018-04-20T09:45:39+00:00\",\"mainEntityOfPage\":{\"@id\":\"https:\\\/\\\/aktialiiga.fi\\\/miehet\\\/2016-2017\\\/ottelut-2016-2017\\\/sif-kaatoi-grifkn-niukasti-ensimmaisessa-pronssiottelussa\\\/\"},\"wordCount\":347,\"publisher\":{\"@id\":\"https:\\\/\\\/aktialiiga.fi\\\/miehet\\\/#organization\"},\"image\":{\"@id\":\"https:\\\/\\\/aktialiiga.fi\\\/miehet\\\/2016-2017\\\/ottelut-2016-2017\\\/sif-kaatoi-grifkn-niukasti-ensimmaisessa-pronssiottelussa\\\/#primaryimage\"},\"thumbnailUrl\":\"https:\\\/\\\/i0.wp.com\\\/aktialiiga.fi\\\/miehet\\\/wp-content\\\/uploads\\\/sites\\\/5\\\/2017\\\/01\\\/SIF_juhlii_1617.jpg?fit=711%2C320&ssl=1\",\"keywords\":[\"GrIFK\",\"SIF\"],\"articleSection\":[\"Ottelut\",\"Play off\"],\"inLanguage\":\"fi\"},{\"@type\":\"WebPage\",\"@id\":\"https:\\\/\\\/aktialiiga.fi\\\/miehet\\\/2016-2017\\\/ottelut-2016-2017\\\/sif-kaatoi-grifkn-niukasti-ensimmaisessa-pronssiottelussa\\\/\",\"url\":\"https:\\\/\\\/aktialiiga.fi\\\/miehet\\\/2016-2017\\\/ottelut-2016-2017\\\/sif-kaatoi-grifkn-niukasti-ensimmaisessa-pronssiottelussa\\\/\",\"name\":\"SIF kaatoi GrIFK:n niukasti ensimm\u00e4isess\u00e4 pronssiottelussa | K\u00e4sipallon miesten Aktialiiga\",\"isPartOf\":{\"@id\":\"https:\\\/\\\/aktialiiga.fi\\\/miehet\\\/#website\"},\"primaryImageOfPage\":{\"@id\":\"https:\\\/\\\/aktialiiga.fi\\\/miehet\\\/2016-2017\\\/ottelut-2016-2017\\\/sif-kaatoi-grifkn-niukasti-ensimmaisessa-pronssiottelussa\\\/#primaryimage\"},\"image\":{\"@id\":\"https:\\\/\\\/aktialiiga.fi\\\/miehet\\\/2016-2017\\\/ottelut-2016-2017\\\/sif-kaatoi-grifkn-niukasti-ensimmaisessa-pronssiottelussa\\\/#primaryimage\"},\"thumbnailUrl\":\"https:\\\/\\\/i0.wp.com\\\/aktialiiga.fi\\\/miehet\\\/wp-content\\\/uploads\\\/sites\\\/5\\\/2017\\\/01\\\/SIF_juhlii_1617.jpg?fit=711%2C320&ssl=1\",\"datePublished\":\"2017-04-26T17:24:12+00:00\",\"dateModified\":\"2018-04-20T09:45:39+00:00\",\"breadcrumb\":{\"@id\":\"https:\\\/\\\/aktialiiga.fi\\\/miehet\\\/2016-2017\\\/ottelut-2016-2017\\\/sif-kaatoi-grifkn-niukasti-ensimmaisessa-pronssiottelussa\\\/#breadcrumb\"},\"inLanguage\":\"fi\",\"potentialAction\":[{\"@type\":\"ReadAction\",\"target\":[\"https:\\\/\\\/aktialiiga.fi\\\/miehet\\\/2016-2017\\\/ottelut-2016-2017\\\/sif-kaatoi-grifkn-niukasti-ensimmaisessa-pronssiottelussa\\\/\"]}]},{\"@type\":\"ImageObject\",\"inLanguage\":\"fi\",\"@id\":\"https:\\\/\\\/aktialiiga.fi\\\/miehet\\\/2016-2017\\\/ottelut-2016-2017\\\/sif-kaatoi-grifkn-niukasti-ensimmaisessa-pronssiottelussa\\\/#primaryimage\",\"url\":\"https:\\\/\\\/i0.wp.com\\\/aktialiiga.fi\\\/miehet\\\/wp-content\\\/uploads\\\/sites\\\/5\\\/2017\\\/01\\\/SIF_juhlii_1617.jpg?fit=711%2C320&ssl=1\",\"contentUrl\":\"https:\\\/\\\/i0.wp.com\\\/aktialiiga.fi\\\/miehet\\\/wp-content\\\/uploads\\\/sites\\\/5\\\/2017\\\/01\\\/SIF_juhlii_1617.jpg?fit=711%2C320&ssl=1\",\"width\":711,\"height\":320},{\"@type\":\"BreadcrumbList\",\"@id\":\"https:\\\/\\\/aktialiiga.fi\\\/miehet\\\/2016-2017\\\/ottelut-2016-2017\\\/sif-kaatoi-grifkn-niukasti-ensimmaisessa-pronssiottelussa\\\/#breadcrumb\",\"itemListElement\":[{\"@type\":\"ListItem\",\"position\":1,\"name\":\"Etusivu\",\"item\":\"https:\\\/\\\/aktialiiga.fi\\\/miehet\\\/\"},{\"@type\":\"ListItem\",\"position\":2,\"name\":\"SIF kaatoi GrIFK:n niukasti ensimm\u00e4isess\u00e4 pronssiottelussa\"}]},{\"@type\":\"WebSite\",\"@id\":\"https:\\\/\\\/aktialiiga.fi\\\/miehet\\\/#website\",\"url\":\"https:\\\/\\\/aktialiiga.fi\\\/miehet\\\/\",\"name\":\"K\u00e4sipallon miesten Aktialiiga\",\"description\":\"Valtakunnan vauhdikkainta palloilua!\",\"publisher\":{\"@id\":\"https:\\\/\\\/aktialiiga.fi\\\/miehet\\\/#organization\"},\"potentialAction\":[{\"@type\":\"SearchAction\",\"target\":{\"@type\":\"EntryPoint\",\"urlTemplate\":\"https:\\\/\\\/aktialiiga.fi\\\/miehet\\\/?s={search_term_string}\"},\"query-input\":{\"@type\":\"PropertyValueSpecification\",\"valueRequired\":true,\"valueName\":\"search_term_string\"}}],\"inLanguage\":\"fi\"},{\"@type\":\"Organization\",\"@id\":\"https:\\\/\\\/aktialiiga.fi\\\/miehet\\\/#organization\",\"name\":\"K\u00e4sipallon miesten Aktialiiga\",\"url\":\"https:\\\/\\\/aktialiiga.fi\\\/miehet\\\/\",\"logo\":{\"@type\":\"ImageObject\",\"inLanguage\":\"fi\",\"@id\":\"https:\\\/\\\/aktialiiga.fi\\\/miehet\\\/#\\\/schema\\\/logo\\\/image\\\/\",\"url\":\"https:\\\/\\\/i0.wp.com\\\/aktialiiga.fi\\\/miehet\\\/wp-content\\\/uploads\\\/sites\\\/5\\\/2024\\\/09\\\/Aktialiiga-Yoast-512.png?fit=512%2C512&ssl=1\",\"contentUrl\":\"https:\\\/\\\/i0.wp.com\\\/aktialiiga.fi\\\/miehet\\\/wp-content\\\/uploads\\\/sites\\\/5\\\/2024\\\/09\\\/Aktialiiga-Yoast-512.png?fit=512%2C512&ssl=1\",\"width\":512,\"height\":512,\"caption\":\"K\u00e4sipallon miesten Aktialiiga\"},\"image\":{\"@id\":\"https:\\\/\\\/aktialiiga.fi\\\/miehet\\\/#\\\/schema\\\/logo\\\/image\\\/\"},\"sameAs\":[\"https:\\\/\\\/www.facebook.com\\\/finnhandball\",\"https:\\\/\\\/x.com\\\/finnhandball\",\"https:\\\/\\\/www.instagram.com\\\/handballfinland\\\/\"]},{\"@type\":\"Person\",\"@id\":\"https:\\\/\\\/aktialiiga.fi\\\/miehet\\\/#\\\/schema\\\/person\\\/c14bf42f47041db74603c45afcb18d87\",\"name\":\"tbrmedia\",\"image\":{\"@type\":\"ImageObject\",\"inLanguage\":\"fi\",\"@id\":\"https:\\\/\\\/secure.gravatar.com\\\/avatar\\\/ee975fa091fe581d12b60debb3439022686618368a7c142044c56724d4666b16?s=96&d=mm&r=g\",\"url\":\"https:\\\/\\\/secure.gravatar.com\\\/avatar\\\/ee975fa091fe581d12b60debb3439022686618368a7c142044c56724d4666b16?s=96&d=mm&r=g\",\"contentUrl\":\"https:\\\/\\\/secure.gravatar.com\\\/avatar\\\/ee975fa091fe581d12b60debb3439022686618368a7c142044c56724d4666b16?s=96&d=mm&r=g\",\"caption\":\"tbrmedia\"}}]}<\/script>\n<!-- \/ Yoast SEO plugin. -->","yoast_head_json":{"title":"SIF kaatoi GrIFK:n niukasti ensimm\u00e4isess\u00e4 pronssiottelussa | K\u00e4sipallon miesten Aktialiiga","robots":{"index":"index","follow":"follow","max-snippet":"max-snippet:-1","max-image-preview":"max-image-preview:large","max-video-preview":"max-video-preview:-1"},"canonical":"https:\/\/aktialiiga.fi\/miehet\/2016-2017\/ottelut-2016-2017\/sif-kaatoi-grifkn-niukasti-ensimmaisessa-pronssiottelussa\/","og_locale":"fi_FI","og_type":"article","og_title":"SIF kaatoi GrIFK:n niukasti ensimm\u00e4isess\u00e4 pronssiottelussa | K\u00e4sipallon miesten Aktialiiga","og_description":"SIF otti pronssikamppailussa niukan edun kaadettuaan ensimm\u00e4isess\u00e4 osassa kotonaan keskiviikkona GrIFK:n niukasti kahden maalin erolla. SIF:n ter\u00e4v\u00e4n alun j\u00e4lkeen GrIFK otti hienoisen otteen pelist\u00e4 ja piti johtoa hallussaan 20 peliminuuttiin saakka. Numeroista 9-11 SIF k\u00e4\u00e4nsi tilanteen kuitenkin edukseen 15-11, mutta avausjakson lopun tuli puolestaan Grani vahvasti ja tilanne tauolla oli tasan. Toisella jaksolla Grani ei [&hellip;]","og_url":"https:\/\/aktialiiga.fi\/miehet\/2016-2017\/ottelut-2016-2017\/sif-kaatoi-grifkn-niukasti-ensimmaisessa-pronssiottelussa\/","og_site_name":"K\u00e4sipallon miesten Aktialiiga","article_publisher":"https:\/\/www.facebook.com\/finnhandball","article_published_time":"2017-04-26T17:24:12+00:00","article_modified_time":"2018-04-20T09:45:39+00:00","og_image":[{"width":711,"height":320,"url":"https:\/\/i0.wp.com\/aktialiiga.fi\/miehet\/wp-content\/uploads\/sites\/5\/2017\/01\/SIF_juhlii_1617.jpg?fit=711%2C320&ssl=1","type":"image\/jpeg"}],"author":"tbrmedia","twitter_card":"summary_large_image","twitter_creator":"@finnhandball","twitter_site":"@finnhandball","schema":{"@context":"https:\/\/schema.org","@graph":[{"@type":"Article","@id":"https:\/\/aktialiiga.fi\/miehet\/2016-2017\/ottelut-2016-2017\/sif-kaatoi-grifkn-niukasti-ensimmaisessa-pronssiottelussa\/#article","isPartOf":{"@id":"https:\/\/aktialiiga.fi\/miehet\/2016-2017\/ottelut-2016-2017\/sif-kaatoi-grifkn-niukasti-ensimmaisessa-pronssiottelussa\/"},"author":{"name":"tbrmedia","@id":"https:\/\/aktialiiga.fi\/miehet\/#\/schema\/person\/c14bf42f47041db74603c45afcb18d87"},"headline":"SIF kaatoi GrIFK:n niukasti ensimm\u00e4isess\u00e4 pronssiottelussa","datePublished":"2017-04-26T17:24:12+00:00","dateModified":"2018-04-20T09:45:39+00:00","mainEntityOfPage":{"@id":"https:\/\/aktialiiga.fi\/miehet\/2016-2017\/ottelut-2016-2017\/sif-kaatoi-grifkn-niukasti-ensimmaisessa-pronssiottelussa\/"},"wordCount":347,"publisher":{"@id":"https:\/\/aktialiiga.fi\/miehet\/#organization"},"image":{"@id":"https:\/\/aktialiiga.fi\/miehet\/2016-2017\/ottelut-2016-2017\/sif-kaatoi-grifkn-niukasti-ensimmaisessa-pronssiottelussa\/#primaryimage"},"thumbnailUrl":"https:\/\/i0.wp.com\/aktialiiga.fi\/miehet\/wp-content\/uploads\/sites\/5\/2017\/01\/SIF_juhlii_1617.jpg?fit=711%2C320&ssl=1","keywords":["GrIFK","SIF"],"articleSection":["Ottelut","Play off"],"inLanguage":"fi"},{"@type":"WebPage","@id":"https:\/\/aktialiiga.fi\/miehet\/2016-2017\/ottelut-2016-2017\/sif-kaatoi-grifkn-niukasti-ensimmaisessa-pronssiottelussa\/","url":"https:\/\/aktialiiga.fi\/miehet\/2016-2017\/ottelut-2016-2017\/sif-kaatoi-grifkn-niukasti-ensimmaisessa-pronssiottelussa\/","name":"SIF kaatoi GrIFK:n niukasti ensimm\u00e4isess\u00e4 pronssiottelussa | K\u00e4sipallon miesten Aktialiiga","isPartOf":{"@id":"https:\/\/aktialiiga.fi\/miehet\/#website"},"primaryImageOfPage":{"@id":"https:\/\/aktialiiga.fi\/miehet\/2016-2017\/ottelut-2016-2017\/sif-kaatoi-grifkn-niukasti-ensimmaisessa-pronssiottelussa\/#primaryimage"},"image":{"@id":"https:\/\/aktialiiga.fi\/miehet\/2016-2017\/ottelut-2016-2017\/sif-kaatoi-grifkn-niukasti-ensimmaisessa-pronssiottelussa\/#primaryimage"},"thumbnailUrl":"https:\/\/i0.wp.com\/aktialiiga.fi\/miehet\/wp-content\/uploads\/sites\/5\/2017\/01\/SIF_juhlii_1617.jpg?fit=711%2C320&ssl=1","datePublished":"2017-04-26T17:24:12+00:00","dateModified":"2018-04-20T09:45:39+00:00","breadcrumb":{"@id":"https:\/\/aktialiiga.fi\/miehet\/2016-2017\/ottelut-2016-2017\/sif-kaatoi-grifkn-niukasti-ensimmaisessa-pronssiottelussa\/#breadcrumb"},"inLanguage":"fi","potentialAction":[{"@type":"ReadAction","target":["https:\/\/aktialiiga.fi\/miehet\/2016-2017\/ottelut-2016-2017\/sif-kaatoi-grifkn-niukasti-ensimmaisessa-pronssiottelussa\/"]}]},{"@type":"ImageObject","inLanguage":"fi","@id":"https:\/\/aktialiiga.fi\/miehet\/2016-2017\/ottelut-2016-2017\/sif-kaatoi-grifkn-niukasti-ensimmaisessa-pronssiottelussa\/#primaryimage","url":"https:\/\/i0.wp.com\/aktialiiga.fi\/miehet\/wp-content\/uploads\/sites\/5\/2017\/01\/SIF_juhlii_1617.jpg?fit=711%2C320&ssl=1","contentUrl":"https:\/\/i0.wp.com\/aktialiiga.fi\/miehet\/wp-content\/uploads\/sites\/5\/2017\/01\/SIF_juhlii_1617.jpg?fit=711%2C320&ssl=1","width":711,"height":320},{"@type":"BreadcrumbList","@id":"https:\/\/aktialiiga.fi\/miehet\/2016-2017\/ottelut-2016-2017\/sif-kaatoi-grifkn-niukasti-ensimmaisessa-pronssiottelussa\/#breadcrumb","itemListElement":[{"@type":"ListItem","position":1,"name":"Etusivu","item":"https:\/\/aktialiiga.fi\/miehet\/"},{"@type":"ListItem","position":2,"name":"SIF kaatoi GrIFK:n niukasti ensimm\u00e4isess\u00e4 pronssiottelussa"}]},{"@type":"WebSite","@id":"https:\/\/aktialiiga.fi\/miehet\/#website","url":"https:\/\/aktialiiga.fi\/miehet\/","name":"K\u00e4sipallon miesten Aktialiiga","description":"Valtakunnan vauhdikkainta palloilua!","publisher":{"@id":"https:\/\/aktialiiga.fi\/miehet\/#organization"},"potentialAction":[{"@type":"SearchAction","target":{"@type":"EntryPoint","urlTemplate":"https:\/\/aktialiiga.fi\/miehet\/?s={search_term_string}"},"query-input":{"@type":"PropertyValueSpecification","valueRequired":true,"valueName":"search_term_string"}}],"inLanguage":"fi"},{"@type":"Organization","@id":"https:\/\/aktialiiga.fi\/miehet\/#organization","name":"K\u00e4sipallon miesten Aktialiiga","url":"https:\/\/aktialiiga.fi\/miehet\/","logo":{"@type":"ImageObject","inLanguage":"fi","@id":"https:\/\/aktialiiga.fi\/miehet\/#\/schema\/logo\/image\/","url":"https:\/\/i0.wp.com\/aktialiiga.fi\/miehet\/wp-content\/uploads\/sites\/5\/2024\/09\/Aktialiiga-Yoast-512.png?fit=512%2C512&ssl=1","contentUrl":"https:\/\/i0.wp.com\/aktialiiga.fi\/miehet\/wp-content\/uploads\/sites\/5\/2024\/09\/Aktialiiga-Yoast-512.png?fit=512%2C512&ssl=1","width":512,"height":512,"caption":"K\u00e4sipallon miesten Aktialiiga"},"image":{"@id":"https:\/\/aktialiiga.fi\/miehet\/#\/schema\/logo\/image\/"},"sameAs":["https:\/\/www.facebook.com\/finnhandball","https:\/\/x.com\/finnhandball","https:\/\/www.instagram.com\/handballfinland\/"]},{"@type":"Person","@id":"https:\/\/aktialiiga.fi\/miehet\/#\/schema\/person\/c14bf42f47041db74603c45afcb18d87","name":"tbrmedia","image":{"@type":"ImageObject","inLanguage":"fi","@id":"https:\/\/secure.gravatar.com\/avatar\/ee975fa091fe581d12b60debb3439022686618368a7c142044c56724d4666b16?s=96&d=mm&r=g","url":"https:\/\/secure.gravatar.com\/avatar\/ee975fa091fe581d12b60debb3439022686618368a7c142044c56724d4666b16?s=96&d=mm&r=g","contentUrl":"https:\/\/secure.gravatar.com\/avatar\/ee975fa091fe581d12b60debb3439022686618368a7c142044c56724d4666b16?s=96&d=mm&r=g","caption":"tbrmedia"}}]}},"jetpack_featured_media_url":"https:\/\/i0.wp.com\/aktialiiga.fi\/miehet\/wp-content\/uploads\/sites\/5\/2017\/01\/SIF_juhlii_1617.jpg?fit=711%2C320&ssl=1","jetpack_sharing_enabled":true,"jetpack_shortlink":"https:\/\/wp.me\/pfTxOr-4iQ","_links":{"self":[{"href":"https:\/\/aktialiiga.fi\/miehet\/wp-json\/wp\/v2\/posts\/16544","targetHints":{"allow":["GET"]}}],"collection":[{"href":"https:\/\/aktialiiga.fi\/miehet\/wp-json\/wp\/v2\/posts"}],"about":[{"href":"https:\/\/aktialiiga.fi\/miehet\/wp-json\/wp\/v2\/types\/post"}],"author":[{"embeddable":true,"href":"https:\/\/aktialiiga.fi\/miehet\/wp-json\/wp\/v2\/users\/13"}],"replies":[{"embeddable":true,"href":"https:\/\/aktialiiga.fi\/miehet\/wp-json\/wp\/v2\/comments?post=16544"}],"version-history":[{"count":0,"href":"https:\/\/aktialiiga.fi\/miehet\/wp-json\/wp\/v2\/posts\/16544\/revisions"}],"wp:featuredmedia":[{"embeddable":true,"href":"https:\/\/aktialiiga.fi\/miehet\/wp-json\/wp\/v2\/media\/15862"}],"wp:attachment":[{"href":"https:\/\/aktialiiga.fi\/miehet\/wp-json\/wp\/v2\/media?parent=16544"}],"wp:term":[{"taxonomy":"category","embeddable":true,"href":"https:\/\/aktialiiga.fi\/miehet\/wp-json\/wp\/v2\/categories?post=16544"},{"taxonomy":"post_tag","embeddable":true,"href":"https:\/\/aktialiiga.fi\/miehet\/wp-json\/wp\/v2\/tags?post=16544"}],"curies":[{"name":"wp","href":"https:\/\/api.w.org\/{rel}","templated":true}]}}