{"id":16585,"date":"2017-05-09T18:41:05","date_gmt":"2017-05-09T15:41:05","guid":{"rendered":"https:\/\/aktialiiga.fi\/miehet\/?p=16585"},"modified":"2018-04-20T12:45:37","modified_gmt":"2018-04-20T09:45:37","slug":"16585","status":"publish","type":"post","link":"https:\/\/aktialiiga.fi\/miehet\/ajankohtaista\/16585\/","title":{"rendered":"Ardo Puna jatkaa SIF:n riveiss\u00e4"},"content":{"rendered":"<p>Jatkosopimusneuvottelut SIF:n ja Ardo Punan kesken on saatu p\u00e4\u00e4t\u00f6kseen ja osapuolet ovat allekirjoittaneet yksivuotisen sopimuksen.<\/p>\n<p>Puna on odotetusti her\u00e4tt\u00e4nyt kiinnostusta my\u00f6s muissa seuroissa ja siksi sopimus oli SIF:n kannalta t\u00e4rke\u00e4\u00e4 saada valmiiksi jo t\u00e4ss\u00e4 vaiheessa.<\/p>\n<p>Vaikka Punan harjoittelu, varsinkin alkukaudesta, suurelta osin sujui polvivamman j\u00e4lkeisen kuntoutuksen parissa, ehti h\u00e4n reilun kolmen kuukauden aikana pelata itsens\u00e4 suomalaisen k\u00e4sipallokansan tietoisuuteen. Tuona aikana mies pelasi 13 ottelua ja tehtaili pelinrakennuksen ohella 108 maalia. Ensi kaudella j\u00e4\u00e4 n\u00e4ht\u00e4v\u00e4ksi mihin mies pystyy ollessaan 100% kunnossa.<\/p>\n<p>&#8211; Olen viihtynyt Siuntiossa hyvin ja haluan jatkaa seurassa. T\u00e4\u00e4ll\u00e4 on hyv\u00e4 tunnelma sek\u00e4 joukkueen sis\u00e4ll\u00e4 ett\u00e4 hallissa otteluiden aikana. En etuk\u00e4teen tiennyt ett\u00e4 seuralla on n\u00e4in hieno yleis\u00f6 joka tukee joukkuetta my\u00f6s vieraspeleiss\u00e4.<\/p>\n<p>&#8211; SIF:ll\u00e4 on my\u00f6s junioritoiminta hyv\u00e4ll\u00e4 mallilla, josta osoituksena mm. finaalipaikat viikonlopun C-02 junioreiden- sek\u00e4 A-tytt\u00f6jen lopputurnauksissa. My\u00f6s B-junioreissa ja A-pojissa v\u00e4lier\u00e4paikat ovat selv\u00e4t, n\u00e4in seura kasvattaa hyvi\u00e4 omia pelaajia joiden varaan aikuisten joukkueita voidaan rakentaa. Harri Kokko on ollut minulle korvaamaton apu kuntoutusohjelmien laadinnassa ja fysiikan kehitt\u00e4misess\u00e4, kertoo Puna jatkamisensa syist\u00e4 SIF:n verkkosivuilla.<\/p>\n<p>SIF:n manageri Niclas Karlsson on sopimuksen syntymiseen eritt\u00e4in tyytyv\u00e4inen:<\/p>\n<p>&#8211; Kyll\u00e4h\u00e4n Ardon j\u00e4\u00e4minen seuraan on eritt\u00e4in iso asia, t\u00e4m\u00e4 tieto otetaan varmasti innostuneesti vastaan sek\u00e4 joukkueen sis\u00e4ll\u00e4 ett\u00e4 kannattajien keskuudessa. T\u00e4st\u00e4 on hyv\u00e4 jatkaa ensi kauden joukkueen rakentamista!<\/p>\n","protected":false},"excerpt":{"rendered":"<p>Jatkosopimusneuvottelut SIF:n ja Ardo Punan kesken on saatu p\u00e4\u00e4t\u00f6kseen ja osapuolet ovat allekirjoittaneet yksivuotisen sopimuksen. Puna on odotetusti her\u00e4tt\u00e4nyt kiinnostusta my\u00f6s muissa seuroissa ja siksi sopimus oli SIF:n kannalta t\u00e4rke\u00e4\u00e4 saada valmiiksi jo t\u00e4ss\u00e4 vaiheessa. Vaikka Punan harjoittelu, varsinkin alkukaudesta, suurelta osin sujui polvivamman j\u00e4lkeisen kuntoutuksen parissa, ehti h\u00e4n reilun kolmen kuukauden aikana pelata itsens\u00e4 [&hellip;]<\/p>\n","protected":false},"author":13,"featured_media":16384,"comment_status":"closed","ping_status":"open","sticky":false,"template":"","format":"standard","meta":{"_acf_changed":false,"jetpack_post_was_ever_published":false,"_jetpack_newsletter_access":"","_jetpack_dont_email_post_to_subs":false,"_jetpack_newsletter_tier_id":0,"_jetpack_memberships_contains_paywalled_content":false,"_jetpack_memberships_contains_paid_content":false,"footnotes":""},"categories":[2],"tags":[111],"class_list":["post-16585","post","type-post","status-publish","format-standard","has-post-thumbnail","hentry","category-ajankohtaista","tag-sif"],"acf":[],"yoast_head":"<!-- This site is optimized with the Yoast SEO plugin v27.5 - https:\/\/yoast.com\/product\/yoast-seo-wordpress\/ -->\n<title>Ardo Puna jatkaa SIF:n riveiss\u00e4 | K\u00e4sipallon miesten Aktialiiga<\/title>\n<meta name=\"robots\" content=\"index, follow, max-snippet:-1, max-image-preview:large, max-video-preview:-1\" \/>\n<link rel=\"canonical\" href=\"https:\/\/aktialiiga.fi\/miehet\/ajankohtaista\/16585\/\" \/>\n<meta property=\"og:locale\" content=\"fi_FI\" \/>\n<meta property=\"og:type\" content=\"article\" \/>\n<meta property=\"og:title\" content=\"Ardo Puna jatkaa SIF:n riveiss\u00e4 | K\u00e4sipallon miesten Aktialiiga\" \/>\n<meta property=\"og:description\" content=\"Jatkosopimusneuvottelut SIF:n ja Ardo Punan kesken on saatu p\u00e4\u00e4t\u00f6kseen ja osapuolet ovat allekirjoittaneet yksivuotisen sopimuksen. Puna on odotetusti her\u00e4tt\u00e4nyt kiinnostusta my\u00f6s muissa seuroissa ja siksi sopimus oli SIF:n kannalta t\u00e4rke\u00e4\u00e4 saada valmiiksi jo t\u00e4ss\u00e4 vaiheessa. Vaikka Punan harjoittelu, varsinkin alkukaudesta, suurelta osin sujui polvivamman j\u00e4lkeisen kuntoutuksen parissa, ehti h\u00e4n reilun kolmen kuukauden aikana pelata itsens\u00e4 [&hellip;]\" \/>\n<meta property=\"og:url\" content=\"https:\/\/aktialiiga.fi\/miehet\/ajankohtaista\/16585\/\" \/>\n<meta property=\"og:site_name\" content=\"K\u00e4sipallon miesten Aktialiiga\" \/>\n<meta property=\"article:publisher\" content=\"https:\/\/www.facebook.com\/finnhandball\" \/>\n<meta property=\"article:published_time\" content=\"2017-05-09T15:41:05+00:00\" \/>\n<meta property=\"article:modified_time\" content=\"2018-04-20T09:45:37+00:00\" \/>\n<meta property=\"og:image\" content=\"https:\/\/i0.wp.com\/aktialiiga.fi\/miehet\/wp-content\/uploads\/sites\/5\/2017\/03\/SIF_Puna_Ardo_1617.jpg?fit=711%2C345&ssl=1\" \/>\n\t<meta property=\"og:image:width\" content=\"711\" \/>\n\t<meta property=\"og:image:height\" content=\"345\" \/>\n\t<meta property=\"og:image:type\" content=\"image\/jpeg\" \/>\n<meta name=\"author\" content=\"tbrmedia\" \/>\n<meta name=\"twitter:card\" content=\"summary_large_image\" \/>\n<meta name=\"twitter:creator\" content=\"@finnhandball\" \/>\n<meta name=\"twitter:site\" content=\"@finnhandball\" \/>\n<script type=\"application\/ld+json\" class=\"yoast-schema-graph\">{\"@context\":\"https:\\\/\\\/schema.org\",\"@graph\":[{\"@type\":\"Article\",\"@id\":\"https:\\\/\\\/aktialiiga.fi\\\/miehet\\\/ajankohtaista\\\/16585\\\/#article\",\"isPartOf\":{\"@id\":\"https:\\\/\\\/aktialiiga.fi\\\/miehet\\\/ajankohtaista\\\/16585\\\/\"},\"author\":{\"name\":\"tbrmedia\",\"@id\":\"https:\\\/\\\/aktialiiga.fi\\\/miehet\\\/#\\\/schema\\\/person\\\/c14bf42f47041db74603c45afcb18d87\"},\"headline\":\"Ardo Puna jatkaa SIF:n riveiss\u00e4\",\"datePublished\":\"2017-05-09T15:41:05+00:00\",\"dateModified\":\"2018-04-20T09:45:37+00:00\",\"mainEntityOfPage\":{\"@id\":\"https:\\\/\\\/aktialiiga.fi\\\/miehet\\\/ajankohtaista\\\/16585\\\/\"},\"wordCount\":250,\"publisher\":{\"@id\":\"https:\\\/\\\/aktialiiga.fi\\\/miehet\\\/#organization\"},\"image\":{\"@id\":\"https:\\\/\\\/aktialiiga.fi\\\/miehet\\\/ajankohtaista\\\/16585\\\/#primaryimage\"},\"thumbnailUrl\":\"https:\\\/\\\/i0.wp.com\\\/aktialiiga.fi\\\/miehet\\\/wp-content\\\/uploads\\\/sites\\\/5\\\/2017\\\/03\\\/SIF_Puna_Ardo_1617.jpg?fit=711%2C345&ssl=1\",\"keywords\":[\"SIF\"],\"articleSection\":[\"Ajankohtaista\"],\"inLanguage\":\"fi\"},{\"@type\":\"WebPage\",\"@id\":\"https:\\\/\\\/aktialiiga.fi\\\/miehet\\\/ajankohtaista\\\/16585\\\/\",\"url\":\"https:\\\/\\\/aktialiiga.fi\\\/miehet\\\/ajankohtaista\\\/16585\\\/\",\"name\":\"Ardo Puna jatkaa SIF:n riveiss\u00e4 | K\u00e4sipallon miesten Aktialiiga\",\"isPartOf\":{\"@id\":\"https:\\\/\\\/aktialiiga.fi\\\/miehet\\\/#website\"},\"primaryImageOfPage\":{\"@id\":\"https:\\\/\\\/aktialiiga.fi\\\/miehet\\\/ajankohtaista\\\/16585\\\/#primaryimage\"},\"image\":{\"@id\":\"https:\\\/\\\/aktialiiga.fi\\\/miehet\\\/ajankohtaista\\\/16585\\\/#primaryimage\"},\"thumbnailUrl\":\"https:\\\/\\\/i0.wp.com\\\/aktialiiga.fi\\\/miehet\\\/wp-content\\\/uploads\\\/sites\\\/5\\\/2017\\\/03\\\/SIF_Puna_Ardo_1617.jpg?fit=711%2C345&ssl=1\",\"datePublished\":\"2017-05-09T15:41:05+00:00\",\"dateModified\":\"2018-04-20T09:45:37+00:00\",\"breadcrumb\":{\"@id\":\"https:\\\/\\\/aktialiiga.fi\\\/miehet\\\/ajankohtaista\\\/16585\\\/#breadcrumb\"},\"inLanguage\":\"fi\",\"potentialAction\":[{\"@type\":\"ReadAction\",\"target\":[\"https:\\\/\\\/aktialiiga.fi\\\/miehet\\\/ajankohtaista\\\/16585\\\/\"]}]},{\"@type\":\"ImageObject\",\"inLanguage\":\"fi\",\"@id\":\"https:\\\/\\\/aktialiiga.fi\\\/miehet\\\/ajankohtaista\\\/16585\\\/#primaryimage\",\"url\":\"https:\\\/\\\/i0.wp.com\\\/aktialiiga.fi\\\/miehet\\\/wp-content\\\/uploads\\\/sites\\\/5\\\/2017\\\/03\\\/SIF_Puna_Ardo_1617.jpg?fit=711%2C345&ssl=1\",\"contentUrl\":\"https:\\\/\\\/i0.wp.com\\\/aktialiiga.fi\\\/miehet\\\/wp-content\\\/uploads\\\/sites\\\/5\\\/2017\\\/03\\\/SIF_Puna_Ardo_1617.jpg?fit=711%2C345&ssl=1\",\"width\":711,\"height\":345},{\"@type\":\"BreadcrumbList\",\"@id\":\"https:\\\/\\\/aktialiiga.fi\\\/miehet\\\/ajankohtaista\\\/16585\\\/#breadcrumb\",\"itemListElement\":[{\"@type\":\"ListItem\",\"position\":1,\"name\":\"Etusivu\",\"item\":\"https:\\\/\\\/aktialiiga.fi\\\/miehet\\\/\"},{\"@type\":\"ListItem\",\"position\":2,\"name\":\"Ardo Puna jatkaa SIF:n riveiss\u00e4\"}]},{\"@type\":\"WebSite\",\"@id\":\"https:\\\/\\\/aktialiiga.fi\\\/miehet\\\/#website\",\"url\":\"https:\\\/\\\/aktialiiga.fi\\\/miehet\\\/\",\"name\":\"K\u00e4sipallon miesten Aktialiiga\",\"description\":\"Valtakunnan vauhdikkainta palloilua!\",\"publisher\":{\"@id\":\"https:\\\/\\\/aktialiiga.fi\\\/miehet\\\/#organization\"},\"potentialAction\":[{\"@type\":\"SearchAction\",\"target\":{\"@type\":\"EntryPoint\",\"urlTemplate\":\"https:\\\/\\\/aktialiiga.fi\\\/miehet\\\/?s={search_term_string}\"},\"query-input\":{\"@type\":\"PropertyValueSpecification\",\"valueRequired\":true,\"valueName\":\"search_term_string\"}}],\"inLanguage\":\"fi\"},{\"@type\":\"Organization\",\"@id\":\"https:\\\/\\\/aktialiiga.fi\\\/miehet\\\/#organization\",\"name\":\"K\u00e4sipallon miesten Aktialiiga\",\"url\":\"https:\\\/\\\/aktialiiga.fi\\\/miehet\\\/\",\"logo\":{\"@type\":\"ImageObject\",\"inLanguage\":\"fi\",\"@id\":\"https:\\\/\\\/aktialiiga.fi\\\/miehet\\\/#\\\/schema\\\/logo\\\/image\\\/\",\"url\":\"https:\\\/\\\/i0.wp.com\\\/aktialiiga.fi\\\/miehet\\\/wp-content\\\/uploads\\\/sites\\\/5\\\/2024\\\/09\\\/Aktialiiga-Yoast-512.png?fit=512%2C512&ssl=1\",\"contentUrl\":\"https:\\\/\\\/i0.wp.com\\\/aktialiiga.fi\\\/miehet\\\/wp-content\\\/uploads\\\/sites\\\/5\\\/2024\\\/09\\\/Aktialiiga-Yoast-512.png?fit=512%2C512&ssl=1\",\"width\":512,\"height\":512,\"caption\":\"K\u00e4sipallon miesten Aktialiiga\"},\"image\":{\"@id\":\"https:\\\/\\\/aktialiiga.fi\\\/miehet\\\/#\\\/schema\\\/logo\\\/image\\\/\"},\"sameAs\":[\"https:\\\/\\\/www.facebook.com\\\/finnhandball\",\"https:\\\/\\\/x.com\\\/finnhandball\",\"https:\\\/\\\/www.instagram.com\\\/handballfinland\\\/\"]},{\"@type\":\"Person\",\"@id\":\"https:\\\/\\\/aktialiiga.fi\\\/miehet\\\/#\\\/schema\\\/person\\\/c14bf42f47041db74603c45afcb18d87\",\"name\":\"tbrmedia\",\"image\":{\"@type\":\"ImageObject\",\"inLanguage\":\"fi\",\"@id\":\"https:\\\/\\\/secure.gravatar.com\\\/avatar\\\/ee975fa091fe581d12b60debb3439022686618368a7c142044c56724d4666b16?s=96&d=mm&r=g\",\"url\":\"https:\\\/\\\/secure.gravatar.com\\\/avatar\\\/ee975fa091fe581d12b60debb3439022686618368a7c142044c56724d4666b16?s=96&d=mm&r=g\",\"contentUrl\":\"https:\\\/\\\/secure.gravatar.com\\\/avatar\\\/ee975fa091fe581d12b60debb3439022686618368a7c142044c56724d4666b16?s=96&d=mm&r=g\",\"caption\":\"tbrmedia\"}}]}<\/script>\n<!-- \/ Yoast SEO plugin. -->","yoast_head_json":{"title":"Ardo Puna jatkaa SIF:n riveiss\u00e4 | K\u00e4sipallon miesten Aktialiiga","robots":{"index":"index","follow":"follow","max-snippet":"max-snippet:-1","max-image-preview":"max-image-preview:large","max-video-preview":"max-video-preview:-1"},"canonical":"https:\/\/aktialiiga.fi\/miehet\/ajankohtaista\/16585\/","og_locale":"fi_FI","og_type":"article","og_title":"Ardo Puna jatkaa SIF:n riveiss\u00e4 | K\u00e4sipallon miesten Aktialiiga","og_description":"Jatkosopimusneuvottelut SIF:n ja Ardo Punan kesken on saatu p\u00e4\u00e4t\u00f6kseen ja osapuolet ovat allekirjoittaneet yksivuotisen sopimuksen. Puna on odotetusti her\u00e4tt\u00e4nyt kiinnostusta my\u00f6s muissa seuroissa ja siksi sopimus oli SIF:n kannalta t\u00e4rke\u00e4\u00e4 saada valmiiksi jo t\u00e4ss\u00e4 vaiheessa. Vaikka Punan harjoittelu, varsinkin alkukaudesta, suurelta osin sujui polvivamman j\u00e4lkeisen kuntoutuksen parissa, ehti h\u00e4n reilun kolmen kuukauden aikana pelata itsens\u00e4 [&hellip;]","og_url":"https:\/\/aktialiiga.fi\/miehet\/ajankohtaista\/16585\/","og_site_name":"K\u00e4sipallon miesten Aktialiiga","article_publisher":"https:\/\/www.facebook.com\/finnhandball","article_published_time":"2017-05-09T15:41:05+00:00","article_modified_time":"2018-04-20T09:45:37+00:00","og_image":[{"width":711,"height":345,"url":"https:\/\/i0.wp.com\/aktialiiga.fi\/miehet\/wp-content\/uploads\/sites\/5\/2017\/03\/SIF_Puna_Ardo_1617.jpg?fit=711%2C345&ssl=1","type":"image\/jpeg"}],"author":"tbrmedia","twitter_card":"summary_large_image","twitter_creator":"@finnhandball","twitter_site":"@finnhandball","schema":{"@context":"https:\/\/schema.org","@graph":[{"@type":"Article","@id":"https:\/\/aktialiiga.fi\/miehet\/ajankohtaista\/16585\/#article","isPartOf":{"@id":"https:\/\/aktialiiga.fi\/miehet\/ajankohtaista\/16585\/"},"author":{"name":"tbrmedia","@id":"https:\/\/aktialiiga.fi\/miehet\/#\/schema\/person\/c14bf42f47041db74603c45afcb18d87"},"headline":"Ardo Puna jatkaa SIF:n riveiss\u00e4","datePublished":"2017-05-09T15:41:05+00:00","dateModified":"2018-04-20T09:45:37+00:00","mainEntityOfPage":{"@id":"https:\/\/aktialiiga.fi\/miehet\/ajankohtaista\/16585\/"},"wordCount":250,"publisher":{"@id":"https:\/\/aktialiiga.fi\/miehet\/#organization"},"image":{"@id":"https:\/\/aktialiiga.fi\/miehet\/ajankohtaista\/16585\/#primaryimage"},"thumbnailUrl":"https:\/\/i0.wp.com\/aktialiiga.fi\/miehet\/wp-content\/uploads\/sites\/5\/2017\/03\/SIF_Puna_Ardo_1617.jpg?fit=711%2C345&ssl=1","keywords":["SIF"],"articleSection":["Ajankohtaista"],"inLanguage":"fi"},{"@type":"WebPage","@id":"https:\/\/aktialiiga.fi\/miehet\/ajankohtaista\/16585\/","url":"https:\/\/aktialiiga.fi\/miehet\/ajankohtaista\/16585\/","name":"Ardo Puna jatkaa SIF:n riveiss\u00e4 | K\u00e4sipallon miesten Aktialiiga","isPartOf":{"@id":"https:\/\/aktialiiga.fi\/miehet\/#website"},"primaryImageOfPage":{"@id":"https:\/\/aktialiiga.fi\/miehet\/ajankohtaista\/16585\/#primaryimage"},"image":{"@id":"https:\/\/aktialiiga.fi\/miehet\/ajankohtaista\/16585\/#primaryimage"},"thumbnailUrl":"https:\/\/i0.wp.com\/aktialiiga.fi\/miehet\/wp-content\/uploads\/sites\/5\/2017\/03\/SIF_Puna_Ardo_1617.jpg?fit=711%2C345&ssl=1","datePublished":"2017-05-09T15:41:05+00:00","dateModified":"2018-04-20T09:45:37+00:00","breadcrumb":{"@id":"https:\/\/aktialiiga.fi\/miehet\/ajankohtaista\/16585\/#breadcrumb"},"inLanguage":"fi","potentialAction":[{"@type":"ReadAction","target":["https:\/\/aktialiiga.fi\/miehet\/ajankohtaista\/16585\/"]}]},{"@type":"ImageObject","inLanguage":"fi","@id":"https:\/\/aktialiiga.fi\/miehet\/ajankohtaista\/16585\/#primaryimage","url":"https:\/\/i0.wp.com\/aktialiiga.fi\/miehet\/wp-content\/uploads\/sites\/5\/2017\/03\/SIF_Puna_Ardo_1617.jpg?fit=711%2C345&ssl=1","contentUrl":"https:\/\/i0.wp.com\/aktialiiga.fi\/miehet\/wp-content\/uploads\/sites\/5\/2017\/03\/SIF_Puna_Ardo_1617.jpg?fit=711%2C345&ssl=1","width":711,"height":345},{"@type":"BreadcrumbList","@id":"https:\/\/aktialiiga.fi\/miehet\/ajankohtaista\/16585\/#breadcrumb","itemListElement":[{"@type":"ListItem","position":1,"name":"Etusivu","item":"https:\/\/aktialiiga.fi\/miehet\/"},{"@type":"ListItem","position":2,"name":"Ardo Puna jatkaa SIF:n riveiss\u00e4"}]},{"@type":"WebSite","@id":"https:\/\/aktialiiga.fi\/miehet\/#website","url":"https:\/\/aktialiiga.fi\/miehet\/","name":"K\u00e4sipallon miesten Aktialiiga","description":"Valtakunnan vauhdikkainta palloilua!","publisher":{"@id":"https:\/\/aktialiiga.fi\/miehet\/#organization"},"potentialAction":[{"@type":"SearchAction","target":{"@type":"EntryPoint","urlTemplate":"https:\/\/aktialiiga.fi\/miehet\/?s={search_term_string}"},"query-input":{"@type":"PropertyValueSpecification","valueRequired":true,"valueName":"search_term_string"}}],"inLanguage":"fi"},{"@type":"Organization","@id":"https:\/\/aktialiiga.fi\/miehet\/#organization","name":"K\u00e4sipallon miesten Aktialiiga","url":"https:\/\/aktialiiga.fi\/miehet\/","logo":{"@type":"ImageObject","inLanguage":"fi","@id":"https:\/\/aktialiiga.fi\/miehet\/#\/schema\/logo\/image\/","url":"https:\/\/i0.wp.com\/aktialiiga.fi\/miehet\/wp-content\/uploads\/sites\/5\/2024\/09\/Aktialiiga-Yoast-512.png?fit=512%2C512&ssl=1","contentUrl":"https:\/\/i0.wp.com\/aktialiiga.fi\/miehet\/wp-content\/uploads\/sites\/5\/2024\/09\/Aktialiiga-Yoast-512.png?fit=512%2C512&ssl=1","width":512,"height":512,"caption":"K\u00e4sipallon miesten Aktialiiga"},"image":{"@id":"https:\/\/aktialiiga.fi\/miehet\/#\/schema\/logo\/image\/"},"sameAs":["https:\/\/www.facebook.com\/finnhandball","https:\/\/x.com\/finnhandball","https:\/\/www.instagram.com\/handballfinland\/"]},{"@type":"Person","@id":"https:\/\/aktialiiga.fi\/miehet\/#\/schema\/person\/c14bf42f47041db74603c45afcb18d87","name":"tbrmedia","image":{"@type":"ImageObject","inLanguage":"fi","@id":"https:\/\/secure.gravatar.com\/avatar\/ee975fa091fe581d12b60debb3439022686618368a7c142044c56724d4666b16?s=96&d=mm&r=g","url":"https:\/\/secure.gravatar.com\/avatar\/ee975fa091fe581d12b60debb3439022686618368a7c142044c56724d4666b16?s=96&d=mm&r=g","contentUrl":"https:\/\/secure.gravatar.com\/avatar\/ee975fa091fe581d12b60debb3439022686618368a7c142044c56724d4666b16?s=96&d=mm&r=g","caption":"tbrmedia"}}]}},"jetpack_featured_media_url":"https:\/\/i0.wp.com\/aktialiiga.fi\/miehet\/wp-content\/uploads\/sites\/5\/2017\/03\/SIF_Puna_Ardo_1617.jpg?fit=711%2C345&ssl=1","jetpack_sharing_enabled":true,"jetpack_shortlink":"https:\/\/wp.me\/sfTxOr-16585","_links":{"self":[{"href":"https:\/\/aktialiiga.fi\/miehet\/wp-json\/wp\/v2\/posts\/16585","targetHints":{"allow":["GET"]}}],"collection":[{"href":"https:\/\/aktialiiga.fi\/miehet\/wp-json\/wp\/v2\/posts"}],"about":[{"href":"https:\/\/aktialiiga.fi\/miehet\/wp-json\/wp\/v2\/types\/post"}],"author":[{"embeddable":true,"href":"https:\/\/aktialiiga.fi\/miehet\/wp-json\/wp\/v2\/users\/13"}],"replies":[{"embeddable":true,"href":"https:\/\/aktialiiga.fi\/miehet\/wp-json\/wp\/v2\/comments?post=16585"}],"version-history":[{"count":0,"href":"https:\/\/aktialiiga.fi\/miehet\/wp-json\/wp\/v2\/posts\/16585\/revisions"}],"wp:featuredmedia":[{"embeddable":true,"href":"https:\/\/aktialiiga.fi\/miehet\/wp-json\/wp\/v2\/media\/16384"}],"wp:attachment":[{"href":"https:\/\/aktialiiga.fi\/miehet\/wp-json\/wp\/v2\/media?parent=16585"}],"wp:term":[{"taxonomy":"category","embeddable":true,"href":"https:\/\/aktialiiga.fi\/miehet\/wp-json\/wp\/v2\/categories?post=16585"},{"taxonomy":"post_tag","embeddable":true,"href":"https:\/\/aktialiiga.fi\/miehet\/wp-json\/wp\/v2\/tags?post=16585"}],"curies":[{"name":"wp","href":"https:\/\/api.w.org\/{rel}","templated":true}]}}