{"id":16640,"date":"2017-05-26T09:59:52","date_gmt":"2017-05-26T06:59:52","guid":{"rendered":"https:\/\/aktialiiga.fi\/miehet\/?p=16640"},"modified":"2018-04-20T12:45:29","modified_gmt":"2018-04-20T09:45:29","slug":"topias-laine-siirtyy-bk-46een","status":"publish","type":"post","link":"https:\/\/aktialiiga.fi\/miehet\/ajankohtaista\/topias-laine-siirtyy-bk-46een\/","title":{"rendered":"Topias Laine siirtyy BK-46:een"},"content":{"rendered":"<p>Suomen lupaavimpiin vasenk\u00e4tisiin k\u00e4sipalloilijoihin kuuluva\u00a0Topias Laine pelaa BK-46:ssa tulevalla kaudella.<\/p>\n<p>Laineen kasvattiseura on \u00c5IFK, viime kauden h\u00e4n pelasi GrIFK:ssa, mutta kausi meni pilalle loukkaantumisen vuoksi.<\/p>\n<p>&#8211; BK:lla on loistava joukkue ja uskon sopivani siihen todella hyvin. Joukkueessa on sopivasti kokeneempia pelaajia, jotka ovat olleet jo ulkomaidenkin kentill\u00e4, ja nuoria pelaajia jotka sinne t\u00e4ht\u00e4\u00e4v\u00e4t, Laine sanoo.<\/p>\n<p>&#8211; On my\u00f6s mukavaa, ett\u00e4 BK:ssa on tuttuja kasvoja, olen pelannut esimerkiksi Benjamin Helanderin kanssa nuorten maajoukkueessa. Kun kuulin, ett\u00e4 h\u00e4n on tulossa Suomeen, tiesin ett\u00e4 haluan pelata samassa joukkueessa ainakin vuoden. Meill\u00e4 on molemmilla isot tavoitteet k\u00e4sipalloilijana ja potkimme toisiamme eteenp\u00e4in. Toivon ja uskon, ett\u00e4 minulla on annettavaa joukkueelle. Odotan my\u00f6s kehittyv\u00e4ni pelaajana BK-organisaatiossa, Laine sanoo.<\/p>\n<p>BK:n miesten joukkueen managerin Peter Kihlstedtin mukaan Laine tuo joukkueeseen nopeampaa vastahy\u00f6kk\u00e4yspeli\u00e4. Laine on monipuolinen pelaaja, joka voi pelata sek\u00e4 laidassa ett\u00e4 puolustajana.<\/p>\n","protected":false},"excerpt":{"rendered":"<p>Suomen lupaavimpiin vasenk\u00e4tisiin k\u00e4sipalloilijoihin kuuluva\u00a0Topias Laine pelaa BK-46:ssa tulevalla kaudella. Laineen kasvattiseura on \u00c5IFK, viime kauden h\u00e4n pelasi GrIFK:ssa, mutta kausi meni pilalle loukkaantumisen vuoksi. &#8211; BK:lla on loistava joukkue ja uskon sopivani siihen todella hyvin. Joukkueessa on sopivasti kokeneempia pelaajia, jotka ovat olleet jo ulkomaidenkin kentill\u00e4, ja nuoria pelaajia jotka sinne t\u00e4ht\u00e4\u00e4v\u00e4t, Laine sanoo. [&hellip;]<\/p>\n","protected":false},"author":13,"featured_media":15792,"comment_status":"closed","ping_status":"open","sticky":false,"template":"","format":"standard","meta":{"_acf_changed":false,"jetpack_post_was_ever_published":false,"_jetpack_newsletter_access":"","_jetpack_dont_email_post_to_subs":false,"_jetpack_newsletter_tier_id":0,"_jetpack_memberships_contains_paywalled_content":false,"_jetpack_memberships_contains_paid_content":false,"footnotes":""},"categories":[2],"tags":[56],"class_list":["post-16640","post","type-post","status-publish","format-standard","has-post-thumbnail","hentry","category-ajankohtaista","tag-bk-46"],"acf":[],"yoast_head":"<!-- This site is optimized with the Yoast SEO plugin v27.5 - https:\/\/yoast.com\/product\/yoast-seo-wordpress\/ -->\n<title>Topias Laine siirtyy BK-46:een | K\u00e4sipallon miesten Aktialiiga<\/title>\n<meta name=\"robots\" content=\"index, follow, max-snippet:-1, max-image-preview:large, max-video-preview:-1\" \/>\n<link rel=\"canonical\" href=\"https:\/\/aktialiiga.fi\/miehet\/ajankohtaista\/topias-laine-siirtyy-bk-46een\/\" \/>\n<meta property=\"og:locale\" content=\"fi_FI\" \/>\n<meta property=\"og:type\" content=\"article\" \/>\n<meta property=\"og:title\" content=\"Topias Laine siirtyy BK-46:een | K\u00e4sipallon miesten Aktialiiga\" \/>\n<meta property=\"og:description\" content=\"Suomen lupaavimpiin vasenk\u00e4tisiin k\u00e4sipalloilijoihin kuuluva\u00a0Topias Laine pelaa BK-46:ssa tulevalla kaudella. Laineen kasvattiseura on \u00c5IFK, viime kauden h\u00e4n pelasi GrIFK:ssa, mutta kausi meni pilalle loukkaantumisen vuoksi. &#8211; BK:lla on loistava joukkue ja uskon sopivani siihen todella hyvin. Joukkueessa on sopivasti kokeneempia pelaajia, jotka ovat olleet jo ulkomaidenkin kentill\u00e4, ja nuoria pelaajia jotka sinne t\u00e4ht\u00e4\u00e4v\u00e4t, Laine sanoo. [&hellip;]\" \/>\n<meta property=\"og:url\" content=\"https:\/\/aktialiiga.fi\/miehet\/ajankohtaista\/topias-laine-siirtyy-bk-46een\/\" \/>\n<meta property=\"og:site_name\" content=\"K\u00e4sipallon miesten Aktialiiga\" \/>\n<meta property=\"article:publisher\" content=\"https:\/\/www.facebook.com\/finnhandball\" \/>\n<meta property=\"article:published_time\" content=\"2017-05-26T06:59:52+00:00\" \/>\n<meta property=\"article:modified_time\" content=\"2018-04-20T09:45:29+00:00\" \/>\n<meta property=\"og:image\" content=\"https:\/\/i0.wp.com\/aktialiiga.fi\/miehet\/wp-content\/uploads\/sites\/5\/2016\/08\/BK46_Handboll_250px.png?fit=250%2C298&ssl=1\" \/>\n\t<meta property=\"og:image:width\" content=\"250\" \/>\n\t<meta property=\"og:image:height\" content=\"298\" \/>\n\t<meta property=\"og:image:type\" content=\"image\/png\" \/>\n<meta name=\"author\" content=\"tbrmedia\" \/>\n<meta name=\"twitter:card\" content=\"summary_large_image\" \/>\n<meta name=\"twitter:creator\" content=\"@finnhandball\" \/>\n<meta name=\"twitter:site\" content=\"@finnhandball\" \/>\n<script type=\"application\/ld+json\" class=\"yoast-schema-graph\">{\"@context\":\"https:\\\/\\\/schema.org\",\"@graph\":[{\"@type\":\"Article\",\"@id\":\"https:\\\/\\\/aktialiiga.fi\\\/miehet\\\/ajankohtaista\\\/topias-laine-siirtyy-bk-46een\\\/#article\",\"isPartOf\":{\"@id\":\"https:\\\/\\\/aktialiiga.fi\\\/miehet\\\/ajankohtaista\\\/topias-laine-siirtyy-bk-46een\\\/\"},\"author\":{\"name\":\"tbrmedia\",\"@id\":\"https:\\\/\\\/aktialiiga.fi\\\/miehet\\\/#\\\/schema\\\/person\\\/c14bf42f47041db74603c45afcb18d87\"},\"headline\":\"Topias Laine siirtyy BK-46:een\",\"datePublished\":\"2017-05-26T06:59:52+00:00\",\"dateModified\":\"2018-04-20T09:45:29+00:00\",\"mainEntityOfPage\":{\"@id\":\"https:\\\/\\\/aktialiiga.fi\\\/miehet\\\/ajankohtaista\\\/topias-laine-siirtyy-bk-46een\\\/\"},\"wordCount\":160,\"publisher\":{\"@id\":\"https:\\\/\\\/aktialiiga.fi\\\/miehet\\\/#organization\"},\"image\":{\"@id\":\"https:\\\/\\\/aktialiiga.fi\\\/miehet\\\/ajankohtaista\\\/topias-laine-siirtyy-bk-46een\\\/#primaryimage\"},\"thumbnailUrl\":\"https:\\\/\\\/i0.wp.com\\\/aktialiiga.fi\\\/miehet\\\/wp-content\\\/uploads\\\/sites\\\/5\\\/2016\\\/08\\\/BK46_Handboll_250px.png?fit=250%2C298&ssl=1\",\"keywords\":[\"BK-46\"],\"articleSection\":[\"Ajankohtaista\"],\"inLanguage\":\"fi\"},{\"@type\":\"WebPage\",\"@id\":\"https:\\\/\\\/aktialiiga.fi\\\/miehet\\\/ajankohtaista\\\/topias-laine-siirtyy-bk-46een\\\/\",\"url\":\"https:\\\/\\\/aktialiiga.fi\\\/miehet\\\/ajankohtaista\\\/topias-laine-siirtyy-bk-46een\\\/\",\"name\":\"Topias Laine siirtyy BK-46:een | K\u00e4sipallon miesten Aktialiiga\",\"isPartOf\":{\"@id\":\"https:\\\/\\\/aktialiiga.fi\\\/miehet\\\/#website\"},\"primaryImageOfPage\":{\"@id\":\"https:\\\/\\\/aktialiiga.fi\\\/miehet\\\/ajankohtaista\\\/topias-laine-siirtyy-bk-46een\\\/#primaryimage\"},\"image\":{\"@id\":\"https:\\\/\\\/aktialiiga.fi\\\/miehet\\\/ajankohtaista\\\/topias-laine-siirtyy-bk-46een\\\/#primaryimage\"},\"thumbnailUrl\":\"https:\\\/\\\/i0.wp.com\\\/aktialiiga.fi\\\/miehet\\\/wp-content\\\/uploads\\\/sites\\\/5\\\/2016\\\/08\\\/BK46_Handboll_250px.png?fit=250%2C298&ssl=1\",\"datePublished\":\"2017-05-26T06:59:52+00:00\",\"dateModified\":\"2018-04-20T09:45:29+00:00\",\"breadcrumb\":{\"@id\":\"https:\\\/\\\/aktialiiga.fi\\\/miehet\\\/ajankohtaista\\\/topias-laine-siirtyy-bk-46een\\\/#breadcrumb\"},\"inLanguage\":\"fi\",\"potentialAction\":[{\"@type\":\"ReadAction\",\"target\":[\"https:\\\/\\\/aktialiiga.fi\\\/miehet\\\/ajankohtaista\\\/topias-laine-siirtyy-bk-46een\\\/\"]}]},{\"@type\":\"ImageObject\",\"inLanguage\":\"fi\",\"@id\":\"https:\\\/\\\/aktialiiga.fi\\\/miehet\\\/ajankohtaista\\\/topias-laine-siirtyy-bk-46een\\\/#primaryimage\",\"url\":\"https:\\\/\\\/i0.wp.com\\\/aktialiiga.fi\\\/miehet\\\/wp-content\\\/uploads\\\/sites\\\/5\\\/2016\\\/08\\\/BK46_Handboll_250px.png?fit=250%2C298&ssl=1\",\"contentUrl\":\"https:\\\/\\\/i0.wp.com\\\/aktialiiga.fi\\\/miehet\\\/wp-content\\\/uploads\\\/sites\\\/5\\\/2016\\\/08\\\/BK46_Handboll_250px.png?fit=250%2C298&ssl=1\",\"width\":250,\"height\":298,\"caption\":\"BK-46, Karjaa\"},{\"@type\":\"BreadcrumbList\",\"@id\":\"https:\\\/\\\/aktialiiga.fi\\\/miehet\\\/ajankohtaista\\\/topias-laine-siirtyy-bk-46een\\\/#breadcrumb\",\"itemListElement\":[{\"@type\":\"ListItem\",\"position\":1,\"name\":\"Etusivu\",\"item\":\"https:\\\/\\\/aktialiiga.fi\\\/miehet\\\/\"},{\"@type\":\"ListItem\",\"position\":2,\"name\":\"Topias Laine siirtyy BK-46:een\"}]},{\"@type\":\"WebSite\",\"@id\":\"https:\\\/\\\/aktialiiga.fi\\\/miehet\\\/#website\",\"url\":\"https:\\\/\\\/aktialiiga.fi\\\/miehet\\\/\",\"name\":\"K\u00e4sipallon miesten Aktialiiga\",\"description\":\"Valtakunnan vauhdikkainta palloilua!\",\"publisher\":{\"@id\":\"https:\\\/\\\/aktialiiga.fi\\\/miehet\\\/#organization\"},\"potentialAction\":[{\"@type\":\"SearchAction\",\"target\":{\"@type\":\"EntryPoint\",\"urlTemplate\":\"https:\\\/\\\/aktialiiga.fi\\\/miehet\\\/?s={search_term_string}\"},\"query-input\":{\"@type\":\"PropertyValueSpecification\",\"valueRequired\":true,\"valueName\":\"search_term_string\"}}],\"inLanguage\":\"fi\"},{\"@type\":\"Organization\",\"@id\":\"https:\\\/\\\/aktialiiga.fi\\\/miehet\\\/#organization\",\"name\":\"K\u00e4sipallon miesten Aktialiiga\",\"url\":\"https:\\\/\\\/aktialiiga.fi\\\/miehet\\\/\",\"logo\":{\"@type\":\"ImageObject\",\"inLanguage\":\"fi\",\"@id\":\"https:\\\/\\\/aktialiiga.fi\\\/miehet\\\/#\\\/schema\\\/logo\\\/image\\\/\",\"url\":\"https:\\\/\\\/i0.wp.com\\\/aktialiiga.fi\\\/miehet\\\/wp-content\\\/uploads\\\/sites\\\/5\\\/2024\\\/09\\\/Aktialiiga-Yoast-512.png?fit=512%2C512&ssl=1\",\"contentUrl\":\"https:\\\/\\\/i0.wp.com\\\/aktialiiga.fi\\\/miehet\\\/wp-content\\\/uploads\\\/sites\\\/5\\\/2024\\\/09\\\/Aktialiiga-Yoast-512.png?fit=512%2C512&ssl=1\",\"width\":512,\"height\":512,\"caption\":\"K\u00e4sipallon miesten Aktialiiga\"},\"image\":{\"@id\":\"https:\\\/\\\/aktialiiga.fi\\\/miehet\\\/#\\\/schema\\\/logo\\\/image\\\/\"},\"sameAs\":[\"https:\\\/\\\/www.facebook.com\\\/finnhandball\",\"https:\\\/\\\/x.com\\\/finnhandball\",\"https:\\\/\\\/www.instagram.com\\\/handballfinland\\\/\"]},{\"@type\":\"Person\",\"@id\":\"https:\\\/\\\/aktialiiga.fi\\\/miehet\\\/#\\\/schema\\\/person\\\/c14bf42f47041db74603c45afcb18d87\",\"name\":\"tbrmedia\",\"image\":{\"@type\":\"ImageObject\",\"inLanguage\":\"fi\",\"@id\":\"https:\\\/\\\/secure.gravatar.com\\\/avatar\\\/ee975fa091fe581d12b60debb3439022686618368a7c142044c56724d4666b16?s=96&d=mm&r=g\",\"url\":\"https:\\\/\\\/secure.gravatar.com\\\/avatar\\\/ee975fa091fe581d12b60debb3439022686618368a7c142044c56724d4666b16?s=96&d=mm&r=g\",\"contentUrl\":\"https:\\\/\\\/secure.gravatar.com\\\/avatar\\\/ee975fa091fe581d12b60debb3439022686618368a7c142044c56724d4666b16?s=96&d=mm&r=g\",\"caption\":\"tbrmedia\"}}]}<\/script>\n<!-- \/ Yoast SEO plugin. -->","yoast_head_json":{"title":"Topias Laine siirtyy BK-46:een | K\u00e4sipallon miesten Aktialiiga","robots":{"index":"index","follow":"follow","max-snippet":"max-snippet:-1","max-image-preview":"max-image-preview:large","max-video-preview":"max-video-preview:-1"},"canonical":"https:\/\/aktialiiga.fi\/miehet\/ajankohtaista\/topias-laine-siirtyy-bk-46een\/","og_locale":"fi_FI","og_type":"article","og_title":"Topias Laine siirtyy BK-46:een | K\u00e4sipallon miesten Aktialiiga","og_description":"Suomen lupaavimpiin vasenk\u00e4tisiin k\u00e4sipalloilijoihin kuuluva\u00a0Topias Laine pelaa BK-46:ssa tulevalla kaudella. Laineen kasvattiseura on \u00c5IFK, viime kauden h\u00e4n pelasi GrIFK:ssa, mutta kausi meni pilalle loukkaantumisen vuoksi. &#8211; BK:lla on loistava joukkue ja uskon sopivani siihen todella hyvin. Joukkueessa on sopivasti kokeneempia pelaajia, jotka ovat olleet jo ulkomaidenkin kentill\u00e4, ja nuoria pelaajia jotka sinne t\u00e4ht\u00e4\u00e4v\u00e4t, Laine sanoo. [&hellip;]","og_url":"https:\/\/aktialiiga.fi\/miehet\/ajankohtaista\/topias-laine-siirtyy-bk-46een\/","og_site_name":"K\u00e4sipallon miesten Aktialiiga","article_publisher":"https:\/\/www.facebook.com\/finnhandball","article_published_time":"2017-05-26T06:59:52+00:00","article_modified_time":"2018-04-20T09:45:29+00:00","og_image":[{"width":250,"height":298,"url":"https:\/\/i0.wp.com\/aktialiiga.fi\/miehet\/wp-content\/uploads\/sites\/5\/2016\/08\/BK46_Handboll_250px.png?fit=250%2C298&ssl=1","type":"image\/png"}],"author":"tbrmedia","twitter_card":"summary_large_image","twitter_creator":"@finnhandball","twitter_site":"@finnhandball","schema":{"@context":"https:\/\/schema.org","@graph":[{"@type":"Article","@id":"https:\/\/aktialiiga.fi\/miehet\/ajankohtaista\/topias-laine-siirtyy-bk-46een\/#article","isPartOf":{"@id":"https:\/\/aktialiiga.fi\/miehet\/ajankohtaista\/topias-laine-siirtyy-bk-46een\/"},"author":{"name":"tbrmedia","@id":"https:\/\/aktialiiga.fi\/miehet\/#\/schema\/person\/c14bf42f47041db74603c45afcb18d87"},"headline":"Topias Laine siirtyy BK-46:een","datePublished":"2017-05-26T06:59:52+00:00","dateModified":"2018-04-20T09:45:29+00:00","mainEntityOfPage":{"@id":"https:\/\/aktialiiga.fi\/miehet\/ajankohtaista\/topias-laine-siirtyy-bk-46een\/"},"wordCount":160,"publisher":{"@id":"https:\/\/aktialiiga.fi\/miehet\/#organization"},"image":{"@id":"https:\/\/aktialiiga.fi\/miehet\/ajankohtaista\/topias-laine-siirtyy-bk-46een\/#primaryimage"},"thumbnailUrl":"https:\/\/i0.wp.com\/aktialiiga.fi\/miehet\/wp-content\/uploads\/sites\/5\/2016\/08\/BK46_Handboll_250px.png?fit=250%2C298&ssl=1","keywords":["BK-46"],"articleSection":["Ajankohtaista"],"inLanguage":"fi"},{"@type":"WebPage","@id":"https:\/\/aktialiiga.fi\/miehet\/ajankohtaista\/topias-laine-siirtyy-bk-46een\/","url":"https:\/\/aktialiiga.fi\/miehet\/ajankohtaista\/topias-laine-siirtyy-bk-46een\/","name":"Topias Laine siirtyy BK-46:een | K\u00e4sipallon miesten Aktialiiga","isPartOf":{"@id":"https:\/\/aktialiiga.fi\/miehet\/#website"},"primaryImageOfPage":{"@id":"https:\/\/aktialiiga.fi\/miehet\/ajankohtaista\/topias-laine-siirtyy-bk-46een\/#primaryimage"},"image":{"@id":"https:\/\/aktialiiga.fi\/miehet\/ajankohtaista\/topias-laine-siirtyy-bk-46een\/#primaryimage"},"thumbnailUrl":"https:\/\/i0.wp.com\/aktialiiga.fi\/miehet\/wp-content\/uploads\/sites\/5\/2016\/08\/BK46_Handboll_250px.png?fit=250%2C298&ssl=1","datePublished":"2017-05-26T06:59:52+00:00","dateModified":"2018-04-20T09:45:29+00:00","breadcrumb":{"@id":"https:\/\/aktialiiga.fi\/miehet\/ajankohtaista\/topias-laine-siirtyy-bk-46een\/#breadcrumb"},"inLanguage":"fi","potentialAction":[{"@type":"ReadAction","target":["https:\/\/aktialiiga.fi\/miehet\/ajankohtaista\/topias-laine-siirtyy-bk-46een\/"]}]},{"@type":"ImageObject","inLanguage":"fi","@id":"https:\/\/aktialiiga.fi\/miehet\/ajankohtaista\/topias-laine-siirtyy-bk-46een\/#primaryimage","url":"https:\/\/i0.wp.com\/aktialiiga.fi\/miehet\/wp-content\/uploads\/sites\/5\/2016\/08\/BK46_Handboll_250px.png?fit=250%2C298&ssl=1","contentUrl":"https:\/\/i0.wp.com\/aktialiiga.fi\/miehet\/wp-content\/uploads\/sites\/5\/2016\/08\/BK46_Handboll_250px.png?fit=250%2C298&ssl=1","width":250,"height":298,"caption":"BK-46, Karjaa"},{"@type":"BreadcrumbList","@id":"https:\/\/aktialiiga.fi\/miehet\/ajankohtaista\/topias-laine-siirtyy-bk-46een\/#breadcrumb","itemListElement":[{"@type":"ListItem","position":1,"name":"Etusivu","item":"https:\/\/aktialiiga.fi\/miehet\/"},{"@type":"ListItem","position":2,"name":"Topias Laine siirtyy BK-46:een"}]},{"@type":"WebSite","@id":"https:\/\/aktialiiga.fi\/miehet\/#website","url":"https:\/\/aktialiiga.fi\/miehet\/","name":"K\u00e4sipallon miesten Aktialiiga","description":"Valtakunnan vauhdikkainta palloilua!","publisher":{"@id":"https:\/\/aktialiiga.fi\/miehet\/#organization"},"potentialAction":[{"@type":"SearchAction","target":{"@type":"EntryPoint","urlTemplate":"https:\/\/aktialiiga.fi\/miehet\/?s={search_term_string}"},"query-input":{"@type":"PropertyValueSpecification","valueRequired":true,"valueName":"search_term_string"}}],"inLanguage":"fi"},{"@type":"Organization","@id":"https:\/\/aktialiiga.fi\/miehet\/#organization","name":"K\u00e4sipallon miesten Aktialiiga","url":"https:\/\/aktialiiga.fi\/miehet\/","logo":{"@type":"ImageObject","inLanguage":"fi","@id":"https:\/\/aktialiiga.fi\/miehet\/#\/schema\/logo\/image\/","url":"https:\/\/i0.wp.com\/aktialiiga.fi\/miehet\/wp-content\/uploads\/sites\/5\/2024\/09\/Aktialiiga-Yoast-512.png?fit=512%2C512&ssl=1","contentUrl":"https:\/\/i0.wp.com\/aktialiiga.fi\/miehet\/wp-content\/uploads\/sites\/5\/2024\/09\/Aktialiiga-Yoast-512.png?fit=512%2C512&ssl=1","width":512,"height":512,"caption":"K\u00e4sipallon miesten Aktialiiga"},"image":{"@id":"https:\/\/aktialiiga.fi\/miehet\/#\/schema\/logo\/image\/"},"sameAs":["https:\/\/www.facebook.com\/finnhandball","https:\/\/x.com\/finnhandball","https:\/\/www.instagram.com\/handballfinland\/"]},{"@type":"Person","@id":"https:\/\/aktialiiga.fi\/miehet\/#\/schema\/person\/c14bf42f47041db74603c45afcb18d87","name":"tbrmedia","image":{"@type":"ImageObject","inLanguage":"fi","@id":"https:\/\/secure.gravatar.com\/avatar\/ee975fa091fe581d12b60debb3439022686618368a7c142044c56724d4666b16?s=96&d=mm&r=g","url":"https:\/\/secure.gravatar.com\/avatar\/ee975fa091fe581d12b60debb3439022686618368a7c142044c56724d4666b16?s=96&d=mm&r=g","contentUrl":"https:\/\/secure.gravatar.com\/avatar\/ee975fa091fe581d12b60debb3439022686618368a7c142044c56724d4666b16?s=96&d=mm&r=g","caption":"tbrmedia"}}]}},"jetpack_featured_media_url":"https:\/\/i0.wp.com\/aktialiiga.fi\/miehet\/wp-content\/uploads\/sites\/5\/2016\/08\/BK46_Handboll_250px.png?fit=250%2C298&ssl=1","jetpack_sharing_enabled":true,"jetpack_shortlink":"https:\/\/wp.me\/pfTxOr-4ko","_links":{"self":[{"href":"https:\/\/aktialiiga.fi\/miehet\/wp-json\/wp\/v2\/posts\/16640","targetHints":{"allow":["GET"]}}],"collection":[{"href":"https:\/\/aktialiiga.fi\/miehet\/wp-json\/wp\/v2\/posts"}],"about":[{"href":"https:\/\/aktialiiga.fi\/miehet\/wp-json\/wp\/v2\/types\/post"}],"author":[{"embeddable":true,"href":"https:\/\/aktialiiga.fi\/miehet\/wp-json\/wp\/v2\/users\/13"}],"replies":[{"embeddable":true,"href":"https:\/\/aktialiiga.fi\/miehet\/wp-json\/wp\/v2\/comments?post=16640"}],"version-history":[{"count":0,"href":"https:\/\/aktialiiga.fi\/miehet\/wp-json\/wp\/v2\/posts\/16640\/revisions"}],"wp:featuredmedia":[{"embeddable":true,"href":"https:\/\/aktialiiga.fi\/miehet\/wp-json\/wp\/v2\/media\/15792"}],"wp:attachment":[{"href":"https:\/\/aktialiiga.fi\/miehet\/wp-json\/wp\/v2\/media?parent=16640"}],"wp:term":[{"taxonomy":"category","embeddable":true,"href":"https:\/\/aktialiiga.fi\/miehet\/wp-json\/wp\/v2\/categories?post=16640"},{"taxonomy":"post_tag","embeddable":true,"href":"https:\/\/aktialiiga.fi\/miehet\/wp-json\/wp\/v2\/tags?post=16640"}],"curies":[{"name":"wp","href":"https:\/\/api.w.org\/{rel}","templated":true}]}}