{"id":16716,"date":"2017-07-02T09:20:36","date_gmt":"2017-07-02T06:20:36","guid":{"rendered":"https:\/\/aktialiiga.fi\/miehet\/?p=16716"},"modified":"2018-04-20T12:45:26","modified_gmt":"2018-04-20T09:45:26","slug":"olli-tamminen-aifksta-hifkn-riveihin","status":"publish","type":"post","link":"https:\/\/aktialiiga.fi\/miehet\/ajankohtaista\/olli-tamminen-aifksta-hifkn-riveihin\/","title":{"rendered":"Olli Tamminen \u00c5IFK:sta HIFK:n riveihin"},"content":{"rendered":"<p>Riihim\u00e4kel\u00e4isl\u00e4ht\u00f6inen Olli Tamminen vaihtaa \u00c5bo IFK:n t\u00e4htipaidan punaisempaan versioon Helsingiss\u00e4.<\/p>\n<p>Vuonna 2007 liigauransa Cocksissa aloittanut Tamminen on pelannut miesten SM-liigassa jo reilut 200 ottelua, ja viimeistellyt yli 300 maalia. Kolmen viime kauden aikana Olli upotti \u00c5bossa 73 ottelussa yhteens\u00e4 197 maalia.<\/p>\n<p>&#8211; Halusin HIFK:hon, koska seuralla on mielest\u00e4ni suurin potentiaali. Rostislav Grinishinin tulo p\u00e4\u00e4valmentajaksi kiinnosti minua heti jo sen takia, ett\u00e4 h\u00e4n on tuttu mies minulle Riihim\u00e4en ajoilta, kertoo Tamminen ajatuksistaan Stadiin muuttamisesta HIFK:n verkkosivuilla.<\/p>\n<p>&#8211; Uskon, ett\u00e4 h\u00e4nen valmennuksessaan p\u00e4\u00e4sen taas kokemaan jotain uutta. HIFK tarjosi minulle parasta kokonaisuutta ja tied\u00e4n tuovani t\u00e4htipaitaan saman arvoisen panostuksen itsest\u00e4ni<\/p>\n<p>&#8211; Olemme n\u00e4hneet Ollin resurssit ja ensi kaudella niist\u00e4 tehd\u00e4\u00e4n realismia Urheilutalolla, kommentoi HIFK:n seurajohto siirtoa.<\/p>\n","protected":false},"excerpt":{"rendered":"<p>Riihim\u00e4kel\u00e4isl\u00e4ht\u00f6inen Olli Tamminen vaihtaa \u00c5bo IFK:n t\u00e4htipaidan punaisempaan versioon Helsingiss\u00e4. Vuonna 2007 liigauransa Cocksissa aloittanut Tamminen on pelannut miesten SM-liigassa jo reilut 200 ottelua, ja viimeistellyt yli 300 maalia. Kolmen viime kauden aikana Olli upotti \u00c5bossa 73 ottelussa yhteens\u00e4 197 maalia. &#8211; Halusin HIFK:hon, koska seuralla on mielest\u00e4ni suurin potentiaali. Rostislav Grinishinin tulo p\u00e4\u00e4valmentajaksi kiinnosti [&hellip;]<\/p>\n","protected":false},"author":13,"featured_media":10777,"comment_status":"closed","ping_status":"open","sticky":false,"template":"","format":"standard","meta":{"_acf_changed":false,"jetpack_post_was_ever_published":false,"_jetpack_newsletter_access":"","_jetpack_dont_email_post_to_subs":false,"_jetpack_newsletter_tier_id":0,"_jetpack_memberships_contains_paywalled_content":false,"_jetpack_memberships_contains_paid_content":false,"footnotes":""},"categories":[2],"tags":[71],"class_list":["post-16716","post","type-post","status-publish","format-standard","has-post-thumbnail","hentry","category-ajankohtaista","tag-hifk"],"acf":[],"yoast_head":"<!-- This site is optimized with the Yoast SEO plugin v27.5 - https:\/\/yoast.com\/product\/yoast-seo-wordpress\/ -->\n<title>Olli Tamminen \u00c5IFK:sta HIFK:n riveihin | K\u00e4sipallon miesten Aktialiiga<\/title>\n<meta name=\"robots\" content=\"index, follow, max-snippet:-1, max-image-preview:large, max-video-preview:-1\" \/>\n<link rel=\"canonical\" href=\"https:\/\/aktialiiga.fi\/miehet\/ajankohtaista\/olli-tamminen-aifksta-hifkn-riveihin\/\" \/>\n<meta property=\"og:locale\" content=\"fi_FI\" \/>\n<meta property=\"og:type\" content=\"article\" \/>\n<meta property=\"og:title\" content=\"Olli Tamminen \u00c5IFK:sta HIFK:n riveihin | K\u00e4sipallon miesten Aktialiiga\" \/>\n<meta property=\"og:description\" content=\"Riihim\u00e4kel\u00e4isl\u00e4ht\u00f6inen Olli Tamminen vaihtaa \u00c5bo IFK:n t\u00e4htipaidan punaisempaan versioon Helsingiss\u00e4. Vuonna 2007 liigauransa Cocksissa aloittanut Tamminen on pelannut miesten SM-liigassa jo reilut 200 ottelua, ja viimeistellyt yli 300 maalia. Kolmen viime kauden aikana Olli upotti \u00c5bossa 73 ottelussa yhteens\u00e4 197 maalia. &#8211; Halusin HIFK:hon, koska seuralla on mielest\u00e4ni suurin potentiaali. Rostislav Grinishinin tulo p\u00e4\u00e4valmentajaksi kiinnosti [&hellip;]\" \/>\n<meta property=\"og:url\" content=\"https:\/\/aktialiiga.fi\/miehet\/ajankohtaista\/olli-tamminen-aifksta-hifkn-riveihin\/\" \/>\n<meta property=\"og:site_name\" content=\"K\u00e4sipallon miesten Aktialiiga\" \/>\n<meta property=\"article:publisher\" content=\"https:\/\/www.facebook.com\/finnhandball\" \/>\n<meta property=\"article:published_time\" content=\"2017-07-02T06:20:36+00:00\" \/>\n<meta property=\"article:modified_time\" content=\"2018-04-20T09:45:26+00:00\" \/>\n<meta property=\"og:image\" content=\"https:\/\/i0.wp.com\/aktialiiga.fi\/miehet\/wp-content\/uploads\/sites\/5\/2015\/10\/AIFK_TamminenOlli_1516.jpg?fit=600%2C400&ssl=1\" \/>\n\t<meta property=\"og:image:width\" content=\"600\" \/>\n\t<meta property=\"og:image:height\" content=\"400\" \/>\n\t<meta property=\"og:image:type\" content=\"image\/jpeg\" \/>\n<meta name=\"author\" content=\"tbrmedia\" \/>\n<meta name=\"twitter:card\" content=\"summary_large_image\" \/>\n<meta name=\"twitter:creator\" content=\"@finnhandball\" \/>\n<meta name=\"twitter:site\" content=\"@finnhandball\" \/>\n<script type=\"application\/ld+json\" class=\"yoast-schema-graph\">{\"@context\":\"https:\\\/\\\/schema.org\",\"@graph\":[{\"@type\":\"Article\",\"@id\":\"https:\\\/\\\/aktialiiga.fi\\\/miehet\\\/ajankohtaista\\\/olli-tamminen-aifksta-hifkn-riveihin\\\/#article\",\"isPartOf\":{\"@id\":\"https:\\\/\\\/aktialiiga.fi\\\/miehet\\\/ajankohtaista\\\/olli-tamminen-aifksta-hifkn-riveihin\\\/\"},\"author\":{\"name\":\"tbrmedia\",\"@id\":\"https:\\\/\\\/aktialiiga.fi\\\/miehet\\\/#\\\/schema\\\/person\\\/c14bf42f47041db74603c45afcb18d87\"},\"headline\":\"Olli Tamminen \u00c5IFK:sta HIFK:n riveihin\",\"datePublished\":\"2017-07-02T06:20:36+00:00\",\"dateModified\":\"2018-04-20T09:45:26+00:00\",\"mainEntityOfPage\":{\"@id\":\"https:\\\/\\\/aktialiiga.fi\\\/miehet\\\/ajankohtaista\\\/olli-tamminen-aifksta-hifkn-riveihin\\\/\"},\"wordCount\":136,\"publisher\":{\"@id\":\"https:\\\/\\\/aktialiiga.fi\\\/miehet\\\/#organization\"},\"image\":{\"@id\":\"https:\\\/\\\/aktialiiga.fi\\\/miehet\\\/ajankohtaista\\\/olli-tamminen-aifksta-hifkn-riveihin\\\/#primaryimage\"},\"thumbnailUrl\":\"https:\\\/\\\/i0.wp.com\\\/aktialiiga.fi\\\/miehet\\\/wp-content\\\/uploads\\\/sites\\\/5\\\/2015\\\/10\\\/AIFK_TamminenOlli_1516.jpg?fit=600%2C400&ssl=1\",\"keywords\":[\"HIFK\"],\"articleSection\":[\"Ajankohtaista\"],\"inLanguage\":\"fi\"},{\"@type\":\"WebPage\",\"@id\":\"https:\\\/\\\/aktialiiga.fi\\\/miehet\\\/ajankohtaista\\\/olli-tamminen-aifksta-hifkn-riveihin\\\/\",\"url\":\"https:\\\/\\\/aktialiiga.fi\\\/miehet\\\/ajankohtaista\\\/olli-tamminen-aifksta-hifkn-riveihin\\\/\",\"name\":\"Olli Tamminen \u00c5IFK:sta HIFK:n riveihin | K\u00e4sipallon miesten Aktialiiga\",\"isPartOf\":{\"@id\":\"https:\\\/\\\/aktialiiga.fi\\\/miehet\\\/#website\"},\"primaryImageOfPage\":{\"@id\":\"https:\\\/\\\/aktialiiga.fi\\\/miehet\\\/ajankohtaista\\\/olli-tamminen-aifksta-hifkn-riveihin\\\/#primaryimage\"},\"image\":{\"@id\":\"https:\\\/\\\/aktialiiga.fi\\\/miehet\\\/ajankohtaista\\\/olli-tamminen-aifksta-hifkn-riveihin\\\/#primaryimage\"},\"thumbnailUrl\":\"https:\\\/\\\/i0.wp.com\\\/aktialiiga.fi\\\/miehet\\\/wp-content\\\/uploads\\\/sites\\\/5\\\/2015\\\/10\\\/AIFK_TamminenOlli_1516.jpg?fit=600%2C400&ssl=1\",\"datePublished\":\"2017-07-02T06:20:36+00:00\",\"dateModified\":\"2018-04-20T09:45:26+00:00\",\"breadcrumb\":{\"@id\":\"https:\\\/\\\/aktialiiga.fi\\\/miehet\\\/ajankohtaista\\\/olli-tamminen-aifksta-hifkn-riveihin\\\/#breadcrumb\"},\"inLanguage\":\"fi\",\"potentialAction\":[{\"@type\":\"ReadAction\",\"target\":[\"https:\\\/\\\/aktialiiga.fi\\\/miehet\\\/ajankohtaista\\\/olli-tamminen-aifksta-hifkn-riveihin\\\/\"]}]},{\"@type\":\"ImageObject\",\"inLanguage\":\"fi\",\"@id\":\"https:\\\/\\\/aktialiiga.fi\\\/miehet\\\/ajankohtaista\\\/olli-tamminen-aifksta-hifkn-riveihin\\\/#primaryimage\",\"url\":\"https:\\\/\\\/i0.wp.com\\\/aktialiiga.fi\\\/miehet\\\/wp-content\\\/uploads\\\/sites\\\/5\\\/2015\\\/10\\\/AIFK_TamminenOlli_1516.jpg?fit=600%2C400&ssl=1\",\"contentUrl\":\"https:\\\/\\\/i0.wp.com\\\/aktialiiga.fi\\\/miehet\\\/wp-content\\\/uploads\\\/sites\\\/5\\\/2015\\\/10\\\/AIFK_TamminenOlli_1516.jpg?fit=600%2C400&ssl=1\",\"width\":600,\"height\":400,\"caption\":\"kuva: FSC Media\"},{\"@type\":\"BreadcrumbList\",\"@id\":\"https:\\\/\\\/aktialiiga.fi\\\/miehet\\\/ajankohtaista\\\/olli-tamminen-aifksta-hifkn-riveihin\\\/#breadcrumb\",\"itemListElement\":[{\"@type\":\"ListItem\",\"position\":1,\"name\":\"Etusivu\",\"item\":\"https:\\\/\\\/aktialiiga.fi\\\/miehet\\\/\"},{\"@type\":\"ListItem\",\"position\":2,\"name\":\"Olli Tamminen \u00c5IFK:sta HIFK:n riveihin\"}]},{\"@type\":\"WebSite\",\"@id\":\"https:\\\/\\\/aktialiiga.fi\\\/miehet\\\/#website\",\"url\":\"https:\\\/\\\/aktialiiga.fi\\\/miehet\\\/\",\"name\":\"K\u00e4sipallon miesten Aktialiiga\",\"description\":\"Valtakunnan vauhdikkainta palloilua!\",\"publisher\":{\"@id\":\"https:\\\/\\\/aktialiiga.fi\\\/miehet\\\/#organization\"},\"potentialAction\":[{\"@type\":\"SearchAction\",\"target\":{\"@type\":\"EntryPoint\",\"urlTemplate\":\"https:\\\/\\\/aktialiiga.fi\\\/miehet\\\/?s={search_term_string}\"},\"query-input\":{\"@type\":\"PropertyValueSpecification\",\"valueRequired\":true,\"valueName\":\"search_term_string\"}}],\"inLanguage\":\"fi\"},{\"@type\":\"Organization\",\"@id\":\"https:\\\/\\\/aktialiiga.fi\\\/miehet\\\/#organization\",\"name\":\"K\u00e4sipallon miesten Aktialiiga\",\"url\":\"https:\\\/\\\/aktialiiga.fi\\\/miehet\\\/\",\"logo\":{\"@type\":\"ImageObject\",\"inLanguage\":\"fi\",\"@id\":\"https:\\\/\\\/aktialiiga.fi\\\/miehet\\\/#\\\/schema\\\/logo\\\/image\\\/\",\"url\":\"https:\\\/\\\/i0.wp.com\\\/aktialiiga.fi\\\/miehet\\\/wp-content\\\/uploads\\\/sites\\\/5\\\/2024\\\/09\\\/Aktialiiga-Yoast-512.png?fit=512%2C512&ssl=1\",\"contentUrl\":\"https:\\\/\\\/i0.wp.com\\\/aktialiiga.fi\\\/miehet\\\/wp-content\\\/uploads\\\/sites\\\/5\\\/2024\\\/09\\\/Aktialiiga-Yoast-512.png?fit=512%2C512&ssl=1\",\"width\":512,\"height\":512,\"caption\":\"K\u00e4sipallon miesten Aktialiiga\"},\"image\":{\"@id\":\"https:\\\/\\\/aktialiiga.fi\\\/miehet\\\/#\\\/schema\\\/logo\\\/image\\\/\"},\"sameAs\":[\"https:\\\/\\\/www.facebook.com\\\/finnhandball\",\"https:\\\/\\\/x.com\\\/finnhandball\",\"https:\\\/\\\/www.instagram.com\\\/handballfinland\\\/\"]},{\"@type\":\"Person\",\"@id\":\"https:\\\/\\\/aktialiiga.fi\\\/miehet\\\/#\\\/schema\\\/person\\\/c14bf42f47041db74603c45afcb18d87\",\"name\":\"tbrmedia\",\"image\":{\"@type\":\"ImageObject\",\"inLanguage\":\"fi\",\"@id\":\"https:\\\/\\\/secure.gravatar.com\\\/avatar\\\/ee975fa091fe581d12b60debb3439022686618368a7c142044c56724d4666b16?s=96&d=mm&r=g\",\"url\":\"https:\\\/\\\/secure.gravatar.com\\\/avatar\\\/ee975fa091fe581d12b60debb3439022686618368a7c142044c56724d4666b16?s=96&d=mm&r=g\",\"contentUrl\":\"https:\\\/\\\/secure.gravatar.com\\\/avatar\\\/ee975fa091fe581d12b60debb3439022686618368a7c142044c56724d4666b16?s=96&d=mm&r=g\",\"caption\":\"tbrmedia\"}}]}<\/script>\n<!-- \/ Yoast SEO plugin. -->","yoast_head_json":{"title":"Olli Tamminen \u00c5IFK:sta HIFK:n riveihin | K\u00e4sipallon miesten Aktialiiga","robots":{"index":"index","follow":"follow","max-snippet":"max-snippet:-1","max-image-preview":"max-image-preview:large","max-video-preview":"max-video-preview:-1"},"canonical":"https:\/\/aktialiiga.fi\/miehet\/ajankohtaista\/olli-tamminen-aifksta-hifkn-riveihin\/","og_locale":"fi_FI","og_type":"article","og_title":"Olli Tamminen \u00c5IFK:sta HIFK:n riveihin | K\u00e4sipallon miesten Aktialiiga","og_description":"Riihim\u00e4kel\u00e4isl\u00e4ht\u00f6inen Olli Tamminen vaihtaa \u00c5bo IFK:n t\u00e4htipaidan punaisempaan versioon Helsingiss\u00e4. Vuonna 2007 liigauransa Cocksissa aloittanut Tamminen on pelannut miesten SM-liigassa jo reilut 200 ottelua, ja viimeistellyt yli 300 maalia. Kolmen viime kauden aikana Olli upotti \u00c5bossa 73 ottelussa yhteens\u00e4 197 maalia. &#8211; Halusin HIFK:hon, koska seuralla on mielest\u00e4ni suurin potentiaali. Rostislav Grinishinin tulo p\u00e4\u00e4valmentajaksi kiinnosti [&hellip;]","og_url":"https:\/\/aktialiiga.fi\/miehet\/ajankohtaista\/olli-tamminen-aifksta-hifkn-riveihin\/","og_site_name":"K\u00e4sipallon miesten Aktialiiga","article_publisher":"https:\/\/www.facebook.com\/finnhandball","article_published_time":"2017-07-02T06:20:36+00:00","article_modified_time":"2018-04-20T09:45:26+00:00","og_image":[{"width":600,"height":400,"url":"https:\/\/i0.wp.com\/aktialiiga.fi\/miehet\/wp-content\/uploads\/sites\/5\/2015\/10\/AIFK_TamminenOlli_1516.jpg?fit=600%2C400&ssl=1","type":"image\/jpeg"}],"author":"tbrmedia","twitter_card":"summary_large_image","twitter_creator":"@finnhandball","twitter_site":"@finnhandball","schema":{"@context":"https:\/\/schema.org","@graph":[{"@type":"Article","@id":"https:\/\/aktialiiga.fi\/miehet\/ajankohtaista\/olli-tamminen-aifksta-hifkn-riveihin\/#article","isPartOf":{"@id":"https:\/\/aktialiiga.fi\/miehet\/ajankohtaista\/olli-tamminen-aifksta-hifkn-riveihin\/"},"author":{"name":"tbrmedia","@id":"https:\/\/aktialiiga.fi\/miehet\/#\/schema\/person\/c14bf42f47041db74603c45afcb18d87"},"headline":"Olli Tamminen \u00c5IFK:sta HIFK:n riveihin","datePublished":"2017-07-02T06:20:36+00:00","dateModified":"2018-04-20T09:45:26+00:00","mainEntityOfPage":{"@id":"https:\/\/aktialiiga.fi\/miehet\/ajankohtaista\/olli-tamminen-aifksta-hifkn-riveihin\/"},"wordCount":136,"publisher":{"@id":"https:\/\/aktialiiga.fi\/miehet\/#organization"},"image":{"@id":"https:\/\/aktialiiga.fi\/miehet\/ajankohtaista\/olli-tamminen-aifksta-hifkn-riveihin\/#primaryimage"},"thumbnailUrl":"https:\/\/i0.wp.com\/aktialiiga.fi\/miehet\/wp-content\/uploads\/sites\/5\/2015\/10\/AIFK_TamminenOlli_1516.jpg?fit=600%2C400&ssl=1","keywords":["HIFK"],"articleSection":["Ajankohtaista"],"inLanguage":"fi"},{"@type":"WebPage","@id":"https:\/\/aktialiiga.fi\/miehet\/ajankohtaista\/olli-tamminen-aifksta-hifkn-riveihin\/","url":"https:\/\/aktialiiga.fi\/miehet\/ajankohtaista\/olli-tamminen-aifksta-hifkn-riveihin\/","name":"Olli Tamminen \u00c5IFK:sta HIFK:n riveihin | K\u00e4sipallon miesten Aktialiiga","isPartOf":{"@id":"https:\/\/aktialiiga.fi\/miehet\/#website"},"primaryImageOfPage":{"@id":"https:\/\/aktialiiga.fi\/miehet\/ajankohtaista\/olli-tamminen-aifksta-hifkn-riveihin\/#primaryimage"},"image":{"@id":"https:\/\/aktialiiga.fi\/miehet\/ajankohtaista\/olli-tamminen-aifksta-hifkn-riveihin\/#primaryimage"},"thumbnailUrl":"https:\/\/i0.wp.com\/aktialiiga.fi\/miehet\/wp-content\/uploads\/sites\/5\/2015\/10\/AIFK_TamminenOlli_1516.jpg?fit=600%2C400&ssl=1","datePublished":"2017-07-02T06:20:36+00:00","dateModified":"2018-04-20T09:45:26+00:00","breadcrumb":{"@id":"https:\/\/aktialiiga.fi\/miehet\/ajankohtaista\/olli-tamminen-aifksta-hifkn-riveihin\/#breadcrumb"},"inLanguage":"fi","potentialAction":[{"@type":"ReadAction","target":["https:\/\/aktialiiga.fi\/miehet\/ajankohtaista\/olli-tamminen-aifksta-hifkn-riveihin\/"]}]},{"@type":"ImageObject","inLanguage":"fi","@id":"https:\/\/aktialiiga.fi\/miehet\/ajankohtaista\/olli-tamminen-aifksta-hifkn-riveihin\/#primaryimage","url":"https:\/\/i0.wp.com\/aktialiiga.fi\/miehet\/wp-content\/uploads\/sites\/5\/2015\/10\/AIFK_TamminenOlli_1516.jpg?fit=600%2C400&ssl=1","contentUrl":"https:\/\/i0.wp.com\/aktialiiga.fi\/miehet\/wp-content\/uploads\/sites\/5\/2015\/10\/AIFK_TamminenOlli_1516.jpg?fit=600%2C400&ssl=1","width":600,"height":400,"caption":"kuva: FSC Media"},{"@type":"BreadcrumbList","@id":"https:\/\/aktialiiga.fi\/miehet\/ajankohtaista\/olli-tamminen-aifksta-hifkn-riveihin\/#breadcrumb","itemListElement":[{"@type":"ListItem","position":1,"name":"Etusivu","item":"https:\/\/aktialiiga.fi\/miehet\/"},{"@type":"ListItem","position":2,"name":"Olli Tamminen \u00c5IFK:sta HIFK:n riveihin"}]},{"@type":"WebSite","@id":"https:\/\/aktialiiga.fi\/miehet\/#website","url":"https:\/\/aktialiiga.fi\/miehet\/","name":"K\u00e4sipallon miesten Aktialiiga","description":"Valtakunnan vauhdikkainta palloilua!","publisher":{"@id":"https:\/\/aktialiiga.fi\/miehet\/#organization"},"potentialAction":[{"@type":"SearchAction","target":{"@type":"EntryPoint","urlTemplate":"https:\/\/aktialiiga.fi\/miehet\/?s={search_term_string}"},"query-input":{"@type":"PropertyValueSpecification","valueRequired":true,"valueName":"search_term_string"}}],"inLanguage":"fi"},{"@type":"Organization","@id":"https:\/\/aktialiiga.fi\/miehet\/#organization","name":"K\u00e4sipallon miesten Aktialiiga","url":"https:\/\/aktialiiga.fi\/miehet\/","logo":{"@type":"ImageObject","inLanguage":"fi","@id":"https:\/\/aktialiiga.fi\/miehet\/#\/schema\/logo\/image\/","url":"https:\/\/i0.wp.com\/aktialiiga.fi\/miehet\/wp-content\/uploads\/sites\/5\/2024\/09\/Aktialiiga-Yoast-512.png?fit=512%2C512&ssl=1","contentUrl":"https:\/\/i0.wp.com\/aktialiiga.fi\/miehet\/wp-content\/uploads\/sites\/5\/2024\/09\/Aktialiiga-Yoast-512.png?fit=512%2C512&ssl=1","width":512,"height":512,"caption":"K\u00e4sipallon miesten Aktialiiga"},"image":{"@id":"https:\/\/aktialiiga.fi\/miehet\/#\/schema\/logo\/image\/"},"sameAs":["https:\/\/www.facebook.com\/finnhandball","https:\/\/x.com\/finnhandball","https:\/\/www.instagram.com\/handballfinland\/"]},{"@type":"Person","@id":"https:\/\/aktialiiga.fi\/miehet\/#\/schema\/person\/c14bf42f47041db74603c45afcb18d87","name":"tbrmedia","image":{"@type":"ImageObject","inLanguage":"fi","@id":"https:\/\/secure.gravatar.com\/avatar\/ee975fa091fe581d12b60debb3439022686618368a7c142044c56724d4666b16?s=96&d=mm&r=g","url":"https:\/\/secure.gravatar.com\/avatar\/ee975fa091fe581d12b60debb3439022686618368a7c142044c56724d4666b16?s=96&d=mm&r=g","contentUrl":"https:\/\/secure.gravatar.com\/avatar\/ee975fa091fe581d12b60debb3439022686618368a7c142044c56724d4666b16?s=96&d=mm&r=g","caption":"tbrmedia"}}]}},"jetpack_featured_media_url":"https:\/\/i0.wp.com\/aktialiiga.fi\/miehet\/wp-content\/uploads\/sites\/5\/2015\/10\/AIFK_TamminenOlli_1516.jpg?fit=600%2C400&ssl=1","jetpack_sharing_enabled":true,"jetpack_shortlink":"https:\/\/wp.me\/pfTxOr-4lC","_links":{"self":[{"href":"https:\/\/aktialiiga.fi\/miehet\/wp-json\/wp\/v2\/posts\/16716","targetHints":{"allow":["GET"]}}],"collection":[{"href":"https:\/\/aktialiiga.fi\/miehet\/wp-json\/wp\/v2\/posts"}],"about":[{"href":"https:\/\/aktialiiga.fi\/miehet\/wp-json\/wp\/v2\/types\/post"}],"author":[{"embeddable":true,"href":"https:\/\/aktialiiga.fi\/miehet\/wp-json\/wp\/v2\/users\/13"}],"replies":[{"embeddable":true,"href":"https:\/\/aktialiiga.fi\/miehet\/wp-json\/wp\/v2\/comments?post=16716"}],"version-history":[{"count":0,"href":"https:\/\/aktialiiga.fi\/miehet\/wp-json\/wp\/v2\/posts\/16716\/revisions"}],"wp:featuredmedia":[{"embeddable":true,"href":"https:\/\/aktialiiga.fi\/miehet\/wp-json\/wp\/v2\/media\/10777"}],"wp:attachment":[{"href":"https:\/\/aktialiiga.fi\/miehet\/wp-json\/wp\/v2\/media?parent=16716"}],"wp:term":[{"taxonomy":"category","embeddable":true,"href":"https:\/\/aktialiiga.fi\/miehet\/wp-json\/wp\/v2\/categories?post=16716"},{"taxonomy":"post_tag","embeddable":true,"href":"https:\/\/aktialiiga.fi\/miehet\/wp-json\/wp\/v2\/tags?post=16716"}],"curies":[{"name":"wp","href":"https:\/\/api.w.org\/{rel}","templated":true}]}}