{"id":16732,"date":"2017-08-03T22:30:19","date_gmt":"2017-08-03T19:30:19","guid":{"rendered":"https:\/\/aktialiiga.fi\/miehet\/?p=16732"},"modified":"2018-04-20T12:45:25","modified_gmt":"2018-04-20T09:45:25","slug":"pargas-ifn-liigaryhma-vahvistuu-neljalla-pelaajalla","status":"publish","type":"post","link":"https:\/\/aktialiiga.fi\/miehet\/ajankohtaista\/pargas-ifn-liigaryhma-vahvistuu-neljalla-pelaajalla\/","title":{"rendered":"Pargas IF:n liigaryhm\u00e4 vahvistuu nelj\u00e4ll\u00e4 pelaajalla"},"content":{"rendered":"<p>Pargas IF:n miesten edustusjoukkue vahvistuu nelj\u00e4ll\u00e4 pelaajalla kaudelle 2017-2018.<\/p>\n<p>Uusia pelaajia ovat makedonialaiset takamiehet Vlatko Tasevski (25) ja Andrej Miladinovski (24) sek\u00e4 viivapelaaja Robin Mattsson (26) joka siirtyy Paraisille BK-46:sta sek\u00e4 \u00c5IFK:sta punapaitaan palaava takamies\/laitapelaaja Peter Vikman (30).<\/p>\n<p>&#8211; Tuhlaajapoika palaa kotiin kun Vikman pelaa j\u00e4lleen Paraisilla, PIF-k\u00e4sipallon puheenjohtaja Jan \u201dBambu\u201d Eriksson toteaa.<\/p>\n<p>Tasevski ja Miladinovski ovat kumpikin oikealta heitt\u00e4vi\u00e4 takamiehi\u00e4, joiden kasvattajaseurana on RK Kumanovo. Tasevski on urallaan pelannut my\u00f6s Kreikan p\u00e4\u00e4sarjassa.<\/p>\n<p>Kesken viime kauden joukkueeseen liittynyt vasenk\u00e4tinen makedonialainen David Kuzmanovski (23) jatkaa Paraisilla.<\/p>\n<p>Kaikki sopimukset ovat mallia 1+1 vuotta.<\/p>\n<p>Robin Mattssonin kohdalla seuran vaihtuminen on ollut selv\u00e4\u00e4 jo jonkin aikaa, sill\u00e4 h\u00e4n asuu nyky\u00e4\u00e4n Turussa.<\/p>\n<p>&#8211; Odotin oikeastaan vain valmentajakuvioiden selkiintymist\u00e4, sill\u00e4 Piffen on tehnyy minuun hyv\u00e4n vaikutuksen ja seuran ymp\u00e4rill\u00e4 on runsaasti innostunutta v\u00e4ke\u00e4. Toivon tuovani ryhm\u00e4\u00e4n kokemusta, toteaa entinen juniorimaajoukkuepelaaja.<\/p>\n<p>&#8211; Haluamme n\u00e4ytt\u00e4\u00e4 olevamme tosissamme ja panostavan my\u00f6s pitemm\u00e4ll\u00e4 t\u00e4ht\u00e4imell\u00e4 n\u00e4iden hankintojen my\u00f6t\u00e4, Eriksson sanoo.<\/p>\n","protected":false},"excerpt":{"rendered":"<p>Pargas IF:n miesten edustusjoukkue vahvistuu nelj\u00e4ll\u00e4 pelaajalla kaudelle 2017-2018. Uusia pelaajia ovat makedonialaiset takamiehet Vlatko Tasevski (25) ja Andrej Miladinovski (24) sek\u00e4 viivapelaaja Robin Mattsson (26) joka siirtyy Paraisille BK-46:sta sek\u00e4 \u00c5IFK:sta punapaitaan palaava takamies\/laitapelaaja Peter Vikman (30). &#8211; Tuhlaajapoika palaa kotiin kun Vikman pelaa j\u00e4lleen Paraisilla, PIF-k\u00e4sipallon puheenjohtaja Jan \u201dBambu\u201d Eriksson toteaa. Tasevski ja [&hellip;]<\/p>\n","protected":false},"author":13,"featured_media":15248,"comment_status":"closed","ping_status":"open","sticky":false,"template":"","format":"standard","meta":{"_acf_changed":false,"jetpack_post_was_ever_published":false,"_jetpack_newsletter_access":"","_jetpack_dont_email_post_to_subs":false,"_jetpack_newsletter_tier_id":0,"_jetpack_memberships_contains_paywalled_content":false,"_jetpack_memberships_contains_paid_content":false,"footnotes":""},"categories":[2],"tags":[98],"class_list":["post-16732","post","type-post","status-publish","format-standard","has-post-thumbnail","hentry","category-ajankohtaista","tag-pif"],"acf":[],"yoast_head":"<!-- This site is optimized with the Yoast SEO plugin v27.5 - https:\/\/yoast.com\/product\/yoast-seo-wordpress\/ -->\n<title>Pargas IF:n liigaryhm\u00e4 vahvistuu nelj\u00e4ll\u00e4 pelaajalla | K\u00e4sipallon miesten Aktialiiga<\/title>\n<meta name=\"robots\" content=\"index, follow, max-snippet:-1, max-image-preview:large, max-video-preview:-1\" \/>\n<link rel=\"canonical\" href=\"https:\/\/aktialiiga.fi\/miehet\/ajankohtaista\/pargas-ifn-liigaryhma-vahvistuu-neljalla-pelaajalla\/\" \/>\n<meta property=\"og:locale\" content=\"fi_FI\" \/>\n<meta property=\"og:type\" content=\"article\" \/>\n<meta property=\"og:title\" content=\"Pargas IF:n liigaryhm\u00e4 vahvistuu nelj\u00e4ll\u00e4 pelaajalla | K\u00e4sipallon miesten Aktialiiga\" \/>\n<meta property=\"og:description\" content=\"Pargas IF:n miesten edustusjoukkue vahvistuu nelj\u00e4ll\u00e4 pelaajalla kaudelle 2017-2018. Uusia pelaajia ovat makedonialaiset takamiehet Vlatko Tasevski (25) ja Andrej Miladinovski (24) sek\u00e4 viivapelaaja Robin Mattsson (26) joka siirtyy Paraisille BK-46:sta sek\u00e4 \u00c5IFK:sta punapaitaan palaava takamies\/laitapelaaja Peter Vikman (30). &#8211; Tuhlaajapoika palaa kotiin kun Vikman pelaa j\u00e4lleen Paraisilla, PIF-k\u00e4sipallon puheenjohtaja Jan \u201dBambu\u201d Eriksson toteaa. Tasevski ja [&hellip;]\" \/>\n<meta property=\"og:url\" content=\"https:\/\/aktialiiga.fi\/miehet\/ajankohtaista\/pargas-ifn-liigaryhma-vahvistuu-neljalla-pelaajalla\/\" \/>\n<meta property=\"og:site_name\" content=\"K\u00e4sipallon miesten Aktialiiga\" \/>\n<meta property=\"article:publisher\" content=\"https:\/\/www.facebook.com\/finnhandball\" \/>\n<meta property=\"article:published_time\" content=\"2017-08-03T19:30:19+00:00\" \/>\n<meta property=\"article:modified_time\" content=\"2018-04-20T09:45:25+00:00\" \/>\n<meta property=\"og:image\" content=\"https:\/\/i0.wp.com\/aktialiiga.fi\/miehet\/wp-content\/uploads\/sites\/5\/2016\/10\/Pallokuvitus2016a.jpg?fit=800%2C533&ssl=1\" \/>\n\t<meta property=\"og:image:width\" content=\"800\" \/>\n\t<meta property=\"og:image:height\" content=\"533\" \/>\n\t<meta property=\"og:image:type\" content=\"image\/jpeg\" \/>\n<meta name=\"author\" content=\"tbrmedia\" \/>\n<meta name=\"twitter:card\" content=\"summary_large_image\" \/>\n<meta name=\"twitter:creator\" content=\"@finnhandball\" \/>\n<meta name=\"twitter:site\" content=\"@finnhandball\" \/>\n<script type=\"application\/ld+json\" class=\"yoast-schema-graph\">{\"@context\":\"https:\\\/\\\/schema.org\",\"@graph\":[{\"@type\":\"Article\",\"@id\":\"https:\\\/\\\/aktialiiga.fi\\\/miehet\\\/ajankohtaista\\\/pargas-ifn-liigaryhma-vahvistuu-neljalla-pelaajalla\\\/#article\",\"isPartOf\":{\"@id\":\"https:\\\/\\\/aktialiiga.fi\\\/miehet\\\/ajankohtaista\\\/pargas-ifn-liigaryhma-vahvistuu-neljalla-pelaajalla\\\/\"},\"author\":{\"name\":\"tbrmedia\",\"@id\":\"https:\\\/\\\/aktialiiga.fi\\\/miehet\\\/#\\\/schema\\\/person\\\/c14bf42f47041db74603c45afcb18d87\"},\"headline\":\"Pargas IF:n liigaryhm\u00e4 vahvistuu nelj\u00e4ll\u00e4 pelaajalla\",\"datePublished\":\"2017-08-03T19:30:19+00:00\",\"dateModified\":\"2018-04-20T09:45:25+00:00\",\"mainEntityOfPage\":{\"@id\":\"https:\\\/\\\/aktialiiga.fi\\\/miehet\\\/ajankohtaista\\\/pargas-ifn-liigaryhma-vahvistuu-neljalla-pelaajalla\\\/\"},\"wordCount\":175,\"publisher\":{\"@id\":\"https:\\\/\\\/aktialiiga.fi\\\/miehet\\\/#organization\"},\"image\":{\"@id\":\"https:\\\/\\\/aktialiiga.fi\\\/miehet\\\/ajankohtaista\\\/pargas-ifn-liigaryhma-vahvistuu-neljalla-pelaajalla\\\/#primaryimage\"},\"thumbnailUrl\":\"https:\\\/\\\/i0.wp.com\\\/aktialiiga.fi\\\/miehet\\\/wp-content\\\/uploads\\\/sites\\\/5\\\/2016\\\/10\\\/Pallokuvitus2016a.jpg?fit=800%2C533&ssl=1\",\"keywords\":[\"PIF\"],\"articleSection\":[\"Ajankohtaista\"],\"inLanguage\":\"fi\"},{\"@type\":\"WebPage\",\"@id\":\"https:\\\/\\\/aktialiiga.fi\\\/miehet\\\/ajankohtaista\\\/pargas-ifn-liigaryhma-vahvistuu-neljalla-pelaajalla\\\/\",\"url\":\"https:\\\/\\\/aktialiiga.fi\\\/miehet\\\/ajankohtaista\\\/pargas-ifn-liigaryhma-vahvistuu-neljalla-pelaajalla\\\/\",\"name\":\"Pargas IF:n liigaryhm\u00e4 vahvistuu nelj\u00e4ll\u00e4 pelaajalla | K\u00e4sipallon miesten Aktialiiga\",\"isPartOf\":{\"@id\":\"https:\\\/\\\/aktialiiga.fi\\\/miehet\\\/#website\"},\"primaryImageOfPage\":{\"@id\":\"https:\\\/\\\/aktialiiga.fi\\\/miehet\\\/ajankohtaista\\\/pargas-ifn-liigaryhma-vahvistuu-neljalla-pelaajalla\\\/#primaryimage\"},\"image\":{\"@id\":\"https:\\\/\\\/aktialiiga.fi\\\/miehet\\\/ajankohtaista\\\/pargas-ifn-liigaryhma-vahvistuu-neljalla-pelaajalla\\\/#primaryimage\"},\"thumbnailUrl\":\"https:\\\/\\\/i0.wp.com\\\/aktialiiga.fi\\\/miehet\\\/wp-content\\\/uploads\\\/sites\\\/5\\\/2016\\\/10\\\/Pallokuvitus2016a.jpg?fit=800%2C533&ssl=1\",\"datePublished\":\"2017-08-03T19:30:19+00:00\",\"dateModified\":\"2018-04-20T09:45:25+00:00\",\"breadcrumb\":{\"@id\":\"https:\\\/\\\/aktialiiga.fi\\\/miehet\\\/ajankohtaista\\\/pargas-ifn-liigaryhma-vahvistuu-neljalla-pelaajalla\\\/#breadcrumb\"},\"inLanguage\":\"fi\",\"potentialAction\":[{\"@type\":\"ReadAction\",\"target\":[\"https:\\\/\\\/aktialiiga.fi\\\/miehet\\\/ajankohtaista\\\/pargas-ifn-liigaryhma-vahvistuu-neljalla-pelaajalla\\\/\"]}]},{\"@type\":\"ImageObject\",\"inLanguage\":\"fi\",\"@id\":\"https:\\\/\\\/aktialiiga.fi\\\/miehet\\\/ajankohtaista\\\/pargas-ifn-liigaryhma-vahvistuu-neljalla-pelaajalla\\\/#primaryimage\",\"url\":\"https:\\\/\\\/i0.wp.com\\\/aktialiiga.fi\\\/miehet\\\/wp-content\\\/uploads\\\/sites\\\/5\\\/2016\\\/10\\\/Pallokuvitus2016a.jpg?fit=800%2C533&ssl=1\",\"contentUrl\":\"https:\\\/\\\/i0.wp.com\\\/aktialiiga.fi\\\/miehet\\\/wp-content\\\/uploads\\\/sites\\\/5\\\/2016\\\/10\\\/Pallokuvitus2016a.jpg?fit=800%2C533&ssl=1\",\"width\":800,\"height\":533},{\"@type\":\"BreadcrumbList\",\"@id\":\"https:\\\/\\\/aktialiiga.fi\\\/miehet\\\/ajankohtaista\\\/pargas-ifn-liigaryhma-vahvistuu-neljalla-pelaajalla\\\/#breadcrumb\",\"itemListElement\":[{\"@type\":\"ListItem\",\"position\":1,\"name\":\"Etusivu\",\"item\":\"https:\\\/\\\/aktialiiga.fi\\\/miehet\\\/\"},{\"@type\":\"ListItem\",\"position\":2,\"name\":\"Pargas IF:n liigaryhm\u00e4 vahvistuu nelj\u00e4ll\u00e4 pelaajalla\"}]},{\"@type\":\"WebSite\",\"@id\":\"https:\\\/\\\/aktialiiga.fi\\\/miehet\\\/#website\",\"url\":\"https:\\\/\\\/aktialiiga.fi\\\/miehet\\\/\",\"name\":\"K\u00e4sipallon miesten Aktialiiga\",\"description\":\"Valtakunnan vauhdikkainta palloilua!\",\"publisher\":{\"@id\":\"https:\\\/\\\/aktialiiga.fi\\\/miehet\\\/#organization\"},\"potentialAction\":[{\"@type\":\"SearchAction\",\"target\":{\"@type\":\"EntryPoint\",\"urlTemplate\":\"https:\\\/\\\/aktialiiga.fi\\\/miehet\\\/?s={search_term_string}\"},\"query-input\":{\"@type\":\"PropertyValueSpecification\",\"valueRequired\":true,\"valueName\":\"search_term_string\"}}],\"inLanguage\":\"fi\"},{\"@type\":\"Organization\",\"@id\":\"https:\\\/\\\/aktialiiga.fi\\\/miehet\\\/#organization\",\"name\":\"K\u00e4sipallon miesten Aktialiiga\",\"url\":\"https:\\\/\\\/aktialiiga.fi\\\/miehet\\\/\",\"logo\":{\"@type\":\"ImageObject\",\"inLanguage\":\"fi\",\"@id\":\"https:\\\/\\\/aktialiiga.fi\\\/miehet\\\/#\\\/schema\\\/logo\\\/image\\\/\",\"url\":\"https:\\\/\\\/i0.wp.com\\\/aktialiiga.fi\\\/miehet\\\/wp-content\\\/uploads\\\/sites\\\/5\\\/2024\\\/09\\\/Aktialiiga-Yoast-512.png?fit=512%2C512&ssl=1\",\"contentUrl\":\"https:\\\/\\\/i0.wp.com\\\/aktialiiga.fi\\\/miehet\\\/wp-content\\\/uploads\\\/sites\\\/5\\\/2024\\\/09\\\/Aktialiiga-Yoast-512.png?fit=512%2C512&ssl=1\",\"width\":512,\"height\":512,\"caption\":\"K\u00e4sipallon miesten Aktialiiga\"},\"image\":{\"@id\":\"https:\\\/\\\/aktialiiga.fi\\\/miehet\\\/#\\\/schema\\\/logo\\\/image\\\/\"},\"sameAs\":[\"https:\\\/\\\/www.facebook.com\\\/finnhandball\",\"https:\\\/\\\/x.com\\\/finnhandball\",\"https:\\\/\\\/www.instagram.com\\\/handballfinland\\\/\"]},{\"@type\":\"Person\",\"@id\":\"https:\\\/\\\/aktialiiga.fi\\\/miehet\\\/#\\\/schema\\\/person\\\/c14bf42f47041db74603c45afcb18d87\",\"name\":\"tbrmedia\",\"image\":{\"@type\":\"ImageObject\",\"inLanguage\":\"fi\",\"@id\":\"https:\\\/\\\/secure.gravatar.com\\\/avatar\\\/ee975fa091fe581d12b60debb3439022686618368a7c142044c56724d4666b16?s=96&d=mm&r=g\",\"url\":\"https:\\\/\\\/secure.gravatar.com\\\/avatar\\\/ee975fa091fe581d12b60debb3439022686618368a7c142044c56724d4666b16?s=96&d=mm&r=g\",\"contentUrl\":\"https:\\\/\\\/secure.gravatar.com\\\/avatar\\\/ee975fa091fe581d12b60debb3439022686618368a7c142044c56724d4666b16?s=96&d=mm&r=g\",\"caption\":\"tbrmedia\"}}]}<\/script>\n<!-- \/ Yoast SEO plugin. -->","yoast_head_json":{"title":"Pargas IF:n liigaryhm\u00e4 vahvistuu nelj\u00e4ll\u00e4 pelaajalla | K\u00e4sipallon miesten Aktialiiga","robots":{"index":"index","follow":"follow","max-snippet":"max-snippet:-1","max-image-preview":"max-image-preview:large","max-video-preview":"max-video-preview:-1"},"canonical":"https:\/\/aktialiiga.fi\/miehet\/ajankohtaista\/pargas-ifn-liigaryhma-vahvistuu-neljalla-pelaajalla\/","og_locale":"fi_FI","og_type":"article","og_title":"Pargas IF:n liigaryhm\u00e4 vahvistuu nelj\u00e4ll\u00e4 pelaajalla | K\u00e4sipallon miesten Aktialiiga","og_description":"Pargas IF:n miesten edustusjoukkue vahvistuu nelj\u00e4ll\u00e4 pelaajalla kaudelle 2017-2018. Uusia pelaajia ovat makedonialaiset takamiehet Vlatko Tasevski (25) ja Andrej Miladinovski (24) sek\u00e4 viivapelaaja Robin Mattsson (26) joka siirtyy Paraisille BK-46:sta sek\u00e4 \u00c5IFK:sta punapaitaan palaava takamies\/laitapelaaja Peter Vikman (30). &#8211; Tuhlaajapoika palaa kotiin kun Vikman pelaa j\u00e4lleen Paraisilla, PIF-k\u00e4sipallon puheenjohtaja Jan \u201dBambu\u201d Eriksson toteaa. Tasevski ja [&hellip;]","og_url":"https:\/\/aktialiiga.fi\/miehet\/ajankohtaista\/pargas-ifn-liigaryhma-vahvistuu-neljalla-pelaajalla\/","og_site_name":"K\u00e4sipallon miesten Aktialiiga","article_publisher":"https:\/\/www.facebook.com\/finnhandball","article_published_time":"2017-08-03T19:30:19+00:00","article_modified_time":"2018-04-20T09:45:25+00:00","og_image":[{"width":800,"height":533,"url":"https:\/\/i0.wp.com\/aktialiiga.fi\/miehet\/wp-content\/uploads\/sites\/5\/2016\/10\/Pallokuvitus2016a.jpg?fit=800%2C533&ssl=1","type":"image\/jpeg"}],"author":"tbrmedia","twitter_card":"summary_large_image","twitter_creator":"@finnhandball","twitter_site":"@finnhandball","schema":{"@context":"https:\/\/schema.org","@graph":[{"@type":"Article","@id":"https:\/\/aktialiiga.fi\/miehet\/ajankohtaista\/pargas-ifn-liigaryhma-vahvistuu-neljalla-pelaajalla\/#article","isPartOf":{"@id":"https:\/\/aktialiiga.fi\/miehet\/ajankohtaista\/pargas-ifn-liigaryhma-vahvistuu-neljalla-pelaajalla\/"},"author":{"name":"tbrmedia","@id":"https:\/\/aktialiiga.fi\/miehet\/#\/schema\/person\/c14bf42f47041db74603c45afcb18d87"},"headline":"Pargas IF:n liigaryhm\u00e4 vahvistuu nelj\u00e4ll\u00e4 pelaajalla","datePublished":"2017-08-03T19:30:19+00:00","dateModified":"2018-04-20T09:45:25+00:00","mainEntityOfPage":{"@id":"https:\/\/aktialiiga.fi\/miehet\/ajankohtaista\/pargas-ifn-liigaryhma-vahvistuu-neljalla-pelaajalla\/"},"wordCount":175,"publisher":{"@id":"https:\/\/aktialiiga.fi\/miehet\/#organization"},"image":{"@id":"https:\/\/aktialiiga.fi\/miehet\/ajankohtaista\/pargas-ifn-liigaryhma-vahvistuu-neljalla-pelaajalla\/#primaryimage"},"thumbnailUrl":"https:\/\/i0.wp.com\/aktialiiga.fi\/miehet\/wp-content\/uploads\/sites\/5\/2016\/10\/Pallokuvitus2016a.jpg?fit=800%2C533&ssl=1","keywords":["PIF"],"articleSection":["Ajankohtaista"],"inLanguage":"fi"},{"@type":"WebPage","@id":"https:\/\/aktialiiga.fi\/miehet\/ajankohtaista\/pargas-ifn-liigaryhma-vahvistuu-neljalla-pelaajalla\/","url":"https:\/\/aktialiiga.fi\/miehet\/ajankohtaista\/pargas-ifn-liigaryhma-vahvistuu-neljalla-pelaajalla\/","name":"Pargas IF:n liigaryhm\u00e4 vahvistuu nelj\u00e4ll\u00e4 pelaajalla | K\u00e4sipallon miesten Aktialiiga","isPartOf":{"@id":"https:\/\/aktialiiga.fi\/miehet\/#website"},"primaryImageOfPage":{"@id":"https:\/\/aktialiiga.fi\/miehet\/ajankohtaista\/pargas-ifn-liigaryhma-vahvistuu-neljalla-pelaajalla\/#primaryimage"},"image":{"@id":"https:\/\/aktialiiga.fi\/miehet\/ajankohtaista\/pargas-ifn-liigaryhma-vahvistuu-neljalla-pelaajalla\/#primaryimage"},"thumbnailUrl":"https:\/\/i0.wp.com\/aktialiiga.fi\/miehet\/wp-content\/uploads\/sites\/5\/2016\/10\/Pallokuvitus2016a.jpg?fit=800%2C533&ssl=1","datePublished":"2017-08-03T19:30:19+00:00","dateModified":"2018-04-20T09:45:25+00:00","breadcrumb":{"@id":"https:\/\/aktialiiga.fi\/miehet\/ajankohtaista\/pargas-ifn-liigaryhma-vahvistuu-neljalla-pelaajalla\/#breadcrumb"},"inLanguage":"fi","potentialAction":[{"@type":"ReadAction","target":["https:\/\/aktialiiga.fi\/miehet\/ajankohtaista\/pargas-ifn-liigaryhma-vahvistuu-neljalla-pelaajalla\/"]}]},{"@type":"ImageObject","inLanguage":"fi","@id":"https:\/\/aktialiiga.fi\/miehet\/ajankohtaista\/pargas-ifn-liigaryhma-vahvistuu-neljalla-pelaajalla\/#primaryimage","url":"https:\/\/i0.wp.com\/aktialiiga.fi\/miehet\/wp-content\/uploads\/sites\/5\/2016\/10\/Pallokuvitus2016a.jpg?fit=800%2C533&ssl=1","contentUrl":"https:\/\/i0.wp.com\/aktialiiga.fi\/miehet\/wp-content\/uploads\/sites\/5\/2016\/10\/Pallokuvitus2016a.jpg?fit=800%2C533&ssl=1","width":800,"height":533},{"@type":"BreadcrumbList","@id":"https:\/\/aktialiiga.fi\/miehet\/ajankohtaista\/pargas-ifn-liigaryhma-vahvistuu-neljalla-pelaajalla\/#breadcrumb","itemListElement":[{"@type":"ListItem","position":1,"name":"Etusivu","item":"https:\/\/aktialiiga.fi\/miehet\/"},{"@type":"ListItem","position":2,"name":"Pargas IF:n liigaryhm\u00e4 vahvistuu nelj\u00e4ll\u00e4 pelaajalla"}]},{"@type":"WebSite","@id":"https:\/\/aktialiiga.fi\/miehet\/#website","url":"https:\/\/aktialiiga.fi\/miehet\/","name":"K\u00e4sipallon miesten Aktialiiga","description":"Valtakunnan vauhdikkainta palloilua!","publisher":{"@id":"https:\/\/aktialiiga.fi\/miehet\/#organization"},"potentialAction":[{"@type":"SearchAction","target":{"@type":"EntryPoint","urlTemplate":"https:\/\/aktialiiga.fi\/miehet\/?s={search_term_string}"},"query-input":{"@type":"PropertyValueSpecification","valueRequired":true,"valueName":"search_term_string"}}],"inLanguage":"fi"},{"@type":"Organization","@id":"https:\/\/aktialiiga.fi\/miehet\/#organization","name":"K\u00e4sipallon miesten Aktialiiga","url":"https:\/\/aktialiiga.fi\/miehet\/","logo":{"@type":"ImageObject","inLanguage":"fi","@id":"https:\/\/aktialiiga.fi\/miehet\/#\/schema\/logo\/image\/","url":"https:\/\/i0.wp.com\/aktialiiga.fi\/miehet\/wp-content\/uploads\/sites\/5\/2024\/09\/Aktialiiga-Yoast-512.png?fit=512%2C512&ssl=1","contentUrl":"https:\/\/i0.wp.com\/aktialiiga.fi\/miehet\/wp-content\/uploads\/sites\/5\/2024\/09\/Aktialiiga-Yoast-512.png?fit=512%2C512&ssl=1","width":512,"height":512,"caption":"K\u00e4sipallon miesten Aktialiiga"},"image":{"@id":"https:\/\/aktialiiga.fi\/miehet\/#\/schema\/logo\/image\/"},"sameAs":["https:\/\/www.facebook.com\/finnhandball","https:\/\/x.com\/finnhandball","https:\/\/www.instagram.com\/handballfinland\/"]},{"@type":"Person","@id":"https:\/\/aktialiiga.fi\/miehet\/#\/schema\/person\/c14bf42f47041db74603c45afcb18d87","name":"tbrmedia","image":{"@type":"ImageObject","inLanguage":"fi","@id":"https:\/\/secure.gravatar.com\/avatar\/ee975fa091fe581d12b60debb3439022686618368a7c142044c56724d4666b16?s=96&d=mm&r=g","url":"https:\/\/secure.gravatar.com\/avatar\/ee975fa091fe581d12b60debb3439022686618368a7c142044c56724d4666b16?s=96&d=mm&r=g","contentUrl":"https:\/\/secure.gravatar.com\/avatar\/ee975fa091fe581d12b60debb3439022686618368a7c142044c56724d4666b16?s=96&d=mm&r=g","caption":"tbrmedia"}}]}},"jetpack_featured_media_url":"https:\/\/i0.wp.com\/aktialiiga.fi\/miehet\/wp-content\/uploads\/sites\/5\/2016\/10\/Pallokuvitus2016a.jpg?fit=800%2C533&ssl=1","jetpack_sharing_enabled":true,"jetpack_shortlink":"https:\/\/wp.me\/pfTxOr-4lS","_links":{"self":[{"href":"https:\/\/aktialiiga.fi\/miehet\/wp-json\/wp\/v2\/posts\/16732","targetHints":{"allow":["GET"]}}],"collection":[{"href":"https:\/\/aktialiiga.fi\/miehet\/wp-json\/wp\/v2\/posts"}],"about":[{"href":"https:\/\/aktialiiga.fi\/miehet\/wp-json\/wp\/v2\/types\/post"}],"author":[{"embeddable":true,"href":"https:\/\/aktialiiga.fi\/miehet\/wp-json\/wp\/v2\/users\/13"}],"replies":[{"embeddable":true,"href":"https:\/\/aktialiiga.fi\/miehet\/wp-json\/wp\/v2\/comments?post=16732"}],"version-history":[{"count":0,"href":"https:\/\/aktialiiga.fi\/miehet\/wp-json\/wp\/v2\/posts\/16732\/revisions"}],"wp:featuredmedia":[{"embeddable":true,"href":"https:\/\/aktialiiga.fi\/miehet\/wp-json\/wp\/v2\/media\/15248"}],"wp:attachment":[{"href":"https:\/\/aktialiiga.fi\/miehet\/wp-json\/wp\/v2\/media?parent=16732"}],"wp:term":[{"taxonomy":"category","embeddable":true,"href":"https:\/\/aktialiiga.fi\/miehet\/wp-json\/wp\/v2\/categories?post=16732"},{"taxonomy":"post_tag","embeddable":true,"href":"https:\/\/aktialiiga.fi\/miehet\/wp-json\/wp\/v2\/tags?post=16732"}],"curies":[{"name":"wp","href":"https:\/\/api.w.org\/{rel}","templated":true}]}}