{"id":17429,"date":"2017-09-11T21:53:49","date_gmt":"2017-09-11T18:53:49","guid":{"rendered":"https:\/\/aktialiiga.fi\/miehet\/?p=17429"},"modified":"2018-04-20T12:45:13","modified_gmt":"2018-04-20T09:45:13","slug":"kohti-kautta-dicken-3","status":"publish","type":"post","link":"https:\/\/aktialiiga.fi\/miehet\/2017-2018\/kohti-kautta-2017-2018\/kohti-kautta-dicken-3\/","title":{"rendered":"Kohti kautta: Dicken"},"content":{"rendered":"<p><strong>Kaudella 2016-17:<\/strong><br \/>\nRunkosarja: 3.<br \/>\nYlempi jatkosarja: 3.<br \/>\nPutosi puoliv\u00e4lieriss\u00e4 SIF:lle otteluvoitoin 1-3.<\/p>\n<p>Dickenin nelj\u00e4n vuoden mittainen mitaliputki katkesi viime kaudella. Kolmas sija niin runkosarjassa kuin ylemm\u00e4ss\u00e4 jatkosarjassa uumoili viel\u00e4 jatkoa putkelle, mutta SIF yll\u00e4tti lauttasaarelaiset pudotuspelien avauskierroksella.<\/p>\n<p>Mit\u00e4\u00e4n paniikkinappulaa Dickeniss\u00e4 ei kuitenkaan painettu ja uuteen kauteen l\u00e4hdet\u00e4\u00e4n pitk\u00e4lti edelliskausilta tutuin ev\u00e4in. Joukkue on kokonaisuutena suhteellisen nuori.<\/p>\n<p>&#8211; Yleisesti samalla linjalla jatketaan, kehitet\u00e4\u00e4n nuoria hyvi\u00e4 pelaajia ja sit\u00e4 kautta koko peli paranee, p\u00e4\u00e4valmentaja Bj\u00f6rn Monnberg sanoo.<\/p>\n<p>&#8211; Taas on muutama juniori nostettu ryhm\u00e4\u00e4n, mutta muut ovat samalla tietysti vuoden verran kokeneempia. Toivottavasti n\u00e4kyy ja keskikutoselle on v\u00e4h\u00e4n apua sitten saatu my\u00f6s lis\u00e4\u00e4.<\/p>\n<p>Tunnelma kauden alkaessa on Monnbergin mukaan positiivisen odottava. Mit\u00e4\u00e4n selk\u00e4\u00e4 tavoitetta joukkue ei ole asettanut, mutta jo viime vuosien historia kertoo, ett\u00e4 Dicken tuskin tyytyy taisteluun keskikastin sijoituksista.<\/p>\n<p>&#8211; Terveystilanne on ihan hyv\u00e4 kauden alkaessa, Tavoitteesta on puhuttu ja tavoitteita on erilaisia, mutta haluamme olla mitalipeleiss\u00e4 mukana ja edet\u00e4 mahdollisimman pitk\u00e4lle, Monnberg muotoilee.<\/p>\n<p>Hyv\u00e4n startin kauteen Dicken joka tapauksessa sai jo Suomen Cupissa, kun viime kauden hopeamitalisti BK-46 kaatui selkein numeroin sarjakauden alusviikolla.<\/p>\n<p><strong>Dicken:<\/strong><br \/>\nkotikentt\u00e4: Pirkkolan Palloiluhalli<br \/>\npeliasu: punainen, sininen<br \/>\nSM-mitalit: 1-6-4<\/p>\n","protected":false},"excerpt":{"rendered":"<p>Kaudella 2016-17: Runkosarja: 3. Ylempi jatkosarja: 3. Putosi puoliv\u00e4lieriss\u00e4 SIF:lle otteluvoitoin 1-3. Dickenin nelj\u00e4n vuoden mittainen mitaliputki katkesi viime kaudella. Kolmas sija niin runkosarjassa kuin ylemm\u00e4ss\u00e4 jatkosarjassa uumoili viel\u00e4 jatkoa putkelle, mutta SIF yll\u00e4tti lauttasaarelaiset pudotuspelien avauskierroksella. Mit\u00e4\u00e4n paniikkinappulaa Dickeniss\u00e4 ei kuitenkaan painettu ja uuteen kauteen l\u00e4hdet\u00e4\u00e4n pitk\u00e4lti edelliskausilta tutuin ev\u00e4in. Joukkue on kokonaisuutena suhteellisen [&hellip;]<\/p>\n","protected":false},"author":13,"featured_media":15635,"comment_status":"closed","ping_status":"open","sticky":false,"template":"","format":"standard","meta":{"_acf_changed":false,"jetpack_post_was_ever_published":false,"_jetpack_newsletter_access":"","_jetpack_dont_email_post_to_subs":false,"_jetpack_newsletter_tier_id":0,"_jetpack_memberships_contains_paywalled_content":false,"_jetpack_memberships_contains_paid_content":false,"footnotes":""},"categories":[192],"tags":[58],"class_list":["post-17429","post","type-post","status-publish","format-standard","has-post-thumbnail","hentry","category-kohti-kautta-2017-2018","tag-dicken"],"acf":[],"yoast_head":"<!-- This site is optimized with the Yoast SEO plugin v27.5 - https:\/\/yoast.com\/product\/yoast-seo-wordpress\/ -->\n<title>Kohti kautta: Dicken | K\u00e4sipallon miesten Aktialiiga<\/title>\n<meta name=\"robots\" content=\"index, follow, max-snippet:-1, max-image-preview:large, max-video-preview:-1\" \/>\n<link rel=\"canonical\" href=\"https:\/\/aktialiiga.fi\/miehet\/2017-2018\/kohti-kautta-2017-2018\/kohti-kautta-dicken-3\/\" \/>\n<meta property=\"og:locale\" content=\"fi_FI\" \/>\n<meta property=\"og:type\" content=\"article\" \/>\n<meta property=\"og:title\" content=\"Kohti kautta: Dicken | K\u00e4sipallon miesten Aktialiiga\" \/>\n<meta property=\"og:description\" content=\"Kaudella 2016-17: Runkosarja: 3. Ylempi jatkosarja: 3. Putosi puoliv\u00e4lieriss\u00e4 SIF:lle otteluvoitoin 1-3. Dickenin nelj\u00e4n vuoden mittainen mitaliputki katkesi viime kaudella. Kolmas sija niin runkosarjassa kuin ylemm\u00e4ss\u00e4 jatkosarjassa uumoili viel\u00e4 jatkoa putkelle, mutta SIF yll\u00e4tti lauttasaarelaiset pudotuspelien avauskierroksella. Mit\u00e4\u00e4n paniikkinappulaa Dickeniss\u00e4 ei kuitenkaan painettu ja uuteen kauteen l\u00e4hdet\u00e4\u00e4n pitk\u00e4lti edelliskausilta tutuin ev\u00e4in. Joukkue on kokonaisuutena suhteellisen [&hellip;]\" \/>\n<meta property=\"og:url\" content=\"https:\/\/aktialiiga.fi\/miehet\/2017-2018\/kohti-kautta-2017-2018\/kohti-kautta-dicken-3\/\" \/>\n<meta property=\"og:site_name\" content=\"K\u00e4sipallon miesten Aktialiiga\" \/>\n<meta property=\"article:publisher\" content=\"https:\/\/www.facebook.com\/finnhandball\" \/>\n<meta property=\"article:published_time\" content=\"2017-09-11T18:53:49+00:00\" \/>\n<meta property=\"article:modified_time\" content=\"2018-04-20T09:45:13+00:00\" \/>\n<meta property=\"og:image\" content=\"https:\/\/i0.wp.com\/aktialiiga.fi\/miehet\/wp-content\/uploads\/sites\/5\/2016\/12\/Granlund_Max_Dicken_1617-1.jpg?fit=711%2C423&ssl=1\" \/>\n\t<meta property=\"og:image:width\" content=\"711\" \/>\n\t<meta property=\"og:image:height\" content=\"423\" \/>\n\t<meta property=\"og:image:type\" content=\"image\/jpeg\" \/>\n<meta name=\"author\" content=\"tbrmedia\" \/>\n<meta name=\"twitter:card\" content=\"summary_large_image\" \/>\n<meta name=\"twitter:creator\" content=\"@finnhandball\" \/>\n<meta name=\"twitter:site\" content=\"@finnhandball\" \/>\n<script type=\"application\/ld+json\" class=\"yoast-schema-graph\">{\"@context\":\"https:\\\/\\\/schema.org\",\"@graph\":[{\"@type\":\"Article\",\"@id\":\"https:\\\/\\\/aktialiiga.fi\\\/miehet\\\/2017-2018\\\/kohti-kautta-2017-2018\\\/kohti-kautta-dicken-3\\\/#article\",\"isPartOf\":{\"@id\":\"https:\\\/\\\/aktialiiga.fi\\\/miehet\\\/2017-2018\\\/kohti-kautta-2017-2018\\\/kohti-kautta-dicken-3\\\/\"},\"author\":{\"name\":\"tbrmedia\",\"@id\":\"https:\\\/\\\/aktialiiga.fi\\\/miehet\\\/#\\\/schema\\\/person\\\/c14bf42f47041db74603c45afcb18d87\"},\"headline\":\"Kohti kautta: Dicken\",\"datePublished\":\"2017-09-11T18:53:49+00:00\",\"dateModified\":\"2018-04-20T09:45:13+00:00\",\"mainEntityOfPage\":{\"@id\":\"https:\\\/\\\/aktialiiga.fi\\\/miehet\\\/2017-2018\\\/kohti-kautta-2017-2018\\\/kohti-kautta-dicken-3\\\/\"},\"wordCount\":206,\"publisher\":{\"@id\":\"https:\\\/\\\/aktialiiga.fi\\\/miehet\\\/#organization\"},\"image\":{\"@id\":\"https:\\\/\\\/aktialiiga.fi\\\/miehet\\\/2017-2018\\\/kohti-kautta-2017-2018\\\/kohti-kautta-dicken-3\\\/#primaryimage\"},\"thumbnailUrl\":\"https:\\\/\\\/i0.wp.com\\\/aktialiiga.fi\\\/miehet\\\/wp-content\\\/uploads\\\/sites\\\/5\\\/2016\\\/12\\\/Granlund_Max_Dicken_1617-1.jpg?fit=711%2C423&ssl=1\",\"keywords\":[\"Dicken\"],\"articleSection\":[\"Kohti kautta\"],\"inLanguage\":\"fi\"},{\"@type\":\"WebPage\",\"@id\":\"https:\\\/\\\/aktialiiga.fi\\\/miehet\\\/2017-2018\\\/kohti-kautta-2017-2018\\\/kohti-kautta-dicken-3\\\/\",\"url\":\"https:\\\/\\\/aktialiiga.fi\\\/miehet\\\/2017-2018\\\/kohti-kautta-2017-2018\\\/kohti-kautta-dicken-3\\\/\",\"name\":\"Kohti kautta: Dicken | K\u00e4sipallon miesten Aktialiiga\",\"isPartOf\":{\"@id\":\"https:\\\/\\\/aktialiiga.fi\\\/miehet\\\/#website\"},\"primaryImageOfPage\":{\"@id\":\"https:\\\/\\\/aktialiiga.fi\\\/miehet\\\/2017-2018\\\/kohti-kautta-2017-2018\\\/kohti-kautta-dicken-3\\\/#primaryimage\"},\"image\":{\"@id\":\"https:\\\/\\\/aktialiiga.fi\\\/miehet\\\/2017-2018\\\/kohti-kautta-2017-2018\\\/kohti-kautta-dicken-3\\\/#primaryimage\"},\"thumbnailUrl\":\"https:\\\/\\\/i0.wp.com\\\/aktialiiga.fi\\\/miehet\\\/wp-content\\\/uploads\\\/sites\\\/5\\\/2016\\\/12\\\/Granlund_Max_Dicken_1617-1.jpg?fit=711%2C423&ssl=1\",\"datePublished\":\"2017-09-11T18:53:49+00:00\",\"dateModified\":\"2018-04-20T09:45:13+00:00\",\"breadcrumb\":{\"@id\":\"https:\\\/\\\/aktialiiga.fi\\\/miehet\\\/2017-2018\\\/kohti-kautta-2017-2018\\\/kohti-kautta-dicken-3\\\/#breadcrumb\"},\"inLanguage\":\"fi\",\"potentialAction\":[{\"@type\":\"ReadAction\",\"target\":[\"https:\\\/\\\/aktialiiga.fi\\\/miehet\\\/2017-2018\\\/kohti-kautta-2017-2018\\\/kohti-kautta-dicken-3\\\/\"]}]},{\"@type\":\"ImageObject\",\"inLanguage\":\"fi\",\"@id\":\"https:\\\/\\\/aktialiiga.fi\\\/miehet\\\/2017-2018\\\/kohti-kautta-2017-2018\\\/kohti-kautta-dicken-3\\\/#primaryimage\",\"url\":\"https:\\\/\\\/i0.wp.com\\\/aktialiiga.fi\\\/miehet\\\/wp-content\\\/uploads\\\/sites\\\/5\\\/2016\\\/12\\\/Granlund_Max_Dicken_1617-1.jpg?fit=711%2C423&ssl=1\",\"contentUrl\":\"https:\\\/\\\/i0.wp.com\\\/aktialiiga.fi\\\/miehet\\\/wp-content\\\/uploads\\\/sites\\\/5\\\/2016\\\/12\\\/Granlund_Max_Dicken_1617-1.jpg?fit=711%2C423&ssl=1\",\"width\":711,\"height\":423},{\"@type\":\"BreadcrumbList\",\"@id\":\"https:\\\/\\\/aktialiiga.fi\\\/miehet\\\/2017-2018\\\/kohti-kautta-2017-2018\\\/kohti-kautta-dicken-3\\\/#breadcrumb\",\"itemListElement\":[{\"@type\":\"ListItem\",\"position\":1,\"name\":\"Etusivu\",\"item\":\"https:\\\/\\\/aktialiiga.fi\\\/miehet\\\/\"},{\"@type\":\"ListItem\",\"position\":2,\"name\":\"Kohti kautta: Dicken\"}]},{\"@type\":\"WebSite\",\"@id\":\"https:\\\/\\\/aktialiiga.fi\\\/miehet\\\/#website\",\"url\":\"https:\\\/\\\/aktialiiga.fi\\\/miehet\\\/\",\"name\":\"K\u00e4sipallon miesten Aktialiiga\",\"description\":\"Valtakunnan vauhdikkainta palloilua!\",\"publisher\":{\"@id\":\"https:\\\/\\\/aktialiiga.fi\\\/miehet\\\/#organization\"},\"potentialAction\":[{\"@type\":\"SearchAction\",\"target\":{\"@type\":\"EntryPoint\",\"urlTemplate\":\"https:\\\/\\\/aktialiiga.fi\\\/miehet\\\/?s={search_term_string}\"},\"query-input\":{\"@type\":\"PropertyValueSpecification\",\"valueRequired\":true,\"valueName\":\"search_term_string\"}}],\"inLanguage\":\"fi\"},{\"@type\":\"Organization\",\"@id\":\"https:\\\/\\\/aktialiiga.fi\\\/miehet\\\/#organization\",\"name\":\"K\u00e4sipallon miesten Aktialiiga\",\"url\":\"https:\\\/\\\/aktialiiga.fi\\\/miehet\\\/\",\"logo\":{\"@type\":\"ImageObject\",\"inLanguage\":\"fi\",\"@id\":\"https:\\\/\\\/aktialiiga.fi\\\/miehet\\\/#\\\/schema\\\/logo\\\/image\\\/\",\"url\":\"https:\\\/\\\/i0.wp.com\\\/aktialiiga.fi\\\/miehet\\\/wp-content\\\/uploads\\\/sites\\\/5\\\/2024\\\/09\\\/Aktialiiga-Yoast-512.png?fit=512%2C512&ssl=1\",\"contentUrl\":\"https:\\\/\\\/i0.wp.com\\\/aktialiiga.fi\\\/miehet\\\/wp-content\\\/uploads\\\/sites\\\/5\\\/2024\\\/09\\\/Aktialiiga-Yoast-512.png?fit=512%2C512&ssl=1\",\"width\":512,\"height\":512,\"caption\":\"K\u00e4sipallon miesten Aktialiiga\"},\"image\":{\"@id\":\"https:\\\/\\\/aktialiiga.fi\\\/miehet\\\/#\\\/schema\\\/logo\\\/image\\\/\"},\"sameAs\":[\"https:\\\/\\\/www.facebook.com\\\/finnhandball\",\"https:\\\/\\\/x.com\\\/finnhandball\",\"https:\\\/\\\/www.instagram.com\\\/handballfinland\\\/\"]},{\"@type\":\"Person\",\"@id\":\"https:\\\/\\\/aktialiiga.fi\\\/miehet\\\/#\\\/schema\\\/person\\\/c14bf42f47041db74603c45afcb18d87\",\"name\":\"tbrmedia\",\"image\":{\"@type\":\"ImageObject\",\"inLanguage\":\"fi\",\"@id\":\"https:\\\/\\\/secure.gravatar.com\\\/avatar\\\/ee975fa091fe581d12b60debb3439022686618368a7c142044c56724d4666b16?s=96&d=mm&r=g\",\"url\":\"https:\\\/\\\/secure.gravatar.com\\\/avatar\\\/ee975fa091fe581d12b60debb3439022686618368a7c142044c56724d4666b16?s=96&d=mm&r=g\",\"contentUrl\":\"https:\\\/\\\/secure.gravatar.com\\\/avatar\\\/ee975fa091fe581d12b60debb3439022686618368a7c142044c56724d4666b16?s=96&d=mm&r=g\",\"caption\":\"tbrmedia\"}}]}<\/script>\n<!-- \/ Yoast SEO plugin. -->","yoast_head_json":{"title":"Kohti kautta: Dicken | K\u00e4sipallon miesten Aktialiiga","robots":{"index":"index","follow":"follow","max-snippet":"max-snippet:-1","max-image-preview":"max-image-preview:large","max-video-preview":"max-video-preview:-1"},"canonical":"https:\/\/aktialiiga.fi\/miehet\/2017-2018\/kohti-kautta-2017-2018\/kohti-kautta-dicken-3\/","og_locale":"fi_FI","og_type":"article","og_title":"Kohti kautta: Dicken | K\u00e4sipallon miesten Aktialiiga","og_description":"Kaudella 2016-17: Runkosarja: 3. Ylempi jatkosarja: 3. Putosi puoliv\u00e4lieriss\u00e4 SIF:lle otteluvoitoin 1-3. Dickenin nelj\u00e4n vuoden mittainen mitaliputki katkesi viime kaudella. Kolmas sija niin runkosarjassa kuin ylemm\u00e4ss\u00e4 jatkosarjassa uumoili viel\u00e4 jatkoa putkelle, mutta SIF yll\u00e4tti lauttasaarelaiset pudotuspelien avauskierroksella. Mit\u00e4\u00e4n paniikkinappulaa Dickeniss\u00e4 ei kuitenkaan painettu ja uuteen kauteen l\u00e4hdet\u00e4\u00e4n pitk\u00e4lti edelliskausilta tutuin ev\u00e4in. Joukkue on kokonaisuutena suhteellisen [&hellip;]","og_url":"https:\/\/aktialiiga.fi\/miehet\/2017-2018\/kohti-kautta-2017-2018\/kohti-kautta-dicken-3\/","og_site_name":"K\u00e4sipallon miesten Aktialiiga","article_publisher":"https:\/\/www.facebook.com\/finnhandball","article_published_time":"2017-09-11T18:53:49+00:00","article_modified_time":"2018-04-20T09:45:13+00:00","og_image":[{"width":711,"height":423,"url":"https:\/\/i0.wp.com\/aktialiiga.fi\/miehet\/wp-content\/uploads\/sites\/5\/2016\/12\/Granlund_Max_Dicken_1617-1.jpg?fit=711%2C423&ssl=1","type":"image\/jpeg"}],"author":"tbrmedia","twitter_card":"summary_large_image","twitter_creator":"@finnhandball","twitter_site":"@finnhandball","schema":{"@context":"https:\/\/schema.org","@graph":[{"@type":"Article","@id":"https:\/\/aktialiiga.fi\/miehet\/2017-2018\/kohti-kautta-2017-2018\/kohti-kautta-dicken-3\/#article","isPartOf":{"@id":"https:\/\/aktialiiga.fi\/miehet\/2017-2018\/kohti-kautta-2017-2018\/kohti-kautta-dicken-3\/"},"author":{"name":"tbrmedia","@id":"https:\/\/aktialiiga.fi\/miehet\/#\/schema\/person\/c14bf42f47041db74603c45afcb18d87"},"headline":"Kohti kautta: Dicken","datePublished":"2017-09-11T18:53:49+00:00","dateModified":"2018-04-20T09:45:13+00:00","mainEntityOfPage":{"@id":"https:\/\/aktialiiga.fi\/miehet\/2017-2018\/kohti-kautta-2017-2018\/kohti-kautta-dicken-3\/"},"wordCount":206,"publisher":{"@id":"https:\/\/aktialiiga.fi\/miehet\/#organization"},"image":{"@id":"https:\/\/aktialiiga.fi\/miehet\/2017-2018\/kohti-kautta-2017-2018\/kohti-kautta-dicken-3\/#primaryimage"},"thumbnailUrl":"https:\/\/i0.wp.com\/aktialiiga.fi\/miehet\/wp-content\/uploads\/sites\/5\/2016\/12\/Granlund_Max_Dicken_1617-1.jpg?fit=711%2C423&ssl=1","keywords":["Dicken"],"articleSection":["Kohti kautta"],"inLanguage":"fi"},{"@type":"WebPage","@id":"https:\/\/aktialiiga.fi\/miehet\/2017-2018\/kohti-kautta-2017-2018\/kohti-kautta-dicken-3\/","url":"https:\/\/aktialiiga.fi\/miehet\/2017-2018\/kohti-kautta-2017-2018\/kohti-kautta-dicken-3\/","name":"Kohti kautta: Dicken | K\u00e4sipallon miesten Aktialiiga","isPartOf":{"@id":"https:\/\/aktialiiga.fi\/miehet\/#website"},"primaryImageOfPage":{"@id":"https:\/\/aktialiiga.fi\/miehet\/2017-2018\/kohti-kautta-2017-2018\/kohti-kautta-dicken-3\/#primaryimage"},"image":{"@id":"https:\/\/aktialiiga.fi\/miehet\/2017-2018\/kohti-kautta-2017-2018\/kohti-kautta-dicken-3\/#primaryimage"},"thumbnailUrl":"https:\/\/i0.wp.com\/aktialiiga.fi\/miehet\/wp-content\/uploads\/sites\/5\/2016\/12\/Granlund_Max_Dicken_1617-1.jpg?fit=711%2C423&ssl=1","datePublished":"2017-09-11T18:53:49+00:00","dateModified":"2018-04-20T09:45:13+00:00","breadcrumb":{"@id":"https:\/\/aktialiiga.fi\/miehet\/2017-2018\/kohti-kautta-2017-2018\/kohti-kautta-dicken-3\/#breadcrumb"},"inLanguage":"fi","potentialAction":[{"@type":"ReadAction","target":["https:\/\/aktialiiga.fi\/miehet\/2017-2018\/kohti-kautta-2017-2018\/kohti-kautta-dicken-3\/"]}]},{"@type":"ImageObject","inLanguage":"fi","@id":"https:\/\/aktialiiga.fi\/miehet\/2017-2018\/kohti-kautta-2017-2018\/kohti-kautta-dicken-3\/#primaryimage","url":"https:\/\/i0.wp.com\/aktialiiga.fi\/miehet\/wp-content\/uploads\/sites\/5\/2016\/12\/Granlund_Max_Dicken_1617-1.jpg?fit=711%2C423&ssl=1","contentUrl":"https:\/\/i0.wp.com\/aktialiiga.fi\/miehet\/wp-content\/uploads\/sites\/5\/2016\/12\/Granlund_Max_Dicken_1617-1.jpg?fit=711%2C423&ssl=1","width":711,"height":423},{"@type":"BreadcrumbList","@id":"https:\/\/aktialiiga.fi\/miehet\/2017-2018\/kohti-kautta-2017-2018\/kohti-kautta-dicken-3\/#breadcrumb","itemListElement":[{"@type":"ListItem","position":1,"name":"Etusivu","item":"https:\/\/aktialiiga.fi\/miehet\/"},{"@type":"ListItem","position":2,"name":"Kohti kautta: Dicken"}]},{"@type":"WebSite","@id":"https:\/\/aktialiiga.fi\/miehet\/#website","url":"https:\/\/aktialiiga.fi\/miehet\/","name":"K\u00e4sipallon miesten Aktialiiga","description":"Valtakunnan vauhdikkainta palloilua!","publisher":{"@id":"https:\/\/aktialiiga.fi\/miehet\/#organization"},"potentialAction":[{"@type":"SearchAction","target":{"@type":"EntryPoint","urlTemplate":"https:\/\/aktialiiga.fi\/miehet\/?s={search_term_string}"},"query-input":{"@type":"PropertyValueSpecification","valueRequired":true,"valueName":"search_term_string"}}],"inLanguage":"fi"},{"@type":"Organization","@id":"https:\/\/aktialiiga.fi\/miehet\/#organization","name":"K\u00e4sipallon miesten Aktialiiga","url":"https:\/\/aktialiiga.fi\/miehet\/","logo":{"@type":"ImageObject","inLanguage":"fi","@id":"https:\/\/aktialiiga.fi\/miehet\/#\/schema\/logo\/image\/","url":"https:\/\/i0.wp.com\/aktialiiga.fi\/miehet\/wp-content\/uploads\/sites\/5\/2024\/09\/Aktialiiga-Yoast-512.png?fit=512%2C512&ssl=1","contentUrl":"https:\/\/i0.wp.com\/aktialiiga.fi\/miehet\/wp-content\/uploads\/sites\/5\/2024\/09\/Aktialiiga-Yoast-512.png?fit=512%2C512&ssl=1","width":512,"height":512,"caption":"K\u00e4sipallon miesten Aktialiiga"},"image":{"@id":"https:\/\/aktialiiga.fi\/miehet\/#\/schema\/logo\/image\/"},"sameAs":["https:\/\/www.facebook.com\/finnhandball","https:\/\/x.com\/finnhandball","https:\/\/www.instagram.com\/handballfinland\/"]},{"@type":"Person","@id":"https:\/\/aktialiiga.fi\/miehet\/#\/schema\/person\/c14bf42f47041db74603c45afcb18d87","name":"tbrmedia","image":{"@type":"ImageObject","inLanguage":"fi","@id":"https:\/\/secure.gravatar.com\/avatar\/ee975fa091fe581d12b60debb3439022686618368a7c142044c56724d4666b16?s=96&d=mm&r=g","url":"https:\/\/secure.gravatar.com\/avatar\/ee975fa091fe581d12b60debb3439022686618368a7c142044c56724d4666b16?s=96&d=mm&r=g","contentUrl":"https:\/\/secure.gravatar.com\/avatar\/ee975fa091fe581d12b60debb3439022686618368a7c142044c56724d4666b16?s=96&d=mm&r=g","caption":"tbrmedia"}}]}},"jetpack_featured_media_url":"https:\/\/i0.wp.com\/aktialiiga.fi\/miehet\/wp-content\/uploads\/sites\/5\/2016\/12\/Granlund_Max_Dicken_1617-1.jpg?fit=711%2C423&ssl=1","jetpack_sharing_enabled":true,"jetpack_shortlink":"https:\/\/wp.me\/pfTxOr-4x7","_links":{"self":[{"href":"https:\/\/aktialiiga.fi\/miehet\/wp-json\/wp\/v2\/posts\/17429","targetHints":{"allow":["GET"]}}],"collection":[{"href":"https:\/\/aktialiiga.fi\/miehet\/wp-json\/wp\/v2\/posts"}],"about":[{"href":"https:\/\/aktialiiga.fi\/miehet\/wp-json\/wp\/v2\/types\/post"}],"author":[{"embeddable":true,"href":"https:\/\/aktialiiga.fi\/miehet\/wp-json\/wp\/v2\/users\/13"}],"replies":[{"embeddable":true,"href":"https:\/\/aktialiiga.fi\/miehet\/wp-json\/wp\/v2\/comments?post=17429"}],"version-history":[{"count":0,"href":"https:\/\/aktialiiga.fi\/miehet\/wp-json\/wp\/v2\/posts\/17429\/revisions"}],"wp:featuredmedia":[{"embeddable":true,"href":"https:\/\/aktialiiga.fi\/miehet\/wp-json\/wp\/v2\/media\/15635"}],"wp:attachment":[{"href":"https:\/\/aktialiiga.fi\/miehet\/wp-json\/wp\/v2\/media?parent=17429"}],"wp:term":[{"taxonomy":"category","embeddable":true,"href":"https:\/\/aktialiiga.fi\/miehet\/wp-json\/wp\/v2\/categories?post=17429"},{"taxonomy":"post_tag","embeddable":true,"href":"https:\/\/aktialiiga.fi\/miehet\/wp-json\/wp\/v2\/tags?post=17429"}],"curies":[{"name":"wp","href":"https:\/\/api.w.org\/{rel}","templated":true}]}}