{"id":17526,"date":"2017-09-13T08:33:03","date_gmt":"2017-09-13T05:33:03","guid":{"rendered":"https:\/\/aktialiiga.fi\/miehet\/?p=17526"},"modified":"2018-04-20T12:45:12","modified_gmt":"2018-04-20T09:45:12","slug":"kohti-kautta-aifk-3","status":"publish","type":"post","link":"https:\/\/aktialiiga.fi\/miehet\/2017-2018\/kohti-kautta-2017-2018\/kohti-kautta-aifk-3\/","title":{"rendered":"Kohti kautta: \u00c5IFK"},"content":{"rendered":"<p><strong>Kaudella 2016-17:<\/strong><br \/>\nRunkosarja: 8.<br \/>\nAlempi jatkosarja: 4.<br \/>\nEi selviytynyt pudotuspeleihin<\/p>\n<p>\u00c5IFK:n viime kausi oli tavallaan paketissa hyviss\u00e4 ajoin. Turkulaiset hoitivat itsens\u00e4 varmasti kahdeksan joukkoon ja alempaan jatkosarjaan, mutta paikka pudotuspeleiss\u00e4 karkasi jo hyviss\u00e4 ajoin ja sijoitus oli lopulta sama kahdeksas.<\/p>\n<p>Viime kaudella \u00c5IFK:n ryhm\u00e4\u00e4 leimasi nuorekkuus ja alkavalla kaudella t\u00e4m\u00e4 korostuu viel\u00e4 entisest\u00e4\u00e4n p\u00e4\u00e4valmentaja Besim Qerimin mukaan.<\/p>\n<p>&#8211; Meill\u00e4 on viel\u00e4 nuorempi joukkue kuin viime kaudella. T\u00f6it\u00e4 t\u00e4ytyy tehd\u00e4 lujasti, mutta nuoria lahjakkaita pelaajia on tulossa, Qerimi toteaa.<\/p>\n<p>Turussa rakennetaan tulevaisuutta pidemm\u00e4ll\u00e4 t\u00e4ht\u00e4imell\u00e4 ja nuoret lupaavat pelaajat ovat luonnollisesti t\u00e4rke\u00e4 pala t\u00e4t\u00e4 rakennusprosessia. Qerimi kuitenkin alleviivaa, ett\u00e4 tuloksia haetaan jokaisesta ottelusta my\u00f6s t\u00e4ll\u00e4 kaudella.<\/p>\n<p>&#8211; Pyrimme haastamaan kaikki joukkueet, mutta riitt\u00e4\u00e4k\u00f6 materiaali, on toinen juttu.<\/p>\n<p>Kuuta taivaalta \u00c5IFK ei kuitenkaan tavoittele, vaan kauteen l\u00e4hdet\u00e4\u00e4n jalat maassa.<\/p>\n<p>&#8211; Realistinen tavoite on varmasti kahdeksan joukkoon, nelj\u00e4n joukkoon eiv\u00e4t ev\u00e4\u00e4t viel\u00e4 riit\u00e4 \u2013 ehk\u00e4 kahden vuoden p\u00e4\u00e4st\u00e4, Qerimi arvioi.<\/p>\n<p><strong>\u00c5IFK:<\/strong><br \/>\nkotikentt\u00e4: Samppalinnan Palloiluhalli<br \/>\npeliasu: kokomusta<br \/>\nSM-mitalit: 0-0-0<\/p>\n","protected":false},"excerpt":{"rendered":"<p>Kaudella 2016-17: Runkosarja: 8. Alempi jatkosarja: 4. Ei selviytynyt pudotuspeleihin \u00c5IFK:n viime kausi oli tavallaan paketissa hyviss\u00e4 ajoin. Turkulaiset hoitivat itsens\u00e4 varmasti kahdeksan joukkoon ja alempaan jatkosarjaan, mutta paikka pudotuspeleiss\u00e4 karkasi jo hyviss\u00e4 ajoin ja sijoitus oli lopulta sama kahdeksas. Viime kaudella \u00c5IFK:n ryhm\u00e4\u00e4 leimasi nuorekkuus ja alkavalla kaudella t\u00e4m\u00e4 korostuu viel\u00e4 entisest\u00e4\u00e4n p\u00e4\u00e4valmentaja Besim [&hellip;]<\/p>\n","protected":false},"author":13,"featured_media":17374,"comment_status":"closed","ping_status":"open","sticky":false,"template":"","format":"standard","meta":{"_acf_changed":false,"jetpack_post_was_ever_published":false,"_jetpack_newsletter_access":"","_jetpack_dont_email_post_to_subs":false,"_jetpack_newsletter_tier_id":0,"_jetpack_memberships_contains_paywalled_content":false,"_jetpack_memberships_contains_paid_content":false,"footnotes":""},"categories":[192],"tags":[50],"class_list":["post-17526","post","type-post","status-publish","format-standard","has-post-thumbnail","hentry","category-kohti-kautta-2017-2018","tag-aifk"],"acf":[],"yoast_head":"<!-- This site is optimized with the Yoast SEO plugin v27.5 - https:\/\/yoast.com\/product\/yoast-seo-wordpress\/ -->\n<title>Kohti kautta: \u00c5IFK | K\u00e4sipallon miesten Aktialiiga<\/title>\n<meta name=\"robots\" content=\"index, follow, max-snippet:-1, max-image-preview:large, max-video-preview:-1\" \/>\n<link rel=\"canonical\" href=\"https:\/\/aktialiiga.fi\/miehet\/2017-2018\/kohti-kautta-2017-2018\/kohti-kautta-aifk-3\/\" \/>\n<meta property=\"og:locale\" content=\"fi_FI\" \/>\n<meta property=\"og:type\" content=\"article\" \/>\n<meta property=\"og:title\" content=\"Kohti kautta: \u00c5IFK | K\u00e4sipallon miesten Aktialiiga\" \/>\n<meta property=\"og:description\" content=\"Kaudella 2016-17: Runkosarja: 8. Alempi jatkosarja: 4. Ei selviytynyt pudotuspeleihin \u00c5IFK:n viime kausi oli tavallaan paketissa hyviss\u00e4 ajoin. Turkulaiset hoitivat itsens\u00e4 varmasti kahdeksan joukkoon ja alempaan jatkosarjaan, mutta paikka pudotuspeleiss\u00e4 karkasi jo hyviss\u00e4 ajoin ja sijoitus oli lopulta sama kahdeksas. Viime kaudella \u00c5IFK:n ryhm\u00e4\u00e4 leimasi nuorekkuus ja alkavalla kaudella t\u00e4m\u00e4 korostuu viel\u00e4 entisest\u00e4\u00e4n p\u00e4\u00e4valmentaja Besim [&hellip;]\" \/>\n<meta property=\"og:url\" content=\"https:\/\/aktialiiga.fi\/miehet\/2017-2018\/kohti-kautta-2017-2018\/kohti-kautta-aifk-3\/\" \/>\n<meta property=\"og:site_name\" content=\"K\u00e4sipallon miesten Aktialiiga\" \/>\n<meta property=\"article:publisher\" content=\"https:\/\/www.facebook.com\/finnhandball\" \/>\n<meta property=\"article:published_time\" content=\"2017-09-13T05:33:03+00:00\" \/>\n<meta property=\"article:modified_time\" content=\"2018-04-20T09:45:12+00:00\" \/>\n<meta property=\"og:image\" content=\"https:\/\/i0.wp.com\/aktialiiga.fi\/miehet\/wp-content\/uploads\/sites\/5\/2017\/09\/Kuvitus_pokaalit_2017.jpg?fit=711%2C320&ssl=1\" \/>\n\t<meta property=\"og:image:width\" content=\"711\" \/>\n\t<meta property=\"og:image:height\" content=\"320\" \/>\n\t<meta property=\"og:image:type\" content=\"image\/jpeg\" \/>\n<meta name=\"author\" content=\"tbrmedia\" \/>\n<meta name=\"twitter:card\" content=\"summary_large_image\" \/>\n<meta name=\"twitter:creator\" content=\"@finnhandball\" \/>\n<meta name=\"twitter:site\" content=\"@finnhandball\" \/>\n<script type=\"application\/ld+json\" class=\"yoast-schema-graph\">{\"@context\":\"https:\\\/\\\/schema.org\",\"@graph\":[{\"@type\":\"Article\",\"@id\":\"https:\\\/\\\/aktialiiga.fi\\\/miehet\\\/2017-2018\\\/kohti-kautta-2017-2018\\\/kohti-kautta-aifk-3\\\/#article\",\"isPartOf\":{\"@id\":\"https:\\\/\\\/aktialiiga.fi\\\/miehet\\\/2017-2018\\\/kohti-kautta-2017-2018\\\/kohti-kautta-aifk-3\\\/\"},\"author\":{\"name\":\"tbrmedia\",\"@id\":\"https:\\\/\\\/aktialiiga.fi\\\/miehet\\\/#\\\/schema\\\/person\\\/c14bf42f47041db74603c45afcb18d87\"},\"headline\":\"Kohti kautta: \u00c5IFK\",\"datePublished\":\"2017-09-13T05:33:03+00:00\",\"dateModified\":\"2018-04-20T09:45:12+00:00\",\"mainEntityOfPage\":{\"@id\":\"https:\\\/\\\/aktialiiga.fi\\\/miehet\\\/2017-2018\\\/kohti-kautta-2017-2018\\\/kohti-kautta-aifk-3\\\/\"},\"wordCount\":176,\"publisher\":{\"@id\":\"https:\\\/\\\/aktialiiga.fi\\\/miehet\\\/#organization\"},\"image\":{\"@id\":\"https:\\\/\\\/aktialiiga.fi\\\/miehet\\\/2017-2018\\\/kohti-kautta-2017-2018\\\/kohti-kautta-aifk-3\\\/#primaryimage\"},\"thumbnailUrl\":\"https:\\\/\\\/i0.wp.com\\\/aktialiiga.fi\\\/miehet\\\/wp-content\\\/uploads\\\/sites\\\/5\\\/2017\\\/09\\\/Kuvitus_pokaalit_2017.jpg?fit=711%2C320&ssl=1\",\"keywords\":[\"\u00c5IFK\"],\"articleSection\":[\"Kohti kautta\"],\"inLanguage\":\"fi\"},{\"@type\":\"WebPage\",\"@id\":\"https:\\\/\\\/aktialiiga.fi\\\/miehet\\\/2017-2018\\\/kohti-kautta-2017-2018\\\/kohti-kautta-aifk-3\\\/\",\"url\":\"https:\\\/\\\/aktialiiga.fi\\\/miehet\\\/2017-2018\\\/kohti-kautta-2017-2018\\\/kohti-kautta-aifk-3\\\/\",\"name\":\"Kohti kautta: \u00c5IFK | K\u00e4sipallon miesten Aktialiiga\",\"isPartOf\":{\"@id\":\"https:\\\/\\\/aktialiiga.fi\\\/miehet\\\/#website\"},\"primaryImageOfPage\":{\"@id\":\"https:\\\/\\\/aktialiiga.fi\\\/miehet\\\/2017-2018\\\/kohti-kautta-2017-2018\\\/kohti-kautta-aifk-3\\\/#primaryimage\"},\"image\":{\"@id\":\"https:\\\/\\\/aktialiiga.fi\\\/miehet\\\/2017-2018\\\/kohti-kautta-2017-2018\\\/kohti-kautta-aifk-3\\\/#primaryimage\"},\"thumbnailUrl\":\"https:\\\/\\\/i0.wp.com\\\/aktialiiga.fi\\\/miehet\\\/wp-content\\\/uploads\\\/sites\\\/5\\\/2017\\\/09\\\/Kuvitus_pokaalit_2017.jpg?fit=711%2C320&ssl=1\",\"datePublished\":\"2017-09-13T05:33:03+00:00\",\"dateModified\":\"2018-04-20T09:45:12+00:00\",\"breadcrumb\":{\"@id\":\"https:\\\/\\\/aktialiiga.fi\\\/miehet\\\/2017-2018\\\/kohti-kautta-2017-2018\\\/kohti-kautta-aifk-3\\\/#breadcrumb\"},\"inLanguage\":\"fi\",\"potentialAction\":[{\"@type\":\"ReadAction\",\"target\":[\"https:\\\/\\\/aktialiiga.fi\\\/miehet\\\/2017-2018\\\/kohti-kautta-2017-2018\\\/kohti-kautta-aifk-3\\\/\"]}]},{\"@type\":\"ImageObject\",\"inLanguage\":\"fi\",\"@id\":\"https:\\\/\\\/aktialiiga.fi\\\/miehet\\\/2017-2018\\\/kohti-kautta-2017-2018\\\/kohti-kautta-aifk-3\\\/#primaryimage\",\"url\":\"https:\\\/\\\/i0.wp.com\\\/aktialiiga.fi\\\/miehet\\\/wp-content\\\/uploads\\\/sites\\\/5\\\/2017\\\/09\\\/Kuvitus_pokaalit_2017.jpg?fit=711%2C320&ssl=1\",\"contentUrl\":\"https:\\\/\\\/i0.wp.com\\\/aktialiiga.fi\\\/miehet\\\/wp-content\\\/uploads\\\/sites\\\/5\\\/2017\\\/09\\\/Kuvitus_pokaalit_2017.jpg?fit=711%2C320&ssl=1\",\"width\":711,\"height\":320},{\"@type\":\"BreadcrumbList\",\"@id\":\"https:\\\/\\\/aktialiiga.fi\\\/miehet\\\/2017-2018\\\/kohti-kautta-2017-2018\\\/kohti-kautta-aifk-3\\\/#breadcrumb\",\"itemListElement\":[{\"@type\":\"ListItem\",\"position\":1,\"name\":\"Etusivu\",\"item\":\"https:\\\/\\\/aktialiiga.fi\\\/miehet\\\/\"},{\"@type\":\"ListItem\",\"position\":2,\"name\":\"Kohti kautta: \u00c5IFK\"}]},{\"@type\":\"WebSite\",\"@id\":\"https:\\\/\\\/aktialiiga.fi\\\/miehet\\\/#website\",\"url\":\"https:\\\/\\\/aktialiiga.fi\\\/miehet\\\/\",\"name\":\"K\u00e4sipallon miesten Aktialiiga\",\"description\":\"Valtakunnan vauhdikkainta palloilua!\",\"publisher\":{\"@id\":\"https:\\\/\\\/aktialiiga.fi\\\/miehet\\\/#organization\"},\"potentialAction\":[{\"@type\":\"SearchAction\",\"target\":{\"@type\":\"EntryPoint\",\"urlTemplate\":\"https:\\\/\\\/aktialiiga.fi\\\/miehet\\\/?s={search_term_string}\"},\"query-input\":{\"@type\":\"PropertyValueSpecification\",\"valueRequired\":true,\"valueName\":\"search_term_string\"}}],\"inLanguage\":\"fi\"},{\"@type\":\"Organization\",\"@id\":\"https:\\\/\\\/aktialiiga.fi\\\/miehet\\\/#organization\",\"name\":\"K\u00e4sipallon miesten Aktialiiga\",\"url\":\"https:\\\/\\\/aktialiiga.fi\\\/miehet\\\/\",\"logo\":{\"@type\":\"ImageObject\",\"inLanguage\":\"fi\",\"@id\":\"https:\\\/\\\/aktialiiga.fi\\\/miehet\\\/#\\\/schema\\\/logo\\\/image\\\/\",\"url\":\"https:\\\/\\\/i0.wp.com\\\/aktialiiga.fi\\\/miehet\\\/wp-content\\\/uploads\\\/sites\\\/5\\\/2024\\\/09\\\/Aktialiiga-Yoast-512.png?fit=512%2C512&ssl=1\",\"contentUrl\":\"https:\\\/\\\/i0.wp.com\\\/aktialiiga.fi\\\/miehet\\\/wp-content\\\/uploads\\\/sites\\\/5\\\/2024\\\/09\\\/Aktialiiga-Yoast-512.png?fit=512%2C512&ssl=1\",\"width\":512,\"height\":512,\"caption\":\"K\u00e4sipallon miesten Aktialiiga\"},\"image\":{\"@id\":\"https:\\\/\\\/aktialiiga.fi\\\/miehet\\\/#\\\/schema\\\/logo\\\/image\\\/\"},\"sameAs\":[\"https:\\\/\\\/www.facebook.com\\\/finnhandball\",\"https:\\\/\\\/x.com\\\/finnhandball\",\"https:\\\/\\\/www.instagram.com\\\/handballfinland\\\/\"]},{\"@type\":\"Person\",\"@id\":\"https:\\\/\\\/aktialiiga.fi\\\/miehet\\\/#\\\/schema\\\/person\\\/c14bf42f47041db74603c45afcb18d87\",\"name\":\"tbrmedia\",\"image\":{\"@type\":\"ImageObject\",\"inLanguage\":\"fi\",\"@id\":\"https:\\\/\\\/secure.gravatar.com\\\/avatar\\\/ee975fa091fe581d12b60debb3439022686618368a7c142044c56724d4666b16?s=96&d=mm&r=g\",\"url\":\"https:\\\/\\\/secure.gravatar.com\\\/avatar\\\/ee975fa091fe581d12b60debb3439022686618368a7c142044c56724d4666b16?s=96&d=mm&r=g\",\"contentUrl\":\"https:\\\/\\\/secure.gravatar.com\\\/avatar\\\/ee975fa091fe581d12b60debb3439022686618368a7c142044c56724d4666b16?s=96&d=mm&r=g\",\"caption\":\"tbrmedia\"}}]}<\/script>\n<!-- \/ Yoast SEO plugin. -->","yoast_head_json":{"title":"Kohti kautta: \u00c5IFK | K\u00e4sipallon miesten Aktialiiga","robots":{"index":"index","follow":"follow","max-snippet":"max-snippet:-1","max-image-preview":"max-image-preview:large","max-video-preview":"max-video-preview:-1"},"canonical":"https:\/\/aktialiiga.fi\/miehet\/2017-2018\/kohti-kautta-2017-2018\/kohti-kautta-aifk-3\/","og_locale":"fi_FI","og_type":"article","og_title":"Kohti kautta: \u00c5IFK | K\u00e4sipallon miesten Aktialiiga","og_description":"Kaudella 2016-17: Runkosarja: 8. Alempi jatkosarja: 4. Ei selviytynyt pudotuspeleihin \u00c5IFK:n viime kausi oli tavallaan paketissa hyviss\u00e4 ajoin. Turkulaiset hoitivat itsens\u00e4 varmasti kahdeksan joukkoon ja alempaan jatkosarjaan, mutta paikka pudotuspeleiss\u00e4 karkasi jo hyviss\u00e4 ajoin ja sijoitus oli lopulta sama kahdeksas. Viime kaudella \u00c5IFK:n ryhm\u00e4\u00e4 leimasi nuorekkuus ja alkavalla kaudella t\u00e4m\u00e4 korostuu viel\u00e4 entisest\u00e4\u00e4n p\u00e4\u00e4valmentaja Besim [&hellip;]","og_url":"https:\/\/aktialiiga.fi\/miehet\/2017-2018\/kohti-kautta-2017-2018\/kohti-kautta-aifk-3\/","og_site_name":"K\u00e4sipallon miesten Aktialiiga","article_publisher":"https:\/\/www.facebook.com\/finnhandball","article_published_time":"2017-09-13T05:33:03+00:00","article_modified_time":"2018-04-20T09:45:12+00:00","og_image":[{"width":711,"height":320,"url":"https:\/\/i0.wp.com\/aktialiiga.fi\/miehet\/wp-content\/uploads\/sites\/5\/2017\/09\/Kuvitus_pokaalit_2017.jpg?fit=711%2C320&ssl=1","type":"image\/jpeg"}],"author":"tbrmedia","twitter_card":"summary_large_image","twitter_creator":"@finnhandball","twitter_site":"@finnhandball","schema":{"@context":"https:\/\/schema.org","@graph":[{"@type":"Article","@id":"https:\/\/aktialiiga.fi\/miehet\/2017-2018\/kohti-kautta-2017-2018\/kohti-kautta-aifk-3\/#article","isPartOf":{"@id":"https:\/\/aktialiiga.fi\/miehet\/2017-2018\/kohti-kautta-2017-2018\/kohti-kautta-aifk-3\/"},"author":{"name":"tbrmedia","@id":"https:\/\/aktialiiga.fi\/miehet\/#\/schema\/person\/c14bf42f47041db74603c45afcb18d87"},"headline":"Kohti kautta: \u00c5IFK","datePublished":"2017-09-13T05:33:03+00:00","dateModified":"2018-04-20T09:45:12+00:00","mainEntityOfPage":{"@id":"https:\/\/aktialiiga.fi\/miehet\/2017-2018\/kohti-kautta-2017-2018\/kohti-kautta-aifk-3\/"},"wordCount":176,"publisher":{"@id":"https:\/\/aktialiiga.fi\/miehet\/#organization"},"image":{"@id":"https:\/\/aktialiiga.fi\/miehet\/2017-2018\/kohti-kautta-2017-2018\/kohti-kautta-aifk-3\/#primaryimage"},"thumbnailUrl":"https:\/\/i0.wp.com\/aktialiiga.fi\/miehet\/wp-content\/uploads\/sites\/5\/2017\/09\/Kuvitus_pokaalit_2017.jpg?fit=711%2C320&ssl=1","keywords":["\u00c5IFK"],"articleSection":["Kohti kautta"],"inLanguage":"fi"},{"@type":"WebPage","@id":"https:\/\/aktialiiga.fi\/miehet\/2017-2018\/kohti-kautta-2017-2018\/kohti-kautta-aifk-3\/","url":"https:\/\/aktialiiga.fi\/miehet\/2017-2018\/kohti-kautta-2017-2018\/kohti-kautta-aifk-3\/","name":"Kohti kautta: \u00c5IFK | K\u00e4sipallon miesten Aktialiiga","isPartOf":{"@id":"https:\/\/aktialiiga.fi\/miehet\/#website"},"primaryImageOfPage":{"@id":"https:\/\/aktialiiga.fi\/miehet\/2017-2018\/kohti-kautta-2017-2018\/kohti-kautta-aifk-3\/#primaryimage"},"image":{"@id":"https:\/\/aktialiiga.fi\/miehet\/2017-2018\/kohti-kautta-2017-2018\/kohti-kautta-aifk-3\/#primaryimage"},"thumbnailUrl":"https:\/\/i0.wp.com\/aktialiiga.fi\/miehet\/wp-content\/uploads\/sites\/5\/2017\/09\/Kuvitus_pokaalit_2017.jpg?fit=711%2C320&ssl=1","datePublished":"2017-09-13T05:33:03+00:00","dateModified":"2018-04-20T09:45:12+00:00","breadcrumb":{"@id":"https:\/\/aktialiiga.fi\/miehet\/2017-2018\/kohti-kautta-2017-2018\/kohti-kautta-aifk-3\/#breadcrumb"},"inLanguage":"fi","potentialAction":[{"@type":"ReadAction","target":["https:\/\/aktialiiga.fi\/miehet\/2017-2018\/kohti-kautta-2017-2018\/kohti-kautta-aifk-3\/"]}]},{"@type":"ImageObject","inLanguage":"fi","@id":"https:\/\/aktialiiga.fi\/miehet\/2017-2018\/kohti-kautta-2017-2018\/kohti-kautta-aifk-3\/#primaryimage","url":"https:\/\/i0.wp.com\/aktialiiga.fi\/miehet\/wp-content\/uploads\/sites\/5\/2017\/09\/Kuvitus_pokaalit_2017.jpg?fit=711%2C320&ssl=1","contentUrl":"https:\/\/i0.wp.com\/aktialiiga.fi\/miehet\/wp-content\/uploads\/sites\/5\/2017\/09\/Kuvitus_pokaalit_2017.jpg?fit=711%2C320&ssl=1","width":711,"height":320},{"@type":"BreadcrumbList","@id":"https:\/\/aktialiiga.fi\/miehet\/2017-2018\/kohti-kautta-2017-2018\/kohti-kautta-aifk-3\/#breadcrumb","itemListElement":[{"@type":"ListItem","position":1,"name":"Etusivu","item":"https:\/\/aktialiiga.fi\/miehet\/"},{"@type":"ListItem","position":2,"name":"Kohti kautta: \u00c5IFK"}]},{"@type":"WebSite","@id":"https:\/\/aktialiiga.fi\/miehet\/#website","url":"https:\/\/aktialiiga.fi\/miehet\/","name":"K\u00e4sipallon miesten Aktialiiga","description":"Valtakunnan vauhdikkainta palloilua!","publisher":{"@id":"https:\/\/aktialiiga.fi\/miehet\/#organization"},"potentialAction":[{"@type":"SearchAction","target":{"@type":"EntryPoint","urlTemplate":"https:\/\/aktialiiga.fi\/miehet\/?s={search_term_string}"},"query-input":{"@type":"PropertyValueSpecification","valueRequired":true,"valueName":"search_term_string"}}],"inLanguage":"fi"},{"@type":"Organization","@id":"https:\/\/aktialiiga.fi\/miehet\/#organization","name":"K\u00e4sipallon miesten Aktialiiga","url":"https:\/\/aktialiiga.fi\/miehet\/","logo":{"@type":"ImageObject","inLanguage":"fi","@id":"https:\/\/aktialiiga.fi\/miehet\/#\/schema\/logo\/image\/","url":"https:\/\/i0.wp.com\/aktialiiga.fi\/miehet\/wp-content\/uploads\/sites\/5\/2024\/09\/Aktialiiga-Yoast-512.png?fit=512%2C512&ssl=1","contentUrl":"https:\/\/i0.wp.com\/aktialiiga.fi\/miehet\/wp-content\/uploads\/sites\/5\/2024\/09\/Aktialiiga-Yoast-512.png?fit=512%2C512&ssl=1","width":512,"height":512,"caption":"K\u00e4sipallon miesten Aktialiiga"},"image":{"@id":"https:\/\/aktialiiga.fi\/miehet\/#\/schema\/logo\/image\/"},"sameAs":["https:\/\/www.facebook.com\/finnhandball","https:\/\/x.com\/finnhandball","https:\/\/www.instagram.com\/handballfinland\/"]},{"@type":"Person","@id":"https:\/\/aktialiiga.fi\/miehet\/#\/schema\/person\/c14bf42f47041db74603c45afcb18d87","name":"tbrmedia","image":{"@type":"ImageObject","inLanguage":"fi","@id":"https:\/\/secure.gravatar.com\/avatar\/ee975fa091fe581d12b60debb3439022686618368a7c142044c56724d4666b16?s=96&d=mm&r=g","url":"https:\/\/secure.gravatar.com\/avatar\/ee975fa091fe581d12b60debb3439022686618368a7c142044c56724d4666b16?s=96&d=mm&r=g","contentUrl":"https:\/\/secure.gravatar.com\/avatar\/ee975fa091fe581d12b60debb3439022686618368a7c142044c56724d4666b16?s=96&d=mm&r=g","caption":"tbrmedia"}}]}},"jetpack_featured_media_url":"https:\/\/i0.wp.com\/aktialiiga.fi\/miehet\/wp-content\/uploads\/sites\/5\/2017\/09\/Kuvitus_pokaalit_2017.jpg?fit=711%2C320&ssl=1","jetpack_sharing_enabled":true,"jetpack_shortlink":"https:\/\/wp.me\/pfTxOr-4yG","_links":{"self":[{"href":"https:\/\/aktialiiga.fi\/miehet\/wp-json\/wp\/v2\/posts\/17526","targetHints":{"allow":["GET"]}}],"collection":[{"href":"https:\/\/aktialiiga.fi\/miehet\/wp-json\/wp\/v2\/posts"}],"about":[{"href":"https:\/\/aktialiiga.fi\/miehet\/wp-json\/wp\/v2\/types\/post"}],"author":[{"embeddable":true,"href":"https:\/\/aktialiiga.fi\/miehet\/wp-json\/wp\/v2\/users\/13"}],"replies":[{"embeddable":true,"href":"https:\/\/aktialiiga.fi\/miehet\/wp-json\/wp\/v2\/comments?post=17526"}],"version-history":[{"count":0,"href":"https:\/\/aktialiiga.fi\/miehet\/wp-json\/wp\/v2\/posts\/17526\/revisions"}],"wp:featuredmedia":[{"embeddable":true,"href":"https:\/\/aktialiiga.fi\/miehet\/wp-json\/wp\/v2\/media\/17374"}],"wp:attachment":[{"href":"https:\/\/aktialiiga.fi\/miehet\/wp-json\/wp\/v2\/media?parent=17526"}],"wp:term":[{"taxonomy":"category","embeddable":true,"href":"https:\/\/aktialiiga.fi\/miehet\/wp-json\/wp\/v2\/categories?post=17526"},{"taxonomy":"post_tag","embeddable":true,"href":"https:\/\/aktialiiga.fi\/miehet\/wp-json\/wp\/v2\/tags?post=17526"}],"curies":[{"name":"wp","href":"https:\/\/api.w.org\/{rel}","templated":true}]}}