{"id":17532,"date":"2017-09-13T12:41:06","date_gmt":"2017-09-13T09:41:06","guid":{"rendered":"https:\/\/aktialiiga.fi\/miehet\/?p=17532"},"modified":"2018-04-20T12:45:12","modified_gmt":"2018-04-20T09:45:12","slug":"kohti-kautta-grifk-2","status":"publish","type":"post","link":"https:\/\/aktialiiga.fi\/miehet\/2017-2018\/kohti-kautta-2017-2018\/kohti-kautta-grifk-2\/","title":{"rendered":"Kohti kautta: GrIFK"},"content":{"rendered":"<p><strong>Kaudella 2016-17:<\/strong><br \/>\nRunkosarja: 5.<br \/>\nAlempi jatkosarja: 1.<br \/>\nVoitti pronssiottelussa SIF:n yhteismaalein 54-50.<\/p>\n<p>GrIFK palasi SM-liigakartalle viime kaudeksi, kun HC West kuopattiin ja joukkue palasi juurilleen Kauniaisiin. Tuloksena oli pronssimitalit, mik\u00e4 oli lopulta hyv\u00e4 saavutus Granin ponnistettua pudotuspeleihin alemman jatkosarjan kautta.<\/p>\n<p>Suuria muutoksia joukkueessa ei ole sitten viime kev\u00e4\u00e4n tapahtunut.<\/p>\n<p>&#8211; Aika samalla linjalla l\u00e4hdet\u00e4\u00e4n kuin viime kauteen, pari pelaajaa vaihtui viime kaudesta, p\u00e4\u00e4valmentaja Mikko Koskue toteaa.<\/p>\n<p>Taistelu runkosarjan sijoista 2.-5. oli viime kaudella loppuun saakka eritt\u00e4in tasainen ja samaan ryhm\u00e4\u00e4n GrIFK pyrkii iskem\u00e4\u00e4n t\u00e4ll\u00e4kin kaudella \u2013 mielell\u00e4\u00e4n kuitenkin suoraan nelj\u00e4n joukkoon ja ylemp\u00e4\u00e4n jatkosarjaan.<\/p>\n<p>&#8211; L\u00e4hdet\u00e4\u00e4n edelleen mitaleista taistelemaan, mutta n\u00f6yr\u00e4sti. Tied\u00e4mme ett\u00e4 kaikki muut joukkueet ovat vahvistuneet, Koskue muistuttaa.<\/p>\n<p>Jotain viitett\u00e4 Granin iskukyvyst\u00e4 sarjakauden kynnyksell\u00e4 saatiin cupissa, jossa kauniaislaiset k\u00e4viv\u00e4t syyskuun alussa hakemassa sarjatulokas HC HIK:sta murskaavan 21 maalin voiton.<\/p>\n<p><strong>GrIFK:<\/strong><br \/>\nkotikentt\u00e4: Kauniaisten Palloiluhalli<br \/>\npeliasu: kokovihre\u00e4<br \/>\nSM-mitalit: 1-4-5 (lis\u00e4ksi mitalit HC Westin nimell\u00e4: 2-4-3)<\/p>\n","protected":false},"excerpt":{"rendered":"<p>Kaudella 2016-17: Runkosarja: 5. Alempi jatkosarja: 1. Voitti pronssiottelussa SIF:n yhteismaalein 54-50. GrIFK palasi SM-liigakartalle viime kaudeksi, kun HC West kuopattiin ja joukkue palasi juurilleen Kauniaisiin. Tuloksena oli pronssimitalit, mik\u00e4 oli lopulta hyv\u00e4 saavutus Granin ponnistettua pudotuspeleihin alemman jatkosarjan kautta. Suuria muutoksia joukkueessa ei ole sitten viime kev\u00e4\u00e4n tapahtunut. &#8211; Aika samalla linjalla l\u00e4hdet\u00e4\u00e4n kuin [&hellip;]<\/p>\n","protected":false},"author":13,"featured_media":16557,"comment_status":"closed","ping_status":"open","sticky":false,"template":"","format":"standard","meta":{"_acf_changed":false,"jetpack_post_was_ever_published":false,"_jetpack_newsletter_access":"","_jetpack_dont_email_post_to_subs":false,"_jetpack_newsletter_tier_id":0,"_jetpack_memberships_contains_paywalled_content":false,"_jetpack_memberships_contains_paid_content":false,"footnotes":""},"categories":[192],"tags":[64],"class_list":["post-17532","post","type-post","status-publish","format-standard","has-post-thumbnail","hentry","category-kohti-kautta-2017-2018","tag-grifk"],"acf":[],"yoast_head":"<!-- This site is optimized with the Yoast SEO plugin v27.5 - https:\/\/yoast.com\/product\/yoast-seo-wordpress\/ -->\n<title>Kohti kautta: GrIFK | K\u00e4sipallon miesten Aktialiiga<\/title>\n<meta name=\"robots\" content=\"index, follow, max-snippet:-1, max-image-preview:large, max-video-preview:-1\" \/>\n<link rel=\"canonical\" href=\"https:\/\/aktialiiga.fi\/miehet\/2017-2018\/kohti-kautta-2017-2018\/kohti-kautta-grifk-2\/\" \/>\n<meta property=\"og:locale\" content=\"fi_FI\" \/>\n<meta property=\"og:type\" content=\"article\" \/>\n<meta property=\"og:title\" content=\"Kohti kautta: GrIFK | K\u00e4sipallon miesten Aktialiiga\" \/>\n<meta property=\"og:description\" content=\"Kaudella 2016-17: Runkosarja: 5. Alempi jatkosarja: 1. Voitti pronssiottelussa SIF:n yhteismaalein 54-50. GrIFK palasi SM-liigakartalle viime kaudeksi, kun HC West kuopattiin ja joukkue palasi juurilleen Kauniaisiin. Tuloksena oli pronssimitalit, mik\u00e4 oli lopulta hyv\u00e4 saavutus Granin ponnistettua pudotuspeleihin alemman jatkosarjan kautta. Suuria muutoksia joukkueessa ei ole sitten viime kev\u00e4\u00e4n tapahtunut. &#8211; Aika samalla linjalla l\u00e4hdet\u00e4\u00e4n kuin [&hellip;]\" \/>\n<meta property=\"og:url\" content=\"https:\/\/aktialiiga.fi\/miehet\/2017-2018\/kohti-kautta-2017-2018\/kohti-kautta-grifk-2\/\" \/>\n<meta property=\"og:site_name\" content=\"K\u00e4sipallon miesten Aktialiiga\" \/>\n<meta property=\"article:publisher\" content=\"https:\/\/www.facebook.com\/finnhandball\" \/>\n<meta property=\"article:published_time\" content=\"2017-09-13T09:41:06+00:00\" \/>\n<meta property=\"article:modified_time\" content=\"2018-04-20T09:45:12+00:00\" \/>\n<meta property=\"og:image\" content=\"https:\/\/i0.wp.com\/aktialiiga.fi\/miehet\/wp-content\/uploads\/sites\/5\/2017\/04\/GrIFK_Koskue_Mikko_1617.jpg?fit=711%2C320&ssl=1\" \/>\n\t<meta property=\"og:image:width\" content=\"711\" \/>\n\t<meta property=\"og:image:height\" content=\"320\" \/>\n\t<meta property=\"og:image:type\" content=\"image\/jpeg\" \/>\n<meta name=\"author\" content=\"tbrmedia\" \/>\n<meta name=\"twitter:card\" content=\"summary_large_image\" \/>\n<meta name=\"twitter:creator\" content=\"@finnhandball\" \/>\n<meta name=\"twitter:site\" content=\"@finnhandball\" \/>\n<script type=\"application\/ld+json\" class=\"yoast-schema-graph\">{\"@context\":\"https:\\\/\\\/schema.org\",\"@graph\":[{\"@type\":\"Article\",\"@id\":\"https:\\\/\\\/aktialiiga.fi\\\/miehet\\\/2017-2018\\\/kohti-kautta-2017-2018\\\/kohti-kautta-grifk-2\\\/#article\",\"isPartOf\":{\"@id\":\"https:\\\/\\\/aktialiiga.fi\\\/miehet\\\/2017-2018\\\/kohti-kautta-2017-2018\\\/kohti-kautta-grifk-2\\\/\"},\"author\":{\"name\":\"tbrmedia\",\"@id\":\"https:\\\/\\\/aktialiiga.fi\\\/miehet\\\/#\\\/schema\\\/person\\\/c14bf42f47041db74603c45afcb18d87\"},\"headline\":\"Kohti kautta: GrIFK\",\"datePublished\":\"2017-09-13T09:41:06+00:00\",\"dateModified\":\"2018-04-20T09:45:12+00:00\",\"mainEntityOfPage\":{\"@id\":\"https:\\\/\\\/aktialiiga.fi\\\/miehet\\\/2017-2018\\\/kohti-kautta-2017-2018\\\/kohti-kautta-grifk-2\\\/\"},\"wordCount\":168,\"publisher\":{\"@id\":\"https:\\\/\\\/aktialiiga.fi\\\/miehet\\\/#organization\"},\"image\":{\"@id\":\"https:\\\/\\\/aktialiiga.fi\\\/miehet\\\/2017-2018\\\/kohti-kautta-2017-2018\\\/kohti-kautta-grifk-2\\\/#primaryimage\"},\"thumbnailUrl\":\"https:\\\/\\\/i0.wp.com\\\/aktialiiga.fi\\\/miehet\\\/wp-content\\\/uploads\\\/sites\\\/5\\\/2017\\\/04\\\/GrIFK_Koskue_Mikko_1617.jpg?fit=711%2C320&ssl=1\",\"keywords\":[\"GrIFK\"],\"articleSection\":[\"Kohti kautta\"],\"inLanguage\":\"fi\"},{\"@type\":\"WebPage\",\"@id\":\"https:\\\/\\\/aktialiiga.fi\\\/miehet\\\/2017-2018\\\/kohti-kautta-2017-2018\\\/kohti-kautta-grifk-2\\\/\",\"url\":\"https:\\\/\\\/aktialiiga.fi\\\/miehet\\\/2017-2018\\\/kohti-kautta-2017-2018\\\/kohti-kautta-grifk-2\\\/\",\"name\":\"Kohti kautta: GrIFK | K\u00e4sipallon miesten Aktialiiga\",\"isPartOf\":{\"@id\":\"https:\\\/\\\/aktialiiga.fi\\\/miehet\\\/#website\"},\"primaryImageOfPage\":{\"@id\":\"https:\\\/\\\/aktialiiga.fi\\\/miehet\\\/2017-2018\\\/kohti-kautta-2017-2018\\\/kohti-kautta-grifk-2\\\/#primaryimage\"},\"image\":{\"@id\":\"https:\\\/\\\/aktialiiga.fi\\\/miehet\\\/2017-2018\\\/kohti-kautta-2017-2018\\\/kohti-kautta-grifk-2\\\/#primaryimage\"},\"thumbnailUrl\":\"https:\\\/\\\/i0.wp.com\\\/aktialiiga.fi\\\/miehet\\\/wp-content\\\/uploads\\\/sites\\\/5\\\/2017\\\/04\\\/GrIFK_Koskue_Mikko_1617.jpg?fit=711%2C320&ssl=1\",\"datePublished\":\"2017-09-13T09:41:06+00:00\",\"dateModified\":\"2018-04-20T09:45:12+00:00\",\"breadcrumb\":{\"@id\":\"https:\\\/\\\/aktialiiga.fi\\\/miehet\\\/2017-2018\\\/kohti-kautta-2017-2018\\\/kohti-kautta-grifk-2\\\/#breadcrumb\"},\"inLanguage\":\"fi\",\"potentialAction\":[{\"@type\":\"ReadAction\",\"target\":[\"https:\\\/\\\/aktialiiga.fi\\\/miehet\\\/2017-2018\\\/kohti-kautta-2017-2018\\\/kohti-kautta-grifk-2\\\/\"]}]},{\"@type\":\"ImageObject\",\"inLanguage\":\"fi\",\"@id\":\"https:\\\/\\\/aktialiiga.fi\\\/miehet\\\/2017-2018\\\/kohti-kautta-2017-2018\\\/kohti-kautta-grifk-2\\\/#primaryimage\",\"url\":\"https:\\\/\\\/i0.wp.com\\\/aktialiiga.fi\\\/miehet\\\/wp-content\\\/uploads\\\/sites\\\/5\\\/2017\\\/04\\\/GrIFK_Koskue_Mikko_1617.jpg?fit=711%2C320&ssl=1\",\"contentUrl\":\"https:\\\/\\\/i0.wp.com\\\/aktialiiga.fi\\\/miehet\\\/wp-content\\\/uploads\\\/sites\\\/5\\\/2017\\\/04\\\/GrIFK_Koskue_Mikko_1617.jpg?fit=711%2C320&ssl=1\",\"width\":711,\"height\":320},{\"@type\":\"BreadcrumbList\",\"@id\":\"https:\\\/\\\/aktialiiga.fi\\\/miehet\\\/2017-2018\\\/kohti-kautta-2017-2018\\\/kohti-kautta-grifk-2\\\/#breadcrumb\",\"itemListElement\":[{\"@type\":\"ListItem\",\"position\":1,\"name\":\"Etusivu\",\"item\":\"https:\\\/\\\/aktialiiga.fi\\\/miehet\\\/\"},{\"@type\":\"ListItem\",\"position\":2,\"name\":\"Kohti kautta: GrIFK\"}]},{\"@type\":\"WebSite\",\"@id\":\"https:\\\/\\\/aktialiiga.fi\\\/miehet\\\/#website\",\"url\":\"https:\\\/\\\/aktialiiga.fi\\\/miehet\\\/\",\"name\":\"K\u00e4sipallon miesten Aktialiiga\",\"description\":\"Valtakunnan vauhdikkainta palloilua!\",\"publisher\":{\"@id\":\"https:\\\/\\\/aktialiiga.fi\\\/miehet\\\/#organization\"},\"potentialAction\":[{\"@type\":\"SearchAction\",\"target\":{\"@type\":\"EntryPoint\",\"urlTemplate\":\"https:\\\/\\\/aktialiiga.fi\\\/miehet\\\/?s={search_term_string}\"},\"query-input\":{\"@type\":\"PropertyValueSpecification\",\"valueRequired\":true,\"valueName\":\"search_term_string\"}}],\"inLanguage\":\"fi\"},{\"@type\":\"Organization\",\"@id\":\"https:\\\/\\\/aktialiiga.fi\\\/miehet\\\/#organization\",\"name\":\"K\u00e4sipallon miesten Aktialiiga\",\"url\":\"https:\\\/\\\/aktialiiga.fi\\\/miehet\\\/\",\"logo\":{\"@type\":\"ImageObject\",\"inLanguage\":\"fi\",\"@id\":\"https:\\\/\\\/aktialiiga.fi\\\/miehet\\\/#\\\/schema\\\/logo\\\/image\\\/\",\"url\":\"https:\\\/\\\/i0.wp.com\\\/aktialiiga.fi\\\/miehet\\\/wp-content\\\/uploads\\\/sites\\\/5\\\/2024\\\/09\\\/Aktialiiga-Yoast-512.png?fit=512%2C512&ssl=1\",\"contentUrl\":\"https:\\\/\\\/i0.wp.com\\\/aktialiiga.fi\\\/miehet\\\/wp-content\\\/uploads\\\/sites\\\/5\\\/2024\\\/09\\\/Aktialiiga-Yoast-512.png?fit=512%2C512&ssl=1\",\"width\":512,\"height\":512,\"caption\":\"K\u00e4sipallon miesten Aktialiiga\"},\"image\":{\"@id\":\"https:\\\/\\\/aktialiiga.fi\\\/miehet\\\/#\\\/schema\\\/logo\\\/image\\\/\"},\"sameAs\":[\"https:\\\/\\\/www.facebook.com\\\/finnhandball\",\"https:\\\/\\\/x.com\\\/finnhandball\",\"https:\\\/\\\/www.instagram.com\\\/handballfinland\\\/\"]},{\"@type\":\"Person\",\"@id\":\"https:\\\/\\\/aktialiiga.fi\\\/miehet\\\/#\\\/schema\\\/person\\\/c14bf42f47041db74603c45afcb18d87\",\"name\":\"tbrmedia\",\"image\":{\"@type\":\"ImageObject\",\"inLanguage\":\"fi\",\"@id\":\"https:\\\/\\\/secure.gravatar.com\\\/avatar\\\/ee975fa091fe581d12b60debb3439022686618368a7c142044c56724d4666b16?s=96&d=mm&r=g\",\"url\":\"https:\\\/\\\/secure.gravatar.com\\\/avatar\\\/ee975fa091fe581d12b60debb3439022686618368a7c142044c56724d4666b16?s=96&d=mm&r=g\",\"contentUrl\":\"https:\\\/\\\/secure.gravatar.com\\\/avatar\\\/ee975fa091fe581d12b60debb3439022686618368a7c142044c56724d4666b16?s=96&d=mm&r=g\",\"caption\":\"tbrmedia\"}}]}<\/script>\n<!-- \/ Yoast SEO plugin. -->","yoast_head_json":{"title":"Kohti kautta: GrIFK | K\u00e4sipallon miesten Aktialiiga","robots":{"index":"index","follow":"follow","max-snippet":"max-snippet:-1","max-image-preview":"max-image-preview:large","max-video-preview":"max-video-preview:-1"},"canonical":"https:\/\/aktialiiga.fi\/miehet\/2017-2018\/kohti-kautta-2017-2018\/kohti-kautta-grifk-2\/","og_locale":"fi_FI","og_type":"article","og_title":"Kohti kautta: GrIFK | K\u00e4sipallon miesten Aktialiiga","og_description":"Kaudella 2016-17: Runkosarja: 5. Alempi jatkosarja: 1. Voitti pronssiottelussa SIF:n yhteismaalein 54-50. GrIFK palasi SM-liigakartalle viime kaudeksi, kun HC West kuopattiin ja joukkue palasi juurilleen Kauniaisiin. Tuloksena oli pronssimitalit, mik\u00e4 oli lopulta hyv\u00e4 saavutus Granin ponnistettua pudotuspeleihin alemman jatkosarjan kautta. Suuria muutoksia joukkueessa ei ole sitten viime kev\u00e4\u00e4n tapahtunut. &#8211; Aika samalla linjalla l\u00e4hdet\u00e4\u00e4n kuin [&hellip;]","og_url":"https:\/\/aktialiiga.fi\/miehet\/2017-2018\/kohti-kautta-2017-2018\/kohti-kautta-grifk-2\/","og_site_name":"K\u00e4sipallon miesten Aktialiiga","article_publisher":"https:\/\/www.facebook.com\/finnhandball","article_published_time":"2017-09-13T09:41:06+00:00","article_modified_time":"2018-04-20T09:45:12+00:00","og_image":[{"width":711,"height":320,"url":"https:\/\/i0.wp.com\/aktialiiga.fi\/miehet\/wp-content\/uploads\/sites\/5\/2017\/04\/GrIFK_Koskue_Mikko_1617.jpg?fit=711%2C320&ssl=1","type":"image\/jpeg"}],"author":"tbrmedia","twitter_card":"summary_large_image","twitter_creator":"@finnhandball","twitter_site":"@finnhandball","schema":{"@context":"https:\/\/schema.org","@graph":[{"@type":"Article","@id":"https:\/\/aktialiiga.fi\/miehet\/2017-2018\/kohti-kautta-2017-2018\/kohti-kautta-grifk-2\/#article","isPartOf":{"@id":"https:\/\/aktialiiga.fi\/miehet\/2017-2018\/kohti-kautta-2017-2018\/kohti-kautta-grifk-2\/"},"author":{"name":"tbrmedia","@id":"https:\/\/aktialiiga.fi\/miehet\/#\/schema\/person\/c14bf42f47041db74603c45afcb18d87"},"headline":"Kohti kautta: GrIFK","datePublished":"2017-09-13T09:41:06+00:00","dateModified":"2018-04-20T09:45:12+00:00","mainEntityOfPage":{"@id":"https:\/\/aktialiiga.fi\/miehet\/2017-2018\/kohti-kautta-2017-2018\/kohti-kautta-grifk-2\/"},"wordCount":168,"publisher":{"@id":"https:\/\/aktialiiga.fi\/miehet\/#organization"},"image":{"@id":"https:\/\/aktialiiga.fi\/miehet\/2017-2018\/kohti-kautta-2017-2018\/kohti-kautta-grifk-2\/#primaryimage"},"thumbnailUrl":"https:\/\/i0.wp.com\/aktialiiga.fi\/miehet\/wp-content\/uploads\/sites\/5\/2017\/04\/GrIFK_Koskue_Mikko_1617.jpg?fit=711%2C320&ssl=1","keywords":["GrIFK"],"articleSection":["Kohti kautta"],"inLanguage":"fi"},{"@type":"WebPage","@id":"https:\/\/aktialiiga.fi\/miehet\/2017-2018\/kohti-kautta-2017-2018\/kohti-kautta-grifk-2\/","url":"https:\/\/aktialiiga.fi\/miehet\/2017-2018\/kohti-kautta-2017-2018\/kohti-kautta-grifk-2\/","name":"Kohti kautta: GrIFK | K\u00e4sipallon miesten Aktialiiga","isPartOf":{"@id":"https:\/\/aktialiiga.fi\/miehet\/#website"},"primaryImageOfPage":{"@id":"https:\/\/aktialiiga.fi\/miehet\/2017-2018\/kohti-kautta-2017-2018\/kohti-kautta-grifk-2\/#primaryimage"},"image":{"@id":"https:\/\/aktialiiga.fi\/miehet\/2017-2018\/kohti-kautta-2017-2018\/kohti-kautta-grifk-2\/#primaryimage"},"thumbnailUrl":"https:\/\/i0.wp.com\/aktialiiga.fi\/miehet\/wp-content\/uploads\/sites\/5\/2017\/04\/GrIFK_Koskue_Mikko_1617.jpg?fit=711%2C320&ssl=1","datePublished":"2017-09-13T09:41:06+00:00","dateModified":"2018-04-20T09:45:12+00:00","breadcrumb":{"@id":"https:\/\/aktialiiga.fi\/miehet\/2017-2018\/kohti-kautta-2017-2018\/kohti-kautta-grifk-2\/#breadcrumb"},"inLanguage":"fi","potentialAction":[{"@type":"ReadAction","target":["https:\/\/aktialiiga.fi\/miehet\/2017-2018\/kohti-kautta-2017-2018\/kohti-kautta-grifk-2\/"]}]},{"@type":"ImageObject","inLanguage":"fi","@id":"https:\/\/aktialiiga.fi\/miehet\/2017-2018\/kohti-kautta-2017-2018\/kohti-kautta-grifk-2\/#primaryimage","url":"https:\/\/i0.wp.com\/aktialiiga.fi\/miehet\/wp-content\/uploads\/sites\/5\/2017\/04\/GrIFK_Koskue_Mikko_1617.jpg?fit=711%2C320&ssl=1","contentUrl":"https:\/\/i0.wp.com\/aktialiiga.fi\/miehet\/wp-content\/uploads\/sites\/5\/2017\/04\/GrIFK_Koskue_Mikko_1617.jpg?fit=711%2C320&ssl=1","width":711,"height":320},{"@type":"BreadcrumbList","@id":"https:\/\/aktialiiga.fi\/miehet\/2017-2018\/kohti-kautta-2017-2018\/kohti-kautta-grifk-2\/#breadcrumb","itemListElement":[{"@type":"ListItem","position":1,"name":"Etusivu","item":"https:\/\/aktialiiga.fi\/miehet\/"},{"@type":"ListItem","position":2,"name":"Kohti kautta: GrIFK"}]},{"@type":"WebSite","@id":"https:\/\/aktialiiga.fi\/miehet\/#website","url":"https:\/\/aktialiiga.fi\/miehet\/","name":"K\u00e4sipallon miesten Aktialiiga","description":"Valtakunnan vauhdikkainta palloilua!","publisher":{"@id":"https:\/\/aktialiiga.fi\/miehet\/#organization"},"potentialAction":[{"@type":"SearchAction","target":{"@type":"EntryPoint","urlTemplate":"https:\/\/aktialiiga.fi\/miehet\/?s={search_term_string}"},"query-input":{"@type":"PropertyValueSpecification","valueRequired":true,"valueName":"search_term_string"}}],"inLanguage":"fi"},{"@type":"Organization","@id":"https:\/\/aktialiiga.fi\/miehet\/#organization","name":"K\u00e4sipallon miesten Aktialiiga","url":"https:\/\/aktialiiga.fi\/miehet\/","logo":{"@type":"ImageObject","inLanguage":"fi","@id":"https:\/\/aktialiiga.fi\/miehet\/#\/schema\/logo\/image\/","url":"https:\/\/i0.wp.com\/aktialiiga.fi\/miehet\/wp-content\/uploads\/sites\/5\/2024\/09\/Aktialiiga-Yoast-512.png?fit=512%2C512&ssl=1","contentUrl":"https:\/\/i0.wp.com\/aktialiiga.fi\/miehet\/wp-content\/uploads\/sites\/5\/2024\/09\/Aktialiiga-Yoast-512.png?fit=512%2C512&ssl=1","width":512,"height":512,"caption":"K\u00e4sipallon miesten Aktialiiga"},"image":{"@id":"https:\/\/aktialiiga.fi\/miehet\/#\/schema\/logo\/image\/"},"sameAs":["https:\/\/www.facebook.com\/finnhandball","https:\/\/x.com\/finnhandball","https:\/\/www.instagram.com\/handballfinland\/"]},{"@type":"Person","@id":"https:\/\/aktialiiga.fi\/miehet\/#\/schema\/person\/c14bf42f47041db74603c45afcb18d87","name":"tbrmedia","image":{"@type":"ImageObject","inLanguage":"fi","@id":"https:\/\/secure.gravatar.com\/avatar\/ee975fa091fe581d12b60debb3439022686618368a7c142044c56724d4666b16?s=96&d=mm&r=g","url":"https:\/\/secure.gravatar.com\/avatar\/ee975fa091fe581d12b60debb3439022686618368a7c142044c56724d4666b16?s=96&d=mm&r=g","contentUrl":"https:\/\/secure.gravatar.com\/avatar\/ee975fa091fe581d12b60debb3439022686618368a7c142044c56724d4666b16?s=96&d=mm&r=g","caption":"tbrmedia"}}]}},"jetpack_featured_media_url":"https:\/\/i0.wp.com\/aktialiiga.fi\/miehet\/wp-content\/uploads\/sites\/5\/2017\/04\/GrIFK_Koskue_Mikko_1617.jpg?fit=711%2C320&ssl=1","jetpack_sharing_enabled":true,"jetpack_shortlink":"https:\/\/wp.me\/pfTxOr-4yM","_links":{"self":[{"href":"https:\/\/aktialiiga.fi\/miehet\/wp-json\/wp\/v2\/posts\/17532","targetHints":{"allow":["GET"]}}],"collection":[{"href":"https:\/\/aktialiiga.fi\/miehet\/wp-json\/wp\/v2\/posts"}],"about":[{"href":"https:\/\/aktialiiga.fi\/miehet\/wp-json\/wp\/v2\/types\/post"}],"author":[{"embeddable":true,"href":"https:\/\/aktialiiga.fi\/miehet\/wp-json\/wp\/v2\/users\/13"}],"replies":[{"embeddable":true,"href":"https:\/\/aktialiiga.fi\/miehet\/wp-json\/wp\/v2\/comments?post=17532"}],"version-history":[{"count":0,"href":"https:\/\/aktialiiga.fi\/miehet\/wp-json\/wp\/v2\/posts\/17532\/revisions"}],"wp:featuredmedia":[{"embeddable":true,"href":"https:\/\/aktialiiga.fi\/miehet\/wp-json\/wp\/v2\/media\/16557"}],"wp:attachment":[{"href":"https:\/\/aktialiiga.fi\/miehet\/wp-json\/wp\/v2\/media?parent=17532"}],"wp:term":[{"taxonomy":"category","embeddable":true,"href":"https:\/\/aktialiiga.fi\/miehet\/wp-json\/wp\/v2\/categories?post=17532"},{"taxonomy":"post_tag","embeddable":true,"href":"https:\/\/aktialiiga.fi\/miehet\/wp-json\/wp\/v2\/tags?post=17532"}],"curies":[{"name":"wp","href":"https:\/\/api.w.org\/{rel}","templated":true}]}}