{"id":17973,"date":"2017-10-06T21:47:19","date_gmt":"2017-10-06T18:47:19","guid":{"rendered":"https:\/\/aktialiiga.fi\/miehet\/?p=17973"},"modified":"2018-04-20T12:45:00","modified_gmt":"2018-04-20T09:45:00","slug":"loukkaantumiset-grifkn-huolena","status":"publish","type":"post","link":"https:\/\/aktialiiga.fi\/miehet\/ajankohtaista\/loukkaantumiset-grifkn-huolena\/","title":{"rendered":"Loukkaantumiset GrIFK:n huolena"},"content":{"rendered":"<p>Kautta on ehditty pelata vasta reilu kuukausi mutta GrIFK:n pelaajistossa on n\u00e4hty jo harventumista. Kaksi viimeist\u00e4 liigaottelua on tuottanut GrIFK:n lasarettiosastolle turhankin paljon toimintaa, jossa ei kirurgin veitselt\u00e4k\u00e4\u00e4n v\u00e4ltyt\u00e4.<\/p>\n<p>Viikonlopun vierasottelussa HC HIK:ta vastaan Jonathan Bergin polvesta hajosi ristisiteet ja edess\u00e4 on jo toistamiseen pitk\u00e4 toipumiskausi saman vamman takia.<\/p>\n<p>&#8211; Edellisen kerran kun sama polvi korjattiin, toipumisaika oli 9 kuukautta, 20-vuotias varusmies manasi.<\/p>\n<p>Kuluva pelikausi j\u00e4i Bergin kohdalla kahden virallisen ottelun mittaiseksi. Hangossa viisi maalia ennen loukkaantumistilannetta tehnyt pelinrakentaja valittiin lopuksi my\u00f6s ottelun kahden t\u00e4hden pelaajaksi.<\/p>\n<p>K\u00e4rkiottelu Cocksia vastaan taas p\u00e4\u00e4ttyi joukkueen dynamon Miro Koljosen kohdalta jo ennen taukoa kun mies taisteli pallosta Cocksin pelaajan kanssa. Yhteent\u00f6rm\u00e4yksen seurauksena Koljosen nilkka v\u00e4\u00e4ntyi ja tarkemmissa tutkimuksissa paljastui kehr\u00e4sluun murtuma.<\/p>\n<p>&#8211; Samalla kaikki nivelsiteetkin sai kokea kovia, kertoo Koljonen.<\/p>\n<p>V\u00e4litt\u00f6m\u00e4sti ottelun j\u00e4lkeen kainalosauvoilla liikkunut maajoukkuemies k\u00e4vi jo otteluiltana l\u00e4\u00e4k\u00e4riss\u00e4, jossa vammat diagnosoitiin ja liikkumista helpottamaan annettiin nilkkatuki.<\/p>\n<p>&#8211; Niill\u00e4 oli ollut ortopedien kanssa palaveri aamulla, sain sielt\u00e4 puhelun jossa k\u00e4skettiin takaisin Jorviin. Jalka laitettiin nyt pariksi viikoksi kipsiin ja sen j\u00e4lkeen otetaan magneettikuvat jossa sitten n\u00e4hd\u00e4\u00e4n kuinka pahasti nivelsiteet ovat vaurioituneet ja kuinka pitk\u00e4 sairasloma lopulta tulee olemaan.<\/p>\n<p>Koljoselle loukkaantuminen tiesi n\u00e4ill\u00e4 n\u00e4kymin loppuvuoden huilia, joten v\u00e4liin j\u00e4\u00e4v\u00e4t my\u00f6s lokakuun lopun maaottelut. Aiemminkin juuri ennen maajoukkueen karsintaotteluita sivuun joutunut laituri missaa t\u00e4ll\u00e4 kerralla MM-karsintapelit Luxemburgia ja Ven\u00e4j\u00e4\u00e4 vastaan, jotka pelataan 26. ja 28.10.<\/p>\n","protected":false},"excerpt":{"rendered":"<p>Kautta on ehditty pelata vasta reilu kuukausi mutta GrIFK:n pelaajistossa on n\u00e4hty jo harventumista. Kaksi viimeist\u00e4 liigaottelua on tuottanut GrIFK:n lasarettiosastolle turhankin paljon toimintaa, jossa ei kirurgin veitselt\u00e4k\u00e4\u00e4n v\u00e4ltyt\u00e4. Viikonlopun vierasottelussa HC HIK:ta vastaan Jonathan Bergin polvesta hajosi ristisiteet ja edess\u00e4 on jo toistamiseen pitk\u00e4 toipumiskausi saman vamman takia. &#8211; Edellisen kerran kun sama polvi [&hellip;]<\/p>\n","protected":false},"author":13,"featured_media":17974,"comment_status":"closed","ping_status":"open","sticky":false,"template":"","format":"standard","meta":{"_acf_changed":false,"jetpack_post_was_ever_published":false,"_jetpack_newsletter_access":"","_jetpack_dont_email_post_to_subs":false,"_jetpack_newsletter_tier_id":0,"_jetpack_memberships_contains_paywalled_content":false,"_jetpack_memberships_contains_paid_content":false,"footnotes":""},"categories":[2],"tags":[64],"class_list":["post-17973","post","type-post","status-publish","format-standard","has-post-thumbnail","hentry","category-ajankohtaista","tag-grifk"],"acf":[],"yoast_head":"<!-- This site is optimized with the Yoast SEO plugin v27.5 - https:\/\/yoast.com\/product\/yoast-seo-wordpress\/ -->\n<title>Loukkaantumiset GrIFK:n huolena | K\u00e4sipallon miesten Aktialiiga<\/title>\n<meta name=\"robots\" content=\"index, follow, max-snippet:-1, max-image-preview:large, max-video-preview:-1\" \/>\n<link rel=\"canonical\" href=\"https:\/\/aktialiiga.fi\/miehet\/ajankohtaista\/loukkaantumiset-grifkn-huolena\/\" \/>\n<meta property=\"og:locale\" content=\"fi_FI\" \/>\n<meta property=\"og:type\" content=\"article\" \/>\n<meta property=\"og:title\" content=\"Loukkaantumiset GrIFK:n huolena | K\u00e4sipallon miesten Aktialiiga\" \/>\n<meta property=\"og:description\" content=\"Kautta on ehditty pelata vasta reilu kuukausi mutta GrIFK:n pelaajistossa on n\u00e4hty jo harventumista. Kaksi viimeist\u00e4 liigaottelua on tuottanut GrIFK:n lasarettiosastolle turhankin paljon toimintaa, jossa ei kirurgin veitselt\u00e4k\u00e4\u00e4n v\u00e4ltyt\u00e4. Viikonlopun vierasottelussa HC HIK:ta vastaan Jonathan Bergin polvesta hajosi ristisiteet ja edess\u00e4 on jo toistamiseen pitk\u00e4 toipumiskausi saman vamman takia. &#8211; Edellisen kerran kun sama polvi [&hellip;]\" \/>\n<meta property=\"og:url\" content=\"https:\/\/aktialiiga.fi\/miehet\/ajankohtaista\/loukkaantumiset-grifkn-huolena\/\" \/>\n<meta property=\"og:site_name\" content=\"K\u00e4sipallon miesten Aktialiiga\" \/>\n<meta property=\"article:publisher\" content=\"https:\/\/www.facebook.com\/finnhandball\" \/>\n<meta property=\"article:published_time\" content=\"2017-10-06T18:47:19+00:00\" \/>\n<meta property=\"article:modified_time\" content=\"2018-04-20T09:45:00+00:00\" \/>\n<meta property=\"og:image\" content=\"https:\/\/i0.wp.com\/aktialiiga.fi\/miehet\/wp-content\/uploads\/sites\/5\/2017\/10\/Koljonen_Miro_GrIFK_1617.jpg?fit=711%2C325&ssl=1\" \/>\n\t<meta property=\"og:image:width\" content=\"711\" \/>\n\t<meta property=\"og:image:height\" content=\"325\" \/>\n\t<meta property=\"og:image:type\" content=\"image\/jpeg\" \/>\n<meta name=\"author\" content=\"tbrmedia\" \/>\n<meta name=\"twitter:card\" content=\"summary_large_image\" \/>\n<meta name=\"twitter:creator\" content=\"@finnhandball\" \/>\n<meta name=\"twitter:site\" content=\"@finnhandball\" \/>\n<script type=\"application\/ld+json\" class=\"yoast-schema-graph\">{\"@context\":\"https:\\\/\\\/schema.org\",\"@graph\":[{\"@type\":\"Article\",\"@id\":\"https:\\\/\\\/aktialiiga.fi\\\/miehet\\\/ajankohtaista\\\/loukkaantumiset-grifkn-huolena\\\/#article\",\"isPartOf\":{\"@id\":\"https:\\\/\\\/aktialiiga.fi\\\/miehet\\\/ajankohtaista\\\/loukkaantumiset-grifkn-huolena\\\/\"},\"author\":{\"name\":\"tbrmedia\",\"@id\":\"https:\\\/\\\/aktialiiga.fi\\\/miehet\\\/#\\\/schema\\\/person\\\/c14bf42f47041db74603c45afcb18d87\"},\"headline\":\"Loukkaantumiset GrIFK:n huolena\",\"datePublished\":\"2017-10-06T18:47:19+00:00\",\"dateModified\":\"2018-04-20T09:45:00+00:00\",\"mainEntityOfPage\":{\"@id\":\"https:\\\/\\\/aktialiiga.fi\\\/miehet\\\/ajankohtaista\\\/loukkaantumiset-grifkn-huolena\\\/\"},\"wordCount\":256,\"publisher\":{\"@id\":\"https:\\\/\\\/aktialiiga.fi\\\/miehet\\\/#organization\"},\"image\":{\"@id\":\"https:\\\/\\\/aktialiiga.fi\\\/miehet\\\/ajankohtaista\\\/loukkaantumiset-grifkn-huolena\\\/#primaryimage\"},\"thumbnailUrl\":\"https:\\\/\\\/i0.wp.com\\\/aktialiiga.fi\\\/miehet\\\/wp-content\\\/uploads\\\/sites\\\/5\\\/2017\\\/10\\\/Koljonen_Miro_GrIFK_1617.jpg?fit=711%2C325&ssl=1\",\"keywords\":[\"GrIFK\"],\"articleSection\":[\"Ajankohtaista\"],\"inLanguage\":\"fi\"},{\"@type\":\"WebPage\",\"@id\":\"https:\\\/\\\/aktialiiga.fi\\\/miehet\\\/ajankohtaista\\\/loukkaantumiset-grifkn-huolena\\\/\",\"url\":\"https:\\\/\\\/aktialiiga.fi\\\/miehet\\\/ajankohtaista\\\/loukkaantumiset-grifkn-huolena\\\/\",\"name\":\"Loukkaantumiset GrIFK:n huolena | K\u00e4sipallon miesten Aktialiiga\",\"isPartOf\":{\"@id\":\"https:\\\/\\\/aktialiiga.fi\\\/miehet\\\/#website\"},\"primaryImageOfPage\":{\"@id\":\"https:\\\/\\\/aktialiiga.fi\\\/miehet\\\/ajankohtaista\\\/loukkaantumiset-grifkn-huolena\\\/#primaryimage\"},\"image\":{\"@id\":\"https:\\\/\\\/aktialiiga.fi\\\/miehet\\\/ajankohtaista\\\/loukkaantumiset-grifkn-huolena\\\/#primaryimage\"},\"thumbnailUrl\":\"https:\\\/\\\/i0.wp.com\\\/aktialiiga.fi\\\/miehet\\\/wp-content\\\/uploads\\\/sites\\\/5\\\/2017\\\/10\\\/Koljonen_Miro_GrIFK_1617.jpg?fit=711%2C325&ssl=1\",\"datePublished\":\"2017-10-06T18:47:19+00:00\",\"dateModified\":\"2018-04-20T09:45:00+00:00\",\"breadcrumb\":{\"@id\":\"https:\\\/\\\/aktialiiga.fi\\\/miehet\\\/ajankohtaista\\\/loukkaantumiset-grifkn-huolena\\\/#breadcrumb\"},\"inLanguage\":\"fi\",\"potentialAction\":[{\"@type\":\"ReadAction\",\"target\":[\"https:\\\/\\\/aktialiiga.fi\\\/miehet\\\/ajankohtaista\\\/loukkaantumiset-grifkn-huolena\\\/\"]}]},{\"@type\":\"ImageObject\",\"inLanguage\":\"fi\",\"@id\":\"https:\\\/\\\/aktialiiga.fi\\\/miehet\\\/ajankohtaista\\\/loukkaantumiset-grifkn-huolena\\\/#primaryimage\",\"url\":\"https:\\\/\\\/i0.wp.com\\\/aktialiiga.fi\\\/miehet\\\/wp-content\\\/uploads\\\/sites\\\/5\\\/2017\\\/10\\\/Koljonen_Miro_GrIFK_1617.jpg?fit=711%2C325&ssl=1\",\"contentUrl\":\"https:\\\/\\\/i0.wp.com\\\/aktialiiga.fi\\\/miehet\\\/wp-content\\\/uploads\\\/sites\\\/5\\\/2017\\\/10\\\/Koljonen_Miro_GrIFK_1617.jpg?fit=711%2C325&ssl=1\",\"width\":711,\"height\":325},{\"@type\":\"BreadcrumbList\",\"@id\":\"https:\\\/\\\/aktialiiga.fi\\\/miehet\\\/ajankohtaista\\\/loukkaantumiset-grifkn-huolena\\\/#breadcrumb\",\"itemListElement\":[{\"@type\":\"ListItem\",\"position\":1,\"name\":\"Etusivu\",\"item\":\"https:\\\/\\\/aktialiiga.fi\\\/miehet\\\/\"},{\"@type\":\"ListItem\",\"position\":2,\"name\":\"Loukkaantumiset GrIFK:n huolena\"}]},{\"@type\":\"WebSite\",\"@id\":\"https:\\\/\\\/aktialiiga.fi\\\/miehet\\\/#website\",\"url\":\"https:\\\/\\\/aktialiiga.fi\\\/miehet\\\/\",\"name\":\"K\u00e4sipallon miesten Aktialiiga\",\"description\":\"Valtakunnan vauhdikkainta palloilua!\",\"publisher\":{\"@id\":\"https:\\\/\\\/aktialiiga.fi\\\/miehet\\\/#organization\"},\"potentialAction\":[{\"@type\":\"SearchAction\",\"target\":{\"@type\":\"EntryPoint\",\"urlTemplate\":\"https:\\\/\\\/aktialiiga.fi\\\/miehet\\\/?s={search_term_string}\"},\"query-input\":{\"@type\":\"PropertyValueSpecification\",\"valueRequired\":true,\"valueName\":\"search_term_string\"}}],\"inLanguage\":\"fi\"},{\"@type\":\"Organization\",\"@id\":\"https:\\\/\\\/aktialiiga.fi\\\/miehet\\\/#organization\",\"name\":\"K\u00e4sipallon miesten Aktialiiga\",\"url\":\"https:\\\/\\\/aktialiiga.fi\\\/miehet\\\/\",\"logo\":{\"@type\":\"ImageObject\",\"inLanguage\":\"fi\",\"@id\":\"https:\\\/\\\/aktialiiga.fi\\\/miehet\\\/#\\\/schema\\\/logo\\\/image\\\/\",\"url\":\"https:\\\/\\\/i0.wp.com\\\/aktialiiga.fi\\\/miehet\\\/wp-content\\\/uploads\\\/sites\\\/5\\\/2024\\\/09\\\/Aktialiiga-Yoast-512.png?fit=512%2C512&ssl=1\",\"contentUrl\":\"https:\\\/\\\/i0.wp.com\\\/aktialiiga.fi\\\/miehet\\\/wp-content\\\/uploads\\\/sites\\\/5\\\/2024\\\/09\\\/Aktialiiga-Yoast-512.png?fit=512%2C512&ssl=1\",\"width\":512,\"height\":512,\"caption\":\"K\u00e4sipallon miesten Aktialiiga\"},\"image\":{\"@id\":\"https:\\\/\\\/aktialiiga.fi\\\/miehet\\\/#\\\/schema\\\/logo\\\/image\\\/\"},\"sameAs\":[\"https:\\\/\\\/www.facebook.com\\\/finnhandball\",\"https:\\\/\\\/x.com\\\/finnhandball\",\"https:\\\/\\\/www.instagram.com\\\/handballfinland\\\/\"]},{\"@type\":\"Person\",\"@id\":\"https:\\\/\\\/aktialiiga.fi\\\/miehet\\\/#\\\/schema\\\/person\\\/c14bf42f47041db74603c45afcb18d87\",\"name\":\"tbrmedia\",\"image\":{\"@type\":\"ImageObject\",\"inLanguage\":\"fi\",\"@id\":\"https:\\\/\\\/secure.gravatar.com\\\/avatar\\\/ee975fa091fe581d12b60debb3439022686618368a7c142044c56724d4666b16?s=96&d=mm&r=g\",\"url\":\"https:\\\/\\\/secure.gravatar.com\\\/avatar\\\/ee975fa091fe581d12b60debb3439022686618368a7c142044c56724d4666b16?s=96&d=mm&r=g\",\"contentUrl\":\"https:\\\/\\\/secure.gravatar.com\\\/avatar\\\/ee975fa091fe581d12b60debb3439022686618368a7c142044c56724d4666b16?s=96&d=mm&r=g\",\"caption\":\"tbrmedia\"}}]}<\/script>\n<!-- \/ Yoast SEO plugin. -->","yoast_head_json":{"title":"Loukkaantumiset GrIFK:n huolena | K\u00e4sipallon miesten Aktialiiga","robots":{"index":"index","follow":"follow","max-snippet":"max-snippet:-1","max-image-preview":"max-image-preview:large","max-video-preview":"max-video-preview:-1"},"canonical":"https:\/\/aktialiiga.fi\/miehet\/ajankohtaista\/loukkaantumiset-grifkn-huolena\/","og_locale":"fi_FI","og_type":"article","og_title":"Loukkaantumiset GrIFK:n huolena | K\u00e4sipallon miesten Aktialiiga","og_description":"Kautta on ehditty pelata vasta reilu kuukausi mutta GrIFK:n pelaajistossa on n\u00e4hty jo harventumista. Kaksi viimeist\u00e4 liigaottelua on tuottanut GrIFK:n lasarettiosastolle turhankin paljon toimintaa, jossa ei kirurgin veitselt\u00e4k\u00e4\u00e4n v\u00e4ltyt\u00e4. Viikonlopun vierasottelussa HC HIK:ta vastaan Jonathan Bergin polvesta hajosi ristisiteet ja edess\u00e4 on jo toistamiseen pitk\u00e4 toipumiskausi saman vamman takia. &#8211; Edellisen kerran kun sama polvi [&hellip;]","og_url":"https:\/\/aktialiiga.fi\/miehet\/ajankohtaista\/loukkaantumiset-grifkn-huolena\/","og_site_name":"K\u00e4sipallon miesten Aktialiiga","article_publisher":"https:\/\/www.facebook.com\/finnhandball","article_published_time":"2017-10-06T18:47:19+00:00","article_modified_time":"2018-04-20T09:45:00+00:00","og_image":[{"width":711,"height":325,"url":"https:\/\/i0.wp.com\/aktialiiga.fi\/miehet\/wp-content\/uploads\/sites\/5\/2017\/10\/Koljonen_Miro_GrIFK_1617.jpg?fit=711%2C325&ssl=1","type":"image\/jpeg"}],"author":"tbrmedia","twitter_card":"summary_large_image","twitter_creator":"@finnhandball","twitter_site":"@finnhandball","schema":{"@context":"https:\/\/schema.org","@graph":[{"@type":"Article","@id":"https:\/\/aktialiiga.fi\/miehet\/ajankohtaista\/loukkaantumiset-grifkn-huolena\/#article","isPartOf":{"@id":"https:\/\/aktialiiga.fi\/miehet\/ajankohtaista\/loukkaantumiset-grifkn-huolena\/"},"author":{"name":"tbrmedia","@id":"https:\/\/aktialiiga.fi\/miehet\/#\/schema\/person\/c14bf42f47041db74603c45afcb18d87"},"headline":"Loukkaantumiset GrIFK:n huolena","datePublished":"2017-10-06T18:47:19+00:00","dateModified":"2018-04-20T09:45:00+00:00","mainEntityOfPage":{"@id":"https:\/\/aktialiiga.fi\/miehet\/ajankohtaista\/loukkaantumiset-grifkn-huolena\/"},"wordCount":256,"publisher":{"@id":"https:\/\/aktialiiga.fi\/miehet\/#organization"},"image":{"@id":"https:\/\/aktialiiga.fi\/miehet\/ajankohtaista\/loukkaantumiset-grifkn-huolena\/#primaryimage"},"thumbnailUrl":"https:\/\/i0.wp.com\/aktialiiga.fi\/miehet\/wp-content\/uploads\/sites\/5\/2017\/10\/Koljonen_Miro_GrIFK_1617.jpg?fit=711%2C325&ssl=1","keywords":["GrIFK"],"articleSection":["Ajankohtaista"],"inLanguage":"fi"},{"@type":"WebPage","@id":"https:\/\/aktialiiga.fi\/miehet\/ajankohtaista\/loukkaantumiset-grifkn-huolena\/","url":"https:\/\/aktialiiga.fi\/miehet\/ajankohtaista\/loukkaantumiset-grifkn-huolena\/","name":"Loukkaantumiset GrIFK:n huolena | K\u00e4sipallon miesten Aktialiiga","isPartOf":{"@id":"https:\/\/aktialiiga.fi\/miehet\/#website"},"primaryImageOfPage":{"@id":"https:\/\/aktialiiga.fi\/miehet\/ajankohtaista\/loukkaantumiset-grifkn-huolena\/#primaryimage"},"image":{"@id":"https:\/\/aktialiiga.fi\/miehet\/ajankohtaista\/loukkaantumiset-grifkn-huolena\/#primaryimage"},"thumbnailUrl":"https:\/\/i0.wp.com\/aktialiiga.fi\/miehet\/wp-content\/uploads\/sites\/5\/2017\/10\/Koljonen_Miro_GrIFK_1617.jpg?fit=711%2C325&ssl=1","datePublished":"2017-10-06T18:47:19+00:00","dateModified":"2018-04-20T09:45:00+00:00","breadcrumb":{"@id":"https:\/\/aktialiiga.fi\/miehet\/ajankohtaista\/loukkaantumiset-grifkn-huolena\/#breadcrumb"},"inLanguage":"fi","potentialAction":[{"@type":"ReadAction","target":["https:\/\/aktialiiga.fi\/miehet\/ajankohtaista\/loukkaantumiset-grifkn-huolena\/"]}]},{"@type":"ImageObject","inLanguage":"fi","@id":"https:\/\/aktialiiga.fi\/miehet\/ajankohtaista\/loukkaantumiset-grifkn-huolena\/#primaryimage","url":"https:\/\/i0.wp.com\/aktialiiga.fi\/miehet\/wp-content\/uploads\/sites\/5\/2017\/10\/Koljonen_Miro_GrIFK_1617.jpg?fit=711%2C325&ssl=1","contentUrl":"https:\/\/i0.wp.com\/aktialiiga.fi\/miehet\/wp-content\/uploads\/sites\/5\/2017\/10\/Koljonen_Miro_GrIFK_1617.jpg?fit=711%2C325&ssl=1","width":711,"height":325},{"@type":"BreadcrumbList","@id":"https:\/\/aktialiiga.fi\/miehet\/ajankohtaista\/loukkaantumiset-grifkn-huolena\/#breadcrumb","itemListElement":[{"@type":"ListItem","position":1,"name":"Etusivu","item":"https:\/\/aktialiiga.fi\/miehet\/"},{"@type":"ListItem","position":2,"name":"Loukkaantumiset GrIFK:n huolena"}]},{"@type":"WebSite","@id":"https:\/\/aktialiiga.fi\/miehet\/#website","url":"https:\/\/aktialiiga.fi\/miehet\/","name":"K\u00e4sipallon miesten Aktialiiga","description":"Valtakunnan vauhdikkainta palloilua!","publisher":{"@id":"https:\/\/aktialiiga.fi\/miehet\/#organization"},"potentialAction":[{"@type":"SearchAction","target":{"@type":"EntryPoint","urlTemplate":"https:\/\/aktialiiga.fi\/miehet\/?s={search_term_string}"},"query-input":{"@type":"PropertyValueSpecification","valueRequired":true,"valueName":"search_term_string"}}],"inLanguage":"fi"},{"@type":"Organization","@id":"https:\/\/aktialiiga.fi\/miehet\/#organization","name":"K\u00e4sipallon miesten Aktialiiga","url":"https:\/\/aktialiiga.fi\/miehet\/","logo":{"@type":"ImageObject","inLanguage":"fi","@id":"https:\/\/aktialiiga.fi\/miehet\/#\/schema\/logo\/image\/","url":"https:\/\/i0.wp.com\/aktialiiga.fi\/miehet\/wp-content\/uploads\/sites\/5\/2024\/09\/Aktialiiga-Yoast-512.png?fit=512%2C512&ssl=1","contentUrl":"https:\/\/i0.wp.com\/aktialiiga.fi\/miehet\/wp-content\/uploads\/sites\/5\/2024\/09\/Aktialiiga-Yoast-512.png?fit=512%2C512&ssl=1","width":512,"height":512,"caption":"K\u00e4sipallon miesten Aktialiiga"},"image":{"@id":"https:\/\/aktialiiga.fi\/miehet\/#\/schema\/logo\/image\/"},"sameAs":["https:\/\/www.facebook.com\/finnhandball","https:\/\/x.com\/finnhandball","https:\/\/www.instagram.com\/handballfinland\/"]},{"@type":"Person","@id":"https:\/\/aktialiiga.fi\/miehet\/#\/schema\/person\/c14bf42f47041db74603c45afcb18d87","name":"tbrmedia","image":{"@type":"ImageObject","inLanguage":"fi","@id":"https:\/\/secure.gravatar.com\/avatar\/ee975fa091fe581d12b60debb3439022686618368a7c142044c56724d4666b16?s=96&d=mm&r=g","url":"https:\/\/secure.gravatar.com\/avatar\/ee975fa091fe581d12b60debb3439022686618368a7c142044c56724d4666b16?s=96&d=mm&r=g","contentUrl":"https:\/\/secure.gravatar.com\/avatar\/ee975fa091fe581d12b60debb3439022686618368a7c142044c56724d4666b16?s=96&d=mm&r=g","caption":"tbrmedia"}}]}},"jetpack_featured_media_url":"https:\/\/i0.wp.com\/aktialiiga.fi\/miehet\/wp-content\/uploads\/sites\/5\/2017\/10\/Koljonen_Miro_GrIFK_1617.jpg?fit=711%2C325&ssl=1","jetpack_sharing_enabled":true,"jetpack_shortlink":"https:\/\/wp.me\/pfTxOr-4FT","_links":{"self":[{"href":"https:\/\/aktialiiga.fi\/miehet\/wp-json\/wp\/v2\/posts\/17973","targetHints":{"allow":["GET"]}}],"collection":[{"href":"https:\/\/aktialiiga.fi\/miehet\/wp-json\/wp\/v2\/posts"}],"about":[{"href":"https:\/\/aktialiiga.fi\/miehet\/wp-json\/wp\/v2\/types\/post"}],"author":[{"embeddable":true,"href":"https:\/\/aktialiiga.fi\/miehet\/wp-json\/wp\/v2\/users\/13"}],"replies":[{"embeddable":true,"href":"https:\/\/aktialiiga.fi\/miehet\/wp-json\/wp\/v2\/comments?post=17973"}],"version-history":[{"count":0,"href":"https:\/\/aktialiiga.fi\/miehet\/wp-json\/wp\/v2\/posts\/17973\/revisions"}],"wp:featuredmedia":[{"embeddable":true,"href":"https:\/\/aktialiiga.fi\/miehet\/wp-json\/wp\/v2\/media\/17974"}],"wp:attachment":[{"href":"https:\/\/aktialiiga.fi\/miehet\/wp-json\/wp\/v2\/media?parent=17973"}],"wp:term":[{"taxonomy":"category","embeddable":true,"href":"https:\/\/aktialiiga.fi\/miehet\/wp-json\/wp\/v2\/categories?post=17973"},{"taxonomy":"post_tag","embeddable":true,"href":"https:\/\/aktialiiga.fi\/miehet\/wp-json\/wp\/v2\/tags?post=17973"}],"curies":[{"name":"wp","href":"https:\/\/api.w.org\/{rel}","templated":true}]}}