{"id":18086,"date":"2017-10-31T20:15:53","date_gmt":"2017-10-31T18:15:53","guid":{"rendered":"https:\/\/aktialiiga.fi\/miehet\/?p=18086"},"modified":"2018-04-20T12:44:55","modified_gmt":"2018-04-20T09:44:55","slug":"atlas-vantaa-ja-hifk-karkikamppailussa","status":"publish","type":"post","link":"https:\/\/aktialiiga.fi\/miehet\/2017-2018\/ennakot-2017-2018\/atlas-vantaa-ja-hifk-karkikamppailussa\/","title":{"rendered":"Atlas Vantaa ja HIFK k\u00e4rkikamppailussa"},"content":{"rendered":"<p>Maajoukkuetauko p\u00e4\u00e4ttyy vahvan alkukauden pelanneiden Atlas Vantaan ja HIFK:n osalta keskin\u00e4isell\u00e4 kohtaamisella keskiviikkona.<\/p>\n<p>Atlaksen ja HIFK:n otteluista ei ole ennenk\u00e4\u00e4n tunnetta puuttunut, mutta t\u00e4ll\u00e4 kertaa panoksena on jotain aivan uutta: keskiviikon voittaja saa nauttia hetkellisesti SM-Liigan ykk\u00f6spaikasta.<\/p>\n<p>Atlas Vantaan maalivahti Tuomas Laitisesta tulee keskiviikkona ensimm\u00e4inen pelaaja, joka saa Atlaksen paidassa t\u00e4yteen 300 ottelua k\u00e4sipalloilun p\u00e4\u00e4sarjassa (SM-sarja ja -liiga), kun Atlas Vantaa kohtaa HIFK:n t\u00e4rke\u00e4ss\u00e4 liigaottelussa. Keskiviikon ottelua HIFK:ta vastaan Laitinen kuvaa mielenkiintoiseksi.<\/p>\n<p>&#8211; IFK on pelannut hyvin ja voitti Dickenin.<\/p>\n<p>Lue lis\u00e4\u00e4 Laitisen mietteit\u00e4 Atlas-vuosistaan seuran <a href=\"http:\/\/www.atlashandball.com\/fi_FI\/joukkueet\/atlas-vantaa\/tulokset\/otteluraportit\/?fbredir=\/team\/news\/1436#!\/team\/news\/1436\" target=\"_blank\" rel=\"noopener\">verkkosivuilta<\/a>.<\/p>\n<p>HIFK onkin sarjassa nelj\u00e4nten\u00e4 vain pisteen p\u00e4\u00e4ss\u00e4 tasoissa olevasta k\u00e4rkikolmikosta Cocks, Atlas Vantaa, Grani.<\/p>\n<p>Atlas Vantaan p\u00e4\u00e4valmentajaa Toni Kalliota askarruttaa hieman miten joukkue saadaan heti pelirytmiin maaotteluitten aiheuttaman parin viikon liigatauon j\u00e4lkeen. Siksi joukkue keskittyikin kaksissa viime harjoituksissa nimenomaan peliasioihin.<\/p>\n<p>HIFK oli Kalliolle pitk\u00e4aikainen ty\u00f6maa, joten h\u00e4n tuntee nyt ven\u00e4l\u00e4iskomennossa olevat entiset suojattinsa.<\/p>\n<p>&#8211; Meid\u00e4n on onnistuttava hyvin, sen verran hyvin IFK on pelannut, Kallio painotti.<\/p>\n<p>Ottelu Myyrm\u00e4en Urheilutalolla alkaa keskiviikkona kello 19.00.<\/p>\n<p><em>K\u00e4sipallon miesten SM-liigan ottelut kattavasti my\u00f6s Veikkauksen urheilupelien tarjonnassa, k\u00e4sipallon kohteet l\u00f6yd\u00e4t <strong><a href=\"https:\/\/www.veikkaus.fi\/fi\/pitkaveto?hae=kasipallo\">t\u00e4\u00e4lt\u00e4<\/a><\/strong><\/em>.<\/p>\n","protected":false},"excerpt":{"rendered":"<p>Maajoukkuetauko p\u00e4\u00e4ttyy vahvan alkukauden pelanneiden Atlas Vantaan ja HIFK:n osalta keskin\u00e4isell\u00e4 kohtaamisella keskiviikkona. Atlaksen ja HIFK:n otteluista ei ole ennenk\u00e4\u00e4n tunnetta puuttunut, mutta t\u00e4ll\u00e4 kertaa panoksena on jotain aivan uutta: keskiviikon voittaja saa nauttia hetkellisesti SM-Liigan ykk\u00f6spaikasta. Atlas Vantaan maalivahti Tuomas Laitisesta tulee keskiviikkona ensimm\u00e4inen pelaaja, joka saa Atlaksen paidassa t\u00e4yteen 300 ottelua k\u00e4sipalloilun p\u00e4\u00e4sarjassa [&hellip;]<\/p>\n","protected":false},"author":13,"featured_media":15942,"comment_status":"closed","ping_status":"open","sticky":false,"template":"","format":"standard","meta":{"_acf_changed":false,"jetpack_post_was_ever_published":false,"_jetpack_newsletter_access":"","_jetpack_dont_email_post_to_subs":false,"_jetpack_newsletter_tier_id":0,"_jetpack_memberships_contains_paywalled_content":false,"_jetpack_memberships_contains_paid_content":false,"footnotes":""},"categories":[201],"tags":[54,71],"class_list":["post-18086","post","type-post","status-publish","format-standard","has-post-thumbnail","hentry","category-ennakot-2017-2018","tag-atlas-vantaa","tag-hifk"],"acf":[],"yoast_head":"<!-- This site is optimized with the Yoast SEO plugin v27.5 - https:\/\/yoast.com\/product\/yoast-seo-wordpress\/ -->\n<title>Atlas Vantaa ja HIFK k\u00e4rkikamppailussa | K\u00e4sipallon miesten Aktialiiga<\/title>\n<meta name=\"robots\" content=\"index, follow, max-snippet:-1, max-image-preview:large, max-video-preview:-1\" \/>\n<link rel=\"canonical\" href=\"https:\/\/aktialiiga.fi\/miehet\/2017-2018\/ennakot-2017-2018\/atlas-vantaa-ja-hifk-karkikamppailussa\/\" \/>\n<meta property=\"og:locale\" content=\"fi_FI\" \/>\n<meta property=\"og:type\" content=\"article\" \/>\n<meta property=\"og:title\" content=\"Atlas Vantaa ja HIFK k\u00e4rkikamppailussa | K\u00e4sipallon miesten Aktialiiga\" \/>\n<meta property=\"og:description\" content=\"Maajoukkuetauko p\u00e4\u00e4ttyy vahvan alkukauden pelanneiden Atlas Vantaan ja HIFK:n osalta keskin\u00e4isell\u00e4 kohtaamisella keskiviikkona. Atlaksen ja HIFK:n otteluista ei ole ennenk\u00e4\u00e4n tunnetta puuttunut, mutta t\u00e4ll\u00e4 kertaa panoksena on jotain aivan uutta: keskiviikon voittaja saa nauttia hetkellisesti SM-Liigan ykk\u00f6spaikasta. Atlas Vantaan maalivahti Tuomas Laitisesta tulee keskiviikkona ensimm\u00e4inen pelaaja, joka saa Atlaksen paidassa t\u00e4yteen 300 ottelua k\u00e4sipalloilun p\u00e4\u00e4sarjassa [&hellip;]\" \/>\n<meta property=\"og:url\" content=\"https:\/\/aktialiiga.fi\/miehet\/2017-2018\/ennakot-2017-2018\/atlas-vantaa-ja-hifk-karkikamppailussa\/\" \/>\n<meta property=\"og:site_name\" content=\"K\u00e4sipallon miesten Aktialiiga\" \/>\n<meta property=\"article:publisher\" content=\"https:\/\/www.facebook.com\/finnhandball\" \/>\n<meta property=\"article:published_time\" content=\"2017-10-31T18:15:53+00:00\" \/>\n<meta property=\"article:modified_time\" content=\"2018-04-20T09:44:55+00:00\" \/>\n<meta property=\"og:image\" content=\"https:\/\/i0.wp.com\/aktialiiga.fi\/miehet\/wp-content\/uploads\/sites\/5\/2017\/02\/Laitinen_Tuomas_Atlas_1617.jpg?fit=711%2C320&ssl=1\" \/>\n\t<meta property=\"og:image:width\" content=\"711\" \/>\n\t<meta property=\"og:image:height\" content=\"320\" \/>\n\t<meta property=\"og:image:type\" content=\"image\/jpeg\" \/>\n<meta name=\"author\" content=\"tbrmedia\" \/>\n<meta name=\"twitter:card\" content=\"summary_large_image\" \/>\n<meta name=\"twitter:creator\" content=\"@finnhandball\" \/>\n<meta name=\"twitter:site\" content=\"@finnhandball\" \/>\n<script type=\"application\/ld+json\" class=\"yoast-schema-graph\">{\"@context\":\"https:\\\/\\\/schema.org\",\"@graph\":[{\"@type\":\"Article\",\"@id\":\"https:\\\/\\\/aktialiiga.fi\\\/miehet\\\/2017-2018\\\/ennakot-2017-2018\\\/atlas-vantaa-ja-hifk-karkikamppailussa\\\/#article\",\"isPartOf\":{\"@id\":\"https:\\\/\\\/aktialiiga.fi\\\/miehet\\\/2017-2018\\\/ennakot-2017-2018\\\/atlas-vantaa-ja-hifk-karkikamppailussa\\\/\"},\"author\":{\"name\":\"tbrmedia\",\"@id\":\"https:\\\/\\\/aktialiiga.fi\\\/miehet\\\/#\\\/schema\\\/person\\\/c14bf42f47041db74603c45afcb18d87\"},\"headline\":\"Atlas Vantaa ja HIFK k\u00e4rkikamppailussa\",\"datePublished\":\"2017-10-31T18:15:53+00:00\",\"dateModified\":\"2018-04-20T09:44:55+00:00\",\"mainEntityOfPage\":{\"@id\":\"https:\\\/\\\/aktialiiga.fi\\\/miehet\\\/2017-2018\\\/ennakot-2017-2018\\\/atlas-vantaa-ja-hifk-karkikamppailussa\\\/\"},\"wordCount\":210,\"publisher\":{\"@id\":\"https:\\\/\\\/aktialiiga.fi\\\/miehet\\\/#organization\"},\"image\":{\"@id\":\"https:\\\/\\\/aktialiiga.fi\\\/miehet\\\/2017-2018\\\/ennakot-2017-2018\\\/atlas-vantaa-ja-hifk-karkikamppailussa\\\/#primaryimage\"},\"thumbnailUrl\":\"https:\\\/\\\/i0.wp.com\\\/aktialiiga.fi\\\/miehet\\\/wp-content\\\/uploads\\\/sites\\\/5\\\/2017\\\/02\\\/Laitinen_Tuomas_Atlas_1617.jpg?fit=711%2C320&ssl=1\",\"keywords\":[\"Atlas Vantaa\",\"HIFK\"],\"articleSection\":[\"Ennakot\"],\"inLanguage\":\"fi\"},{\"@type\":\"WebPage\",\"@id\":\"https:\\\/\\\/aktialiiga.fi\\\/miehet\\\/2017-2018\\\/ennakot-2017-2018\\\/atlas-vantaa-ja-hifk-karkikamppailussa\\\/\",\"url\":\"https:\\\/\\\/aktialiiga.fi\\\/miehet\\\/2017-2018\\\/ennakot-2017-2018\\\/atlas-vantaa-ja-hifk-karkikamppailussa\\\/\",\"name\":\"Atlas Vantaa ja HIFK k\u00e4rkikamppailussa | K\u00e4sipallon miesten Aktialiiga\",\"isPartOf\":{\"@id\":\"https:\\\/\\\/aktialiiga.fi\\\/miehet\\\/#website\"},\"primaryImageOfPage\":{\"@id\":\"https:\\\/\\\/aktialiiga.fi\\\/miehet\\\/2017-2018\\\/ennakot-2017-2018\\\/atlas-vantaa-ja-hifk-karkikamppailussa\\\/#primaryimage\"},\"image\":{\"@id\":\"https:\\\/\\\/aktialiiga.fi\\\/miehet\\\/2017-2018\\\/ennakot-2017-2018\\\/atlas-vantaa-ja-hifk-karkikamppailussa\\\/#primaryimage\"},\"thumbnailUrl\":\"https:\\\/\\\/i0.wp.com\\\/aktialiiga.fi\\\/miehet\\\/wp-content\\\/uploads\\\/sites\\\/5\\\/2017\\\/02\\\/Laitinen_Tuomas_Atlas_1617.jpg?fit=711%2C320&ssl=1\",\"datePublished\":\"2017-10-31T18:15:53+00:00\",\"dateModified\":\"2018-04-20T09:44:55+00:00\",\"breadcrumb\":{\"@id\":\"https:\\\/\\\/aktialiiga.fi\\\/miehet\\\/2017-2018\\\/ennakot-2017-2018\\\/atlas-vantaa-ja-hifk-karkikamppailussa\\\/#breadcrumb\"},\"inLanguage\":\"fi\",\"potentialAction\":[{\"@type\":\"ReadAction\",\"target\":[\"https:\\\/\\\/aktialiiga.fi\\\/miehet\\\/2017-2018\\\/ennakot-2017-2018\\\/atlas-vantaa-ja-hifk-karkikamppailussa\\\/\"]}]},{\"@type\":\"ImageObject\",\"inLanguage\":\"fi\",\"@id\":\"https:\\\/\\\/aktialiiga.fi\\\/miehet\\\/2017-2018\\\/ennakot-2017-2018\\\/atlas-vantaa-ja-hifk-karkikamppailussa\\\/#primaryimage\",\"url\":\"https:\\\/\\\/i0.wp.com\\\/aktialiiga.fi\\\/miehet\\\/wp-content\\\/uploads\\\/sites\\\/5\\\/2017\\\/02\\\/Laitinen_Tuomas_Atlas_1617.jpg?fit=711%2C320&ssl=1\",\"contentUrl\":\"https:\\\/\\\/i0.wp.com\\\/aktialiiga.fi\\\/miehet\\\/wp-content\\\/uploads\\\/sites\\\/5\\\/2017\\\/02\\\/Laitinen_Tuomas_Atlas_1617.jpg?fit=711%2C320&ssl=1\",\"width\":711,\"height\":320},{\"@type\":\"BreadcrumbList\",\"@id\":\"https:\\\/\\\/aktialiiga.fi\\\/miehet\\\/2017-2018\\\/ennakot-2017-2018\\\/atlas-vantaa-ja-hifk-karkikamppailussa\\\/#breadcrumb\",\"itemListElement\":[{\"@type\":\"ListItem\",\"position\":1,\"name\":\"Etusivu\",\"item\":\"https:\\\/\\\/aktialiiga.fi\\\/miehet\\\/\"},{\"@type\":\"ListItem\",\"position\":2,\"name\":\"Atlas Vantaa ja HIFK k\u00e4rkikamppailussa\"}]},{\"@type\":\"WebSite\",\"@id\":\"https:\\\/\\\/aktialiiga.fi\\\/miehet\\\/#website\",\"url\":\"https:\\\/\\\/aktialiiga.fi\\\/miehet\\\/\",\"name\":\"K\u00e4sipallon miesten Aktialiiga\",\"description\":\"Valtakunnan vauhdikkainta palloilua!\",\"publisher\":{\"@id\":\"https:\\\/\\\/aktialiiga.fi\\\/miehet\\\/#organization\"},\"potentialAction\":[{\"@type\":\"SearchAction\",\"target\":{\"@type\":\"EntryPoint\",\"urlTemplate\":\"https:\\\/\\\/aktialiiga.fi\\\/miehet\\\/?s={search_term_string}\"},\"query-input\":{\"@type\":\"PropertyValueSpecification\",\"valueRequired\":true,\"valueName\":\"search_term_string\"}}],\"inLanguage\":\"fi\"},{\"@type\":\"Organization\",\"@id\":\"https:\\\/\\\/aktialiiga.fi\\\/miehet\\\/#organization\",\"name\":\"K\u00e4sipallon miesten Aktialiiga\",\"url\":\"https:\\\/\\\/aktialiiga.fi\\\/miehet\\\/\",\"logo\":{\"@type\":\"ImageObject\",\"inLanguage\":\"fi\",\"@id\":\"https:\\\/\\\/aktialiiga.fi\\\/miehet\\\/#\\\/schema\\\/logo\\\/image\\\/\",\"url\":\"https:\\\/\\\/i0.wp.com\\\/aktialiiga.fi\\\/miehet\\\/wp-content\\\/uploads\\\/sites\\\/5\\\/2024\\\/09\\\/Aktialiiga-Yoast-512.png?fit=512%2C512&ssl=1\",\"contentUrl\":\"https:\\\/\\\/i0.wp.com\\\/aktialiiga.fi\\\/miehet\\\/wp-content\\\/uploads\\\/sites\\\/5\\\/2024\\\/09\\\/Aktialiiga-Yoast-512.png?fit=512%2C512&ssl=1\",\"width\":512,\"height\":512,\"caption\":\"K\u00e4sipallon miesten Aktialiiga\"},\"image\":{\"@id\":\"https:\\\/\\\/aktialiiga.fi\\\/miehet\\\/#\\\/schema\\\/logo\\\/image\\\/\"},\"sameAs\":[\"https:\\\/\\\/www.facebook.com\\\/finnhandball\",\"https:\\\/\\\/x.com\\\/finnhandball\",\"https:\\\/\\\/www.instagram.com\\\/handballfinland\\\/\"]},{\"@type\":\"Person\",\"@id\":\"https:\\\/\\\/aktialiiga.fi\\\/miehet\\\/#\\\/schema\\\/person\\\/c14bf42f47041db74603c45afcb18d87\",\"name\":\"tbrmedia\",\"image\":{\"@type\":\"ImageObject\",\"inLanguage\":\"fi\",\"@id\":\"https:\\\/\\\/secure.gravatar.com\\\/avatar\\\/ee975fa091fe581d12b60debb3439022686618368a7c142044c56724d4666b16?s=96&d=mm&r=g\",\"url\":\"https:\\\/\\\/secure.gravatar.com\\\/avatar\\\/ee975fa091fe581d12b60debb3439022686618368a7c142044c56724d4666b16?s=96&d=mm&r=g\",\"contentUrl\":\"https:\\\/\\\/secure.gravatar.com\\\/avatar\\\/ee975fa091fe581d12b60debb3439022686618368a7c142044c56724d4666b16?s=96&d=mm&r=g\",\"caption\":\"tbrmedia\"}}]}<\/script>\n<!-- \/ Yoast SEO plugin. -->","yoast_head_json":{"title":"Atlas Vantaa ja HIFK k\u00e4rkikamppailussa | K\u00e4sipallon miesten Aktialiiga","robots":{"index":"index","follow":"follow","max-snippet":"max-snippet:-1","max-image-preview":"max-image-preview:large","max-video-preview":"max-video-preview:-1"},"canonical":"https:\/\/aktialiiga.fi\/miehet\/2017-2018\/ennakot-2017-2018\/atlas-vantaa-ja-hifk-karkikamppailussa\/","og_locale":"fi_FI","og_type":"article","og_title":"Atlas Vantaa ja HIFK k\u00e4rkikamppailussa | K\u00e4sipallon miesten Aktialiiga","og_description":"Maajoukkuetauko p\u00e4\u00e4ttyy vahvan alkukauden pelanneiden Atlas Vantaan ja HIFK:n osalta keskin\u00e4isell\u00e4 kohtaamisella keskiviikkona. Atlaksen ja HIFK:n otteluista ei ole ennenk\u00e4\u00e4n tunnetta puuttunut, mutta t\u00e4ll\u00e4 kertaa panoksena on jotain aivan uutta: keskiviikon voittaja saa nauttia hetkellisesti SM-Liigan ykk\u00f6spaikasta. Atlas Vantaan maalivahti Tuomas Laitisesta tulee keskiviikkona ensimm\u00e4inen pelaaja, joka saa Atlaksen paidassa t\u00e4yteen 300 ottelua k\u00e4sipalloilun p\u00e4\u00e4sarjassa [&hellip;]","og_url":"https:\/\/aktialiiga.fi\/miehet\/2017-2018\/ennakot-2017-2018\/atlas-vantaa-ja-hifk-karkikamppailussa\/","og_site_name":"K\u00e4sipallon miesten Aktialiiga","article_publisher":"https:\/\/www.facebook.com\/finnhandball","article_published_time":"2017-10-31T18:15:53+00:00","article_modified_time":"2018-04-20T09:44:55+00:00","og_image":[{"width":711,"height":320,"url":"https:\/\/i0.wp.com\/aktialiiga.fi\/miehet\/wp-content\/uploads\/sites\/5\/2017\/02\/Laitinen_Tuomas_Atlas_1617.jpg?fit=711%2C320&ssl=1","type":"image\/jpeg"}],"author":"tbrmedia","twitter_card":"summary_large_image","twitter_creator":"@finnhandball","twitter_site":"@finnhandball","schema":{"@context":"https:\/\/schema.org","@graph":[{"@type":"Article","@id":"https:\/\/aktialiiga.fi\/miehet\/2017-2018\/ennakot-2017-2018\/atlas-vantaa-ja-hifk-karkikamppailussa\/#article","isPartOf":{"@id":"https:\/\/aktialiiga.fi\/miehet\/2017-2018\/ennakot-2017-2018\/atlas-vantaa-ja-hifk-karkikamppailussa\/"},"author":{"name":"tbrmedia","@id":"https:\/\/aktialiiga.fi\/miehet\/#\/schema\/person\/c14bf42f47041db74603c45afcb18d87"},"headline":"Atlas Vantaa ja HIFK k\u00e4rkikamppailussa","datePublished":"2017-10-31T18:15:53+00:00","dateModified":"2018-04-20T09:44:55+00:00","mainEntityOfPage":{"@id":"https:\/\/aktialiiga.fi\/miehet\/2017-2018\/ennakot-2017-2018\/atlas-vantaa-ja-hifk-karkikamppailussa\/"},"wordCount":210,"publisher":{"@id":"https:\/\/aktialiiga.fi\/miehet\/#organization"},"image":{"@id":"https:\/\/aktialiiga.fi\/miehet\/2017-2018\/ennakot-2017-2018\/atlas-vantaa-ja-hifk-karkikamppailussa\/#primaryimage"},"thumbnailUrl":"https:\/\/i0.wp.com\/aktialiiga.fi\/miehet\/wp-content\/uploads\/sites\/5\/2017\/02\/Laitinen_Tuomas_Atlas_1617.jpg?fit=711%2C320&ssl=1","keywords":["Atlas Vantaa","HIFK"],"articleSection":["Ennakot"],"inLanguage":"fi"},{"@type":"WebPage","@id":"https:\/\/aktialiiga.fi\/miehet\/2017-2018\/ennakot-2017-2018\/atlas-vantaa-ja-hifk-karkikamppailussa\/","url":"https:\/\/aktialiiga.fi\/miehet\/2017-2018\/ennakot-2017-2018\/atlas-vantaa-ja-hifk-karkikamppailussa\/","name":"Atlas Vantaa ja HIFK k\u00e4rkikamppailussa | K\u00e4sipallon miesten Aktialiiga","isPartOf":{"@id":"https:\/\/aktialiiga.fi\/miehet\/#website"},"primaryImageOfPage":{"@id":"https:\/\/aktialiiga.fi\/miehet\/2017-2018\/ennakot-2017-2018\/atlas-vantaa-ja-hifk-karkikamppailussa\/#primaryimage"},"image":{"@id":"https:\/\/aktialiiga.fi\/miehet\/2017-2018\/ennakot-2017-2018\/atlas-vantaa-ja-hifk-karkikamppailussa\/#primaryimage"},"thumbnailUrl":"https:\/\/i0.wp.com\/aktialiiga.fi\/miehet\/wp-content\/uploads\/sites\/5\/2017\/02\/Laitinen_Tuomas_Atlas_1617.jpg?fit=711%2C320&ssl=1","datePublished":"2017-10-31T18:15:53+00:00","dateModified":"2018-04-20T09:44:55+00:00","breadcrumb":{"@id":"https:\/\/aktialiiga.fi\/miehet\/2017-2018\/ennakot-2017-2018\/atlas-vantaa-ja-hifk-karkikamppailussa\/#breadcrumb"},"inLanguage":"fi","potentialAction":[{"@type":"ReadAction","target":["https:\/\/aktialiiga.fi\/miehet\/2017-2018\/ennakot-2017-2018\/atlas-vantaa-ja-hifk-karkikamppailussa\/"]}]},{"@type":"ImageObject","inLanguage":"fi","@id":"https:\/\/aktialiiga.fi\/miehet\/2017-2018\/ennakot-2017-2018\/atlas-vantaa-ja-hifk-karkikamppailussa\/#primaryimage","url":"https:\/\/i0.wp.com\/aktialiiga.fi\/miehet\/wp-content\/uploads\/sites\/5\/2017\/02\/Laitinen_Tuomas_Atlas_1617.jpg?fit=711%2C320&ssl=1","contentUrl":"https:\/\/i0.wp.com\/aktialiiga.fi\/miehet\/wp-content\/uploads\/sites\/5\/2017\/02\/Laitinen_Tuomas_Atlas_1617.jpg?fit=711%2C320&ssl=1","width":711,"height":320},{"@type":"BreadcrumbList","@id":"https:\/\/aktialiiga.fi\/miehet\/2017-2018\/ennakot-2017-2018\/atlas-vantaa-ja-hifk-karkikamppailussa\/#breadcrumb","itemListElement":[{"@type":"ListItem","position":1,"name":"Etusivu","item":"https:\/\/aktialiiga.fi\/miehet\/"},{"@type":"ListItem","position":2,"name":"Atlas Vantaa ja HIFK k\u00e4rkikamppailussa"}]},{"@type":"WebSite","@id":"https:\/\/aktialiiga.fi\/miehet\/#website","url":"https:\/\/aktialiiga.fi\/miehet\/","name":"K\u00e4sipallon miesten Aktialiiga","description":"Valtakunnan vauhdikkainta palloilua!","publisher":{"@id":"https:\/\/aktialiiga.fi\/miehet\/#organization"},"potentialAction":[{"@type":"SearchAction","target":{"@type":"EntryPoint","urlTemplate":"https:\/\/aktialiiga.fi\/miehet\/?s={search_term_string}"},"query-input":{"@type":"PropertyValueSpecification","valueRequired":true,"valueName":"search_term_string"}}],"inLanguage":"fi"},{"@type":"Organization","@id":"https:\/\/aktialiiga.fi\/miehet\/#organization","name":"K\u00e4sipallon miesten Aktialiiga","url":"https:\/\/aktialiiga.fi\/miehet\/","logo":{"@type":"ImageObject","inLanguage":"fi","@id":"https:\/\/aktialiiga.fi\/miehet\/#\/schema\/logo\/image\/","url":"https:\/\/i0.wp.com\/aktialiiga.fi\/miehet\/wp-content\/uploads\/sites\/5\/2024\/09\/Aktialiiga-Yoast-512.png?fit=512%2C512&ssl=1","contentUrl":"https:\/\/i0.wp.com\/aktialiiga.fi\/miehet\/wp-content\/uploads\/sites\/5\/2024\/09\/Aktialiiga-Yoast-512.png?fit=512%2C512&ssl=1","width":512,"height":512,"caption":"K\u00e4sipallon miesten Aktialiiga"},"image":{"@id":"https:\/\/aktialiiga.fi\/miehet\/#\/schema\/logo\/image\/"},"sameAs":["https:\/\/www.facebook.com\/finnhandball","https:\/\/x.com\/finnhandball","https:\/\/www.instagram.com\/handballfinland\/"]},{"@type":"Person","@id":"https:\/\/aktialiiga.fi\/miehet\/#\/schema\/person\/c14bf42f47041db74603c45afcb18d87","name":"tbrmedia","image":{"@type":"ImageObject","inLanguage":"fi","@id":"https:\/\/secure.gravatar.com\/avatar\/ee975fa091fe581d12b60debb3439022686618368a7c142044c56724d4666b16?s=96&d=mm&r=g","url":"https:\/\/secure.gravatar.com\/avatar\/ee975fa091fe581d12b60debb3439022686618368a7c142044c56724d4666b16?s=96&d=mm&r=g","contentUrl":"https:\/\/secure.gravatar.com\/avatar\/ee975fa091fe581d12b60debb3439022686618368a7c142044c56724d4666b16?s=96&d=mm&r=g","caption":"tbrmedia"}}]}},"jetpack_featured_media_url":"https:\/\/i0.wp.com\/aktialiiga.fi\/miehet\/wp-content\/uploads\/sites\/5\/2017\/02\/Laitinen_Tuomas_Atlas_1617.jpg?fit=711%2C320&ssl=1","jetpack_sharing_enabled":true,"jetpack_shortlink":"https:\/\/wp.me\/pfTxOr-4HI","_links":{"self":[{"href":"https:\/\/aktialiiga.fi\/miehet\/wp-json\/wp\/v2\/posts\/18086","targetHints":{"allow":["GET"]}}],"collection":[{"href":"https:\/\/aktialiiga.fi\/miehet\/wp-json\/wp\/v2\/posts"}],"about":[{"href":"https:\/\/aktialiiga.fi\/miehet\/wp-json\/wp\/v2\/types\/post"}],"author":[{"embeddable":true,"href":"https:\/\/aktialiiga.fi\/miehet\/wp-json\/wp\/v2\/users\/13"}],"replies":[{"embeddable":true,"href":"https:\/\/aktialiiga.fi\/miehet\/wp-json\/wp\/v2\/comments?post=18086"}],"version-history":[{"count":0,"href":"https:\/\/aktialiiga.fi\/miehet\/wp-json\/wp\/v2\/posts\/18086\/revisions"}],"wp:featuredmedia":[{"embeddable":true,"href":"https:\/\/aktialiiga.fi\/miehet\/wp-json\/wp\/v2\/media\/15942"}],"wp:attachment":[{"href":"https:\/\/aktialiiga.fi\/miehet\/wp-json\/wp\/v2\/media?parent=18086"}],"wp:term":[{"taxonomy":"category","embeddable":true,"href":"https:\/\/aktialiiga.fi\/miehet\/wp-json\/wp\/v2\/categories?post=18086"},{"taxonomy":"post_tag","embeddable":true,"href":"https:\/\/aktialiiga.fi\/miehet\/wp-json\/wp\/v2\/tags?post=18086"}],"curies":[{"name":"wp","href":"https:\/\/api.w.org\/{rel}","templated":true}]}}