{"id":18429,"date":"2017-12-14T21:34:00","date_gmt":"2017-12-14T19:34:00","guid":{"rendered":"https:\/\/aktialiiga.fi\/miehet\/?p=18429"},"modified":"2017-12-20T12:41:24","modified_gmt":"2017-12-20T10:41:24","slug":"kaimaseurat-aifk-ja-grifk-vastakkain-turussa","status":"publish","type":"post","link":"https:\/\/aktialiiga.fi\/miehet\/2017-2018\/ennakot-2017-2018\/kaimaseurat-aifk-ja-grifk-vastakkain-turussa\/","title":{"rendered":"Kaimaseurat \u00c5IFK ja GrIFK vastakkain Turussa"},"content":{"rendered":"<p>SM-liigan vilkas perjantai-ilta alkaa Turusta, jossa illan ensimm\u00e4isess\u00e4, puoli tuntia ennen muita otteluita k\u00e4ynnistyv\u00e4ss\u00e4 ,ottelussa kohtaavat kaimaseurat \u00c5IFK ja GrIFK.<\/p>\n<p>Kun joukkueet viimeksi kohtasivat syyskuun puoliv\u00e4liss\u00e4 Luolassa, granilaiset eiv\u00e4t sortuneet pienimm\u00e4ss\u00e4k\u00e4\u00e4n m\u00e4\u00e4rin vieraskoreiluun vaan mankeloivat nuorella ja kapealla kokoonpanolla matkassa olleen vastustajansa per\u00e4ti 42-15 (20-3).<\/p>\n<p>Kauniaisissa nykyisin pelaava HC Denniksess\u00e4 Turussa k\u00e4sipalloilun aloittanut sentteri Paavo Brummer mainitsee tulevasta ottelusta, ett\u00e4 Grani l\u00e4htee hyv\u00e4ll\u00e4 itseluottamuksella matkaan.<\/p>\n<p>&#8211; Varmasti tulee vaikeampi peli kuin Luolassa, viimeiset pari kertaa meill\u00e4 on ollut vaikeaa Samppalinnassa, mutta saatiin lauantaina t\u00e4rke\u00e4 voitto alle parin heikomman pelin j\u00e4lkeen, Brummer sanoo Granin verkkosivuilla.<\/p>\n<p>\u00c5IFK:n kaudesta osattiin jo etuk\u00e4teen ennakoida tulevan hankalan, mutta joukkue onnistui runkosarjan avauspuolikkaalla t\u00e4rkeimm\u00e4ss\u00e4, eli voittamaan p\u00e4\u00e4vastustajikseen nimetyt PIF:n ja HC HIK:n, kummankin kotonaan. Kilpajuoksu viimeisest\u00e4 alemman jatkosarjan paikasta k\u00e4yt\u00e4neenkin samojen joukkueiden kesken kuin Varsinais-Suomen herruudestakin kisataan.<\/p>\n<p>Granillakin on peliss\u00e4 paljon panosta, sill\u00e4 yhteenk\u00e4\u00e4n ylim\u00e4\u00e4r\u00e4iseen pistemenetykseen ei ole varaa jos mielii pelata kev\u00e4\u00e4ll\u00e4 ylemm\u00e4ss\u00e4 jatkosarjassa.<\/p>\n<p>Ottelu Samppalinnan palloiluhallissa alkaa perjantaina kello 18.30.<\/p>\n<p><em>K\u00e4sipallon miesten SM-liigan ottelut kattavasti my\u00f6s Veikkauksen urheilupelien tarjonnassa, k\u00e4sipallon kohteet l\u00f6yd\u00e4t <\/em><strong><em><a href=\"https:\/\/www.veikkaus.fi\/fi\/pitkaveto?hae=kasipallo\">t\u00e4\u00e4lt\u00e4<\/a><\/em><\/strong>.<\/p>\n","protected":false},"excerpt":{"rendered":"<p>SM-liigan vilkas perjantai-ilta alkaa Turusta, jossa illan ensimm\u00e4isess\u00e4, puoli tuntia ennen muita otteluita k\u00e4ynnistyv\u00e4ss\u00e4 ,ottelussa kohtaavat kaimaseurat \u00c5IFK ja GrIFK. Kun joukkueet viimeksi kohtasivat syyskuun puoliv\u00e4liss\u00e4 Luolassa, granilaiset eiv\u00e4t sortuneet pienimm\u00e4ss\u00e4k\u00e4\u00e4n m\u00e4\u00e4rin vieraskoreiluun vaan mankeloivat nuorella ja kapealla kokoonpanolla matkassa olleen vastustajansa per\u00e4ti 42-15 (20-3). Kauniaisissa nykyisin pelaava HC Denniksess\u00e4 Turussa k\u00e4sipalloilun aloittanut sentteri Paavo [&hellip;]<\/p>\n","protected":false},"author":13,"featured_media":17850,"comment_status":"open","ping_status":"open","sticky":false,"template":"","format":"standard","meta":{"_acf_changed":false,"jetpack_post_was_ever_published":false,"_jetpack_newsletter_access":"","_jetpack_dont_email_post_to_subs":false,"_jetpack_newsletter_tier_id":0,"_jetpack_memberships_contains_paywalled_content":false,"_jetpack_memberships_contains_paid_content":false,"footnotes":""},"categories":[201],"tags":[50,64],"class_list":["post-18429","post","type-post","status-publish","format-standard","has-post-thumbnail","hentry","category-ennakot-2017-2018","tag-aifk","tag-grifk"],"acf":[],"yoast_head":"<!-- This site is optimized with the Yoast SEO plugin v27.5 - https:\/\/yoast.com\/product\/yoast-seo-wordpress\/ -->\n<title>Kaimaseurat \u00c5IFK ja GrIFK vastakkain Turussa | K\u00e4sipallon miesten Aktialiiga<\/title>\n<meta name=\"robots\" content=\"index, follow, max-snippet:-1, max-image-preview:large, max-video-preview:-1\" \/>\n<link rel=\"canonical\" href=\"https:\/\/aktialiiga.fi\/miehet\/2017-2018\/ennakot-2017-2018\/kaimaseurat-aifk-ja-grifk-vastakkain-turussa\/\" \/>\n<meta property=\"og:locale\" content=\"fi_FI\" \/>\n<meta property=\"og:type\" content=\"article\" \/>\n<meta property=\"og:title\" content=\"Kaimaseurat \u00c5IFK ja GrIFK vastakkain Turussa | K\u00e4sipallon miesten Aktialiiga\" \/>\n<meta property=\"og:description\" content=\"SM-liigan vilkas perjantai-ilta alkaa Turusta, jossa illan ensimm\u00e4isess\u00e4, puoli tuntia ennen muita otteluita k\u00e4ynnistyv\u00e4ss\u00e4 ,ottelussa kohtaavat kaimaseurat \u00c5IFK ja GrIFK. Kun joukkueet viimeksi kohtasivat syyskuun puoliv\u00e4liss\u00e4 Luolassa, granilaiset eiv\u00e4t sortuneet pienimm\u00e4ss\u00e4k\u00e4\u00e4n m\u00e4\u00e4rin vieraskoreiluun vaan mankeloivat nuorella ja kapealla kokoonpanolla matkassa olleen vastustajansa per\u00e4ti 42-15 (20-3). Kauniaisissa nykyisin pelaava HC Denniksess\u00e4 Turussa k\u00e4sipalloilun aloittanut sentteri Paavo [&hellip;]\" \/>\n<meta property=\"og:url\" content=\"https:\/\/aktialiiga.fi\/miehet\/2017-2018\/ennakot-2017-2018\/kaimaseurat-aifk-ja-grifk-vastakkain-turussa\/\" \/>\n<meta property=\"og:site_name\" content=\"K\u00e4sipallon miesten Aktialiiga\" \/>\n<meta property=\"article:publisher\" content=\"https:\/\/www.facebook.com\/finnhandball\" \/>\n<meta property=\"article:published_time\" content=\"2017-12-14T19:34:00+00:00\" \/>\n<meta property=\"article:modified_time\" content=\"2017-12-20T10:41:24+00:00\" \/>\n<meta property=\"og:image\" content=\"https:\/\/aktialiiga.fi\/miehet\/wp-content\/uploads\/sites\/5\/2017\/09\/IFK-HM-2017-18-1030x687.jpg\" \/>\n\t<meta property=\"og:image:width\" content=\"1030\" \/>\n\t<meta property=\"og:image:height\" content=\"687\" \/>\n\t<meta property=\"og:image:type\" content=\"image\/jpeg\" \/>\n<meta name=\"author\" content=\"tbrmedia\" \/>\n<meta name=\"twitter:card\" content=\"summary_large_image\" \/>\n<meta name=\"twitter:creator\" content=\"@finnhandball\" \/>\n<meta name=\"twitter:site\" content=\"@finnhandball\" \/>\n<script type=\"application\/ld+json\" class=\"yoast-schema-graph\">{\"@context\":\"https:\\\/\\\/schema.org\",\"@graph\":[{\"@type\":\"Article\",\"@id\":\"https:\\\/\\\/aktialiiga.fi\\\/miehet\\\/2017-2018\\\/ennakot-2017-2018\\\/kaimaseurat-aifk-ja-grifk-vastakkain-turussa\\\/#article\",\"isPartOf\":{\"@id\":\"https:\\\/\\\/aktialiiga.fi\\\/miehet\\\/2017-2018\\\/ennakot-2017-2018\\\/kaimaseurat-aifk-ja-grifk-vastakkain-turussa\\\/\"},\"author\":{\"name\":\"tbrmedia\",\"@id\":\"https:\\\/\\\/aktialiiga.fi\\\/miehet\\\/#\\\/schema\\\/person\\\/c14bf42f47041db74603c45afcb18d87\"},\"headline\":\"Kaimaseurat \u00c5IFK ja GrIFK vastakkain Turussa\",\"datePublished\":\"2017-12-14T19:34:00+00:00\",\"dateModified\":\"2017-12-20T10:41:24+00:00\",\"mainEntityOfPage\":{\"@id\":\"https:\\\/\\\/aktialiiga.fi\\\/miehet\\\/2017-2018\\\/ennakot-2017-2018\\\/kaimaseurat-aifk-ja-grifk-vastakkain-turussa\\\/\"},\"wordCount\":209,\"commentCount\":0,\"publisher\":{\"@id\":\"https:\\\/\\\/aktialiiga.fi\\\/miehet\\\/#organization\"},\"image\":{\"@id\":\"https:\\\/\\\/aktialiiga.fi\\\/miehet\\\/2017-2018\\\/ennakot-2017-2018\\\/kaimaseurat-aifk-ja-grifk-vastakkain-turussa\\\/#primaryimage\"},\"thumbnailUrl\":\"https:\\\/\\\/i0.wp.com\\\/aktialiiga.fi\\\/miehet\\\/wp-content\\\/uploads\\\/sites\\\/5\\\/2017\\\/09\\\/IFK-HM-2017-18.jpg?fit=4818%2C3212&ssl=1\",\"keywords\":[\"\u00c5IFK\",\"GrIFK\"],\"articleSection\":[\"Ennakot\"],\"inLanguage\":\"fi\",\"potentialAction\":[{\"@type\":\"CommentAction\",\"name\":\"Comment\",\"target\":[\"https:\\\/\\\/aktialiiga.fi\\\/miehet\\\/2017-2018\\\/ennakot-2017-2018\\\/kaimaseurat-aifk-ja-grifk-vastakkain-turussa\\\/#respond\"]}]},{\"@type\":\"WebPage\",\"@id\":\"https:\\\/\\\/aktialiiga.fi\\\/miehet\\\/2017-2018\\\/ennakot-2017-2018\\\/kaimaseurat-aifk-ja-grifk-vastakkain-turussa\\\/\",\"url\":\"https:\\\/\\\/aktialiiga.fi\\\/miehet\\\/2017-2018\\\/ennakot-2017-2018\\\/kaimaseurat-aifk-ja-grifk-vastakkain-turussa\\\/\",\"name\":\"Kaimaseurat \u00c5IFK ja GrIFK vastakkain Turussa | K\u00e4sipallon miesten Aktialiiga\",\"isPartOf\":{\"@id\":\"https:\\\/\\\/aktialiiga.fi\\\/miehet\\\/#website\"},\"primaryImageOfPage\":{\"@id\":\"https:\\\/\\\/aktialiiga.fi\\\/miehet\\\/2017-2018\\\/ennakot-2017-2018\\\/kaimaseurat-aifk-ja-grifk-vastakkain-turussa\\\/#primaryimage\"},\"image\":{\"@id\":\"https:\\\/\\\/aktialiiga.fi\\\/miehet\\\/2017-2018\\\/ennakot-2017-2018\\\/kaimaseurat-aifk-ja-grifk-vastakkain-turussa\\\/#primaryimage\"},\"thumbnailUrl\":\"https:\\\/\\\/i0.wp.com\\\/aktialiiga.fi\\\/miehet\\\/wp-content\\\/uploads\\\/sites\\\/5\\\/2017\\\/09\\\/IFK-HM-2017-18.jpg?fit=4818%2C3212&ssl=1\",\"datePublished\":\"2017-12-14T19:34:00+00:00\",\"dateModified\":\"2017-12-20T10:41:24+00:00\",\"breadcrumb\":{\"@id\":\"https:\\\/\\\/aktialiiga.fi\\\/miehet\\\/2017-2018\\\/ennakot-2017-2018\\\/kaimaseurat-aifk-ja-grifk-vastakkain-turussa\\\/#breadcrumb\"},\"inLanguage\":\"fi\",\"potentialAction\":[{\"@type\":\"ReadAction\",\"target\":[\"https:\\\/\\\/aktialiiga.fi\\\/miehet\\\/2017-2018\\\/ennakot-2017-2018\\\/kaimaseurat-aifk-ja-grifk-vastakkain-turussa\\\/\"]}]},{\"@type\":\"ImageObject\",\"inLanguage\":\"fi\",\"@id\":\"https:\\\/\\\/aktialiiga.fi\\\/miehet\\\/2017-2018\\\/ennakot-2017-2018\\\/kaimaseurat-aifk-ja-grifk-vastakkain-turussa\\\/#primaryimage\",\"url\":\"https:\\\/\\\/i0.wp.com\\\/aktialiiga.fi\\\/miehet\\\/wp-content\\\/uploads\\\/sites\\\/5\\\/2017\\\/09\\\/IFK-HM-2017-18.jpg?fit=4818%2C3212&ssl=1\",\"contentUrl\":\"https:\\\/\\\/i0.wp.com\\\/aktialiiga.fi\\\/miehet\\\/wp-content\\\/uploads\\\/sites\\\/5\\\/2017\\\/09\\\/IFK-HM-2017-18.jpg?fit=4818%2C3212&ssl=1\",\"width\":4818,\"height\":3212},{\"@type\":\"BreadcrumbList\",\"@id\":\"https:\\\/\\\/aktialiiga.fi\\\/miehet\\\/2017-2018\\\/ennakot-2017-2018\\\/kaimaseurat-aifk-ja-grifk-vastakkain-turussa\\\/#breadcrumb\",\"itemListElement\":[{\"@type\":\"ListItem\",\"position\":1,\"name\":\"Etusivu\",\"item\":\"https:\\\/\\\/aktialiiga.fi\\\/miehet\\\/\"},{\"@type\":\"ListItem\",\"position\":2,\"name\":\"Kaimaseurat \u00c5IFK ja GrIFK vastakkain Turussa\"}]},{\"@type\":\"WebSite\",\"@id\":\"https:\\\/\\\/aktialiiga.fi\\\/miehet\\\/#website\",\"url\":\"https:\\\/\\\/aktialiiga.fi\\\/miehet\\\/\",\"name\":\"K\u00e4sipallon miesten Aktialiiga\",\"description\":\"Valtakunnan vauhdikkainta palloilua!\",\"publisher\":{\"@id\":\"https:\\\/\\\/aktialiiga.fi\\\/miehet\\\/#organization\"},\"potentialAction\":[{\"@type\":\"SearchAction\",\"target\":{\"@type\":\"EntryPoint\",\"urlTemplate\":\"https:\\\/\\\/aktialiiga.fi\\\/miehet\\\/?s={search_term_string}\"},\"query-input\":{\"@type\":\"PropertyValueSpecification\",\"valueRequired\":true,\"valueName\":\"search_term_string\"}}],\"inLanguage\":\"fi\"},{\"@type\":\"Organization\",\"@id\":\"https:\\\/\\\/aktialiiga.fi\\\/miehet\\\/#organization\",\"name\":\"K\u00e4sipallon miesten Aktialiiga\",\"url\":\"https:\\\/\\\/aktialiiga.fi\\\/miehet\\\/\",\"logo\":{\"@type\":\"ImageObject\",\"inLanguage\":\"fi\",\"@id\":\"https:\\\/\\\/aktialiiga.fi\\\/miehet\\\/#\\\/schema\\\/logo\\\/image\\\/\",\"url\":\"https:\\\/\\\/i0.wp.com\\\/aktialiiga.fi\\\/miehet\\\/wp-content\\\/uploads\\\/sites\\\/5\\\/2024\\\/09\\\/Aktialiiga-Yoast-512.png?fit=512%2C512&ssl=1\",\"contentUrl\":\"https:\\\/\\\/i0.wp.com\\\/aktialiiga.fi\\\/miehet\\\/wp-content\\\/uploads\\\/sites\\\/5\\\/2024\\\/09\\\/Aktialiiga-Yoast-512.png?fit=512%2C512&ssl=1\",\"width\":512,\"height\":512,\"caption\":\"K\u00e4sipallon miesten Aktialiiga\"},\"image\":{\"@id\":\"https:\\\/\\\/aktialiiga.fi\\\/miehet\\\/#\\\/schema\\\/logo\\\/image\\\/\"},\"sameAs\":[\"https:\\\/\\\/www.facebook.com\\\/finnhandball\",\"https:\\\/\\\/x.com\\\/finnhandball\",\"https:\\\/\\\/www.instagram.com\\\/handballfinland\\\/\"]},{\"@type\":\"Person\",\"@id\":\"https:\\\/\\\/aktialiiga.fi\\\/miehet\\\/#\\\/schema\\\/person\\\/c14bf42f47041db74603c45afcb18d87\",\"name\":\"tbrmedia\",\"image\":{\"@type\":\"ImageObject\",\"inLanguage\":\"fi\",\"@id\":\"https:\\\/\\\/secure.gravatar.com\\\/avatar\\\/ee975fa091fe581d12b60debb3439022686618368a7c142044c56724d4666b16?s=96&d=mm&r=g\",\"url\":\"https:\\\/\\\/secure.gravatar.com\\\/avatar\\\/ee975fa091fe581d12b60debb3439022686618368a7c142044c56724d4666b16?s=96&d=mm&r=g\",\"contentUrl\":\"https:\\\/\\\/secure.gravatar.com\\\/avatar\\\/ee975fa091fe581d12b60debb3439022686618368a7c142044c56724d4666b16?s=96&d=mm&r=g\",\"caption\":\"tbrmedia\"}}]}<\/script>\n<!-- \/ Yoast SEO plugin. -->","yoast_head_json":{"title":"Kaimaseurat \u00c5IFK ja GrIFK vastakkain Turussa | K\u00e4sipallon miesten Aktialiiga","robots":{"index":"index","follow":"follow","max-snippet":"max-snippet:-1","max-image-preview":"max-image-preview:large","max-video-preview":"max-video-preview:-1"},"canonical":"https:\/\/aktialiiga.fi\/miehet\/2017-2018\/ennakot-2017-2018\/kaimaseurat-aifk-ja-grifk-vastakkain-turussa\/","og_locale":"fi_FI","og_type":"article","og_title":"Kaimaseurat \u00c5IFK ja GrIFK vastakkain Turussa | K\u00e4sipallon miesten Aktialiiga","og_description":"SM-liigan vilkas perjantai-ilta alkaa Turusta, jossa illan ensimm\u00e4isess\u00e4, puoli tuntia ennen muita otteluita k\u00e4ynnistyv\u00e4ss\u00e4 ,ottelussa kohtaavat kaimaseurat \u00c5IFK ja GrIFK. Kun joukkueet viimeksi kohtasivat syyskuun puoliv\u00e4liss\u00e4 Luolassa, granilaiset eiv\u00e4t sortuneet pienimm\u00e4ss\u00e4k\u00e4\u00e4n m\u00e4\u00e4rin vieraskoreiluun vaan mankeloivat nuorella ja kapealla kokoonpanolla matkassa olleen vastustajansa per\u00e4ti 42-15 (20-3). Kauniaisissa nykyisin pelaava HC Denniksess\u00e4 Turussa k\u00e4sipalloilun aloittanut sentteri Paavo [&hellip;]","og_url":"https:\/\/aktialiiga.fi\/miehet\/2017-2018\/ennakot-2017-2018\/kaimaseurat-aifk-ja-grifk-vastakkain-turussa\/","og_site_name":"K\u00e4sipallon miesten Aktialiiga","article_publisher":"https:\/\/www.facebook.com\/finnhandball","article_published_time":"2017-12-14T19:34:00+00:00","article_modified_time":"2017-12-20T10:41:24+00:00","og_image":[{"width":1030,"height":687,"url":"https:\/\/aktialiiga.fi\/miehet\/wp-content\/uploads\/sites\/5\/2017\/09\/IFK-HM-2017-18-1030x687.jpg","type":"image\/jpeg"}],"author":"tbrmedia","twitter_card":"summary_large_image","twitter_creator":"@finnhandball","twitter_site":"@finnhandball","schema":{"@context":"https:\/\/schema.org","@graph":[{"@type":"Article","@id":"https:\/\/aktialiiga.fi\/miehet\/2017-2018\/ennakot-2017-2018\/kaimaseurat-aifk-ja-grifk-vastakkain-turussa\/#article","isPartOf":{"@id":"https:\/\/aktialiiga.fi\/miehet\/2017-2018\/ennakot-2017-2018\/kaimaseurat-aifk-ja-grifk-vastakkain-turussa\/"},"author":{"name":"tbrmedia","@id":"https:\/\/aktialiiga.fi\/miehet\/#\/schema\/person\/c14bf42f47041db74603c45afcb18d87"},"headline":"Kaimaseurat \u00c5IFK ja GrIFK vastakkain Turussa","datePublished":"2017-12-14T19:34:00+00:00","dateModified":"2017-12-20T10:41:24+00:00","mainEntityOfPage":{"@id":"https:\/\/aktialiiga.fi\/miehet\/2017-2018\/ennakot-2017-2018\/kaimaseurat-aifk-ja-grifk-vastakkain-turussa\/"},"wordCount":209,"commentCount":0,"publisher":{"@id":"https:\/\/aktialiiga.fi\/miehet\/#organization"},"image":{"@id":"https:\/\/aktialiiga.fi\/miehet\/2017-2018\/ennakot-2017-2018\/kaimaseurat-aifk-ja-grifk-vastakkain-turussa\/#primaryimage"},"thumbnailUrl":"https:\/\/i0.wp.com\/aktialiiga.fi\/miehet\/wp-content\/uploads\/sites\/5\/2017\/09\/IFK-HM-2017-18.jpg?fit=4818%2C3212&ssl=1","keywords":["\u00c5IFK","GrIFK"],"articleSection":["Ennakot"],"inLanguage":"fi","potentialAction":[{"@type":"CommentAction","name":"Comment","target":["https:\/\/aktialiiga.fi\/miehet\/2017-2018\/ennakot-2017-2018\/kaimaseurat-aifk-ja-grifk-vastakkain-turussa\/#respond"]}]},{"@type":"WebPage","@id":"https:\/\/aktialiiga.fi\/miehet\/2017-2018\/ennakot-2017-2018\/kaimaseurat-aifk-ja-grifk-vastakkain-turussa\/","url":"https:\/\/aktialiiga.fi\/miehet\/2017-2018\/ennakot-2017-2018\/kaimaseurat-aifk-ja-grifk-vastakkain-turussa\/","name":"Kaimaseurat \u00c5IFK ja GrIFK vastakkain Turussa | K\u00e4sipallon miesten Aktialiiga","isPartOf":{"@id":"https:\/\/aktialiiga.fi\/miehet\/#website"},"primaryImageOfPage":{"@id":"https:\/\/aktialiiga.fi\/miehet\/2017-2018\/ennakot-2017-2018\/kaimaseurat-aifk-ja-grifk-vastakkain-turussa\/#primaryimage"},"image":{"@id":"https:\/\/aktialiiga.fi\/miehet\/2017-2018\/ennakot-2017-2018\/kaimaseurat-aifk-ja-grifk-vastakkain-turussa\/#primaryimage"},"thumbnailUrl":"https:\/\/i0.wp.com\/aktialiiga.fi\/miehet\/wp-content\/uploads\/sites\/5\/2017\/09\/IFK-HM-2017-18.jpg?fit=4818%2C3212&ssl=1","datePublished":"2017-12-14T19:34:00+00:00","dateModified":"2017-12-20T10:41:24+00:00","breadcrumb":{"@id":"https:\/\/aktialiiga.fi\/miehet\/2017-2018\/ennakot-2017-2018\/kaimaseurat-aifk-ja-grifk-vastakkain-turussa\/#breadcrumb"},"inLanguage":"fi","potentialAction":[{"@type":"ReadAction","target":["https:\/\/aktialiiga.fi\/miehet\/2017-2018\/ennakot-2017-2018\/kaimaseurat-aifk-ja-grifk-vastakkain-turussa\/"]}]},{"@type":"ImageObject","inLanguage":"fi","@id":"https:\/\/aktialiiga.fi\/miehet\/2017-2018\/ennakot-2017-2018\/kaimaseurat-aifk-ja-grifk-vastakkain-turussa\/#primaryimage","url":"https:\/\/i0.wp.com\/aktialiiga.fi\/miehet\/wp-content\/uploads\/sites\/5\/2017\/09\/IFK-HM-2017-18.jpg?fit=4818%2C3212&ssl=1","contentUrl":"https:\/\/i0.wp.com\/aktialiiga.fi\/miehet\/wp-content\/uploads\/sites\/5\/2017\/09\/IFK-HM-2017-18.jpg?fit=4818%2C3212&ssl=1","width":4818,"height":3212},{"@type":"BreadcrumbList","@id":"https:\/\/aktialiiga.fi\/miehet\/2017-2018\/ennakot-2017-2018\/kaimaseurat-aifk-ja-grifk-vastakkain-turussa\/#breadcrumb","itemListElement":[{"@type":"ListItem","position":1,"name":"Etusivu","item":"https:\/\/aktialiiga.fi\/miehet\/"},{"@type":"ListItem","position":2,"name":"Kaimaseurat \u00c5IFK ja GrIFK vastakkain Turussa"}]},{"@type":"WebSite","@id":"https:\/\/aktialiiga.fi\/miehet\/#website","url":"https:\/\/aktialiiga.fi\/miehet\/","name":"K\u00e4sipallon miesten Aktialiiga","description":"Valtakunnan vauhdikkainta palloilua!","publisher":{"@id":"https:\/\/aktialiiga.fi\/miehet\/#organization"},"potentialAction":[{"@type":"SearchAction","target":{"@type":"EntryPoint","urlTemplate":"https:\/\/aktialiiga.fi\/miehet\/?s={search_term_string}"},"query-input":{"@type":"PropertyValueSpecification","valueRequired":true,"valueName":"search_term_string"}}],"inLanguage":"fi"},{"@type":"Organization","@id":"https:\/\/aktialiiga.fi\/miehet\/#organization","name":"K\u00e4sipallon miesten Aktialiiga","url":"https:\/\/aktialiiga.fi\/miehet\/","logo":{"@type":"ImageObject","inLanguage":"fi","@id":"https:\/\/aktialiiga.fi\/miehet\/#\/schema\/logo\/image\/","url":"https:\/\/i0.wp.com\/aktialiiga.fi\/miehet\/wp-content\/uploads\/sites\/5\/2024\/09\/Aktialiiga-Yoast-512.png?fit=512%2C512&ssl=1","contentUrl":"https:\/\/i0.wp.com\/aktialiiga.fi\/miehet\/wp-content\/uploads\/sites\/5\/2024\/09\/Aktialiiga-Yoast-512.png?fit=512%2C512&ssl=1","width":512,"height":512,"caption":"K\u00e4sipallon miesten Aktialiiga"},"image":{"@id":"https:\/\/aktialiiga.fi\/miehet\/#\/schema\/logo\/image\/"},"sameAs":["https:\/\/www.facebook.com\/finnhandball","https:\/\/x.com\/finnhandball","https:\/\/www.instagram.com\/handballfinland\/"]},{"@type":"Person","@id":"https:\/\/aktialiiga.fi\/miehet\/#\/schema\/person\/c14bf42f47041db74603c45afcb18d87","name":"tbrmedia","image":{"@type":"ImageObject","inLanguage":"fi","@id":"https:\/\/secure.gravatar.com\/avatar\/ee975fa091fe581d12b60debb3439022686618368a7c142044c56724d4666b16?s=96&d=mm&r=g","url":"https:\/\/secure.gravatar.com\/avatar\/ee975fa091fe581d12b60debb3439022686618368a7c142044c56724d4666b16?s=96&d=mm&r=g","contentUrl":"https:\/\/secure.gravatar.com\/avatar\/ee975fa091fe581d12b60debb3439022686618368a7c142044c56724d4666b16?s=96&d=mm&r=g","caption":"tbrmedia"}}]}},"jetpack_featured_media_url":"https:\/\/i0.wp.com\/aktialiiga.fi\/miehet\/wp-content\/uploads\/sites\/5\/2017\/09\/IFK-HM-2017-18.jpg?fit=4818%2C3212&ssl=1","jetpack_sharing_enabled":true,"jetpack_shortlink":"https:\/\/wp.me\/pfTxOr-4Nf","_links":{"self":[{"href":"https:\/\/aktialiiga.fi\/miehet\/wp-json\/wp\/v2\/posts\/18429","targetHints":{"allow":["GET"]}}],"collection":[{"href":"https:\/\/aktialiiga.fi\/miehet\/wp-json\/wp\/v2\/posts"}],"about":[{"href":"https:\/\/aktialiiga.fi\/miehet\/wp-json\/wp\/v2\/types\/post"}],"author":[{"embeddable":true,"href":"https:\/\/aktialiiga.fi\/miehet\/wp-json\/wp\/v2\/users\/13"}],"replies":[{"embeddable":true,"href":"https:\/\/aktialiiga.fi\/miehet\/wp-json\/wp\/v2\/comments?post=18429"}],"version-history":[{"count":0,"href":"https:\/\/aktialiiga.fi\/miehet\/wp-json\/wp\/v2\/posts\/18429\/revisions"}],"wp:featuredmedia":[{"embeddable":true,"href":"https:\/\/aktialiiga.fi\/miehet\/wp-json\/wp\/v2\/media\/17850"}],"wp:attachment":[{"href":"https:\/\/aktialiiga.fi\/miehet\/wp-json\/wp\/v2\/media?parent=18429"}],"wp:term":[{"taxonomy":"category","embeddable":true,"href":"https:\/\/aktialiiga.fi\/miehet\/wp-json\/wp\/v2\/categories?post=18429"},{"taxonomy":"post_tag","embeddable":true,"href":"https:\/\/aktialiiga.fi\/miehet\/wp-json\/wp\/v2\/tags?post=18429"}],"curies":[{"name":"wp","href":"https:\/\/api.w.org\/{rel}","templated":true}]}}