{"id":18928,"date":"2017-12-20T20:31:17","date_gmt":"2017-12-20T18:31:17","guid":{"rendered":"https:\/\/aktialiiga.fi\/miehet\/?p=18928"},"modified":"2017-12-20T22:19:39","modified_gmt":"2017-12-20T20:19:39","slug":"dicken-karkasi-siflta-tauon-jalkeen","status":"publish","type":"post","link":"https:\/\/aktialiiga.fi\/miehet\/2017-2018\/ottelut-2017-2018\/dicken-karkasi-siflta-tauon-jalkeen\/","title":{"rendered":"Dicken karkasi SIF:lta tauon j\u00e4lkeen"},"content":{"rendered":"<p>SIF ja Dicken taistelivat tasaisesti keskiviikkona vajaan jakson verran, mutta vierailija Dicken paineli lopulta selke\u00e4\u00e4n voittoon.<\/p>\n<p>Alkuminuuttien j\u00e4lkeen SIF johti ottelua avausjakson puoliv\u00e4liin saakka. T\u00e4st\u00e4 edettiin tasatahtia aina jakson lopulle, kunnes Dicken sai tauon kynnyksell\u00e4 rep\u00e4isty\u00e4 pienen etumatkan.<\/p>\n<p>Toiselle jaksolle Dicken tuli vahvasti ja venytti eron nopeasti jo l\u00e4hes kymmeneen maaliin. N\u00e4iss\u00e4 lukemissa edettiin my\u00f6s l\u00e4hes loppuun saakka, kunnes SIF viime minuuteilla p\u00e4\u00e4si hiukan kaunistelemaan numeroita.<\/p>\n<p>SIF:n p\u00e4\u00e4valmentaja Kaj Hagman j\u00e4i manaamaan otteen repsahtamista tauon j\u00e4lkeen.<\/p>\n<p>&#8211; Veimme ensimm\u00e4ist\u00e4 puoliaikaa, mutta hassasimme liian montaa paikkaa jonka johdosta Dicken p\u00e4\u00e4si johtoon toisella puoliajalla. Ongelmamme koko syksyn on ollut toisen puoliajan heikko aloitus. Siihen meid\u00e4n on l\u00f6ydett\u00e4v\u00e4 ratkaisu.<\/p>\n<p>&#8211; Dickenin maalivahti vei meilt\u00e4 viimeisenkin voiton mahdollisuuden, Hagman viittasi ottelun vakuuttavimpana pelaajana palkittuun Mikael M\u00e4kel\u00e4\u00e4n.<\/p>\n<p>Maajoukkuemaalivahti M\u00e4kel\u00e4 n\u00e4ki pisteiden irronneen matkaan hyv\u00e4ll\u00e4 taistelulla.<\/p>\n<p>&#8211; Vaikean alun j\u00e4lkeen p\u00e4\u00e4stiin hyvin peliin. Jatkettiin taistelua toisella puoliajalla, mik\u00e4 johti voittoon.<\/p>\n<p>Dickenin p\u00e4\u00e4valmentaja Bj\u00f6rn Monnberg kiitteli my\u00f6s omiensa uskoa itseens\u00e4, mik\u00e4 lopulta palkittiin.<\/p>\n<p>&#8211; Joukkue osoitti hyv\u00e4\u00e4 moraalia. Tahmean alun j\u00e4lkeen p\u00e4\u00e4simme ty\u00f6ll\u00e4 hyvin otteluun sis\u00e4\u00e4n, Monnberg tiivisti.<\/p>\n<p><strong>SIF &#8211; Dicken 21-28 (11-14)<\/strong><\/p>\n<p><strong>Maalintekij\u00e4t<\/strong><br \/>\nSIF: Ott Varik 6, Carl Weurlander 3, Sten Maasalu 3, Gustav Svanb\u00e4ck 2, Elias Nyman 2, Jan Hagman 2, Vincent Voutilainen 1, Atte Marjam\u00e4ki 1, Albin J\u00e4rvinen 1<br \/>\nDicken: Tadas Stankevicius 5, Gusten Montonen 5, Filip S\u00f6derlund 4, Max Granlund 4, Joacim Broman 3, Benny Broman 3, Robin Granlund 2, Oskar Monnberg 1, Johan Gripenberg 1<\/p>\n<p><strong>L\u00e4hiTapiola-t\u00e4htipelaajat<\/strong><br \/>\nMikael M\u00e4kel\u00e4 Dicken 3<br \/>\nTadas Stankevicius Dicken 2<br \/>\nOtt Varik SIF 1<\/p>\n<p><strong>2 min ulosajot sek\u00e4 pelist\u00e4 sulkemiset<\/strong><br \/>\nSIF: Elias Nyman 1 x 2 min, Ott Varik 1 x 2 min, Sten Maasalu 1 x 2 min<br \/>\nDicken: Filip S\u00f6derlund 1 x 2 min, Max Granlund 1 x 2 min<\/p>\n<p><em>Erotuomarit<\/em>: Christian Westerlund &#8211; Teemu Kaulio<\/p>\n<p><em>Yleis\u00f6\u00e4<\/em>: 353<\/p>\n","protected":false},"excerpt":{"rendered":"<p>SIF ja Dicken taistelivat tasaisesti keskiviikkona vajaan jakson verran, mutta vierailija Dicken paineli lopulta selke\u00e4\u00e4n voittoon. Alkuminuuttien j\u00e4lkeen SIF johti ottelua avausjakson puoliv\u00e4liin saakka. T\u00e4st\u00e4 edettiin tasatahtia aina jakson lopulle, kunnes Dicken sai tauon kynnyksell\u00e4 rep\u00e4isty\u00e4 pienen etumatkan. Toiselle jaksolle Dicken tuli vahvasti ja venytti eron nopeasti jo l\u00e4hes kymmeneen maaliin. N\u00e4iss\u00e4 lukemissa edettiin my\u00f6s [&hellip;]<\/p>\n","protected":false},"author":13,"featured_media":18226,"comment_status":"closed","ping_status":"closed","sticky":false,"template":"","format":"standard","meta":{"_acf_changed":false,"jetpack_post_was_ever_published":false,"_jetpack_newsletter_access":"","_jetpack_dont_email_post_to_subs":false,"_jetpack_newsletter_tier_id":0,"_jetpack_memberships_contains_paywalled_content":false,"_jetpack_memberships_contains_paid_content":false,"footnotes":""},"categories":[194],"tags":[58,111],"class_list":["post-18928","post","type-post","status-publish","format-standard","has-post-thumbnail","hentry","category-ottelut-2017-2018","tag-dicken","tag-sif"],"acf":[],"yoast_head":"<!-- This site is optimized with the Yoast SEO plugin v27.5 - https:\/\/yoast.com\/product\/yoast-seo-wordpress\/ -->\n<title>Dicken karkasi SIF:lta tauon j\u00e4lkeen | K\u00e4sipallon miesten Aktialiiga<\/title>\n<meta name=\"robots\" content=\"index, follow, max-snippet:-1, max-image-preview:large, max-video-preview:-1\" \/>\n<link rel=\"canonical\" href=\"https:\/\/aktialiiga.fi\/miehet\/2017-2018\/ottelut-2017-2018\/dicken-karkasi-siflta-tauon-jalkeen\/\" \/>\n<meta property=\"og:locale\" content=\"fi_FI\" \/>\n<meta property=\"og:type\" content=\"article\" \/>\n<meta property=\"og:title\" content=\"Dicken karkasi SIF:lta tauon j\u00e4lkeen | K\u00e4sipallon miesten Aktialiiga\" \/>\n<meta property=\"og:description\" content=\"SIF ja Dicken taistelivat tasaisesti keskiviikkona vajaan jakson verran, mutta vierailija Dicken paineli lopulta selke\u00e4\u00e4n voittoon. Alkuminuuttien j\u00e4lkeen SIF johti ottelua avausjakson puoliv\u00e4liin saakka. T\u00e4st\u00e4 edettiin tasatahtia aina jakson lopulle, kunnes Dicken sai tauon kynnyksell\u00e4 rep\u00e4isty\u00e4 pienen etumatkan. Toiselle jaksolle Dicken tuli vahvasti ja venytti eron nopeasti jo l\u00e4hes kymmeneen maaliin. N\u00e4iss\u00e4 lukemissa edettiin my\u00f6s [&hellip;]\" \/>\n<meta property=\"og:url\" content=\"https:\/\/aktialiiga.fi\/miehet\/2017-2018\/ottelut-2017-2018\/dicken-karkasi-siflta-tauon-jalkeen\/\" \/>\n<meta property=\"og:site_name\" content=\"K\u00e4sipallon miesten Aktialiiga\" \/>\n<meta property=\"article:publisher\" content=\"https:\/\/www.facebook.com\/finnhandball\" \/>\n<meta property=\"article:published_time\" content=\"2017-12-20T18:31:17+00:00\" \/>\n<meta property=\"article:modified_time\" content=\"2017-12-20T20:19:39+00:00\" \/>\n<meta property=\"og:image\" content=\"https:\/\/i0.wp.com\/aktialiiga.fi\/miehet\/wp-content\/uploads\/sites\/5\/2017\/11\/s%C3%B6derlund_filip_dicken_1718.jpg?fit=711%2C320&ssl=1\" \/>\n\t<meta property=\"og:image:width\" content=\"711\" \/>\n\t<meta property=\"og:image:height\" content=\"320\" \/>\n\t<meta property=\"og:image:type\" content=\"image\/jpeg\" \/>\n<meta name=\"author\" content=\"tbrmedia\" \/>\n<meta name=\"twitter:card\" content=\"summary_large_image\" \/>\n<meta name=\"twitter:creator\" content=\"@finnhandball\" \/>\n<meta name=\"twitter:site\" content=\"@finnhandball\" \/>\n<script type=\"application\/ld+json\" class=\"yoast-schema-graph\">{\"@context\":\"https:\\\/\\\/schema.org\",\"@graph\":[{\"@type\":\"Article\",\"@id\":\"https:\\\/\\\/aktialiiga.fi\\\/miehet\\\/2017-2018\\\/ottelut-2017-2018\\\/dicken-karkasi-siflta-tauon-jalkeen\\\/#article\",\"isPartOf\":{\"@id\":\"https:\\\/\\\/aktialiiga.fi\\\/miehet\\\/2017-2018\\\/ottelut-2017-2018\\\/dicken-karkasi-siflta-tauon-jalkeen\\\/\"},\"author\":{\"name\":\"tbrmedia\",\"@id\":\"https:\\\/\\\/aktialiiga.fi\\\/miehet\\\/#\\\/schema\\\/person\\\/c14bf42f47041db74603c45afcb18d87\"},\"headline\":\"Dicken karkasi SIF:lta tauon j\u00e4lkeen\",\"datePublished\":\"2017-12-20T18:31:17+00:00\",\"dateModified\":\"2017-12-20T20:19:39+00:00\",\"mainEntityOfPage\":{\"@id\":\"https:\\\/\\\/aktialiiga.fi\\\/miehet\\\/2017-2018\\\/ottelut-2017-2018\\\/dicken-karkasi-siflta-tauon-jalkeen\\\/\"},\"wordCount\":308,\"publisher\":{\"@id\":\"https:\\\/\\\/aktialiiga.fi\\\/miehet\\\/#organization\"},\"image\":{\"@id\":\"https:\\\/\\\/aktialiiga.fi\\\/miehet\\\/2017-2018\\\/ottelut-2017-2018\\\/dicken-karkasi-siflta-tauon-jalkeen\\\/#primaryimage\"},\"thumbnailUrl\":\"https:\\\/\\\/i0.wp.com\\\/aktialiiga.fi\\\/miehet\\\/wp-content\\\/uploads\\\/sites\\\/5\\\/2017\\\/11\\\/s%C3%B6derlund_filip_dicken_1718.jpg?fit=711%2C320&ssl=1\",\"keywords\":[\"Dicken\",\"SIF\"],\"articleSection\":[\"Ottelut\"],\"inLanguage\":\"fi\"},{\"@type\":\"WebPage\",\"@id\":\"https:\\\/\\\/aktialiiga.fi\\\/miehet\\\/2017-2018\\\/ottelut-2017-2018\\\/dicken-karkasi-siflta-tauon-jalkeen\\\/\",\"url\":\"https:\\\/\\\/aktialiiga.fi\\\/miehet\\\/2017-2018\\\/ottelut-2017-2018\\\/dicken-karkasi-siflta-tauon-jalkeen\\\/\",\"name\":\"Dicken karkasi SIF:lta tauon j\u00e4lkeen | K\u00e4sipallon miesten Aktialiiga\",\"isPartOf\":{\"@id\":\"https:\\\/\\\/aktialiiga.fi\\\/miehet\\\/#website\"},\"primaryImageOfPage\":{\"@id\":\"https:\\\/\\\/aktialiiga.fi\\\/miehet\\\/2017-2018\\\/ottelut-2017-2018\\\/dicken-karkasi-siflta-tauon-jalkeen\\\/#primaryimage\"},\"image\":{\"@id\":\"https:\\\/\\\/aktialiiga.fi\\\/miehet\\\/2017-2018\\\/ottelut-2017-2018\\\/dicken-karkasi-siflta-tauon-jalkeen\\\/#primaryimage\"},\"thumbnailUrl\":\"https:\\\/\\\/i0.wp.com\\\/aktialiiga.fi\\\/miehet\\\/wp-content\\\/uploads\\\/sites\\\/5\\\/2017\\\/11\\\/s%C3%B6derlund_filip_dicken_1718.jpg?fit=711%2C320&ssl=1\",\"datePublished\":\"2017-12-20T18:31:17+00:00\",\"dateModified\":\"2017-12-20T20:19:39+00:00\",\"breadcrumb\":{\"@id\":\"https:\\\/\\\/aktialiiga.fi\\\/miehet\\\/2017-2018\\\/ottelut-2017-2018\\\/dicken-karkasi-siflta-tauon-jalkeen\\\/#breadcrumb\"},\"inLanguage\":\"fi\",\"potentialAction\":[{\"@type\":\"ReadAction\",\"target\":[\"https:\\\/\\\/aktialiiga.fi\\\/miehet\\\/2017-2018\\\/ottelut-2017-2018\\\/dicken-karkasi-siflta-tauon-jalkeen\\\/\"]}]},{\"@type\":\"ImageObject\",\"inLanguage\":\"fi\",\"@id\":\"https:\\\/\\\/aktialiiga.fi\\\/miehet\\\/2017-2018\\\/ottelut-2017-2018\\\/dicken-karkasi-siflta-tauon-jalkeen\\\/#primaryimage\",\"url\":\"https:\\\/\\\/i0.wp.com\\\/aktialiiga.fi\\\/miehet\\\/wp-content\\\/uploads\\\/sites\\\/5\\\/2017\\\/11\\\/s%C3%B6derlund_filip_dicken_1718.jpg?fit=711%2C320&ssl=1\",\"contentUrl\":\"https:\\\/\\\/i0.wp.com\\\/aktialiiga.fi\\\/miehet\\\/wp-content\\\/uploads\\\/sites\\\/5\\\/2017\\\/11\\\/s%C3%B6derlund_filip_dicken_1718.jpg?fit=711%2C320&ssl=1\",\"width\":711,\"height\":320,\"caption\":\"Filip S\u00f6derlund, Dicken K\u00e4sipallo SM-liiga Atlas - Dicken ottelussa Myyrm\u00e4en palloiluhallissa Vantaalla 7. lokakuuta 2017. (Newspix24\\\/Kalle Parkkinen)\"},{\"@type\":\"BreadcrumbList\",\"@id\":\"https:\\\/\\\/aktialiiga.fi\\\/miehet\\\/2017-2018\\\/ottelut-2017-2018\\\/dicken-karkasi-siflta-tauon-jalkeen\\\/#breadcrumb\",\"itemListElement\":[{\"@type\":\"ListItem\",\"position\":1,\"name\":\"Etusivu\",\"item\":\"https:\\\/\\\/aktialiiga.fi\\\/miehet\\\/\"},{\"@type\":\"ListItem\",\"position\":2,\"name\":\"Dicken karkasi SIF:lta tauon j\u00e4lkeen\"}]},{\"@type\":\"WebSite\",\"@id\":\"https:\\\/\\\/aktialiiga.fi\\\/miehet\\\/#website\",\"url\":\"https:\\\/\\\/aktialiiga.fi\\\/miehet\\\/\",\"name\":\"K\u00e4sipallon miesten Aktialiiga\",\"description\":\"Valtakunnan vauhdikkainta palloilua!\",\"publisher\":{\"@id\":\"https:\\\/\\\/aktialiiga.fi\\\/miehet\\\/#organization\"},\"potentialAction\":[{\"@type\":\"SearchAction\",\"target\":{\"@type\":\"EntryPoint\",\"urlTemplate\":\"https:\\\/\\\/aktialiiga.fi\\\/miehet\\\/?s={search_term_string}\"},\"query-input\":{\"@type\":\"PropertyValueSpecification\",\"valueRequired\":true,\"valueName\":\"search_term_string\"}}],\"inLanguage\":\"fi\"},{\"@type\":\"Organization\",\"@id\":\"https:\\\/\\\/aktialiiga.fi\\\/miehet\\\/#organization\",\"name\":\"K\u00e4sipallon miesten Aktialiiga\",\"url\":\"https:\\\/\\\/aktialiiga.fi\\\/miehet\\\/\",\"logo\":{\"@type\":\"ImageObject\",\"inLanguage\":\"fi\",\"@id\":\"https:\\\/\\\/aktialiiga.fi\\\/miehet\\\/#\\\/schema\\\/logo\\\/image\\\/\",\"url\":\"https:\\\/\\\/i0.wp.com\\\/aktialiiga.fi\\\/miehet\\\/wp-content\\\/uploads\\\/sites\\\/5\\\/2024\\\/09\\\/Aktialiiga-Yoast-512.png?fit=512%2C512&ssl=1\",\"contentUrl\":\"https:\\\/\\\/i0.wp.com\\\/aktialiiga.fi\\\/miehet\\\/wp-content\\\/uploads\\\/sites\\\/5\\\/2024\\\/09\\\/Aktialiiga-Yoast-512.png?fit=512%2C512&ssl=1\",\"width\":512,\"height\":512,\"caption\":\"K\u00e4sipallon miesten Aktialiiga\"},\"image\":{\"@id\":\"https:\\\/\\\/aktialiiga.fi\\\/miehet\\\/#\\\/schema\\\/logo\\\/image\\\/\"},\"sameAs\":[\"https:\\\/\\\/www.facebook.com\\\/finnhandball\",\"https:\\\/\\\/x.com\\\/finnhandball\",\"https:\\\/\\\/www.instagram.com\\\/handballfinland\\\/\"]},{\"@type\":\"Person\",\"@id\":\"https:\\\/\\\/aktialiiga.fi\\\/miehet\\\/#\\\/schema\\\/person\\\/c14bf42f47041db74603c45afcb18d87\",\"name\":\"tbrmedia\",\"image\":{\"@type\":\"ImageObject\",\"inLanguage\":\"fi\",\"@id\":\"https:\\\/\\\/secure.gravatar.com\\\/avatar\\\/ee975fa091fe581d12b60debb3439022686618368a7c142044c56724d4666b16?s=96&d=mm&r=g\",\"url\":\"https:\\\/\\\/secure.gravatar.com\\\/avatar\\\/ee975fa091fe581d12b60debb3439022686618368a7c142044c56724d4666b16?s=96&d=mm&r=g\",\"contentUrl\":\"https:\\\/\\\/secure.gravatar.com\\\/avatar\\\/ee975fa091fe581d12b60debb3439022686618368a7c142044c56724d4666b16?s=96&d=mm&r=g\",\"caption\":\"tbrmedia\"}}]}<\/script>\n<!-- \/ Yoast SEO plugin. -->","yoast_head_json":{"title":"Dicken karkasi SIF:lta tauon j\u00e4lkeen | K\u00e4sipallon miesten Aktialiiga","robots":{"index":"index","follow":"follow","max-snippet":"max-snippet:-1","max-image-preview":"max-image-preview:large","max-video-preview":"max-video-preview:-1"},"canonical":"https:\/\/aktialiiga.fi\/miehet\/2017-2018\/ottelut-2017-2018\/dicken-karkasi-siflta-tauon-jalkeen\/","og_locale":"fi_FI","og_type":"article","og_title":"Dicken karkasi SIF:lta tauon j\u00e4lkeen | K\u00e4sipallon miesten Aktialiiga","og_description":"SIF ja Dicken taistelivat tasaisesti keskiviikkona vajaan jakson verran, mutta vierailija Dicken paineli lopulta selke\u00e4\u00e4n voittoon. Alkuminuuttien j\u00e4lkeen SIF johti ottelua avausjakson puoliv\u00e4liin saakka. T\u00e4st\u00e4 edettiin tasatahtia aina jakson lopulle, kunnes Dicken sai tauon kynnyksell\u00e4 rep\u00e4isty\u00e4 pienen etumatkan. Toiselle jaksolle Dicken tuli vahvasti ja venytti eron nopeasti jo l\u00e4hes kymmeneen maaliin. N\u00e4iss\u00e4 lukemissa edettiin my\u00f6s [&hellip;]","og_url":"https:\/\/aktialiiga.fi\/miehet\/2017-2018\/ottelut-2017-2018\/dicken-karkasi-siflta-tauon-jalkeen\/","og_site_name":"K\u00e4sipallon miesten Aktialiiga","article_publisher":"https:\/\/www.facebook.com\/finnhandball","article_published_time":"2017-12-20T18:31:17+00:00","article_modified_time":"2017-12-20T20:19:39+00:00","og_image":[{"width":711,"height":320,"url":"https:\/\/i0.wp.com\/aktialiiga.fi\/miehet\/wp-content\/uploads\/sites\/5\/2017\/11\/s%C3%B6derlund_filip_dicken_1718.jpg?fit=711%2C320&ssl=1","type":"image\/jpeg"}],"author":"tbrmedia","twitter_card":"summary_large_image","twitter_creator":"@finnhandball","twitter_site":"@finnhandball","schema":{"@context":"https:\/\/schema.org","@graph":[{"@type":"Article","@id":"https:\/\/aktialiiga.fi\/miehet\/2017-2018\/ottelut-2017-2018\/dicken-karkasi-siflta-tauon-jalkeen\/#article","isPartOf":{"@id":"https:\/\/aktialiiga.fi\/miehet\/2017-2018\/ottelut-2017-2018\/dicken-karkasi-siflta-tauon-jalkeen\/"},"author":{"name":"tbrmedia","@id":"https:\/\/aktialiiga.fi\/miehet\/#\/schema\/person\/c14bf42f47041db74603c45afcb18d87"},"headline":"Dicken karkasi SIF:lta tauon j\u00e4lkeen","datePublished":"2017-12-20T18:31:17+00:00","dateModified":"2017-12-20T20:19:39+00:00","mainEntityOfPage":{"@id":"https:\/\/aktialiiga.fi\/miehet\/2017-2018\/ottelut-2017-2018\/dicken-karkasi-siflta-tauon-jalkeen\/"},"wordCount":308,"publisher":{"@id":"https:\/\/aktialiiga.fi\/miehet\/#organization"},"image":{"@id":"https:\/\/aktialiiga.fi\/miehet\/2017-2018\/ottelut-2017-2018\/dicken-karkasi-siflta-tauon-jalkeen\/#primaryimage"},"thumbnailUrl":"https:\/\/i0.wp.com\/aktialiiga.fi\/miehet\/wp-content\/uploads\/sites\/5\/2017\/11\/s%C3%B6derlund_filip_dicken_1718.jpg?fit=711%2C320&ssl=1","keywords":["Dicken","SIF"],"articleSection":["Ottelut"],"inLanguage":"fi"},{"@type":"WebPage","@id":"https:\/\/aktialiiga.fi\/miehet\/2017-2018\/ottelut-2017-2018\/dicken-karkasi-siflta-tauon-jalkeen\/","url":"https:\/\/aktialiiga.fi\/miehet\/2017-2018\/ottelut-2017-2018\/dicken-karkasi-siflta-tauon-jalkeen\/","name":"Dicken karkasi SIF:lta tauon j\u00e4lkeen | K\u00e4sipallon miesten Aktialiiga","isPartOf":{"@id":"https:\/\/aktialiiga.fi\/miehet\/#website"},"primaryImageOfPage":{"@id":"https:\/\/aktialiiga.fi\/miehet\/2017-2018\/ottelut-2017-2018\/dicken-karkasi-siflta-tauon-jalkeen\/#primaryimage"},"image":{"@id":"https:\/\/aktialiiga.fi\/miehet\/2017-2018\/ottelut-2017-2018\/dicken-karkasi-siflta-tauon-jalkeen\/#primaryimage"},"thumbnailUrl":"https:\/\/i0.wp.com\/aktialiiga.fi\/miehet\/wp-content\/uploads\/sites\/5\/2017\/11\/s%C3%B6derlund_filip_dicken_1718.jpg?fit=711%2C320&ssl=1","datePublished":"2017-12-20T18:31:17+00:00","dateModified":"2017-12-20T20:19:39+00:00","breadcrumb":{"@id":"https:\/\/aktialiiga.fi\/miehet\/2017-2018\/ottelut-2017-2018\/dicken-karkasi-siflta-tauon-jalkeen\/#breadcrumb"},"inLanguage":"fi","potentialAction":[{"@type":"ReadAction","target":["https:\/\/aktialiiga.fi\/miehet\/2017-2018\/ottelut-2017-2018\/dicken-karkasi-siflta-tauon-jalkeen\/"]}]},{"@type":"ImageObject","inLanguage":"fi","@id":"https:\/\/aktialiiga.fi\/miehet\/2017-2018\/ottelut-2017-2018\/dicken-karkasi-siflta-tauon-jalkeen\/#primaryimage","url":"https:\/\/i0.wp.com\/aktialiiga.fi\/miehet\/wp-content\/uploads\/sites\/5\/2017\/11\/s%C3%B6derlund_filip_dicken_1718.jpg?fit=711%2C320&ssl=1","contentUrl":"https:\/\/i0.wp.com\/aktialiiga.fi\/miehet\/wp-content\/uploads\/sites\/5\/2017\/11\/s%C3%B6derlund_filip_dicken_1718.jpg?fit=711%2C320&ssl=1","width":711,"height":320,"caption":"Filip S\u00f6derlund, Dicken K\u00e4sipallo SM-liiga Atlas - Dicken ottelussa Myyrm\u00e4en palloiluhallissa Vantaalla 7. lokakuuta 2017. (Newspix24\/Kalle Parkkinen)"},{"@type":"BreadcrumbList","@id":"https:\/\/aktialiiga.fi\/miehet\/2017-2018\/ottelut-2017-2018\/dicken-karkasi-siflta-tauon-jalkeen\/#breadcrumb","itemListElement":[{"@type":"ListItem","position":1,"name":"Etusivu","item":"https:\/\/aktialiiga.fi\/miehet\/"},{"@type":"ListItem","position":2,"name":"Dicken karkasi SIF:lta tauon j\u00e4lkeen"}]},{"@type":"WebSite","@id":"https:\/\/aktialiiga.fi\/miehet\/#website","url":"https:\/\/aktialiiga.fi\/miehet\/","name":"K\u00e4sipallon miesten Aktialiiga","description":"Valtakunnan vauhdikkainta palloilua!","publisher":{"@id":"https:\/\/aktialiiga.fi\/miehet\/#organization"},"potentialAction":[{"@type":"SearchAction","target":{"@type":"EntryPoint","urlTemplate":"https:\/\/aktialiiga.fi\/miehet\/?s={search_term_string}"},"query-input":{"@type":"PropertyValueSpecification","valueRequired":true,"valueName":"search_term_string"}}],"inLanguage":"fi"},{"@type":"Organization","@id":"https:\/\/aktialiiga.fi\/miehet\/#organization","name":"K\u00e4sipallon miesten Aktialiiga","url":"https:\/\/aktialiiga.fi\/miehet\/","logo":{"@type":"ImageObject","inLanguage":"fi","@id":"https:\/\/aktialiiga.fi\/miehet\/#\/schema\/logo\/image\/","url":"https:\/\/i0.wp.com\/aktialiiga.fi\/miehet\/wp-content\/uploads\/sites\/5\/2024\/09\/Aktialiiga-Yoast-512.png?fit=512%2C512&ssl=1","contentUrl":"https:\/\/i0.wp.com\/aktialiiga.fi\/miehet\/wp-content\/uploads\/sites\/5\/2024\/09\/Aktialiiga-Yoast-512.png?fit=512%2C512&ssl=1","width":512,"height":512,"caption":"K\u00e4sipallon miesten Aktialiiga"},"image":{"@id":"https:\/\/aktialiiga.fi\/miehet\/#\/schema\/logo\/image\/"},"sameAs":["https:\/\/www.facebook.com\/finnhandball","https:\/\/x.com\/finnhandball","https:\/\/www.instagram.com\/handballfinland\/"]},{"@type":"Person","@id":"https:\/\/aktialiiga.fi\/miehet\/#\/schema\/person\/c14bf42f47041db74603c45afcb18d87","name":"tbrmedia","image":{"@type":"ImageObject","inLanguage":"fi","@id":"https:\/\/secure.gravatar.com\/avatar\/ee975fa091fe581d12b60debb3439022686618368a7c142044c56724d4666b16?s=96&d=mm&r=g","url":"https:\/\/secure.gravatar.com\/avatar\/ee975fa091fe581d12b60debb3439022686618368a7c142044c56724d4666b16?s=96&d=mm&r=g","contentUrl":"https:\/\/secure.gravatar.com\/avatar\/ee975fa091fe581d12b60debb3439022686618368a7c142044c56724d4666b16?s=96&d=mm&r=g","caption":"tbrmedia"}}]}},"jetpack_featured_media_url":"https:\/\/i0.wp.com\/aktialiiga.fi\/miehet\/wp-content\/uploads\/sites\/5\/2017\/11\/s%C3%B6derlund_filip_dicken_1718.jpg?fit=711%2C320&ssl=1","jetpack_sharing_enabled":true,"jetpack_shortlink":"https:\/\/wp.me\/pfTxOr-4Vi","_links":{"self":[{"href":"https:\/\/aktialiiga.fi\/miehet\/wp-json\/wp\/v2\/posts\/18928","targetHints":{"allow":["GET"]}}],"collection":[{"href":"https:\/\/aktialiiga.fi\/miehet\/wp-json\/wp\/v2\/posts"}],"about":[{"href":"https:\/\/aktialiiga.fi\/miehet\/wp-json\/wp\/v2\/types\/post"}],"author":[{"embeddable":true,"href":"https:\/\/aktialiiga.fi\/miehet\/wp-json\/wp\/v2\/users\/13"}],"replies":[{"embeddable":true,"href":"https:\/\/aktialiiga.fi\/miehet\/wp-json\/wp\/v2\/comments?post=18928"}],"version-history":[{"count":0,"href":"https:\/\/aktialiiga.fi\/miehet\/wp-json\/wp\/v2\/posts\/18928\/revisions"}],"wp:featuredmedia":[{"embeddable":true,"href":"https:\/\/aktialiiga.fi\/miehet\/wp-json\/wp\/v2\/media\/18226"}],"wp:attachment":[{"href":"https:\/\/aktialiiga.fi\/miehet\/wp-json\/wp\/v2\/media?parent=18928"}],"wp:term":[{"taxonomy":"category","embeddable":true,"href":"https:\/\/aktialiiga.fi\/miehet\/wp-json\/wp\/v2\/categories?post=18928"},{"taxonomy":"post_tag","embeddable":true,"href":"https:\/\/aktialiiga.fi\/miehet\/wp-json\/wp\/v2\/tags?post=18928"}],"curies":[{"name":"wp","href":"https:\/\/api.w.org\/{rel}","templated":true}]}}