{"id":19067,"date":"2018-01-23T20:00:25","date_gmt":"2018-01-23T18:00:25","guid":{"rendered":"https:\/\/aktialiiga.fi\/miehet\/?p=19067"},"modified":"2018-01-23T19:42:30","modified_gmt":"2018-01-23T17:42:30","slug":"grifk-ja-pif-hakevat-vuoden-ensimmaista-voittoa","status":"publish","type":"post","link":"https:\/\/aktialiiga.fi\/miehet\/2017-2018\/ennakot-2017-2018\/grifk-ja-pif-hakevat-vuoden-ensimmaista-voittoa\/","title":{"rendered":"GrIFK ja PIF hakevat vuoden ensimm\u00e4ist\u00e4 voittoa"},"content":{"rendered":"<p>GrIFK:n liigamiehist\u00f6 on selvinnyt taannoisesta lumimyrskyst\u00e4 takaisin kotiluolansa l\u00e4mp\u00f6\u00f6n ja valmistautuu Cocks-ottelun j\u00e4lkeen seuraavaan taistoon. Keskiviikkona 24.1. p\u00e4\u00e4st\u00e4\u00e4n viiden viikon tauon j\u00e4lkeen j\u00e4lleen kotiyleis\u00f6n eteen.<\/p>\n<p>Vastustaja PIF Paraisilta on toisella liigakaudellaan sitten vuoden 1997 onnistunut nelinkertaistamaan viime kauden pistepottinsa voitettuaan marraskuussa ensin kotonaan HIK:n ja tekem\u00e4ll\u00e4 heti seuraavalla kierroksella kenties kauden suurimman yll\u00e4tyksen otettuaan molemmat liigapisteet mukaansa HIFK:lta Helsingist\u00e4.<\/p>\n<p>Vahvasti omiin kasvattien ja balkanilaisen k\u00e4sipallo-osaamisen kombinaatioon luottava PIF on kahden pisteen p\u00e4\u00e4ss\u00e4 paikalliskilpailijastaan \u00c5IFK:sta, v\u00e4liss\u00e4\u00e4n alemman jatkosarjan sek\u00e4 liigakarsinnan erottava viiva.<\/p>\n<p>Granille ottelu toimii hyv\u00e4n\u00e4 kenraalina ensi lauantain vierailulle Pirkkolaan. PIF:i\u00e4 ei parane v\u00e4heksy\u00e4 sill\u00e4 turhat pistemenetykset t\u00e4ss\u00e4 vaiheessa runkosarjaa voi armottomasti tarkoittaa otteen lipsumista ylemm\u00e4n jatkosarjan saavuttamiselle. Lauantaina PIF pelasi kotonaan BK-46:tta vastaan ja meni polvilleen muutamassa minuutissa, mutta tuon ottelun pohjalta ei johtop\u00e4\u00e4t\u00f6ksi\u00e4 kannata tehd\u00e4. Tosissaan on oltava ja takin napit tiukasti kiinni, aivan kuten joukkueiden viimeksi kohdatessa lokakuussa tehtiin, tuolloin Paraisten matkan tuomisina oli 30-18 voitto.<\/p>\n<p><em>K\u00e4sipallon miesten SM-liigan ottelut kattavasti my\u00f6s Veikkauksen urheilupelien tarjonnassa, k\u00e4sipallon kohteet l\u00f6yd\u00e4t\u00a0<a style=\"font-style: inherit;font-weight: inherit\" href=\"https:\/\/www.veikkaus.fi\/fi\/pitkaveto?sportId=12&amp;selectedLeagues=12-all\">t\u00e4\u00e4lt\u00e4<\/a>.<\/em><\/p>\n","protected":false},"excerpt":{"rendered":"<p>GrIFK:n liigamiehist\u00f6 on selvinnyt taannoisesta lumimyrskyst\u00e4 takaisin kotiluolansa l\u00e4mp\u00f6\u00f6n ja valmistautuu Cocks-ottelun j\u00e4lkeen seuraavaan taistoon. Keskiviikkona 24.1. p\u00e4\u00e4st\u00e4\u00e4n viiden viikon tauon j\u00e4lkeen j\u00e4lleen kotiyleis\u00f6n eteen. Vastustaja PIF Paraisilta on toisella liigakaudellaan sitten vuoden 1997 onnistunut nelinkertaistamaan viime kauden pistepottinsa voitettuaan marraskuussa ensin kotonaan HIK:n ja tekem\u00e4ll\u00e4 heti seuraavalla kierroksella kenties kauden suurimman yll\u00e4tyksen otettuaan molemmat [&hellip;]<\/p>\n","protected":false},"author":13,"featured_media":17682,"comment_status":"closed","ping_status":"closed","sticky":false,"template":"","format":"standard","meta":{"_acf_changed":false,"jetpack_post_was_ever_published":false,"_jetpack_newsletter_access":"","_jetpack_dont_email_post_to_subs":false,"_jetpack_newsletter_tier_id":0,"_jetpack_memberships_contains_paywalled_content":false,"_jetpack_memberships_contains_paid_content":false,"footnotes":""},"categories":[201],"tags":[64,98],"class_list":["post-19067","post","type-post","status-publish","format-standard","has-post-thumbnail","hentry","category-ennakot-2017-2018","tag-grifk","tag-pif"],"acf":[],"yoast_head":"<!-- This site is optimized with the Yoast SEO plugin v27.5 - https:\/\/yoast.com\/product\/yoast-seo-wordpress\/ -->\n<title>GrIFK ja PIF hakevat vuoden ensimm\u00e4ist\u00e4 voittoa | K\u00e4sipallon miesten Aktialiiga<\/title>\n<meta name=\"robots\" content=\"index, follow, max-snippet:-1, max-image-preview:large, max-video-preview:-1\" \/>\n<link rel=\"canonical\" href=\"https:\/\/aktialiiga.fi\/miehet\/2017-2018\/ennakot-2017-2018\/grifk-ja-pif-hakevat-vuoden-ensimmaista-voittoa\/\" \/>\n<meta property=\"og:locale\" content=\"fi_FI\" \/>\n<meta property=\"og:type\" content=\"article\" \/>\n<meta property=\"og:title\" content=\"GrIFK ja PIF hakevat vuoden ensimm\u00e4ist\u00e4 voittoa | K\u00e4sipallon miesten Aktialiiga\" \/>\n<meta property=\"og:description\" content=\"GrIFK:n liigamiehist\u00f6 on selvinnyt taannoisesta lumimyrskyst\u00e4 takaisin kotiluolansa l\u00e4mp\u00f6\u00f6n ja valmistautuu Cocks-ottelun j\u00e4lkeen seuraavaan taistoon. Keskiviikkona 24.1. p\u00e4\u00e4st\u00e4\u00e4n viiden viikon tauon j\u00e4lkeen j\u00e4lleen kotiyleis\u00f6n eteen. Vastustaja PIF Paraisilta on toisella liigakaudellaan sitten vuoden 1997 onnistunut nelinkertaistamaan viime kauden pistepottinsa voitettuaan marraskuussa ensin kotonaan HIK:n ja tekem\u00e4ll\u00e4 heti seuraavalla kierroksella kenties kauden suurimman yll\u00e4tyksen otettuaan molemmat [&hellip;]\" \/>\n<meta property=\"og:url\" content=\"https:\/\/aktialiiga.fi\/miehet\/2017-2018\/ennakot-2017-2018\/grifk-ja-pif-hakevat-vuoden-ensimmaista-voittoa\/\" \/>\n<meta property=\"og:site_name\" content=\"K\u00e4sipallon miesten Aktialiiga\" \/>\n<meta property=\"article:publisher\" content=\"https:\/\/www.facebook.com\/finnhandball\" \/>\n<meta property=\"article:published_time\" content=\"2018-01-23T18:00:25+00:00\" \/>\n<meta property=\"og:image\" content=\"https:\/\/i0.wp.com\/aktialiiga.fi\/miehet\/wp-content\/uploads\/sites\/5\/2017\/09\/GrIFK_2017-18.jpg?fit=2048%2C1363&ssl=1\" \/>\n\t<meta property=\"og:image:width\" content=\"2048\" \/>\n\t<meta property=\"og:image:height\" content=\"1363\" \/>\n\t<meta property=\"og:image:type\" content=\"image\/jpeg\" \/>\n<meta name=\"author\" content=\"tbrmedia\" \/>\n<meta name=\"twitter:card\" content=\"summary_large_image\" \/>\n<meta name=\"twitter:creator\" content=\"@finnhandball\" \/>\n<meta name=\"twitter:site\" content=\"@finnhandball\" \/>\n<script type=\"application\/ld+json\" class=\"yoast-schema-graph\">{\"@context\":\"https:\\\/\\\/schema.org\",\"@graph\":[{\"@type\":\"Article\",\"@id\":\"https:\\\/\\\/aktialiiga.fi\\\/miehet\\\/2017-2018\\\/ennakot-2017-2018\\\/grifk-ja-pif-hakevat-vuoden-ensimmaista-voittoa\\\/#article\",\"isPartOf\":{\"@id\":\"https:\\\/\\\/aktialiiga.fi\\\/miehet\\\/2017-2018\\\/ennakot-2017-2018\\\/grifk-ja-pif-hakevat-vuoden-ensimmaista-voittoa\\\/\"},\"author\":{\"name\":\"tbrmedia\",\"@id\":\"https:\\\/\\\/aktialiiga.fi\\\/miehet\\\/#\\\/schema\\\/person\\\/c14bf42f47041db74603c45afcb18d87\"},\"headline\":\"GrIFK ja PIF hakevat vuoden ensimm\u00e4ist\u00e4 voittoa\",\"datePublished\":\"2018-01-23T18:00:25+00:00\",\"mainEntityOfPage\":{\"@id\":\"https:\\\/\\\/aktialiiga.fi\\\/miehet\\\/2017-2018\\\/ennakot-2017-2018\\\/grifk-ja-pif-hakevat-vuoden-ensimmaista-voittoa\\\/\"},\"wordCount\":200,\"publisher\":{\"@id\":\"https:\\\/\\\/aktialiiga.fi\\\/miehet\\\/#organization\"},\"image\":{\"@id\":\"https:\\\/\\\/aktialiiga.fi\\\/miehet\\\/2017-2018\\\/ennakot-2017-2018\\\/grifk-ja-pif-hakevat-vuoden-ensimmaista-voittoa\\\/#primaryimage\"},\"thumbnailUrl\":\"https:\\\/\\\/i0.wp.com\\\/aktialiiga.fi\\\/miehet\\\/wp-content\\\/uploads\\\/sites\\\/5\\\/2017\\\/09\\\/GrIFK_2017-18.jpg?fit=2048%2C1363&ssl=1\",\"keywords\":[\"GrIFK\",\"PIF\"],\"articleSection\":[\"Ennakot\"],\"inLanguage\":\"fi\"},{\"@type\":\"WebPage\",\"@id\":\"https:\\\/\\\/aktialiiga.fi\\\/miehet\\\/2017-2018\\\/ennakot-2017-2018\\\/grifk-ja-pif-hakevat-vuoden-ensimmaista-voittoa\\\/\",\"url\":\"https:\\\/\\\/aktialiiga.fi\\\/miehet\\\/2017-2018\\\/ennakot-2017-2018\\\/grifk-ja-pif-hakevat-vuoden-ensimmaista-voittoa\\\/\",\"name\":\"GrIFK ja PIF hakevat vuoden ensimm\u00e4ist\u00e4 voittoa | K\u00e4sipallon miesten Aktialiiga\",\"isPartOf\":{\"@id\":\"https:\\\/\\\/aktialiiga.fi\\\/miehet\\\/#website\"},\"primaryImageOfPage\":{\"@id\":\"https:\\\/\\\/aktialiiga.fi\\\/miehet\\\/2017-2018\\\/ennakot-2017-2018\\\/grifk-ja-pif-hakevat-vuoden-ensimmaista-voittoa\\\/#primaryimage\"},\"image\":{\"@id\":\"https:\\\/\\\/aktialiiga.fi\\\/miehet\\\/2017-2018\\\/ennakot-2017-2018\\\/grifk-ja-pif-hakevat-vuoden-ensimmaista-voittoa\\\/#primaryimage\"},\"thumbnailUrl\":\"https:\\\/\\\/i0.wp.com\\\/aktialiiga.fi\\\/miehet\\\/wp-content\\\/uploads\\\/sites\\\/5\\\/2017\\\/09\\\/GrIFK_2017-18.jpg?fit=2048%2C1363&ssl=1\",\"datePublished\":\"2018-01-23T18:00:25+00:00\",\"breadcrumb\":{\"@id\":\"https:\\\/\\\/aktialiiga.fi\\\/miehet\\\/2017-2018\\\/ennakot-2017-2018\\\/grifk-ja-pif-hakevat-vuoden-ensimmaista-voittoa\\\/#breadcrumb\"},\"inLanguage\":\"fi\",\"potentialAction\":[{\"@type\":\"ReadAction\",\"target\":[\"https:\\\/\\\/aktialiiga.fi\\\/miehet\\\/2017-2018\\\/ennakot-2017-2018\\\/grifk-ja-pif-hakevat-vuoden-ensimmaista-voittoa\\\/\"]}]},{\"@type\":\"ImageObject\",\"inLanguage\":\"fi\",\"@id\":\"https:\\\/\\\/aktialiiga.fi\\\/miehet\\\/2017-2018\\\/ennakot-2017-2018\\\/grifk-ja-pif-hakevat-vuoden-ensimmaista-voittoa\\\/#primaryimage\",\"url\":\"https:\\\/\\\/i0.wp.com\\\/aktialiiga.fi\\\/miehet\\\/wp-content\\\/uploads\\\/sites\\\/5\\\/2017\\\/09\\\/GrIFK_2017-18.jpg?fit=2048%2C1363&ssl=1\",\"contentUrl\":\"https:\\\/\\\/i0.wp.com\\\/aktialiiga.fi\\\/miehet\\\/wp-content\\\/uploads\\\/sites\\\/5\\\/2017\\\/09\\\/GrIFK_2017-18.jpg?fit=2048%2C1363&ssl=1\",\"width\":2048,\"height\":1363},{\"@type\":\"BreadcrumbList\",\"@id\":\"https:\\\/\\\/aktialiiga.fi\\\/miehet\\\/2017-2018\\\/ennakot-2017-2018\\\/grifk-ja-pif-hakevat-vuoden-ensimmaista-voittoa\\\/#breadcrumb\",\"itemListElement\":[{\"@type\":\"ListItem\",\"position\":1,\"name\":\"Etusivu\",\"item\":\"https:\\\/\\\/aktialiiga.fi\\\/miehet\\\/\"},{\"@type\":\"ListItem\",\"position\":2,\"name\":\"GrIFK ja PIF hakevat vuoden ensimm\u00e4ist\u00e4 voittoa\"}]},{\"@type\":\"WebSite\",\"@id\":\"https:\\\/\\\/aktialiiga.fi\\\/miehet\\\/#website\",\"url\":\"https:\\\/\\\/aktialiiga.fi\\\/miehet\\\/\",\"name\":\"K\u00e4sipallon miesten Aktialiiga\",\"description\":\"Valtakunnan vauhdikkainta palloilua!\",\"publisher\":{\"@id\":\"https:\\\/\\\/aktialiiga.fi\\\/miehet\\\/#organization\"},\"potentialAction\":[{\"@type\":\"SearchAction\",\"target\":{\"@type\":\"EntryPoint\",\"urlTemplate\":\"https:\\\/\\\/aktialiiga.fi\\\/miehet\\\/?s={search_term_string}\"},\"query-input\":{\"@type\":\"PropertyValueSpecification\",\"valueRequired\":true,\"valueName\":\"search_term_string\"}}],\"inLanguage\":\"fi\"},{\"@type\":\"Organization\",\"@id\":\"https:\\\/\\\/aktialiiga.fi\\\/miehet\\\/#organization\",\"name\":\"K\u00e4sipallon miesten Aktialiiga\",\"url\":\"https:\\\/\\\/aktialiiga.fi\\\/miehet\\\/\",\"logo\":{\"@type\":\"ImageObject\",\"inLanguage\":\"fi\",\"@id\":\"https:\\\/\\\/aktialiiga.fi\\\/miehet\\\/#\\\/schema\\\/logo\\\/image\\\/\",\"url\":\"https:\\\/\\\/i0.wp.com\\\/aktialiiga.fi\\\/miehet\\\/wp-content\\\/uploads\\\/sites\\\/5\\\/2024\\\/09\\\/Aktialiiga-Yoast-512.png?fit=512%2C512&ssl=1\",\"contentUrl\":\"https:\\\/\\\/i0.wp.com\\\/aktialiiga.fi\\\/miehet\\\/wp-content\\\/uploads\\\/sites\\\/5\\\/2024\\\/09\\\/Aktialiiga-Yoast-512.png?fit=512%2C512&ssl=1\",\"width\":512,\"height\":512,\"caption\":\"K\u00e4sipallon miesten Aktialiiga\"},\"image\":{\"@id\":\"https:\\\/\\\/aktialiiga.fi\\\/miehet\\\/#\\\/schema\\\/logo\\\/image\\\/\"},\"sameAs\":[\"https:\\\/\\\/www.facebook.com\\\/finnhandball\",\"https:\\\/\\\/x.com\\\/finnhandball\",\"https:\\\/\\\/www.instagram.com\\\/handballfinland\\\/\"]},{\"@type\":\"Person\",\"@id\":\"https:\\\/\\\/aktialiiga.fi\\\/miehet\\\/#\\\/schema\\\/person\\\/c14bf42f47041db74603c45afcb18d87\",\"name\":\"tbrmedia\",\"image\":{\"@type\":\"ImageObject\",\"inLanguage\":\"fi\",\"@id\":\"https:\\\/\\\/secure.gravatar.com\\\/avatar\\\/ee975fa091fe581d12b60debb3439022686618368a7c142044c56724d4666b16?s=96&d=mm&r=g\",\"url\":\"https:\\\/\\\/secure.gravatar.com\\\/avatar\\\/ee975fa091fe581d12b60debb3439022686618368a7c142044c56724d4666b16?s=96&d=mm&r=g\",\"contentUrl\":\"https:\\\/\\\/secure.gravatar.com\\\/avatar\\\/ee975fa091fe581d12b60debb3439022686618368a7c142044c56724d4666b16?s=96&d=mm&r=g\",\"caption\":\"tbrmedia\"}}]}<\/script>\n<!-- \/ Yoast SEO plugin. -->","yoast_head_json":{"title":"GrIFK ja PIF hakevat vuoden ensimm\u00e4ist\u00e4 voittoa | K\u00e4sipallon miesten Aktialiiga","robots":{"index":"index","follow":"follow","max-snippet":"max-snippet:-1","max-image-preview":"max-image-preview:large","max-video-preview":"max-video-preview:-1"},"canonical":"https:\/\/aktialiiga.fi\/miehet\/2017-2018\/ennakot-2017-2018\/grifk-ja-pif-hakevat-vuoden-ensimmaista-voittoa\/","og_locale":"fi_FI","og_type":"article","og_title":"GrIFK ja PIF hakevat vuoden ensimm\u00e4ist\u00e4 voittoa | K\u00e4sipallon miesten Aktialiiga","og_description":"GrIFK:n liigamiehist\u00f6 on selvinnyt taannoisesta lumimyrskyst\u00e4 takaisin kotiluolansa l\u00e4mp\u00f6\u00f6n ja valmistautuu Cocks-ottelun j\u00e4lkeen seuraavaan taistoon. Keskiviikkona 24.1. p\u00e4\u00e4st\u00e4\u00e4n viiden viikon tauon j\u00e4lkeen j\u00e4lleen kotiyleis\u00f6n eteen. Vastustaja PIF Paraisilta on toisella liigakaudellaan sitten vuoden 1997 onnistunut nelinkertaistamaan viime kauden pistepottinsa voitettuaan marraskuussa ensin kotonaan HIK:n ja tekem\u00e4ll\u00e4 heti seuraavalla kierroksella kenties kauden suurimman yll\u00e4tyksen otettuaan molemmat [&hellip;]","og_url":"https:\/\/aktialiiga.fi\/miehet\/2017-2018\/ennakot-2017-2018\/grifk-ja-pif-hakevat-vuoden-ensimmaista-voittoa\/","og_site_name":"K\u00e4sipallon miesten Aktialiiga","article_publisher":"https:\/\/www.facebook.com\/finnhandball","article_published_time":"2018-01-23T18:00:25+00:00","og_image":[{"width":2048,"height":1363,"url":"https:\/\/i0.wp.com\/aktialiiga.fi\/miehet\/wp-content\/uploads\/sites\/5\/2017\/09\/GrIFK_2017-18.jpg?fit=2048%2C1363&ssl=1","type":"image\/jpeg"}],"author":"tbrmedia","twitter_card":"summary_large_image","twitter_creator":"@finnhandball","twitter_site":"@finnhandball","schema":{"@context":"https:\/\/schema.org","@graph":[{"@type":"Article","@id":"https:\/\/aktialiiga.fi\/miehet\/2017-2018\/ennakot-2017-2018\/grifk-ja-pif-hakevat-vuoden-ensimmaista-voittoa\/#article","isPartOf":{"@id":"https:\/\/aktialiiga.fi\/miehet\/2017-2018\/ennakot-2017-2018\/grifk-ja-pif-hakevat-vuoden-ensimmaista-voittoa\/"},"author":{"name":"tbrmedia","@id":"https:\/\/aktialiiga.fi\/miehet\/#\/schema\/person\/c14bf42f47041db74603c45afcb18d87"},"headline":"GrIFK ja PIF hakevat vuoden ensimm\u00e4ist\u00e4 voittoa","datePublished":"2018-01-23T18:00:25+00:00","mainEntityOfPage":{"@id":"https:\/\/aktialiiga.fi\/miehet\/2017-2018\/ennakot-2017-2018\/grifk-ja-pif-hakevat-vuoden-ensimmaista-voittoa\/"},"wordCount":200,"publisher":{"@id":"https:\/\/aktialiiga.fi\/miehet\/#organization"},"image":{"@id":"https:\/\/aktialiiga.fi\/miehet\/2017-2018\/ennakot-2017-2018\/grifk-ja-pif-hakevat-vuoden-ensimmaista-voittoa\/#primaryimage"},"thumbnailUrl":"https:\/\/i0.wp.com\/aktialiiga.fi\/miehet\/wp-content\/uploads\/sites\/5\/2017\/09\/GrIFK_2017-18.jpg?fit=2048%2C1363&ssl=1","keywords":["GrIFK","PIF"],"articleSection":["Ennakot"],"inLanguage":"fi"},{"@type":"WebPage","@id":"https:\/\/aktialiiga.fi\/miehet\/2017-2018\/ennakot-2017-2018\/grifk-ja-pif-hakevat-vuoden-ensimmaista-voittoa\/","url":"https:\/\/aktialiiga.fi\/miehet\/2017-2018\/ennakot-2017-2018\/grifk-ja-pif-hakevat-vuoden-ensimmaista-voittoa\/","name":"GrIFK ja PIF hakevat vuoden ensimm\u00e4ist\u00e4 voittoa | K\u00e4sipallon miesten Aktialiiga","isPartOf":{"@id":"https:\/\/aktialiiga.fi\/miehet\/#website"},"primaryImageOfPage":{"@id":"https:\/\/aktialiiga.fi\/miehet\/2017-2018\/ennakot-2017-2018\/grifk-ja-pif-hakevat-vuoden-ensimmaista-voittoa\/#primaryimage"},"image":{"@id":"https:\/\/aktialiiga.fi\/miehet\/2017-2018\/ennakot-2017-2018\/grifk-ja-pif-hakevat-vuoden-ensimmaista-voittoa\/#primaryimage"},"thumbnailUrl":"https:\/\/i0.wp.com\/aktialiiga.fi\/miehet\/wp-content\/uploads\/sites\/5\/2017\/09\/GrIFK_2017-18.jpg?fit=2048%2C1363&ssl=1","datePublished":"2018-01-23T18:00:25+00:00","breadcrumb":{"@id":"https:\/\/aktialiiga.fi\/miehet\/2017-2018\/ennakot-2017-2018\/grifk-ja-pif-hakevat-vuoden-ensimmaista-voittoa\/#breadcrumb"},"inLanguage":"fi","potentialAction":[{"@type":"ReadAction","target":["https:\/\/aktialiiga.fi\/miehet\/2017-2018\/ennakot-2017-2018\/grifk-ja-pif-hakevat-vuoden-ensimmaista-voittoa\/"]}]},{"@type":"ImageObject","inLanguage":"fi","@id":"https:\/\/aktialiiga.fi\/miehet\/2017-2018\/ennakot-2017-2018\/grifk-ja-pif-hakevat-vuoden-ensimmaista-voittoa\/#primaryimage","url":"https:\/\/i0.wp.com\/aktialiiga.fi\/miehet\/wp-content\/uploads\/sites\/5\/2017\/09\/GrIFK_2017-18.jpg?fit=2048%2C1363&ssl=1","contentUrl":"https:\/\/i0.wp.com\/aktialiiga.fi\/miehet\/wp-content\/uploads\/sites\/5\/2017\/09\/GrIFK_2017-18.jpg?fit=2048%2C1363&ssl=1","width":2048,"height":1363},{"@type":"BreadcrumbList","@id":"https:\/\/aktialiiga.fi\/miehet\/2017-2018\/ennakot-2017-2018\/grifk-ja-pif-hakevat-vuoden-ensimmaista-voittoa\/#breadcrumb","itemListElement":[{"@type":"ListItem","position":1,"name":"Etusivu","item":"https:\/\/aktialiiga.fi\/miehet\/"},{"@type":"ListItem","position":2,"name":"GrIFK ja PIF hakevat vuoden ensimm\u00e4ist\u00e4 voittoa"}]},{"@type":"WebSite","@id":"https:\/\/aktialiiga.fi\/miehet\/#website","url":"https:\/\/aktialiiga.fi\/miehet\/","name":"K\u00e4sipallon miesten Aktialiiga","description":"Valtakunnan vauhdikkainta palloilua!","publisher":{"@id":"https:\/\/aktialiiga.fi\/miehet\/#organization"},"potentialAction":[{"@type":"SearchAction","target":{"@type":"EntryPoint","urlTemplate":"https:\/\/aktialiiga.fi\/miehet\/?s={search_term_string}"},"query-input":{"@type":"PropertyValueSpecification","valueRequired":true,"valueName":"search_term_string"}}],"inLanguage":"fi"},{"@type":"Organization","@id":"https:\/\/aktialiiga.fi\/miehet\/#organization","name":"K\u00e4sipallon miesten Aktialiiga","url":"https:\/\/aktialiiga.fi\/miehet\/","logo":{"@type":"ImageObject","inLanguage":"fi","@id":"https:\/\/aktialiiga.fi\/miehet\/#\/schema\/logo\/image\/","url":"https:\/\/i0.wp.com\/aktialiiga.fi\/miehet\/wp-content\/uploads\/sites\/5\/2024\/09\/Aktialiiga-Yoast-512.png?fit=512%2C512&ssl=1","contentUrl":"https:\/\/i0.wp.com\/aktialiiga.fi\/miehet\/wp-content\/uploads\/sites\/5\/2024\/09\/Aktialiiga-Yoast-512.png?fit=512%2C512&ssl=1","width":512,"height":512,"caption":"K\u00e4sipallon miesten Aktialiiga"},"image":{"@id":"https:\/\/aktialiiga.fi\/miehet\/#\/schema\/logo\/image\/"},"sameAs":["https:\/\/www.facebook.com\/finnhandball","https:\/\/x.com\/finnhandball","https:\/\/www.instagram.com\/handballfinland\/"]},{"@type":"Person","@id":"https:\/\/aktialiiga.fi\/miehet\/#\/schema\/person\/c14bf42f47041db74603c45afcb18d87","name":"tbrmedia","image":{"@type":"ImageObject","inLanguage":"fi","@id":"https:\/\/secure.gravatar.com\/avatar\/ee975fa091fe581d12b60debb3439022686618368a7c142044c56724d4666b16?s=96&d=mm&r=g","url":"https:\/\/secure.gravatar.com\/avatar\/ee975fa091fe581d12b60debb3439022686618368a7c142044c56724d4666b16?s=96&d=mm&r=g","contentUrl":"https:\/\/secure.gravatar.com\/avatar\/ee975fa091fe581d12b60debb3439022686618368a7c142044c56724d4666b16?s=96&d=mm&r=g","caption":"tbrmedia"}}]}},"jetpack_featured_media_url":"https:\/\/i0.wp.com\/aktialiiga.fi\/miehet\/wp-content\/uploads\/sites\/5\/2017\/09\/GrIFK_2017-18.jpg?fit=2048%2C1363&ssl=1","jetpack_sharing_enabled":true,"jetpack_shortlink":"https:\/\/wp.me\/pfTxOr-4Xx","_links":{"self":[{"href":"https:\/\/aktialiiga.fi\/miehet\/wp-json\/wp\/v2\/posts\/19067","targetHints":{"allow":["GET"]}}],"collection":[{"href":"https:\/\/aktialiiga.fi\/miehet\/wp-json\/wp\/v2\/posts"}],"about":[{"href":"https:\/\/aktialiiga.fi\/miehet\/wp-json\/wp\/v2\/types\/post"}],"author":[{"embeddable":true,"href":"https:\/\/aktialiiga.fi\/miehet\/wp-json\/wp\/v2\/users\/13"}],"replies":[{"embeddable":true,"href":"https:\/\/aktialiiga.fi\/miehet\/wp-json\/wp\/v2\/comments?post=19067"}],"version-history":[{"count":0,"href":"https:\/\/aktialiiga.fi\/miehet\/wp-json\/wp\/v2\/posts\/19067\/revisions"}],"wp:featuredmedia":[{"embeddable":true,"href":"https:\/\/aktialiiga.fi\/miehet\/wp-json\/wp\/v2\/media\/17682"}],"wp:attachment":[{"href":"https:\/\/aktialiiga.fi\/miehet\/wp-json\/wp\/v2\/media?parent=19067"}],"wp:term":[{"taxonomy":"category","embeddable":true,"href":"https:\/\/aktialiiga.fi\/miehet\/wp-json\/wp\/v2\/categories?post=19067"},{"taxonomy":"post_tag","embeddable":true,"href":"https:\/\/aktialiiga.fi\/miehet\/wp-json\/wp\/v2\/tags?post=19067"}],"curies":[{"name":"wp","href":"https:\/\/api.w.org\/{rel}","templated":true}]}}