{"id":19219,"date":"2018-02-02T23:37:08","date_gmt":"2018-02-02T21:37:08","guid":{"rendered":"https:\/\/aktialiiga.fi\/miehet\/?p=19219"},"modified":"2018-02-02T23:37:08","modified_gmt":"2018-02-02T21:37:08","slug":"aifk-isannoi-dickenia-lauantaina","status":"publish","type":"post","link":"https:\/\/aktialiiga.fi\/miehet\/2017-2018\/ennakot-2017-2018\/aifk-isannoi-dickenia-lauantaina\/","title":{"rendered":"\u00c5IFK is\u00e4nn\u00f6i Dickeni\u00e4 lauantaina"},"content":{"rendered":"<p>Eri l\u00e4ht\u00f6kohdista, mutta yht\u00e4 lailla kovin panoksin kent\u00e4lle astelevat \u00c5IFK ja Dicken SM-liigan lauantain alkuiltap\u00e4iv\u00e4n kamppailuun.<\/p>\n<p>Dicken selvisi hyv\u00e4ksytyin arvosanoin reilun viikon takaisesta kolmen eritt\u00e4in t\u00e4rke\u00e4n pelin sumasta, kun kaksi p\u00e4\u00e4ttyi murskavoittoihin Atlaksesta ja GrIFK:sta, kun taas BK-46:ta vastaan k\u00e4rsittiin eritt\u00e4in kirvelev\u00e4 maalin tappio lukemin 33-32.<\/p>\n<p>Tulokset olivat siin\u00e4 mieless\u00e4 hyv\u00e4t, ett\u00e4 nyt lauttasaarelaisten paikka auringossa, eli ylemm\u00e4ss\u00e4 jatkosarjassa on t\u00e4ysin itsest\u00e4 kiinni. J\u00e4ljell\u00e4 on kolme ottelua, \u00c5IFK:ta, HIK:ta sek\u00e4 Cocksia vastaan. N\u00e4ist\u00e4 pit\u00e4isi voittaa kaksi peli\u00e4, niin paikka on varma.<\/p>\n<p>Ensimm\u00e4inen este koittaa jo lauantaina\u00a0 kun lauttasaarelaiset matkaavat Samppalinnaan \u00c5IFK:n vieraaksi. Ennakkosuosikkina otteluun l\u00e4htev\u00e4n Dickenin miehist\u00f6 on kunnossa, mutta lepsuiluun ei tietenk\u00e4\u00e4n ole varaa. Hieman haastetta saattaa aiheuttaa aikainen l\u00e4ht\u00f6 ja bussimatka ennen peli\u00e4. Dickenin on oltava erityisen varuillaan Andreas Nystr\u00f6min ja Oscar Berglundin kanssa, sill\u00e4 juuri he ovat Kanarialintujen suurimmat vaarat t\u00e4ll\u00e4 hetkell\u00e4.<\/p>\n<p>\u00c5IFK:lla on yht\u00e4 lailla panoksia peliss\u00e4 riitt\u00e4miin, sill\u00e4 runkosarjan kahdeksas sija ja paikka alemmassa jatkosarjassa ei viel\u00e4 ole l\u00e4hesk\u00e4\u00e4n varma. Jokainen piste on \u00c5IFK:lle eritt\u00e4in arvokas.<\/p>\n<p>Ottelu Samppalinnassa alkaa lauantaina kello 14.00.<\/p>\n<p><em>K\u00e4sipallon miesten SM-liigan ottelut kattavasti my\u00f6s Veikkauksen urheilupelien tarjonnassa, k\u00e4sipallon kohteet l\u00f6yd\u00e4t <a href=\"https:\/\/www.veikkaus.fi\/fi\/pitkaveto?sportId=12&amp;selectedLeagues=12-all\" target=\"_blank\" rel=\"noopener\">t\u00e4\u00e4lt\u00e4<\/a>.<\/em><\/p>\n","protected":false},"excerpt":{"rendered":"<p>Eri l\u00e4ht\u00f6kohdista, mutta yht\u00e4 lailla kovin panoksin kent\u00e4lle astelevat \u00c5IFK ja Dicken SM-liigan lauantain alkuiltap\u00e4iv\u00e4n kamppailuun. Dicken selvisi hyv\u00e4ksytyin arvosanoin reilun viikon takaisesta kolmen eritt\u00e4in t\u00e4rke\u00e4n pelin sumasta, kun kaksi p\u00e4\u00e4ttyi murskavoittoihin Atlaksesta ja GrIFK:sta, kun taas BK-46:ta vastaan k\u00e4rsittiin eritt\u00e4in kirvelev\u00e4 maalin tappio lukemin 33-32. Tulokset olivat siin\u00e4 mieless\u00e4 hyv\u00e4t, ett\u00e4 nyt lauttasaarelaisten paikka [&hellip;]<\/p>\n","protected":false},"author":13,"featured_media":17850,"comment_status":"closed","ping_status":"closed","sticky":false,"template":"","format":"standard","meta":{"_acf_changed":false,"jetpack_post_was_ever_published":false,"_jetpack_newsletter_access":"","_jetpack_dont_email_post_to_subs":false,"_jetpack_newsletter_tier_id":0,"_jetpack_memberships_contains_paywalled_content":false,"_jetpack_memberships_contains_paid_content":false,"footnotes":""},"categories":[201],"tags":[50,58],"class_list":["post-19219","post","type-post","status-publish","format-standard","has-post-thumbnail","hentry","category-ennakot-2017-2018","tag-aifk","tag-dicken"],"acf":[],"yoast_head":"<!-- This site is optimized with the Yoast SEO plugin v27.5 - https:\/\/yoast.com\/product\/yoast-seo-wordpress\/ -->\n<title>\u00c5IFK is\u00e4nn\u00f6i Dickeni\u00e4 lauantaina | K\u00e4sipallon miesten Aktialiiga<\/title>\n<meta name=\"robots\" content=\"index, follow, max-snippet:-1, max-image-preview:large, max-video-preview:-1\" \/>\n<link rel=\"canonical\" href=\"https:\/\/aktialiiga.fi\/miehet\/2017-2018\/ennakot-2017-2018\/aifk-isannoi-dickenia-lauantaina\/\" \/>\n<meta property=\"og:locale\" content=\"fi_FI\" \/>\n<meta property=\"og:type\" content=\"article\" \/>\n<meta property=\"og:title\" content=\"\u00c5IFK is\u00e4nn\u00f6i Dickeni\u00e4 lauantaina | K\u00e4sipallon miesten Aktialiiga\" \/>\n<meta property=\"og:description\" content=\"Eri l\u00e4ht\u00f6kohdista, mutta yht\u00e4 lailla kovin panoksin kent\u00e4lle astelevat \u00c5IFK ja Dicken SM-liigan lauantain alkuiltap\u00e4iv\u00e4n kamppailuun. Dicken selvisi hyv\u00e4ksytyin arvosanoin reilun viikon takaisesta kolmen eritt\u00e4in t\u00e4rke\u00e4n pelin sumasta, kun kaksi p\u00e4\u00e4ttyi murskavoittoihin Atlaksesta ja GrIFK:sta, kun taas BK-46:ta vastaan k\u00e4rsittiin eritt\u00e4in kirvelev\u00e4 maalin tappio lukemin 33-32. Tulokset olivat siin\u00e4 mieless\u00e4 hyv\u00e4t, ett\u00e4 nyt lauttasaarelaisten paikka [&hellip;]\" \/>\n<meta property=\"og:url\" content=\"https:\/\/aktialiiga.fi\/miehet\/2017-2018\/ennakot-2017-2018\/aifk-isannoi-dickenia-lauantaina\/\" \/>\n<meta property=\"og:site_name\" content=\"K\u00e4sipallon miesten Aktialiiga\" \/>\n<meta property=\"article:publisher\" content=\"https:\/\/www.facebook.com\/finnhandball\" \/>\n<meta property=\"article:published_time\" content=\"2018-02-02T21:37:08+00:00\" \/>\n<meta property=\"og:image\" content=\"https:\/\/aktialiiga.fi\/miehet\/wp-content\/uploads\/sites\/5\/2017\/09\/IFK-HM-2017-18-1030x687.jpg\" \/>\n\t<meta property=\"og:image:width\" content=\"1030\" \/>\n\t<meta property=\"og:image:height\" content=\"687\" \/>\n\t<meta property=\"og:image:type\" content=\"image\/jpeg\" \/>\n<meta name=\"author\" content=\"tbrmedia\" \/>\n<meta name=\"twitter:card\" content=\"summary_large_image\" \/>\n<meta name=\"twitter:creator\" content=\"@finnhandball\" \/>\n<meta name=\"twitter:site\" content=\"@finnhandball\" \/>\n<script type=\"application\/ld+json\" class=\"yoast-schema-graph\">{\"@context\":\"https:\\\/\\\/schema.org\",\"@graph\":[{\"@type\":\"Article\",\"@id\":\"https:\\\/\\\/aktialiiga.fi\\\/miehet\\\/2017-2018\\\/ennakot-2017-2018\\\/aifk-isannoi-dickenia-lauantaina\\\/#article\",\"isPartOf\":{\"@id\":\"https:\\\/\\\/aktialiiga.fi\\\/miehet\\\/2017-2018\\\/ennakot-2017-2018\\\/aifk-isannoi-dickenia-lauantaina\\\/\"},\"author\":{\"name\":\"tbrmedia\",\"@id\":\"https:\\\/\\\/aktialiiga.fi\\\/miehet\\\/#\\\/schema\\\/person\\\/c14bf42f47041db74603c45afcb18d87\"},\"headline\":\"\u00c5IFK is\u00e4nn\u00f6i Dickeni\u00e4 lauantaina\",\"datePublished\":\"2018-02-02T21:37:08+00:00\",\"mainEntityOfPage\":{\"@id\":\"https:\\\/\\\/aktialiiga.fi\\\/miehet\\\/2017-2018\\\/ennakot-2017-2018\\\/aifk-isannoi-dickenia-lauantaina\\\/\"},\"wordCount\":227,\"publisher\":{\"@id\":\"https:\\\/\\\/aktialiiga.fi\\\/miehet\\\/#organization\"},\"image\":{\"@id\":\"https:\\\/\\\/aktialiiga.fi\\\/miehet\\\/2017-2018\\\/ennakot-2017-2018\\\/aifk-isannoi-dickenia-lauantaina\\\/#primaryimage\"},\"thumbnailUrl\":\"https:\\\/\\\/i0.wp.com\\\/aktialiiga.fi\\\/miehet\\\/wp-content\\\/uploads\\\/sites\\\/5\\\/2017\\\/09\\\/IFK-HM-2017-18.jpg?fit=4818%2C3212&ssl=1\",\"keywords\":[\"\u00c5IFK\",\"Dicken\"],\"articleSection\":[\"Ennakot\"],\"inLanguage\":\"fi\"},{\"@type\":\"WebPage\",\"@id\":\"https:\\\/\\\/aktialiiga.fi\\\/miehet\\\/2017-2018\\\/ennakot-2017-2018\\\/aifk-isannoi-dickenia-lauantaina\\\/\",\"url\":\"https:\\\/\\\/aktialiiga.fi\\\/miehet\\\/2017-2018\\\/ennakot-2017-2018\\\/aifk-isannoi-dickenia-lauantaina\\\/\",\"name\":\"\u00c5IFK is\u00e4nn\u00f6i Dickeni\u00e4 lauantaina | K\u00e4sipallon miesten Aktialiiga\",\"isPartOf\":{\"@id\":\"https:\\\/\\\/aktialiiga.fi\\\/miehet\\\/#website\"},\"primaryImageOfPage\":{\"@id\":\"https:\\\/\\\/aktialiiga.fi\\\/miehet\\\/2017-2018\\\/ennakot-2017-2018\\\/aifk-isannoi-dickenia-lauantaina\\\/#primaryimage\"},\"image\":{\"@id\":\"https:\\\/\\\/aktialiiga.fi\\\/miehet\\\/2017-2018\\\/ennakot-2017-2018\\\/aifk-isannoi-dickenia-lauantaina\\\/#primaryimage\"},\"thumbnailUrl\":\"https:\\\/\\\/i0.wp.com\\\/aktialiiga.fi\\\/miehet\\\/wp-content\\\/uploads\\\/sites\\\/5\\\/2017\\\/09\\\/IFK-HM-2017-18.jpg?fit=4818%2C3212&ssl=1\",\"datePublished\":\"2018-02-02T21:37:08+00:00\",\"breadcrumb\":{\"@id\":\"https:\\\/\\\/aktialiiga.fi\\\/miehet\\\/2017-2018\\\/ennakot-2017-2018\\\/aifk-isannoi-dickenia-lauantaina\\\/#breadcrumb\"},\"inLanguage\":\"fi\",\"potentialAction\":[{\"@type\":\"ReadAction\",\"target\":[\"https:\\\/\\\/aktialiiga.fi\\\/miehet\\\/2017-2018\\\/ennakot-2017-2018\\\/aifk-isannoi-dickenia-lauantaina\\\/\"]}]},{\"@type\":\"ImageObject\",\"inLanguage\":\"fi\",\"@id\":\"https:\\\/\\\/aktialiiga.fi\\\/miehet\\\/2017-2018\\\/ennakot-2017-2018\\\/aifk-isannoi-dickenia-lauantaina\\\/#primaryimage\",\"url\":\"https:\\\/\\\/i0.wp.com\\\/aktialiiga.fi\\\/miehet\\\/wp-content\\\/uploads\\\/sites\\\/5\\\/2017\\\/09\\\/IFK-HM-2017-18.jpg?fit=4818%2C3212&ssl=1\",\"contentUrl\":\"https:\\\/\\\/i0.wp.com\\\/aktialiiga.fi\\\/miehet\\\/wp-content\\\/uploads\\\/sites\\\/5\\\/2017\\\/09\\\/IFK-HM-2017-18.jpg?fit=4818%2C3212&ssl=1\",\"width\":4818,\"height\":3212},{\"@type\":\"BreadcrumbList\",\"@id\":\"https:\\\/\\\/aktialiiga.fi\\\/miehet\\\/2017-2018\\\/ennakot-2017-2018\\\/aifk-isannoi-dickenia-lauantaina\\\/#breadcrumb\",\"itemListElement\":[{\"@type\":\"ListItem\",\"position\":1,\"name\":\"Etusivu\",\"item\":\"https:\\\/\\\/aktialiiga.fi\\\/miehet\\\/\"},{\"@type\":\"ListItem\",\"position\":2,\"name\":\"\u00c5IFK is\u00e4nn\u00f6i Dickeni\u00e4 lauantaina\"}]},{\"@type\":\"WebSite\",\"@id\":\"https:\\\/\\\/aktialiiga.fi\\\/miehet\\\/#website\",\"url\":\"https:\\\/\\\/aktialiiga.fi\\\/miehet\\\/\",\"name\":\"K\u00e4sipallon miesten Aktialiiga\",\"description\":\"Valtakunnan vauhdikkainta palloilua!\",\"publisher\":{\"@id\":\"https:\\\/\\\/aktialiiga.fi\\\/miehet\\\/#organization\"},\"potentialAction\":[{\"@type\":\"SearchAction\",\"target\":{\"@type\":\"EntryPoint\",\"urlTemplate\":\"https:\\\/\\\/aktialiiga.fi\\\/miehet\\\/?s={search_term_string}\"},\"query-input\":{\"@type\":\"PropertyValueSpecification\",\"valueRequired\":true,\"valueName\":\"search_term_string\"}}],\"inLanguage\":\"fi\"},{\"@type\":\"Organization\",\"@id\":\"https:\\\/\\\/aktialiiga.fi\\\/miehet\\\/#organization\",\"name\":\"K\u00e4sipallon miesten Aktialiiga\",\"url\":\"https:\\\/\\\/aktialiiga.fi\\\/miehet\\\/\",\"logo\":{\"@type\":\"ImageObject\",\"inLanguage\":\"fi\",\"@id\":\"https:\\\/\\\/aktialiiga.fi\\\/miehet\\\/#\\\/schema\\\/logo\\\/image\\\/\",\"url\":\"https:\\\/\\\/i0.wp.com\\\/aktialiiga.fi\\\/miehet\\\/wp-content\\\/uploads\\\/sites\\\/5\\\/2024\\\/09\\\/Aktialiiga-Yoast-512.png?fit=512%2C512&ssl=1\",\"contentUrl\":\"https:\\\/\\\/i0.wp.com\\\/aktialiiga.fi\\\/miehet\\\/wp-content\\\/uploads\\\/sites\\\/5\\\/2024\\\/09\\\/Aktialiiga-Yoast-512.png?fit=512%2C512&ssl=1\",\"width\":512,\"height\":512,\"caption\":\"K\u00e4sipallon miesten Aktialiiga\"},\"image\":{\"@id\":\"https:\\\/\\\/aktialiiga.fi\\\/miehet\\\/#\\\/schema\\\/logo\\\/image\\\/\"},\"sameAs\":[\"https:\\\/\\\/www.facebook.com\\\/finnhandball\",\"https:\\\/\\\/x.com\\\/finnhandball\",\"https:\\\/\\\/www.instagram.com\\\/handballfinland\\\/\"]},{\"@type\":\"Person\",\"@id\":\"https:\\\/\\\/aktialiiga.fi\\\/miehet\\\/#\\\/schema\\\/person\\\/c14bf42f47041db74603c45afcb18d87\",\"name\":\"tbrmedia\",\"image\":{\"@type\":\"ImageObject\",\"inLanguage\":\"fi\",\"@id\":\"https:\\\/\\\/secure.gravatar.com\\\/avatar\\\/ee975fa091fe581d12b60debb3439022686618368a7c142044c56724d4666b16?s=96&d=mm&r=g\",\"url\":\"https:\\\/\\\/secure.gravatar.com\\\/avatar\\\/ee975fa091fe581d12b60debb3439022686618368a7c142044c56724d4666b16?s=96&d=mm&r=g\",\"contentUrl\":\"https:\\\/\\\/secure.gravatar.com\\\/avatar\\\/ee975fa091fe581d12b60debb3439022686618368a7c142044c56724d4666b16?s=96&d=mm&r=g\",\"caption\":\"tbrmedia\"}}]}<\/script>\n<!-- \/ Yoast SEO plugin. -->","yoast_head_json":{"title":"\u00c5IFK is\u00e4nn\u00f6i Dickeni\u00e4 lauantaina | K\u00e4sipallon miesten Aktialiiga","robots":{"index":"index","follow":"follow","max-snippet":"max-snippet:-1","max-image-preview":"max-image-preview:large","max-video-preview":"max-video-preview:-1"},"canonical":"https:\/\/aktialiiga.fi\/miehet\/2017-2018\/ennakot-2017-2018\/aifk-isannoi-dickenia-lauantaina\/","og_locale":"fi_FI","og_type":"article","og_title":"\u00c5IFK is\u00e4nn\u00f6i Dickeni\u00e4 lauantaina | K\u00e4sipallon miesten Aktialiiga","og_description":"Eri l\u00e4ht\u00f6kohdista, mutta yht\u00e4 lailla kovin panoksin kent\u00e4lle astelevat \u00c5IFK ja Dicken SM-liigan lauantain alkuiltap\u00e4iv\u00e4n kamppailuun. Dicken selvisi hyv\u00e4ksytyin arvosanoin reilun viikon takaisesta kolmen eritt\u00e4in t\u00e4rke\u00e4n pelin sumasta, kun kaksi p\u00e4\u00e4ttyi murskavoittoihin Atlaksesta ja GrIFK:sta, kun taas BK-46:ta vastaan k\u00e4rsittiin eritt\u00e4in kirvelev\u00e4 maalin tappio lukemin 33-32. Tulokset olivat siin\u00e4 mieless\u00e4 hyv\u00e4t, ett\u00e4 nyt lauttasaarelaisten paikka [&hellip;]","og_url":"https:\/\/aktialiiga.fi\/miehet\/2017-2018\/ennakot-2017-2018\/aifk-isannoi-dickenia-lauantaina\/","og_site_name":"K\u00e4sipallon miesten Aktialiiga","article_publisher":"https:\/\/www.facebook.com\/finnhandball","article_published_time":"2018-02-02T21:37:08+00:00","og_image":[{"width":1030,"height":687,"url":"https:\/\/aktialiiga.fi\/miehet\/wp-content\/uploads\/sites\/5\/2017\/09\/IFK-HM-2017-18-1030x687.jpg","type":"image\/jpeg"}],"author":"tbrmedia","twitter_card":"summary_large_image","twitter_creator":"@finnhandball","twitter_site":"@finnhandball","schema":{"@context":"https:\/\/schema.org","@graph":[{"@type":"Article","@id":"https:\/\/aktialiiga.fi\/miehet\/2017-2018\/ennakot-2017-2018\/aifk-isannoi-dickenia-lauantaina\/#article","isPartOf":{"@id":"https:\/\/aktialiiga.fi\/miehet\/2017-2018\/ennakot-2017-2018\/aifk-isannoi-dickenia-lauantaina\/"},"author":{"name":"tbrmedia","@id":"https:\/\/aktialiiga.fi\/miehet\/#\/schema\/person\/c14bf42f47041db74603c45afcb18d87"},"headline":"\u00c5IFK is\u00e4nn\u00f6i Dickeni\u00e4 lauantaina","datePublished":"2018-02-02T21:37:08+00:00","mainEntityOfPage":{"@id":"https:\/\/aktialiiga.fi\/miehet\/2017-2018\/ennakot-2017-2018\/aifk-isannoi-dickenia-lauantaina\/"},"wordCount":227,"publisher":{"@id":"https:\/\/aktialiiga.fi\/miehet\/#organization"},"image":{"@id":"https:\/\/aktialiiga.fi\/miehet\/2017-2018\/ennakot-2017-2018\/aifk-isannoi-dickenia-lauantaina\/#primaryimage"},"thumbnailUrl":"https:\/\/i0.wp.com\/aktialiiga.fi\/miehet\/wp-content\/uploads\/sites\/5\/2017\/09\/IFK-HM-2017-18.jpg?fit=4818%2C3212&ssl=1","keywords":["\u00c5IFK","Dicken"],"articleSection":["Ennakot"],"inLanguage":"fi"},{"@type":"WebPage","@id":"https:\/\/aktialiiga.fi\/miehet\/2017-2018\/ennakot-2017-2018\/aifk-isannoi-dickenia-lauantaina\/","url":"https:\/\/aktialiiga.fi\/miehet\/2017-2018\/ennakot-2017-2018\/aifk-isannoi-dickenia-lauantaina\/","name":"\u00c5IFK is\u00e4nn\u00f6i Dickeni\u00e4 lauantaina | K\u00e4sipallon miesten Aktialiiga","isPartOf":{"@id":"https:\/\/aktialiiga.fi\/miehet\/#website"},"primaryImageOfPage":{"@id":"https:\/\/aktialiiga.fi\/miehet\/2017-2018\/ennakot-2017-2018\/aifk-isannoi-dickenia-lauantaina\/#primaryimage"},"image":{"@id":"https:\/\/aktialiiga.fi\/miehet\/2017-2018\/ennakot-2017-2018\/aifk-isannoi-dickenia-lauantaina\/#primaryimage"},"thumbnailUrl":"https:\/\/i0.wp.com\/aktialiiga.fi\/miehet\/wp-content\/uploads\/sites\/5\/2017\/09\/IFK-HM-2017-18.jpg?fit=4818%2C3212&ssl=1","datePublished":"2018-02-02T21:37:08+00:00","breadcrumb":{"@id":"https:\/\/aktialiiga.fi\/miehet\/2017-2018\/ennakot-2017-2018\/aifk-isannoi-dickenia-lauantaina\/#breadcrumb"},"inLanguage":"fi","potentialAction":[{"@type":"ReadAction","target":["https:\/\/aktialiiga.fi\/miehet\/2017-2018\/ennakot-2017-2018\/aifk-isannoi-dickenia-lauantaina\/"]}]},{"@type":"ImageObject","inLanguage":"fi","@id":"https:\/\/aktialiiga.fi\/miehet\/2017-2018\/ennakot-2017-2018\/aifk-isannoi-dickenia-lauantaina\/#primaryimage","url":"https:\/\/i0.wp.com\/aktialiiga.fi\/miehet\/wp-content\/uploads\/sites\/5\/2017\/09\/IFK-HM-2017-18.jpg?fit=4818%2C3212&ssl=1","contentUrl":"https:\/\/i0.wp.com\/aktialiiga.fi\/miehet\/wp-content\/uploads\/sites\/5\/2017\/09\/IFK-HM-2017-18.jpg?fit=4818%2C3212&ssl=1","width":4818,"height":3212},{"@type":"BreadcrumbList","@id":"https:\/\/aktialiiga.fi\/miehet\/2017-2018\/ennakot-2017-2018\/aifk-isannoi-dickenia-lauantaina\/#breadcrumb","itemListElement":[{"@type":"ListItem","position":1,"name":"Etusivu","item":"https:\/\/aktialiiga.fi\/miehet\/"},{"@type":"ListItem","position":2,"name":"\u00c5IFK is\u00e4nn\u00f6i Dickeni\u00e4 lauantaina"}]},{"@type":"WebSite","@id":"https:\/\/aktialiiga.fi\/miehet\/#website","url":"https:\/\/aktialiiga.fi\/miehet\/","name":"K\u00e4sipallon miesten Aktialiiga","description":"Valtakunnan vauhdikkainta palloilua!","publisher":{"@id":"https:\/\/aktialiiga.fi\/miehet\/#organization"},"potentialAction":[{"@type":"SearchAction","target":{"@type":"EntryPoint","urlTemplate":"https:\/\/aktialiiga.fi\/miehet\/?s={search_term_string}"},"query-input":{"@type":"PropertyValueSpecification","valueRequired":true,"valueName":"search_term_string"}}],"inLanguage":"fi"},{"@type":"Organization","@id":"https:\/\/aktialiiga.fi\/miehet\/#organization","name":"K\u00e4sipallon miesten Aktialiiga","url":"https:\/\/aktialiiga.fi\/miehet\/","logo":{"@type":"ImageObject","inLanguage":"fi","@id":"https:\/\/aktialiiga.fi\/miehet\/#\/schema\/logo\/image\/","url":"https:\/\/i0.wp.com\/aktialiiga.fi\/miehet\/wp-content\/uploads\/sites\/5\/2024\/09\/Aktialiiga-Yoast-512.png?fit=512%2C512&ssl=1","contentUrl":"https:\/\/i0.wp.com\/aktialiiga.fi\/miehet\/wp-content\/uploads\/sites\/5\/2024\/09\/Aktialiiga-Yoast-512.png?fit=512%2C512&ssl=1","width":512,"height":512,"caption":"K\u00e4sipallon miesten Aktialiiga"},"image":{"@id":"https:\/\/aktialiiga.fi\/miehet\/#\/schema\/logo\/image\/"},"sameAs":["https:\/\/www.facebook.com\/finnhandball","https:\/\/x.com\/finnhandball","https:\/\/www.instagram.com\/handballfinland\/"]},{"@type":"Person","@id":"https:\/\/aktialiiga.fi\/miehet\/#\/schema\/person\/c14bf42f47041db74603c45afcb18d87","name":"tbrmedia","image":{"@type":"ImageObject","inLanguage":"fi","@id":"https:\/\/secure.gravatar.com\/avatar\/ee975fa091fe581d12b60debb3439022686618368a7c142044c56724d4666b16?s=96&d=mm&r=g","url":"https:\/\/secure.gravatar.com\/avatar\/ee975fa091fe581d12b60debb3439022686618368a7c142044c56724d4666b16?s=96&d=mm&r=g","contentUrl":"https:\/\/secure.gravatar.com\/avatar\/ee975fa091fe581d12b60debb3439022686618368a7c142044c56724d4666b16?s=96&d=mm&r=g","caption":"tbrmedia"}}]}},"jetpack_featured_media_url":"https:\/\/i0.wp.com\/aktialiiga.fi\/miehet\/wp-content\/uploads\/sites\/5\/2017\/09\/IFK-HM-2017-18.jpg?fit=4818%2C3212&ssl=1","jetpack_sharing_enabled":true,"jetpack_shortlink":"https:\/\/wp.me\/pfTxOr-4ZZ","_links":{"self":[{"href":"https:\/\/aktialiiga.fi\/miehet\/wp-json\/wp\/v2\/posts\/19219","targetHints":{"allow":["GET"]}}],"collection":[{"href":"https:\/\/aktialiiga.fi\/miehet\/wp-json\/wp\/v2\/posts"}],"about":[{"href":"https:\/\/aktialiiga.fi\/miehet\/wp-json\/wp\/v2\/types\/post"}],"author":[{"embeddable":true,"href":"https:\/\/aktialiiga.fi\/miehet\/wp-json\/wp\/v2\/users\/13"}],"replies":[{"embeddable":true,"href":"https:\/\/aktialiiga.fi\/miehet\/wp-json\/wp\/v2\/comments?post=19219"}],"version-history":[{"count":0,"href":"https:\/\/aktialiiga.fi\/miehet\/wp-json\/wp\/v2\/posts\/19219\/revisions"}],"wp:featuredmedia":[{"embeddable":true,"href":"https:\/\/aktialiiga.fi\/miehet\/wp-json\/wp\/v2\/media\/17850"}],"wp:attachment":[{"href":"https:\/\/aktialiiga.fi\/miehet\/wp-json\/wp\/v2\/media?parent=19219"}],"wp:term":[{"taxonomy":"category","embeddable":true,"href":"https:\/\/aktialiiga.fi\/miehet\/wp-json\/wp\/v2\/categories?post=19219"},{"taxonomy":"post_tag","embeddable":true,"href":"https:\/\/aktialiiga.fi\/miehet\/wp-json\/wp\/v2\/tags?post=19219"}],"curies":[{"name":"wp","href":"https:\/\/api.w.org\/{rel}","templated":true}]}}