{"id":19517,"date":"2018-03-03T15:24:15","date_gmt":"2018-03-03T13:24:15","guid":{"rendered":"https:\/\/aktialiiga.fi\/miehet\/?p=19517"},"modified":"2018-03-03T15:57:16","modified_gmt":"2018-03-03T13:57:16","slug":"sif-piti-puolivalierahaaveensa-elossa","status":"publish","type":"post","link":"https:\/\/aktialiiga.fi\/miehet\/2017-2018\/ottelut-2017-2018\/sif-piti-puolivalierahaaveensa-elossa\/","title":{"rendered":"SIF piti puoliv\u00e4lier\u00e4haaveensa elossa"},"content":{"rendered":"<p>SIF venyi pakkovoittoon \u00c5IFK:n vieraana ja piti puoliv\u00e4lier\u00e4haaveensa elossa 38-25 (20-16)-voitolla.<\/p>\n<p>\u00c5IFK oli hienoisesti kuskin paikalla ensimm\u00e4isen kymmenminuuttisen, mutta sitten alkoi SIF:n rynnistys. SIF iski viisi per\u00e4kk\u00e4ist\u00e4 osumaa ja nousi kolmen maalin johtoon eik\u00e4 luovuttanut johtopaikkaansa en\u00e4\u00e4 ottelun kuluessa. Parhaimmillaan SIF k\u00e4v\u00e4isi ensimm\u00e4isell\u00e4 puoliajalla jo kuuden maalin karkumatkalla, mutta tauolle ment\u00e4ess\u00e4 eroa oli nelj\u00e4 maalia.<\/p>\n<p>toisen puoliajan alkuun SIF otti kotijoukkueelta heti luulot pois viem\u00e4ll\u00e4 ensimm\u00e4isen kympin 7-2. \u00c5IFK sai hieman juonesta kiinni kolmella per\u00e4kk\u00e4isell\u00e4 maalilla, mutta SIF vastasi heti per\u00e4\u00e4n r\u00e4v\u00e4k\u00e4sti 7-1-jaksolla ja peli oli sit\u00e4 my\u00f6ten selv\u00e4.<\/p>\n<p>Voitolla SIF nousi kolmen pisteen p\u00e4\u00e4h\u00e4n HIFK:sta ja taistelee edelleen p\u00e4\u00e4syst\u00e4 kuuden parhaan joukkoon.<\/p>\n<p>\u00c5IFK:n p\u00e4\u00e4valmentaja Besim Qerimi oli pettynyt omiensa peliin.<\/p>\n<p>&#8211; Aika heikko esitys, mik\u00e4\u00e4n ei toiminut, puolustus vaisua, hy\u00f6kk\u00e4yksess\u00e4 liikaa kiirett\u00e4. SIF teki sen mit\u00e4 pit\u00e4isi tehd\u00e4.<\/p>\n<p>SIF-kollega Kaj Hagman oli luonnollisesti p\u00e4invastaisissa tunnelmissa ottelun j\u00e4lkeen.<\/p>\n<p>&#8211; Paras ottelu jonka me olemme tehneet Turussa. Kontrolloitua hy\u00f6kk\u00e4yspeli\u00e4. Alussa meill\u00e4 oli pieni\u00e4 haasteita puolustuksessa, mutta ne ratkesivat nopeasti. Hyv\u00e4 ett\u00e4 kierr\u00e4timme, kaikki pelasivat t\u00e4n\u00e4\u00e4n.<\/p>\n<p>SIF:n tehopelaajana h\u00e4\u00e4ri j\u00e4lleen Ott Varik, joka tykitti 10 maalia.<\/p>\n<p>&#8211; T\u00e4m\u00e4 oli meille t\u00e4rke\u00e4 ottelu. Tarvitsimme t\u00e4t\u00e4 voittoa. Nyt meill\u00e4 on hyv\u00e4 fiilis seuraavaan otteluun HIFK:ia vastaan. Jokainen ottelu on t\u00e4rke\u00e4, meill\u00e4 ei ole varaa h\u00e4vit\u00e4 matseja.<\/p>\n<p><strong>\u00c5IFK-SIF 25-38 (16-20)<\/strong><\/p>\n<p><strong>Maalintekij\u00e4t<br \/>\n<\/strong>\u00c5IFK: Alexander Nysten 7, Oscar Berglund 7, Christoffer Sj\u00f6blom 5, Andreas Nystr\u00f6m 4, Niklas Manderoos 2<\/p>\n<p>SIF: Ott Varik 10, Sten Maasalu 5, Taavi Tibar 4, Gustav Svanb\u00e4ck 4, Carl Weurlander 3, Elias Nyman 3, Albin J\u00e4rvinen 3, Jan Hagman 3, Atte Marjam\u00e4ki 2, Rasmus Bl\u00e4ssar 1<\/p>\n<p><strong>L\u00e4hiTapiola-t\u00e4htipelaajat<br \/>\n<\/strong>Ott Varik SIF 3<br \/>\nMika Malassu SIF 2<br \/>\nOscar Berglund \u00c5IFK 1<\/p>\n<p><strong>2 min ulosajot sek\u00e4 pelist\u00e4 sulkemiset<br \/>\n<\/strong>\u00c5IFK: Andreas Nystr\u00f6m 1 x 2 min, Christoffer Sj\u00f6blom 1 x 2 min, Oscar Berglund 1 x 2 min<br \/>\nSIF: Rasmus Bl\u00e4ssar 1 x 2 min, Taavi Tibar 2 x 2 min<\/p>\n<p><em>Erotuomarit:<\/em> Christopher Mets\u00e4m\u00e4ki &#8211; Teemu Kaulio<\/p>\n<p>Yleis\u00f6\u00e4: 127<\/p>\n","protected":false},"excerpt":{"rendered":"<p>SIF venyi pakkovoittoon \u00c5IFK:n vieraana ja piti puoliv\u00e4lier\u00e4haaveensa elossa 38-25 (20-16)-voitolla. \u00c5IFK oli hienoisesti kuskin paikalla ensimm\u00e4isen kymmenminuuttisen, mutta sitten alkoi SIF:n rynnistys. SIF iski viisi per\u00e4kk\u00e4ist\u00e4 osumaa ja nousi kolmen maalin johtoon eik\u00e4 luovuttanut johtopaikkaansa en\u00e4\u00e4 ottelun kuluessa. Parhaimmillaan SIF k\u00e4v\u00e4isi ensimm\u00e4isell\u00e4 puoliajalla jo kuuden maalin karkumatkalla, mutta tauolle ment\u00e4ess\u00e4 eroa oli nelj\u00e4 maalia. [&hellip;]<\/p>\n","protected":false},"author":13,"featured_media":17761,"comment_status":"closed","ping_status":"closed","sticky":false,"template":"","format":"standard","meta":{"_acf_changed":false,"jetpack_post_was_ever_published":false,"_jetpack_newsletter_access":"","_jetpack_dont_email_post_to_subs":false,"_jetpack_newsletter_tier_id":0,"_jetpack_memberships_contains_paywalled_content":false,"_jetpack_memberships_contains_paid_content":false,"footnotes":""},"categories":[194],"tags":[50,111],"class_list":["post-19517","post","type-post","status-publish","format-standard","has-post-thumbnail","hentry","category-ottelut-2017-2018","tag-aifk","tag-sif"],"acf":[],"yoast_head":"<!-- This site is optimized with the Yoast SEO plugin v27.5 - https:\/\/yoast.com\/product\/yoast-seo-wordpress\/ -->\n<title>SIF piti puoliv\u00e4lier\u00e4haaveensa elossa | K\u00e4sipallon miesten Aktialiiga<\/title>\n<meta name=\"robots\" content=\"index, follow, max-snippet:-1, max-image-preview:large, max-video-preview:-1\" \/>\n<link rel=\"canonical\" href=\"https:\/\/aktialiiga.fi\/miehet\/2017-2018\/ottelut-2017-2018\/sif-piti-puolivalierahaaveensa-elossa\/\" \/>\n<meta property=\"og:locale\" content=\"fi_FI\" \/>\n<meta property=\"og:type\" content=\"article\" \/>\n<meta property=\"og:title\" content=\"SIF piti puoliv\u00e4lier\u00e4haaveensa elossa | K\u00e4sipallon miesten Aktialiiga\" \/>\n<meta property=\"og:description\" content=\"SIF venyi pakkovoittoon \u00c5IFK:n vieraana ja piti puoliv\u00e4lier\u00e4haaveensa elossa 38-25 (20-16)-voitolla. \u00c5IFK oli hienoisesti kuskin paikalla ensimm\u00e4isen kymmenminuuttisen, mutta sitten alkoi SIF:n rynnistys. SIF iski viisi per\u00e4kk\u00e4ist\u00e4 osumaa ja nousi kolmen maalin johtoon eik\u00e4 luovuttanut johtopaikkaansa en\u00e4\u00e4 ottelun kuluessa. Parhaimmillaan SIF k\u00e4v\u00e4isi ensimm\u00e4isell\u00e4 puoliajalla jo kuuden maalin karkumatkalla, mutta tauolle ment\u00e4ess\u00e4 eroa oli nelj\u00e4 maalia. [&hellip;]\" \/>\n<meta property=\"og:url\" content=\"https:\/\/aktialiiga.fi\/miehet\/2017-2018\/ottelut-2017-2018\/sif-piti-puolivalierahaaveensa-elossa\/\" \/>\n<meta property=\"og:site_name\" content=\"K\u00e4sipallon miesten Aktialiiga\" \/>\n<meta property=\"article:publisher\" content=\"https:\/\/www.facebook.com\/finnhandball\" \/>\n<meta property=\"article:published_time\" content=\"2018-03-03T13:24:15+00:00\" \/>\n<meta property=\"article:modified_time\" content=\"2018-03-03T13:57:16+00:00\" \/>\n<meta property=\"og:image\" content=\"https:\/\/i0.wp.com\/aktialiiga.fi\/miehet\/wp-content\/uploads\/sites\/5\/2017\/09\/SIF-2017-18-2.jpg?fit=1920%2C1080&ssl=1\" \/>\n\t<meta property=\"og:image:width\" content=\"1920\" \/>\n\t<meta property=\"og:image:height\" content=\"1080\" \/>\n\t<meta property=\"og:image:type\" content=\"image\/jpeg\" \/>\n<meta name=\"author\" content=\"tbrmedia\" \/>\n<meta name=\"twitter:card\" content=\"summary_large_image\" \/>\n<meta name=\"twitter:creator\" content=\"@finnhandball\" \/>\n<meta name=\"twitter:site\" content=\"@finnhandball\" \/>\n<script type=\"application\/ld+json\" class=\"yoast-schema-graph\">{\"@context\":\"https:\\\/\\\/schema.org\",\"@graph\":[{\"@type\":\"Article\",\"@id\":\"https:\\\/\\\/aktialiiga.fi\\\/miehet\\\/2017-2018\\\/ottelut-2017-2018\\\/sif-piti-puolivalierahaaveensa-elossa\\\/#article\",\"isPartOf\":{\"@id\":\"https:\\\/\\\/aktialiiga.fi\\\/miehet\\\/2017-2018\\\/ottelut-2017-2018\\\/sif-piti-puolivalierahaaveensa-elossa\\\/\"},\"author\":{\"name\":\"tbrmedia\",\"@id\":\"https:\\\/\\\/aktialiiga.fi\\\/miehet\\\/#\\\/schema\\\/person\\\/c14bf42f47041db74603c45afcb18d87\"},\"headline\":\"SIF piti puoliv\u00e4lier\u00e4haaveensa elossa\",\"datePublished\":\"2018-03-03T13:24:15+00:00\",\"dateModified\":\"2018-03-03T13:57:16+00:00\",\"mainEntityOfPage\":{\"@id\":\"https:\\\/\\\/aktialiiga.fi\\\/miehet\\\/2017-2018\\\/ottelut-2017-2018\\\/sif-piti-puolivalierahaaveensa-elossa\\\/\"},\"wordCount\":349,\"publisher\":{\"@id\":\"https:\\\/\\\/aktialiiga.fi\\\/miehet\\\/#organization\"},\"image\":{\"@id\":\"https:\\\/\\\/aktialiiga.fi\\\/miehet\\\/2017-2018\\\/ottelut-2017-2018\\\/sif-piti-puolivalierahaaveensa-elossa\\\/#primaryimage\"},\"thumbnailUrl\":\"https:\\\/\\\/i0.wp.com\\\/aktialiiga.fi\\\/miehet\\\/wp-content\\\/uploads\\\/sites\\\/5\\\/2017\\\/09\\\/SIF-2017-18-2.jpg?fit=1920%2C1080&ssl=1\",\"keywords\":[\"\u00c5IFK\",\"SIF\"],\"articleSection\":[\"Ottelut\"],\"inLanguage\":\"fi\"},{\"@type\":\"WebPage\",\"@id\":\"https:\\\/\\\/aktialiiga.fi\\\/miehet\\\/2017-2018\\\/ottelut-2017-2018\\\/sif-piti-puolivalierahaaveensa-elossa\\\/\",\"url\":\"https:\\\/\\\/aktialiiga.fi\\\/miehet\\\/2017-2018\\\/ottelut-2017-2018\\\/sif-piti-puolivalierahaaveensa-elossa\\\/\",\"name\":\"SIF piti puoliv\u00e4lier\u00e4haaveensa elossa | K\u00e4sipallon miesten Aktialiiga\",\"isPartOf\":{\"@id\":\"https:\\\/\\\/aktialiiga.fi\\\/miehet\\\/#website\"},\"primaryImageOfPage\":{\"@id\":\"https:\\\/\\\/aktialiiga.fi\\\/miehet\\\/2017-2018\\\/ottelut-2017-2018\\\/sif-piti-puolivalierahaaveensa-elossa\\\/#primaryimage\"},\"image\":{\"@id\":\"https:\\\/\\\/aktialiiga.fi\\\/miehet\\\/2017-2018\\\/ottelut-2017-2018\\\/sif-piti-puolivalierahaaveensa-elossa\\\/#primaryimage\"},\"thumbnailUrl\":\"https:\\\/\\\/i0.wp.com\\\/aktialiiga.fi\\\/miehet\\\/wp-content\\\/uploads\\\/sites\\\/5\\\/2017\\\/09\\\/SIF-2017-18-2.jpg?fit=1920%2C1080&ssl=1\",\"datePublished\":\"2018-03-03T13:24:15+00:00\",\"dateModified\":\"2018-03-03T13:57:16+00:00\",\"breadcrumb\":{\"@id\":\"https:\\\/\\\/aktialiiga.fi\\\/miehet\\\/2017-2018\\\/ottelut-2017-2018\\\/sif-piti-puolivalierahaaveensa-elossa\\\/#breadcrumb\"},\"inLanguage\":\"fi\",\"potentialAction\":[{\"@type\":\"ReadAction\",\"target\":[\"https:\\\/\\\/aktialiiga.fi\\\/miehet\\\/2017-2018\\\/ottelut-2017-2018\\\/sif-piti-puolivalierahaaveensa-elossa\\\/\"]}]},{\"@type\":\"ImageObject\",\"inLanguage\":\"fi\",\"@id\":\"https:\\\/\\\/aktialiiga.fi\\\/miehet\\\/2017-2018\\\/ottelut-2017-2018\\\/sif-piti-puolivalierahaaveensa-elossa\\\/#primaryimage\",\"url\":\"https:\\\/\\\/i0.wp.com\\\/aktialiiga.fi\\\/miehet\\\/wp-content\\\/uploads\\\/sites\\\/5\\\/2017\\\/09\\\/SIF-2017-18-2.jpg?fit=1920%2C1080&ssl=1\",\"contentUrl\":\"https:\\\/\\\/i0.wp.com\\\/aktialiiga.fi\\\/miehet\\\/wp-content\\\/uploads\\\/sites\\\/5\\\/2017\\\/09\\\/SIF-2017-18-2.jpg?fit=1920%2C1080&ssl=1\",\"width\":1920,\"height\":1080},{\"@type\":\"BreadcrumbList\",\"@id\":\"https:\\\/\\\/aktialiiga.fi\\\/miehet\\\/2017-2018\\\/ottelut-2017-2018\\\/sif-piti-puolivalierahaaveensa-elossa\\\/#breadcrumb\",\"itemListElement\":[{\"@type\":\"ListItem\",\"position\":1,\"name\":\"Etusivu\",\"item\":\"https:\\\/\\\/aktialiiga.fi\\\/miehet\\\/\"},{\"@type\":\"ListItem\",\"position\":2,\"name\":\"SIF piti puoliv\u00e4lier\u00e4haaveensa elossa\"}]},{\"@type\":\"WebSite\",\"@id\":\"https:\\\/\\\/aktialiiga.fi\\\/miehet\\\/#website\",\"url\":\"https:\\\/\\\/aktialiiga.fi\\\/miehet\\\/\",\"name\":\"K\u00e4sipallon miesten Aktialiiga\",\"description\":\"Valtakunnan vauhdikkainta palloilua!\",\"publisher\":{\"@id\":\"https:\\\/\\\/aktialiiga.fi\\\/miehet\\\/#organization\"},\"potentialAction\":[{\"@type\":\"SearchAction\",\"target\":{\"@type\":\"EntryPoint\",\"urlTemplate\":\"https:\\\/\\\/aktialiiga.fi\\\/miehet\\\/?s={search_term_string}\"},\"query-input\":{\"@type\":\"PropertyValueSpecification\",\"valueRequired\":true,\"valueName\":\"search_term_string\"}}],\"inLanguage\":\"fi\"},{\"@type\":\"Organization\",\"@id\":\"https:\\\/\\\/aktialiiga.fi\\\/miehet\\\/#organization\",\"name\":\"K\u00e4sipallon miesten Aktialiiga\",\"url\":\"https:\\\/\\\/aktialiiga.fi\\\/miehet\\\/\",\"logo\":{\"@type\":\"ImageObject\",\"inLanguage\":\"fi\",\"@id\":\"https:\\\/\\\/aktialiiga.fi\\\/miehet\\\/#\\\/schema\\\/logo\\\/image\\\/\",\"url\":\"https:\\\/\\\/i0.wp.com\\\/aktialiiga.fi\\\/miehet\\\/wp-content\\\/uploads\\\/sites\\\/5\\\/2024\\\/09\\\/Aktialiiga-Yoast-512.png?fit=512%2C512&ssl=1\",\"contentUrl\":\"https:\\\/\\\/i0.wp.com\\\/aktialiiga.fi\\\/miehet\\\/wp-content\\\/uploads\\\/sites\\\/5\\\/2024\\\/09\\\/Aktialiiga-Yoast-512.png?fit=512%2C512&ssl=1\",\"width\":512,\"height\":512,\"caption\":\"K\u00e4sipallon miesten Aktialiiga\"},\"image\":{\"@id\":\"https:\\\/\\\/aktialiiga.fi\\\/miehet\\\/#\\\/schema\\\/logo\\\/image\\\/\"},\"sameAs\":[\"https:\\\/\\\/www.facebook.com\\\/finnhandball\",\"https:\\\/\\\/x.com\\\/finnhandball\",\"https:\\\/\\\/www.instagram.com\\\/handballfinland\\\/\"]},{\"@type\":\"Person\",\"@id\":\"https:\\\/\\\/aktialiiga.fi\\\/miehet\\\/#\\\/schema\\\/person\\\/c14bf42f47041db74603c45afcb18d87\",\"name\":\"tbrmedia\",\"image\":{\"@type\":\"ImageObject\",\"inLanguage\":\"fi\",\"@id\":\"https:\\\/\\\/secure.gravatar.com\\\/avatar\\\/ee975fa091fe581d12b60debb3439022686618368a7c142044c56724d4666b16?s=96&d=mm&r=g\",\"url\":\"https:\\\/\\\/secure.gravatar.com\\\/avatar\\\/ee975fa091fe581d12b60debb3439022686618368a7c142044c56724d4666b16?s=96&d=mm&r=g\",\"contentUrl\":\"https:\\\/\\\/secure.gravatar.com\\\/avatar\\\/ee975fa091fe581d12b60debb3439022686618368a7c142044c56724d4666b16?s=96&d=mm&r=g\",\"caption\":\"tbrmedia\"}}]}<\/script>\n<!-- \/ Yoast SEO plugin. -->","yoast_head_json":{"title":"SIF piti puoliv\u00e4lier\u00e4haaveensa elossa | K\u00e4sipallon miesten Aktialiiga","robots":{"index":"index","follow":"follow","max-snippet":"max-snippet:-1","max-image-preview":"max-image-preview:large","max-video-preview":"max-video-preview:-1"},"canonical":"https:\/\/aktialiiga.fi\/miehet\/2017-2018\/ottelut-2017-2018\/sif-piti-puolivalierahaaveensa-elossa\/","og_locale":"fi_FI","og_type":"article","og_title":"SIF piti puoliv\u00e4lier\u00e4haaveensa elossa | K\u00e4sipallon miesten Aktialiiga","og_description":"SIF venyi pakkovoittoon \u00c5IFK:n vieraana ja piti puoliv\u00e4lier\u00e4haaveensa elossa 38-25 (20-16)-voitolla. \u00c5IFK oli hienoisesti kuskin paikalla ensimm\u00e4isen kymmenminuuttisen, mutta sitten alkoi SIF:n rynnistys. SIF iski viisi per\u00e4kk\u00e4ist\u00e4 osumaa ja nousi kolmen maalin johtoon eik\u00e4 luovuttanut johtopaikkaansa en\u00e4\u00e4 ottelun kuluessa. Parhaimmillaan SIF k\u00e4v\u00e4isi ensimm\u00e4isell\u00e4 puoliajalla jo kuuden maalin karkumatkalla, mutta tauolle ment\u00e4ess\u00e4 eroa oli nelj\u00e4 maalia. [&hellip;]","og_url":"https:\/\/aktialiiga.fi\/miehet\/2017-2018\/ottelut-2017-2018\/sif-piti-puolivalierahaaveensa-elossa\/","og_site_name":"K\u00e4sipallon miesten Aktialiiga","article_publisher":"https:\/\/www.facebook.com\/finnhandball","article_published_time":"2018-03-03T13:24:15+00:00","article_modified_time":"2018-03-03T13:57:16+00:00","og_image":[{"width":1920,"height":1080,"url":"https:\/\/i0.wp.com\/aktialiiga.fi\/miehet\/wp-content\/uploads\/sites\/5\/2017\/09\/SIF-2017-18-2.jpg?fit=1920%2C1080&ssl=1","type":"image\/jpeg"}],"author":"tbrmedia","twitter_card":"summary_large_image","twitter_creator":"@finnhandball","twitter_site":"@finnhandball","schema":{"@context":"https:\/\/schema.org","@graph":[{"@type":"Article","@id":"https:\/\/aktialiiga.fi\/miehet\/2017-2018\/ottelut-2017-2018\/sif-piti-puolivalierahaaveensa-elossa\/#article","isPartOf":{"@id":"https:\/\/aktialiiga.fi\/miehet\/2017-2018\/ottelut-2017-2018\/sif-piti-puolivalierahaaveensa-elossa\/"},"author":{"name":"tbrmedia","@id":"https:\/\/aktialiiga.fi\/miehet\/#\/schema\/person\/c14bf42f47041db74603c45afcb18d87"},"headline":"SIF piti puoliv\u00e4lier\u00e4haaveensa elossa","datePublished":"2018-03-03T13:24:15+00:00","dateModified":"2018-03-03T13:57:16+00:00","mainEntityOfPage":{"@id":"https:\/\/aktialiiga.fi\/miehet\/2017-2018\/ottelut-2017-2018\/sif-piti-puolivalierahaaveensa-elossa\/"},"wordCount":349,"publisher":{"@id":"https:\/\/aktialiiga.fi\/miehet\/#organization"},"image":{"@id":"https:\/\/aktialiiga.fi\/miehet\/2017-2018\/ottelut-2017-2018\/sif-piti-puolivalierahaaveensa-elossa\/#primaryimage"},"thumbnailUrl":"https:\/\/i0.wp.com\/aktialiiga.fi\/miehet\/wp-content\/uploads\/sites\/5\/2017\/09\/SIF-2017-18-2.jpg?fit=1920%2C1080&ssl=1","keywords":["\u00c5IFK","SIF"],"articleSection":["Ottelut"],"inLanguage":"fi"},{"@type":"WebPage","@id":"https:\/\/aktialiiga.fi\/miehet\/2017-2018\/ottelut-2017-2018\/sif-piti-puolivalierahaaveensa-elossa\/","url":"https:\/\/aktialiiga.fi\/miehet\/2017-2018\/ottelut-2017-2018\/sif-piti-puolivalierahaaveensa-elossa\/","name":"SIF piti puoliv\u00e4lier\u00e4haaveensa elossa | K\u00e4sipallon miesten Aktialiiga","isPartOf":{"@id":"https:\/\/aktialiiga.fi\/miehet\/#website"},"primaryImageOfPage":{"@id":"https:\/\/aktialiiga.fi\/miehet\/2017-2018\/ottelut-2017-2018\/sif-piti-puolivalierahaaveensa-elossa\/#primaryimage"},"image":{"@id":"https:\/\/aktialiiga.fi\/miehet\/2017-2018\/ottelut-2017-2018\/sif-piti-puolivalierahaaveensa-elossa\/#primaryimage"},"thumbnailUrl":"https:\/\/i0.wp.com\/aktialiiga.fi\/miehet\/wp-content\/uploads\/sites\/5\/2017\/09\/SIF-2017-18-2.jpg?fit=1920%2C1080&ssl=1","datePublished":"2018-03-03T13:24:15+00:00","dateModified":"2018-03-03T13:57:16+00:00","breadcrumb":{"@id":"https:\/\/aktialiiga.fi\/miehet\/2017-2018\/ottelut-2017-2018\/sif-piti-puolivalierahaaveensa-elossa\/#breadcrumb"},"inLanguage":"fi","potentialAction":[{"@type":"ReadAction","target":["https:\/\/aktialiiga.fi\/miehet\/2017-2018\/ottelut-2017-2018\/sif-piti-puolivalierahaaveensa-elossa\/"]}]},{"@type":"ImageObject","inLanguage":"fi","@id":"https:\/\/aktialiiga.fi\/miehet\/2017-2018\/ottelut-2017-2018\/sif-piti-puolivalierahaaveensa-elossa\/#primaryimage","url":"https:\/\/i0.wp.com\/aktialiiga.fi\/miehet\/wp-content\/uploads\/sites\/5\/2017\/09\/SIF-2017-18-2.jpg?fit=1920%2C1080&ssl=1","contentUrl":"https:\/\/i0.wp.com\/aktialiiga.fi\/miehet\/wp-content\/uploads\/sites\/5\/2017\/09\/SIF-2017-18-2.jpg?fit=1920%2C1080&ssl=1","width":1920,"height":1080},{"@type":"BreadcrumbList","@id":"https:\/\/aktialiiga.fi\/miehet\/2017-2018\/ottelut-2017-2018\/sif-piti-puolivalierahaaveensa-elossa\/#breadcrumb","itemListElement":[{"@type":"ListItem","position":1,"name":"Etusivu","item":"https:\/\/aktialiiga.fi\/miehet\/"},{"@type":"ListItem","position":2,"name":"SIF piti puoliv\u00e4lier\u00e4haaveensa elossa"}]},{"@type":"WebSite","@id":"https:\/\/aktialiiga.fi\/miehet\/#website","url":"https:\/\/aktialiiga.fi\/miehet\/","name":"K\u00e4sipallon miesten Aktialiiga","description":"Valtakunnan vauhdikkainta palloilua!","publisher":{"@id":"https:\/\/aktialiiga.fi\/miehet\/#organization"},"potentialAction":[{"@type":"SearchAction","target":{"@type":"EntryPoint","urlTemplate":"https:\/\/aktialiiga.fi\/miehet\/?s={search_term_string}"},"query-input":{"@type":"PropertyValueSpecification","valueRequired":true,"valueName":"search_term_string"}}],"inLanguage":"fi"},{"@type":"Organization","@id":"https:\/\/aktialiiga.fi\/miehet\/#organization","name":"K\u00e4sipallon miesten Aktialiiga","url":"https:\/\/aktialiiga.fi\/miehet\/","logo":{"@type":"ImageObject","inLanguage":"fi","@id":"https:\/\/aktialiiga.fi\/miehet\/#\/schema\/logo\/image\/","url":"https:\/\/i0.wp.com\/aktialiiga.fi\/miehet\/wp-content\/uploads\/sites\/5\/2024\/09\/Aktialiiga-Yoast-512.png?fit=512%2C512&ssl=1","contentUrl":"https:\/\/i0.wp.com\/aktialiiga.fi\/miehet\/wp-content\/uploads\/sites\/5\/2024\/09\/Aktialiiga-Yoast-512.png?fit=512%2C512&ssl=1","width":512,"height":512,"caption":"K\u00e4sipallon miesten Aktialiiga"},"image":{"@id":"https:\/\/aktialiiga.fi\/miehet\/#\/schema\/logo\/image\/"},"sameAs":["https:\/\/www.facebook.com\/finnhandball","https:\/\/x.com\/finnhandball","https:\/\/www.instagram.com\/handballfinland\/"]},{"@type":"Person","@id":"https:\/\/aktialiiga.fi\/miehet\/#\/schema\/person\/c14bf42f47041db74603c45afcb18d87","name":"tbrmedia","image":{"@type":"ImageObject","inLanguage":"fi","@id":"https:\/\/secure.gravatar.com\/avatar\/ee975fa091fe581d12b60debb3439022686618368a7c142044c56724d4666b16?s=96&d=mm&r=g","url":"https:\/\/secure.gravatar.com\/avatar\/ee975fa091fe581d12b60debb3439022686618368a7c142044c56724d4666b16?s=96&d=mm&r=g","contentUrl":"https:\/\/secure.gravatar.com\/avatar\/ee975fa091fe581d12b60debb3439022686618368a7c142044c56724d4666b16?s=96&d=mm&r=g","caption":"tbrmedia"}}]}},"jetpack_featured_media_url":"https:\/\/i0.wp.com\/aktialiiga.fi\/miehet\/wp-content\/uploads\/sites\/5\/2017\/09\/SIF-2017-18-2.jpg?fit=1920%2C1080&ssl=1","jetpack_sharing_enabled":true,"jetpack_shortlink":"https:\/\/wp.me\/pfTxOr-54N","_links":{"self":[{"href":"https:\/\/aktialiiga.fi\/miehet\/wp-json\/wp\/v2\/posts\/19517","targetHints":{"allow":["GET"]}}],"collection":[{"href":"https:\/\/aktialiiga.fi\/miehet\/wp-json\/wp\/v2\/posts"}],"about":[{"href":"https:\/\/aktialiiga.fi\/miehet\/wp-json\/wp\/v2\/types\/post"}],"author":[{"embeddable":true,"href":"https:\/\/aktialiiga.fi\/miehet\/wp-json\/wp\/v2\/users\/13"}],"replies":[{"embeddable":true,"href":"https:\/\/aktialiiga.fi\/miehet\/wp-json\/wp\/v2\/comments?post=19517"}],"version-history":[{"count":0,"href":"https:\/\/aktialiiga.fi\/miehet\/wp-json\/wp\/v2\/posts\/19517\/revisions"}],"wp:featuredmedia":[{"embeddable":true,"href":"https:\/\/aktialiiga.fi\/miehet\/wp-json\/wp\/v2\/media\/17761"}],"wp:attachment":[{"href":"https:\/\/aktialiiga.fi\/miehet\/wp-json\/wp\/v2\/media?parent=19517"}],"wp:term":[{"taxonomy":"category","embeddable":true,"href":"https:\/\/aktialiiga.fi\/miehet\/wp-json\/wp\/v2\/categories?post=19517"},{"taxonomy":"post_tag","embeddable":true,"href":"https:\/\/aktialiiga.fi\/miehet\/wp-json\/wp\/v2\/tags?post=19517"}],"curies":[{"name":"wp","href":"https:\/\/api.w.org\/{rel}","templated":true}]}}