{"id":19526,"date":"2018-03-04T20:00:09","date_gmt":"2018-03-04T18:00:09","guid":{"rendered":"https:\/\/aktialiiga.fi\/miehet\/?p=19526"},"modified":"2018-03-04T20:25:55","modified_gmt":"2018-03-04T18:25:55","slug":"atlas-vantaan-puolustus-piti-dickenin-kurissa","status":"publish","type":"post","link":"https:\/\/aktialiiga.fi\/miehet\/2017-2018\/ottelut-2017-2018\/atlas-vantaan-puolustus-piti-dickenin-kurissa\/","title":{"rendered":"Atlas Vantaan puolustus piti Dickenin kurissa"},"content":{"rendered":"<p>Atlas Vantaa piti taistelun ylemm\u00e4n jatkosarjan kolmannesta tilasta voittamalla kotonaan Dickenin 22-15 (10-5).<\/p>\n<p>Ensimm\u00e4inen puoliaika oli hyvin v\u00e4h\u00e4maalinen ja sujui kotijoukkueen hienoisessa hallinnassa. Atlas Vantaa onnistui j\u00e4tt\u00e4m\u00e4\u00e4n Dickenin ainoastaan viiteen maaliin ja iski itse kymmenen.<\/p>\n<p>Toiselle puoliajalle Dicken tuli uudella sykkeell\u00e4 ja vei ensimm\u00e4isen kahdeksan minuuttia 5-0 tasoittaen ottelun ja tuplaten samalla maalim\u00e4\u00e4r\u00e4ns\u00e4. Sen j\u00e4lkeen Atlas Vantaan puolustus taas ter\u00e4st\u00e4ytyi ja piti lauttasaarelaiset maaleitta yli kymmenen minuutin ajan. Toisessa p\u00e4\u00e4ss\u00e4 Sebastian S\u00e4kkisen ja Geza Vasvarin johdolla Atlas Vantaa rep\u00e4isi jo kuuden maalin kaulan eik\u00e4 Dicken siit\u00e4 en\u00e4\u00e4 toipunut. Voitolla Atlas Vantaa nousi pisteen p\u00e4\u00e4h\u00e4n Dickenist\u00e4.<\/p>\n<p>Atlas Vantaan p\u00e4\u00e4valmentaja Toni Kallio oli syyst\u00e4kin tyytyv\u00e4inen joukkueensa puolustusilmeeseen.<\/p>\n<p>&#8211; Viimeiset viisi minuuttia Karjaalla keskiviikkona toimivat puolustuksessa hyvin. Pystyttiin ottamaan se mukaan ja onnistuttiin toisen jakson alkua lukuun ottamatta jolloin Davidson torjui meid\u00e4n heittomme.<\/p>\n<p>Dickenin p\u00e4\u00e4valmentaja Bj\u00f6rn Monnberg harmitteli omiensa pehmeytt\u00e4 hy\u00f6kk\u00e4yspeliss\u00e4.<\/p>\n<p>&#8211; Ei voi voittaa, jos tekee 15 maalia. Meilt\u00e4 puuttui ter\u00e4vyys heittotilanteissa. Perjantain ottelu Cocksia vastaan painoi viel\u00e4.<\/p>\n<p>Ottelun parhaana palkittu Tuomas Laitinen kehui niin ik\u00e4\u00e4n vantaalaisten puolustusta.<\/p>\n<p>&#8211; Kun tultiin hallille huomasin heti, ett\u00e4 joukkueella on henki p\u00e4\u00e4ll\u00e4. Nyt oli pitk\u00e4lti sama henki kuin Karjaalla, puolustus toimi, mutta hy\u00f6kk\u00e4ys vain v\u00e4lill\u00e4. Mutta kun puolustus toimii ja maalivahtikin onnistuu, niin pelaaminen helpottuu huomattavasti. Toisen jakson alussa Davidson pys\u00e4tytti meid\u00e4t, mutta pystyimme skarppaamaan uudelleen.<\/p>\n<p><strong>Atlas Vantaa-Dicken 22-15 (10-5)<\/strong><\/p>\n<p><strong>Maalintekij\u00e4t<br \/>\n<\/strong>Atlas Vantaa: Sebastian S\u00e4kkinen 7, G\u00e9za Vasv\u00e1ri 4, Gheorghe Safronii 3, Erkka N\u00e4nt\u00f6 3, Heikki Laitinen 2, Lauri Narinen 1, Frederik Kopranen 1, Jasse Kettunen 1<\/p>\n<p>Dicken: Benny Broman 6, Tadas Stankevicius 2, Valdar Noodla 2, Robin Granlund 2, Oskar Monnberg 1, Johan Gripenberg 1, Joacim Broman 1<\/p>\n<p><strong>L\u00e4hiTapiola-t\u00e4htipelaajat<br \/>\n<\/strong>Tuomas Laitinen Atlas Vantaa 3<br \/>\nG\u00e9za Vasv\u00e1ri Atlas Vantaa 2<br \/>\nGheorghe Safronii Atlas Vantaa 1<\/p>\n<p><strong>2 min ulosajot sek\u00e4 pelist\u00e4 sulkemiset<br \/>\n<\/strong>Atlas Vantaa: Gheorghe Safronii 1 x 2 min, Heikki Laitinen 2 x 2 min, Sebastian S\u00e4kkinen 2 x 2 min<br \/>\nDicken: Johan Gripenberg 1 x 2 min, Robin Granlund 1 x 2 min, Valdar Noodla 1 x 2 min<\/p>\n<p><em>Erotuomarit:<\/em> Jan-Erik Leandersson &#8211; Mikael Lindroos<\/p>\n<p>Yleis\u00f6\u00e4: 195<\/p>\n<p>&nbsp;<\/p>\n","protected":false},"excerpt":{"rendered":"<p>Atlas Vantaa piti taistelun ylemm\u00e4n jatkosarjan kolmannesta tilasta voittamalla kotonaan Dickenin 22-15 (10-5). Ensimm\u00e4inen puoliaika oli hyvin v\u00e4h\u00e4maalinen ja sujui kotijoukkueen hienoisessa hallinnassa. Atlas Vantaa onnistui j\u00e4tt\u00e4m\u00e4\u00e4n Dickenin ainoastaan viiteen maaliin ja iski itse kymmenen. Toiselle puoliajalle Dicken tuli uudella sykkeell\u00e4 ja vei ensimm\u00e4isen kahdeksan minuuttia 5-0 tasoittaen ottelun ja tuplaten samalla maalim\u00e4\u00e4r\u00e4ns\u00e4. Sen j\u00e4lkeen [&hellip;]<\/p>\n","protected":false},"author":13,"featured_media":18296,"comment_status":"closed","ping_status":"closed","sticky":false,"template":"","format":"standard","meta":{"_acf_changed":false,"jetpack_post_was_ever_published":false,"_jetpack_newsletter_access":"","_jetpack_dont_email_post_to_subs":false,"_jetpack_newsletter_tier_id":0,"_jetpack_memberships_contains_paywalled_content":false,"_jetpack_memberships_contains_paid_content":false,"footnotes":""},"categories":[194],"tags":[54,58],"class_list":["post-19526","post","type-post","status-publish","format-standard","has-post-thumbnail","hentry","category-ottelut-2017-2018","tag-atlas-vantaa","tag-dicken"],"acf":[],"yoast_head":"<!-- This site is optimized with the Yoast SEO plugin v27.5 - https:\/\/yoast.com\/product\/yoast-seo-wordpress\/ -->\n<title>Atlas Vantaan puolustus piti Dickenin kurissa | K\u00e4sipallon miesten Aktialiiga<\/title>\n<meta name=\"robots\" content=\"index, follow, max-snippet:-1, max-image-preview:large, max-video-preview:-1\" \/>\n<link rel=\"canonical\" href=\"https:\/\/aktialiiga.fi\/miehet\/2017-2018\/ottelut-2017-2018\/atlas-vantaan-puolustus-piti-dickenin-kurissa\/\" \/>\n<meta property=\"og:locale\" content=\"fi_FI\" \/>\n<meta property=\"og:type\" content=\"article\" \/>\n<meta property=\"og:title\" content=\"Atlas Vantaan puolustus piti Dickenin kurissa | K\u00e4sipallon miesten Aktialiiga\" \/>\n<meta property=\"og:description\" content=\"Atlas Vantaa piti taistelun ylemm\u00e4n jatkosarjan kolmannesta tilasta voittamalla kotonaan Dickenin 22-15 (10-5). Ensimm\u00e4inen puoliaika oli hyvin v\u00e4h\u00e4maalinen ja sujui kotijoukkueen hienoisessa hallinnassa. Atlas Vantaa onnistui j\u00e4tt\u00e4m\u00e4\u00e4n Dickenin ainoastaan viiteen maaliin ja iski itse kymmenen. Toiselle puoliajalle Dicken tuli uudella sykkeell\u00e4 ja vei ensimm\u00e4isen kahdeksan minuuttia 5-0 tasoittaen ottelun ja tuplaten samalla maalim\u00e4\u00e4r\u00e4ns\u00e4. Sen j\u00e4lkeen [&hellip;]\" \/>\n<meta property=\"og:url\" content=\"https:\/\/aktialiiga.fi\/miehet\/2017-2018\/ottelut-2017-2018\/atlas-vantaan-puolustus-piti-dickenin-kurissa\/\" \/>\n<meta property=\"og:site_name\" content=\"K\u00e4sipallon miesten Aktialiiga\" \/>\n<meta property=\"article:publisher\" content=\"https:\/\/www.facebook.com\/finnhandball\" \/>\n<meta property=\"article:published_time\" content=\"2018-03-04T18:00:09+00:00\" \/>\n<meta property=\"article:modified_time\" content=\"2018-03-04T18:25:55+00:00\" \/>\n<meta property=\"og:image\" content=\"https:\/\/i0.wp.com\/aktialiiga.fi\/miehet\/wp-content\/uploads\/sites\/5\/2017\/11\/sakkinen_sebastian_atlasvantaa_1718.jpg?fit=711%2C320&ssl=1\" \/>\n\t<meta property=\"og:image:width\" content=\"711\" \/>\n\t<meta property=\"og:image:height\" content=\"320\" \/>\n\t<meta property=\"og:image:type\" content=\"image\/jpeg\" \/>\n<meta name=\"author\" content=\"tbrmedia\" \/>\n<meta name=\"twitter:card\" content=\"summary_large_image\" \/>\n<meta name=\"twitter:creator\" content=\"@finnhandball\" \/>\n<meta name=\"twitter:site\" content=\"@finnhandball\" \/>\n<script type=\"application\/ld+json\" class=\"yoast-schema-graph\">{\"@context\":\"https:\\\/\\\/schema.org\",\"@graph\":[{\"@type\":\"Article\",\"@id\":\"https:\\\/\\\/aktialiiga.fi\\\/miehet\\\/2017-2018\\\/ottelut-2017-2018\\\/atlas-vantaan-puolustus-piti-dickenin-kurissa\\\/#article\",\"isPartOf\":{\"@id\":\"https:\\\/\\\/aktialiiga.fi\\\/miehet\\\/2017-2018\\\/ottelut-2017-2018\\\/atlas-vantaan-puolustus-piti-dickenin-kurissa\\\/\"},\"author\":{\"name\":\"tbrmedia\",\"@id\":\"https:\\\/\\\/aktialiiga.fi\\\/miehet\\\/#\\\/schema\\\/person\\\/c14bf42f47041db74603c45afcb18d87\"},\"headline\":\"Atlas Vantaan puolustus piti Dickenin kurissa\",\"datePublished\":\"2018-03-04T18:00:09+00:00\",\"dateModified\":\"2018-03-04T18:25:55+00:00\",\"mainEntityOfPage\":{\"@id\":\"https:\\\/\\\/aktialiiga.fi\\\/miehet\\\/2017-2018\\\/ottelut-2017-2018\\\/atlas-vantaan-puolustus-piti-dickenin-kurissa\\\/\"},\"wordCount\":352,\"publisher\":{\"@id\":\"https:\\\/\\\/aktialiiga.fi\\\/miehet\\\/#organization\"},\"image\":{\"@id\":\"https:\\\/\\\/aktialiiga.fi\\\/miehet\\\/2017-2018\\\/ottelut-2017-2018\\\/atlas-vantaan-puolustus-piti-dickenin-kurissa\\\/#primaryimage\"},\"thumbnailUrl\":\"https:\\\/\\\/i0.wp.com\\\/aktialiiga.fi\\\/miehet\\\/wp-content\\\/uploads\\\/sites\\\/5\\\/2017\\\/11\\\/sakkinen_sebastian_atlasvantaa_1718.jpg?fit=711%2C320&ssl=1\",\"keywords\":[\"Atlas Vantaa\",\"Dicken\"],\"articleSection\":[\"Ottelut\"],\"inLanguage\":\"fi\"},{\"@type\":\"WebPage\",\"@id\":\"https:\\\/\\\/aktialiiga.fi\\\/miehet\\\/2017-2018\\\/ottelut-2017-2018\\\/atlas-vantaan-puolustus-piti-dickenin-kurissa\\\/\",\"url\":\"https:\\\/\\\/aktialiiga.fi\\\/miehet\\\/2017-2018\\\/ottelut-2017-2018\\\/atlas-vantaan-puolustus-piti-dickenin-kurissa\\\/\",\"name\":\"Atlas Vantaan puolustus piti Dickenin kurissa | K\u00e4sipallon miesten Aktialiiga\",\"isPartOf\":{\"@id\":\"https:\\\/\\\/aktialiiga.fi\\\/miehet\\\/#website\"},\"primaryImageOfPage\":{\"@id\":\"https:\\\/\\\/aktialiiga.fi\\\/miehet\\\/2017-2018\\\/ottelut-2017-2018\\\/atlas-vantaan-puolustus-piti-dickenin-kurissa\\\/#primaryimage\"},\"image\":{\"@id\":\"https:\\\/\\\/aktialiiga.fi\\\/miehet\\\/2017-2018\\\/ottelut-2017-2018\\\/atlas-vantaan-puolustus-piti-dickenin-kurissa\\\/#primaryimage\"},\"thumbnailUrl\":\"https:\\\/\\\/i0.wp.com\\\/aktialiiga.fi\\\/miehet\\\/wp-content\\\/uploads\\\/sites\\\/5\\\/2017\\\/11\\\/sakkinen_sebastian_atlasvantaa_1718.jpg?fit=711%2C320&ssl=1\",\"datePublished\":\"2018-03-04T18:00:09+00:00\",\"dateModified\":\"2018-03-04T18:25:55+00:00\",\"breadcrumb\":{\"@id\":\"https:\\\/\\\/aktialiiga.fi\\\/miehet\\\/2017-2018\\\/ottelut-2017-2018\\\/atlas-vantaan-puolustus-piti-dickenin-kurissa\\\/#breadcrumb\"},\"inLanguage\":\"fi\",\"potentialAction\":[{\"@type\":\"ReadAction\",\"target\":[\"https:\\\/\\\/aktialiiga.fi\\\/miehet\\\/2017-2018\\\/ottelut-2017-2018\\\/atlas-vantaan-puolustus-piti-dickenin-kurissa\\\/\"]}]},{\"@type\":\"ImageObject\",\"inLanguage\":\"fi\",\"@id\":\"https:\\\/\\\/aktialiiga.fi\\\/miehet\\\/2017-2018\\\/ottelut-2017-2018\\\/atlas-vantaan-puolustus-piti-dickenin-kurissa\\\/#primaryimage\",\"url\":\"https:\\\/\\\/i0.wp.com\\\/aktialiiga.fi\\\/miehet\\\/wp-content\\\/uploads\\\/sites\\\/5\\\/2017\\\/11\\\/sakkinen_sebastian_atlasvantaa_1718.jpg?fit=711%2C320&ssl=1\",\"contentUrl\":\"https:\\\/\\\/i0.wp.com\\\/aktialiiga.fi\\\/miehet\\\/wp-content\\\/uploads\\\/sites\\\/5\\\/2017\\\/11\\\/sakkinen_sebastian_atlasvantaa_1718.jpg?fit=711%2C320&ssl=1\",\"width\":711,\"height\":320,\"caption\":\"Sebastian S\u00e4kkinen, Atlas K\u00e4sipallo SM-liiga Atlas - Dicken ottelussa Myyrm\u00e4en palloiluhallissa Vantaalla 7. lokakuuta 2017. (Newspix24\\\/Kalle Parkkinen)\"},{\"@type\":\"BreadcrumbList\",\"@id\":\"https:\\\/\\\/aktialiiga.fi\\\/miehet\\\/2017-2018\\\/ottelut-2017-2018\\\/atlas-vantaan-puolustus-piti-dickenin-kurissa\\\/#breadcrumb\",\"itemListElement\":[{\"@type\":\"ListItem\",\"position\":1,\"name\":\"Etusivu\",\"item\":\"https:\\\/\\\/aktialiiga.fi\\\/miehet\\\/\"},{\"@type\":\"ListItem\",\"position\":2,\"name\":\"Atlas Vantaan puolustus piti Dickenin kurissa\"}]},{\"@type\":\"WebSite\",\"@id\":\"https:\\\/\\\/aktialiiga.fi\\\/miehet\\\/#website\",\"url\":\"https:\\\/\\\/aktialiiga.fi\\\/miehet\\\/\",\"name\":\"K\u00e4sipallon miesten Aktialiiga\",\"description\":\"Valtakunnan vauhdikkainta palloilua!\",\"publisher\":{\"@id\":\"https:\\\/\\\/aktialiiga.fi\\\/miehet\\\/#organization\"},\"potentialAction\":[{\"@type\":\"SearchAction\",\"target\":{\"@type\":\"EntryPoint\",\"urlTemplate\":\"https:\\\/\\\/aktialiiga.fi\\\/miehet\\\/?s={search_term_string}\"},\"query-input\":{\"@type\":\"PropertyValueSpecification\",\"valueRequired\":true,\"valueName\":\"search_term_string\"}}],\"inLanguage\":\"fi\"},{\"@type\":\"Organization\",\"@id\":\"https:\\\/\\\/aktialiiga.fi\\\/miehet\\\/#organization\",\"name\":\"K\u00e4sipallon miesten Aktialiiga\",\"url\":\"https:\\\/\\\/aktialiiga.fi\\\/miehet\\\/\",\"logo\":{\"@type\":\"ImageObject\",\"inLanguage\":\"fi\",\"@id\":\"https:\\\/\\\/aktialiiga.fi\\\/miehet\\\/#\\\/schema\\\/logo\\\/image\\\/\",\"url\":\"https:\\\/\\\/i0.wp.com\\\/aktialiiga.fi\\\/miehet\\\/wp-content\\\/uploads\\\/sites\\\/5\\\/2024\\\/09\\\/Aktialiiga-Yoast-512.png?fit=512%2C512&ssl=1\",\"contentUrl\":\"https:\\\/\\\/i0.wp.com\\\/aktialiiga.fi\\\/miehet\\\/wp-content\\\/uploads\\\/sites\\\/5\\\/2024\\\/09\\\/Aktialiiga-Yoast-512.png?fit=512%2C512&ssl=1\",\"width\":512,\"height\":512,\"caption\":\"K\u00e4sipallon miesten Aktialiiga\"},\"image\":{\"@id\":\"https:\\\/\\\/aktialiiga.fi\\\/miehet\\\/#\\\/schema\\\/logo\\\/image\\\/\"},\"sameAs\":[\"https:\\\/\\\/www.facebook.com\\\/finnhandball\",\"https:\\\/\\\/x.com\\\/finnhandball\",\"https:\\\/\\\/www.instagram.com\\\/handballfinland\\\/\"]},{\"@type\":\"Person\",\"@id\":\"https:\\\/\\\/aktialiiga.fi\\\/miehet\\\/#\\\/schema\\\/person\\\/c14bf42f47041db74603c45afcb18d87\",\"name\":\"tbrmedia\",\"image\":{\"@type\":\"ImageObject\",\"inLanguage\":\"fi\",\"@id\":\"https:\\\/\\\/secure.gravatar.com\\\/avatar\\\/ee975fa091fe581d12b60debb3439022686618368a7c142044c56724d4666b16?s=96&d=mm&r=g\",\"url\":\"https:\\\/\\\/secure.gravatar.com\\\/avatar\\\/ee975fa091fe581d12b60debb3439022686618368a7c142044c56724d4666b16?s=96&d=mm&r=g\",\"contentUrl\":\"https:\\\/\\\/secure.gravatar.com\\\/avatar\\\/ee975fa091fe581d12b60debb3439022686618368a7c142044c56724d4666b16?s=96&d=mm&r=g\",\"caption\":\"tbrmedia\"}}]}<\/script>\n<!-- \/ Yoast SEO plugin. -->","yoast_head_json":{"title":"Atlas Vantaan puolustus piti Dickenin kurissa | K\u00e4sipallon miesten Aktialiiga","robots":{"index":"index","follow":"follow","max-snippet":"max-snippet:-1","max-image-preview":"max-image-preview:large","max-video-preview":"max-video-preview:-1"},"canonical":"https:\/\/aktialiiga.fi\/miehet\/2017-2018\/ottelut-2017-2018\/atlas-vantaan-puolustus-piti-dickenin-kurissa\/","og_locale":"fi_FI","og_type":"article","og_title":"Atlas Vantaan puolustus piti Dickenin kurissa | K\u00e4sipallon miesten Aktialiiga","og_description":"Atlas Vantaa piti taistelun ylemm\u00e4n jatkosarjan kolmannesta tilasta voittamalla kotonaan Dickenin 22-15 (10-5). Ensimm\u00e4inen puoliaika oli hyvin v\u00e4h\u00e4maalinen ja sujui kotijoukkueen hienoisessa hallinnassa. Atlas Vantaa onnistui j\u00e4tt\u00e4m\u00e4\u00e4n Dickenin ainoastaan viiteen maaliin ja iski itse kymmenen. Toiselle puoliajalle Dicken tuli uudella sykkeell\u00e4 ja vei ensimm\u00e4isen kahdeksan minuuttia 5-0 tasoittaen ottelun ja tuplaten samalla maalim\u00e4\u00e4r\u00e4ns\u00e4. Sen j\u00e4lkeen [&hellip;]","og_url":"https:\/\/aktialiiga.fi\/miehet\/2017-2018\/ottelut-2017-2018\/atlas-vantaan-puolustus-piti-dickenin-kurissa\/","og_site_name":"K\u00e4sipallon miesten Aktialiiga","article_publisher":"https:\/\/www.facebook.com\/finnhandball","article_published_time":"2018-03-04T18:00:09+00:00","article_modified_time":"2018-03-04T18:25:55+00:00","og_image":[{"width":711,"height":320,"url":"https:\/\/i0.wp.com\/aktialiiga.fi\/miehet\/wp-content\/uploads\/sites\/5\/2017\/11\/sakkinen_sebastian_atlasvantaa_1718.jpg?fit=711%2C320&ssl=1","type":"image\/jpeg"}],"author":"tbrmedia","twitter_card":"summary_large_image","twitter_creator":"@finnhandball","twitter_site":"@finnhandball","schema":{"@context":"https:\/\/schema.org","@graph":[{"@type":"Article","@id":"https:\/\/aktialiiga.fi\/miehet\/2017-2018\/ottelut-2017-2018\/atlas-vantaan-puolustus-piti-dickenin-kurissa\/#article","isPartOf":{"@id":"https:\/\/aktialiiga.fi\/miehet\/2017-2018\/ottelut-2017-2018\/atlas-vantaan-puolustus-piti-dickenin-kurissa\/"},"author":{"name":"tbrmedia","@id":"https:\/\/aktialiiga.fi\/miehet\/#\/schema\/person\/c14bf42f47041db74603c45afcb18d87"},"headline":"Atlas Vantaan puolustus piti Dickenin kurissa","datePublished":"2018-03-04T18:00:09+00:00","dateModified":"2018-03-04T18:25:55+00:00","mainEntityOfPage":{"@id":"https:\/\/aktialiiga.fi\/miehet\/2017-2018\/ottelut-2017-2018\/atlas-vantaan-puolustus-piti-dickenin-kurissa\/"},"wordCount":352,"publisher":{"@id":"https:\/\/aktialiiga.fi\/miehet\/#organization"},"image":{"@id":"https:\/\/aktialiiga.fi\/miehet\/2017-2018\/ottelut-2017-2018\/atlas-vantaan-puolustus-piti-dickenin-kurissa\/#primaryimage"},"thumbnailUrl":"https:\/\/i0.wp.com\/aktialiiga.fi\/miehet\/wp-content\/uploads\/sites\/5\/2017\/11\/sakkinen_sebastian_atlasvantaa_1718.jpg?fit=711%2C320&ssl=1","keywords":["Atlas Vantaa","Dicken"],"articleSection":["Ottelut"],"inLanguage":"fi"},{"@type":"WebPage","@id":"https:\/\/aktialiiga.fi\/miehet\/2017-2018\/ottelut-2017-2018\/atlas-vantaan-puolustus-piti-dickenin-kurissa\/","url":"https:\/\/aktialiiga.fi\/miehet\/2017-2018\/ottelut-2017-2018\/atlas-vantaan-puolustus-piti-dickenin-kurissa\/","name":"Atlas Vantaan puolustus piti Dickenin kurissa | K\u00e4sipallon miesten Aktialiiga","isPartOf":{"@id":"https:\/\/aktialiiga.fi\/miehet\/#website"},"primaryImageOfPage":{"@id":"https:\/\/aktialiiga.fi\/miehet\/2017-2018\/ottelut-2017-2018\/atlas-vantaan-puolustus-piti-dickenin-kurissa\/#primaryimage"},"image":{"@id":"https:\/\/aktialiiga.fi\/miehet\/2017-2018\/ottelut-2017-2018\/atlas-vantaan-puolustus-piti-dickenin-kurissa\/#primaryimage"},"thumbnailUrl":"https:\/\/i0.wp.com\/aktialiiga.fi\/miehet\/wp-content\/uploads\/sites\/5\/2017\/11\/sakkinen_sebastian_atlasvantaa_1718.jpg?fit=711%2C320&ssl=1","datePublished":"2018-03-04T18:00:09+00:00","dateModified":"2018-03-04T18:25:55+00:00","breadcrumb":{"@id":"https:\/\/aktialiiga.fi\/miehet\/2017-2018\/ottelut-2017-2018\/atlas-vantaan-puolustus-piti-dickenin-kurissa\/#breadcrumb"},"inLanguage":"fi","potentialAction":[{"@type":"ReadAction","target":["https:\/\/aktialiiga.fi\/miehet\/2017-2018\/ottelut-2017-2018\/atlas-vantaan-puolustus-piti-dickenin-kurissa\/"]}]},{"@type":"ImageObject","inLanguage":"fi","@id":"https:\/\/aktialiiga.fi\/miehet\/2017-2018\/ottelut-2017-2018\/atlas-vantaan-puolustus-piti-dickenin-kurissa\/#primaryimage","url":"https:\/\/i0.wp.com\/aktialiiga.fi\/miehet\/wp-content\/uploads\/sites\/5\/2017\/11\/sakkinen_sebastian_atlasvantaa_1718.jpg?fit=711%2C320&ssl=1","contentUrl":"https:\/\/i0.wp.com\/aktialiiga.fi\/miehet\/wp-content\/uploads\/sites\/5\/2017\/11\/sakkinen_sebastian_atlasvantaa_1718.jpg?fit=711%2C320&ssl=1","width":711,"height":320,"caption":"Sebastian S\u00e4kkinen, Atlas K\u00e4sipallo SM-liiga Atlas - Dicken ottelussa Myyrm\u00e4en palloiluhallissa Vantaalla 7. lokakuuta 2017. (Newspix24\/Kalle Parkkinen)"},{"@type":"BreadcrumbList","@id":"https:\/\/aktialiiga.fi\/miehet\/2017-2018\/ottelut-2017-2018\/atlas-vantaan-puolustus-piti-dickenin-kurissa\/#breadcrumb","itemListElement":[{"@type":"ListItem","position":1,"name":"Etusivu","item":"https:\/\/aktialiiga.fi\/miehet\/"},{"@type":"ListItem","position":2,"name":"Atlas Vantaan puolustus piti Dickenin kurissa"}]},{"@type":"WebSite","@id":"https:\/\/aktialiiga.fi\/miehet\/#website","url":"https:\/\/aktialiiga.fi\/miehet\/","name":"K\u00e4sipallon miesten Aktialiiga","description":"Valtakunnan vauhdikkainta palloilua!","publisher":{"@id":"https:\/\/aktialiiga.fi\/miehet\/#organization"},"potentialAction":[{"@type":"SearchAction","target":{"@type":"EntryPoint","urlTemplate":"https:\/\/aktialiiga.fi\/miehet\/?s={search_term_string}"},"query-input":{"@type":"PropertyValueSpecification","valueRequired":true,"valueName":"search_term_string"}}],"inLanguage":"fi"},{"@type":"Organization","@id":"https:\/\/aktialiiga.fi\/miehet\/#organization","name":"K\u00e4sipallon miesten Aktialiiga","url":"https:\/\/aktialiiga.fi\/miehet\/","logo":{"@type":"ImageObject","inLanguage":"fi","@id":"https:\/\/aktialiiga.fi\/miehet\/#\/schema\/logo\/image\/","url":"https:\/\/i0.wp.com\/aktialiiga.fi\/miehet\/wp-content\/uploads\/sites\/5\/2024\/09\/Aktialiiga-Yoast-512.png?fit=512%2C512&ssl=1","contentUrl":"https:\/\/i0.wp.com\/aktialiiga.fi\/miehet\/wp-content\/uploads\/sites\/5\/2024\/09\/Aktialiiga-Yoast-512.png?fit=512%2C512&ssl=1","width":512,"height":512,"caption":"K\u00e4sipallon miesten Aktialiiga"},"image":{"@id":"https:\/\/aktialiiga.fi\/miehet\/#\/schema\/logo\/image\/"},"sameAs":["https:\/\/www.facebook.com\/finnhandball","https:\/\/x.com\/finnhandball","https:\/\/www.instagram.com\/handballfinland\/"]},{"@type":"Person","@id":"https:\/\/aktialiiga.fi\/miehet\/#\/schema\/person\/c14bf42f47041db74603c45afcb18d87","name":"tbrmedia","image":{"@type":"ImageObject","inLanguage":"fi","@id":"https:\/\/secure.gravatar.com\/avatar\/ee975fa091fe581d12b60debb3439022686618368a7c142044c56724d4666b16?s=96&d=mm&r=g","url":"https:\/\/secure.gravatar.com\/avatar\/ee975fa091fe581d12b60debb3439022686618368a7c142044c56724d4666b16?s=96&d=mm&r=g","contentUrl":"https:\/\/secure.gravatar.com\/avatar\/ee975fa091fe581d12b60debb3439022686618368a7c142044c56724d4666b16?s=96&d=mm&r=g","caption":"tbrmedia"}}]}},"jetpack_featured_media_url":"https:\/\/i0.wp.com\/aktialiiga.fi\/miehet\/wp-content\/uploads\/sites\/5\/2017\/11\/sakkinen_sebastian_atlasvantaa_1718.jpg?fit=711%2C320&ssl=1","jetpack_sharing_enabled":true,"jetpack_shortlink":"https:\/\/wp.me\/pfTxOr-54W","_links":{"self":[{"href":"https:\/\/aktialiiga.fi\/miehet\/wp-json\/wp\/v2\/posts\/19526","targetHints":{"allow":["GET"]}}],"collection":[{"href":"https:\/\/aktialiiga.fi\/miehet\/wp-json\/wp\/v2\/posts"}],"about":[{"href":"https:\/\/aktialiiga.fi\/miehet\/wp-json\/wp\/v2\/types\/post"}],"author":[{"embeddable":true,"href":"https:\/\/aktialiiga.fi\/miehet\/wp-json\/wp\/v2\/users\/13"}],"replies":[{"embeddable":true,"href":"https:\/\/aktialiiga.fi\/miehet\/wp-json\/wp\/v2\/comments?post=19526"}],"version-history":[{"count":0,"href":"https:\/\/aktialiiga.fi\/miehet\/wp-json\/wp\/v2\/posts\/19526\/revisions"}],"wp:featuredmedia":[{"embeddable":true,"href":"https:\/\/aktialiiga.fi\/miehet\/wp-json\/wp\/v2\/media\/18296"}],"wp:attachment":[{"href":"https:\/\/aktialiiga.fi\/miehet\/wp-json\/wp\/v2\/media?parent=19526"}],"wp:term":[{"taxonomy":"category","embeddable":true,"href":"https:\/\/aktialiiga.fi\/miehet\/wp-json\/wp\/v2\/categories?post=19526"},{"taxonomy":"post_tag","embeddable":true,"href":"https:\/\/aktialiiga.fi\/miehet\/wp-json\/wp\/v2\/tags?post=19526"}],"curies":[{"name":"wp","href":"https:\/\/api.w.org\/{rel}","templated":true}]}}