{"id":19785,"date":"2018-03-29T08:12:24","date_gmt":"2018-03-29T05:12:24","guid":{"rendered":"https:\/\/aktialiiga.fi\/miehet\/?p=19785"},"modified":"2018-03-29T10:13:21","modified_gmt":"2018-03-29T07:13:21","slug":"dicken-ja-hifk-ratkaisevassa-puolivalierassa","status":"publish","type":"post","link":"https:\/\/aktialiiga.fi\/miehet\/2017-2018\/ennakot-2017-2018\/dicken-ja-hifk-ratkaisevassa-puolivalierassa\/","title":{"rendered":"Dicken ja HIFK ratkaisevassa puoliv\u00e4lier\u00e4ss\u00e4"},"content":{"rendered":"<p>Stadin derby Dickenin ja HIFK:n v\u00e4lill\u00e4 SM-liigan puoliv\u00e4lieriss\u00e4 on osoittautunut todelliseksi j\u00e4nnitysn\u00e4ytelm\u00e4ksi, jonka ratkaiseva viides osa on edess\u00e4 torstaina.<\/p>\n<p>Joukkueet ovat voittaneet toisensa vuoronper\u00e4\u00e4n ja kaikki ottelut \u2013 kuten runkosarjassakin ovat p\u00e4\u00e4ttyneet vierasvoittoihin.<\/p>\n<p>Huikea sarja p\u00e4\u00e4ttyy n\u00e4in ollen varmuudella torstaina, kun ratkaiseva viiden ottelu pelataan Pirkkolassa. Mit\u00e4\u00e4n suuria tekoja t\u00e4ss\u00e4 vaiheessa ei en\u00e4\u00e4 ole teht\u00e4viss\u00e4, vaan se joukkue joka voittoa janoaa enemm\u00e4n, tulee viem\u00e4\u00e4n sarjan. Molemmat ovat r\u00e4ttiv\u00e4syneit\u00e4, mutta se joka l\u00f6yt\u00e4\u00e4 pienenkin lis\u00e4virran ansaitsee kaudelleen jatkoa semifinaalien merkeiss\u00e4.<\/p>\n<p>&#8211; Heid\u00e4n [HIFK] selk\u00e4rankansa on tuskin katkennut t\u00e4m\u00e4n j\u00e4lkeen, Dicken-maalivahti Mikael M\u00e4kel\u00e4 totesi Yle Sportenille tiistain voiton j\u00e4lkeen.<\/p>\n<p>&#8211; Heill\u00e4 on taitavia pelaajia, jotka pystyv\u00e4t maalintekoon ja pit\u00e4\u00e4 my\u00f6s muistaa, ett\u00e4 sarjan katkaiseminen on aina vaikeaa.<\/p>\n<p>M\u00e4kel\u00e4 uskoo kuitenkin vakaasti, ett\u00e4 torstaina n\u00e4hd\u00e4\u00e4n sarjan ensimm\u00e4inen kotivoitto.<\/p>\n<p>&#8211; Tilanne ryhm\u00e4ss\u00e4mme ei ole paras mahdollinen loukkaantumisten vuoksi, mutta meill\u00e4 on usko siihen ett\u00e4 voimme hoitaa t\u00e4m\u00e4n. Otamme mukaamme asenteen [tiistailta] ja sitten vain pelaamme palloa viel\u00e4 varmemmin eteenp\u00e4in.<\/p>\n<p>Ottelu Pirkkolassa alkaa torstaina kello 18.30.<\/p>\n","protected":false},"excerpt":{"rendered":"<p>Stadin derby Dickenin ja HIFK:n v\u00e4lill\u00e4 SM-liigan puoliv\u00e4lieriss\u00e4 on osoittautunut todelliseksi j\u00e4nnitysn\u00e4ytelm\u00e4ksi, jonka ratkaiseva viides osa on edess\u00e4 torstaina. Joukkueet ovat voittaneet toisensa vuoronper\u00e4\u00e4n ja kaikki ottelut \u2013 kuten runkosarjassakin ovat p\u00e4\u00e4ttyneet vierasvoittoihin. Huikea sarja p\u00e4\u00e4ttyy n\u00e4in ollen varmuudella torstaina, kun ratkaiseva viiden ottelu pelataan Pirkkolassa. Mit\u00e4\u00e4n suuria tekoja t\u00e4ss\u00e4 vaiheessa ei en\u00e4\u00e4 ole teht\u00e4viss\u00e4, [&hellip;]<\/p>\n","protected":false},"author":13,"featured_media":19297,"comment_status":"closed","ping_status":"closed","sticky":false,"template":"","format":"standard","meta":{"_acf_changed":false,"jetpack_post_was_ever_published":false,"_jetpack_newsletter_access":"","_jetpack_dont_email_post_to_subs":false,"_jetpack_newsletter_tier_id":0,"_jetpack_memberships_contains_paywalled_content":false,"_jetpack_memberships_contains_paid_content":false,"footnotes":""},"categories":[201],"tags":[58,71],"class_list":["post-19785","post","type-post","status-publish","format-standard","has-post-thumbnail","hentry","category-ennakot-2017-2018","tag-dicken","tag-hifk"],"acf":[],"yoast_head":"<!-- This site is optimized with the Yoast SEO plugin v27.5 - https:\/\/yoast.com\/product\/yoast-seo-wordpress\/ -->\n<title>Dicken ja HIFK ratkaisevassa puoliv\u00e4lier\u00e4ss\u00e4 | K\u00e4sipallon miesten Aktialiiga<\/title>\n<meta name=\"robots\" content=\"index, follow, max-snippet:-1, max-image-preview:large, max-video-preview:-1\" \/>\n<link rel=\"canonical\" href=\"https:\/\/aktialiiga.fi\/miehet\/2017-2018\/ennakot-2017-2018\/dicken-ja-hifk-ratkaisevassa-puolivalierassa\/\" \/>\n<meta property=\"og:locale\" content=\"fi_FI\" \/>\n<meta property=\"og:type\" content=\"article\" \/>\n<meta property=\"og:title\" content=\"Dicken ja HIFK ratkaisevassa puoliv\u00e4lier\u00e4ss\u00e4 | K\u00e4sipallon miesten Aktialiiga\" \/>\n<meta property=\"og:description\" content=\"Stadin derby Dickenin ja HIFK:n v\u00e4lill\u00e4 SM-liigan puoliv\u00e4lieriss\u00e4 on osoittautunut todelliseksi j\u00e4nnitysn\u00e4ytelm\u00e4ksi, jonka ratkaiseva viides osa on edess\u00e4 torstaina. Joukkueet ovat voittaneet toisensa vuoronper\u00e4\u00e4n ja kaikki ottelut \u2013 kuten runkosarjassakin ovat p\u00e4\u00e4ttyneet vierasvoittoihin. Huikea sarja p\u00e4\u00e4ttyy n\u00e4in ollen varmuudella torstaina, kun ratkaiseva viiden ottelu pelataan Pirkkolassa. Mit\u00e4\u00e4n suuria tekoja t\u00e4ss\u00e4 vaiheessa ei en\u00e4\u00e4 ole teht\u00e4viss\u00e4, [&hellip;]\" \/>\n<meta property=\"og:url\" content=\"https:\/\/aktialiiga.fi\/miehet\/2017-2018\/ennakot-2017-2018\/dicken-ja-hifk-ratkaisevassa-puolivalierassa\/\" \/>\n<meta property=\"og:site_name\" content=\"K\u00e4sipallon miesten Aktialiiga\" \/>\n<meta property=\"article:publisher\" content=\"https:\/\/www.facebook.com\/finnhandball\" \/>\n<meta property=\"article:published_time\" content=\"2018-03-29T05:12:24+00:00\" \/>\n<meta property=\"article:modified_time\" content=\"2018-03-29T07:13:21+00:00\" \/>\n<meta property=\"og:image\" content=\"https:\/\/i0.wp.com\/aktialiiga.fi\/miehet\/wp-content\/uploads\/sites\/5\/2018\/02\/remy_anton_dicken_1718.jpg?fit=711%2C320&ssl=1\" \/>\n\t<meta property=\"og:image:width\" content=\"711\" \/>\n\t<meta property=\"og:image:height\" content=\"320\" \/>\n\t<meta property=\"og:image:type\" content=\"image\/jpeg\" \/>\n<meta name=\"author\" content=\"tbrmedia\" \/>\n<meta name=\"twitter:card\" content=\"summary_large_image\" \/>\n<meta name=\"twitter:creator\" content=\"@finnhandball\" \/>\n<meta name=\"twitter:site\" content=\"@finnhandball\" \/>\n<script type=\"application\/ld+json\" class=\"yoast-schema-graph\">{\"@context\":\"https:\\\/\\\/schema.org\",\"@graph\":[{\"@type\":\"Article\",\"@id\":\"https:\\\/\\\/aktialiiga.fi\\\/miehet\\\/2017-2018\\\/ennakot-2017-2018\\\/dicken-ja-hifk-ratkaisevassa-puolivalierassa\\\/#article\",\"isPartOf\":{\"@id\":\"https:\\\/\\\/aktialiiga.fi\\\/miehet\\\/2017-2018\\\/ennakot-2017-2018\\\/dicken-ja-hifk-ratkaisevassa-puolivalierassa\\\/\"},\"author\":{\"name\":\"tbrmedia\",\"@id\":\"https:\\\/\\\/aktialiiga.fi\\\/miehet\\\/#\\\/schema\\\/person\\\/c14bf42f47041db74603c45afcb18d87\"},\"headline\":\"Dicken ja HIFK ratkaisevassa puoliv\u00e4lier\u00e4ss\u00e4\",\"datePublished\":\"2018-03-29T05:12:24+00:00\",\"dateModified\":\"2018-03-29T07:13:21+00:00\",\"mainEntityOfPage\":{\"@id\":\"https:\\\/\\\/aktialiiga.fi\\\/miehet\\\/2017-2018\\\/ennakot-2017-2018\\\/dicken-ja-hifk-ratkaisevassa-puolivalierassa\\\/\"},\"wordCount\":203,\"publisher\":{\"@id\":\"https:\\\/\\\/aktialiiga.fi\\\/miehet\\\/#organization\"},\"image\":{\"@id\":\"https:\\\/\\\/aktialiiga.fi\\\/miehet\\\/2017-2018\\\/ennakot-2017-2018\\\/dicken-ja-hifk-ratkaisevassa-puolivalierassa\\\/#primaryimage\"},\"thumbnailUrl\":\"https:\\\/\\\/i0.wp.com\\\/aktialiiga.fi\\\/miehet\\\/wp-content\\\/uploads\\\/sites\\\/5\\\/2018\\\/02\\\/remy_anton_dicken_1718.jpg?fit=711%2C320&ssl=1\",\"keywords\":[\"Dicken\",\"HIFK\"],\"articleSection\":[\"Ennakot\"],\"inLanguage\":\"fi\"},{\"@type\":\"WebPage\",\"@id\":\"https:\\\/\\\/aktialiiga.fi\\\/miehet\\\/2017-2018\\\/ennakot-2017-2018\\\/dicken-ja-hifk-ratkaisevassa-puolivalierassa\\\/\",\"url\":\"https:\\\/\\\/aktialiiga.fi\\\/miehet\\\/2017-2018\\\/ennakot-2017-2018\\\/dicken-ja-hifk-ratkaisevassa-puolivalierassa\\\/\",\"name\":\"Dicken ja HIFK ratkaisevassa puoliv\u00e4lier\u00e4ss\u00e4 | K\u00e4sipallon miesten Aktialiiga\",\"isPartOf\":{\"@id\":\"https:\\\/\\\/aktialiiga.fi\\\/miehet\\\/#website\"},\"primaryImageOfPage\":{\"@id\":\"https:\\\/\\\/aktialiiga.fi\\\/miehet\\\/2017-2018\\\/ennakot-2017-2018\\\/dicken-ja-hifk-ratkaisevassa-puolivalierassa\\\/#primaryimage\"},\"image\":{\"@id\":\"https:\\\/\\\/aktialiiga.fi\\\/miehet\\\/2017-2018\\\/ennakot-2017-2018\\\/dicken-ja-hifk-ratkaisevassa-puolivalierassa\\\/#primaryimage\"},\"thumbnailUrl\":\"https:\\\/\\\/i0.wp.com\\\/aktialiiga.fi\\\/miehet\\\/wp-content\\\/uploads\\\/sites\\\/5\\\/2018\\\/02\\\/remy_anton_dicken_1718.jpg?fit=711%2C320&ssl=1\",\"datePublished\":\"2018-03-29T05:12:24+00:00\",\"dateModified\":\"2018-03-29T07:13:21+00:00\",\"breadcrumb\":{\"@id\":\"https:\\\/\\\/aktialiiga.fi\\\/miehet\\\/2017-2018\\\/ennakot-2017-2018\\\/dicken-ja-hifk-ratkaisevassa-puolivalierassa\\\/#breadcrumb\"},\"inLanguage\":\"fi\",\"potentialAction\":[{\"@type\":\"ReadAction\",\"target\":[\"https:\\\/\\\/aktialiiga.fi\\\/miehet\\\/2017-2018\\\/ennakot-2017-2018\\\/dicken-ja-hifk-ratkaisevassa-puolivalierassa\\\/\"]}]},{\"@type\":\"ImageObject\",\"inLanguage\":\"fi\",\"@id\":\"https:\\\/\\\/aktialiiga.fi\\\/miehet\\\/2017-2018\\\/ennakot-2017-2018\\\/dicken-ja-hifk-ratkaisevassa-puolivalierassa\\\/#primaryimage\",\"url\":\"https:\\\/\\\/i0.wp.com\\\/aktialiiga.fi\\\/miehet\\\/wp-content\\\/uploads\\\/sites\\\/5\\\/2018\\\/02\\\/remy_anton_dicken_1718.jpg?fit=711%2C320&ssl=1\",\"contentUrl\":\"https:\\\/\\\/i0.wp.com\\\/aktialiiga.fi\\\/miehet\\\/wp-content\\\/uploads\\\/sites\\\/5\\\/2018\\\/02\\\/remy_anton_dicken_1718.jpg?fit=711%2C320&ssl=1\",\"width\":711,\"height\":320},{\"@type\":\"BreadcrumbList\",\"@id\":\"https:\\\/\\\/aktialiiga.fi\\\/miehet\\\/2017-2018\\\/ennakot-2017-2018\\\/dicken-ja-hifk-ratkaisevassa-puolivalierassa\\\/#breadcrumb\",\"itemListElement\":[{\"@type\":\"ListItem\",\"position\":1,\"name\":\"Etusivu\",\"item\":\"https:\\\/\\\/aktialiiga.fi\\\/miehet\\\/\"},{\"@type\":\"ListItem\",\"position\":2,\"name\":\"Dicken ja HIFK ratkaisevassa puoliv\u00e4lier\u00e4ss\u00e4\"}]},{\"@type\":\"WebSite\",\"@id\":\"https:\\\/\\\/aktialiiga.fi\\\/miehet\\\/#website\",\"url\":\"https:\\\/\\\/aktialiiga.fi\\\/miehet\\\/\",\"name\":\"K\u00e4sipallon miesten Aktialiiga\",\"description\":\"Valtakunnan vauhdikkainta palloilua!\",\"publisher\":{\"@id\":\"https:\\\/\\\/aktialiiga.fi\\\/miehet\\\/#organization\"},\"potentialAction\":[{\"@type\":\"SearchAction\",\"target\":{\"@type\":\"EntryPoint\",\"urlTemplate\":\"https:\\\/\\\/aktialiiga.fi\\\/miehet\\\/?s={search_term_string}\"},\"query-input\":{\"@type\":\"PropertyValueSpecification\",\"valueRequired\":true,\"valueName\":\"search_term_string\"}}],\"inLanguage\":\"fi\"},{\"@type\":\"Organization\",\"@id\":\"https:\\\/\\\/aktialiiga.fi\\\/miehet\\\/#organization\",\"name\":\"K\u00e4sipallon miesten Aktialiiga\",\"url\":\"https:\\\/\\\/aktialiiga.fi\\\/miehet\\\/\",\"logo\":{\"@type\":\"ImageObject\",\"inLanguage\":\"fi\",\"@id\":\"https:\\\/\\\/aktialiiga.fi\\\/miehet\\\/#\\\/schema\\\/logo\\\/image\\\/\",\"url\":\"https:\\\/\\\/i0.wp.com\\\/aktialiiga.fi\\\/miehet\\\/wp-content\\\/uploads\\\/sites\\\/5\\\/2024\\\/09\\\/Aktialiiga-Yoast-512.png?fit=512%2C512&ssl=1\",\"contentUrl\":\"https:\\\/\\\/i0.wp.com\\\/aktialiiga.fi\\\/miehet\\\/wp-content\\\/uploads\\\/sites\\\/5\\\/2024\\\/09\\\/Aktialiiga-Yoast-512.png?fit=512%2C512&ssl=1\",\"width\":512,\"height\":512,\"caption\":\"K\u00e4sipallon miesten Aktialiiga\"},\"image\":{\"@id\":\"https:\\\/\\\/aktialiiga.fi\\\/miehet\\\/#\\\/schema\\\/logo\\\/image\\\/\"},\"sameAs\":[\"https:\\\/\\\/www.facebook.com\\\/finnhandball\",\"https:\\\/\\\/x.com\\\/finnhandball\",\"https:\\\/\\\/www.instagram.com\\\/handballfinland\\\/\"]},{\"@type\":\"Person\",\"@id\":\"https:\\\/\\\/aktialiiga.fi\\\/miehet\\\/#\\\/schema\\\/person\\\/c14bf42f47041db74603c45afcb18d87\",\"name\":\"tbrmedia\",\"image\":{\"@type\":\"ImageObject\",\"inLanguage\":\"fi\",\"@id\":\"https:\\\/\\\/secure.gravatar.com\\\/avatar\\\/ee975fa091fe581d12b60debb3439022686618368a7c142044c56724d4666b16?s=96&d=mm&r=g\",\"url\":\"https:\\\/\\\/secure.gravatar.com\\\/avatar\\\/ee975fa091fe581d12b60debb3439022686618368a7c142044c56724d4666b16?s=96&d=mm&r=g\",\"contentUrl\":\"https:\\\/\\\/secure.gravatar.com\\\/avatar\\\/ee975fa091fe581d12b60debb3439022686618368a7c142044c56724d4666b16?s=96&d=mm&r=g\",\"caption\":\"tbrmedia\"}}]}<\/script>\n<!-- \/ Yoast SEO plugin. -->","yoast_head_json":{"title":"Dicken ja HIFK ratkaisevassa puoliv\u00e4lier\u00e4ss\u00e4 | K\u00e4sipallon miesten Aktialiiga","robots":{"index":"index","follow":"follow","max-snippet":"max-snippet:-1","max-image-preview":"max-image-preview:large","max-video-preview":"max-video-preview:-1"},"canonical":"https:\/\/aktialiiga.fi\/miehet\/2017-2018\/ennakot-2017-2018\/dicken-ja-hifk-ratkaisevassa-puolivalierassa\/","og_locale":"fi_FI","og_type":"article","og_title":"Dicken ja HIFK ratkaisevassa puoliv\u00e4lier\u00e4ss\u00e4 | K\u00e4sipallon miesten Aktialiiga","og_description":"Stadin derby Dickenin ja HIFK:n v\u00e4lill\u00e4 SM-liigan puoliv\u00e4lieriss\u00e4 on osoittautunut todelliseksi j\u00e4nnitysn\u00e4ytelm\u00e4ksi, jonka ratkaiseva viides osa on edess\u00e4 torstaina. Joukkueet ovat voittaneet toisensa vuoronper\u00e4\u00e4n ja kaikki ottelut \u2013 kuten runkosarjassakin ovat p\u00e4\u00e4ttyneet vierasvoittoihin. Huikea sarja p\u00e4\u00e4ttyy n\u00e4in ollen varmuudella torstaina, kun ratkaiseva viiden ottelu pelataan Pirkkolassa. Mit\u00e4\u00e4n suuria tekoja t\u00e4ss\u00e4 vaiheessa ei en\u00e4\u00e4 ole teht\u00e4viss\u00e4, [&hellip;]","og_url":"https:\/\/aktialiiga.fi\/miehet\/2017-2018\/ennakot-2017-2018\/dicken-ja-hifk-ratkaisevassa-puolivalierassa\/","og_site_name":"K\u00e4sipallon miesten Aktialiiga","article_publisher":"https:\/\/www.facebook.com\/finnhandball","article_published_time":"2018-03-29T05:12:24+00:00","article_modified_time":"2018-03-29T07:13:21+00:00","og_image":[{"width":711,"height":320,"url":"https:\/\/i0.wp.com\/aktialiiga.fi\/miehet\/wp-content\/uploads\/sites\/5\/2018\/02\/remy_anton_dicken_1718.jpg?fit=711%2C320&ssl=1","type":"image\/jpeg"}],"author":"tbrmedia","twitter_card":"summary_large_image","twitter_creator":"@finnhandball","twitter_site":"@finnhandball","schema":{"@context":"https:\/\/schema.org","@graph":[{"@type":"Article","@id":"https:\/\/aktialiiga.fi\/miehet\/2017-2018\/ennakot-2017-2018\/dicken-ja-hifk-ratkaisevassa-puolivalierassa\/#article","isPartOf":{"@id":"https:\/\/aktialiiga.fi\/miehet\/2017-2018\/ennakot-2017-2018\/dicken-ja-hifk-ratkaisevassa-puolivalierassa\/"},"author":{"name":"tbrmedia","@id":"https:\/\/aktialiiga.fi\/miehet\/#\/schema\/person\/c14bf42f47041db74603c45afcb18d87"},"headline":"Dicken ja HIFK ratkaisevassa puoliv\u00e4lier\u00e4ss\u00e4","datePublished":"2018-03-29T05:12:24+00:00","dateModified":"2018-03-29T07:13:21+00:00","mainEntityOfPage":{"@id":"https:\/\/aktialiiga.fi\/miehet\/2017-2018\/ennakot-2017-2018\/dicken-ja-hifk-ratkaisevassa-puolivalierassa\/"},"wordCount":203,"publisher":{"@id":"https:\/\/aktialiiga.fi\/miehet\/#organization"},"image":{"@id":"https:\/\/aktialiiga.fi\/miehet\/2017-2018\/ennakot-2017-2018\/dicken-ja-hifk-ratkaisevassa-puolivalierassa\/#primaryimage"},"thumbnailUrl":"https:\/\/i0.wp.com\/aktialiiga.fi\/miehet\/wp-content\/uploads\/sites\/5\/2018\/02\/remy_anton_dicken_1718.jpg?fit=711%2C320&ssl=1","keywords":["Dicken","HIFK"],"articleSection":["Ennakot"],"inLanguage":"fi"},{"@type":"WebPage","@id":"https:\/\/aktialiiga.fi\/miehet\/2017-2018\/ennakot-2017-2018\/dicken-ja-hifk-ratkaisevassa-puolivalierassa\/","url":"https:\/\/aktialiiga.fi\/miehet\/2017-2018\/ennakot-2017-2018\/dicken-ja-hifk-ratkaisevassa-puolivalierassa\/","name":"Dicken ja HIFK ratkaisevassa puoliv\u00e4lier\u00e4ss\u00e4 | K\u00e4sipallon miesten Aktialiiga","isPartOf":{"@id":"https:\/\/aktialiiga.fi\/miehet\/#website"},"primaryImageOfPage":{"@id":"https:\/\/aktialiiga.fi\/miehet\/2017-2018\/ennakot-2017-2018\/dicken-ja-hifk-ratkaisevassa-puolivalierassa\/#primaryimage"},"image":{"@id":"https:\/\/aktialiiga.fi\/miehet\/2017-2018\/ennakot-2017-2018\/dicken-ja-hifk-ratkaisevassa-puolivalierassa\/#primaryimage"},"thumbnailUrl":"https:\/\/i0.wp.com\/aktialiiga.fi\/miehet\/wp-content\/uploads\/sites\/5\/2018\/02\/remy_anton_dicken_1718.jpg?fit=711%2C320&ssl=1","datePublished":"2018-03-29T05:12:24+00:00","dateModified":"2018-03-29T07:13:21+00:00","breadcrumb":{"@id":"https:\/\/aktialiiga.fi\/miehet\/2017-2018\/ennakot-2017-2018\/dicken-ja-hifk-ratkaisevassa-puolivalierassa\/#breadcrumb"},"inLanguage":"fi","potentialAction":[{"@type":"ReadAction","target":["https:\/\/aktialiiga.fi\/miehet\/2017-2018\/ennakot-2017-2018\/dicken-ja-hifk-ratkaisevassa-puolivalierassa\/"]}]},{"@type":"ImageObject","inLanguage":"fi","@id":"https:\/\/aktialiiga.fi\/miehet\/2017-2018\/ennakot-2017-2018\/dicken-ja-hifk-ratkaisevassa-puolivalierassa\/#primaryimage","url":"https:\/\/i0.wp.com\/aktialiiga.fi\/miehet\/wp-content\/uploads\/sites\/5\/2018\/02\/remy_anton_dicken_1718.jpg?fit=711%2C320&ssl=1","contentUrl":"https:\/\/i0.wp.com\/aktialiiga.fi\/miehet\/wp-content\/uploads\/sites\/5\/2018\/02\/remy_anton_dicken_1718.jpg?fit=711%2C320&ssl=1","width":711,"height":320},{"@type":"BreadcrumbList","@id":"https:\/\/aktialiiga.fi\/miehet\/2017-2018\/ennakot-2017-2018\/dicken-ja-hifk-ratkaisevassa-puolivalierassa\/#breadcrumb","itemListElement":[{"@type":"ListItem","position":1,"name":"Etusivu","item":"https:\/\/aktialiiga.fi\/miehet\/"},{"@type":"ListItem","position":2,"name":"Dicken ja HIFK ratkaisevassa puoliv\u00e4lier\u00e4ss\u00e4"}]},{"@type":"WebSite","@id":"https:\/\/aktialiiga.fi\/miehet\/#website","url":"https:\/\/aktialiiga.fi\/miehet\/","name":"K\u00e4sipallon miesten Aktialiiga","description":"Valtakunnan vauhdikkainta palloilua!","publisher":{"@id":"https:\/\/aktialiiga.fi\/miehet\/#organization"},"potentialAction":[{"@type":"SearchAction","target":{"@type":"EntryPoint","urlTemplate":"https:\/\/aktialiiga.fi\/miehet\/?s={search_term_string}"},"query-input":{"@type":"PropertyValueSpecification","valueRequired":true,"valueName":"search_term_string"}}],"inLanguage":"fi"},{"@type":"Organization","@id":"https:\/\/aktialiiga.fi\/miehet\/#organization","name":"K\u00e4sipallon miesten Aktialiiga","url":"https:\/\/aktialiiga.fi\/miehet\/","logo":{"@type":"ImageObject","inLanguage":"fi","@id":"https:\/\/aktialiiga.fi\/miehet\/#\/schema\/logo\/image\/","url":"https:\/\/i0.wp.com\/aktialiiga.fi\/miehet\/wp-content\/uploads\/sites\/5\/2024\/09\/Aktialiiga-Yoast-512.png?fit=512%2C512&ssl=1","contentUrl":"https:\/\/i0.wp.com\/aktialiiga.fi\/miehet\/wp-content\/uploads\/sites\/5\/2024\/09\/Aktialiiga-Yoast-512.png?fit=512%2C512&ssl=1","width":512,"height":512,"caption":"K\u00e4sipallon miesten Aktialiiga"},"image":{"@id":"https:\/\/aktialiiga.fi\/miehet\/#\/schema\/logo\/image\/"},"sameAs":["https:\/\/www.facebook.com\/finnhandball","https:\/\/x.com\/finnhandball","https:\/\/www.instagram.com\/handballfinland\/"]},{"@type":"Person","@id":"https:\/\/aktialiiga.fi\/miehet\/#\/schema\/person\/c14bf42f47041db74603c45afcb18d87","name":"tbrmedia","image":{"@type":"ImageObject","inLanguage":"fi","@id":"https:\/\/secure.gravatar.com\/avatar\/ee975fa091fe581d12b60debb3439022686618368a7c142044c56724d4666b16?s=96&d=mm&r=g","url":"https:\/\/secure.gravatar.com\/avatar\/ee975fa091fe581d12b60debb3439022686618368a7c142044c56724d4666b16?s=96&d=mm&r=g","contentUrl":"https:\/\/secure.gravatar.com\/avatar\/ee975fa091fe581d12b60debb3439022686618368a7c142044c56724d4666b16?s=96&d=mm&r=g","caption":"tbrmedia"}}]}},"jetpack_featured_media_url":"https:\/\/i0.wp.com\/aktialiiga.fi\/miehet\/wp-content\/uploads\/sites\/5\/2018\/02\/remy_anton_dicken_1718.jpg?fit=711%2C320&ssl=1","jetpack_sharing_enabled":true,"jetpack_shortlink":"https:\/\/wp.me\/pfTxOr-597","_links":{"self":[{"href":"https:\/\/aktialiiga.fi\/miehet\/wp-json\/wp\/v2\/posts\/19785","targetHints":{"allow":["GET"]}}],"collection":[{"href":"https:\/\/aktialiiga.fi\/miehet\/wp-json\/wp\/v2\/posts"}],"about":[{"href":"https:\/\/aktialiiga.fi\/miehet\/wp-json\/wp\/v2\/types\/post"}],"author":[{"embeddable":true,"href":"https:\/\/aktialiiga.fi\/miehet\/wp-json\/wp\/v2\/users\/13"}],"replies":[{"embeddable":true,"href":"https:\/\/aktialiiga.fi\/miehet\/wp-json\/wp\/v2\/comments?post=19785"}],"version-history":[{"count":0,"href":"https:\/\/aktialiiga.fi\/miehet\/wp-json\/wp\/v2\/posts\/19785\/revisions"}],"wp:featuredmedia":[{"embeddable":true,"href":"https:\/\/aktialiiga.fi\/miehet\/wp-json\/wp\/v2\/media\/19297"}],"wp:attachment":[{"href":"https:\/\/aktialiiga.fi\/miehet\/wp-json\/wp\/v2\/media?parent=19785"}],"wp:term":[{"taxonomy":"category","embeddable":true,"href":"https:\/\/aktialiiga.fi\/miehet\/wp-json\/wp\/v2\/categories?post=19785"},{"taxonomy":"post_tag","embeddable":true,"href":"https:\/\/aktialiiga.fi\/miehet\/wp-json\/wp\/v2\/tags?post=19785"}],"curies":[{"name":"wp","href":"https:\/\/api.w.org\/{rel}","templated":true}]}}