{"id":19912,"date":"2018-04-22T22:29:27","date_gmt":"2018-04-22T19:29:27","guid":{"rendered":"https:\/\/aktialiiga.fi\/miehet\/?p=19912"},"modified":"2018-04-23T14:30:37","modified_gmt":"2018-04-23T11:30:37","slug":"cocks-ja-grifk-kolmannessa-valierassa-maanantaina","status":"publish","type":"post","link":"https:\/\/aktialiiga.fi\/miehet\/2017-2018\/ennakot-2017-2018\/cocks-ja-grifk-kolmannessa-valierassa-maanantaina\/","title":{"rendered":"Cocks ja GrIFK kolmannessa v\u00e4lier\u00e4ss\u00e4 maanantaina"},"content":{"rendered":"<p>Cocksin ja Grankulla IFK:n v\u00e4lier\u00e4sarja jatkuu maanantaina Riihim\u00e4ell\u00e4. Kolmanteen otteluun l\u00e4hdet\u00e4\u00e4n tilanteesta 1-1.<\/p>\n<p>Grani puristi Cocksin ahtaalle jo ensimm\u00e4isess\u00e4 kohtaamisessa Riihim\u00e4ell\u00e4, mutta Cocksin vahva loppuveto k\u00e4\u00e4nsi ottelun kotivoitoksi. Lauantaina Kauniaisissa Grani kuitenkin tasoitti otteluvoitot kaatamalla Cocksin jatkoajalla.<\/p>\n<p>Kuudetta per\u00e4kk\u00e4ist\u00e4 Suomen mestaruutta tavoitteleva Cocks ehti pelata ennen lauantaita 67 per\u00e4kk\u00e4ist\u00e4 tappiotonta ottelua kotimaisia vastustajia vastaan. Ilman Nico R\u00f6nnbergi\u00e4 joukkue vaikutti tavanomaista enemm\u00e4n haavoittuvalta, ja pitk\u00e4 kausi on varmasti verottanut joukkuetta.<\/p>\n<p>Teemu Tammisen mukaan v\u00e4symys ei kuitenkaan paina.<\/p>\n<p>&#8211; Seuraava ottelu alkaa 0-0:sta ja ei meit\u00e4 haittaa se, ett\u00e4 otteluita tulee useampia, Tamminen sanoi Yle Sportenille.<\/p>\n<p>&#8211; Totta kai Nicon poissaolo vaikuttaa, h\u00e4n on pelannut isoja minuutteja useimmissa otteluissa. H\u00e4n kuitenkin palaa my\u00f6hemmin.<\/p>\n<p>Grani puolestaan on syttynyt taistelemaan ja haastaa tosissaan Cocksin taistelussa finaalipaikasta.<\/p>\n<p>&#8211; Koko joukkue uskalsi yritt\u00e4\u00e4 ja nauttia pelaamisesta. Henkinen kantti piti jokaisella pelaajalla, p\u00e4\u00e4valmentaja Mikko Koskue kiitteli lauantain esityst\u00e4 seuran verkkosivuilla.<\/p>\n<p>&#8211; Nyt tarvitaan kovaa ty\u00f6t\u00e4 ja meid\u00e4n pit\u00e4\u00e4 nostaa tasoamme seuraavaan otteluun, totesi puolestaan Fredrik Forss.<\/p>\n<p>Ottelu Riihim\u00e4en Urheilutalolla alkaa maanantaina kello 19.00.<\/p>\n<p><em>K\u00e4sipallon miesten SM-liigan ottelut kattavasti my\u00f6s Veikkauksen urheilupelien tarjonnassa, k\u00e4sipallon kohteet l\u00f6yd\u00e4t <a href=\"https:\/\/www.veikkaus.fi\/fi\/pitkaveto?sportId=12&amp;selectedLeagues=12-all\" target=\"_blank\" rel=\"noopener\">t\u00e4\u00e4lt\u00e4<\/a><\/em>.<\/p>\n","protected":false},"excerpt":{"rendered":"<p>Cocksin ja Grankulla IFK:n v\u00e4lier\u00e4sarja jatkuu maanantaina Riihim\u00e4ell\u00e4. Kolmanteen otteluun l\u00e4hdet\u00e4\u00e4n tilanteesta 1-1. Grani puristi Cocksin ahtaalle jo ensimm\u00e4isess\u00e4 kohtaamisessa Riihim\u00e4ell\u00e4, mutta Cocksin vahva loppuveto k\u00e4\u00e4nsi ottelun kotivoitoksi. Lauantaina Kauniaisissa Grani kuitenkin tasoitti otteluvoitot kaatamalla Cocksin jatkoajalla. Kuudetta per\u00e4kk\u00e4ist\u00e4 Suomen mestaruutta tavoitteleva Cocks ehti pelata ennen lauantaita 67 per\u00e4kk\u00e4ist\u00e4 tappiotonta ottelua kotimaisia vastustajia vastaan. Ilman [&hellip;]<\/p>\n","protected":false},"author":13,"featured_media":18319,"comment_status":"closed","ping_status":"closed","sticky":false,"template":"","format":"standard","meta":{"_acf_changed":false,"jetpack_post_was_ever_published":false,"_jetpack_newsletter_access":"","_jetpack_dont_email_post_to_subs":false,"_jetpack_newsletter_tier_id":0,"_jetpack_memberships_contains_paywalled_content":false,"_jetpack_memberships_contains_paid_content":false,"footnotes":""},"categories":[201],"tags":[57,64],"class_list":["post-19912","post","type-post","status-publish","format-standard","has-post-thumbnail","hentry","category-ennakot-2017-2018","tag-cocks","tag-grifk"],"acf":[],"yoast_head":"<!-- This site is optimized with the Yoast SEO plugin v27.5 - https:\/\/yoast.com\/product\/yoast-seo-wordpress\/ -->\n<title>Cocks ja GrIFK kolmannessa v\u00e4lier\u00e4ss\u00e4 maanantaina | K\u00e4sipallon miesten Aktialiiga<\/title>\n<meta name=\"robots\" content=\"index, follow, max-snippet:-1, max-image-preview:large, max-video-preview:-1\" \/>\n<link rel=\"canonical\" href=\"https:\/\/aktialiiga.fi\/miehet\/2017-2018\/ennakot-2017-2018\/cocks-ja-grifk-kolmannessa-valierassa-maanantaina\/\" \/>\n<meta property=\"og:locale\" content=\"fi_FI\" \/>\n<meta property=\"og:type\" content=\"article\" \/>\n<meta property=\"og:title\" content=\"Cocks ja GrIFK kolmannessa v\u00e4lier\u00e4ss\u00e4 maanantaina | K\u00e4sipallon miesten Aktialiiga\" \/>\n<meta property=\"og:description\" content=\"Cocksin ja Grankulla IFK:n v\u00e4lier\u00e4sarja jatkuu maanantaina Riihim\u00e4ell\u00e4. Kolmanteen otteluun l\u00e4hdet\u00e4\u00e4n tilanteesta 1-1. Grani puristi Cocksin ahtaalle jo ensimm\u00e4isess\u00e4 kohtaamisessa Riihim\u00e4ell\u00e4, mutta Cocksin vahva loppuveto k\u00e4\u00e4nsi ottelun kotivoitoksi. Lauantaina Kauniaisissa Grani kuitenkin tasoitti otteluvoitot kaatamalla Cocksin jatkoajalla. Kuudetta per\u00e4kk\u00e4ist\u00e4 Suomen mestaruutta tavoitteleva Cocks ehti pelata ennen lauantaita 67 per\u00e4kk\u00e4ist\u00e4 tappiotonta ottelua kotimaisia vastustajia vastaan. Ilman [&hellip;]\" \/>\n<meta property=\"og:url\" content=\"https:\/\/aktialiiga.fi\/miehet\/2017-2018\/ennakot-2017-2018\/cocks-ja-grifk-kolmannessa-valierassa-maanantaina\/\" \/>\n<meta property=\"og:site_name\" content=\"K\u00e4sipallon miesten Aktialiiga\" \/>\n<meta property=\"article:publisher\" content=\"https:\/\/www.facebook.com\/finnhandball\" \/>\n<meta property=\"article:published_time\" content=\"2018-04-22T19:29:27+00:00\" \/>\n<meta property=\"article:modified_time\" content=\"2018-04-23T11:30:37+00:00\" \/>\n<meta property=\"og:image\" content=\"https:\/\/i0.wp.com\/aktialiiga.fi\/miehet\/wp-content\/uploads\/sites\/5\/2017\/11\/tamminen_teemu_cocks_1718.jpg?fit=711%2C320&ssl=1\" \/>\n\t<meta property=\"og:image:width\" content=\"711\" \/>\n\t<meta property=\"og:image:height\" content=\"320\" \/>\n\t<meta property=\"og:image:type\" content=\"image\/jpeg\" \/>\n<meta name=\"author\" content=\"tbrmedia\" \/>\n<meta name=\"twitter:card\" content=\"summary_large_image\" \/>\n<meta name=\"twitter:creator\" content=\"@finnhandball\" \/>\n<meta name=\"twitter:site\" content=\"@finnhandball\" \/>\n<script type=\"application\/ld+json\" class=\"yoast-schema-graph\">{\"@context\":\"https:\\\/\\\/schema.org\",\"@graph\":[{\"@type\":\"Article\",\"@id\":\"https:\\\/\\\/aktialiiga.fi\\\/miehet\\\/2017-2018\\\/ennakot-2017-2018\\\/cocks-ja-grifk-kolmannessa-valierassa-maanantaina\\\/#article\",\"isPartOf\":{\"@id\":\"https:\\\/\\\/aktialiiga.fi\\\/miehet\\\/2017-2018\\\/ennakot-2017-2018\\\/cocks-ja-grifk-kolmannessa-valierassa-maanantaina\\\/\"},\"author\":{\"name\":\"tbrmedia\",\"@id\":\"https:\\\/\\\/aktialiiga.fi\\\/miehet\\\/#\\\/schema\\\/person\\\/c14bf42f47041db74603c45afcb18d87\"},\"headline\":\"Cocks ja GrIFK kolmannessa v\u00e4lier\u00e4ss\u00e4 maanantaina\",\"datePublished\":\"2018-04-22T19:29:27+00:00\",\"dateModified\":\"2018-04-23T11:30:37+00:00\",\"mainEntityOfPage\":{\"@id\":\"https:\\\/\\\/aktialiiga.fi\\\/miehet\\\/2017-2018\\\/ennakot-2017-2018\\\/cocks-ja-grifk-kolmannessa-valierassa-maanantaina\\\/\"},\"wordCount\":215,\"publisher\":{\"@id\":\"https:\\\/\\\/aktialiiga.fi\\\/miehet\\\/#organization\"},\"image\":{\"@id\":\"https:\\\/\\\/aktialiiga.fi\\\/miehet\\\/2017-2018\\\/ennakot-2017-2018\\\/cocks-ja-grifk-kolmannessa-valierassa-maanantaina\\\/#primaryimage\"},\"thumbnailUrl\":\"https:\\\/\\\/i0.wp.com\\\/aktialiiga.fi\\\/miehet\\\/wp-content\\\/uploads\\\/sites\\\/5\\\/2017\\\/11\\\/tamminen_teemu_cocks_1718.jpg?fit=711%2C320&ssl=1\",\"keywords\":[\"Cocks\",\"GrIFK\"],\"articleSection\":[\"Ennakot\"],\"inLanguage\":\"fi\"},{\"@type\":\"WebPage\",\"@id\":\"https:\\\/\\\/aktialiiga.fi\\\/miehet\\\/2017-2018\\\/ennakot-2017-2018\\\/cocks-ja-grifk-kolmannessa-valierassa-maanantaina\\\/\",\"url\":\"https:\\\/\\\/aktialiiga.fi\\\/miehet\\\/2017-2018\\\/ennakot-2017-2018\\\/cocks-ja-grifk-kolmannessa-valierassa-maanantaina\\\/\",\"name\":\"Cocks ja GrIFK kolmannessa v\u00e4lier\u00e4ss\u00e4 maanantaina | K\u00e4sipallon miesten Aktialiiga\",\"isPartOf\":{\"@id\":\"https:\\\/\\\/aktialiiga.fi\\\/miehet\\\/#website\"},\"primaryImageOfPage\":{\"@id\":\"https:\\\/\\\/aktialiiga.fi\\\/miehet\\\/2017-2018\\\/ennakot-2017-2018\\\/cocks-ja-grifk-kolmannessa-valierassa-maanantaina\\\/#primaryimage\"},\"image\":{\"@id\":\"https:\\\/\\\/aktialiiga.fi\\\/miehet\\\/2017-2018\\\/ennakot-2017-2018\\\/cocks-ja-grifk-kolmannessa-valierassa-maanantaina\\\/#primaryimage\"},\"thumbnailUrl\":\"https:\\\/\\\/i0.wp.com\\\/aktialiiga.fi\\\/miehet\\\/wp-content\\\/uploads\\\/sites\\\/5\\\/2017\\\/11\\\/tamminen_teemu_cocks_1718.jpg?fit=711%2C320&ssl=1\",\"datePublished\":\"2018-04-22T19:29:27+00:00\",\"dateModified\":\"2018-04-23T11:30:37+00:00\",\"breadcrumb\":{\"@id\":\"https:\\\/\\\/aktialiiga.fi\\\/miehet\\\/2017-2018\\\/ennakot-2017-2018\\\/cocks-ja-grifk-kolmannessa-valierassa-maanantaina\\\/#breadcrumb\"},\"inLanguage\":\"fi\",\"potentialAction\":[{\"@type\":\"ReadAction\",\"target\":[\"https:\\\/\\\/aktialiiga.fi\\\/miehet\\\/2017-2018\\\/ennakot-2017-2018\\\/cocks-ja-grifk-kolmannessa-valierassa-maanantaina\\\/\"]}]},{\"@type\":\"ImageObject\",\"inLanguage\":\"fi\",\"@id\":\"https:\\\/\\\/aktialiiga.fi\\\/miehet\\\/2017-2018\\\/ennakot-2017-2018\\\/cocks-ja-grifk-kolmannessa-valierassa-maanantaina\\\/#primaryimage\",\"url\":\"https:\\\/\\\/i0.wp.com\\\/aktialiiga.fi\\\/miehet\\\/wp-content\\\/uploads\\\/sites\\\/5\\\/2017\\\/11\\\/tamminen_teemu_cocks_1718.jpg?fit=711%2C320&ssl=1\",\"contentUrl\":\"https:\\\/\\\/i0.wp.com\\\/aktialiiga.fi\\\/miehet\\\/wp-content\\\/uploads\\\/sites\\\/5\\\/2017\\\/11\\\/tamminen_teemu_cocks_1718.jpg?fit=711%2C320&ssl=1\",\"width\":711,\"height\":320,\"caption\":\"Teemu Tamminen, Cocks K\u00e4sipallo SM-liiga Cocks - BK-46 ottelussa Riihim\u00e4en Urheilutalolla 1. lokakuuta 2017. (Newspix24\\\/Kalle Parkkinen)\"},{\"@type\":\"BreadcrumbList\",\"@id\":\"https:\\\/\\\/aktialiiga.fi\\\/miehet\\\/2017-2018\\\/ennakot-2017-2018\\\/cocks-ja-grifk-kolmannessa-valierassa-maanantaina\\\/#breadcrumb\",\"itemListElement\":[{\"@type\":\"ListItem\",\"position\":1,\"name\":\"Etusivu\",\"item\":\"https:\\\/\\\/aktialiiga.fi\\\/miehet\\\/\"},{\"@type\":\"ListItem\",\"position\":2,\"name\":\"Cocks ja GrIFK kolmannessa v\u00e4lier\u00e4ss\u00e4 maanantaina\"}]},{\"@type\":\"WebSite\",\"@id\":\"https:\\\/\\\/aktialiiga.fi\\\/miehet\\\/#website\",\"url\":\"https:\\\/\\\/aktialiiga.fi\\\/miehet\\\/\",\"name\":\"K\u00e4sipallon miesten Aktialiiga\",\"description\":\"Valtakunnan vauhdikkainta palloilua!\",\"publisher\":{\"@id\":\"https:\\\/\\\/aktialiiga.fi\\\/miehet\\\/#organization\"},\"potentialAction\":[{\"@type\":\"SearchAction\",\"target\":{\"@type\":\"EntryPoint\",\"urlTemplate\":\"https:\\\/\\\/aktialiiga.fi\\\/miehet\\\/?s={search_term_string}\"},\"query-input\":{\"@type\":\"PropertyValueSpecification\",\"valueRequired\":true,\"valueName\":\"search_term_string\"}}],\"inLanguage\":\"fi\"},{\"@type\":\"Organization\",\"@id\":\"https:\\\/\\\/aktialiiga.fi\\\/miehet\\\/#organization\",\"name\":\"K\u00e4sipallon miesten Aktialiiga\",\"url\":\"https:\\\/\\\/aktialiiga.fi\\\/miehet\\\/\",\"logo\":{\"@type\":\"ImageObject\",\"inLanguage\":\"fi\",\"@id\":\"https:\\\/\\\/aktialiiga.fi\\\/miehet\\\/#\\\/schema\\\/logo\\\/image\\\/\",\"url\":\"https:\\\/\\\/i0.wp.com\\\/aktialiiga.fi\\\/miehet\\\/wp-content\\\/uploads\\\/sites\\\/5\\\/2024\\\/09\\\/Aktialiiga-Yoast-512.png?fit=512%2C512&ssl=1\",\"contentUrl\":\"https:\\\/\\\/i0.wp.com\\\/aktialiiga.fi\\\/miehet\\\/wp-content\\\/uploads\\\/sites\\\/5\\\/2024\\\/09\\\/Aktialiiga-Yoast-512.png?fit=512%2C512&ssl=1\",\"width\":512,\"height\":512,\"caption\":\"K\u00e4sipallon miesten Aktialiiga\"},\"image\":{\"@id\":\"https:\\\/\\\/aktialiiga.fi\\\/miehet\\\/#\\\/schema\\\/logo\\\/image\\\/\"},\"sameAs\":[\"https:\\\/\\\/www.facebook.com\\\/finnhandball\",\"https:\\\/\\\/x.com\\\/finnhandball\",\"https:\\\/\\\/www.instagram.com\\\/handballfinland\\\/\"]},{\"@type\":\"Person\",\"@id\":\"https:\\\/\\\/aktialiiga.fi\\\/miehet\\\/#\\\/schema\\\/person\\\/c14bf42f47041db74603c45afcb18d87\",\"name\":\"tbrmedia\",\"image\":{\"@type\":\"ImageObject\",\"inLanguage\":\"fi\",\"@id\":\"https:\\\/\\\/secure.gravatar.com\\\/avatar\\\/ee975fa091fe581d12b60debb3439022686618368a7c142044c56724d4666b16?s=96&d=mm&r=g\",\"url\":\"https:\\\/\\\/secure.gravatar.com\\\/avatar\\\/ee975fa091fe581d12b60debb3439022686618368a7c142044c56724d4666b16?s=96&d=mm&r=g\",\"contentUrl\":\"https:\\\/\\\/secure.gravatar.com\\\/avatar\\\/ee975fa091fe581d12b60debb3439022686618368a7c142044c56724d4666b16?s=96&d=mm&r=g\",\"caption\":\"tbrmedia\"}}]}<\/script>\n<!-- \/ Yoast SEO plugin. -->","yoast_head_json":{"title":"Cocks ja GrIFK kolmannessa v\u00e4lier\u00e4ss\u00e4 maanantaina | K\u00e4sipallon miesten Aktialiiga","robots":{"index":"index","follow":"follow","max-snippet":"max-snippet:-1","max-image-preview":"max-image-preview:large","max-video-preview":"max-video-preview:-1"},"canonical":"https:\/\/aktialiiga.fi\/miehet\/2017-2018\/ennakot-2017-2018\/cocks-ja-grifk-kolmannessa-valierassa-maanantaina\/","og_locale":"fi_FI","og_type":"article","og_title":"Cocks ja GrIFK kolmannessa v\u00e4lier\u00e4ss\u00e4 maanantaina | K\u00e4sipallon miesten Aktialiiga","og_description":"Cocksin ja Grankulla IFK:n v\u00e4lier\u00e4sarja jatkuu maanantaina Riihim\u00e4ell\u00e4. Kolmanteen otteluun l\u00e4hdet\u00e4\u00e4n tilanteesta 1-1. Grani puristi Cocksin ahtaalle jo ensimm\u00e4isess\u00e4 kohtaamisessa Riihim\u00e4ell\u00e4, mutta Cocksin vahva loppuveto k\u00e4\u00e4nsi ottelun kotivoitoksi. Lauantaina Kauniaisissa Grani kuitenkin tasoitti otteluvoitot kaatamalla Cocksin jatkoajalla. Kuudetta per\u00e4kk\u00e4ist\u00e4 Suomen mestaruutta tavoitteleva Cocks ehti pelata ennen lauantaita 67 per\u00e4kk\u00e4ist\u00e4 tappiotonta ottelua kotimaisia vastustajia vastaan. Ilman [&hellip;]","og_url":"https:\/\/aktialiiga.fi\/miehet\/2017-2018\/ennakot-2017-2018\/cocks-ja-grifk-kolmannessa-valierassa-maanantaina\/","og_site_name":"K\u00e4sipallon miesten Aktialiiga","article_publisher":"https:\/\/www.facebook.com\/finnhandball","article_published_time":"2018-04-22T19:29:27+00:00","article_modified_time":"2018-04-23T11:30:37+00:00","og_image":[{"width":711,"height":320,"url":"https:\/\/i0.wp.com\/aktialiiga.fi\/miehet\/wp-content\/uploads\/sites\/5\/2017\/11\/tamminen_teemu_cocks_1718.jpg?fit=711%2C320&ssl=1","type":"image\/jpeg"}],"author":"tbrmedia","twitter_card":"summary_large_image","twitter_creator":"@finnhandball","twitter_site":"@finnhandball","schema":{"@context":"https:\/\/schema.org","@graph":[{"@type":"Article","@id":"https:\/\/aktialiiga.fi\/miehet\/2017-2018\/ennakot-2017-2018\/cocks-ja-grifk-kolmannessa-valierassa-maanantaina\/#article","isPartOf":{"@id":"https:\/\/aktialiiga.fi\/miehet\/2017-2018\/ennakot-2017-2018\/cocks-ja-grifk-kolmannessa-valierassa-maanantaina\/"},"author":{"name":"tbrmedia","@id":"https:\/\/aktialiiga.fi\/miehet\/#\/schema\/person\/c14bf42f47041db74603c45afcb18d87"},"headline":"Cocks ja GrIFK kolmannessa v\u00e4lier\u00e4ss\u00e4 maanantaina","datePublished":"2018-04-22T19:29:27+00:00","dateModified":"2018-04-23T11:30:37+00:00","mainEntityOfPage":{"@id":"https:\/\/aktialiiga.fi\/miehet\/2017-2018\/ennakot-2017-2018\/cocks-ja-grifk-kolmannessa-valierassa-maanantaina\/"},"wordCount":215,"publisher":{"@id":"https:\/\/aktialiiga.fi\/miehet\/#organization"},"image":{"@id":"https:\/\/aktialiiga.fi\/miehet\/2017-2018\/ennakot-2017-2018\/cocks-ja-grifk-kolmannessa-valierassa-maanantaina\/#primaryimage"},"thumbnailUrl":"https:\/\/i0.wp.com\/aktialiiga.fi\/miehet\/wp-content\/uploads\/sites\/5\/2017\/11\/tamminen_teemu_cocks_1718.jpg?fit=711%2C320&ssl=1","keywords":["Cocks","GrIFK"],"articleSection":["Ennakot"],"inLanguage":"fi"},{"@type":"WebPage","@id":"https:\/\/aktialiiga.fi\/miehet\/2017-2018\/ennakot-2017-2018\/cocks-ja-grifk-kolmannessa-valierassa-maanantaina\/","url":"https:\/\/aktialiiga.fi\/miehet\/2017-2018\/ennakot-2017-2018\/cocks-ja-grifk-kolmannessa-valierassa-maanantaina\/","name":"Cocks ja GrIFK kolmannessa v\u00e4lier\u00e4ss\u00e4 maanantaina | K\u00e4sipallon miesten Aktialiiga","isPartOf":{"@id":"https:\/\/aktialiiga.fi\/miehet\/#website"},"primaryImageOfPage":{"@id":"https:\/\/aktialiiga.fi\/miehet\/2017-2018\/ennakot-2017-2018\/cocks-ja-grifk-kolmannessa-valierassa-maanantaina\/#primaryimage"},"image":{"@id":"https:\/\/aktialiiga.fi\/miehet\/2017-2018\/ennakot-2017-2018\/cocks-ja-grifk-kolmannessa-valierassa-maanantaina\/#primaryimage"},"thumbnailUrl":"https:\/\/i0.wp.com\/aktialiiga.fi\/miehet\/wp-content\/uploads\/sites\/5\/2017\/11\/tamminen_teemu_cocks_1718.jpg?fit=711%2C320&ssl=1","datePublished":"2018-04-22T19:29:27+00:00","dateModified":"2018-04-23T11:30:37+00:00","breadcrumb":{"@id":"https:\/\/aktialiiga.fi\/miehet\/2017-2018\/ennakot-2017-2018\/cocks-ja-grifk-kolmannessa-valierassa-maanantaina\/#breadcrumb"},"inLanguage":"fi","potentialAction":[{"@type":"ReadAction","target":["https:\/\/aktialiiga.fi\/miehet\/2017-2018\/ennakot-2017-2018\/cocks-ja-grifk-kolmannessa-valierassa-maanantaina\/"]}]},{"@type":"ImageObject","inLanguage":"fi","@id":"https:\/\/aktialiiga.fi\/miehet\/2017-2018\/ennakot-2017-2018\/cocks-ja-grifk-kolmannessa-valierassa-maanantaina\/#primaryimage","url":"https:\/\/i0.wp.com\/aktialiiga.fi\/miehet\/wp-content\/uploads\/sites\/5\/2017\/11\/tamminen_teemu_cocks_1718.jpg?fit=711%2C320&ssl=1","contentUrl":"https:\/\/i0.wp.com\/aktialiiga.fi\/miehet\/wp-content\/uploads\/sites\/5\/2017\/11\/tamminen_teemu_cocks_1718.jpg?fit=711%2C320&ssl=1","width":711,"height":320,"caption":"Teemu Tamminen, Cocks K\u00e4sipallo SM-liiga Cocks - BK-46 ottelussa Riihim\u00e4en Urheilutalolla 1. lokakuuta 2017. (Newspix24\/Kalle Parkkinen)"},{"@type":"BreadcrumbList","@id":"https:\/\/aktialiiga.fi\/miehet\/2017-2018\/ennakot-2017-2018\/cocks-ja-grifk-kolmannessa-valierassa-maanantaina\/#breadcrumb","itemListElement":[{"@type":"ListItem","position":1,"name":"Etusivu","item":"https:\/\/aktialiiga.fi\/miehet\/"},{"@type":"ListItem","position":2,"name":"Cocks ja GrIFK kolmannessa v\u00e4lier\u00e4ss\u00e4 maanantaina"}]},{"@type":"WebSite","@id":"https:\/\/aktialiiga.fi\/miehet\/#website","url":"https:\/\/aktialiiga.fi\/miehet\/","name":"K\u00e4sipallon miesten Aktialiiga","description":"Valtakunnan vauhdikkainta palloilua!","publisher":{"@id":"https:\/\/aktialiiga.fi\/miehet\/#organization"},"potentialAction":[{"@type":"SearchAction","target":{"@type":"EntryPoint","urlTemplate":"https:\/\/aktialiiga.fi\/miehet\/?s={search_term_string}"},"query-input":{"@type":"PropertyValueSpecification","valueRequired":true,"valueName":"search_term_string"}}],"inLanguage":"fi"},{"@type":"Organization","@id":"https:\/\/aktialiiga.fi\/miehet\/#organization","name":"K\u00e4sipallon miesten Aktialiiga","url":"https:\/\/aktialiiga.fi\/miehet\/","logo":{"@type":"ImageObject","inLanguage":"fi","@id":"https:\/\/aktialiiga.fi\/miehet\/#\/schema\/logo\/image\/","url":"https:\/\/i0.wp.com\/aktialiiga.fi\/miehet\/wp-content\/uploads\/sites\/5\/2024\/09\/Aktialiiga-Yoast-512.png?fit=512%2C512&ssl=1","contentUrl":"https:\/\/i0.wp.com\/aktialiiga.fi\/miehet\/wp-content\/uploads\/sites\/5\/2024\/09\/Aktialiiga-Yoast-512.png?fit=512%2C512&ssl=1","width":512,"height":512,"caption":"K\u00e4sipallon miesten Aktialiiga"},"image":{"@id":"https:\/\/aktialiiga.fi\/miehet\/#\/schema\/logo\/image\/"},"sameAs":["https:\/\/www.facebook.com\/finnhandball","https:\/\/x.com\/finnhandball","https:\/\/www.instagram.com\/handballfinland\/"]},{"@type":"Person","@id":"https:\/\/aktialiiga.fi\/miehet\/#\/schema\/person\/c14bf42f47041db74603c45afcb18d87","name":"tbrmedia","image":{"@type":"ImageObject","inLanguage":"fi","@id":"https:\/\/secure.gravatar.com\/avatar\/ee975fa091fe581d12b60debb3439022686618368a7c142044c56724d4666b16?s=96&d=mm&r=g","url":"https:\/\/secure.gravatar.com\/avatar\/ee975fa091fe581d12b60debb3439022686618368a7c142044c56724d4666b16?s=96&d=mm&r=g","contentUrl":"https:\/\/secure.gravatar.com\/avatar\/ee975fa091fe581d12b60debb3439022686618368a7c142044c56724d4666b16?s=96&d=mm&r=g","caption":"tbrmedia"}}]}},"jetpack_featured_media_url":"https:\/\/i0.wp.com\/aktialiiga.fi\/miehet\/wp-content\/uploads\/sites\/5\/2017\/11\/tamminen_teemu_cocks_1718.jpg?fit=711%2C320&ssl=1","jetpack_sharing_enabled":true,"jetpack_shortlink":"https:\/\/wp.me\/pfTxOr-5ba","_links":{"self":[{"href":"https:\/\/aktialiiga.fi\/miehet\/wp-json\/wp\/v2\/posts\/19912","targetHints":{"allow":["GET"]}}],"collection":[{"href":"https:\/\/aktialiiga.fi\/miehet\/wp-json\/wp\/v2\/posts"}],"about":[{"href":"https:\/\/aktialiiga.fi\/miehet\/wp-json\/wp\/v2\/types\/post"}],"author":[{"embeddable":true,"href":"https:\/\/aktialiiga.fi\/miehet\/wp-json\/wp\/v2\/users\/13"}],"replies":[{"embeddable":true,"href":"https:\/\/aktialiiga.fi\/miehet\/wp-json\/wp\/v2\/comments?post=19912"}],"version-history":[{"count":0,"href":"https:\/\/aktialiiga.fi\/miehet\/wp-json\/wp\/v2\/posts\/19912\/revisions"}],"wp:featuredmedia":[{"embeddable":true,"href":"https:\/\/aktialiiga.fi\/miehet\/wp-json\/wp\/v2\/media\/18319"}],"wp:attachment":[{"href":"https:\/\/aktialiiga.fi\/miehet\/wp-json\/wp\/v2\/media?parent=19912"}],"wp:term":[{"taxonomy":"category","embeddable":true,"href":"https:\/\/aktialiiga.fi\/miehet\/wp-json\/wp\/v2\/categories?post=19912"},{"taxonomy":"post_tag","embeddable":true,"href":"https:\/\/aktialiiga.fi\/miehet\/wp-json\/wp\/v2\/tags?post=19912"}],"curies":[{"name":"wp","href":"https:\/\/api.w.org\/{rel}","templated":true}]}}